{"id":9826,"date":"2024-09-21T15:48:39","date_gmt":"2024-09-21T12:48:39","guid":{"rendered":"https:\/\/haberkuzey.com\/index.php\/2024\/09\/21\/tc-cumhurbaskani-erdogan-bm-genel-kuruluna-katilmak-uzere-abdye-gitti\/"},"modified":"2024-09-21T15:48:39","modified_gmt":"2024-09-21T12:48:39","slug":"tc-cumhurbaskani-erdogan-bm-genel-kuruluna-katilmak-uzere-abdye-gitti","status":"publish","type":"post","link":"https:\/\/haberkuzey.com\/index.php\/2024\/09\/21\/tc-cumhurbaskani-erdogan-bm-genel-kuruluna-katilmak-uzere-abdye-gitti\/","title":{"rendered":"TC Cumhurba\u015fkan\u0131 Erdo\u011fan BM Genel Kurulu\u2019na kat\u0131lmak \u00fczere ABD\u2019ye gitti"},"content":{"rendered":"<div>\n<div class=\"mariselle-image-container center\">\n                                            <\/div>\n<p>T\u00fcrkiye Cumhuriyeti Cumhurba\u015fkan\u0131 Recep Tayyip Erdo\u011fan, Birle\u015fmi\u015f Milletler (BM) 79. Genel Kurulu\u2019na kat\u0131lmak \u00fczere ABD\u2019ye hareket etti.<\/p>\n<p>Erdo\u011fan, \u201cCAN\u201d u\u00e7a\u011f\u0131yla saat 14.10\u2019da Atat\u00fcrk Havaliman\u0131\u2019ndan ABD\u2019nin New York kentine hareket etti.<\/p>\n<p>Cumhurba\u015fkan\u0131 Erdo\u011fan\u2019a e\u015fi Emine Erdo\u011fan, T\u00fcrkiye Aile ve Sosyal Hizmetler Bakan\u0131 Mahinur \u00d6zdemir G\u00f6kta\u015f, D\u0131\u015fi\u015fleri Bakan\u0131 Hakan Fidan, Enerji ve Tabii Kaynaklar Bakan\u0131 Alparslan Bayraktar, Hazine ve Maliye Bakan\u0131 Mehmet \u015eim\u015fek, Sanayi ve Teknoloji Bakan\u0131 Mehmet Fatih Kac\u0131r, Ticaret Bakan\u0131 \u00d6mer Bolat, Milli \u0130stihbarat Te\u015fkilat\u0131 (M\u0130T) Ba\u015fkan\u0131 \u0130brahim Kal\u0131n, Cumhurba\u015fkanl\u0131\u011f\u0131 \u0130leti\u015fim Ba\u015fkan\u0131 Fahrettin Altun, Cumhurba\u015fkan\u0131 D\u0131\u015f Politika ve G\u00fcvenlik Ba\u015fdan\u0131\u015fman\u0131 Akif \u00c7a\u011fatay K\u0131l\u0131\u00e7 ve baz\u0131 yetkililer e\u015flik etti.<\/p>\n<p>Erdo\u011fan, ziyaret \u00f6ncesi Atat\u00fcrk Havaliman\u0131 Devlet Konukevi\u2019nde d\u00fczenlenen bas\u0131n toplant\u0131s\u0131nda konu\u015ftu.<\/p>\n<p>\u2013 \u201cZirveye hitab\u0131mda Birle\u015fmi\u015f Milletler G\u00fcvenlik Konseyi ve uluslararas\u0131 finans mimarisi ba\u015fta olmak \u00fczere k\u00fcresel y\u00f6neti\u015fim mekanizmas\u0131n\u0131n reform ihtiyac\u0131na yine dikkat \u00e7ekece\u011fim\u201d<\/p>\n<p>T\u00fcrkiye Cumhurba\u015fkan\u0131 Recep Tayyip Erdo\u011fan, burada yapt\u0131\u011f\u0131 a\u00e7\u0131klamada, 24 Eyl\u00fcl Sal\u0131 g\u00fcn\u00fc Birle\u015fmi\u015f Milletler Genel Kurulu\u2019na hitap edece\u011fini belirterek, \u201c\u0130n\u015fallah burada b\u00f6lgemizin ve insanl\u0131\u011f\u0131n g\u00fcndeminde yer alan hususlarla ilgili kanaatlerimizi payla\u015faca\u011f\u0131z. \u00d6zellikle Gazze\u2019deki soyk\u0131r\u0131ma ve \u0130srail\u2019in sald\u0131rgan politikalar\u0131na kar\u015f\u0131 at\u0131labilecek ortak ad\u0131mlara temas edece\u011fim.\u201d dedi.<\/p>\n<p>Amerika Birle\u015fik Devletleri\u2019nde yo\u011fun bir toplant\u0131 ve g\u00f6r\u00fc\u015fme trafi\u011fi olaca\u011f\u0131n\u0131 belirten Erdo\u011fan, bu y\u0131l genel kurulun en dikkat \u00e7ekici etkinli\u011finin BM Genel Sekreterinin ev sahipli\u011finde tertiplenecek \u201cGelece\u011fin Zirvesi\u201d oldu\u011funu s\u00f6yledi.<\/p>\n<p>Erdo\u011fan, 23 Eyl\u00fcl\u2019de ger\u00e7ekle\u015ftirilecek zirvede \u00e7ok tarafl\u0131 sisteme y\u00f6nelik meydan okumalar kar\u015f\u0131s\u0131nda ortak \u00e7\u00f6z\u00fcmler \u00fcretilmesi hedeflendi\u011fini kaydederek, \u015f\u00f6yle devam etti:<\/p>\n<p>\u201cZirveye hitab\u0131mda Birle\u015fmi\u015f Milletler G\u00fcvenlik Konseyi ve uluslararas\u0131 finans mimarisi ba\u015fta olmak \u00fczere k\u00fcresel y\u00f6neti\u015fim mekanizmas\u0131n\u0131n reform ihtiyac\u0131na yine dikkat \u00e7ekece\u011fim. Daha kapsay\u0131c\u0131, adil ve etkili bir yap\u0131lanmaya duyulan gereklili\u011fin alt\u0131n\u0131 \u00e7izece\u011fim. T\u00fcrkiye\u2019nin bu y\u00f6ndeki \u00e7abalara dair katk\u0131 ve deste\u011fini beyan edece\u011fim. Bu y\u0131l ki genel kurul g\u00f6r\u00fc\u015fmeleri ise hi\u00e7 kimseyi geride b\u0131rakmamak temas\u0131 alt\u0131nda yap\u0131l\u0131yor. G\u00f6r\u00fc\u015fmelerin ilk g\u00fcn\u00fcnde 24 Eyl\u00fcl Sal\u0131 g\u00fcn\u00fc Birle\u015fmi\u015f Milletler Genel Kurulu\u2019na hitap edece\u011fim. \u0130n\u015fallah burada b\u00f6lgemizin ve insanl\u0131\u011f\u0131n g\u00fcndeminde yer alan hususlarla ilgili kanaatlerimizi payla\u015faca\u011f\u0131z. \u00d6zellikle Gazze\u2019deki soyk\u0131r\u0131ma ve \u0130srail\u2019in sald\u0131rgan politikalar\u0131na kar\u015f\u0131 at\u0131labilecek ortak ad\u0131mlara temas edece\u011fim.\u201d<\/p>\n<p>\u2013 \u201cKal\u0131c\u0131 ate\u015fkesin tesisi i\u00e7in \u00f6zellikle Birle\u015fmi\u015f Milletlere \u00f6nemli g\u00f6revler d\u00fc\u015f\u00fcyor\u201d<\/p>\n<p>Cumhurba\u015fkan\u0131 Erdo\u011fan, yakla\u015fan k\u0131\u015f mevsiminin Gazzeli karde\u015flerinin ya\u015fad\u0131\u011f\u0131 zorluklar\u0131 daha da a\u011f\u0131rla\u015ft\u0131raca\u011f\u0131n\u0131 belirterek, a\u00e7l\u0131k, susuzluk, temel g\u0131da ve t\u0131bbi malzeme eksikli\u011finin sahadaki durumu giderek k\u00f6t\u00fcle\u015ftirdi\u011fini kaydetti.<\/p>\n<p>\u0130srail h\u00fck\u00fcmetinin bir nevi Nazi imha kamplar\u0131na \u00e7evirdi\u011fi Gazze\u2019deki 2 milyonu a\u015fk\u0131n insan\u0131 ya bombalarla ya da a\u00e7l\u0131k ve susuzlukla katletti\u011fini vurgulayan Erdo\u011fan, \u015f\u00f6yle konu\u015ftu:<\/p>\n<p>\u201cNeredeyse bir y\u0131ld\u0131r devam eden bu zulm\u00fcn sona ermesi, kal\u0131c\u0131 ate\u015fkesin tesisi ve insani yard\u0131mlar\u0131n engelsiz ak\u0131\u015f\u0131 i\u00e7in hepimize, t\u00fcm d\u00fcnyaya, \u00f6zellikle Birle\u015fmi\u015f Milletlere \u00f6nemli g\u00f6revler d\u00fc\u015f\u00fcyor. Ziyaretimizde bunlar\u0131 bir kez daha muhataplar\u0131m\u0131za hat\u0131rlataca\u011f\u0131z. \u0130lk g\u00fcnden beri \u0130srail\u2019in hedefinin sadece Gazze olmad\u0131\u011f\u0131n\u0131 s\u00f6ylemi\u015ftim. L\u00fcbnan\u2019a y\u00f6nelik son g\u00fcnlerde yap\u0131lan sald\u0131r\u0131lar, \u0130srail y\u00f6netiminin sava\u015f\u0131 b\u00f6lgeye yayma planlar\u0131na dair endi\u015felerimizi hakl\u0131 \u00e7\u0131kard\u0131. Netanyahu ve \u015febekesi radikal siyonist ideolojilerini hayata ge\u00e7irmek i\u00e7in her t\u00fcrl\u00fc provokasyona, her t\u00fcrl\u00fc tahrike ba\u015fvurmaktad\u0131r. \u0130lk k\u0131blemiz Mescid-i Aksa\u2019ya y\u00f6nelik artan sald\u0131r\u0131lar ve tacizler de ayn\u0131 kirli senaryonun birer par\u00e7as\u0131d\u0131r.\u201d<\/p>\n<p>T\u00fcrkiye olarak bu konudaki hassasiyetlerinin hangi seviyede oldu\u011funu daha \u00f6nce defalarca ifade ettiklerini belirten Erdo\u011fan, \u015funlar\u0131 kaydetti:<\/p>\n<p>\u201cBug\u00fcn de ayn\u0131 yerdeyiz. B\u00f6lgemizin b\u00fcy\u00fck bir felakete s\u00fcr\u00fcklenmemesi i\u00e7in \u0130srail \u00fczerindeki bask\u0131lar\u0131n daha da art\u0131r\u0131lmas\u0131 gerekiyor. Genel kurul marj\u0131nda Birle\u015fmi\u015f Milletler Genel Sekreteri\u2019nin yan\u0131 s\u0131ra \u00e7ok say\u0131da \u00fclkeden mevkida\u015flar\u0131mla T\u00fcrkevi\u2019nde g\u00f6r\u00fc\u015fmelerim olacak. B\u00fct\u00fcn bunlarla beraber bu ikili g\u00f6r\u00fc\u015fmeler yan\u0131nda yine bizlerden randevu talebinde bulunan devlet ba\u015fkanlar\u0131yla h\u00fck\u00fcmet temsilcileriyle g\u00f6r\u00fc\u015fmelerimi s\u00fcrd\u00fcrece\u011fim. Ziyaretimizde Amerika\u2019da ya\u015fayan vatanda\u015flar\u0131m\u0131zla da bir araya gelece\u011fiz. D\u00fc\u015f\u00fcnce kurulu\u015fu temsilcileri ve Amerikan i\u015f d\u00fcnyas\u0131n\u0131n se\u00e7kin \u00fcyeleriyle de temaslar\u0131m\u0131z olacak. Ziyaretimizin ve bu \u00e7er\u00e7evede yapaca\u011f\u0131m\u0131z g\u00f6r\u00fc\u015fmelerin, \u00fclkemiz, milletimiz ve t\u00fcm insanl\u0131k i\u00e7in hay\u0131rlara vesile olmas\u0131n\u0131 diliyorum.\u201d<\/p>\n<p>\u2013 \u201c(\u0130srail\u2019in L\u00fcbnan\u2019a siber sald\u0131r\u0131lar\u0131) \u0130srail bir kez daha maalesef devlet gibi de\u011fil, bir ter\u00f6r \u00f6rg\u00fct\u00fc gibi sald\u0131r\u0131lar d\u00fczenliyor \u201d<\/p>\n<p>Erdo\u011fan, \u0130srail\u2019in L\u00fcbnan\u2019a d\u00fczenledi\u011fi siber sald\u0131r\u0131larla ilgili, \u201c\u0130srail bir kez daha maalesef devlet gibi de\u011fil, bir ter\u00f6r \u00f6rg\u00fct\u00fc gibi sald\u0131r\u0131lar d\u00fczenliyor. \u00d6zellikle bu dijital sald\u0131r\u0131lar\u0131 \u015fu anda devreye alm\u0131\u015f olmas\u0131 bunun \u00e7ok a\u00e7\u0131k net ifadesidir. \u0130srail bu sald\u0131r\u0131yla sivil hassasiyetlerinin bulunmad\u0131\u011f\u0131n\u0131 kendi bu nefret edici emellerine ula\u015fmak i\u00e7in de her yolu deneyebilece\u011fini a\u00e7\u0131k ve ortaya koymu\u015ftur.\u201d dedi.<\/p>\n<p>Bir gazetecinin \u0130srail\u2019in L\u00fcbnan\u2019a yapt\u0131\u011f\u0131 siber sald\u0131r\u0131larla ilgili de\u011ferlendirmesini sormas\u0131 \u00fczerine Erdo\u011fan, \u015funlar\u0131 s\u00f6yledi:<\/p>\n<p>\u201cTabii \u0130srail bir kez daha maalesef devlet gibi de\u011fil, bir ter\u00f6r \u00f6rg\u00fct\u00fc gibi sald\u0131r\u0131lar d\u00fczenliyor. \u00d6zellikle bu dijital sald\u0131r\u0131lar\u0131 \u015fu anda devreye alm\u0131\u015f olmas\u0131, bunun \u00e7ok a\u00e7\u0131k net ifadesidir. \u0130srail bu sald\u0131r\u0131yla sivil hassasiyetlerinin bulunmad\u0131\u011f\u0131n\u0131, kendi bu nefret edici emellerine ula\u015fmak i\u00e7in de her yolu deneyebilece\u011fini a\u00e7\u0131k ve ortaya koymu\u015ftur. Bu sald\u0131r\u0131n\u0131n ba\u015fka bir anlam\u0131 da bizim t\u00fcm ikazlar\u0131m\u0131za ra\u011fmen, baz\u0131 bat\u0131l\u0131 \u00fclkelerin de desteklerini yan\u0131na alarak, \u0130srail\u2019in \u00e7at\u0131\u015fmalar\u0131 L\u00fcbnan ve b\u00f6lge geneline maalesef yay\u0131lmaktad\u0131r.\u201d<\/p>\n<p>Erdo\u011fan, de\u011ferli dostu Necib Mikati evvelsi g\u00fcn yapt\u0131klar\u0131 g\u00f6r\u00fc\u015fmede, \u015fu anda \u00e7ok \u00e7ok ciddi s\u0131k\u0131nt\u0131lar i\u00e7erisinde olduklar\u0131n\u0131 ifade etti\u011fini belirterek, \u201cBu konuda da bizler neler yapabilece\u011fimiz veya neler yapabiliriz? Bunlar\u0131 kendisiyle konu\u015ftum.\u201d dedi.<\/p>\n<p>\u015eu anda b\u00f6lgenin a\u00e7\u0131klanamayacak derecede b\u00fcy\u00fck bir krizle kar\u015f\u0131 kar\u015f\u0131ya oldu\u011funu ifade eden Erdo\u011fan, s\u00f6zlerini \u015f\u00f6yle s\u00fcrd\u00fcrd\u00fc:<\/p>\n<p>\u201cTabii bir\u00e7ok \u015feyler s\u00f6yleniyor. \u0130\u015fte \u015fu an itibariyle L\u00fcbnan \u00f6zellikle bu \u0130srail\u2019e kar\u015f\u0131 ne yapabilir? Tabii (L\u00fcbnan Ba\u015fbakan\u0131) Mikati\u2019nin \u015feyi bize ne gibi destekleriniz olabilir? Ne gibi yard\u0131mlar\u0131n\u0131z olabilir? Biz sizlerden bunu bekliyoruz ve Birle\u015fmi\u015f Milletler\u2019e gelme noktas\u0131nda da \u2018Bu sene herhalde gelemeyece\u011fim.\u2019 ifadesini kulland\u0131. Tabii bat\u0131l\u0131 \u00fclkeler ba\u015fta olmak \u00fczere uluslararas\u0131 toplum \u0130srail\u2019in bu canice eylemlerini seyretmeyi b\u0131rakmal\u0131 ve cayd\u0131r\u0131c\u0131 ad\u0131mlar\u0131 atmal\u0131d\u0131r. D\u00fcnya bar\u0131\u015f\u0131n\u0131 koruma misyonuna sahip b\u00fct\u00fcn \u00fclkelerin \u0130srail\u2019i durduracak \u00e7\u00f6z\u00fcmleri ortaya koymas\u0131n\u0131n vakti geldi ve ge\u00e7iyor. \u0130nsanl\u0131\u011f\u0131 kaybedecek bir g\u00fcn\u00fc dahi kalmam\u0131\u015ft\u0131r. Di\u011fer taraftan L\u00fcbnan\u2019da d\u00fczenlenen sald\u0131r\u0131, milli teknolojilerin sadece savunma sanayi alan\u0131nda de\u011fil \u00e7ok daha geni\u015f bir \u00e7er\u00e7evede ne kadar \u00f6nemli oldu\u011funu ortaya koymu\u015ftur. Biz de tabii bu geli\u015fmeler kar\u015f\u0131s\u0131nda \u00e7ok daha farkl\u0131 tedbirler almak suretiyle \u015fu anda b\u00fct\u00fcn imkanlar\u0131m\u0131z\u0131 seferber etmi\u015f durumday\u0131z.\u201d<\/p>\n<p>\u2013 \u201cSuriye\u2019deki gerilimin art\u0131k sona ermesi gerekti\u011fini a\u00e7\u0131k ve net ortaya koyaca\u011f\u0131z\u201d<\/p>\n<p>\u201cSuriye\u2019yle bir s\u00fcredir temas devam ediyor. \u00d6zellikle b\u00f6lgede gerilimin bu kadar artt\u0131\u011f\u0131 bir d\u00f6nemde di\u011fer \u00fclkelerle diyalog konusu daha da \u00f6nemli hale geldi. Bu temas konusunda hangi a\u015famaday\u0131z? Yak\u0131nda bir g\u00f6r\u00fc\u015fme olabilir mi?\u201d sorusuna Erdo\u011fan, \u201c\u0130\u015fte \u00f6zellikle T\u00fcrkevi, in\u015fallah bu defa \u00e7ok farkl\u0131 g\u00f6r\u00fc\u015fmelere \u00e7ok farkl\u0131 ili\u015fkilere vesile olacakt\u0131r. Bunun i\u00e7in T\u00fcrkevi\u2019nde yapaca\u011f\u0131m g\u00f6r\u00fc\u015fmeler ve T\u00fcrkevi\u2019nde yap\u0131lacak b\u00fct\u00fcn de\u011fi\u015fik \u00fclkelerden liderlerle g\u00f6r\u00fc\u015fmeler, in\u015fallah bunlar\u0131n ad\u0131mlar\u0131n\u0131 att\u0131\u011f\u0131m\u0131z bir merkez haline evimizi d\u00f6n\u00fc\u015ft\u00fcrecektir.\u201d yan\u0131t\u0131n\u0131 verdi.<\/p>\n<p>T\u00fcrkiye Cumhurba\u015fkan\u0131 Erdo\u011fan, \u015f\u00f6yle devam etti:<\/p>\n<p>\u201cSuriye\u2019deki gerilimin art\u0131k sona ermesi gerekti\u011fini, oradaki istikrars\u0131zl\u0131\u011f\u0131n ba\u015fta ter\u00f6r \u00f6rg\u00fctleri olmak \u00fczere, tabii \u0130srail\u2019in bir devlet ter\u00f6r\u00fc estirdi\u011fini \u00e7ok a\u00e7\u0131k net ortaya koyaca\u011f\u0131z. Bu art\u0131k s\u0131radan bir basit ter\u00f6r de\u011fil, devlet ter\u00f6r\u00fc. Bunu bug\u00fcne kadar \u00e7ok kez tekrar ettik, s\u00f6yledik ama baz\u0131lar\u0131 hala \u00f6zellikle Bat\u0131l\u0131 \u00fclkeler bunu anlamamakta \u0131srar ediyor. Biz de s\u00f6ylemekte \u0131srar edece\u011fiz ve bunu \u00f6zellikle de in\u015fallah Birle\u015fmi\u015f Milletler\u2019deki konu\u015fmamda ifade edece\u011fim. Bu gerginli\u011fin sona ermesi, Suriye topraklar\u0131n\u0131n tamam\u0131nda huzur ve istikrar\u0131n sa\u011flanmas\u0131 i\u00e7in T\u00fcrkiye ve Suriye\u2019nin birlikte atabilece\u011fi ad\u0131mlar, \u015eam y\u00f6netimini muhaliflerin bir s\u00fcredir Suriye\u2019de \u00e7at\u0131\u015fmas\u0131zl\u0131\u011f\u0131n sa\u011flad\u0131\u011f\u0131n\u0131 g\u00f6r\u00fcyoruz. Bu durum kal\u0131c\u0131 \u00e7\u00f6z\u00fcm i\u00e7in etkin bir kap\u0131 aralamak ad\u0131na elveri\u015fli bir ortam sa\u011fl\u0131yor. Suriye d\u0131\u015f\u0131nda milyonlarca insan vatanlar\u0131na d\u00f6nmek i\u00e7in bekliyor. Biz bu konuda \u00e7a\u011fr\u0131m\u0131z\u0131 yapt\u0131k. T\u00fcrkiye ile Suriye aras\u0131ndaki ili\u015fkilerin normalle\u015ftirilmesi i\u00e7in Be\u015far Esad ile g\u00f6r\u00fc\u015fme irademizi de ortaya koyduk. Biz \u015fimdi kar\u015f\u0131 taraftan cevap bekliyoruz. Biz buna haz\u0131r\u0131z. Halk\u0131 M\u00fcsl\u00fcman iki \u00fclke olarak art\u0131k bu birlikteli\u011fi, bu beraberli\u011fi bir an \u00f6nce ger\u00e7ekle\u015ftirelim istiyoruz. \u0130ki \u00fclke ili\u015fkilerinde yeni bir d\u00f6nem de b\u00f6ylesi bir g\u00f6r\u00fc\u015fme neticesinde in\u015fallah ba\u015flar diye inan\u0131yorum.\u201d<\/p>\n<p>\u2013 \u201cSay\u0131n Biden ile hen\u00fcz planlad\u0131\u011f\u0131m\u0131z bir ikili g\u00f6r\u00fc\u015fmemiz yok\u201d<\/p>\n<p>Erdo\u011fan, ABD Ba\u015fkan\u0131 Joe Biden ile ikili g\u00f6r\u00fc\u015fme ger\u00e7ekle\u015ftirilip ger\u00e7ekle\u015ftirilmeyece\u011fine dair soruyu, \u015f\u00f6yle yan\u0131tlad\u0131:<\/p>\n<p>\u201cBirle\u015fmi\u015f Milletler Genel Kurulu\u2019na kat\u0131lmak i\u00e7in ajandam\u0131z dolu dolu gidiyoruz. Orada sadece Biden de\u011fil, bir\u00e7ok d\u00fcnya lideri olacak. \u015eu an itibariyle Biden\u2019la bir g\u00f6r\u00fc\u015fme var m\u0131 yok mu hen\u00fcz bu kesinle\u015fmi\u015f de\u011fil. Ana g\u00fcndemimiz Birle\u015fmi\u015f Milletler\u2019in Genel Kurulu ve oradaki temaslar. Fakat, Biden veya daha ba\u015fka s\u00fcrpriz g\u00f6r\u00fc\u015fmeler nerede, nas\u0131l olur bunlar\u0131n hepsini oradaki geli\u015fmelerle ele alaca\u011f\u0131z. Gerek T\u00fcrkevi\u2019nde, gerek Birle\u015fmi\u015f Milletler binas\u0131nda yo\u011fun bir g\u00f6r\u00fc\u015fme trafi\u011fimiz olacak. Kat\u0131laca\u011f\u0131m\u0131z toplant\u0131lar planlanm\u0131\u015f durumda. Bu trafik i\u00e7erisinde Say\u0131n Biden ile hen\u00fcz planlad\u0131\u011f\u0131m\u0131z bir ikili g\u00f6r\u00fc\u015fmemiz yok. Ancak \u00e7e\u015fitli vesilelerle bir araya gelebiliriz, gelece\u011fiz.\u201d<\/p>\n<p>Erdo\u011fan, s\u00f6zlerini \u015fu \u015fekilde s\u00fcrd\u00fcrd\u00fc:<\/p>\n<p>\u201cBiz, Birle\u015fmi\u015f Milletler\u2019de g\u00f6r\u00fc\u015fece\u011fimiz t\u00fcm liderlerle ba\u015fta Gazze olmak \u00fczere Filistin topraklar\u0131nda akan kan\u0131 durdurmay\u0131 ele alaca\u011f\u0131z. Filistin ile birlikte t\u00fcm \u00e7at\u0131\u015fma b\u00f6lgelerinde ya\u015fananlar\u0131 ve ne yap\u0131lmas\u0131 gerekti\u011fini de\u011ferlendirece\u011fiz. \u00c7\u00fcnk\u00fc insanlar \u00e7ocuk, kad\u0131n, ya\u015fl\u0131\u2026 \u00d6l\u00fcyor. Art\u0131k rakam 45 binin \u00fczerine \u00e7\u0131kt\u0131. Bu yenilir, yutulur, bir geli\u015fme de\u011fil. \u0130n\u015fallah T\u00fcrkiye olarak bug\u00fcne kadar bu m\u00fccadeleyi nas\u0131l vermi\u015fsek, \u00f6zellikle d\u00fcnya Siyonizminin \u015fu anda Orta Do\u011fu\u2019da estirdi\u011fi, bu ne yaz\u0131k ki \u00f6l\u00fcm f\u0131rt\u0131nas\u0131na kar\u015f\u0131, T\u00fcrkiye olarak biz neler yapabiliriz bunun gayreti i\u00e7erisinde olaca\u011f\u0131z. Bunun \u00e7al\u0131\u015fmalar\u0131n\u0131 \u015fahs\u0131m, arkada\u015flar\u0131m t\u00fcm bakanlar\u0131m\u0131zla birlikte ele alaca\u011f\u0131z ve elimizden ne geliyorsa bunu yapaca\u011f\u0131z.\u201d<\/p>\n<\/p><\/div>\n<p><script async\n                    defer\n                    crossorigin=\"anonymous\"\n                    src=\"https:\/\/connect.facebook.net\/tr_TR\/sdk.js#xfbml=1&#038;version=v3.3\"\n            ><\/script><\/p>\n","protected":false},"excerpt":{"rendered":"<p>T\u00fcrkiye Cumhuriyeti Cumhurba\u015fkan\u0131 Recep Tayyip Erdo\u011fan, Birle\u015fmi\u015f Milletler (BM) 79. Genel Kurulu\u2019na kat\u0131lmak \u00fczere ABD\u2019ye hareket etti. Erdo\u011fan, \u201cCAN\u201d u\u00e7a\u011f\u0131yla saat 14.10\u2019da Atat\u00fcrk Havaliman\u0131\u2019ndan ABD\u2019nin New York kentine hareket etti. Cumhurba\u015fkan\u0131 Erdo\u011fan\u2019a e\u015fi Emine Erdo\u011fan, T\u00fcrkiye Aile ve Sosyal Hizmetler Bakan\u0131 Mahinur \u00d6zdemir G\u00f6kta\u015f, D\u0131\u015fi\u015fleri Bakan\u0131 Hakan Fidan, Enerji ve Tabii Kaynaklar Bakan\u0131 Alparslan Bayraktar, [&hellip;]<\/p>\n","protected":false},"author":1,"featured_media":9827,"comment_status":"open","ping_status":"open","sticky":false,"template":"","format":"standard","meta":{"jnews-multi-image_gallery":[],"jnews_single_post":[],"jnews_primary_category":[],"footnotes":""},"categories":[2],"tags":[],"class_list":["post-9826","post","type-post","status-publish","format-standard","has-post-thumbnail","hentry","category-dunya"],"yoast_head":"<!-- This site is optimized with the Yoast SEO plugin v27.4 - https:\/\/yoast.com\/product\/yoast-seo-wordpress\/ -->\n<title>TC Cumhurba\u015fkan\u0131 Erdo\u011fan BM Genel Kurulu\u2019na kat\u0131lmak \u00fczere ABD\u2019ye gitti - Haber Kuzey<\/title>\n<meta name=\"robots\" content=\"index, follow, max-snippet:-1, max-image-preview:large, max-video-preview:-1\" \/>\n<link rel=\"canonical\" href=\"https:\/\/haberkuzey.com\/index.php\/2024\/09\/21\/tc-cumhurbaskani-erdogan-bm-genel-kuruluna-katilmak-uzere-abdye-gitti\/\" \/>\n<meta property=\"og:locale\" content=\"tr_TR\" \/>\n<meta property=\"og:type\" content=\"article\" \/>\n<meta property=\"og:title\" content=\"TC Cumhurba\u015fkan\u0131 Erdo\u011fan BM Genel Kurulu\u2019na kat\u0131lmak \u00fczere ABD\u2019ye gitti - Haber Kuzey\" \/>\n<meta property=\"og:description\" content=\"T\u00fcrkiye Cumhuriyeti Cumhurba\u015fkan\u0131 Recep Tayyip Erdo\u011fan, Birle\u015fmi\u015f Milletler (BM) 79. Genel Kurulu\u2019na kat\u0131lmak \u00fczere ABD\u2019ye hareket etti. Erdo\u011fan, \u201cCAN\u201d u\u00e7a\u011f\u0131yla saat 14.10\u2019da Atat\u00fcrk Havaliman\u0131\u2019ndan ABD\u2019nin New York kentine hareket etti. Cumhurba\u015fkan\u0131 Erdo\u011fan\u2019a e\u015fi Emine Erdo\u011fan, T\u00fcrkiye Aile ve Sosyal Hizmetler Bakan\u0131 Mahinur \u00d6zdemir G\u00f6kta\u015f, D\u0131\u015fi\u015fleri Bakan\u0131 Hakan Fidan, Enerji ve Tabii Kaynaklar Bakan\u0131 Alparslan Bayraktar, [&hellip;]\" \/>\n<meta property=\"og:url\" content=\"https:\/\/haberkuzey.com\/index.php\/2024\/09\/21\/tc-cumhurbaskani-erdogan-bm-genel-kuruluna-katilmak-uzere-abdye-gitti\/\" \/>\n<meta property=\"og:site_name\" content=\"Haber Kuzey\" \/>\n<meta property=\"article:published_time\" content=\"2024-09-21T12:48:39+00:00\" \/>\n<meta property=\"og:image\" content=\"https:\/\/brtk.net\/wp-content\/uploads\/2024\/09\/21\/cyede-scaled.jpg?ver=61891564a9531850289ddfce4db5ad31\" \/>\n<meta name=\"author\" content=\"haberkuzey\" \/>\n<meta name=\"twitter:card\" content=\"summary_large_image\" \/>\n<meta name=\"twitter:label1\" content=\"Yazan:\" \/>\n\t<meta name=\"twitter:data1\" content=\"haberkuzey\" \/>\n\t<meta name=\"twitter:label2\" content=\"Tahmini okuma s\u00fcresi\" \/>\n\t<meta name=\"twitter:data2\" content=\"11 dakika\" \/>\n<script type=\"application\/ld+json\" class=\"yoast-schema-graph\">{\"@context\":\"https:\\\/\\\/schema.org\",\"@graph\":[{\"@type\":\"Article\",\"@id\":\"https:\\\/\\\/haberkuzey.com\\\/index.php\\\/2024\\\/09\\\/21\\\/tc-cumhurbaskani-erdogan-bm-genel-kuruluna-katilmak-uzere-abdye-gitti\\\/#article\",\"isPartOf\":{\"@id\":\"https:\\\/\\\/haberkuzey.com\\\/index.php\\\/2024\\\/09\\\/21\\\/tc-cumhurbaskani-erdogan-bm-genel-kuruluna-katilmak-uzere-abdye-gitti\\\/\"},\"author\":{\"name\":\"haberkuzey\",\"@id\":\"https:\\\/\\\/haberkuzey.com\\\/#\\\/schema\\\/person\\\/3372109ec735f9333f4fa47ebb9605ca\"},\"headline\":\"TC Cumhurba\u015fkan\u0131 Erdo\u011fan BM Genel Kurulu\u2019na kat\u0131lmak \u00fczere ABD\u2019ye gitti\",\"datePublished\":\"2024-09-21T12:48:39+00:00\",\"mainEntityOfPage\":{\"@id\":\"https:\\\/\\\/haberkuzey.com\\\/index.php\\\/2024\\\/09\\\/21\\\/tc-cumhurbaskani-erdogan-bm-genel-kuruluna-katilmak-uzere-abdye-gitti\\\/\"},\"wordCount\":2117,\"commentCount\":0,\"image\":{\"@id\":\"https:\\\/\\\/haberkuzey.com\\\/index.php\\\/2024\\\/09\\\/21\\\/tc-cumhurbaskani-erdogan-bm-genel-kuruluna-katilmak-uzere-abdye-gitti\\\/#primaryimage\"},\"thumbnailUrl\":\"https:\\\/\\\/haberkuzey.com\\\/wp-content\\\/uploads\\\/2024\\\/09\\\/cyede-scaled.jpg\",\"articleSection\":[\"D\u00fcnya\"],\"inLanguage\":\"tr\",\"potentialAction\":[{\"@type\":\"CommentAction\",\"name\":\"Comment\",\"target\":[\"https:\\\/\\\/haberkuzey.com\\\/index.php\\\/2024\\\/09\\\/21\\\/tc-cumhurbaskani-erdogan-bm-genel-kuruluna-katilmak-uzere-abdye-gitti\\\/#respond\"]}]},{\"@type\":\"WebPage\",\"@id\":\"https:\\\/\\\/haberkuzey.com\\\/index.php\\\/2024\\\/09\\\/21\\\/tc-cumhurbaskani-erdogan-bm-genel-kuruluna-katilmak-uzere-abdye-gitti\\\/\",\"url\":\"https:\\\/\\\/haberkuzey.com\\\/index.php\\\/2024\\\/09\\\/21\\\/tc-cumhurbaskani-erdogan-bm-genel-kuruluna-katilmak-uzere-abdye-gitti\\\/\",\"name\":\"TC Cumhurba\u015fkan\u0131 Erdo\u011fan BM Genel Kurulu\u2019na kat\u0131lmak \u00fczere ABD\u2019ye gitti - Haber Kuzey\",\"isPartOf\":{\"@id\":\"https:\\\/\\\/haberkuzey.com\\\/#website\"},\"primaryImageOfPage\":{\"@id\":\"https:\\\/\\\/haberkuzey.com\\\/index.php\\\/2024\\\/09\\\/21\\\/tc-cumhurbaskani-erdogan-bm-genel-kuruluna-katilmak-uzere-abdye-gitti\\\/#primaryimage\"},\"image\":{\"@id\":\"https:\\\/\\\/haberkuzey.com\\\/index.php\\\/2024\\\/09\\\/21\\\/tc-cumhurbaskani-erdogan-bm-genel-kuruluna-katilmak-uzere-abdye-gitti\\\/#primaryimage\"},\"thumbnailUrl\":\"https:\\\/\\\/haberkuzey.com\\\/wp-content\\\/uploads\\\/2024\\\/09\\\/cyede-scaled.jpg\",\"datePublished\":\"2024-09-21T12:48:39+00:00\",\"author\":{\"@id\":\"https:\\\/\\\/haberkuzey.com\\\/#\\\/schema\\\/person\\\/3372109ec735f9333f4fa47ebb9605ca\"},\"breadcrumb\":{\"@id\":\"https:\\\/\\\/haberkuzey.com\\\/index.php\\\/2024\\\/09\\\/21\\\/tc-cumhurbaskani-erdogan-bm-genel-kuruluna-katilmak-uzere-abdye-gitti\\\/#breadcrumb\"},\"inLanguage\":\"tr\",\"potentialAction\":[{\"@type\":\"ReadAction\",\"target\":[\"https:\\\/\\\/haberkuzey.com\\\/index.php\\\/2024\\\/09\\\/21\\\/tc-cumhurbaskani-erdogan-bm-genel-kuruluna-katilmak-uzere-abdye-gitti\\\/\"]}]},{\"@type\":\"ImageObject\",\"inLanguage\":\"tr\",\"@id\":\"https:\\\/\\\/haberkuzey.com\\\/index.php\\\/2024\\\/09\\\/21\\\/tc-cumhurbaskani-erdogan-bm-genel-kuruluna-katilmak-uzere-abdye-gitti\\\/#primaryimage\",\"url\":\"https:\\\/\\\/haberkuzey.com\\\/wp-content\\\/uploads\\\/2024\\\/09\\\/cyede-scaled.jpg\",\"contentUrl\":\"https:\\\/\\\/haberkuzey.com\\\/wp-content\\\/uploads\\\/2024\\\/09\\\/cyede-scaled.jpg\",\"width\":2560,\"height\":1707},{\"@type\":\"BreadcrumbList\",\"@id\":\"https:\\\/\\\/haberkuzey.com\\\/index.php\\\/2024\\\/09\\\/21\\\/tc-cumhurbaskani-erdogan-bm-genel-kuruluna-katilmak-uzere-abdye-gitti\\\/#breadcrumb\",\"itemListElement\":[{\"@type\":\"ListItem\",\"position\":1,\"name\":\"Anasayfa\",\"item\":\"https:\\\/\\\/haberkuzey.com\\\/\"},{\"@type\":\"ListItem\",\"position\":2,\"name\":\"TC Cumhurba\u015fkan\u0131 Erdo\u011fan BM Genel Kurulu\u2019na kat\u0131lmak \u00fczere ABD\u2019ye gitti\"}]},{\"@type\":\"WebSite\",\"@id\":\"https:\\\/\\\/haberkuzey.com\\\/#website\",\"url\":\"https:\\\/\\\/haberkuzey.com\\\/\",\"name\":\"Haber Kuzey\",\"description\":\"Do\u011fru Haberin Adresi\",\"potentialAction\":[{\"@type\":\"SearchAction\",\"target\":{\"@type\":\"EntryPoint\",\"urlTemplate\":\"https:\\\/\\\/haberkuzey.com\\\/?s={search_term_string}\"},\"query-input\":{\"@type\":\"PropertyValueSpecification\",\"valueRequired\":true,\"valueName\":\"search_term_string\"}}],\"inLanguage\":\"tr\"},{\"@type\":\"Person\",\"@id\":\"https:\\\/\\\/haberkuzey.com\\\/#\\\/schema\\\/person\\\/3372109ec735f9333f4fa47ebb9605ca\",\"name\":\"haberkuzey\",\"image\":{\"@type\":\"ImageObject\",\"inLanguage\":\"tr\",\"@id\":\"https:\\\/\\\/secure.gravatar.com\\\/avatar\\\/f5fc875574b1575324358c3b9e6a32b8227aa5b74f3fa22e3cadb63e26fcc39c?s=96&d=mm&r=g\",\"url\":\"https:\\\/\\\/secure.gravatar.com\\\/avatar\\\/f5fc875574b1575324358c3b9e6a32b8227aa5b74f3fa22e3cadb63e26fcc39c?s=96&d=mm&r=g\",\"contentUrl\":\"https:\\\/\\\/secure.gravatar.com\\\/avatar\\\/f5fc875574b1575324358c3b9e6a32b8227aa5b74f3fa22e3cadb63e26fcc39c?s=96&d=mm&r=g\",\"caption\":\"haberkuzey\"},\"sameAs\":[\"https:\\\/\\\/haberkuzey.com\"],\"url\":\"https:\\\/\\\/haberkuzey.com\\\/index.php\\\/author\\\/haberkuzey\\\/\"}]}<\/script>\n<!-- \/ Yoast SEO plugin. -->","yoast_head_json":{"title":"TC Cumhurba\u015fkan\u0131 Erdo\u011fan BM Genel Kurulu\u2019na kat\u0131lmak \u00fczere ABD\u2019ye gitti - Haber Kuzey","robots":{"index":"index","follow":"follow","max-snippet":"max-snippet:-1","max-image-preview":"max-image-preview:large","max-video-preview":"max-video-preview:-1"},"canonical":"https:\/\/haberkuzey.com\/index.php\/2024\/09\/21\/tc-cumhurbaskani-erdogan-bm-genel-kuruluna-katilmak-uzere-abdye-gitti\/","og_locale":"tr_TR","og_type":"article","og_title":"TC Cumhurba\u015fkan\u0131 Erdo\u011fan BM Genel Kurulu\u2019na kat\u0131lmak \u00fczere ABD\u2019ye gitti - Haber Kuzey","og_description":"T\u00fcrkiye Cumhuriyeti Cumhurba\u015fkan\u0131 Recep Tayyip Erdo\u011fan, Birle\u015fmi\u015f Milletler (BM) 79. Genel Kurulu\u2019na kat\u0131lmak \u00fczere ABD\u2019ye hareket etti. Erdo\u011fan, \u201cCAN\u201d u\u00e7a\u011f\u0131yla saat 14.10\u2019da Atat\u00fcrk Havaliman\u0131\u2019ndan ABD\u2019nin New York kentine hareket etti. Cumhurba\u015fkan\u0131 Erdo\u011fan\u2019a e\u015fi Emine Erdo\u011fan, T\u00fcrkiye Aile ve Sosyal Hizmetler Bakan\u0131 Mahinur \u00d6zdemir G\u00f6kta\u015f, D\u0131\u015fi\u015fleri Bakan\u0131 Hakan Fidan, Enerji ve Tabii Kaynaklar Bakan\u0131 Alparslan Bayraktar, [&hellip;]","og_url":"https:\/\/haberkuzey.com\/index.php\/2024\/09\/21\/tc-cumhurbaskani-erdogan-bm-genel-kuruluna-katilmak-uzere-abdye-gitti\/","og_site_name":"Haber Kuzey","article_published_time":"2024-09-21T12:48:39+00:00","og_image":[{"url":"https:\/\/brtk.net\/wp-content\/uploads\/2024\/09\/21\/cyede-scaled.jpg?ver=61891564a9531850289ddfce4db5ad31","type":"","width":"","height":""}],"author":"haberkuzey","twitter_card":"summary_large_image","twitter_misc":{"Yazan:":"haberkuzey","Tahmini okuma s\u00fcresi":"11 dakika"},"schema":{"@context":"https:\/\/schema.org","@graph":[{"@type":"Article","@id":"https:\/\/haberkuzey.com\/index.php\/2024\/09\/21\/tc-cumhurbaskani-erdogan-bm-genel-kuruluna-katilmak-uzere-abdye-gitti\/#article","isPartOf":{"@id":"https:\/\/haberkuzey.com\/index.php\/2024\/09\/21\/tc-cumhurbaskani-erdogan-bm-genel-kuruluna-katilmak-uzere-abdye-gitti\/"},"author":{"name":"haberkuzey","@id":"https:\/\/haberkuzey.com\/#\/schema\/person\/3372109ec735f9333f4fa47ebb9605ca"},"headline":"TC Cumhurba\u015fkan\u0131 Erdo\u011fan BM Genel Kurulu\u2019na kat\u0131lmak \u00fczere ABD\u2019ye gitti","datePublished":"2024-09-21T12:48:39+00:00","mainEntityOfPage":{"@id":"https:\/\/haberkuzey.com\/index.php\/2024\/09\/21\/tc-cumhurbaskani-erdogan-bm-genel-kuruluna-katilmak-uzere-abdye-gitti\/"},"wordCount":2117,"commentCount":0,"image":{"@id":"https:\/\/haberkuzey.com\/index.php\/2024\/09\/21\/tc-cumhurbaskani-erdogan-bm-genel-kuruluna-katilmak-uzere-abdye-gitti\/#primaryimage"},"thumbnailUrl":"https:\/\/haberkuzey.com\/wp-content\/uploads\/2024\/09\/cyede-scaled.jpg","articleSection":["D\u00fcnya"],"inLanguage":"tr","potentialAction":[{"@type":"CommentAction","name":"Comment","target":["https:\/\/haberkuzey.com\/index.php\/2024\/09\/21\/tc-cumhurbaskani-erdogan-bm-genel-kuruluna-katilmak-uzere-abdye-gitti\/#respond"]}]},{"@type":"WebPage","@id":"https:\/\/haberkuzey.com\/index.php\/2024\/09\/21\/tc-cumhurbaskani-erdogan-bm-genel-kuruluna-katilmak-uzere-abdye-gitti\/","url":"https:\/\/haberkuzey.com\/index.php\/2024\/09\/21\/tc-cumhurbaskani-erdogan-bm-genel-kuruluna-katilmak-uzere-abdye-gitti\/","name":"TC Cumhurba\u015fkan\u0131 Erdo\u011fan BM Genel Kurulu\u2019na kat\u0131lmak \u00fczere ABD\u2019ye gitti - Haber Kuzey","isPartOf":{"@id":"https:\/\/haberkuzey.com\/#website"},"primaryImageOfPage":{"@id":"https:\/\/haberkuzey.com\/index.php\/2024\/09\/21\/tc-cumhurbaskani-erdogan-bm-genel-kuruluna-katilmak-uzere-abdye-gitti\/#primaryimage"},"image":{"@id":"https:\/\/haberkuzey.com\/index.php\/2024\/09\/21\/tc-cumhurbaskani-erdogan-bm-genel-kuruluna-katilmak-uzere-abdye-gitti\/#primaryimage"},"thumbnailUrl":"https:\/\/haberkuzey.com\/wp-content\/uploads\/2024\/09\/cyede-scaled.jpg","datePublished":"2024-09-21T12:48:39+00:00","author":{"@id":"https:\/\/haberkuzey.com\/#\/schema\/person\/3372109ec735f9333f4fa47ebb9605ca"},"breadcrumb":{"@id":"https:\/\/haberkuzey.com\/index.php\/2024\/09\/21\/tc-cumhurbaskani-erdogan-bm-genel-kuruluna-katilmak-uzere-abdye-gitti\/#breadcrumb"},"inLanguage":"tr","potentialAction":[{"@type":"ReadAction","target":["https:\/\/haberkuzey.com\/index.php\/2024\/09\/21\/tc-cumhurbaskani-erdogan-bm-genel-kuruluna-katilmak-uzere-abdye-gitti\/"]}]},{"@type":"ImageObject","inLanguage":"tr","@id":"https:\/\/haberkuzey.com\/index.php\/2024\/09\/21\/tc-cumhurbaskani-erdogan-bm-genel-kuruluna-katilmak-uzere-abdye-gitti\/#primaryimage","url":"https:\/\/haberkuzey.com\/wp-content\/uploads\/2024\/09\/cyede-scaled.jpg","contentUrl":"https:\/\/haberkuzey.com\/wp-content\/uploads\/2024\/09\/cyede-scaled.jpg","width":2560,"height":1707},{"@type":"BreadcrumbList","@id":"https:\/\/haberkuzey.com\/index.php\/2024\/09\/21\/tc-cumhurbaskani-erdogan-bm-genel-kuruluna-katilmak-uzere-abdye-gitti\/#breadcrumb","itemListElement":[{"@type":"ListItem","position":1,"name":"Anasayfa","item":"https:\/\/haberkuzey.com\/"},{"@type":"ListItem","position":2,"name":"TC Cumhurba\u015fkan\u0131 Erdo\u011fan BM Genel Kurulu\u2019na kat\u0131lmak \u00fczere ABD\u2019ye gitti"}]},{"@type":"WebSite","@id":"https:\/\/haberkuzey.com\/#website","url":"https:\/\/haberkuzey.com\/","name":"Haber Kuzey","description":"Do\u011fru Haberin Adresi","potentialAction":[{"@type":"SearchAction","target":{"@type":"EntryPoint","urlTemplate":"https:\/\/haberkuzey.com\/?s={search_term_string}"},"query-input":{"@type":"PropertyValueSpecification","valueRequired":true,"valueName":"search_term_string"}}],"inLanguage":"tr"},{"@type":"Person","@id":"https:\/\/haberkuzey.com\/#\/schema\/person\/3372109ec735f9333f4fa47ebb9605ca","name":"haberkuzey","image":{"@type":"ImageObject","inLanguage":"tr","@id":"https:\/\/secure.gravatar.com\/avatar\/f5fc875574b1575324358c3b9e6a32b8227aa5b74f3fa22e3cadb63e26fcc39c?s=96&d=mm&r=g","url":"https:\/\/secure.gravatar.com\/avatar\/f5fc875574b1575324358c3b9e6a32b8227aa5b74f3fa22e3cadb63e26fcc39c?s=96&d=mm&r=g","contentUrl":"https:\/\/secure.gravatar.com\/avatar\/f5fc875574b1575324358c3b9e6a32b8227aa5b74f3fa22e3cadb63e26fcc39c?s=96&d=mm&r=g","caption":"haberkuzey"},"sameAs":["https:\/\/haberkuzey.com"],"url":"https:\/\/haberkuzey.com\/index.php\/author\/haberkuzey\/"}]}},"_links":{"self":[{"href":"https:\/\/haberkuzey.com\/index.php\/wp-json\/wp\/v2\/posts\/9826","targetHints":{"allow":["GET"]}}],"collection":[{"href":"https:\/\/haberkuzey.com\/index.php\/wp-json\/wp\/v2\/posts"}],"about":[{"href":"https:\/\/haberkuzey.com\/index.php\/wp-json\/wp\/v2\/types\/post"}],"author":[{"embeddable":true,"href":"https:\/\/haberkuzey.com\/index.php\/wp-json\/wp\/v2\/users\/1"}],"replies":[{"embeddable":true,"href":"https:\/\/haberkuzey.com\/index.php\/wp-json\/wp\/v2\/comments?post=9826"}],"version-history":[{"count":0,"href":"https:\/\/haberkuzey.com\/index.php\/wp-json\/wp\/v2\/posts\/9826\/revisions"}],"wp:featuredmedia":[{"embeddable":true,"href":"https:\/\/haberkuzey.com\/index.php\/wp-json\/wp\/v2\/media\/9827"}],"wp:attachment":[{"href":"https:\/\/haberkuzey.com\/index.php\/wp-json\/wp\/v2\/media?parent=9826"}],"wp:term":[{"taxonomy":"category","embeddable":true,"href":"https:\/\/haberkuzey.com\/index.php\/wp-json\/wp\/v2\/categories?post=9826"},{"taxonomy":"post_tag","embeddable":true,"href":"https:\/\/haberkuzey.com\/index.php\/wp-json\/wp\/v2\/tags?post=9826"}],"curies":[{"name":"wp","href":"https:\/\/api.w.org\/{rel}","templated":true}]}}