{"id":9784,"date":"2024-09-21T08:14:59","date_gmt":"2024-09-21T05:14:59","guid":{"rendered":"https:\/\/haberkuzey.com\/index.php\/2024\/09\/21\/unlu-sarkici-metin-arolat-hayatini-kaybetti\/"},"modified":"2024-09-21T08:14:59","modified_gmt":"2024-09-21T05:14:59","slug":"unlu-sarkici-metin-arolat-hayatini-kaybetti","status":"publish","type":"post","link":"https:\/\/haberkuzey.com\/index.php\/2024\/09\/21\/unlu-sarkici-metin-arolat-hayatini-kaybetti\/","title":{"rendered":"\u00dcnl\u00fc \u015fark\u0131c\u0131 Metin Arolat hayat\u0131n\u0131 kaybetti"},"content":{"rendered":"<div>\n<div class=\"mariselle-image-container center\">\n                                            <\/div>\n<p>\u015eark\u0131c\u0131 ve y\u00f6netmen Metin Arolat, \u0130stanbul Kozyata\u011f\u0131\u2019nda sahne ald\u0131\u011f\u0131 mekanda sahnede fenala\u015farak hastaneye kald\u0131r\u0131ld\u0131. 52 ya\u015f\u0131ndaki Arolat yap\u0131lan t\u00fcm m\u00fcdahalelere ra\u011fmen hayat\u0131n\u0131 kaybetti.<\/p>\n<p>1995 y\u0131l\u0131nda hem \u201cDert De\u011fil\u201d \u015fark\u0131s\u0131yla hem de bu \u015fark\u0131ya \u00e7ekti\u011fi kliple ad\u0131n\u0131 duyuran Metin Arolat, hayat\u0131n\u0131 kaybetti.<\/p>\n<p>Bu ak\u015fam \u0130stanbul Kozyata\u011f\u0131\u2019nda bir otelde sahne alan Arolat, sahnede aniden fenala\u015farak yere y\u0131\u011f\u0131ld\u0131. Kalp masaj\u0131 yap\u0131lan 52 ya\u015f\u0131ndaki \u015fark\u0131c\u0131, ambulansla hastaneye kald\u0131r\u0131ld\u0131. Hastaneden Arolat\u2019\u0131n hayat\u0131n\u0131 kaybetti\u011fi a\u00e7\u0131kland\u0131.<\/p>\n<p><strong>\u201cYAKTIN \u0130\u00c7\u0130M\u0130 MET\u0130N\u201d<\/strong><\/p>\n<p>Ac\u0131 haberi  Reyhan Karaca, sosyal medya hesab\u0131ndan duyurdu. Arolat ile foto\u011fraf\u0131n\u0131 payla\u015fan Karaca, \u201cYakt\u0131n i\u00e7imi Metin. Mekan\u0131n cennet olsun, inanam\u0131yorum hala\u201d ifadelerini kulland\u0131.<\/p>\n<p><strong>MET\u0130N AROLAT K\u0130MD\u0130R?<\/strong><\/p>\n<p>28 May\u0131s 1972 tarihinde \u0130zmir\u2019de d\u00fcnyaya gelen Metin  Arolat, Mevlana\u2019n\u0131n 23. ku\u015fak torunudur. \u0130zmir Dokuz Eyl\u00fcl \u00dcniversitesi \u0130ktisadi \u0130dari Bilimler Fak\u00fcltesi \u0130\u015fletme B\u00f6l\u00fcm\u00fc\u2019nden mezun olan Arolat, mezun olduktan sonra \u0130stanbul\u2019a ta\u015f\u0131nd\u0131. Bir reklam ajans\u0131nda i\u015fe ba\u015flayan Metin Arolat, ard\u0131ndan Amerika\u2019ya gidip reklamc\u0131l\u0131k e\u011fitimi alm\u0131\u015ft\u0131r. <\/p>\n<p>1995 y\u0131l\u0131nda Ayr\u0131l\u0131k Olmaz isimli alb\u00fcm ile m\u00fczik piyasas\u0131na giri\u015f yapan Metin Arolat, hem y\u00f6netmenlik hem \u015fark\u0131c\u0131l\u0131k kariyerini birlikte y\u00fcr\u00fctt\u00fc. \u201cAyr\u0131l\u0131k Olmaz\u201d, \u201cYine Bir Ba\u015f\u0131ma\u201d, \u201cKabul Et\u201d, \u201cL\u00fctfen Yaz Gelsin\u201d, \u201c\u00c7ok Daha \u00d6tesi\u201d, \u201cKaravan\u201d gibi alb\u00fcm ve single \u00e7al\u0131\u015fmalar\u0131na imza atan Arolat, bir\u00e7ok markan\u0131n reklam filmlerinde y\u00f6netmenlik yapt\u0131.<\/p>\n<p>M\u00fczik kariyeri boyunca pop m\u00fczi\u011fin sevilen isimlerinden biri haline gelmi\u015f, kendine has tarz\u0131 ve enerjik sahne performanslar\u0131yla dikkat \u00e7ekmi\u015ftir.<\/p>\n<p>ntv<\/p>\n<\/p><\/div>\n<p><script async\n                    defer\n                    crossorigin=\"anonymous\"\n                    src=\"https:\/\/connect.facebook.net\/tr_TR\/sdk.js#xfbml=1&#038;version=v3.3\"\n            ><\/script><\/p>\n","protected":false},"excerpt":{"rendered":"<p>\u015eark\u0131c\u0131 ve y\u00f6netmen Metin Arolat, \u0130stanbul Kozyata\u011f\u0131\u2019nda sahne ald\u0131\u011f\u0131 mekanda sahnede fenala\u015farak hastaneye kald\u0131r\u0131ld\u0131. 52 ya\u015f\u0131ndaki Arolat yap\u0131lan t\u00fcm m\u00fcdahalelere ra\u011fmen hayat\u0131n\u0131 kaybetti. 1995 y\u0131l\u0131nda hem \u201cDert De\u011fil\u201d \u015fark\u0131s\u0131yla hem de bu \u015fark\u0131ya \u00e7ekti\u011fi kliple ad\u0131n\u0131 duyuran Metin Arolat, hayat\u0131n\u0131 kaybetti. Bu ak\u015fam \u0130stanbul Kozyata\u011f\u0131\u2019nda bir otelde sahne alan Arolat, sahnede aniden fenala\u015farak yere y\u0131\u011f\u0131ld\u0131. [&hellip;]<\/p>\n","protected":false},"author":1,"featured_media":9785,"comment_status":"open","ping_status":"open","sticky":false,"template":"","format":"standard","meta":{"jnews-multi-image_gallery":[],"jnews_single_post":[],"jnews_primary_category":[],"footnotes":""},"categories":[2],"tags":[],"class_list":["post-9784","post","type-post","status-publish","format-standard","has-post-thumbnail","hentry","category-dunya"],"yoast_head":"<!-- This site is optimized with the Yoast SEO plugin v27.4 - https:\/\/yoast.com\/product\/yoast-seo-wordpress\/ -->\n<title>\u00dcnl\u00fc \u015fark\u0131c\u0131 Metin Arolat hayat\u0131n\u0131 kaybetti - Haber Kuzey<\/title>\n<meta name=\"robots\" content=\"index, follow, max-snippet:-1, max-image-preview:large, max-video-preview:-1\" \/>\n<link rel=\"canonical\" href=\"https:\/\/haberkuzey.com\/index.php\/2024\/09\/21\/unlu-sarkici-metin-arolat-hayatini-kaybetti\/\" \/>\n<meta property=\"og:locale\" content=\"tr_TR\" \/>\n<meta property=\"og:type\" content=\"article\" \/>\n<meta property=\"og:title\" content=\"\u00dcnl\u00fc \u015fark\u0131c\u0131 Metin Arolat hayat\u0131n\u0131 kaybetti - Haber Kuzey\" \/>\n<meta property=\"og:description\" content=\"\u015eark\u0131c\u0131 ve y\u00f6netmen Metin Arolat, \u0130stanbul Kozyata\u011f\u0131\u2019nda sahne ald\u0131\u011f\u0131 mekanda sahnede fenala\u015farak hastaneye kald\u0131r\u0131ld\u0131. 52 ya\u015f\u0131ndaki Arolat yap\u0131lan t\u00fcm m\u00fcdahalelere ra\u011fmen hayat\u0131n\u0131 kaybetti. 1995 y\u0131l\u0131nda hem \u201cDert De\u011fil\u201d \u015fark\u0131s\u0131yla hem de bu \u015fark\u0131ya \u00e7ekti\u011fi kliple ad\u0131n\u0131 duyuran Metin Arolat, hayat\u0131n\u0131 kaybetti. Bu ak\u015fam \u0130stanbul Kozyata\u011f\u0131\u2019nda bir otelde sahne alan Arolat, sahnede aniden fenala\u015farak yere y\u0131\u011f\u0131ld\u0131. [&hellip;]\" \/>\n<meta property=\"og:url\" content=\"https:\/\/haberkuzey.com\/index.php\/2024\/09\/21\/unlu-sarkici-metin-arolat-hayatini-kaybetti\/\" \/>\n<meta property=\"og:site_name\" content=\"Haber Kuzey\" \/>\n<meta property=\"article:published_time\" content=\"2024-09-21T05:14:59+00:00\" \/>\n<meta property=\"og:image\" content=\"https:\/\/brtk.net\/wp-content\/uploads\/2024\/09\/21\/metin-arolat.webp?ver=62dff6a83d5020dd43950e45a96e292d\" \/>\n<meta name=\"author\" content=\"haberkuzey\" \/>\n<meta name=\"twitter:card\" content=\"summary_large_image\" \/>\n<meta name=\"twitter:label1\" content=\"Yazan:\" \/>\n\t<meta name=\"twitter:data1\" content=\"haberkuzey\" \/>\n\t<meta name=\"twitter:label2\" content=\"Tahmini okuma s\u00fcresi\" \/>\n\t<meta name=\"twitter:data2\" content=\"2 dakika\" \/>\n<script type=\"application\/ld+json\" class=\"yoast-schema-graph\">{\"@context\":\"https:\\\/\\\/schema.org\",\"@graph\":[{\"@type\":\"Article\",\"@id\":\"https:\\\/\\\/haberkuzey.com\\\/index.php\\\/2024\\\/09\\\/21\\\/unlu-sarkici-metin-arolat-hayatini-kaybetti\\\/#article\",\"isPartOf\":{\"@id\":\"https:\\\/\\\/haberkuzey.com\\\/index.php\\\/2024\\\/09\\\/21\\\/unlu-sarkici-metin-arolat-hayatini-kaybetti\\\/\"},\"author\":{\"name\":\"haberkuzey\",\"@id\":\"https:\\\/\\\/haberkuzey.com\\\/#\\\/schema\\\/person\\\/3372109ec735f9333f4fa47ebb9605ca\"},\"headline\":\"\u00dcnl\u00fc \u015fark\u0131c\u0131 Metin Arolat hayat\u0131n\u0131 kaybetti\",\"datePublished\":\"2024-09-21T05:14:59+00:00\",\"mainEntityOfPage\":{\"@id\":\"https:\\\/\\\/haberkuzey.com\\\/index.php\\\/2024\\\/09\\\/21\\\/unlu-sarkici-metin-arolat-hayatini-kaybetti\\\/\"},\"wordCount\":308,\"commentCount\":0,\"image\":{\"@id\":\"https:\\\/\\\/haberkuzey.com\\\/index.php\\\/2024\\\/09\\\/21\\\/unlu-sarkici-metin-arolat-hayatini-kaybetti\\\/#primaryimage\"},\"thumbnailUrl\":\"https:\\\/\\\/haberkuzey.com\\\/wp-content\\\/uploads\\\/2024\\\/09\\\/metin-arolat.webp.webp\",\"articleSection\":[\"D\u00fcnya\"],\"inLanguage\":\"tr\",\"potentialAction\":[{\"@type\":\"CommentAction\",\"name\":\"Comment\",\"target\":[\"https:\\\/\\\/haberkuzey.com\\\/index.php\\\/2024\\\/09\\\/21\\\/unlu-sarkici-metin-arolat-hayatini-kaybetti\\\/#respond\"]}]},{\"@type\":\"WebPage\",\"@id\":\"https:\\\/\\\/haberkuzey.com\\\/index.php\\\/2024\\\/09\\\/21\\\/unlu-sarkici-metin-arolat-hayatini-kaybetti\\\/\",\"url\":\"https:\\\/\\\/haberkuzey.com\\\/index.php\\\/2024\\\/09\\\/21\\\/unlu-sarkici-metin-arolat-hayatini-kaybetti\\\/\",\"name\":\"\u00dcnl\u00fc \u015fark\u0131c\u0131 Metin Arolat hayat\u0131n\u0131 kaybetti - Haber Kuzey\",\"isPartOf\":{\"@id\":\"https:\\\/\\\/haberkuzey.com\\\/#website\"},\"primaryImageOfPage\":{\"@id\":\"https:\\\/\\\/haberkuzey.com\\\/index.php\\\/2024\\\/09\\\/21\\\/unlu-sarkici-metin-arolat-hayatini-kaybetti\\\/#primaryimage\"},\"image\":{\"@id\":\"https:\\\/\\\/haberkuzey.com\\\/index.php\\\/2024\\\/09\\\/21\\\/unlu-sarkici-metin-arolat-hayatini-kaybetti\\\/#primaryimage\"},\"thumbnailUrl\":\"https:\\\/\\\/haberkuzey.com\\\/wp-content\\\/uploads\\\/2024\\\/09\\\/metin-arolat.webp.webp\",\"datePublished\":\"2024-09-21T05:14:59+00:00\",\"author\":{\"@id\":\"https:\\\/\\\/haberkuzey.com\\\/#\\\/schema\\\/person\\\/3372109ec735f9333f4fa47ebb9605ca\"},\"breadcrumb\":{\"@id\":\"https:\\\/\\\/haberkuzey.com\\\/index.php\\\/2024\\\/09\\\/21\\\/unlu-sarkici-metin-arolat-hayatini-kaybetti\\\/#breadcrumb\"},\"inLanguage\":\"tr\",\"potentialAction\":[{\"@type\":\"ReadAction\",\"target\":[\"https:\\\/\\\/haberkuzey.com\\\/index.php\\\/2024\\\/09\\\/21\\\/unlu-sarkici-metin-arolat-hayatini-kaybetti\\\/\"]}]},{\"@type\":\"ImageObject\",\"inLanguage\":\"tr\",\"@id\":\"https:\\\/\\\/haberkuzey.com\\\/index.php\\\/2024\\\/09\\\/21\\\/unlu-sarkici-metin-arolat-hayatini-kaybetti\\\/#primaryimage\",\"url\":\"https:\\\/\\\/haberkuzey.com\\\/wp-content\\\/uploads\\\/2024\\\/09\\\/metin-arolat.webp.webp\",\"contentUrl\":\"https:\\\/\\\/haberkuzey.com\\\/wp-content\\\/uploads\\\/2024\\\/09\\\/metin-arolat.webp.webp\",\"width\":660,\"height\":375},{\"@type\":\"BreadcrumbList\",\"@id\":\"https:\\\/\\\/haberkuzey.com\\\/index.php\\\/2024\\\/09\\\/21\\\/unlu-sarkici-metin-arolat-hayatini-kaybetti\\\/#breadcrumb\",\"itemListElement\":[{\"@type\":\"ListItem\",\"position\":1,\"name\":\"Anasayfa\",\"item\":\"https:\\\/\\\/haberkuzey.com\\\/\"},{\"@type\":\"ListItem\",\"position\":2,\"name\":\"\u00dcnl\u00fc \u015fark\u0131c\u0131 Metin Arolat hayat\u0131n\u0131 kaybetti\"}]},{\"@type\":\"WebSite\",\"@id\":\"https:\\\/\\\/haberkuzey.com\\\/#website\",\"url\":\"https:\\\/\\\/haberkuzey.com\\\/\",\"name\":\"Haber Kuzey\",\"description\":\"Do\u011fru Haberin Adresi\",\"potentialAction\":[{\"@type\":\"SearchAction\",\"target\":{\"@type\":\"EntryPoint\",\"urlTemplate\":\"https:\\\/\\\/haberkuzey.com\\\/?s={search_term_string}\"},\"query-input\":{\"@type\":\"PropertyValueSpecification\",\"valueRequired\":true,\"valueName\":\"search_term_string\"}}],\"inLanguage\":\"tr\"},{\"@type\":\"Person\",\"@id\":\"https:\\\/\\\/haberkuzey.com\\\/#\\\/schema\\\/person\\\/3372109ec735f9333f4fa47ebb9605ca\",\"name\":\"haberkuzey\",\"image\":{\"@type\":\"ImageObject\",\"inLanguage\":\"tr\",\"@id\":\"https:\\\/\\\/secure.gravatar.com\\\/avatar\\\/f5fc875574b1575324358c3b9e6a32b8227aa5b74f3fa22e3cadb63e26fcc39c?s=96&d=mm&r=g\",\"url\":\"https:\\\/\\\/secure.gravatar.com\\\/avatar\\\/f5fc875574b1575324358c3b9e6a32b8227aa5b74f3fa22e3cadb63e26fcc39c?s=96&d=mm&r=g\",\"contentUrl\":\"https:\\\/\\\/secure.gravatar.com\\\/avatar\\\/f5fc875574b1575324358c3b9e6a32b8227aa5b74f3fa22e3cadb63e26fcc39c?s=96&d=mm&r=g\",\"caption\":\"haberkuzey\"},\"sameAs\":[\"https:\\\/\\\/haberkuzey.com\"],\"url\":\"https:\\\/\\\/haberkuzey.com\\\/index.php\\\/author\\\/haberkuzey\\\/\"}]}<\/script>\n<!-- \/ Yoast SEO plugin. -->","yoast_head_json":{"title":"\u00dcnl\u00fc \u015fark\u0131c\u0131 Metin Arolat hayat\u0131n\u0131 kaybetti - Haber Kuzey","robots":{"index":"index","follow":"follow","max-snippet":"max-snippet:-1","max-image-preview":"max-image-preview:large","max-video-preview":"max-video-preview:-1"},"canonical":"https:\/\/haberkuzey.com\/index.php\/2024\/09\/21\/unlu-sarkici-metin-arolat-hayatini-kaybetti\/","og_locale":"tr_TR","og_type":"article","og_title":"\u00dcnl\u00fc \u015fark\u0131c\u0131 Metin Arolat hayat\u0131n\u0131 kaybetti - Haber Kuzey","og_description":"\u015eark\u0131c\u0131 ve y\u00f6netmen Metin Arolat, \u0130stanbul Kozyata\u011f\u0131\u2019nda sahne ald\u0131\u011f\u0131 mekanda sahnede fenala\u015farak hastaneye kald\u0131r\u0131ld\u0131. 52 ya\u015f\u0131ndaki Arolat yap\u0131lan t\u00fcm m\u00fcdahalelere ra\u011fmen hayat\u0131n\u0131 kaybetti. 1995 y\u0131l\u0131nda hem \u201cDert De\u011fil\u201d \u015fark\u0131s\u0131yla hem de bu \u015fark\u0131ya \u00e7ekti\u011fi kliple ad\u0131n\u0131 duyuran Metin Arolat, hayat\u0131n\u0131 kaybetti. Bu ak\u015fam \u0130stanbul Kozyata\u011f\u0131\u2019nda bir otelde sahne alan Arolat, sahnede aniden fenala\u015farak yere y\u0131\u011f\u0131ld\u0131. [&hellip;]","og_url":"https:\/\/haberkuzey.com\/index.php\/2024\/09\/21\/unlu-sarkici-metin-arolat-hayatini-kaybetti\/","og_site_name":"Haber Kuzey","article_published_time":"2024-09-21T05:14:59+00:00","og_image":[{"url":"https:\/\/brtk.net\/wp-content\/uploads\/2024\/09\/21\/metin-arolat.webp?ver=62dff6a83d5020dd43950e45a96e292d","type":"","width":"","height":""}],"author":"haberkuzey","twitter_card":"summary_large_image","twitter_misc":{"Yazan:":"haberkuzey","Tahmini okuma s\u00fcresi":"2 dakika"},"schema":{"@context":"https:\/\/schema.org","@graph":[{"@type":"Article","@id":"https:\/\/haberkuzey.com\/index.php\/2024\/09\/21\/unlu-sarkici-metin-arolat-hayatini-kaybetti\/#article","isPartOf":{"@id":"https:\/\/haberkuzey.com\/index.php\/2024\/09\/21\/unlu-sarkici-metin-arolat-hayatini-kaybetti\/"},"author":{"name":"haberkuzey","@id":"https:\/\/haberkuzey.com\/#\/schema\/person\/3372109ec735f9333f4fa47ebb9605ca"},"headline":"\u00dcnl\u00fc \u015fark\u0131c\u0131 Metin Arolat hayat\u0131n\u0131 kaybetti","datePublished":"2024-09-21T05:14:59+00:00","mainEntityOfPage":{"@id":"https:\/\/haberkuzey.com\/index.php\/2024\/09\/21\/unlu-sarkici-metin-arolat-hayatini-kaybetti\/"},"wordCount":308,"commentCount":0,"image":{"@id":"https:\/\/haberkuzey.com\/index.php\/2024\/09\/21\/unlu-sarkici-metin-arolat-hayatini-kaybetti\/#primaryimage"},"thumbnailUrl":"https:\/\/haberkuzey.com\/wp-content\/uploads\/2024\/09\/metin-arolat.webp.webp","articleSection":["D\u00fcnya"],"inLanguage":"tr","potentialAction":[{"@type":"CommentAction","name":"Comment","target":["https:\/\/haberkuzey.com\/index.php\/2024\/09\/21\/unlu-sarkici-metin-arolat-hayatini-kaybetti\/#respond"]}]},{"@type":"WebPage","@id":"https:\/\/haberkuzey.com\/index.php\/2024\/09\/21\/unlu-sarkici-metin-arolat-hayatini-kaybetti\/","url":"https:\/\/haberkuzey.com\/index.php\/2024\/09\/21\/unlu-sarkici-metin-arolat-hayatini-kaybetti\/","name":"\u00dcnl\u00fc \u015fark\u0131c\u0131 Metin Arolat hayat\u0131n\u0131 kaybetti - Haber Kuzey","isPartOf":{"@id":"https:\/\/haberkuzey.com\/#website"},"primaryImageOfPage":{"@id":"https:\/\/haberkuzey.com\/index.php\/2024\/09\/21\/unlu-sarkici-metin-arolat-hayatini-kaybetti\/#primaryimage"},"image":{"@id":"https:\/\/haberkuzey.com\/index.php\/2024\/09\/21\/unlu-sarkici-metin-arolat-hayatini-kaybetti\/#primaryimage"},"thumbnailUrl":"https:\/\/haberkuzey.com\/wp-content\/uploads\/2024\/09\/metin-arolat.webp.webp","datePublished":"2024-09-21T05:14:59+00:00","author":{"@id":"https:\/\/haberkuzey.com\/#\/schema\/person\/3372109ec735f9333f4fa47ebb9605ca"},"breadcrumb":{"@id":"https:\/\/haberkuzey.com\/index.php\/2024\/09\/21\/unlu-sarkici-metin-arolat-hayatini-kaybetti\/#breadcrumb"},"inLanguage":"tr","potentialAction":[{"@type":"ReadAction","target":["https:\/\/haberkuzey.com\/index.php\/2024\/09\/21\/unlu-sarkici-metin-arolat-hayatini-kaybetti\/"]}]},{"@type":"ImageObject","inLanguage":"tr","@id":"https:\/\/haberkuzey.com\/index.php\/2024\/09\/21\/unlu-sarkici-metin-arolat-hayatini-kaybetti\/#primaryimage","url":"https:\/\/haberkuzey.com\/wp-content\/uploads\/2024\/09\/metin-arolat.webp.webp","contentUrl":"https:\/\/haberkuzey.com\/wp-content\/uploads\/2024\/09\/metin-arolat.webp.webp","width":660,"height":375},{"@type":"BreadcrumbList","@id":"https:\/\/haberkuzey.com\/index.php\/2024\/09\/21\/unlu-sarkici-metin-arolat-hayatini-kaybetti\/#breadcrumb","itemListElement":[{"@type":"ListItem","position":1,"name":"Anasayfa","item":"https:\/\/haberkuzey.com\/"},{"@type":"ListItem","position":2,"name":"\u00dcnl\u00fc \u015fark\u0131c\u0131 Metin Arolat hayat\u0131n\u0131 kaybetti"}]},{"@type":"WebSite","@id":"https:\/\/haberkuzey.com\/#website","url":"https:\/\/haberkuzey.com\/","name":"Haber Kuzey","description":"Do\u011fru Haberin Adresi","potentialAction":[{"@type":"SearchAction","target":{"@type":"EntryPoint","urlTemplate":"https:\/\/haberkuzey.com\/?s={search_term_string}"},"query-input":{"@type":"PropertyValueSpecification","valueRequired":true,"valueName":"search_term_string"}}],"inLanguage":"tr"},{"@type":"Person","@id":"https:\/\/haberkuzey.com\/#\/schema\/person\/3372109ec735f9333f4fa47ebb9605ca","name":"haberkuzey","image":{"@type":"ImageObject","inLanguage":"tr","@id":"https:\/\/secure.gravatar.com\/avatar\/f5fc875574b1575324358c3b9e6a32b8227aa5b74f3fa22e3cadb63e26fcc39c?s=96&d=mm&r=g","url":"https:\/\/secure.gravatar.com\/avatar\/f5fc875574b1575324358c3b9e6a32b8227aa5b74f3fa22e3cadb63e26fcc39c?s=96&d=mm&r=g","contentUrl":"https:\/\/secure.gravatar.com\/avatar\/f5fc875574b1575324358c3b9e6a32b8227aa5b74f3fa22e3cadb63e26fcc39c?s=96&d=mm&r=g","caption":"haberkuzey"},"sameAs":["https:\/\/haberkuzey.com"],"url":"https:\/\/haberkuzey.com\/index.php\/author\/haberkuzey\/"}]}},"_links":{"self":[{"href":"https:\/\/haberkuzey.com\/index.php\/wp-json\/wp\/v2\/posts\/9784","targetHints":{"allow":["GET"]}}],"collection":[{"href":"https:\/\/haberkuzey.com\/index.php\/wp-json\/wp\/v2\/posts"}],"about":[{"href":"https:\/\/haberkuzey.com\/index.php\/wp-json\/wp\/v2\/types\/post"}],"author":[{"embeddable":true,"href":"https:\/\/haberkuzey.com\/index.php\/wp-json\/wp\/v2\/users\/1"}],"replies":[{"embeddable":true,"href":"https:\/\/haberkuzey.com\/index.php\/wp-json\/wp\/v2\/comments?post=9784"}],"version-history":[{"count":0,"href":"https:\/\/haberkuzey.com\/index.php\/wp-json\/wp\/v2\/posts\/9784\/revisions"}],"wp:featuredmedia":[{"embeddable":true,"href":"https:\/\/haberkuzey.com\/index.php\/wp-json\/wp\/v2\/media\/9785"}],"wp:attachment":[{"href":"https:\/\/haberkuzey.com\/index.php\/wp-json\/wp\/v2\/media?parent=9784"}],"wp:term":[{"taxonomy":"category","embeddable":true,"href":"https:\/\/haberkuzey.com\/index.php\/wp-json\/wp\/v2\/categories?post=9784"},{"taxonomy":"post_tag","embeddable":true,"href":"https:\/\/haberkuzey.com\/index.php\/wp-json\/wp\/v2\/tags?post=9784"}],"curies":[{"name":"wp","href":"https:\/\/api.w.org\/{rel}","templated":true}]}}