{"id":9704,"date":"2024-09-19T20:51:46","date_gmt":"2024-09-19T17:51:46","guid":{"rendered":"https:\/\/haberkuzey.com\/index.php\/2024\/09\/19\/guler-kibrisli-kardeslerimizin-mesru-cikarlarini-her-kosulda-destekliyoruz\/"},"modified":"2024-09-19T20:51:46","modified_gmt":"2024-09-19T17:51:46","slug":"guler-kibrisli-kardeslerimizin-mesru-cikarlarini-her-kosulda-destekliyoruz","status":"publish","type":"post","link":"https:\/\/haberkuzey.com\/index.php\/2024\/09\/19\/guler-kibrisli-kardeslerimizin-mesru-cikarlarini-her-kosulda-destekliyoruz\/","title":{"rendered":"G\u00fcler: \u201cK\u0131br\u0131sl\u0131 karde\u015flerimizin me\u015fru \u00e7\u0131karlar\u0131n\u0131 her ko\u015fulda destekliyoruz\u201d"},"content":{"rendered":"<div>\n<div class=\"mariselle-image-container center\">\n                                            <\/div>\n<p>T\u00fcrkiye Milli Savunma Bakan\u0131 Ya\u015far G\u00fcler, K\u0131br\u0131s\u2019\u0131n me\u015fru \u00e7\u0131karlar\u0131n\u0131 her ko\u015fulda desteklediklerini belirterek, \u201c\u00dc\u00e7\u00fcnc\u00fc taraflar\u0131n b\u00f6lgedeki giri\u015fimlerini de yak\u0131ndan takip ediyor, buna y\u00f6nelik kendi inisiyatiflerimizin daima haz\u0131r oldu\u011funu belirtmekte yarar g\u00f6r\u00fcyorum.\u201d dedi.<\/p>\n<p>Milli Savunma Bakan\u0131 G\u00fcler ile Aile ve Sosyal Hizmetler Bakan\u0131 Mahinur \u00d6zdemir G\u00f6kta\u015f\u2019\u0131n kat\u0131l\u0131m\u0131yla Gaziler G\u00fcn\u00fc kapsam\u0131nda Milli Savunma Bakanl\u0131\u011f\u0131\u2019nda t\u00f6ren d\u00fczenlendi.<\/p>\n<p>Sayg\u0131 duru\u015fu ve \u0130stiklal Mar\u015f\u0131\u2019n\u0131n okunmas\u0131yla ba\u015flayan programda konu\u015fan Bakan G\u00fcler, bug\u00fcn\u00fcn; kutsal vatan topraklar\u0131n\u0131 korumak, T\u00fcrk milletinin huzur ve g\u00fcvenli\u011fini sa\u011flamak i\u00e7in \u00fcst\u00fcn bir cesaret ve fedakarl\u0131kla m\u00fccadele ederken gazi olan kahramanlar\u0131n gurur g\u00fcn\u00fc, Cumhuriyetin kurucusu Mustafa Kemal Atat\u00fcrk\u2019e \u201cgazi\u201d unvan\u0131 ve \u201cmare\u015fal\u201d r\u00fctbesi verili\u015finin 103\u2019\u00fcnc\u00fc y\u0131l d\u00f6n\u00fcm\u00fc oldu\u011funu s\u00f6yledi.<\/p>\n<p>Atat\u00fcrk\u2019\u00fc sayg\u0131 ve minnetle yad eden, gazilere sayg\u0131 ve \u015f\u00fckranlar\u0131n\u0131 sunan G\u00fcler, T\u00fcrk milletinin en b\u00fcy\u00fck karakter \u00f6zelli\u011finin, ba\u011f\u0131ms\u0131zl\u0131\u011f\u0131na ve kutsal de\u011ferlerine olan tutkusuyla vatan ve millet a\u015fk\u0131 oldu\u011funu ifade etti.<\/p>\n<p>T\u00fcrk milletinin, k\u00f6kl\u00fc tarihi boyunca milli ve manevi de\u011ferlerini korumak i\u00e7in \u201c\u00d6l\u00fcrsem \u015fehit, kal\u0131rsam gazi\u201d d\u00fcsturunu benimsedi\u011fini an\u0131msatan G\u00fcler, T\u00fcrk ordusunun en b\u00fcy\u00fck ilham ve motivasyon kayna\u011f\u0131n\u0131n, bu anlay\u0131\u015fla b\u00fcy\u00fck bir kahramanl\u0131k ve fedakarl\u0131k sergileyen \u015fehit ve gaziler oldu\u011funu kaydetti.<\/p>\n<p>\u2013 \u201c\u00c7\u00f6z\u00fcms\u00fczl\u00fc\u011fe hizmet eden beyhude \u00e7abalar, Ada\u2019daki g\u00fcvenlik ortam\u0131na zarar veriyor\u201d<\/p>\n<p>G\u00fcler, \u201cmavi vatan\u201d ve \u201cg\u00f6k vatan\u201ddaki hak ve menfaatlerin de tavizsiz korundu\u011funu vurgulayarak, \u201cBu \u00e7er\u00e7evede milli meselemiz olan K\u0131br\u0131s\u2019ta da Garanti ve \u0130ttifak Antla\u015fmalar\u0131 kapsam\u0131nda bulunuyor, K\u0131br\u0131sl\u0131 karde\u015flerimizin me\u015fru \u00e7\u0131karlar\u0131n\u0131 her ko\u015fulda destekliyoruz. Bu arada vurgulamak gerekir ki provokatif eylem ve s\u00f6ylemlerle s\u00fcrekli gerginlik \u00e7\u0131karanlar\u0131n bu tutumu, kimseye yarar sa\u011flamayacakt\u0131r. \u00c7\u00f6z\u00fcms\u00fczl\u00fc\u011fe hizmet eden bu beyhude \u00e7abalar, Ada\u2019da sa\u011flanan g\u00fcvenlik ortam\u0131na da zarar vermektedir. \u00dc\u00e7\u00fcnc\u00fc taraflar\u0131n b\u00f6lgedeki giri\u015fimlerini de yak\u0131ndan takip ediyor, buna y\u00f6nelik kendi inisiyatiflerimizin daima haz\u0131r oldu\u011funu belirtmekte yarar g\u00f6r\u00fcyorum. Bir kez daha ifade etmek isterim ki bug\u00fcne kadar oldu\u011fu gibi bundan sonra da g\u00fcvenlik, bar\u0131\u015f ve istikrar i\u00e7in Ada\u2019da bulunmaya ve karde\u015f Kuzey K\u0131br\u0131s T\u00fcrk Cumhuriyeti\u2019nin me\u015fru \u00e7\u0131karlar\u0131n\u0131 her ko\u015fulda desteklemeye devam edecek, Do\u011fu Akdeniz\u2019deki faaliyetlerimizi de etkin ve kararl\u0131 bir \u015fekilde s\u00fcrd\u00fcrece\u011fiz.\u201d ifadelerini kulland\u0131.<\/p>\n<p>T\u00fcrkiye\u2019nin d\u00fcnyadaki etkinli\u011fini s\u00fcrd\u00fcrmek ve bin y\u0131ld\u0131r var oldu\u011fu co\u011frafyadaki varl\u0131\u011f\u0131n\u0131 devam ettirmek i\u00e7in ordunun etkin ve g\u00fc\u00e7l\u00fc olmas\u0131 gerekti\u011fini s\u00f6yleyen G\u00fcler, bunun da ancak yerli, milli ve ba\u011f\u0131ms\u0131z bir savunma sanayisiyle m\u00fcmk\u00fcn oldu\u011funu bildirdi.<\/p>\n<p>G\u00fcler, savunma sanayisinin, teknolojik geli\u015fmelerin en h\u0131zl\u0131 ya\u015fand\u0131\u011f\u0131 alanlardan biri oldu\u011funu belirterek, \u015funlar\u0131 kaydetti:<\/p>\n<p>\u201cKahraman personelimizin en az riskle ve en y\u00fcksek motivasyonla g\u00f6rev yapmas\u0131, temel hedefimizdir. Bu nedenle harp silah, ara\u00e7 ve gere\u00e7lerindeki teknolojik yenilikleri vakit kaybetmeksizin Silahl\u0131 Kuvvetlerimizin kullan\u0131m\u0131na sunuyoruz. Yerli ve milli savunma sanayisi \u00fcr\u00fcn\u00fc silah sistemlerimizi geli\u015ftirmek, ordumuzun etkin, cayd\u0131r\u0131c\u0131 ve sayg\u0131n niteliklerini art\u0131rmak i\u00e7in gayret g\u00f6steriyoruz. Bu \u00e7al\u0131\u015fmalar neticesinde ortaya \u00e7\u0131kan silah ve sistemlerimiz, operasyon sahalar\u0131nda etkinliklerini kan\u0131tlam\u0131\u015f ve personelimizin harekat b\u00f6lgesindeki g\u00fcc\u00fcn\u00fc art\u0131r\u0131rken, g\u00fcvenlik riskini de asgari seviyeye indirmi\u015ftir. \u00dclkemiz art\u0131k, \u00fcretti\u011fi, tasarlad\u0131\u011f\u0131 ve ihra\u00e7 etti\u011fi yerli ve milli savunma sanayi \u00fcr\u00fcnleri ve bu alanda sahip oldu\u011fu imkan ve kabiliyetleriyle d\u00fcnyada ad\u0131ndan her ge\u00e7en g\u00fcn daha fazla s\u00f6z ettirmektedir.\u201d<\/p>\n<\/p><\/div>\n<p><script async\n                    defer\n                    crossorigin=\"anonymous\"\n                    src=\"https:\/\/connect.facebook.net\/tr_TR\/sdk.js#xfbml=1&#038;version=v3.3\"\n            ><\/script><\/p>\n","protected":false},"excerpt":{"rendered":"<p>T\u00fcrkiye Milli Savunma Bakan\u0131 Ya\u015far G\u00fcler, K\u0131br\u0131s\u2019\u0131n me\u015fru \u00e7\u0131karlar\u0131n\u0131 her ko\u015fulda desteklediklerini belirterek, \u201c\u00dc\u00e7\u00fcnc\u00fc taraflar\u0131n b\u00f6lgedeki giri\u015fimlerini de yak\u0131ndan takip ediyor, buna y\u00f6nelik kendi inisiyatiflerimizin daima haz\u0131r oldu\u011funu belirtmekte yarar g\u00f6r\u00fcyorum.\u201d dedi. Milli Savunma Bakan\u0131 G\u00fcler ile Aile ve Sosyal Hizmetler Bakan\u0131 Mahinur \u00d6zdemir G\u00f6kta\u015f\u2019\u0131n kat\u0131l\u0131m\u0131yla Gaziler G\u00fcn\u00fc kapsam\u0131nda Milli Savunma Bakanl\u0131\u011f\u0131\u2019nda t\u00f6ren d\u00fczenlendi. Sayg\u0131 [&hellip;]<\/p>\n","protected":false},"author":1,"featured_media":9705,"comment_status":"open","ping_status":"open","sticky":false,"template":"","format":"standard","meta":{"jnews-multi-image_gallery":[],"jnews_single_post":[],"jnews_primary_category":[],"footnotes":""},"categories":[2],"tags":[],"class_list":["post-9704","post","type-post","status-publish","format-standard","has-post-thumbnail","hentry","category-dunya"],"yoast_head":"<!-- This site is optimized with the Yoast SEO plugin v27.4 - https:\/\/yoast.com\/product\/yoast-seo-wordpress\/ -->\n<title>G\u00fcler: \u201cK\u0131br\u0131sl\u0131 karde\u015flerimizin me\u015fru \u00e7\u0131karlar\u0131n\u0131 her ko\u015fulda destekliyoruz\u201d - Haber Kuzey<\/title>\n<meta name=\"robots\" content=\"index, follow, max-snippet:-1, max-image-preview:large, max-video-preview:-1\" \/>\n<link rel=\"canonical\" href=\"https:\/\/haberkuzey.com\/index.php\/2024\/09\/19\/guler-kibrisli-kardeslerimizin-mesru-cikarlarini-her-kosulda-destekliyoruz\/\" \/>\n<meta property=\"og:locale\" content=\"tr_TR\" \/>\n<meta property=\"og:type\" content=\"article\" \/>\n<meta property=\"og:title\" content=\"G\u00fcler: \u201cK\u0131br\u0131sl\u0131 karde\u015flerimizin me\u015fru \u00e7\u0131karlar\u0131n\u0131 her ko\u015fulda destekliyoruz\u201d - Haber Kuzey\" \/>\n<meta property=\"og:description\" content=\"T\u00fcrkiye Milli Savunma Bakan\u0131 Ya\u015far G\u00fcler, K\u0131br\u0131s\u2019\u0131n me\u015fru \u00e7\u0131karlar\u0131n\u0131 her ko\u015fulda desteklediklerini belirterek, \u201c\u00dc\u00e7\u00fcnc\u00fc taraflar\u0131n b\u00f6lgedeki giri\u015fimlerini de yak\u0131ndan takip ediyor, buna y\u00f6nelik kendi inisiyatiflerimizin daima haz\u0131r oldu\u011funu belirtmekte yarar g\u00f6r\u00fcyorum.\u201d dedi. Milli Savunma Bakan\u0131 G\u00fcler ile Aile ve Sosyal Hizmetler Bakan\u0131 Mahinur \u00d6zdemir G\u00f6kta\u015f\u2019\u0131n kat\u0131l\u0131m\u0131yla Gaziler G\u00fcn\u00fc kapsam\u0131nda Milli Savunma Bakanl\u0131\u011f\u0131\u2019nda t\u00f6ren d\u00fczenlendi. Sayg\u0131 [&hellip;]\" \/>\n<meta property=\"og:url\" content=\"https:\/\/haberkuzey.com\/index.php\/2024\/09\/19\/guler-kibrisli-kardeslerimizin-mesru-cikarlarini-her-kosulda-destekliyoruz\/\" \/>\n<meta property=\"og:site_name\" content=\"Haber Kuzey\" \/>\n<meta property=\"article:published_time\" content=\"2024-09-19T17:51:46+00:00\" \/>\n<meta property=\"og:image\" content=\"https:\/\/brtk.net\/wp-content\/uploads\/2024\/09\/19\/yasar-gulerrrrrrrrrr-scaled.jpg?ver=ac94392f1898466fa9f4b407e92ad75c\" \/>\n<meta name=\"author\" content=\"haberkuzey\" \/>\n<meta name=\"twitter:card\" content=\"summary_large_image\" \/>\n<meta name=\"twitter:label1\" content=\"Yazan:\" \/>\n\t<meta name=\"twitter:data1\" content=\"haberkuzey\" \/>\n\t<meta name=\"twitter:label2\" content=\"Tahmini okuma s\u00fcresi\" \/>\n\t<meta name=\"twitter:data2\" content=\"3 dakika\" \/>\n<script type=\"application\/ld+json\" class=\"yoast-schema-graph\">{\"@context\":\"https:\\\/\\\/schema.org\",\"@graph\":[{\"@type\":\"Article\",\"@id\":\"https:\\\/\\\/haberkuzey.com\\\/index.php\\\/2024\\\/09\\\/19\\\/guler-kibrisli-kardeslerimizin-mesru-cikarlarini-her-kosulda-destekliyoruz\\\/#article\",\"isPartOf\":{\"@id\":\"https:\\\/\\\/haberkuzey.com\\\/index.php\\\/2024\\\/09\\\/19\\\/guler-kibrisli-kardeslerimizin-mesru-cikarlarini-her-kosulda-destekliyoruz\\\/\"},\"author\":{\"name\":\"haberkuzey\",\"@id\":\"https:\\\/\\\/haberkuzey.com\\\/#\\\/schema\\\/person\\\/3372109ec735f9333f4fa47ebb9605ca\"},\"headline\":\"G\u00fcler: \u201cK\u0131br\u0131sl\u0131 karde\u015flerimizin me\u015fru \u00e7\u0131karlar\u0131n\u0131 her ko\u015fulda destekliyoruz\u201d\",\"datePublished\":\"2024-09-19T17:51:46+00:00\",\"mainEntityOfPage\":{\"@id\":\"https:\\\/\\\/haberkuzey.com\\\/index.php\\\/2024\\\/09\\\/19\\\/guler-kibrisli-kardeslerimizin-mesru-cikarlarini-her-kosulda-destekliyoruz\\\/\"},\"wordCount\":690,\"commentCount\":0,\"image\":{\"@id\":\"https:\\\/\\\/haberkuzey.com\\\/index.php\\\/2024\\\/09\\\/19\\\/guler-kibrisli-kardeslerimizin-mesru-cikarlarini-her-kosulda-destekliyoruz\\\/#primaryimage\"},\"thumbnailUrl\":\"https:\\\/\\\/haberkuzey.com\\\/wp-content\\\/uploads\\\/2024\\\/09\\\/yasar-gulerrrrrrrrrr-scaled.jpg\",\"articleSection\":[\"D\u00fcnya\"],\"inLanguage\":\"tr\",\"potentialAction\":[{\"@type\":\"CommentAction\",\"name\":\"Comment\",\"target\":[\"https:\\\/\\\/haberkuzey.com\\\/index.php\\\/2024\\\/09\\\/19\\\/guler-kibrisli-kardeslerimizin-mesru-cikarlarini-her-kosulda-destekliyoruz\\\/#respond\"]}]},{\"@type\":\"WebPage\",\"@id\":\"https:\\\/\\\/haberkuzey.com\\\/index.php\\\/2024\\\/09\\\/19\\\/guler-kibrisli-kardeslerimizin-mesru-cikarlarini-her-kosulda-destekliyoruz\\\/\",\"url\":\"https:\\\/\\\/haberkuzey.com\\\/index.php\\\/2024\\\/09\\\/19\\\/guler-kibrisli-kardeslerimizin-mesru-cikarlarini-her-kosulda-destekliyoruz\\\/\",\"name\":\"G\u00fcler: \u201cK\u0131br\u0131sl\u0131 karde\u015flerimizin me\u015fru \u00e7\u0131karlar\u0131n\u0131 her ko\u015fulda destekliyoruz\u201d - Haber Kuzey\",\"isPartOf\":{\"@id\":\"https:\\\/\\\/haberkuzey.com\\\/#website\"},\"primaryImageOfPage\":{\"@id\":\"https:\\\/\\\/haberkuzey.com\\\/index.php\\\/2024\\\/09\\\/19\\\/guler-kibrisli-kardeslerimizin-mesru-cikarlarini-her-kosulda-destekliyoruz\\\/#primaryimage\"},\"image\":{\"@id\":\"https:\\\/\\\/haberkuzey.com\\\/index.php\\\/2024\\\/09\\\/19\\\/guler-kibrisli-kardeslerimizin-mesru-cikarlarini-her-kosulda-destekliyoruz\\\/#primaryimage\"},\"thumbnailUrl\":\"https:\\\/\\\/haberkuzey.com\\\/wp-content\\\/uploads\\\/2024\\\/09\\\/yasar-gulerrrrrrrrrr-scaled.jpg\",\"datePublished\":\"2024-09-19T17:51:46+00:00\",\"author\":{\"@id\":\"https:\\\/\\\/haberkuzey.com\\\/#\\\/schema\\\/person\\\/3372109ec735f9333f4fa47ebb9605ca\"},\"breadcrumb\":{\"@id\":\"https:\\\/\\\/haberkuzey.com\\\/index.php\\\/2024\\\/09\\\/19\\\/guler-kibrisli-kardeslerimizin-mesru-cikarlarini-her-kosulda-destekliyoruz\\\/#breadcrumb\"},\"inLanguage\":\"tr\",\"potentialAction\":[{\"@type\":\"ReadAction\",\"target\":[\"https:\\\/\\\/haberkuzey.com\\\/index.php\\\/2024\\\/09\\\/19\\\/guler-kibrisli-kardeslerimizin-mesru-cikarlarini-her-kosulda-destekliyoruz\\\/\"]}]},{\"@type\":\"ImageObject\",\"inLanguage\":\"tr\",\"@id\":\"https:\\\/\\\/haberkuzey.com\\\/index.php\\\/2024\\\/09\\\/19\\\/guler-kibrisli-kardeslerimizin-mesru-cikarlarini-her-kosulda-destekliyoruz\\\/#primaryimage\",\"url\":\"https:\\\/\\\/haberkuzey.com\\\/wp-content\\\/uploads\\\/2024\\\/09\\\/yasar-gulerrrrrrrrrr-scaled.jpg\",\"contentUrl\":\"https:\\\/\\\/haberkuzey.com\\\/wp-content\\\/uploads\\\/2024\\\/09\\\/yasar-gulerrrrrrrrrr-scaled.jpg\",\"width\":2560,\"height\":1707},{\"@type\":\"BreadcrumbList\",\"@id\":\"https:\\\/\\\/haberkuzey.com\\\/index.php\\\/2024\\\/09\\\/19\\\/guler-kibrisli-kardeslerimizin-mesru-cikarlarini-her-kosulda-destekliyoruz\\\/#breadcrumb\",\"itemListElement\":[{\"@type\":\"ListItem\",\"position\":1,\"name\":\"Anasayfa\",\"item\":\"https:\\\/\\\/haberkuzey.com\\\/\"},{\"@type\":\"ListItem\",\"position\":2,\"name\":\"G\u00fcler: \u201cK\u0131br\u0131sl\u0131 karde\u015flerimizin me\u015fru \u00e7\u0131karlar\u0131n\u0131 her ko\u015fulda destekliyoruz\u201d\"}]},{\"@type\":\"WebSite\",\"@id\":\"https:\\\/\\\/haberkuzey.com\\\/#website\",\"url\":\"https:\\\/\\\/haberkuzey.com\\\/\",\"name\":\"Haber Kuzey\",\"description\":\"Do\u011fru Haberin Adresi\",\"potentialAction\":[{\"@type\":\"SearchAction\",\"target\":{\"@type\":\"EntryPoint\",\"urlTemplate\":\"https:\\\/\\\/haberkuzey.com\\\/?s={search_term_string}\"},\"query-input\":{\"@type\":\"PropertyValueSpecification\",\"valueRequired\":true,\"valueName\":\"search_term_string\"}}],\"inLanguage\":\"tr\"},{\"@type\":\"Person\",\"@id\":\"https:\\\/\\\/haberkuzey.com\\\/#\\\/schema\\\/person\\\/3372109ec735f9333f4fa47ebb9605ca\",\"name\":\"haberkuzey\",\"image\":{\"@type\":\"ImageObject\",\"inLanguage\":\"tr\",\"@id\":\"https:\\\/\\\/secure.gravatar.com\\\/avatar\\\/f5fc875574b1575324358c3b9e6a32b8227aa5b74f3fa22e3cadb63e26fcc39c?s=96&d=mm&r=g\",\"url\":\"https:\\\/\\\/secure.gravatar.com\\\/avatar\\\/f5fc875574b1575324358c3b9e6a32b8227aa5b74f3fa22e3cadb63e26fcc39c?s=96&d=mm&r=g\",\"contentUrl\":\"https:\\\/\\\/secure.gravatar.com\\\/avatar\\\/f5fc875574b1575324358c3b9e6a32b8227aa5b74f3fa22e3cadb63e26fcc39c?s=96&d=mm&r=g\",\"caption\":\"haberkuzey\"},\"sameAs\":[\"https:\\\/\\\/haberkuzey.com\"],\"url\":\"https:\\\/\\\/haberkuzey.com\\\/index.php\\\/author\\\/haberkuzey\\\/\"}]}<\/script>\n<!-- \/ Yoast SEO plugin. -->","yoast_head_json":{"title":"G\u00fcler: \u201cK\u0131br\u0131sl\u0131 karde\u015flerimizin me\u015fru \u00e7\u0131karlar\u0131n\u0131 her ko\u015fulda destekliyoruz\u201d - Haber Kuzey","robots":{"index":"index","follow":"follow","max-snippet":"max-snippet:-1","max-image-preview":"max-image-preview:large","max-video-preview":"max-video-preview:-1"},"canonical":"https:\/\/haberkuzey.com\/index.php\/2024\/09\/19\/guler-kibrisli-kardeslerimizin-mesru-cikarlarini-her-kosulda-destekliyoruz\/","og_locale":"tr_TR","og_type":"article","og_title":"G\u00fcler: \u201cK\u0131br\u0131sl\u0131 karde\u015flerimizin me\u015fru \u00e7\u0131karlar\u0131n\u0131 her ko\u015fulda destekliyoruz\u201d - Haber Kuzey","og_description":"T\u00fcrkiye Milli Savunma Bakan\u0131 Ya\u015far G\u00fcler, K\u0131br\u0131s\u2019\u0131n me\u015fru \u00e7\u0131karlar\u0131n\u0131 her ko\u015fulda desteklediklerini belirterek, \u201c\u00dc\u00e7\u00fcnc\u00fc taraflar\u0131n b\u00f6lgedeki giri\u015fimlerini de yak\u0131ndan takip ediyor, buna y\u00f6nelik kendi inisiyatiflerimizin daima haz\u0131r oldu\u011funu belirtmekte yarar g\u00f6r\u00fcyorum.\u201d dedi. Milli Savunma Bakan\u0131 G\u00fcler ile Aile ve Sosyal Hizmetler Bakan\u0131 Mahinur \u00d6zdemir G\u00f6kta\u015f\u2019\u0131n kat\u0131l\u0131m\u0131yla Gaziler G\u00fcn\u00fc kapsam\u0131nda Milli Savunma Bakanl\u0131\u011f\u0131\u2019nda t\u00f6ren d\u00fczenlendi. Sayg\u0131 [&hellip;]","og_url":"https:\/\/haberkuzey.com\/index.php\/2024\/09\/19\/guler-kibrisli-kardeslerimizin-mesru-cikarlarini-her-kosulda-destekliyoruz\/","og_site_name":"Haber Kuzey","article_published_time":"2024-09-19T17:51:46+00:00","og_image":[{"url":"https:\/\/brtk.net\/wp-content\/uploads\/2024\/09\/19\/yasar-gulerrrrrrrrrr-scaled.jpg?ver=ac94392f1898466fa9f4b407e92ad75c","type":"","width":"","height":""}],"author":"haberkuzey","twitter_card":"summary_large_image","twitter_misc":{"Yazan:":"haberkuzey","Tahmini okuma s\u00fcresi":"3 dakika"},"schema":{"@context":"https:\/\/schema.org","@graph":[{"@type":"Article","@id":"https:\/\/haberkuzey.com\/index.php\/2024\/09\/19\/guler-kibrisli-kardeslerimizin-mesru-cikarlarini-her-kosulda-destekliyoruz\/#article","isPartOf":{"@id":"https:\/\/haberkuzey.com\/index.php\/2024\/09\/19\/guler-kibrisli-kardeslerimizin-mesru-cikarlarini-her-kosulda-destekliyoruz\/"},"author":{"name":"haberkuzey","@id":"https:\/\/haberkuzey.com\/#\/schema\/person\/3372109ec735f9333f4fa47ebb9605ca"},"headline":"G\u00fcler: \u201cK\u0131br\u0131sl\u0131 karde\u015flerimizin me\u015fru \u00e7\u0131karlar\u0131n\u0131 her ko\u015fulda destekliyoruz\u201d","datePublished":"2024-09-19T17:51:46+00:00","mainEntityOfPage":{"@id":"https:\/\/haberkuzey.com\/index.php\/2024\/09\/19\/guler-kibrisli-kardeslerimizin-mesru-cikarlarini-her-kosulda-destekliyoruz\/"},"wordCount":690,"commentCount":0,"image":{"@id":"https:\/\/haberkuzey.com\/index.php\/2024\/09\/19\/guler-kibrisli-kardeslerimizin-mesru-cikarlarini-her-kosulda-destekliyoruz\/#primaryimage"},"thumbnailUrl":"https:\/\/haberkuzey.com\/wp-content\/uploads\/2024\/09\/yasar-gulerrrrrrrrrr-scaled.jpg","articleSection":["D\u00fcnya"],"inLanguage":"tr","potentialAction":[{"@type":"CommentAction","name":"Comment","target":["https:\/\/haberkuzey.com\/index.php\/2024\/09\/19\/guler-kibrisli-kardeslerimizin-mesru-cikarlarini-her-kosulda-destekliyoruz\/#respond"]}]},{"@type":"WebPage","@id":"https:\/\/haberkuzey.com\/index.php\/2024\/09\/19\/guler-kibrisli-kardeslerimizin-mesru-cikarlarini-her-kosulda-destekliyoruz\/","url":"https:\/\/haberkuzey.com\/index.php\/2024\/09\/19\/guler-kibrisli-kardeslerimizin-mesru-cikarlarini-her-kosulda-destekliyoruz\/","name":"G\u00fcler: \u201cK\u0131br\u0131sl\u0131 karde\u015flerimizin me\u015fru \u00e7\u0131karlar\u0131n\u0131 her ko\u015fulda destekliyoruz\u201d - Haber Kuzey","isPartOf":{"@id":"https:\/\/haberkuzey.com\/#website"},"primaryImageOfPage":{"@id":"https:\/\/haberkuzey.com\/index.php\/2024\/09\/19\/guler-kibrisli-kardeslerimizin-mesru-cikarlarini-her-kosulda-destekliyoruz\/#primaryimage"},"image":{"@id":"https:\/\/haberkuzey.com\/index.php\/2024\/09\/19\/guler-kibrisli-kardeslerimizin-mesru-cikarlarini-her-kosulda-destekliyoruz\/#primaryimage"},"thumbnailUrl":"https:\/\/haberkuzey.com\/wp-content\/uploads\/2024\/09\/yasar-gulerrrrrrrrrr-scaled.jpg","datePublished":"2024-09-19T17:51:46+00:00","author":{"@id":"https:\/\/haberkuzey.com\/#\/schema\/person\/3372109ec735f9333f4fa47ebb9605ca"},"breadcrumb":{"@id":"https:\/\/haberkuzey.com\/index.php\/2024\/09\/19\/guler-kibrisli-kardeslerimizin-mesru-cikarlarini-her-kosulda-destekliyoruz\/#breadcrumb"},"inLanguage":"tr","potentialAction":[{"@type":"ReadAction","target":["https:\/\/haberkuzey.com\/index.php\/2024\/09\/19\/guler-kibrisli-kardeslerimizin-mesru-cikarlarini-her-kosulda-destekliyoruz\/"]}]},{"@type":"ImageObject","inLanguage":"tr","@id":"https:\/\/haberkuzey.com\/index.php\/2024\/09\/19\/guler-kibrisli-kardeslerimizin-mesru-cikarlarini-her-kosulda-destekliyoruz\/#primaryimage","url":"https:\/\/haberkuzey.com\/wp-content\/uploads\/2024\/09\/yasar-gulerrrrrrrrrr-scaled.jpg","contentUrl":"https:\/\/haberkuzey.com\/wp-content\/uploads\/2024\/09\/yasar-gulerrrrrrrrrr-scaled.jpg","width":2560,"height":1707},{"@type":"BreadcrumbList","@id":"https:\/\/haberkuzey.com\/index.php\/2024\/09\/19\/guler-kibrisli-kardeslerimizin-mesru-cikarlarini-her-kosulda-destekliyoruz\/#breadcrumb","itemListElement":[{"@type":"ListItem","position":1,"name":"Anasayfa","item":"https:\/\/haberkuzey.com\/"},{"@type":"ListItem","position":2,"name":"G\u00fcler: \u201cK\u0131br\u0131sl\u0131 karde\u015flerimizin me\u015fru \u00e7\u0131karlar\u0131n\u0131 her ko\u015fulda destekliyoruz\u201d"}]},{"@type":"WebSite","@id":"https:\/\/haberkuzey.com\/#website","url":"https:\/\/haberkuzey.com\/","name":"Haber Kuzey","description":"Do\u011fru Haberin Adresi","potentialAction":[{"@type":"SearchAction","target":{"@type":"EntryPoint","urlTemplate":"https:\/\/haberkuzey.com\/?s={search_term_string}"},"query-input":{"@type":"PropertyValueSpecification","valueRequired":true,"valueName":"search_term_string"}}],"inLanguage":"tr"},{"@type":"Person","@id":"https:\/\/haberkuzey.com\/#\/schema\/person\/3372109ec735f9333f4fa47ebb9605ca","name":"haberkuzey","image":{"@type":"ImageObject","inLanguage":"tr","@id":"https:\/\/secure.gravatar.com\/avatar\/f5fc875574b1575324358c3b9e6a32b8227aa5b74f3fa22e3cadb63e26fcc39c?s=96&d=mm&r=g","url":"https:\/\/secure.gravatar.com\/avatar\/f5fc875574b1575324358c3b9e6a32b8227aa5b74f3fa22e3cadb63e26fcc39c?s=96&d=mm&r=g","contentUrl":"https:\/\/secure.gravatar.com\/avatar\/f5fc875574b1575324358c3b9e6a32b8227aa5b74f3fa22e3cadb63e26fcc39c?s=96&d=mm&r=g","caption":"haberkuzey"},"sameAs":["https:\/\/haberkuzey.com"],"url":"https:\/\/haberkuzey.com\/index.php\/author\/haberkuzey\/"}]}},"_links":{"self":[{"href":"https:\/\/haberkuzey.com\/index.php\/wp-json\/wp\/v2\/posts\/9704","targetHints":{"allow":["GET"]}}],"collection":[{"href":"https:\/\/haberkuzey.com\/index.php\/wp-json\/wp\/v2\/posts"}],"about":[{"href":"https:\/\/haberkuzey.com\/index.php\/wp-json\/wp\/v2\/types\/post"}],"author":[{"embeddable":true,"href":"https:\/\/haberkuzey.com\/index.php\/wp-json\/wp\/v2\/users\/1"}],"replies":[{"embeddable":true,"href":"https:\/\/haberkuzey.com\/index.php\/wp-json\/wp\/v2\/comments?post=9704"}],"version-history":[{"count":0,"href":"https:\/\/haberkuzey.com\/index.php\/wp-json\/wp\/v2\/posts\/9704\/revisions"}],"wp:featuredmedia":[{"embeddable":true,"href":"https:\/\/haberkuzey.com\/index.php\/wp-json\/wp\/v2\/media\/9705"}],"wp:attachment":[{"href":"https:\/\/haberkuzey.com\/index.php\/wp-json\/wp\/v2\/media?parent=9704"}],"wp:term":[{"taxonomy":"category","embeddable":true,"href":"https:\/\/haberkuzey.com\/index.php\/wp-json\/wp\/v2\/categories?post=9704"},{"taxonomy":"post_tag","embeddable":true,"href":"https:\/\/haberkuzey.com\/index.php\/wp-json\/wp\/v2\/tags?post=9704"}],"curies":[{"name":"wp","href":"https:\/\/api.w.org\/{rel}","templated":true}]}}