{"id":9582,"date":"2024-09-18T10:46:40","date_gmt":"2024-09-18T07:46:40","guid":{"rendered":"https:\/\/haberkuzey.com\/index.php\/2024\/09\/18\/yunanistan-meric-bolgesinde-guvenlik-onlemlerini-yeniden-duzenleyecek\/"},"modified":"2024-09-18T10:46:40","modified_gmt":"2024-09-18T07:46:40","slug":"yunanistan-meric-bolgesinde-guvenlik-onlemlerini-yeniden-duzenleyecek","status":"publish","type":"post","link":"https:\/\/haberkuzey.com\/index.php\/2024\/09\/18\/yunanistan-meric-bolgesinde-guvenlik-onlemlerini-yeniden-duzenleyecek\/","title":{"rendered":"Yunanistan, Meri\u00e7 b\u00f6lgesinde g\u00fcvenlik \u00f6nlemlerini yeniden d\u00fczenleyecek"},"content":{"rendered":"<div>\n<div class=\"mariselle-image-container center\">\n                                            <\/div>\n<p>Yunanistan\u2019\u0131n, T\u00fcrkiye ile olan kara s\u0131n\u0131rlar\u0131n\u0131n korunmas\u0131n\u0131 g\u00fc\u00e7lendirmek amac\u0131yla Meri\u00e7 (Evros) b\u00f6lgesinde g\u00fcvenlik \u00f6nlemlerini yeniden d\u00fczenleme karar\u0131 ald\u0131\u011f\u0131 bildirildi.<\/p>\n<p>Kathimerini gazetesinin haberinde, bu ad\u0131m\u0131n g\u00f6\u00e7 bask\u0131s\u0131ndan ziyade \u201cYunanistan\u2019\u0131n haz\u0131rl\u0131kl\u0131 ve tetikte oldu\u011fu\u201d mesaj\u0131n\u0131 i\u00e7erdi\u011fi de\u011ferlendirmesi yap\u0131ld\u0131.<\/p>\n<p>Haberde, Yunanistan Emniyet Te\u015fkilat\u0131ndan (ELLAS) \u00fcst d\u00fczey bir yetkilinin, s\u0131n\u0131r polislerinin daha \u00f6nce Meri\u00e7 ilinin da\u011fl\u0131k b\u00f6lgelerinde devriye gezdi\u011fini ancak bundan sonra Kum\u00e7iftli\u011fi (Orestiada) ve Dedea\u011fa\u00e7 (Aleksandrupoli) \u00e7evresinde de g\u00f6revlendirilece\u011fini ifade etti\u011fi aktar\u0131ld\u0131.<\/p>\n<p>Yunanistan Vatanda\u015f\u0131 Koruma Bakan\u0131 Mihalis Hrisohoidis, d\u00fcn Kastanies S\u0131n\u0131r Kap\u0131s\u0131\u2019n\u0131 ziyaret ederek burada silahl\u0131 kuvvetler ve polisin Yunan s\u0131n\u0131rlar\u0131n\u0131 koruma g\u00f6revini yerine getirdi\u011fini ve bu \u00e7abalar\u0131n Avrupa taraf\u0131ndan takdir edildi\u011fini belirtti.<\/p>\n<p>Hrisohoidis, Almanya\u2019n\u0131n s\u0131n\u0131rlar\u0131nda ba\u015flatt\u0131\u011f\u0131 kontrollere at\u0131fta bulunarak Kastanies S\u0131n\u0131r Kap\u0131s\u0131\u2019nda pasaport kontrollerinin anla\u015fmalar gere\u011fi eksiksiz yap\u0131ld\u0131\u011f\u0131n\u0131 s\u00f6yledi.<\/p>\n<p><strong>\u2013 Yunanistan, Meri\u00e7\u2019teki \u00e7elik \u00e7iti geni\u015fletmek istiyor<\/strong><\/p>\n<p>Haberde, Atina y\u00f6netiminin, T\u00fcrkiye ile Yunanistan aras\u0131nda bulunan Meri\u00e7 b\u00f6lgesindeki mevcut \u00e7elik \u00e7itin geni\u015fletilmesi i\u00e7in giri\u015fimlerde bulundu\u011fu ve bu geni\u015fletme \u00e7al\u0131\u015fmalar\u0131n\u0131n Avrupa fonlar\u0131yla finanse edilmesi amac\u0131yla diplomatik temaslar\u0131n s\u00fcrd\u00fc\u011f\u00fc kaydedildi.<\/p>\n<\/p><\/div>\n<p><script async\n                    defer\n                    crossorigin=\"anonymous\"\n                    src=\"https:\/\/connect.facebook.net\/tr_TR\/sdk.js#xfbml=1&#038;version=v3.3\"\n            ><\/script><\/p>\n","protected":false},"excerpt":{"rendered":"<p>Yunanistan\u2019\u0131n, T\u00fcrkiye ile olan kara s\u0131n\u0131rlar\u0131n\u0131n korunmas\u0131n\u0131 g\u00fc\u00e7lendirmek amac\u0131yla Meri\u00e7 (Evros) b\u00f6lgesinde g\u00fcvenlik \u00f6nlemlerini yeniden d\u00fczenleme karar\u0131 ald\u0131\u011f\u0131 bildirildi. Kathimerini gazetesinin haberinde, bu ad\u0131m\u0131n g\u00f6\u00e7 bask\u0131s\u0131ndan ziyade \u201cYunanistan\u2019\u0131n haz\u0131rl\u0131kl\u0131 ve tetikte oldu\u011fu\u201d mesaj\u0131n\u0131 i\u00e7erdi\u011fi de\u011ferlendirmesi yap\u0131ld\u0131. Haberde, Yunanistan Emniyet Te\u015fkilat\u0131ndan (ELLAS) \u00fcst d\u00fczey bir yetkilinin, s\u0131n\u0131r polislerinin daha \u00f6nce Meri\u00e7 ilinin da\u011fl\u0131k b\u00f6lgelerinde devriye gezdi\u011fini [&hellip;]<\/p>\n","protected":false},"author":1,"featured_media":9583,"comment_status":"open","ping_status":"open","sticky":false,"template":"","format":"standard","meta":{"jnews-multi-image_gallery":[],"jnews_single_post":[],"jnews_primary_category":[],"footnotes":""},"categories":[2],"tags":[],"class_list":["post-9582","post","type-post","status-publish","format-standard","has-post-thumbnail","hentry","category-dunya"],"yoast_head":"<!-- This site is optimized with the Yoast SEO plugin v27.4 - https:\/\/yoast.com\/product\/yoast-seo-wordpress\/ -->\n<title>Yunanistan, Meri\u00e7 b\u00f6lgesinde g\u00fcvenlik \u00f6nlemlerini yeniden d\u00fczenleyecek - Haber Kuzey<\/title>\n<meta name=\"robots\" content=\"index, follow, max-snippet:-1, max-image-preview:large, max-video-preview:-1\" \/>\n<link rel=\"canonical\" href=\"https:\/\/haberkuzey.com\/index.php\/2024\/09\/18\/yunanistan-meric-bolgesinde-guvenlik-onlemlerini-yeniden-duzenleyecek\/\" \/>\n<meta property=\"og:locale\" content=\"tr_TR\" \/>\n<meta property=\"og:type\" content=\"article\" \/>\n<meta property=\"og:title\" content=\"Yunanistan, Meri\u00e7 b\u00f6lgesinde g\u00fcvenlik \u00f6nlemlerini yeniden d\u00fczenleyecek - Haber Kuzey\" \/>\n<meta property=\"og:description\" content=\"Yunanistan\u2019\u0131n, T\u00fcrkiye ile olan kara s\u0131n\u0131rlar\u0131n\u0131n korunmas\u0131n\u0131 g\u00fc\u00e7lendirmek amac\u0131yla Meri\u00e7 (Evros) b\u00f6lgesinde g\u00fcvenlik \u00f6nlemlerini yeniden d\u00fczenleme karar\u0131 ald\u0131\u011f\u0131 bildirildi. Kathimerini gazetesinin haberinde, bu ad\u0131m\u0131n g\u00f6\u00e7 bask\u0131s\u0131ndan ziyade \u201cYunanistan\u2019\u0131n haz\u0131rl\u0131kl\u0131 ve tetikte oldu\u011fu\u201d mesaj\u0131n\u0131 i\u00e7erdi\u011fi de\u011ferlendirmesi yap\u0131ld\u0131. Haberde, Yunanistan Emniyet Te\u015fkilat\u0131ndan (ELLAS) \u00fcst d\u00fczey bir yetkilinin, s\u0131n\u0131r polislerinin daha \u00f6nce Meri\u00e7 ilinin da\u011fl\u0131k b\u00f6lgelerinde devriye gezdi\u011fini [&hellip;]\" \/>\n<meta property=\"og:url\" content=\"https:\/\/haberkuzey.com\/index.php\/2024\/09\/18\/yunanistan-meric-bolgesinde-guvenlik-onlemlerini-yeniden-duzenleyecek\/\" \/>\n<meta property=\"og:site_name\" content=\"Haber Kuzey\" \/>\n<meta property=\"article:published_time\" content=\"2024-09-18T07:46:40+00:00\" \/>\n<meta property=\"og:image\" content=\"https:\/\/brtk.net\/wp-content\/uploads\/2024\/09\/17\/yunanistan-6.jpg?ver=1cb5fac8b1cdd82931fbc25be364501f\" \/>\n<meta name=\"author\" content=\"haberkuzey\" \/>\n<meta name=\"twitter:card\" content=\"summary_large_image\" \/>\n<meta name=\"twitter:label1\" content=\"Yazan:\" \/>\n\t<meta name=\"twitter:data1\" content=\"haberkuzey\" \/>\n\t<meta name=\"twitter:label2\" content=\"Tahmini okuma s\u00fcresi\" \/>\n\t<meta name=\"twitter:data2\" content=\"1 dakika\" \/>\n<script type=\"application\/ld+json\" class=\"yoast-schema-graph\">{\"@context\":\"https:\\\/\\\/schema.org\",\"@graph\":[{\"@type\":\"Article\",\"@id\":\"https:\\\/\\\/haberkuzey.com\\\/index.php\\\/2024\\\/09\\\/18\\\/yunanistan-meric-bolgesinde-guvenlik-onlemlerini-yeniden-duzenleyecek\\\/#article\",\"isPartOf\":{\"@id\":\"https:\\\/\\\/haberkuzey.com\\\/index.php\\\/2024\\\/09\\\/18\\\/yunanistan-meric-bolgesinde-guvenlik-onlemlerini-yeniden-duzenleyecek\\\/\"},\"author\":{\"name\":\"haberkuzey\",\"@id\":\"https:\\\/\\\/haberkuzey.com\\\/#\\\/schema\\\/person\\\/3372109ec735f9333f4fa47ebb9605ca\"},\"headline\":\"Yunanistan, Meri\u00e7 b\u00f6lgesinde g\u00fcvenlik \u00f6nlemlerini yeniden d\u00fczenleyecek\",\"datePublished\":\"2024-09-18T07:46:40+00:00\",\"mainEntityOfPage\":{\"@id\":\"https:\\\/\\\/haberkuzey.com\\\/index.php\\\/2024\\\/09\\\/18\\\/yunanistan-meric-bolgesinde-guvenlik-onlemlerini-yeniden-duzenleyecek\\\/\"},\"wordCount\":251,\"commentCount\":0,\"image\":{\"@id\":\"https:\\\/\\\/haberkuzey.com\\\/index.php\\\/2024\\\/09\\\/18\\\/yunanistan-meric-bolgesinde-guvenlik-onlemlerini-yeniden-duzenleyecek\\\/#primaryimage\"},\"thumbnailUrl\":\"https:\\\/\\\/haberkuzey.com\\\/wp-content\\\/uploads\\\/2024\\\/09\\\/yunanistan-6.jpg\",\"articleSection\":[\"D\u00fcnya\"],\"inLanguage\":\"tr\",\"potentialAction\":[{\"@type\":\"CommentAction\",\"name\":\"Comment\",\"target\":[\"https:\\\/\\\/haberkuzey.com\\\/index.php\\\/2024\\\/09\\\/18\\\/yunanistan-meric-bolgesinde-guvenlik-onlemlerini-yeniden-duzenleyecek\\\/#respond\"]}]},{\"@type\":\"WebPage\",\"@id\":\"https:\\\/\\\/haberkuzey.com\\\/index.php\\\/2024\\\/09\\\/18\\\/yunanistan-meric-bolgesinde-guvenlik-onlemlerini-yeniden-duzenleyecek\\\/\",\"url\":\"https:\\\/\\\/haberkuzey.com\\\/index.php\\\/2024\\\/09\\\/18\\\/yunanistan-meric-bolgesinde-guvenlik-onlemlerini-yeniden-duzenleyecek\\\/\",\"name\":\"Yunanistan, Meri\u00e7 b\u00f6lgesinde g\u00fcvenlik \u00f6nlemlerini yeniden d\u00fczenleyecek - Haber Kuzey\",\"isPartOf\":{\"@id\":\"https:\\\/\\\/haberkuzey.com\\\/#website\"},\"primaryImageOfPage\":{\"@id\":\"https:\\\/\\\/haberkuzey.com\\\/index.php\\\/2024\\\/09\\\/18\\\/yunanistan-meric-bolgesinde-guvenlik-onlemlerini-yeniden-duzenleyecek\\\/#primaryimage\"},\"image\":{\"@id\":\"https:\\\/\\\/haberkuzey.com\\\/index.php\\\/2024\\\/09\\\/18\\\/yunanistan-meric-bolgesinde-guvenlik-onlemlerini-yeniden-duzenleyecek\\\/#primaryimage\"},\"thumbnailUrl\":\"https:\\\/\\\/haberkuzey.com\\\/wp-content\\\/uploads\\\/2024\\\/09\\\/yunanistan-6.jpg\",\"datePublished\":\"2024-09-18T07:46:40+00:00\",\"author\":{\"@id\":\"https:\\\/\\\/haberkuzey.com\\\/#\\\/schema\\\/person\\\/3372109ec735f9333f4fa47ebb9605ca\"},\"breadcrumb\":{\"@id\":\"https:\\\/\\\/haberkuzey.com\\\/index.php\\\/2024\\\/09\\\/18\\\/yunanistan-meric-bolgesinde-guvenlik-onlemlerini-yeniden-duzenleyecek\\\/#breadcrumb\"},\"inLanguage\":\"tr\",\"potentialAction\":[{\"@type\":\"ReadAction\",\"target\":[\"https:\\\/\\\/haberkuzey.com\\\/index.php\\\/2024\\\/09\\\/18\\\/yunanistan-meric-bolgesinde-guvenlik-onlemlerini-yeniden-duzenleyecek\\\/\"]}]},{\"@type\":\"ImageObject\",\"inLanguage\":\"tr\",\"@id\":\"https:\\\/\\\/haberkuzey.com\\\/index.php\\\/2024\\\/09\\\/18\\\/yunanistan-meric-bolgesinde-guvenlik-onlemlerini-yeniden-duzenleyecek\\\/#primaryimage\",\"url\":\"https:\\\/\\\/haberkuzey.com\\\/wp-content\\\/uploads\\\/2024\\\/09\\\/yunanistan-6.jpg\",\"contentUrl\":\"https:\\\/\\\/haberkuzey.com\\\/wp-content\\\/uploads\\\/2024\\\/09\\\/yunanistan-6.jpg\",\"width\":1280,\"height\":720},{\"@type\":\"BreadcrumbList\",\"@id\":\"https:\\\/\\\/haberkuzey.com\\\/index.php\\\/2024\\\/09\\\/18\\\/yunanistan-meric-bolgesinde-guvenlik-onlemlerini-yeniden-duzenleyecek\\\/#breadcrumb\",\"itemListElement\":[{\"@type\":\"ListItem\",\"position\":1,\"name\":\"Anasayfa\",\"item\":\"https:\\\/\\\/haberkuzey.com\\\/\"},{\"@type\":\"ListItem\",\"position\":2,\"name\":\"Yunanistan, Meri\u00e7 b\u00f6lgesinde g\u00fcvenlik \u00f6nlemlerini yeniden d\u00fczenleyecek\"}]},{\"@type\":\"WebSite\",\"@id\":\"https:\\\/\\\/haberkuzey.com\\\/#website\",\"url\":\"https:\\\/\\\/haberkuzey.com\\\/\",\"name\":\"Haber Kuzey\",\"description\":\"Do\u011fru Haberin Adresi\",\"potentialAction\":[{\"@type\":\"SearchAction\",\"target\":{\"@type\":\"EntryPoint\",\"urlTemplate\":\"https:\\\/\\\/haberkuzey.com\\\/?s={search_term_string}\"},\"query-input\":{\"@type\":\"PropertyValueSpecification\",\"valueRequired\":true,\"valueName\":\"search_term_string\"}}],\"inLanguage\":\"tr\"},{\"@type\":\"Person\",\"@id\":\"https:\\\/\\\/haberkuzey.com\\\/#\\\/schema\\\/person\\\/3372109ec735f9333f4fa47ebb9605ca\",\"name\":\"haberkuzey\",\"image\":{\"@type\":\"ImageObject\",\"inLanguage\":\"tr\",\"@id\":\"https:\\\/\\\/secure.gravatar.com\\\/avatar\\\/f5fc875574b1575324358c3b9e6a32b8227aa5b74f3fa22e3cadb63e26fcc39c?s=96&d=mm&r=g\",\"url\":\"https:\\\/\\\/secure.gravatar.com\\\/avatar\\\/f5fc875574b1575324358c3b9e6a32b8227aa5b74f3fa22e3cadb63e26fcc39c?s=96&d=mm&r=g\",\"contentUrl\":\"https:\\\/\\\/secure.gravatar.com\\\/avatar\\\/f5fc875574b1575324358c3b9e6a32b8227aa5b74f3fa22e3cadb63e26fcc39c?s=96&d=mm&r=g\",\"caption\":\"haberkuzey\"},\"sameAs\":[\"https:\\\/\\\/haberkuzey.com\"],\"url\":\"https:\\\/\\\/haberkuzey.com\\\/index.php\\\/author\\\/haberkuzey\\\/\"}]}<\/script>\n<!-- \/ Yoast SEO plugin. -->","yoast_head_json":{"title":"Yunanistan, Meri\u00e7 b\u00f6lgesinde g\u00fcvenlik \u00f6nlemlerini yeniden d\u00fczenleyecek - Haber Kuzey","robots":{"index":"index","follow":"follow","max-snippet":"max-snippet:-1","max-image-preview":"max-image-preview:large","max-video-preview":"max-video-preview:-1"},"canonical":"https:\/\/haberkuzey.com\/index.php\/2024\/09\/18\/yunanistan-meric-bolgesinde-guvenlik-onlemlerini-yeniden-duzenleyecek\/","og_locale":"tr_TR","og_type":"article","og_title":"Yunanistan, Meri\u00e7 b\u00f6lgesinde g\u00fcvenlik \u00f6nlemlerini yeniden d\u00fczenleyecek - Haber Kuzey","og_description":"Yunanistan\u2019\u0131n, T\u00fcrkiye ile olan kara s\u0131n\u0131rlar\u0131n\u0131n korunmas\u0131n\u0131 g\u00fc\u00e7lendirmek amac\u0131yla Meri\u00e7 (Evros) b\u00f6lgesinde g\u00fcvenlik \u00f6nlemlerini yeniden d\u00fczenleme karar\u0131 ald\u0131\u011f\u0131 bildirildi. Kathimerini gazetesinin haberinde, bu ad\u0131m\u0131n g\u00f6\u00e7 bask\u0131s\u0131ndan ziyade \u201cYunanistan\u2019\u0131n haz\u0131rl\u0131kl\u0131 ve tetikte oldu\u011fu\u201d mesaj\u0131n\u0131 i\u00e7erdi\u011fi de\u011ferlendirmesi yap\u0131ld\u0131. Haberde, Yunanistan Emniyet Te\u015fkilat\u0131ndan (ELLAS) \u00fcst d\u00fczey bir yetkilinin, s\u0131n\u0131r polislerinin daha \u00f6nce Meri\u00e7 ilinin da\u011fl\u0131k b\u00f6lgelerinde devriye gezdi\u011fini [&hellip;]","og_url":"https:\/\/haberkuzey.com\/index.php\/2024\/09\/18\/yunanistan-meric-bolgesinde-guvenlik-onlemlerini-yeniden-duzenleyecek\/","og_site_name":"Haber Kuzey","article_published_time":"2024-09-18T07:46:40+00:00","og_image":[{"url":"https:\/\/brtk.net\/wp-content\/uploads\/2024\/09\/17\/yunanistan-6.jpg?ver=1cb5fac8b1cdd82931fbc25be364501f","type":"","width":"","height":""}],"author":"haberkuzey","twitter_card":"summary_large_image","twitter_misc":{"Yazan:":"haberkuzey","Tahmini okuma s\u00fcresi":"1 dakika"},"schema":{"@context":"https:\/\/schema.org","@graph":[{"@type":"Article","@id":"https:\/\/haberkuzey.com\/index.php\/2024\/09\/18\/yunanistan-meric-bolgesinde-guvenlik-onlemlerini-yeniden-duzenleyecek\/#article","isPartOf":{"@id":"https:\/\/haberkuzey.com\/index.php\/2024\/09\/18\/yunanistan-meric-bolgesinde-guvenlik-onlemlerini-yeniden-duzenleyecek\/"},"author":{"name":"haberkuzey","@id":"https:\/\/haberkuzey.com\/#\/schema\/person\/3372109ec735f9333f4fa47ebb9605ca"},"headline":"Yunanistan, Meri\u00e7 b\u00f6lgesinde g\u00fcvenlik \u00f6nlemlerini yeniden d\u00fczenleyecek","datePublished":"2024-09-18T07:46:40+00:00","mainEntityOfPage":{"@id":"https:\/\/haberkuzey.com\/index.php\/2024\/09\/18\/yunanistan-meric-bolgesinde-guvenlik-onlemlerini-yeniden-duzenleyecek\/"},"wordCount":251,"commentCount":0,"image":{"@id":"https:\/\/haberkuzey.com\/index.php\/2024\/09\/18\/yunanistan-meric-bolgesinde-guvenlik-onlemlerini-yeniden-duzenleyecek\/#primaryimage"},"thumbnailUrl":"https:\/\/haberkuzey.com\/wp-content\/uploads\/2024\/09\/yunanistan-6.jpg","articleSection":["D\u00fcnya"],"inLanguage":"tr","potentialAction":[{"@type":"CommentAction","name":"Comment","target":["https:\/\/haberkuzey.com\/index.php\/2024\/09\/18\/yunanistan-meric-bolgesinde-guvenlik-onlemlerini-yeniden-duzenleyecek\/#respond"]}]},{"@type":"WebPage","@id":"https:\/\/haberkuzey.com\/index.php\/2024\/09\/18\/yunanistan-meric-bolgesinde-guvenlik-onlemlerini-yeniden-duzenleyecek\/","url":"https:\/\/haberkuzey.com\/index.php\/2024\/09\/18\/yunanistan-meric-bolgesinde-guvenlik-onlemlerini-yeniden-duzenleyecek\/","name":"Yunanistan, Meri\u00e7 b\u00f6lgesinde g\u00fcvenlik \u00f6nlemlerini yeniden d\u00fczenleyecek - Haber Kuzey","isPartOf":{"@id":"https:\/\/haberkuzey.com\/#website"},"primaryImageOfPage":{"@id":"https:\/\/haberkuzey.com\/index.php\/2024\/09\/18\/yunanistan-meric-bolgesinde-guvenlik-onlemlerini-yeniden-duzenleyecek\/#primaryimage"},"image":{"@id":"https:\/\/haberkuzey.com\/index.php\/2024\/09\/18\/yunanistan-meric-bolgesinde-guvenlik-onlemlerini-yeniden-duzenleyecek\/#primaryimage"},"thumbnailUrl":"https:\/\/haberkuzey.com\/wp-content\/uploads\/2024\/09\/yunanistan-6.jpg","datePublished":"2024-09-18T07:46:40+00:00","author":{"@id":"https:\/\/haberkuzey.com\/#\/schema\/person\/3372109ec735f9333f4fa47ebb9605ca"},"breadcrumb":{"@id":"https:\/\/haberkuzey.com\/index.php\/2024\/09\/18\/yunanistan-meric-bolgesinde-guvenlik-onlemlerini-yeniden-duzenleyecek\/#breadcrumb"},"inLanguage":"tr","potentialAction":[{"@type":"ReadAction","target":["https:\/\/haberkuzey.com\/index.php\/2024\/09\/18\/yunanistan-meric-bolgesinde-guvenlik-onlemlerini-yeniden-duzenleyecek\/"]}]},{"@type":"ImageObject","inLanguage":"tr","@id":"https:\/\/haberkuzey.com\/index.php\/2024\/09\/18\/yunanistan-meric-bolgesinde-guvenlik-onlemlerini-yeniden-duzenleyecek\/#primaryimage","url":"https:\/\/haberkuzey.com\/wp-content\/uploads\/2024\/09\/yunanistan-6.jpg","contentUrl":"https:\/\/haberkuzey.com\/wp-content\/uploads\/2024\/09\/yunanistan-6.jpg","width":1280,"height":720},{"@type":"BreadcrumbList","@id":"https:\/\/haberkuzey.com\/index.php\/2024\/09\/18\/yunanistan-meric-bolgesinde-guvenlik-onlemlerini-yeniden-duzenleyecek\/#breadcrumb","itemListElement":[{"@type":"ListItem","position":1,"name":"Anasayfa","item":"https:\/\/haberkuzey.com\/"},{"@type":"ListItem","position":2,"name":"Yunanistan, Meri\u00e7 b\u00f6lgesinde g\u00fcvenlik \u00f6nlemlerini yeniden d\u00fczenleyecek"}]},{"@type":"WebSite","@id":"https:\/\/haberkuzey.com\/#website","url":"https:\/\/haberkuzey.com\/","name":"Haber Kuzey","description":"Do\u011fru Haberin Adresi","potentialAction":[{"@type":"SearchAction","target":{"@type":"EntryPoint","urlTemplate":"https:\/\/haberkuzey.com\/?s={search_term_string}"},"query-input":{"@type":"PropertyValueSpecification","valueRequired":true,"valueName":"search_term_string"}}],"inLanguage":"tr"},{"@type":"Person","@id":"https:\/\/haberkuzey.com\/#\/schema\/person\/3372109ec735f9333f4fa47ebb9605ca","name":"haberkuzey","image":{"@type":"ImageObject","inLanguage":"tr","@id":"https:\/\/secure.gravatar.com\/avatar\/f5fc875574b1575324358c3b9e6a32b8227aa5b74f3fa22e3cadb63e26fcc39c?s=96&d=mm&r=g","url":"https:\/\/secure.gravatar.com\/avatar\/f5fc875574b1575324358c3b9e6a32b8227aa5b74f3fa22e3cadb63e26fcc39c?s=96&d=mm&r=g","contentUrl":"https:\/\/secure.gravatar.com\/avatar\/f5fc875574b1575324358c3b9e6a32b8227aa5b74f3fa22e3cadb63e26fcc39c?s=96&d=mm&r=g","caption":"haberkuzey"},"sameAs":["https:\/\/haberkuzey.com"],"url":"https:\/\/haberkuzey.com\/index.php\/author\/haberkuzey\/"}]}},"_links":{"self":[{"href":"https:\/\/haberkuzey.com\/index.php\/wp-json\/wp\/v2\/posts\/9582","targetHints":{"allow":["GET"]}}],"collection":[{"href":"https:\/\/haberkuzey.com\/index.php\/wp-json\/wp\/v2\/posts"}],"about":[{"href":"https:\/\/haberkuzey.com\/index.php\/wp-json\/wp\/v2\/types\/post"}],"author":[{"embeddable":true,"href":"https:\/\/haberkuzey.com\/index.php\/wp-json\/wp\/v2\/users\/1"}],"replies":[{"embeddable":true,"href":"https:\/\/haberkuzey.com\/index.php\/wp-json\/wp\/v2\/comments?post=9582"}],"version-history":[{"count":0,"href":"https:\/\/haberkuzey.com\/index.php\/wp-json\/wp\/v2\/posts\/9582\/revisions"}],"wp:featuredmedia":[{"embeddable":true,"href":"https:\/\/haberkuzey.com\/index.php\/wp-json\/wp\/v2\/media\/9583"}],"wp:attachment":[{"href":"https:\/\/haberkuzey.com\/index.php\/wp-json\/wp\/v2\/media?parent=9582"}],"wp:term":[{"taxonomy":"category","embeddable":true,"href":"https:\/\/haberkuzey.com\/index.php\/wp-json\/wp\/v2\/categories?post=9582"},{"taxonomy":"post_tag","embeddable":true,"href":"https:\/\/haberkuzey.com\/index.php\/wp-json\/wp\/v2\/tags?post=9582"}],"curies":[{"name":"wp","href":"https:\/\/api.w.org\/{rel}","templated":true}]}}