{"id":9548,"date":"2024-09-17T15:02:02","date_gmt":"2024-09-17T12:02:02","guid":{"rendered":"https:\/\/haberkuzey.com\/index.php\/2024\/09\/17\/narinin-olum-nedeni-belli-oldu\/"},"modified":"2024-09-17T15:02:02","modified_gmt":"2024-09-17T12:02:02","slug":"narinin-olum-nedeni-belli-oldu","status":"publish","type":"post","link":"https:\/\/haberkuzey.com\/index.php\/2024\/09\/17\/narinin-olum-nedeni-belli-oldu\/","title":{"rendered":"Narin\u2019in \u00f6l\u00fcm nedeni belli oldu"},"content":{"rendered":"<div>\n<div class=\"mariselle-image-container center\">\n                                            <\/div>\n<p>\u00a0<br \/>Diyarbak\u0131r\u2019da 8 ya\u015f\u0131ndaki Narin G\u00fcran\u2019\u0131n \u2018bo\u011fularak \u00f6ld\u00fcr\u00fcld\u00fc\u011f\u00fc\u2019 tespit edildi.<br \/>\u00a0<\/p>\n<p>Diyarbak\u0131r\u2019da 8 ya\u015f\u0131ndaki Narin G\u00fcran\u2019\u0131n \u2018bo\u011fularak \u00f6ld\u00fcr\u00fcld\u00fc\u011f\u00fc\u2019 tespit edildi.<\/p>\n<p>\u00a0<\/p>\n<p>Merkez Ba\u011flar il\u00e7esinin Tav\u015fantepe Mahallesi\u2019nde 21 A\u011fustos\u2019ta kaybolan ve d\u00fcn E\u011fertutmaz Deresi\u2019nde cans\u0131z bedenine ula\u015f\u0131lan 8 ya\u015f\u0131ndaki Narin G\u00fcran\u2019\u0131n \u00f6l\u00fcm\u00fcne ili\u015fkin Diyarbak\u0131r Cumhuriyet Ba\u015fsavc\u0131l\u0131\u011f\u0131nca y\u00fcr\u00fct\u00fclen soru\u015fturma s\u00fcr\u00fcyor.<\/p>\n<p>Soru\u015fturmada, aralar\u0131nda anne Y\u00fcksel ve a\u011fabey Enes G\u00fcran\u2019\u0131n da bulundu\u011fu 11 zanl\u0131 tutuklanm\u0131\u015ft\u0131.<\/p>\n<p>\u00d6te yandan \u00e7\u0131kar\u0131ld\u0131\u011f\u0131 n\u00f6bet\u00e7i sulh ceza hakimli\u011fince \u201cSu\u00e7 delillerini yok etmek\u201d su\u00e7undan tutuklanan amca Fuat G\u00fcran\u2019\u0131n 13 Eyl\u00fcl\u2019de g\u00f6zalt\u0131na al\u0131nan e\u015fi Hediye G\u00fcran\u2019\u0131n, jandarmadaki i\u015flemlerin ard\u0131ndan getirildi\u011fi adliyede savc\u0131l\u0131ktaki sorgusu tamamland\u0131.<\/p>\n<p>G\u00fcran, \u201cKasten \u00f6ld\u00fcrmeye i\u015ftirak\u201d su\u00e7undan tutuklama talebiyle n\u00f6bet\u00e7i sulh ceza hakimli\u011fine sevk edildi.<\/p>\n<p>TRT<\/p>\n<\/p><\/div>\n<p><script async\n                    defer\n                    crossorigin=\"anonymous\"\n                    src=\"https:\/\/connect.facebook.net\/tr_TR\/sdk.js#xfbml=1&#038;version=v3.3\"\n            ><\/script><\/p>\n","protected":false},"excerpt":{"rendered":"<p>\u00a0Diyarbak\u0131r\u2019da 8 ya\u015f\u0131ndaki Narin G\u00fcran\u2019\u0131n \u2018bo\u011fularak \u00f6ld\u00fcr\u00fcld\u00fc\u011f\u00fc\u2019 tespit edildi.\u00a0 Diyarbak\u0131r\u2019da 8 ya\u015f\u0131ndaki Narin G\u00fcran\u2019\u0131n \u2018bo\u011fularak \u00f6ld\u00fcr\u00fcld\u00fc\u011f\u00fc\u2019 tespit edildi. \u00a0 Merkez Ba\u011flar il\u00e7esinin Tav\u015fantepe Mahallesi\u2019nde 21 A\u011fustos\u2019ta kaybolan ve d\u00fcn E\u011fertutmaz Deresi\u2019nde cans\u0131z bedenine ula\u015f\u0131lan 8 ya\u015f\u0131ndaki Narin G\u00fcran\u2019\u0131n \u00f6l\u00fcm\u00fcne ili\u015fkin Diyarbak\u0131r Cumhuriyet Ba\u015fsavc\u0131l\u0131\u011f\u0131nca y\u00fcr\u00fct\u00fclen soru\u015fturma s\u00fcr\u00fcyor. Soru\u015fturmada, aralar\u0131nda anne Y\u00fcksel ve a\u011fabey Enes G\u00fcran\u2019\u0131n da [&hellip;]<\/p>\n","protected":false},"author":1,"featured_media":9302,"comment_status":"open","ping_status":"open","sticky":false,"template":"","format":"standard","meta":{"jnews-multi-image_gallery":[],"jnews_single_post":[],"jnews_primary_category":[],"footnotes":""},"categories":[2],"tags":[],"class_list":["post-9548","post","type-post","status-publish","format-standard","has-post-thumbnail","hentry","category-dunya"],"yoast_head":"<!-- This site is optimized with the Yoast SEO plugin v27.4 - https:\/\/yoast.com\/product\/yoast-seo-wordpress\/ -->\n<title>Narin\u2019in \u00f6l\u00fcm nedeni belli oldu - Haber Kuzey<\/title>\n<meta name=\"robots\" content=\"index, follow, max-snippet:-1, max-image-preview:large, max-video-preview:-1\" \/>\n<link rel=\"canonical\" href=\"https:\/\/haberkuzey.com\/index.php\/2024\/09\/17\/narinin-olum-nedeni-belli-oldu\/\" \/>\n<meta property=\"og:locale\" content=\"tr_TR\" \/>\n<meta property=\"og:type\" content=\"article\" \/>\n<meta property=\"og:title\" content=\"Narin\u2019in \u00f6l\u00fcm nedeni belli oldu - Haber Kuzey\" \/>\n<meta property=\"og:description\" content=\"\u00a0Diyarbak\u0131r\u2019da 8 ya\u015f\u0131ndaki Narin G\u00fcran\u2019\u0131n \u2018bo\u011fularak \u00f6ld\u00fcr\u00fcld\u00fc\u011f\u00fc\u2019 tespit edildi.\u00a0 Diyarbak\u0131r\u2019da 8 ya\u015f\u0131ndaki Narin G\u00fcran\u2019\u0131n \u2018bo\u011fularak \u00f6ld\u00fcr\u00fcld\u00fc\u011f\u00fc\u2019 tespit edildi. \u00a0 Merkez Ba\u011flar il\u00e7esinin Tav\u015fantepe Mahallesi\u2019nde 21 A\u011fustos\u2019ta kaybolan ve d\u00fcn E\u011fertutmaz Deresi\u2019nde cans\u0131z bedenine ula\u015f\u0131lan 8 ya\u015f\u0131ndaki Narin G\u00fcran\u2019\u0131n \u00f6l\u00fcm\u00fcne ili\u015fkin Diyarbak\u0131r Cumhuriyet Ba\u015fsavc\u0131l\u0131\u011f\u0131nca y\u00fcr\u00fct\u00fclen soru\u015fturma s\u00fcr\u00fcyor. Soru\u015fturmada, aralar\u0131nda anne Y\u00fcksel ve a\u011fabey Enes G\u00fcran\u2019\u0131n da [&hellip;]\" \/>\n<meta property=\"og:url\" content=\"https:\/\/haberkuzey.com\/index.php\/2024\/09\/17\/narinin-olum-nedeni-belli-oldu\/\" \/>\n<meta property=\"og:site_name\" content=\"Haber Kuzey\" \/>\n<meta property=\"article:published_time\" content=\"2024-09-17T12:02:02+00:00\" \/>\n<meta property=\"og:image\" content=\"https:\/\/brtk.net\/wp-content\/uploads\/2024\/09\/13\/kl-scaled.jpg?ver=7643226ad6f42e4da3f69a4e3f93a3e5\" \/>\n<meta name=\"author\" content=\"haberkuzey\" \/>\n<meta name=\"twitter:card\" content=\"summary_large_image\" \/>\n<meta name=\"twitter:label1\" content=\"Yazan:\" \/>\n\t<meta name=\"twitter:data1\" content=\"haberkuzey\" \/>\n\t<meta name=\"twitter:label2\" content=\"Tahmini okuma s\u00fcresi\" \/>\n\t<meta name=\"twitter:data2\" content=\"1 dakika\" \/>\n<script type=\"application\/ld+json\" class=\"yoast-schema-graph\">{\"@context\":\"https:\\\/\\\/schema.org\",\"@graph\":[{\"@type\":\"Article\",\"@id\":\"https:\\\/\\\/haberkuzey.com\\\/index.php\\\/2024\\\/09\\\/17\\\/narinin-olum-nedeni-belli-oldu\\\/#article\",\"isPartOf\":{\"@id\":\"https:\\\/\\\/haberkuzey.com\\\/index.php\\\/2024\\\/09\\\/17\\\/narinin-olum-nedeni-belli-oldu\\\/\"},\"author\":{\"name\":\"haberkuzey\",\"@id\":\"https:\\\/\\\/haberkuzey.com\\\/#\\\/schema\\\/person\\\/3372109ec735f9333f4fa47ebb9605ca\"},\"headline\":\"Narin\u2019in \u00f6l\u00fcm nedeni belli oldu\",\"datePublished\":\"2024-09-17T12:02:02+00:00\",\"mainEntityOfPage\":{\"@id\":\"https:\\\/\\\/haberkuzey.com\\\/index.php\\\/2024\\\/09\\\/17\\\/narinin-olum-nedeni-belli-oldu\\\/\"},\"wordCount\":182,\"commentCount\":0,\"image\":{\"@id\":\"https:\\\/\\\/haberkuzey.com\\\/index.php\\\/2024\\\/09\\\/17\\\/narinin-olum-nedeni-belli-oldu\\\/#primaryimage\"},\"thumbnailUrl\":\"https:\\\/\\\/haberkuzey.com\\\/wp-content\\\/uploads\\\/2024\\\/09\\\/kl-scaled.jpg\",\"articleSection\":[\"D\u00fcnya\"],\"inLanguage\":\"tr\",\"potentialAction\":[{\"@type\":\"CommentAction\",\"name\":\"Comment\",\"target\":[\"https:\\\/\\\/haberkuzey.com\\\/index.php\\\/2024\\\/09\\\/17\\\/narinin-olum-nedeni-belli-oldu\\\/#respond\"]}]},{\"@type\":\"WebPage\",\"@id\":\"https:\\\/\\\/haberkuzey.com\\\/index.php\\\/2024\\\/09\\\/17\\\/narinin-olum-nedeni-belli-oldu\\\/\",\"url\":\"https:\\\/\\\/haberkuzey.com\\\/index.php\\\/2024\\\/09\\\/17\\\/narinin-olum-nedeni-belli-oldu\\\/\",\"name\":\"Narin\u2019in \u00f6l\u00fcm nedeni belli oldu - Haber Kuzey\",\"isPartOf\":{\"@id\":\"https:\\\/\\\/haberkuzey.com\\\/#website\"},\"primaryImageOfPage\":{\"@id\":\"https:\\\/\\\/haberkuzey.com\\\/index.php\\\/2024\\\/09\\\/17\\\/narinin-olum-nedeni-belli-oldu\\\/#primaryimage\"},\"image\":{\"@id\":\"https:\\\/\\\/haberkuzey.com\\\/index.php\\\/2024\\\/09\\\/17\\\/narinin-olum-nedeni-belli-oldu\\\/#primaryimage\"},\"thumbnailUrl\":\"https:\\\/\\\/haberkuzey.com\\\/wp-content\\\/uploads\\\/2024\\\/09\\\/kl-scaled.jpg\",\"datePublished\":\"2024-09-17T12:02:02+00:00\",\"author\":{\"@id\":\"https:\\\/\\\/haberkuzey.com\\\/#\\\/schema\\\/person\\\/3372109ec735f9333f4fa47ebb9605ca\"},\"breadcrumb\":{\"@id\":\"https:\\\/\\\/haberkuzey.com\\\/index.php\\\/2024\\\/09\\\/17\\\/narinin-olum-nedeni-belli-oldu\\\/#breadcrumb\"},\"inLanguage\":\"tr\",\"potentialAction\":[{\"@type\":\"ReadAction\",\"target\":[\"https:\\\/\\\/haberkuzey.com\\\/index.php\\\/2024\\\/09\\\/17\\\/narinin-olum-nedeni-belli-oldu\\\/\"]}]},{\"@type\":\"ImageObject\",\"inLanguage\":\"tr\",\"@id\":\"https:\\\/\\\/haberkuzey.com\\\/index.php\\\/2024\\\/09\\\/17\\\/narinin-olum-nedeni-belli-oldu\\\/#primaryimage\",\"url\":\"https:\\\/\\\/haberkuzey.com\\\/wp-content\\\/uploads\\\/2024\\\/09\\\/kl-scaled.jpg\",\"contentUrl\":\"https:\\\/\\\/haberkuzey.com\\\/wp-content\\\/uploads\\\/2024\\\/09\\\/kl-scaled.jpg\",\"width\":2560,\"height\":1707},{\"@type\":\"BreadcrumbList\",\"@id\":\"https:\\\/\\\/haberkuzey.com\\\/index.php\\\/2024\\\/09\\\/17\\\/narinin-olum-nedeni-belli-oldu\\\/#breadcrumb\",\"itemListElement\":[{\"@type\":\"ListItem\",\"position\":1,\"name\":\"Anasayfa\",\"item\":\"https:\\\/\\\/haberkuzey.com\\\/\"},{\"@type\":\"ListItem\",\"position\":2,\"name\":\"Narin\u2019in \u00f6l\u00fcm nedeni belli oldu\"}]},{\"@type\":\"WebSite\",\"@id\":\"https:\\\/\\\/haberkuzey.com\\\/#website\",\"url\":\"https:\\\/\\\/haberkuzey.com\\\/\",\"name\":\"Haber Kuzey\",\"description\":\"Do\u011fru Haberin Adresi\",\"potentialAction\":[{\"@type\":\"SearchAction\",\"target\":{\"@type\":\"EntryPoint\",\"urlTemplate\":\"https:\\\/\\\/haberkuzey.com\\\/?s={search_term_string}\"},\"query-input\":{\"@type\":\"PropertyValueSpecification\",\"valueRequired\":true,\"valueName\":\"search_term_string\"}}],\"inLanguage\":\"tr\"},{\"@type\":\"Person\",\"@id\":\"https:\\\/\\\/haberkuzey.com\\\/#\\\/schema\\\/person\\\/3372109ec735f9333f4fa47ebb9605ca\",\"name\":\"haberkuzey\",\"image\":{\"@type\":\"ImageObject\",\"inLanguage\":\"tr\",\"@id\":\"https:\\\/\\\/secure.gravatar.com\\\/avatar\\\/f5fc875574b1575324358c3b9e6a32b8227aa5b74f3fa22e3cadb63e26fcc39c?s=96&d=mm&r=g\",\"url\":\"https:\\\/\\\/secure.gravatar.com\\\/avatar\\\/f5fc875574b1575324358c3b9e6a32b8227aa5b74f3fa22e3cadb63e26fcc39c?s=96&d=mm&r=g\",\"contentUrl\":\"https:\\\/\\\/secure.gravatar.com\\\/avatar\\\/f5fc875574b1575324358c3b9e6a32b8227aa5b74f3fa22e3cadb63e26fcc39c?s=96&d=mm&r=g\",\"caption\":\"haberkuzey\"},\"sameAs\":[\"https:\\\/\\\/haberkuzey.com\"],\"url\":\"https:\\\/\\\/haberkuzey.com\\\/index.php\\\/author\\\/haberkuzey\\\/\"}]}<\/script>\n<!-- \/ Yoast SEO plugin. -->","yoast_head_json":{"title":"Narin\u2019in \u00f6l\u00fcm nedeni belli oldu - Haber Kuzey","robots":{"index":"index","follow":"follow","max-snippet":"max-snippet:-1","max-image-preview":"max-image-preview:large","max-video-preview":"max-video-preview:-1"},"canonical":"https:\/\/haberkuzey.com\/index.php\/2024\/09\/17\/narinin-olum-nedeni-belli-oldu\/","og_locale":"tr_TR","og_type":"article","og_title":"Narin\u2019in \u00f6l\u00fcm nedeni belli oldu - Haber Kuzey","og_description":"\u00a0Diyarbak\u0131r\u2019da 8 ya\u015f\u0131ndaki Narin G\u00fcran\u2019\u0131n \u2018bo\u011fularak \u00f6ld\u00fcr\u00fcld\u00fc\u011f\u00fc\u2019 tespit edildi.\u00a0 Diyarbak\u0131r\u2019da 8 ya\u015f\u0131ndaki Narin G\u00fcran\u2019\u0131n \u2018bo\u011fularak \u00f6ld\u00fcr\u00fcld\u00fc\u011f\u00fc\u2019 tespit edildi. \u00a0 Merkez Ba\u011flar il\u00e7esinin Tav\u015fantepe Mahallesi\u2019nde 21 A\u011fustos\u2019ta kaybolan ve d\u00fcn E\u011fertutmaz Deresi\u2019nde cans\u0131z bedenine ula\u015f\u0131lan 8 ya\u015f\u0131ndaki Narin G\u00fcran\u2019\u0131n \u00f6l\u00fcm\u00fcne ili\u015fkin Diyarbak\u0131r Cumhuriyet Ba\u015fsavc\u0131l\u0131\u011f\u0131nca y\u00fcr\u00fct\u00fclen soru\u015fturma s\u00fcr\u00fcyor. Soru\u015fturmada, aralar\u0131nda anne Y\u00fcksel ve a\u011fabey Enes G\u00fcran\u2019\u0131n da [&hellip;]","og_url":"https:\/\/haberkuzey.com\/index.php\/2024\/09\/17\/narinin-olum-nedeni-belli-oldu\/","og_site_name":"Haber Kuzey","article_published_time":"2024-09-17T12:02:02+00:00","og_image":[{"url":"https:\/\/brtk.net\/wp-content\/uploads\/2024\/09\/13\/kl-scaled.jpg?ver=7643226ad6f42e4da3f69a4e3f93a3e5","type":"","width":"","height":""}],"author":"haberkuzey","twitter_card":"summary_large_image","twitter_misc":{"Yazan:":"haberkuzey","Tahmini okuma s\u00fcresi":"1 dakika"},"schema":{"@context":"https:\/\/schema.org","@graph":[{"@type":"Article","@id":"https:\/\/haberkuzey.com\/index.php\/2024\/09\/17\/narinin-olum-nedeni-belli-oldu\/#article","isPartOf":{"@id":"https:\/\/haberkuzey.com\/index.php\/2024\/09\/17\/narinin-olum-nedeni-belli-oldu\/"},"author":{"name":"haberkuzey","@id":"https:\/\/haberkuzey.com\/#\/schema\/person\/3372109ec735f9333f4fa47ebb9605ca"},"headline":"Narin\u2019in \u00f6l\u00fcm nedeni belli oldu","datePublished":"2024-09-17T12:02:02+00:00","mainEntityOfPage":{"@id":"https:\/\/haberkuzey.com\/index.php\/2024\/09\/17\/narinin-olum-nedeni-belli-oldu\/"},"wordCount":182,"commentCount":0,"image":{"@id":"https:\/\/haberkuzey.com\/index.php\/2024\/09\/17\/narinin-olum-nedeni-belli-oldu\/#primaryimage"},"thumbnailUrl":"https:\/\/haberkuzey.com\/wp-content\/uploads\/2024\/09\/kl-scaled.jpg","articleSection":["D\u00fcnya"],"inLanguage":"tr","potentialAction":[{"@type":"CommentAction","name":"Comment","target":["https:\/\/haberkuzey.com\/index.php\/2024\/09\/17\/narinin-olum-nedeni-belli-oldu\/#respond"]}]},{"@type":"WebPage","@id":"https:\/\/haberkuzey.com\/index.php\/2024\/09\/17\/narinin-olum-nedeni-belli-oldu\/","url":"https:\/\/haberkuzey.com\/index.php\/2024\/09\/17\/narinin-olum-nedeni-belli-oldu\/","name":"Narin\u2019in \u00f6l\u00fcm nedeni belli oldu - Haber Kuzey","isPartOf":{"@id":"https:\/\/haberkuzey.com\/#website"},"primaryImageOfPage":{"@id":"https:\/\/haberkuzey.com\/index.php\/2024\/09\/17\/narinin-olum-nedeni-belli-oldu\/#primaryimage"},"image":{"@id":"https:\/\/haberkuzey.com\/index.php\/2024\/09\/17\/narinin-olum-nedeni-belli-oldu\/#primaryimage"},"thumbnailUrl":"https:\/\/haberkuzey.com\/wp-content\/uploads\/2024\/09\/kl-scaled.jpg","datePublished":"2024-09-17T12:02:02+00:00","author":{"@id":"https:\/\/haberkuzey.com\/#\/schema\/person\/3372109ec735f9333f4fa47ebb9605ca"},"breadcrumb":{"@id":"https:\/\/haberkuzey.com\/index.php\/2024\/09\/17\/narinin-olum-nedeni-belli-oldu\/#breadcrumb"},"inLanguage":"tr","potentialAction":[{"@type":"ReadAction","target":["https:\/\/haberkuzey.com\/index.php\/2024\/09\/17\/narinin-olum-nedeni-belli-oldu\/"]}]},{"@type":"ImageObject","inLanguage":"tr","@id":"https:\/\/haberkuzey.com\/index.php\/2024\/09\/17\/narinin-olum-nedeni-belli-oldu\/#primaryimage","url":"https:\/\/haberkuzey.com\/wp-content\/uploads\/2024\/09\/kl-scaled.jpg","contentUrl":"https:\/\/haberkuzey.com\/wp-content\/uploads\/2024\/09\/kl-scaled.jpg","width":2560,"height":1707},{"@type":"BreadcrumbList","@id":"https:\/\/haberkuzey.com\/index.php\/2024\/09\/17\/narinin-olum-nedeni-belli-oldu\/#breadcrumb","itemListElement":[{"@type":"ListItem","position":1,"name":"Anasayfa","item":"https:\/\/haberkuzey.com\/"},{"@type":"ListItem","position":2,"name":"Narin\u2019in \u00f6l\u00fcm nedeni belli oldu"}]},{"@type":"WebSite","@id":"https:\/\/haberkuzey.com\/#website","url":"https:\/\/haberkuzey.com\/","name":"Haber Kuzey","description":"Do\u011fru Haberin Adresi","potentialAction":[{"@type":"SearchAction","target":{"@type":"EntryPoint","urlTemplate":"https:\/\/haberkuzey.com\/?s={search_term_string}"},"query-input":{"@type":"PropertyValueSpecification","valueRequired":true,"valueName":"search_term_string"}}],"inLanguage":"tr"},{"@type":"Person","@id":"https:\/\/haberkuzey.com\/#\/schema\/person\/3372109ec735f9333f4fa47ebb9605ca","name":"haberkuzey","image":{"@type":"ImageObject","inLanguage":"tr","@id":"https:\/\/secure.gravatar.com\/avatar\/f5fc875574b1575324358c3b9e6a32b8227aa5b74f3fa22e3cadb63e26fcc39c?s=96&d=mm&r=g","url":"https:\/\/secure.gravatar.com\/avatar\/f5fc875574b1575324358c3b9e6a32b8227aa5b74f3fa22e3cadb63e26fcc39c?s=96&d=mm&r=g","contentUrl":"https:\/\/secure.gravatar.com\/avatar\/f5fc875574b1575324358c3b9e6a32b8227aa5b74f3fa22e3cadb63e26fcc39c?s=96&d=mm&r=g","caption":"haberkuzey"},"sameAs":["https:\/\/haberkuzey.com"],"url":"https:\/\/haberkuzey.com\/index.php\/author\/haberkuzey\/"}]}},"_links":{"self":[{"href":"https:\/\/haberkuzey.com\/index.php\/wp-json\/wp\/v2\/posts\/9548","targetHints":{"allow":["GET"]}}],"collection":[{"href":"https:\/\/haberkuzey.com\/index.php\/wp-json\/wp\/v2\/posts"}],"about":[{"href":"https:\/\/haberkuzey.com\/index.php\/wp-json\/wp\/v2\/types\/post"}],"author":[{"embeddable":true,"href":"https:\/\/haberkuzey.com\/index.php\/wp-json\/wp\/v2\/users\/1"}],"replies":[{"embeddable":true,"href":"https:\/\/haberkuzey.com\/index.php\/wp-json\/wp\/v2\/comments?post=9548"}],"version-history":[{"count":0,"href":"https:\/\/haberkuzey.com\/index.php\/wp-json\/wp\/v2\/posts\/9548\/revisions"}],"wp:featuredmedia":[{"embeddable":true,"href":"https:\/\/haberkuzey.com\/index.php\/wp-json\/wp\/v2\/media\/9302"}],"wp:attachment":[{"href":"https:\/\/haberkuzey.com\/index.php\/wp-json\/wp\/v2\/media?parent=9548"}],"wp:term":[{"taxonomy":"category","embeddable":true,"href":"https:\/\/haberkuzey.com\/index.php\/wp-json\/wp\/v2\/categories?post=9548"},{"taxonomy":"post_tag","embeddable":true,"href":"https:\/\/haberkuzey.com\/index.php\/wp-json\/wp\/v2\/tags?post=9548"}],"curies":[{"name":"wp","href":"https:\/\/api.w.org\/{rel}","templated":true}]}}