{"id":9492,"date":"2024-09-16T13:55:42","date_gmt":"2024-09-16T10:55:42","guid":{"rendered":"https:\/\/haberkuzey.com\/index.php\/2024\/09\/16\/uraloglundan-turkiyede-kisisel-verilerin-calindigi-iddialarina-iliskin-aciklama\/"},"modified":"2024-09-16T13:55:42","modified_gmt":"2024-09-16T10:55:42","slug":"uraloglundan-turkiyede-kisisel-verilerin-calindigi-iddialarina-iliskin-aciklama","status":"publish","type":"post","link":"https:\/\/haberkuzey.com\/index.php\/2024\/09\/16\/uraloglundan-turkiyede-kisisel-verilerin-calindigi-iddialarina-iliskin-aciklama\/","title":{"rendered":"Uralo\u011flu\u2019ndan T\u00fcrkiye\u2019de \u201cki\u015fisel verilerin \u00e7al\u0131nd\u0131\u011f\u0131\u201d iddialar\u0131na ili\u015fkin a\u00e7\u0131klama"},"content":{"rendered":"<div>\n<div class=\"mariselle-image-container center\">\n                                            <\/div>\n<p>T\u00fcrkiye Ula\u015ft\u0131rma ve Altyap\u0131 Bakan\u0131 Abdulkadir Uralo\u011flu, ki\u015fisel verilerin \u00e7al\u0131nd\u0131\u011f\u0131 iddialar\u0131na ili\u015fkin, \u201cBuradan s\u00f6yl\u00fcyorum, ge\u00e7mi\u015fte olup da konu\u015fulmu\u015f, kendi i\u00e7inde tart\u0131\u015f\u0131lm\u0131\u015f konuyu y\u0131llar sonra g\u00fcndeme getirip, g\u00fcncel bir konuymu\u015f gibi sunulmas\u0131 asla do\u011fru de\u011fildir.\u201d dedi.<\/p>\n<p>Uralo\u011flu, Evrensel Posta Birli\u011fi B\u00f6lgesel Strateji Forumu\u2019nun ard\u0131ndan bas\u0131n mensuplar\u0131n\u0131n \u201cki\u015fisel verilerin s\u0131zd\u0131r\u0131ld\u0131\u011f\u0131\u201d iddialar\u0131na ili\u015fkin sorular\u0131n\u0131 yan\u0131tlad\u0131.<\/p>\n<p>Bu y\u00f6nde bir a\u00e7\u0131klamalar\u0131n\u0131n olmad\u0131\u011f\u0131n\u0131 vurgulayan Uralo\u011flu, \u015funlar\u0131 kaydetti:<\/p>\n<p>\u201c\u00c7ok net s\u00f6yl\u00fcyorum, kimse ortal\u0131\u011f\u0131 buland\u0131rmas\u0131n. S\u00f6ylenilen bir s\u00f6z\u00fc c\u0131mb\u0131zla \u00e7ekip, sanki \u2018T\u00fcrkiye\u2019de insanlar\u0131n g\u00fcvenli\u011fiyle ve verileriyle ilgili \u00e7al\u0131nm\u0131\u015f g\u00fcncel \u015feyler vard\u0131r\u2019 diye kimse haber yapmas\u0131n, \u015fu anda \u00f6yle bir g\u00fcndem yoktur. Bu \u015fekilde c\u0131mb\u0131zla \u00e7ekilip arkas\u0131na ve \u00f6n\u00fcne yorum ekleyerek, yap\u0131lan hi\u00e7bir haberin bizim nezdimizde k\u0131ymeti yoktur. B\u00f6yle bir a\u00e7\u0131klamam\u0131z olmam\u0131\u015ft\u0131r. Buradan s\u00f6yl\u00fcyorum, ge\u00e7mi\u015fte olup da konu\u015fulmu\u015f, kendi i\u00e7inde tart\u0131\u015f\u0131lm\u0131\u015f konuyu y\u0131llar sonra g\u00fcndeme getirip, g\u00fcncel bir konuymu\u015f gibi sunulmas\u0131 asla do\u011fru de\u011fildir. Bununla ilgili de ayr\u0131ca ba\u015fka bir \u015fey s\u00f6ylenmesine gerek yok. T\u00fcrkiye\u2019de \u015fu anda ki\u015fisel verilerin \u00e7al\u0131nmas\u0131yla ilgili asla bir g\u00fcndem yoktur. Siz de l\u00fctfen b\u00f6yle bir g\u00fcndem olu\u015fturmay\u0131n.\u201d<\/p>\n<\/p><\/div>\n<p><script async\n                    defer\n                    crossorigin=\"anonymous\"\n                    src=\"https:\/\/connect.facebook.net\/tr_TR\/sdk.js#xfbml=1&#038;version=v3.3\"\n            ><\/script><\/p>\n","protected":false},"excerpt":{"rendered":"<p>T\u00fcrkiye Ula\u015ft\u0131rma ve Altyap\u0131 Bakan\u0131 Abdulkadir Uralo\u011flu, ki\u015fisel verilerin \u00e7al\u0131nd\u0131\u011f\u0131 iddialar\u0131na ili\u015fkin, \u201cBuradan s\u00f6yl\u00fcyorum, ge\u00e7mi\u015fte olup da konu\u015fulmu\u015f, kendi i\u00e7inde tart\u0131\u015f\u0131lm\u0131\u015f konuyu y\u0131llar sonra g\u00fcndeme getirip, g\u00fcncel bir konuymu\u015f gibi sunulmas\u0131 asla do\u011fru de\u011fildir.\u201d dedi. Uralo\u011flu, Evrensel Posta Birli\u011fi B\u00f6lgesel Strateji Forumu\u2019nun ard\u0131ndan bas\u0131n mensuplar\u0131n\u0131n \u201cki\u015fisel verilerin s\u0131zd\u0131r\u0131ld\u0131\u011f\u0131\u201d iddialar\u0131na ili\u015fkin sorular\u0131n\u0131 yan\u0131tlad\u0131. Bu y\u00f6nde bir [&hellip;]<\/p>\n","protected":false},"author":1,"featured_media":9493,"comment_status":"open","ping_status":"open","sticky":false,"template":"","format":"standard","meta":{"jnews-multi-image_gallery":[],"jnews_single_post":[],"jnews_primary_category":[],"footnotes":""},"categories":[2],"tags":[],"class_list":["post-9492","post","type-post","status-publish","format-standard","has-post-thumbnail","hentry","category-dunya"],"yoast_head":"<!-- This site is optimized with the Yoast SEO plugin v27.4 - https:\/\/yoast.com\/product\/yoast-seo-wordpress\/ -->\n<title>Uralo\u011flu\u2019ndan T\u00fcrkiye\u2019de \u201cki\u015fisel verilerin \u00e7al\u0131nd\u0131\u011f\u0131\u201d iddialar\u0131na ili\u015fkin a\u00e7\u0131klama - Haber Kuzey<\/title>\n<meta name=\"robots\" content=\"index, follow, max-snippet:-1, max-image-preview:large, max-video-preview:-1\" \/>\n<link rel=\"canonical\" href=\"https:\/\/haberkuzey.com\/index.php\/2024\/09\/16\/uraloglundan-turkiyede-kisisel-verilerin-calindigi-iddialarina-iliskin-aciklama\/\" \/>\n<meta property=\"og:locale\" content=\"tr_TR\" \/>\n<meta property=\"og:type\" content=\"article\" \/>\n<meta property=\"og:title\" content=\"Uralo\u011flu\u2019ndan T\u00fcrkiye\u2019de \u201cki\u015fisel verilerin \u00e7al\u0131nd\u0131\u011f\u0131\u201d iddialar\u0131na ili\u015fkin a\u00e7\u0131klama - Haber Kuzey\" \/>\n<meta property=\"og:description\" content=\"T\u00fcrkiye Ula\u015ft\u0131rma ve Altyap\u0131 Bakan\u0131 Abdulkadir Uralo\u011flu, ki\u015fisel verilerin \u00e7al\u0131nd\u0131\u011f\u0131 iddialar\u0131na ili\u015fkin, \u201cBuradan s\u00f6yl\u00fcyorum, ge\u00e7mi\u015fte olup da konu\u015fulmu\u015f, kendi i\u00e7inde tart\u0131\u015f\u0131lm\u0131\u015f konuyu y\u0131llar sonra g\u00fcndeme getirip, g\u00fcncel bir konuymu\u015f gibi sunulmas\u0131 asla do\u011fru de\u011fildir.\u201d dedi. Uralo\u011flu, Evrensel Posta Birli\u011fi B\u00f6lgesel Strateji Forumu\u2019nun ard\u0131ndan bas\u0131n mensuplar\u0131n\u0131n \u201cki\u015fisel verilerin s\u0131zd\u0131r\u0131ld\u0131\u011f\u0131\u201d iddialar\u0131na ili\u015fkin sorular\u0131n\u0131 yan\u0131tlad\u0131. Bu y\u00f6nde bir [&hellip;]\" \/>\n<meta property=\"og:url\" content=\"https:\/\/haberkuzey.com\/index.php\/2024\/09\/16\/uraloglundan-turkiyede-kisisel-verilerin-calindigi-iddialarina-iliskin-aciklama\/\" \/>\n<meta property=\"og:site_name\" content=\"Haber Kuzey\" \/>\n<meta property=\"article:published_time\" content=\"2024-09-16T10:55:42+00:00\" \/>\n<meta property=\"og:image\" content=\"https:\/\/brtk.net\/wp-content\/uploads\/2023\/04\/06\/siberhacker-1476037.jpg?ver=e749e1231b1e90632f1ca55942611a66\" \/>\n<meta name=\"author\" content=\"haberkuzey\" \/>\n<meta name=\"twitter:card\" content=\"summary_large_image\" \/>\n<meta name=\"twitter:label1\" content=\"Yazan:\" \/>\n\t<meta name=\"twitter:data1\" content=\"haberkuzey\" \/>\n\t<meta name=\"twitter:label2\" content=\"Tahmini okuma s\u00fcresi\" \/>\n\t<meta name=\"twitter:data2\" content=\"1 dakika\" \/>\n<script type=\"application\/ld+json\" class=\"yoast-schema-graph\">{\"@context\":\"https:\\\/\\\/schema.org\",\"@graph\":[{\"@type\":\"Article\",\"@id\":\"https:\\\/\\\/haberkuzey.com\\\/index.php\\\/2024\\\/09\\\/16\\\/uraloglundan-turkiyede-kisisel-verilerin-calindigi-iddialarina-iliskin-aciklama\\\/#article\",\"isPartOf\":{\"@id\":\"https:\\\/\\\/haberkuzey.com\\\/index.php\\\/2024\\\/09\\\/16\\\/uraloglundan-turkiyede-kisisel-verilerin-calindigi-iddialarina-iliskin-aciklama\\\/\"},\"author\":{\"name\":\"haberkuzey\",\"@id\":\"https:\\\/\\\/haberkuzey.com\\\/#\\\/schema\\\/person\\\/3372109ec735f9333f4fa47ebb9605ca\"},\"headline\":\"Uralo\u011flu\u2019ndan T\u00fcrkiye\u2019de \u201cki\u015fisel verilerin \u00e7al\u0131nd\u0131\u011f\u0131\u201d iddialar\u0131na ili\u015fkin a\u00e7\u0131klama\",\"datePublished\":\"2024-09-16T10:55:42+00:00\",\"mainEntityOfPage\":{\"@id\":\"https:\\\/\\\/haberkuzey.com\\\/index.php\\\/2024\\\/09\\\/16\\\/uraloglundan-turkiyede-kisisel-verilerin-calindigi-iddialarina-iliskin-aciklama\\\/\"},\"wordCount\":278,\"commentCount\":0,\"image\":{\"@id\":\"https:\\\/\\\/haberkuzey.com\\\/index.php\\\/2024\\\/09\\\/16\\\/uraloglundan-turkiyede-kisisel-verilerin-calindigi-iddialarina-iliskin-aciklama\\\/#primaryimage\"},\"thumbnailUrl\":\"https:\\\/\\\/haberkuzey.com\\\/wp-content\\\/uploads\\\/2024\\\/09\\\/siberhacker-1476037.jpg\",\"articleSection\":[\"D\u00fcnya\"],\"inLanguage\":\"tr\",\"potentialAction\":[{\"@type\":\"CommentAction\",\"name\":\"Comment\",\"target\":[\"https:\\\/\\\/haberkuzey.com\\\/index.php\\\/2024\\\/09\\\/16\\\/uraloglundan-turkiyede-kisisel-verilerin-calindigi-iddialarina-iliskin-aciklama\\\/#respond\"]}]},{\"@type\":\"WebPage\",\"@id\":\"https:\\\/\\\/haberkuzey.com\\\/index.php\\\/2024\\\/09\\\/16\\\/uraloglundan-turkiyede-kisisel-verilerin-calindigi-iddialarina-iliskin-aciklama\\\/\",\"url\":\"https:\\\/\\\/haberkuzey.com\\\/index.php\\\/2024\\\/09\\\/16\\\/uraloglundan-turkiyede-kisisel-verilerin-calindigi-iddialarina-iliskin-aciklama\\\/\",\"name\":\"Uralo\u011flu\u2019ndan T\u00fcrkiye\u2019de \u201cki\u015fisel verilerin \u00e7al\u0131nd\u0131\u011f\u0131\u201d iddialar\u0131na ili\u015fkin a\u00e7\u0131klama - Haber Kuzey\",\"isPartOf\":{\"@id\":\"https:\\\/\\\/haberkuzey.com\\\/#website\"},\"primaryImageOfPage\":{\"@id\":\"https:\\\/\\\/haberkuzey.com\\\/index.php\\\/2024\\\/09\\\/16\\\/uraloglundan-turkiyede-kisisel-verilerin-calindigi-iddialarina-iliskin-aciklama\\\/#primaryimage\"},\"image\":{\"@id\":\"https:\\\/\\\/haberkuzey.com\\\/index.php\\\/2024\\\/09\\\/16\\\/uraloglundan-turkiyede-kisisel-verilerin-calindigi-iddialarina-iliskin-aciklama\\\/#primaryimage\"},\"thumbnailUrl\":\"https:\\\/\\\/haberkuzey.com\\\/wp-content\\\/uploads\\\/2024\\\/09\\\/siberhacker-1476037.jpg\",\"datePublished\":\"2024-09-16T10:55:42+00:00\",\"author\":{\"@id\":\"https:\\\/\\\/haberkuzey.com\\\/#\\\/schema\\\/person\\\/3372109ec735f9333f4fa47ebb9605ca\"},\"breadcrumb\":{\"@id\":\"https:\\\/\\\/haberkuzey.com\\\/index.php\\\/2024\\\/09\\\/16\\\/uraloglundan-turkiyede-kisisel-verilerin-calindigi-iddialarina-iliskin-aciklama\\\/#breadcrumb\"},\"inLanguage\":\"tr\",\"potentialAction\":[{\"@type\":\"ReadAction\",\"target\":[\"https:\\\/\\\/haberkuzey.com\\\/index.php\\\/2024\\\/09\\\/16\\\/uraloglundan-turkiyede-kisisel-verilerin-calindigi-iddialarina-iliskin-aciklama\\\/\"]}]},{\"@type\":\"ImageObject\",\"inLanguage\":\"tr\",\"@id\":\"https:\\\/\\\/haberkuzey.com\\\/index.php\\\/2024\\\/09\\\/16\\\/uraloglundan-turkiyede-kisisel-verilerin-calindigi-iddialarina-iliskin-aciklama\\\/#primaryimage\",\"url\":\"https:\\\/\\\/haberkuzey.com\\\/wp-content\\\/uploads\\\/2024\\\/09\\\/siberhacker-1476037.jpg\",\"contentUrl\":\"https:\\\/\\\/haberkuzey.com\\\/wp-content\\\/uploads\\\/2024\\\/09\\\/siberhacker-1476037.jpg\",\"width\":1280,\"height\":720},{\"@type\":\"BreadcrumbList\",\"@id\":\"https:\\\/\\\/haberkuzey.com\\\/index.php\\\/2024\\\/09\\\/16\\\/uraloglundan-turkiyede-kisisel-verilerin-calindigi-iddialarina-iliskin-aciklama\\\/#breadcrumb\",\"itemListElement\":[{\"@type\":\"ListItem\",\"position\":1,\"name\":\"Anasayfa\",\"item\":\"https:\\\/\\\/haberkuzey.com\\\/\"},{\"@type\":\"ListItem\",\"position\":2,\"name\":\"Uralo\u011flu\u2019ndan T\u00fcrkiye\u2019de \u201cki\u015fisel verilerin \u00e7al\u0131nd\u0131\u011f\u0131\u201d iddialar\u0131na ili\u015fkin a\u00e7\u0131klama\"}]},{\"@type\":\"WebSite\",\"@id\":\"https:\\\/\\\/haberkuzey.com\\\/#website\",\"url\":\"https:\\\/\\\/haberkuzey.com\\\/\",\"name\":\"Haber Kuzey\",\"description\":\"Do\u011fru Haberin Adresi\",\"potentialAction\":[{\"@type\":\"SearchAction\",\"target\":{\"@type\":\"EntryPoint\",\"urlTemplate\":\"https:\\\/\\\/haberkuzey.com\\\/?s={search_term_string}\"},\"query-input\":{\"@type\":\"PropertyValueSpecification\",\"valueRequired\":true,\"valueName\":\"search_term_string\"}}],\"inLanguage\":\"tr\"},{\"@type\":\"Person\",\"@id\":\"https:\\\/\\\/haberkuzey.com\\\/#\\\/schema\\\/person\\\/3372109ec735f9333f4fa47ebb9605ca\",\"name\":\"haberkuzey\",\"image\":{\"@type\":\"ImageObject\",\"inLanguage\":\"tr\",\"@id\":\"https:\\\/\\\/secure.gravatar.com\\\/avatar\\\/f5fc875574b1575324358c3b9e6a32b8227aa5b74f3fa22e3cadb63e26fcc39c?s=96&d=mm&r=g\",\"url\":\"https:\\\/\\\/secure.gravatar.com\\\/avatar\\\/f5fc875574b1575324358c3b9e6a32b8227aa5b74f3fa22e3cadb63e26fcc39c?s=96&d=mm&r=g\",\"contentUrl\":\"https:\\\/\\\/secure.gravatar.com\\\/avatar\\\/f5fc875574b1575324358c3b9e6a32b8227aa5b74f3fa22e3cadb63e26fcc39c?s=96&d=mm&r=g\",\"caption\":\"haberkuzey\"},\"sameAs\":[\"https:\\\/\\\/haberkuzey.com\"],\"url\":\"https:\\\/\\\/haberkuzey.com\\\/index.php\\\/author\\\/haberkuzey\\\/\"}]}<\/script>\n<!-- \/ Yoast SEO plugin. -->","yoast_head_json":{"title":"Uralo\u011flu\u2019ndan T\u00fcrkiye\u2019de \u201cki\u015fisel verilerin \u00e7al\u0131nd\u0131\u011f\u0131\u201d iddialar\u0131na ili\u015fkin a\u00e7\u0131klama - Haber Kuzey","robots":{"index":"index","follow":"follow","max-snippet":"max-snippet:-1","max-image-preview":"max-image-preview:large","max-video-preview":"max-video-preview:-1"},"canonical":"https:\/\/haberkuzey.com\/index.php\/2024\/09\/16\/uraloglundan-turkiyede-kisisel-verilerin-calindigi-iddialarina-iliskin-aciklama\/","og_locale":"tr_TR","og_type":"article","og_title":"Uralo\u011flu\u2019ndan T\u00fcrkiye\u2019de \u201cki\u015fisel verilerin \u00e7al\u0131nd\u0131\u011f\u0131\u201d iddialar\u0131na ili\u015fkin a\u00e7\u0131klama - Haber Kuzey","og_description":"T\u00fcrkiye Ula\u015ft\u0131rma ve Altyap\u0131 Bakan\u0131 Abdulkadir Uralo\u011flu, ki\u015fisel verilerin \u00e7al\u0131nd\u0131\u011f\u0131 iddialar\u0131na ili\u015fkin, \u201cBuradan s\u00f6yl\u00fcyorum, ge\u00e7mi\u015fte olup da konu\u015fulmu\u015f, kendi i\u00e7inde tart\u0131\u015f\u0131lm\u0131\u015f konuyu y\u0131llar sonra g\u00fcndeme getirip, g\u00fcncel bir konuymu\u015f gibi sunulmas\u0131 asla do\u011fru de\u011fildir.\u201d dedi. Uralo\u011flu, Evrensel Posta Birli\u011fi B\u00f6lgesel Strateji Forumu\u2019nun ard\u0131ndan bas\u0131n mensuplar\u0131n\u0131n \u201cki\u015fisel verilerin s\u0131zd\u0131r\u0131ld\u0131\u011f\u0131\u201d iddialar\u0131na ili\u015fkin sorular\u0131n\u0131 yan\u0131tlad\u0131. Bu y\u00f6nde bir [&hellip;]","og_url":"https:\/\/haberkuzey.com\/index.php\/2024\/09\/16\/uraloglundan-turkiyede-kisisel-verilerin-calindigi-iddialarina-iliskin-aciklama\/","og_site_name":"Haber Kuzey","article_published_time":"2024-09-16T10:55:42+00:00","og_image":[{"url":"https:\/\/brtk.net\/wp-content\/uploads\/2023\/04\/06\/siberhacker-1476037.jpg?ver=e749e1231b1e90632f1ca55942611a66","type":"","width":"","height":""}],"author":"haberkuzey","twitter_card":"summary_large_image","twitter_misc":{"Yazan:":"haberkuzey","Tahmini okuma s\u00fcresi":"1 dakika"},"schema":{"@context":"https:\/\/schema.org","@graph":[{"@type":"Article","@id":"https:\/\/haberkuzey.com\/index.php\/2024\/09\/16\/uraloglundan-turkiyede-kisisel-verilerin-calindigi-iddialarina-iliskin-aciklama\/#article","isPartOf":{"@id":"https:\/\/haberkuzey.com\/index.php\/2024\/09\/16\/uraloglundan-turkiyede-kisisel-verilerin-calindigi-iddialarina-iliskin-aciklama\/"},"author":{"name":"haberkuzey","@id":"https:\/\/haberkuzey.com\/#\/schema\/person\/3372109ec735f9333f4fa47ebb9605ca"},"headline":"Uralo\u011flu\u2019ndan T\u00fcrkiye\u2019de \u201cki\u015fisel verilerin \u00e7al\u0131nd\u0131\u011f\u0131\u201d iddialar\u0131na ili\u015fkin a\u00e7\u0131klama","datePublished":"2024-09-16T10:55:42+00:00","mainEntityOfPage":{"@id":"https:\/\/haberkuzey.com\/index.php\/2024\/09\/16\/uraloglundan-turkiyede-kisisel-verilerin-calindigi-iddialarina-iliskin-aciklama\/"},"wordCount":278,"commentCount":0,"image":{"@id":"https:\/\/haberkuzey.com\/index.php\/2024\/09\/16\/uraloglundan-turkiyede-kisisel-verilerin-calindigi-iddialarina-iliskin-aciklama\/#primaryimage"},"thumbnailUrl":"https:\/\/haberkuzey.com\/wp-content\/uploads\/2024\/09\/siberhacker-1476037.jpg","articleSection":["D\u00fcnya"],"inLanguage":"tr","potentialAction":[{"@type":"CommentAction","name":"Comment","target":["https:\/\/haberkuzey.com\/index.php\/2024\/09\/16\/uraloglundan-turkiyede-kisisel-verilerin-calindigi-iddialarina-iliskin-aciklama\/#respond"]}]},{"@type":"WebPage","@id":"https:\/\/haberkuzey.com\/index.php\/2024\/09\/16\/uraloglundan-turkiyede-kisisel-verilerin-calindigi-iddialarina-iliskin-aciklama\/","url":"https:\/\/haberkuzey.com\/index.php\/2024\/09\/16\/uraloglundan-turkiyede-kisisel-verilerin-calindigi-iddialarina-iliskin-aciklama\/","name":"Uralo\u011flu\u2019ndan T\u00fcrkiye\u2019de \u201cki\u015fisel verilerin \u00e7al\u0131nd\u0131\u011f\u0131\u201d iddialar\u0131na ili\u015fkin a\u00e7\u0131klama - Haber Kuzey","isPartOf":{"@id":"https:\/\/haberkuzey.com\/#website"},"primaryImageOfPage":{"@id":"https:\/\/haberkuzey.com\/index.php\/2024\/09\/16\/uraloglundan-turkiyede-kisisel-verilerin-calindigi-iddialarina-iliskin-aciklama\/#primaryimage"},"image":{"@id":"https:\/\/haberkuzey.com\/index.php\/2024\/09\/16\/uraloglundan-turkiyede-kisisel-verilerin-calindigi-iddialarina-iliskin-aciklama\/#primaryimage"},"thumbnailUrl":"https:\/\/haberkuzey.com\/wp-content\/uploads\/2024\/09\/siberhacker-1476037.jpg","datePublished":"2024-09-16T10:55:42+00:00","author":{"@id":"https:\/\/haberkuzey.com\/#\/schema\/person\/3372109ec735f9333f4fa47ebb9605ca"},"breadcrumb":{"@id":"https:\/\/haberkuzey.com\/index.php\/2024\/09\/16\/uraloglundan-turkiyede-kisisel-verilerin-calindigi-iddialarina-iliskin-aciklama\/#breadcrumb"},"inLanguage":"tr","potentialAction":[{"@type":"ReadAction","target":["https:\/\/haberkuzey.com\/index.php\/2024\/09\/16\/uraloglundan-turkiyede-kisisel-verilerin-calindigi-iddialarina-iliskin-aciklama\/"]}]},{"@type":"ImageObject","inLanguage":"tr","@id":"https:\/\/haberkuzey.com\/index.php\/2024\/09\/16\/uraloglundan-turkiyede-kisisel-verilerin-calindigi-iddialarina-iliskin-aciklama\/#primaryimage","url":"https:\/\/haberkuzey.com\/wp-content\/uploads\/2024\/09\/siberhacker-1476037.jpg","contentUrl":"https:\/\/haberkuzey.com\/wp-content\/uploads\/2024\/09\/siberhacker-1476037.jpg","width":1280,"height":720},{"@type":"BreadcrumbList","@id":"https:\/\/haberkuzey.com\/index.php\/2024\/09\/16\/uraloglundan-turkiyede-kisisel-verilerin-calindigi-iddialarina-iliskin-aciklama\/#breadcrumb","itemListElement":[{"@type":"ListItem","position":1,"name":"Anasayfa","item":"https:\/\/haberkuzey.com\/"},{"@type":"ListItem","position":2,"name":"Uralo\u011flu\u2019ndan T\u00fcrkiye\u2019de \u201cki\u015fisel verilerin \u00e7al\u0131nd\u0131\u011f\u0131\u201d iddialar\u0131na ili\u015fkin a\u00e7\u0131klama"}]},{"@type":"WebSite","@id":"https:\/\/haberkuzey.com\/#website","url":"https:\/\/haberkuzey.com\/","name":"Haber Kuzey","description":"Do\u011fru Haberin Adresi","potentialAction":[{"@type":"SearchAction","target":{"@type":"EntryPoint","urlTemplate":"https:\/\/haberkuzey.com\/?s={search_term_string}"},"query-input":{"@type":"PropertyValueSpecification","valueRequired":true,"valueName":"search_term_string"}}],"inLanguage":"tr"},{"@type":"Person","@id":"https:\/\/haberkuzey.com\/#\/schema\/person\/3372109ec735f9333f4fa47ebb9605ca","name":"haberkuzey","image":{"@type":"ImageObject","inLanguage":"tr","@id":"https:\/\/secure.gravatar.com\/avatar\/f5fc875574b1575324358c3b9e6a32b8227aa5b74f3fa22e3cadb63e26fcc39c?s=96&d=mm&r=g","url":"https:\/\/secure.gravatar.com\/avatar\/f5fc875574b1575324358c3b9e6a32b8227aa5b74f3fa22e3cadb63e26fcc39c?s=96&d=mm&r=g","contentUrl":"https:\/\/secure.gravatar.com\/avatar\/f5fc875574b1575324358c3b9e6a32b8227aa5b74f3fa22e3cadb63e26fcc39c?s=96&d=mm&r=g","caption":"haberkuzey"},"sameAs":["https:\/\/haberkuzey.com"],"url":"https:\/\/haberkuzey.com\/index.php\/author\/haberkuzey\/"}]}},"_links":{"self":[{"href":"https:\/\/haberkuzey.com\/index.php\/wp-json\/wp\/v2\/posts\/9492","targetHints":{"allow":["GET"]}}],"collection":[{"href":"https:\/\/haberkuzey.com\/index.php\/wp-json\/wp\/v2\/posts"}],"about":[{"href":"https:\/\/haberkuzey.com\/index.php\/wp-json\/wp\/v2\/types\/post"}],"author":[{"embeddable":true,"href":"https:\/\/haberkuzey.com\/index.php\/wp-json\/wp\/v2\/users\/1"}],"replies":[{"embeddable":true,"href":"https:\/\/haberkuzey.com\/index.php\/wp-json\/wp\/v2\/comments?post=9492"}],"version-history":[{"count":0,"href":"https:\/\/haberkuzey.com\/index.php\/wp-json\/wp\/v2\/posts\/9492\/revisions"}],"wp:featuredmedia":[{"embeddable":true,"href":"https:\/\/haberkuzey.com\/index.php\/wp-json\/wp\/v2\/media\/9493"}],"wp:attachment":[{"href":"https:\/\/haberkuzey.com\/index.php\/wp-json\/wp\/v2\/media?parent=9492"}],"wp:term":[{"taxonomy":"category","embeddable":true,"href":"https:\/\/haberkuzey.com\/index.php\/wp-json\/wp\/v2\/categories?post=9492"},{"taxonomy":"post_tag","embeddable":true,"href":"https:\/\/haberkuzey.com\/index.php\/wp-json\/wp\/v2\/tags?post=9492"}],"curies":[{"name":"wp","href":"https:\/\/api.w.org\/{rel}","templated":true}]}}