{"id":9432,"date":"2024-09-15T10:48:43","date_gmt":"2024-09-15T07:48:43","guid":{"rendered":"https:\/\/haberkuzey.com\/index.php\/2024\/09\/15\/narini-arama-calismalarinin-asilsiz-ihbarlar-ve-yanlis-ifadelerle-sekteye-ugratildigi-mahkeme-kararinda\/"},"modified":"2024-09-15T10:48:43","modified_gmt":"2024-09-15T07:48:43","slug":"narini-arama-calismalarinin-asilsiz-ihbarlar-ve-yanlis-ifadelerle-sekteye-ugratildigi-mahkeme-kararinda","status":"publish","type":"post","link":"https:\/\/haberkuzey.com\/index.php\/2024\/09\/15\/narini-arama-calismalarinin-asilsiz-ihbarlar-ve-yanlis-ifadelerle-sekteye-ugratildigi-mahkeme-kararinda\/","title":{"rendered":"Narin\u2019i arama \u00e7al\u0131\u015fmalar\u0131n\u0131n \u201cas\u0131ls\u0131z ihbarlar ve yanl\u0131\u015f ifadelerle sekteye u\u011frat\u0131ld\u0131\u011f\u0131\u201d mahkeme karar\u0131nda"},"content":{"rendered":"<div>\n<div class=\"mariselle-image-container center\">\n                                            <\/div>\n<p>\nDiyarbak\u0131r\u2019da kaybolduktan 19 g\u00fcn sonra cans\u0131z bedenine ula\u015f\u0131lan 8 ya\u015f\u0131ndaki Narin G\u00fcran\u2019\u0131 arama \u00e7al\u0131\u015fmalar\u0131n\u0131n \u201cas\u0131ls\u0131z ihbarlarla ve yanl\u0131\u015f ifadelerle sekteye u\u011frat\u0131lmaya \u00e7al\u0131\u015f\u0131ld\u0131\u011f\u0131\u201d sulh ceza hakimli\u011finin tutuklama gerek\u00e7esinde kay\u0131tlara ge\u00e7ti.<\/p>\n<p>Merkez Ba\u011flar il\u00e7esinin Tav\u015fantepe Mahallesi\u2019nde 21 A\u011fustos\u2019ta kaybolan ve 8 Eyl\u00fcl\u2019de E\u011fertutmaz Deresi\u2019nde cans\u0131z bedeni bulunan Narin G\u00fcran\u2019\u0131n \u00f6ld\u00fcr\u00fclmesine ili\u015fkin Diyarbak\u0131r Cumhuriyet Ba\u015fsavc\u0131l\u0131\u011f\u0131nca y\u00fcr\u00fct\u00fclen soru\u015fturma s\u00fcr\u00fcyor.<\/p>\n<p>Soru\u015fturma kapsam\u0131nda tutuklama talebiyle n\u00f6bet\u00e7i sulh ceza hakimli\u011fine sevk edilen ve adli kontrol \u015fart\u0131yla serbest b\u0131rak\u0131ld\u0131ktan sonra savc\u0131l\u0131\u011f\u0131n talebi \u00fczerine yeniden g\u00f6zalt\u0131na al\u0131nan R.A. \u00e7\u0131kar\u0131ld\u0131\u011f\u0131 n\u00f6bet\u00e7i sulh ceza hakimli\u011fince tutukland\u0131.<\/p>\n<p>Narin G\u00fcran\u2019\u0131n tutuklu amcas\u0131 Salim G\u00fcran\u2019\u0131n i\u015f\u00e7isi oldu\u011fu \u00f6\u011frenilen 15 ya\u015f\u0131ndaki su\u00e7a s\u00fcr\u00fcklenen \u00e7ocuk R.A, savc\u0131l\u0131ktaki ifadesinde, olay g\u00fcn\u00fc sabah 05.00-06.00 gibi uyand\u0131\u011f\u0131n\u0131, o g\u00fcn sondaj\u0131n ba\u015f\u0131nda uyudu\u011funu, a\u015fa\u011f\u0131 tarlan\u0131n ard\u0131ndan yukar\u0131 tarlan\u0131n da suyunu de\u011fi\u015ftirdiklerini, Salim G\u00fcran\u2019\u0131n yukar\u0131 tarlaya geldi\u011fini belirtti.<\/p>\n<p>Sondaj\u0131n ba\u015f\u0131nda kahvalt\u0131 yapt\u0131klar\u0131n\u0131, Salim G\u00fcran\u2019\u0131n 1,5-2 saat yanlar\u0131nda kald\u0131\u011f\u0131n\u0131, G\u00fcran\u2019\u0131n saat ka\u00e7ta yanlar\u0131ndan ayr\u0131ld\u0131\u011f\u0131n\u0131 hat\u0131rlamad\u0131\u011f\u0131n\u0131 savunan R.A, \u015f\u00f6yle devam etti:<\/p>\n<p>\u201cBabam 13.00 s\u0131ralar\u0131nda di\u011fer tarlalarda \u00e7al\u0131\u015fan i\u015f\u00e7ileri almaya gitti. Sonra saat 14.00-15.00 s\u0131ralar\u0131nda muhtar (Salim G\u00fcran) tekrar yan\u0131ma geldi ve babam\u0131n nerede oldu\u011funu sordu. Ben de \u2018\u0130\u015f\u00e7ileri almaya gitti\u2019 dedim. Yan\u0131mda babam\u0131 aray\u0131p \u2018Neredesin?\u2019 diye sordu. Saat ka\u00e7ta arad\u0131\u011f\u0131n\u0131 hat\u0131rlam\u0131yorum. Babam da, \u2018\u0130\u015f\u00e7ileri da\u011f\u0131t\u0131yordum\u2019 dedi. Bu g\u00f6r\u00fc\u015fmeden sonra muhtar yan\u0131mda oturdu. Birka\u00e7 dakika sonra muhtar tekrardan babam\u0131 arad\u0131 ve yine \u2018Neredesin?\u2019 diye sordu. Babam da \u2018K\u00f6yde yemek yiyorum\u2019 dedi. Bu s\u0131rada muhtarla \u00e7ay i\u00e7iyorduk. 16.00-16.30 s\u0131ralar\u0131nda babam da geldi, bizimle \u00e7ay i\u00e7meye ba\u015flad\u0131. Babam a\u015fa\u011f\u0131 tarlaya 16.00-16.30 s\u0131ralar\u0131nda gitti. Ben muhtar ile yukar\u0131 tarlada kald\u0131m. Ben bula\u015f\u0131klar\u0131 y\u0131k\u0131yordum. 5-10 dakika muhtar burada oturduktan sonra bana \u2018Ben eve gidip \u00fcst\u00fcm\u00fc de\u011fi\u015ftirip gelece\u011fim.\u2019 dedi.<\/p>\n<p>Muhtar yan\u0131mdan ayr\u0131lmas\u0131ndan sonra ben de suyu de\u011fi\u015ftirmeye gittim. Muhtar saatini hat\u0131rlamad\u0131\u011f\u0131m zaman diliminde yan\u0131mdan ayr\u0131lm\u0131\u015ft\u0131. 5-10 dakika i\u00e7inde ben suyu de\u011fi\u015ftirene kadar muhtar tekrardan sondaj\u0131n ba\u015f\u0131na gelmi\u015fti. Bir s\u00fcre sonra babam da a\u015fa\u011f\u0131 tarla suyunu de\u011fi\u015ftirip geldi. Ak\u015fam yeme\u011fini haz\u0131rlay\u0131p yedik. Muhtar hi\u00e7 yan\u0131m\u0131zdan gitmedi, hep beraber oturduk. Sadece 5-10 dakikal\u0131\u011f\u0131na muhtar \u00fczerini de\u011fi\u015ftirip gelmi\u015fti. Muhtar ak\u015fam yeme\u011finden sonra bizimle otururken telefonu \u00e7ald\u0131. Telefon g\u00f6r\u00fc\u015fmesinde muhtara Narin G\u00fcran\u2019\u0131n kayboldu\u011fu bildirildi. Bu \u015fekilde Narin\u2019in kayboldu\u011funu \u00f6\u011frendik. Salim G\u00fcran \u00fcst\u00fcn\u00fc de\u011fi\u015ftirmek d\u0131\u015f\u0131nda saat 14.00\u2019ten sonra yan\u0131mdan ayr\u0131lmad\u0131. Tarladan da ayr\u0131lmad\u0131k.\u201d<\/p>\n<p>Savc\u0131l\u0131kta, tutuklu amca Salim G\u00fcran\u2019\u0131n olay g\u00fcn\u00fc \u00f6\u011fleden sonraya ili\u015fkin \u201cR.A ile kanal b\u00f6lgesine geldik. Kay\u0131nbabama ait \u00e7iftli\u011fe gittik, bu \u00e7iftlikte pislikler kanala ak\u0131t\u0131l\u0131yor, bu sebeple f\u0131skiyeler t\u0131kan\u0131yor, M. de oradayd\u0131, \u00e7iftlikte bize kazma k\u00fcrek getirdiler, saati hat\u0131rlam\u0131yorum, M. ile birlikte kazd\u0131k, han\u0131m\u0131 bize \u00e7ay getirdi, epey burada kald\u0131k, kazma k\u00fcrek ile hat a\u00e7t\u0131k, \u00e7ay\u0131m\u0131z\u0131 i\u00e7tikten sonra R.A. ile tekrardan tarlaya d\u00f6nd\u00fck.\u201d beyan\u0131 hat\u0131rlat\u0131larak, \u201cSalim G\u00fcran ile sizin ifadeniz aras\u0131ndaki \u00e7eli\u015fkiye ili\u015fkin beyan\u0131n\u0131z nedir?\u201d sorulmas\u0131 \u00fczeri R.A, \u201cBu \u00e7eli\u015fkiye ili\u015fkin s\u00f6yleyecek bir \u015feyim yoktur.\u201d dedi.<\/p>\n<p>Salim G\u00fcran ile 21 A\u011fustos\u2019ta saat 08.33, 15.52, 18.37, 18.51, 18.52, 18.54\u2019te yapt\u0131\u011f\u0131 g\u00f6r\u00fc\u015fmelerin i\u00e7eri\u011finin sorulmas\u0131 \u00fczerine R.A, hi\u00e7bir konu\u015fmay\u0131 hat\u0131rlamad\u0131\u011f\u0131n\u0131 iddia etti.<\/p>\n<p>Tutuklu amcan\u0131n e\u015finin ifadesinde \u201cSalim ile 14.30\u2019da eve geldiklerini, evde beraber yemek yediklerini, Salim\u2019in bir s\u00fcre evde dinlendi\u011fini, bir s\u00fcre sonra evden ayr\u0131ld\u0131\u011f\u0131n\u0131\u201d s\u00f6yledi\u011fi, Salim G\u00fcran\u2019\u0131n da \u201cevden sonra H.G\u2019nin evine gitti\u011fini, sonra sondaj\u0131n oradaki tarlaya ge\u00e7ti\u011fini\u201d anlatt\u0131\u011f\u0131 hat\u0131rlat\u0131lan R.A, \u201cBu \u00e7eli\u015fkilere diyecek bir \u015feyim yoktur.\u201d ifadesini kulland\u0131.<\/p>\n<p>\u2013 Cep telefonlar\u0131n\u0131n imaj \u00e7al\u0131\u015fmas\u0131<\/p>\n<p>R.A\u2019ya savc\u0131l\u0131kta, \u201cCep telefonlar\u0131nda yap\u0131lan imaj \u00e7al\u0131\u015fmas\u0131nda Salim ile aralar\u0131nda yap\u0131lan g\u00f6r\u00fc\u015fmede Salim\u2019in \u2018O sondaki k\u00f6\u015fede bir \u015feyin d\u00fc\u015fm\u00fc\u015f ha, sana ait bir \u015fey sondaki yama\u00e7ta, yamac\u0131n k\u00f6\u015fesi ta\u015f\u2019 \u015feklinde mesaj\u0131na kar\u015f\u0131l\u0131k sizin ise \u2018eeee\u2019 diye cevap verdi\u011finiz, Salim\u2019in de, \u2018Biri yerde\u2019 \u015feklinde cevap verdi\u011fi, sizin de tekrar, \u2018tamam hen\u00fcz bende de\u011fil\/tamam daha \u00f6lmemi\u015f\u2019 diye cevap verdi\u011finiz bu konu\u015fmaya ili\u015fkin diyecekleriniz nelerdir?\u201d sorusu da y\u00f6neltildi. R.A, soruya \u201cValla ben b\u00f6yle bir \u015fey hat\u0131rlam\u0131yorum.\u201d yan\u0131t\u0131n\u0131 verdi.<\/p>\n<p>Salim G\u00fcran\u2019\u0131n pamuk tarlas\u0131ndaki kurtlanmayla ilgili M.\u015e.G. ile g\u00f6r\u00fc\u015ft\u00fc\u011f\u00fcn\u00fc, tarlaya gitti\u011fini beyan etti\u011finin an\u0131msat\u0131lmas\u0131, kendisinin ise tarladan ayr\u0131lmad\u0131klar\u0131n\u0131 s\u00f6ylemesiyle ortaya \u00e7\u0131kan \u00e7eli\u015fkinin sorulmas\u0131 \u00fczerine R.A, \u201cHat\u0131rlad\u0131\u011f\u0131m pamuk kurtlanmas\u0131 olay\u0131 olay g\u00fcn\u00fc ger\u00e7ekle\u015fmemi\u015fti.\u201d dedi.<\/p>\n<p>Salim G\u00fcran\u2019\u0131n, \u201cR.A\u2019n\u0131n k\u0131z karde\u015flerini tarladan k\u00f6ylerine g\u00f6t\u00fcrd\u00fc\u011f\u00fc\u201d y\u00f6n\u00fcndeki ifadesine ili\u015fkin soruya kar\u015f\u0131l\u0131k da R.A, \u201c21 A\u011fustos 2024 tarihinden 1 veya 2 g\u00fcn \u00f6nce k\u0131z karde\u015flerim tarlaya gelmi\u015flerdi. Onlar\u0131 Salim arabas\u0131 ile k\u00f6ye g\u00f6t\u00fcrm\u00fc\u015ft\u00fc ancak olay g\u00fcn\u00fc karde\u015flerim tarlaya gelmemi\u015ftir.\u201d ifadesini kulland\u0131.<\/p>\n<p>R.A, savc\u0131l\u0131ktaki sorgusunda, soru\u015fturma kapsam\u0131nda tutuklu olan Nevzat Bahtiyar\u2019\u0131 tan\u0131mad\u0131\u011f\u0131n\u0131, o k\u00f6yde sadece muhtar\u0131 tan\u0131d\u0131\u011f\u0131n\u0131 belirtti.<\/p>\n<p>Nevzat Bahtiyar\u2019\u0131n ifadeleri de sorulan R.A, \u201cBu hususta diyecek hi\u00e7bir \u015feyim yoktur. Konu ile ilgili bilgim yoktur.\u201d dedi.<\/p>\n<p>\u201cT\u00fcm bu \u00e7eli\u015fkiler \u0131\u015f\u0131\u011f\u0131nda neden Salim G\u00fcran isimli ki\u015fiyi korumaya \u00e7al\u0131\u015ft\u0131\u011f\u0131\u201dna ili\u015fkin soru y\u00f6neltilmesi \u00fczerine de R.A, \u201cBen Salim\u2019i korumuyorum, Salim saat 14.00\u2019ten sonra k\u0131yafet de\u011fi\u015ftirmek i\u00e7in gitmesi d\u0131\u015f\u0131nda yan\u0131mdan ayr\u0131lmad\u0131. Beyan\u0131m bundan ibarettir. \u00dczerime at\u0131l\u0131 su\u00e7lamay\u0131 kabul etmiyorum, su\u00e7suzum.\u201d beyan\u0131nda bulundu.<\/p>\n<p>\u2013 Kararda Narin\u2019i arama \u00e7al\u0131\u015fmalar\u0131na ili\u015fkin detaylar yer ald\u0131<\/p>\n<p>R.A. sevk edildi\u011fi n\u00f6bet\u00e7i sulh ceza hakimli\u011findeki ifadesinde de savc\u0131l\u0131ktaki beyanlar\u0131n\u0131 tekrar etti.<\/p>\n<p>Salim G\u00fcran\u2019\u0131n olay g\u00fcn\u00fc tarlada oldu\u011fu saatlerle alakal\u0131 beyanlar\u0131n\u0131n dosyadaki hi\u00e7bir delille tam olarak \u00f6rt\u00fc\u015fmedi\u011fi konusunun hat\u0131rlat\u0131lmas\u0131 \u00fczerine R.A, \u201cSalim G\u00fcran belirtti\u011fim saatlerde tarlada benim yan\u0131mdayd\u0131, hat\u0131rlad\u0131\u011f\u0131m kadar\u0131yla sabah 08.00\u2019den itibaren 1-1,5 saat yan\u0131m\u0131zdayd\u0131, daha sonra yan\u0131m\u0131zdan ayr\u0131ld\u0131, 14.00-14.30 aras\u0131 geldi, ondan sonra yan\u0131m\u0131zda Narin\u2019in kayboldu\u011fu haberini alana kadar kald\u0131, bu s\u00fcrede bir defa \u00fcst\u00fcn\u00fc de\u011fi\u015ftirmek i\u00e7in yan\u0131m\u0131zdan ayr\u0131ld\u0131.\u201d dedi.<\/p>\n<p>Tutuklulardan Birsen G\u00fcran\u2019\u0131n 12 Eyl\u00fcl 2024 tarihli beyanlar\u0131n\u0131n hat\u0131rlat\u0131lmas\u0131 \u00fczerine R.A, \u201cKimse ifadelerimi ne \u015fekilde verece\u011fim hususunda bana bask\u0131 yapmad\u0131. Beni kimse tehdit etmiyor, Salim G\u00fcran\u2019dan korkaca\u011f\u0131m herhangi bir durum yoktur.\u201d diye konu\u015ftu.<\/p>\n<p>Hakimlik, R.A\u2019n\u0131n tutuklanma gerek\u00e7esinde \u015fu ifadelere yer verdi:<\/p>\n<p>\u201cSu\u00e7a s\u00fcr\u00fcklenen \u00e7ocuk R.A\u2019n\u0131n \u00fczerine at\u0131l\u0131 \u2018\u00c7ocu\u011fu Kasten \u00d6ld\u00fcrmek\u2019 su\u00e7unu i\u015fledi\u011fine dair, 21 A\u011fustos 2024 g\u00fcn\u00fc kaybolan maktul Narin G\u00fcran\u2019\u0131 bulmak i\u00e7in ger\u00e7ekle\u015ftirilen arama kurtarma \u00e7al\u0131\u015fmalar\u0131n\u0131n bir k\u0131s\u0131m \u015fah\u0131slar\u0131n hedef sapt\u0131rma maksatl\u0131 suni ihbarlar\u0131yla ve dikkat da\u011f\u0131t\u0131c\u0131 eylemleriyle akamete u\u011frat\u0131lmaya \u00e7al\u0131\u015f\u0131ld\u0131\u011f\u0131, buna g\u00f6re dosyadaki JASAT tutana\u011f\u0131na g\u00f6re, \u2018Suriyelilerin kald\u0131\u011f\u0131 \u00e7ad\u0131ra yak\u0131n bir konumda terlik bulundu\u011fu\u2019 iddia edilerek jandarma personelinin bu k\u0131sma y\u00f6nlendirilmeye \u00e7al\u0131\u015f\u0131ld\u0131\u011f\u0131, k\u00f6yde yang\u0131n \u00e7\u0131kar\u0131ld\u0131\u011f\u0131, arama kurtarma \u00e7al\u0131\u015fmalar\u0131 esnas\u0131nda ola\u011fan d\u0131\u015f\u0131 elektrik kesintilerinin ya\u015fand\u0131\u011f\u0131, iki \u015fahs\u0131n bir k\u0131z \u00e7ocu\u011funu k\u00f6y\u00fcn \u00fcst taraf\u0131na g\u00f6t\u00fcrd\u00fc\u011f\u00fc \u015feklindeki ihbarda bulunuldu\u011fu, yanl\u0131\u015f ifadelerle g\u00fcvenlik birimlerinin yanl\u0131\u015f y\u00f6nlendirildi\u011fi, bu gibi eylemlerle jandarma personelinin E\u011fertutmaz Deresi\u2019nden uzakla\u015ft\u0131r\u0131lmaya \u00e7al\u0131\u015f\u0131ld\u0131\u011f\u0131, bu eylemlerin bir k\u0131sm\u0131n\u0131n G\u00fcran ailesinin baz\u0131 \u00fcyeleri taraf\u0131ndan yap\u0131ld\u0131\u011f\u0131, Diyarbak\u0131r 4. Sulh Ceza Hakimli\u011fi\u2019nin 13 Eyl\u00fcl 2024 tarihli karar\u0131yla bir k\u0131s\u0131m \u015f\u00fcphelilerin tutuklanmas\u0131na karar verildi\u011fi, R.A\u2019n\u0131n \u015f\u00fcpheli Salim G\u00fcran\u2019\u0131n tarlada oldu\u011fu saatlerle alakal\u0131 beyanlar\u0131n\u0131n dosyadaki HTS kay\u0131tlar\u0131yla, di\u011fer \u015f\u00fcpheli beyanlar\u0131yla ve dahi \u015f\u00fcpheli Salim G\u00fcran\u2019\u0131n kendi beyanlar\u0131yla \u00e7eli\u015fti\u011fi, soru\u015fturman\u0131n hen\u00fcz tamamlanmad\u0131\u011f\u0131, taraflar \u00fczerinde bask\u0131 kurulma ihtimalinin eldeki dosya bak\u0131m\u0131ndan somut olarak varl\u0131\u011f\u0131 ve dosyadaki di\u011fer t\u00fcm belgeler birlikte de\u011ferlendirildi\u011finde, Avrupa \u0130nsan Haklar\u0131 S\u00f6zle\u015fmesinin 5. maddesinde \u00f6ng\u00f6r\u00fclen ge\u00e7erli \u015f\u00fcphe sebeplerinin, 1982 Anayasas\u0131\u2019n\u0131n 19. maddesinde belirtilen kuvvetli belirtinin ve CMK\u2019n\u0131n 100\/1 maddesinde \u00f6ng\u00f6r\u00fclen kuvvetli su\u00e7 \u015f\u00fcphesini g\u00f6sterir somut delillerin mevcut oldu\u011fu, m\u00fcsnet su\u00e7 i\u00e7in kanunda \u00f6ng\u00f6r\u00fclen cezan\u0131n alt ve \u00fcst s\u0131n\u0131r\u0131, m\u00fcsnet su\u00e7un CMK 100\/3 maddesinde belirtilen katalog su\u00e7lardan olu\u015fu, delilerin tamamen toplanmam\u0131\u015f olmas\u0131, verilmesi beklenen cezaya g\u00f6re R.A\u2019n\u0131n ka\u00e7ma ihtimalinin kuvvetle muhtemel oldu\u011funa dair kanaat ve tutuklama tedbirinin \u00f6l\u00e7\u00fcl\u00fc olmas\u0131, bu safhada adli kontrol uygulamas\u0131n\u0131n yetersiz kalaca\u011f\u0131 anla\u015f\u0131ld\u0131\u011f\u0131ndan R.A\u2019n\u0131n CMK 100 ve devam\u0131 maddeleri gere\u011fince tutuklanmas\u0131na karar verildi.\u201d<\/p>\n<\/p><\/div>\n<p><script async\n                    defer\n                    crossorigin=\"anonymous\"\n                    src=\"https:\/\/connect.facebook.net\/tr_TR\/sdk.js#xfbml=1&#038;version=v3.3\"\n            ><\/script><\/p>\n","protected":false},"excerpt":{"rendered":"<p>Diyarbak\u0131r\u2019da kaybolduktan 19 g\u00fcn sonra cans\u0131z bedenine ula\u015f\u0131lan 8 ya\u015f\u0131ndaki Narin G\u00fcran\u2019\u0131 arama \u00e7al\u0131\u015fmalar\u0131n\u0131n \u201cas\u0131ls\u0131z ihbarlarla ve yanl\u0131\u015f ifadelerle sekteye u\u011frat\u0131lmaya \u00e7al\u0131\u015f\u0131ld\u0131\u011f\u0131\u201d sulh ceza hakimli\u011finin tutuklama gerek\u00e7esinde kay\u0131tlara ge\u00e7ti. Merkez Ba\u011flar il\u00e7esinin Tav\u015fantepe Mahallesi\u2019nde 21 A\u011fustos\u2019ta kaybolan ve 8 Eyl\u00fcl\u2019de E\u011fertutmaz Deresi\u2019nde cans\u0131z bedeni bulunan Narin G\u00fcran\u2019\u0131n \u00f6ld\u00fcr\u00fclmesine ili\u015fkin Diyarbak\u0131r Cumhuriyet Ba\u015fsavc\u0131l\u0131\u011f\u0131nca y\u00fcr\u00fct\u00fclen soru\u015fturma s\u00fcr\u00fcyor. [&hellip;]<\/p>\n","protected":false},"author":1,"featured_media":9433,"comment_status":"open","ping_status":"open","sticky":false,"template":"","format":"standard","meta":{"jnews-multi-image_gallery":[],"jnews_single_post":[],"jnews_primary_category":[],"footnotes":""},"categories":[2],"tags":[],"class_list":["post-9432","post","type-post","status-publish","format-standard","has-post-thumbnail","hentry","category-dunya"],"yoast_head":"<!-- This site is optimized with the Yoast SEO plugin v27.4 - https:\/\/yoast.com\/product\/yoast-seo-wordpress\/ -->\n<title>Narin\u2019i arama \u00e7al\u0131\u015fmalar\u0131n\u0131n \u201cas\u0131ls\u0131z ihbarlar ve yanl\u0131\u015f ifadelerle sekteye u\u011frat\u0131ld\u0131\u011f\u0131\u201d mahkeme karar\u0131nda - Haber Kuzey<\/title>\n<meta name=\"robots\" content=\"index, follow, max-snippet:-1, max-image-preview:large, max-video-preview:-1\" \/>\n<link rel=\"canonical\" href=\"https:\/\/haberkuzey.com\/index.php\/2024\/09\/15\/narini-arama-calismalarinin-asilsiz-ihbarlar-ve-yanlis-ifadelerle-sekteye-ugratildigi-mahkeme-kararinda\/\" \/>\n<meta property=\"og:locale\" content=\"tr_TR\" \/>\n<meta property=\"og:type\" content=\"article\" \/>\n<meta property=\"og:title\" content=\"Narin\u2019i arama \u00e7al\u0131\u015fmalar\u0131n\u0131n \u201cas\u0131ls\u0131z ihbarlar ve yanl\u0131\u015f ifadelerle sekteye u\u011frat\u0131ld\u0131\u011f\u0131\u201d mahkeme karar\u0131nda - Haber Kuzey\" \/>\n<meta property=\"og:description\" content=\"Diyarbak\u0131r\u2019da kaybolduktan 19 g\u00fcn sonra cans\u0131z bedenine ula\u015f\u0131lan 8 ya\u015f\u0131ndaki Narin G\u00fcran\u2019\u0131 arama \u00e7al\u0131\u015fmalar\u0131n\u0131n \u201cas\u0131ls\u0131z ihbarlarla ve yanl\u0131\u015f ifadelerle sekteye u\u011frat\u0131lmaya \u00e7al\u0131\u015f\u0131ld\u0131\u011f\u0131\u201d sulh ceza hakimli\u011finin tutuklama gerek\u00e7esinde kay\u0131tlara ge\u00e7ti. Merkez Ba\u011flar il\u00e7esinin Tav\u015fantepe Mahallesi\u2019nde 21 A\u011fustos\u2019ta kaybolan ve 8 Eyl\u00fcl\u2019de E\u011fertutmaz Deresi\u2019nde cans\u0131z bedeni bulunan Narin G\u00fcran\u2019\u0131n \u00f6ld\u00fcr\u00fclmesine ili\u015fkin Diyarbak\u0131r Cumhuriyet Ba\u015fsavc\u0131l\u0131\u011f\u0131nca y\u00fcr\u00fct\u00fclen soru\u015fturma s\u00fcr\u00fcyor. [&hellip;]\" \/>\n<meta property=\"og:url\" content=\"https:\/\/haberkuzey.com\/index.php\/2024\/09\/15\/narini-arama-calismalarinin-asilsiz-ihbarlar-ve-yanlis-ifadelerle-sekteye-ugratildigi-mahkeme-kararinda\/\" \/>\n<meta property=\"og:site_name\" content=\"Haber Kuzey\" \/>\n<meta property=\"article:published_time\" content=\"2024-09-15T07:48:43+00:00\" \/>\n<meta property=\"og:image\" content=\"https:\/\/brtk.net\/wp-content\/uploads\/2024\/09\/15\/thumbs-b-c-f5370bf1845a1425bc457f36251706c8.jpg?ver=723108aa1d9121835007f98b4d6fd298\" \/>\n<meta name=\"author\" content=\"haberkuzey\" \/>\n<meta name=\"twitter:card\" content=\"summary_large_image\" \/>\n<meta name=\"twitter:label1\" content=\"Yazan:\" \/>\n\t<meta name=\"twitter:data1\" content=\"haberkuzey\" \/>\n\t<meta name=\"twitter:label2\" content=\"Tahmini okuma s\u00fcresi\" \/>\n\t<meta name=\"twitter:data2\" content=\"8 dakika\" \/>\n<script type=\"application\/ld+json\" class=\"yoast-schema-graph\">{\"@context\":\"https:\\\/\\\/schema.org\",\"@graph\":[{\"@type\":\"Article\",\"@id\":\"https:\\\/\\\/haberkuzey.com\\\/index.php\\\/2024\\\/09\\\/15\\\/narini-arama-calismalarinin-asilsiz-ihbarlar-ve-yanlis-ifadelerle-sekteye-ugratildigi-mahkeme-kararinda\\\/#article\",\"isPartOf\":{\"@id\":\"https:\\\/\\\/haberkuzey.com\\\/index.php\\\/2024\\\/09\\\/15\\\/narini-arama-calismalarinin-asilsiz-ihbarlar-ve-yanlis-ifadelerle-sekteye-ugratildigi-mahkeme-kararinda\\\/\"},\"author\":{\"name\":\"haberkuzey\",\"@id\":\"https:\\\/\\\/haberkuzey.com\\\/#\\\/schema\\\/person\\\/3372109ec735f9333f4fa47ebb9605ca\"},\"headline\":\"Narin\u2019i arama \u00e7al\u0131\u015fmalar\u0131n\u0131n \u201cas\u0131ls\u0131z ihbarlar ve yanl\u0131\u015f ifadelerle sekteye u\u011frat\u0131ld\u0131\u011f\u0131\u201d mahkeme karar\u0131nda\",\"datePublished\":\"2024-09-15T07:48:43+00:00\",\"mainEntityOfPage\":{\"@id\":\"https:\\\/\\\/haberkuzey.com\\\/index.php\\\/2024\\\/09\\\/15\\\/narini-arama-calismalarinin-asilsiz-ihbarlar-ve-yanlis-ifadelerle-sekteye-ugratildigi-mahkeme-kararinda\\\/\"},\"wordCount\":1720,\"commentCount\":0,\"image\":{\"@id\":\"https:\\\/\\\/haberkuzey.com\\\/index.php\\\/2024\\\/09\\\/15\\\/narini-arama-calismalarinin-asilsiz-ihbarlar-ve-yanlis-ifadelerle-sekteye-ugratildigi-mahkeme-kararinda\\\/#primaryimage\"},\"thumbnailUrl\":\"https:\\\/\\\/haberkuzey.com\\\/wp-content\\\/uploads\\\/2024\\\/09\\\/thumbs-b-c-f5370bf1845a1425bc457f36251706c8.jpg\",\"articleSection\":[\"D\u00fcnya\"],\"inLanguage\":\"tr\",\"potentialAction\":[{\"@type\":\"CommentAction\",\"name\":\"Comment\",\"target\":[\"https:\\\/\\\/haberkuzey.com\\\/index.php\\\/2024\\\/09\\\/15\\\/narini-arama-calismalarinin-asilsiz-ihbarlar-ve-yanlis-ifadelerle-sekteye-ugratildigi-mahkeme-kararinda\\\/#respond\"]}]},{\"@type\":\"WebPage\",\"@id\":\"https:\\\/\\\/haberkuzey.com\\\/index.php\\\/2024\\\/09\\\/15\\\/narini-arama-calismalarinin-asilsiz-ihbarlar-ve-yanlis-ifadelerle-sekteye-ugratildigi-mahkeme-kararinda\\\/\",\"url\":\"https:\\\/\\\/haberkuzey.com\\\/index.php\\\/2024\\\/09\\\/15\\\/narini-arama-calismalarinin-asilsiz-ihbarlar-ve-yanlis-ifadelerle-sekteye-ugratildigi-mahkeme-kararinda\\\/\",\"name\":\"Narin\u2019i arama \u00e7al\u0131\u015fmalar\u0131n\u0131n \u201cas\u0131ls\u0131z ihbarlar ve yanl\u0131\u015f ifadelerle sekteye u\u011frat\u0131ld\u0131\u011f\u0131\u201d mahkeme karar\u0131nda - Haber Kuzey\",\"isPartOf\":{\"@id\":\"https:\\\/\\\/haberkuzey.com\\\/#website\"},\"primaryImageOfPage\":{\"@id\":\"https:\\\/\\\/haberkuzey.com\\\/index.php\\\/2024\\\/09\\\/15\\\/narini-arama-calismalarinin-asilsiz-ihbarlar-ve-yanlis-ifadelerle-sekteye-ugratildigi-mahkeme-kararinda\\\/#primaryimage\"},\"image\":{\"@id\":\"https:\\\/\\\/haberkuzey.com\\\/index.php\\\/2024\\\/09\\\/15\\\/narini-arama-calismalarinin-asilsiz-ihbarlar-ve-yanlis-ifadelerle-sekteye-ugratildigi-mahkeme-kararinda\\\/#primaryimage\"},\"thumbnailUrl\":\"https:\\\/\\\/haberkuzey.com\\\/wp-content\\\/uploads\\\/2024\\\/09\\\/thumbs-b-c-f5370bf1845a1425bc457f36251706c8.jpg\",\"datePublished\":\"2024-09-15T07:48:43+00:00\",\"author\":{\"@id\":\"https:\\\/\\\/haberkuzey.com\\\/#\\\/schema\\\/person\\\/3372109ec735f9333f4fa47ebb9605ca\"},\"breadcrumb\":{\"@id\":\"https:\\\/\\\/haberkuzey.com\\\/index.php\\\/2024\\\/09\\\/15\\\/narini-arama-calismalarinin-asilsiz-ihbarlar-ve-yanlis-ifadelerle-sekteye-ugratildigi-mahkeme-kararinda\\\/#breadcrumb\"},\"inLanguage\":\"tr\",\"potentialAction\":[{\"@type\":\"ReadAction\",\"target\":[\"https:\\\/\\\/haberkuzey.com\\\/index.php\\\/2024\\\/09\\\/15\\\/narini-arama-calismalarinin-asilsiz-ihbarlar-ve-yanlis-ifadelerle-sekteye-ugratildigi-mahkeme-kararinda\\\/\"]}]},{\"@type\":\"ImageObject\",\"inLanguage\":\"tr\",\"@id\":\"https:\\\/\\\/haberkuzey.com\\\/index.php\\\/2024\\\/09\\\/15\\\/narini-arama-calismalarinin-asilsiz-ihbarlar-ve-yanlis-ifadelerle-sekteye-ugratildigi-mahkeme-kararinda\\\/#primaryimage\",\"url\":\"https:\\\/\\\/haberkuzey.com\\\/wp-content\\\/uploads\\\/2024\\\/09\\\/thumbs-b-c-f5370bf1845a1425bc457f36251706c8.jpg\",\"contentUrl\":\"https:\\\/\\\/haberkuzey.com\\\/wp-content\\\/uploads\\\/2024\\\/09\\\/thumbs-b-c-f5370bf1845a1425bc457f36251706c8.jpg\",\"width\":864,\"height\":486},{\"@type\":\"BreadcrumbList\",\"@id\":\"https:\\\/\\\/haberkuzey.com\\\/index.php\\\/2024\\\/09\\\/15\\\/narini-arama-calismalarinin-asilsiz-ihbarlar-ve-yanlis-ifadelerle-sekteye-ugratildigi-mahkeme-kararinda\\\/#breadcrumb\",\"itemListElement\":[{\"@type\":\"ListItem\",\"position\":1,\"name\":\"Anasayfa\",\"item\":\"https:\\\/\\\/haberkuzey.com\\\/\"},{\"@type\":\"ListItem\",\"position\":2,\"name\":\"Narin\u2019i arama \u00e7al\u0131\u015fmalar\u0131n\u0131n \u201cas\u0131ls\u0131z ihbarlar ve yanl\u0131\u015f ifadelerle sekteye u\u011frat\u0131ld\u0131\u011f\u0131\u201d mahkeme karar\u0131nda\"}]},{\"@type\":\"WebSite\",\"@id\":\"https:\\\/\\\/haberkuzey.com\\\/#website\",\"url\":\"https:\\\/\\\/haberkuzey.com\\\/\",\"name\":\"Haber Kuzey\",\"description\":\"Do\u011fru Haberin Adresi\",\"potentialAction\":[{\"@type\":\"SearchAction\",\"target\":{\"@type\":\"EntryPoint\",\"urlTemplate\":\"https:\\\/\\\/haberkuzey.com\\\/?s={search_term_string}\"},\"query-input\":{\"@type\":\"PropertyValueSpecification\",\"valueRequired\":true,\"valueName\":\"search_term_string\"}}],\"inLanguage\":\"tr\"},{\"@type\":\"Person\",\"@id\":\"https:\\\/\\\/haberkuzey.com\\\/#\\\/schema\\\/person\\\/3372109ec735f9333f4fa47ebb9605ca\",\"name\":\"haberkuzey\",\"image\":{\"@type\":\"ImageObject\",\"inLanguage\":\"tr\",\"@id\":\"https:\\\/\\\/secure.gravatar.com\\\/avatar\\\/f5fc875574b1575324358c3b9e6a32b8227aa5b74f3fa22e3cadb63e26fcc39c?s=96&d=mm&r=g\",\"url\":\"https:\\\/\\\/secure.gravatar.com\\\/avatar\\\/f5fc875574b1575324358c3b9e6a32b8227aa5b74f3fa22e3cadb63e26fcc39c?s=96&d=mm&r=g\",\"contentUrl\":\"https:\\\/\\\/secure.gravatar.com\\\/avatar\\\/f5fc875574b1575324358c3b9e6a32b8227aa5b74f3fa22e3cadb63e26fcc39c?s=96&d=mm&r=g\",\"caption\":\"haberkuzey\"},\"sameAs\":[\"https:\\\/\\\/haberkuzey.com\"],\"url\":\"https:\\\/\\\/haberkuzey.com\\\/index.php\\\/author\\\/haberkuzey\\\/\"}]}<\/script>\n<!-- \/ Yoast SEO plugin. -->","yoast_head_json":{"title":"Narin\u2019i arama \u00e7al\u0131\u015fmalar\u0131n\u0131n \u201cas\u0131ls\u0131z ihbarlar ve yanl\u0131\u015f ifadelerle sekteye u\u011frat\u0131ld\u0131\u011f\u0131\u201d mahkeme karar\u0131nda - Haber Kuzey","robots":{"index":"index","follow":"follow","max-snippet":"max-snippet:-1","max-image-preview":"max-image-preview:large","max-video-preview":"max-video-preview:-1"},"canonical":"https:\/\/haberkuzey.com\/index.php\/2024\/09\/15\/narini-arama-calismalarinin-asilsiz-ihbarlar-ve-yanlis-ifadelerle-sekteye-ugratildigi-mahkeme-kararinda\/","og_locale":"tr_TR","og_type":"article","og_title":"Narin\u2019i arama \u00e7al\u0131\u015fmalar\u0131n\u0131n \u201cas\u0131ls\u0131z ihbarlar ve yanl\u0131\u015f ifadelerle sekteye u\u011frat\u0131ld\u0131\u011f\u0131\u201d mahkeme karar\u0131nda - Haber Kuzey","og_description":"Diyarbak\u0131r\u2019da kaybolduktan 19 g\u00fcn sonra cans\u0131z bedenine ula\u015f\u0131lan 8 ya\u015f\u0131ndaki Narin G\u00fcran\u2019\u0131 arama \u00e7al\u0131\u015fmalar\u0131n\u0131n \u201cas\u0131ls\u0131z ihbarlarla ve yanl\u0131\u015f ifadelerle sekteye u\u011frat\u0131lmaya \u00e7al\u0131\u015f\u0131ld\u0131\u011f\u0131\u201d sulh ceza hakimli\u011finin tutuklama gerek\u00e7esinde kay\u0131tlara ge\u00e7ti. Merkez Ba\u011flar il\u00e7esinin Tav\u015fantepe Mahallesi\u2019nde 21 A\u011fustos\u2019ta kaybolan ve 8 Eyl\u00fcl\u2019de E\u011fertutmaz Deresi\u2019nde cans\u0131z bedeni bulunan Narin G\u00fcran\u2019\u0131n \u00f6ld\u00fcr\u00fclmesine ili\u015fkin Diyarbak\u0131r Cumhuriyet Ba\u015fsavc\u0131l\u0131\u011f\u0131nca y\u00fcr\u00fct\u00fclen soru\u015fturma s\u00fcr\u00fcyor. [&hellip;]","og_url":"https:\/\/haberkuzey.com\/index.php\/2024\/09\/15\/narini-arama-calismalarinin-asilsiz-ihbarlar-ve-yanlis-ifadelerle-sekteye-ugratildigi-mahkeme-kararinda\/","og_site_name":"Haber Kuzey","article_published_time":"2024-09-15T07:48:43+00:00","og_image":[{"url":"https:\/\/brtk.net\/wp-content\/uploads\/2024\/09\/15\/thumbs-b-c-f5370bf1845a1425bc457f36251706c8.jpg?ver=723108aa1d9121835007f98b4d6fd298","type":"","width":"","height":""}],"author":"haberkuzey","twitter_card":"summary_large_image","twitter_misc":{"Yazan:":"haberkuzey","Tahmini okuma s\u00fcresi":"8 dakika"},"schema":{"@context":"https:\/\/schema.org","@graph":[{"@type":"Article","@id":"https:\/\/haberkuzey.com\/index.php\/2024\/09\/15\/narini-arama-calismalarinin-asilsiz-ihbarlar-ve-yanlis-ifadelerle-sekteye-ugratildigi-mahkeme-kararinda\/#article","isPartOf":{"@id":"https:\/\/haberkuzey.com\/index.php\/2024\/09\/15\/narini-arama-calismalarinin-asilsiz-ihbarlar-ve-yanlis-ifadelerle-sekteye-ugratildigi-mahkeme-kararinda\/"},"author":{"name":"haberkuzey","@id":"https:\/\/haberkuzey.com\/#\/schema\/person\/3372109ec735f9333f4fa47ebb9605ca"},"headline":"Narin\u2019i arama \u00e7al\u0131\u015fmalar\u0131n\u0131n \u201cas\u0131ls\u0131z ihbarlar ve yanl\u0131\u015f ifadelerle sekteye u\u011frat\u0131ld\u0131\u011f\u0131\u201d mahkeme karar\u0131nda","datePublished":"2024-09-15T07:48:43+00:00","mainEntityOfPage":{"@id":"https:\/\/haberkuzey.com\/index.php\/2024\/09\/15\/narini-arama-calismalarinin-asilsiz-ihbarlar-ve-yanlis-ifadelerle-sekteye-ugratildigi-mahkeme-kararinda\/"},"wordCount":1720,"commentCount":0,"image":{"@id":"https:\/\/haberkuzey.com\/index.php\/2024\/09\/15\/narini-arama-calismalarinin-asilsiz-ihbarlar-ve-yanlis-ifadelerle-sekteye-ugratildigi-mahkeme-kararinda\/#primaryimage"},"thumbnailUrl":"https:\/\/haberkuzey.com\/wp-content\/uploads\/2024\/09\/thumbs-b-c-f5370bf1845a1425bc457f36251706c8.jpg","articleSection":["D\u00fcnya"],"inLanguage":"tr","potentialAction":[{"@type":"CommentAction","name":"Comment","target":["https:\/\/haberkuzey.com\/index.php\/2024\/09\/15\/narini-arama-calismalarinin-asilsiz-ihbarlar-ve-yanlis-ifadelerle-sekteye-ugratildigi-mahkeme-kararinda\/#respond"]}]},{"@type":"WebPage","@id":"https:\/\/haberkuzey.com\/index.php\/2024\/09\/15\/narini-arama-calismalarinin-asilsiz-ihbarlar-ve-yanlis-ifadelerle-sekteye-ugratildigi-mahkeme-kararinda\/","url":"https:\/\/haberkuzey.com\/index.php\/2024\/09\/15\/narini-arama-calismalarinin-asilsiz-ihbarlar-ve-yanlis-ifadelerle-sekteye-ugratildigi-mahkeme-kararinda\/","name":"Narin\u2019i arama \u00e7al\u0131\u015fmalar\u0131n\u0131n \u201cas\u0131ls\u0131z ihbarlar ve yanl\u0131\u015f ifadelerle sekteye u\u011frat\u0131ld\u0131\u011f\u0131\u201d mahkeme karar\u0131nda - Haber Kuzey","isPartOf":{"@id":"https:\/\/haberkuzey.com\/#website"},"primaryImageOfPage":{"@id":"https:\/\/haberkuzey.com\/index.php\/2024\/09\/15\/narini-arama-calismalarinin-asilsiz-ihbarlar-ve-yanlis-ifadelerle-sekteye-ugratildigi-mahkeme-kararinda\/#primaryimage"},"image":{"@id":"https:\/\/haberkuzey.com\/index.php\/2024\/09\/15\/narini-arama-calismalarinin-asilsiz-ihbarlar-ve-yanlis-ifadelerle-sekteye-ugratildigi-mahkeme-kararinda\/#primaryimage"},"thumbnailUrl":"https:\/\/haberkuzey.com\/wp-content\/uploads\/2024\/09\/thumbs-b-c-f5370bf1845a1425bc457f36251706c8.jpg","datePublished":"2024-09-15T07:48:43+00:00","author":{"@id":"https:\/\/haberkuzey.com\/#\/schema\/person\/3372109ec735f9333f4fa47ebb9605ca"},"breadcrumb":{"@id":"https:\/\/haberkuzey.com\/index.php\/2024\/09\/15\/narini-arama-calismalarinin-asilsiz-ihbarlar-ve-yanlis-ifadelerle-sekteye-ugratildigi-mahkeme-kararinda\/#breadcrumb"},"inLanguage":"tr","potentialAction":[{"@type":"ReadAction","target":["https:\/\/haberkuzey.com\/index.php\/2024\/09\/15\/narini-arama-calismalarinin-asilsiz-ihbarlar-ve-yanlis-ifadelerle-sekteye-ugratildigi-mahkeme-kararinda\/"]}]},{"@type":"ImageObject","inLanguage":"tr","@id":"https:\/\/haberkuzey.com\/index.php\/2024\/09\/15\/narini-arama-calismalarinin-asilsiz-ihbarlar-ve-yanlis-ifadelerle-sekteye-ugratildigi-mahkeme-kararinda\/#primaryimage","url":"https:\/\/haberkuzey.com\/wp-content\/uploads\/2024\/09\/thumbs-b-c-f5370bf1845a1425bc457f36251706c8.jpg","contentUrl":"https:\/\/haberkuzey.com\/wp-content\/uploads\/2024\/09\/thumbs-b-c-f5370bf1845a1425bc457f36251706c8.jpg","width":864,"height":486},{"@type":"BreadcrumbList","@id":"https:\/\/haberkuzey.com\/index.php\/2024\/09\/15\/narini-arama-calismalarinin-asilsiz-ihbarlar-ve-yanlis-ifadelerle-sekteye-ugratildigi-mahkeme-kararinda\/#breadcrumb","itemListElement":[{"@type":"ListItem","position":1,"name":"Anasayfa","item":"https:\/\/haberkuzey.com\/"},{"@type":"ListItem","position":2,"name":"Narin\u2019i arama \u00e7al\u0131\u015fmalar\u0131n\u0131n \u201cas\u0131ls\u0131z ihbarlar ve yanl\u0131\u015f ifadelerle sekteye u\u011frat\u0131ld\u0131\u011f\u0131\u201d mahkeme karar\u0131nda"}]},{"@type":"WebSite","@id":"https:\/\/haberkuzey.com\/#website","url":"https:\/\/haberkuzey.com\/","name":"Haber Kuzey","description":"Do\u011fru Haberin Adresi","potentialAction":[{"@type":"SearchAction","target":{"@type":"EntryPoint","urlTemplate":"https:\/\/haberkuzey.com\/?s={search_term_string}"},"query-input":{"@type":"PropertyValueSpecification","valueRequired":true,"valueName":"search_term_string"}}],"inLanguage":"tr"},{"@type":"Person","@id":"https:\/\/haberkuzey.com\/#\/schema\/person\/3372109ec735f9333f4fa47ebb9605ca","name":"haberkuzey","image":{"@type":"ImageObject","inLanguage":"tr","@id":"https:\/\/secure.gravatar.com\/avatar\/f5fc875574b1575324358c3b9e6a32b8227aa5b74f3fa22e3cadb63e26fcc39c?s=96&d=mm&r=g","url":"https:\/\/secure.gravatar.com\/avatar\/f5fc875574b1575324358c3b9e6a32b8227aa5b74f3fa22e3cadb63e26fcc39c?s=96&d=mm&r=g","contentUrl":"https:\/\/secure.gravatar.com\/avatar\/f5fc875574b1575324358c3b9e6a32b8227aa5b74f3fa22e3cadb63e26fcc39c?s=96&d=mm&r=g","caption":"haberkuzey"},"sameAs":["https:\/\/haberkuzey.com"],"url":"https:\/\/haberkuzey.com\/index.php\/author\/haberkuzey\/"}]}},"_links":{"self":[{"href":"https:\/\/haberkuzey.com\/index.php\/wp-json\/wp\/v2\/posts\/9432","targetHints":{"allow":["GET"]}}],"collection":[{"href":"https:\/\/haberkuzey.com\/index.php\/wp-json\/wp\/v2\/posts"}],"about":[{"href":"https:\/\/haberkuzey.com\/index.php\/wp-json\/wp\/v2\/types\/post"}],"author":[{"embeddable":true,"href":"https:\/\/haberkuzey.com\/index.php\/wp-json\/wp\/v2\/users\/1"}],"replies":[{"embeddable":true,"href":"https:\/\/haberkuzey.com\/index.php\/wp-json\/wp\/v2\/comments?post=9432"}],"version-history":[{"count":0,"href":"https:\/\/haberkuzey.com\/index.php\/wp-json\/wp\/v2\/posts\/9432\/revisions"}],"wp:featuredmedia":[{"embeddable":true,"href":"https:\/\/haberkuzey.com\/index.php\/wp-json\/wp\/v2\/media\/9433"}],"wp:attachment":[{"href":"https:\/\/haberkuzey.com\/index.php\/wp-json\/wp\/v2\/media?parent=9432"}],"wp:term":[{"taxonomy":"category","embeddable":true,"href":"https:\/\/haberkuzey.com\/index.php\/wp-json\/wp\/v2\/categories?post=9432"},{"taxonomy":"post_tag","embeddable":true,"href":"https:\/\/haberkuzey.com\/index.php\/wp-json\/wp\/v2\/tags?post=9432"}],"curies":[{"name":"wp","href":"https:\/\/api.w.org\/{rel}","templated":true}]}}