{"id":9416,"date":"2024-09-14T20:34:56","date_gmt":"2024-09-14T17:34:56","guid":{"rendered":"https:\/\/haberkuzey.com\/index.php\/2024\/09\/14\/bati-seriada-oldurulen-aysenur-ezgi-eygi-son-yolculuguna-ugurlandi\/"},"modified":"2024-09-14T20:34:56","modified_gmt":"2024-09-14T17:34:56","slug":"bati-seriada-oldurulen-aysenur-ezgi-eygi-son-yolculuguna-ugurlandi","status":"publish","type":"post","link":"https:\/\/haberkuzey.com\/index.php\/2024\/09\/14\/bati-seriada-oldurulen-aysenur-ezgi-eygi-son-yolculuguna-ugurlandi\/","title":{"rendered":"Bat\u0131 \u015eeria\u2019da \u00f6ld\u00fcr\u00fclen Ay\u015fenur Ezgi Eygi, son yolculu\u011funa u\u011furland\u0131"},"content":{"rendered":"<div>\n<div class=\"mariselle-image-container center\">\n                                            <\/div>\n<p>\u0130\u015fgal alt\u0131ndaki Bat\u0131 \u015eeria\u2019da \u0130srailli yerle\u015fimcilere kar\u015f\u0131 kat\u0131ld\u0131\u011f\u0131 bir protestoda \u00f6ld\u00fcr\u00fclen 26 ya\u015f\u0131ndaki T\u00fcrk-Amerikan vatanda\u015f\u0131 Ay\u015fenur Ezgi Eygi, Ayd\u0131n\u2019\u0131n Didim il\u00e7esinde topra\u011fa verildi.<\/p>\n<p>Eygi\u2019nin T\u00fcrk bayra\u011f\u0131na sar\u0131l\u0131 naa\u015f\u0131, Didim Merkez Camisi\u2019nde \u00f6\u011fle vakti k\u0131l\u0131nan cenaze namaz\u0131n\u0131n ard\u0131ndan Didim Asri Mezarl\u0131\u011f\u0131\u2019nda topra\u011fa verildi.<\/p>\n<p>Cenazeye h\u00fck\u00fcmet yetkilileri ile farkl\u0131 siyasi partilerin temsilcileri de kat\u0131ld\u0131.<\/p>\n<p>Cenaze t\u00f6reninde konu\u015fan TBMM Ba\u015fkan\u0131 Numan Kurtulmu\u015f, \u201cAy\u015fenur evlad\u0131m\u0131z bundan sonra b\u00fct\u00fcn milletimizin evlad\u0131d\u0131r. B\u00fct\u00fcn insanl\u0131k aleminin mah\u015feri vicdan\u0131n\u0131n temsilcisidir. Milletimiz emin olsun, Ay\u015fenur evlad\u0131m\u0131z\u0131n kan\u0131 yerde kalmayacakt\u0131r. Ay\u015fenur evlad\u0131m\u0131z\u0131n katillerinden b\u00fct\u00fcn uluslararas\u0131 mahkemelerde hesap sorulacakt\u0131r. Bunun b\u00f6yle bilinmesini istiyorum.\u201d dedi.<\/p>\n<p>Bug\u00fcn burada T\u00fcrkiye\u2019nin b\u00fct\u00fcn siyasi kanaatlerinden siyasi partilerin, farkl\u0131 kanaat gruplar\u0131n\u0131n temsilcilerinin oldu\u011funu, millet\u00e7e \u015fehide sahip \u00e7\u0131kt\u0131klar\u0131n\u0131 anlatan Kurtulmu\u015f, \u201cBir milli \u015fehit olarak, T\u00fcrkiye\u2019nin milli davas\u0131 olan Filistin davas\u0131n\u0131n \u00f6nemli bir i\u015fareti, sembol\u00fc olarak Ay\u015fenur evlad\u0131m\u0131za bug\u00fcn sahip \u00e7\u0131k\u0131yoruz.\u201d ifadesini kulland\u0131.<\/p>\n<p>Konu\u015fmalar\u0131n ard\u0131ndan Eygi\u2019nin naa\u015f\u0131, protokol \u00fcyelerinin de bulundu\u011fu kalabal\u0131k bir konvoyla Asri Mezarl\u0131\u011fa g\u00f6t\u00fcr\u00fclerek dualarla topra\u011fa verildi.<\/p>\n<div class=\"mariselle-image-container center\">\n                <img decoding=\"async\" width=\"2560\" height=\"1812\" class=\"lazy-image\" alt=\"\" sizes=\"(max-width: 2560px) 100vw, 2560px\" src=\"https:\/\/brtk.net\/wp-content\/uploads\/2024\/09\/14\/aysenur3-scaled.jpg?ver=08bf26f356bc406eaaa252af2ebb9547\" srcset=\"https:\/\/brtk.net\/wp-content\/uploads\/2024\/09\/14\/aysenur3-scaled.jpg?ver=08bf26f356bc406eaaa252af2ebb9547 2560w, https:\/\/brtk.net\/wp-content\/uploads\/2024\/09\/14\/aysenur3-300x212.jpg?ver=08bf26f356bc406eaaa252af2ebb9547 300w, https:\/\/brtk.net\/wp-content\/uploads\/2024\/09\/14\/aysenur3-1024x725.jpg?ver=2030d4d7e34e3d56694c6a313cbfc313 1024w, https:\/\/brtk.net\/wp-content\/uploads\/2024\/09\/14\/aysenur3-768x544.jpg?ver=0235b4aa89a031f970ac163b6c7bf1f4 768w, https:\/\/brtk.net\/wp-content\/uploads\/2024\/09\/14\/aysenur3-1536x1087.jpg?ver=0544664feef3dc077ba134f0c49b9dfc 1536w, https:\/\/brtk.net\/wp-content\/uploads\/2024\/09\/14\/aysenur3-2048x1450.jpg?ver=249a804f0b9b3f7fd552eb436c6b6c44 2048w\"\/>                            <\/div>\n<p>T\u00f6rene Eygi\u2019nin babas\u0131 Mehmet Suat Eygi, annesi Rabia Birden, e\u015fi Hamid Ali Mazhar, dedesi \u015eeref Eygi ve yak\u0131nlar\u0131 ile Cumhurba\u015fkan\u0131 Yard\u0131mc\u0131s\u0131 Cevdet Y\u0131lmaz, CHP Genel Ba\u015fkan\u0131 \u00d6zg\u00fcr \u00d6zel, \u0130\u00e7i\u015fleri Bakan\u0131 Ali Yerlikaya, D\u0131\u015fi\u015fleri Bakan\u0131 Hakan Fidan, Adalet Bakan\u0131 Y\u0131lmaz Tun\u00e7, Aile ve Sosyal Hizmetler Bakan\u0131 Mahinur \u00d6zdemir G\u00f6kta\u015f, Gelecek Partisi Genel Ba\u015fkan\u0131 Ahmet Davuto\u011flu, Ayd\u0131n Valisi Yakup Canbolat, AK Parti Genel Ba\u015fkan Vekili Efkan Ala, AK Parti Genel Ba\u015fkan Yard\u0131mc\u0131s\u0131 Hamza Da\u011f, AK Parti Genel Sekreteri Fatih \u015eahin, T\u00fcrkiye-Filistin Parlamentolar Aras\u0131 Dostluk Grubu Ba\u015fkan\u0131 ve AK Parti \u0130stanbul Milletvekili Hasan Turan ile baz\u0131 milletvekilleri de kat\u0131ld\u0131.<\/p>\n<p>\u00d6te yandan \u00e7ok say\u0131da ulusal ve uluslararas\u0131 yay\u0131n kurulu\u015flar\u0131n\u0131n temsilcileri de cenaze t\u00f6renini canl\u0131 yay\u0131nla aktard\u0131.<\/p>\n<div class=\"mariselle-image-container center\">\n                <img decoding=\"async\" width=\"2560\" height=\"1707\" class=\"lazy-image\" alt=\"\" sizes=\"(max-width: 2560px) 100vw, 2560px\" src=\"https:\/\/brtk.net\/wp-content\/uploads\/2024\/09\/14\/aysenur2-scaled.jpg?ver=0be1cb5e757e88549a413c795c64fa23\" srcset=\"https:\/\/brtk.net\/wp-content\/uploads\/2024\/09\/14\/aysenur2-scaled.jpg?ver=0be1cb5e757e88549a413c795c64fa23 2560w, https:\/\/brtk.net\/wp-content\/uploads\/2024\/09\/14\/aysenur2-300x200.jpg?ver=0be1cb5e757e88549a413c795c64fa23 300w, https:\/\/brtk.net\/wp-content\/uploads\/2024\/09\/14\/aysenur2-1024x683.jpg?ver=9f8f56fb42a63f20dcced963aacc1c4d 1024w, https:\/\/brtk.net\/wp-content\/uploads\/2024\/09\/14\/aysenur2-768x512.jpg?ver=c8b45c2b3921f1218c124314fc8a8e98 768w, https:\/\/brtk.net\/wp-content\/uploads\/2024\/09\/14\/aysenur2-1536x1024.jpg?ver=2e1c68a94c0a3275f778a8dfc81e2be8 1536w, https:\/\/brtk.net\/wp-content\/uploads\/2024\/09\/14\/aysenur2-2048x1365.jpg?ver=2b04213e3af2da5c05ee7f09f773b295 2048w\"\/>                            <\/div>\n<p>\u2013 \u0130srail askerlerinin aktivist Eygi\u2019yi \u00f6ld\u00fcrmesi<\/p>\n<p>\u0130srail askerleri, i\u015fgal alt\u0131ndaki Bat\u0131 \u015eeria\u2019da bar\u0131\u015f\u00e7\u0131l bir g\u00f6steri s\u0131ras\u0131nda kat\u0131l\u0131mc\u0131lar\u0131n \u00fczerine ate\u015f a\u00e7t\u0131.<\/p>\n<p>Filistinlilere destek amac\u0131yla g\u00f6steriye kat\u0131lan ve ABD vatanda\u015fl\u0131\u011f\u0131 da bulunan Eygi, ba\u015f\u0131ndan vurularak a\u011f\u0131r yaraland\u0131. Filistinlilere ait bir hastaneye kald\u0131r\u0131lan Eygi, 6 Eyl\u00fcl\u2019de m\u00fcdahalelere ra\u011fmen kurtar\u0131lamad\u0131.<\/p>\n<p>Eygi, Filistin topraklar\u0131n\u0131n \u0130srail taraf\u0131ndan i\u015fgaline kar\u015f\u0131 bar\u0131\u015f\u00e7\u0131l ve sivil y\u00f6ntemlerle Filistinlilere destek veren Uluslararas\u0131 Dayan\u0131\u015fma Hareketi g\u00f6n\u00fcll\u00fcs\u00fc bir insan haklar\u0131 aktivistiydi.<\/p>\n<p>2003\u2019te \u0130srail buldozeri taraf\u0131ndan ezilerek \u00f6ld\u00fcr\u00fclen ABD vatanda\u015f\u0131 Rachel Corrie de ayn\u0131 harekete mensuptu.<\/p>\n<p>T\u00fcrkiye Cumhurba\u015fkan\u0131 Recep Tayyip Erdo\u011fan, Eygi\u2019nin \u00f6ld\u00fcr\u00fclmesini lanetleyerek \u0130srail\u2019in i\u015fledi\u011fi insanl\u0131\u011fa kar\u015f\u0131 su\u00e7lar\u0131n hesab\u0131n\u0131 hukuk \u00f6n\u00fcnde vermesi i\u00e7in her platformda \u00e7aba g\u00f6stermeye devam edeceklerini belirtmi\u015fti.<\/p>\n<\/p><\/div>\n<p><script async\n                    defer\n                    crossorigin=\"anonymous\"\n                    src=\"https:\/\/connect.facebook.net\/tr_TR\/sdk.js#xfbml=1&#038;version=v3.3\"\n            ><\/script><\/p>\n","protected":false},"excerpt":{"rendered":"<p>\u0130\u015fgal alt\u0131ndaki Bat\u0131 \u015eeria\u2019da \u0130srailli yerle\u015fimcilere kar\u015f\u0131 kat\u0131ld\u0131\u011f\u0131 bir protestoda \u00f6ld\u00fcr\u00fclen 26 ya\u015f\u0131ndaki T\u00fcrk-Amerikan vatanda\u015f\u0131 Ay\u015fenur Ezgi Eygi, Ayd\u0131n\u2019\u0131n Didim il\u00e7esinde topra\u011fa verildi. Eygi\u2019nin T\u00fcrk bayra\u011f\u0131na sar\u0131l\u0131 naa\u015f\u0131, Didim Merkez Camisi\u2019nde \u00f6\u011fle vakti k\u0131l\u0131nan cenaze namaz\u0131n\u0131n ard\u0131ndan Didim Asri Mezarl\u0131\u011f\u0131\u2019nda topra\u011fa verildi. Cenazeye h\u00fck\u00fcmet yetkilileri ile farkl\u0131 siyasi partilerin temsilcileri de kat\u0131ld\u0131. Cenaze t\u00f6reninde konu\u015fan [&hellip;]<\/p>\n","protected":false},"author":1,"featured_media":9417,"comment_status":"open","ping_status":"open","sticky":false,"template":"","format":"standard","meta":{"jnews-multi-image_gallery":[],"jnews_single_post":[],"jnews_primary_category":[],"footnotes":""},"categories":[2],"tags":[],"class_list":["post-9416","post","type-post","status-publish","format-standard","has-post-thumbnail","hentry","category-dunya"],"yoast_head":"<!-- This site is optimized with the Yoast SEO plugin v27.4 - https:\/\/yoast.com\/product\/yoast-seo-wordpress\/ -->\n<title>Bat\u0131 \u015eeria\u2019da \u00f6ld\u00fcr\u00fclen Ay\u015fenur Ezgi Eygi, son yolculu\u011funa u\u011furland\u0131 - Haber Kuzey<\/title>\n<meta name=\"robots\" content=\"index, follow, max-snippet:-1, max-image-preview:large, max-video-preview:-1\" \/>\n<link rel=\"canonical\" href=\"https:\/\/haberkuzey.com\/index.php\/2024\/09\/14\/bati-seriada-oldurulen-aysenur-ezgi-eygi-son-yolculuguna-ugurlandi\/\" \/>\n<meta property=\"og:locale\" content=\"tr_TR\" \/>\n<meta property=\"og:type\" content=\"article\" \/>\n<meta property=\"og:title\" content=\"Bat\u0131 \u015eeria\u2019da \u00f6ld\u00fcr\u00fclen Ay\u015fenur Ezgi Eygi, son yolculu\u011funa u\u011furland\u0131 - Haber Kuzey\" \/>\n<meta property=\"og:description\" content=\"\u0130\u015fgal alt\u0131ndaki Bat\u0131 \u015eeria\u2019da \u0130srailli yerle\u015fimcilere kar\u015f\u0131 kat\u0131ld\u0131\u011f\u0131 bir protestoda \u00f6ld\u00fcr\u00fclen 26 ya\u015f\u0131ndaki T\u00fcrk-Amerikan vatanda\u015f\u0131 Ay\u015fenur Ezgi Eygi, Ayd\u0131n\u2019\u0131n Didim il\u00e7esinde topra\u011fa verildi. Eygi\u2019nin T\u00fcrk bayra\u011f\u0131na sar\u0131l\u0131 naa\u015f\u0131, Didim Merkez Camisi\u2019nde \u00f6\u011fle vakti k\u0131l\u0131nan cenaze namaz\u0131n\u0131n ard\u0131ndan Didim Asri Mezarl\u0131\u011f\u0131\u2019nda topra\u011fa verildi. Cenazeye h\u00fck\u00fcmet yetkilileri ile farkl\u0131 siyasi partilerin temsilcileri de kat\u0131ld\u0131. Cenaze t\u00f6reninde konu\u015fan [&hellip;]\" \/>\n<meta property=\"og:url\" content=\"https:\/\/haberkuzey.com\/index.php\/2024\/09\/14\/bati-seriada-oldurulen-aysenur-ezgi-eygi-son-yolculuguna-ugurlandi\/\" \/>\n<meta property=\"og:site_name\" content=\"Haber Kuzey\" \/>\n<meta property=\"article:published_time\" content=\"2024-09-14T17:34:56+00:00\" \/>\n<meta property=\"og:image\" content=\"https:\/\/brtk.net\/wp-content\/uploads\/2024\/09\/14\/aysenur-ezgi-eygi1.jpg?ver=a8686619d37fbc60f800250a80dc8b2c\" \/>\n<meta name=\"author\" content=\"haberkuzey\" \/>\n<meta name=\"twitter:card\" content=\"summary_large_image\" \/>\n<meta name=\"twitter:label1\" content=\"Yazan:\" \/>\n\t<meta name=\"twitter:data1\" content=\"haberkuzey\" \/>\n\t<meta name=\"twitter:label2\" content=\"Tahmini okuma s\u00fcresi\" \/>\n\t<meta name=\"twitter:data2\" content=\"3 dakika\" \/>\n<script type=\"application\/ld+json\" class=\"yoast-schema-graph\">{\"@context\":\"https:\\\/\\\/schema.org\",\"@graph\":[{\"@type\":\"Article\",\"@id\":\"https:\\\/\\\/haberkuzey.com\\\/index.php\\\/2024\\\/09\\\/14\\\/bati-seriada-oldurulen-aysenur-ezgi-eygi-son-yolculuguna-ugurlandi\\\/#article\",\"isPartOf\":{\"@id\":\"https:\\\/\\\/haberkuzey.com\\\/index.php\\\/2024\\\/09\\\/14\\\/bati-seriada-oldurulen-aysenur-ezgi-eygi-son-yolculuguna-ugurlandi\\\/\"},\"author\":{\"name\":\"haberkuzey\",\"@id\":\"https:\\\/\\\/haberkuzey.com\\\/#\\\/schema\\\/person\\\/3372109ec735f9333f4fa47ebb9605ca\"},\"headline\":\"Bat\u0131 \u015eeria\u2019da \u00f6ld\u00fcr\u00fclen Ay\u015fenur Ezgi Eygi, son yolculu\u011funa u\u011furland\u0131\",\"datePublished\":\"2024-09-14T17:34:56+00:00\",\"mainEntityOfPage\":{\"@id\":\"https:\\\/\\\/haberkuzey.com\\\/index.php\\\/2024\\\/09\\\/14\\\/bati-seriada-oldurulen-aysenur-ezgi-eygi-son-yolculuguna-ugurlandi\\\/\"},\"wordCount\":560,\"commentCount\":0,\"image\":{\"@id\":\"https:\\\/\\\/haberkuzey.com\\\/index.php\\\/2024\\\/09\\\/14\\\/bati-seriada-oldurulen-aysenur-ezgi-eygi-son-yolculuguna-ugurlandi\\\/#primaryimage\"},\"thumbnailUrl\":\"https:\\\/\\\/haberkuzey.com\\\/wp-content\\\/uploads\\\/2024\\\/09\\\/aysenur3-scaled.jpg\",\"articleSection\":[\"D\u00fcnya\"],\"inLanguage\":\"tr\",\"potentialAction\":[{\"@type\":\"CommentAction\",\"name\":\"Comment\",\"target\":[\"https:\\\/\\\/haberkuzey.com\\\/index.php\\\/2024\\\/09\\\/14\\\/bati-seriada-oldurulen-aysenur-ezgi-eygi-son-yolculuguna-ugurlandi\\\/#respond\"]}]},{\"@type\":\"WebPage\",\"@id\":\"https:\\\/\\\/haberkuzey.com\\\/index.php\\\/2024\\\/09\\\/14\\\/bati-seriada-oldurulen-aysenur-ezgi-eygi-son-yolculuguna-ugurlandi\\\/\",\"url\":\"https:\\\/\\\/haberkuzey.com\\\/index.php\\\/2024\\\/09\\\/14\\\/bati-seriada-oldurulen-aysenur-ezgi-eygi-son-yolculuguna-ugurlandi\\\/\",\"name\":\"Bat\u0131 \u015eeria\u2019da \u00f6ld\u00fcr\u00fclen Ay\u015fenur Ezgi Eygi, son yolculu\u011funa u\u011furland\u0131 - Haber Kuzey\",\"isPartOf\":{\"@id\":\"https:\\\/\\\/haberkuzey.com\\\/#website\"},\"primaryImageOfPage\":{\"@id\":\"https:\\\/\\\/haberkuzey.com\\\/index.php\\\/2024\\\/09\\\/14\\\/bati-seriada-oldurulen-aysenur-ezgi-eygi-son-yolculuguna-ugurlandi\\\/#primaryimage\"},\"image\":{\"@id\":\"https:\\\/\\\/haberkuzey.com\\\/index.php\\\/2024\\\/09\\\/14\\\/bati-seriada-oldurulen-aysenur-ezgi-eygi-son-yolculuguna-ugurlandi\\\/#primaryimage\"},\"thumbnailUrl\":\"https:\\\/\\\/haberkuzey.com\\\/wp-content\\\/uploads\\\/2024\\\/09\\\/aysenur3-scaled.jpg\",\"datePublished\":\"2024-09-14T17:34:56+00:00\",\"author\":{\"@id\":\"https:\\\/\\\/haberkuzey.com\\\/#\\\/schema\\\/person\\\/3372109ec735f9333f4fa47ebb9605ca\"},\"breadcrumb\":{\"@id\":\"https:\\\/\\\/haberkuzey.com\\\/index.php\\\/2024\\\/09\\\/14\\\/bati-seriada-oldurulen-aysenur-ezgi-eygi-son-yolculuguna-ugurlandi\\\/#breadcrumb\"},\"inLanguage\":\"tr\",\"potentialAction\":[{\"@type\":\"ReadAction\",\"target\":[\"https:\\\/\\\/haberkuzey.com\\\/index.php\\\/2024\\\/09\\\/14\\\/bati-seriada-oldurulen-aysenur-ezgi-eygi-son-yolculuguna-ugurlandi\\\/\"]}]},{\"@type\":\"ImageObject\",\"inLanguage\":\"tr\",\"@id\":\"https:\\\/\\\/haberkuzey.com\\\/index.php\\\/2024\\\/09\\\/14\\\/bati-seriada-oldurulen-aysenur-ezgi-eygi-son-yolculuguna-ugurlandi\\\/#primaryimage\",\"url\":\"https:\\\/\\\/haberkuzey.com\\\/wp-content\\\/uploads\\\/2024\\\/09\\\/aysenur3-scaled.jpg\",\"contentUrl\":\"https:\\\/\\\/haberkuzey.com\\\/wp-content\\\/uploads\\\/2024\\\/09\\\/aysenur3-scaled.jpg\",\"width\":2560,\"height\":1812},{\"@type\":\"BreadcrumbList\",\"@id\":\"https:\\\/\\\/haberkuzey.com\\\/index.php\\\/2024\\\/09\\\/14\\\/bati-seriada-oldurulen-aysenur-ezgi-eygi-son-yolculuguna-ugurlandi\\\/#breadcrumb\",\"itemListElement\":[{\"@type\":\"ListItem\",\"position\":1,\"name\":\"Anasayfa\",\"item\":\"https:\\\/\\\/haberkuzey.com\\\/\"},{\"@type\":\"ListItem\",\"position\":2,\"name\":\"Bat\u0131 \u015eeria\u2019da \u00f6ld\u00fcr\u00fclen Ay\u015fenur Ezgi Eygi, son yolculu\u011funa u\u011furland\u0131\"}]},{\"@type\":\"WebSite\",\"@id\":\"https:\\\/\\\/haberkuzey.com\\\/#website\",\"url\":\"https:\\\/\\\/haberkuzey.com\\\/\",\"name\":\"Haber Kuzey\",\"description\":\"Do\u011fru Haberin Adresi\",\"potentialAction\":[{\"@type\":\"SearchAction\",\"target\":{\"@type\":\"EntryPoint\",\"urlTemplate\":\"https:\\\/\\\/haberkuzey.com\\\/?s={search_term_string}\"},\"query-input\":{\"@type\":\"PropertyValueSpecification\",\"valueRequired\":true,\"valueName\":\"search_term_string\"}}],\"inLanguage\":\"tr\"},{\"@type\":\"Person\",\"@id\":\"https:\\\/\\\/haberkuzey.com\\\/#\\\/schema\\\/person\\\/3372109ec735f9333f4fa47ebb9605ca\",\"name\":\"haberkuzey\",\"image\":{\"@type\":\"ImageObject\",\"inLanguage\":\"tr\",\"@id\":\"https:\\\/\\\/secure.gravatar.com\\\/avatar\\\/f5fc875574b1575324358c3b9e6a32b8227aa5b74f3fa22e3cadb63e26fcc39c?s=96&d=mm&r=g\",\"url\":\"https:\\\/\\\/secure.gravatar.com\\\/avatar\\\/f5fc875574b1575324358c3b9e6a32b8227aa5b74f3fa22e3cadb63e26fcc39c?s=96&d=mm&r=g\",\"contentUrl\":\"https:\\\/\\\/secure.gravatar.com\\\/avatar\\\/f5fc875574b1575324358c3b9e6a32b8227aa5b74f3fa22e3cadb63e26fcc39c?s=96&d=mm&r=g\",\"caption\":\"haberkuzey\"},\"sameAs\":[\"https:\\\/\\\/haberkuzey.com\"],\"url\":\"https:\\\/\\\/haberkuzey.com\\\/index.php\\\/author\\\/haberkuzey\\\/\"}]}<\/script>\n<!-- \/ Yoast SEO plugin. -->","yoast_head_json":{"title":"Bat\u0131 \u015eeria\u2019da \u00f6ld\u00fcr\u00fclen Ay\u015fenur Ezgi Eygi, son yolculu\u011funa u\u011furland\u0131 - Haber Kuzey","robots":{"index":"index","follow":"follow","max-snippet":"max-snippet:-1","max-image-preview":"max-image-preview:large","max-video-preview":"max-video-preview:-1"},"canonical":"https:\/\/haberkuzey.com\/index.php\/2024\/09\/14\/bati-seriada-oldurulen-aysenur-ezgi-eygi-son-yolculuguna-ugurlandi\/","og_locale":"tr_TR","og_type":"article","og_title":"Bat\u0131 \u015eeria\u2019da \u00f6ld\u00fcr\u00fclen Ay\u015fenur Ezgi Eygi, son yolculu\u011funa u\u011furland\u0131 - Haber Kuzey","og_description":"\u0130\u015fgal alt\u0131ndaki Bat\u0131 \u015eeria\u2019da \u0130srailli yerle\u015fimcilere kar\u015f\u0131 kat\u0131ld\u0131\u011f\u0131 bir protestoda \u00f6ld\u00fcr\u00fclen 26 ya\u015f\u0131ndaki T\u00fcrk-Amerikan vatanda\u015f\u0131 Ay\u015fenur Ezgi Eygi, Ayd\u0131n\u2019\u0131n Didim il\u00e7esinde topra\u011fa verildi. Eygi\u2019nin T\u00fcrk bayra\u011f\u0131na sar\u0131l\u0131 naa\u015f\u0131, Didim Merkez Camisi\u2019nde \u00f6\u011fle vakti k\u0131l\u0131nan cenaze namaz\u0131n\u0131n ard\u0131ndan Didim Asri Mezarl\u0131\u011f\u0131\u2019nda topra\u011fa verildi. Cenazeye h\u00fck\u00fcmet yetkilileri ile farkl\u0131 siyasi partilerin temsilcileri de kat\u0131ld\u0131. Cenaze t\u00f6reninde konu\u015fan [&hellip;]","og_url":"https:\/\/haberkuzey.com\/index.php\/2024\/09\/14\/bati-seriada-oldurulen-aysenur-ezgi-eygi-son-yolculuguna-ugurlandi\/","og_site_name":"Haber Kuzey","article_published_time":"2024-09-14T17:34:56+00:00","og_image":[{"url":"https:\/\/brtk.net\/wp-content\/uploads\/2024\/09\/14\/aysenur-ezgi-eygi1.jpg?ver=a8686619d37fbc60f800250a80dc8b2c","type":"","width":"","height":""}],"author":"haberkuzey","twitter_card":"summary_large_image","twitter_misc":{"Yazan:":"haberkuzey","Tahmini okuma s\u00fcresi":"3 dakika"},"schema":{"@context":"https:\/\/schema.org","@graph":[{"@type":"Article","@id":"https:\/\/haberkuzey.com\/index.php\/2024\/09\/14\/bati-seriada-oldurulen-aysenur-ezgi-eygi-son-yolculuguna-ugurlandi\/#article","isPartOf":{"@id":"https:\/\/haberkuzey.com\/index.php\/2024\/09\/14\/bati-seriada-oldurulen-aysenur-ezgi-eygi-son-yolculuguna-ugurlandi\/"},"author":{"name":"haberkuzey","@id":"https:\/\/haberkuzey.com\/#\/schema\/person\/3372109ec735f9333f4fa47ebb9605ca"},"headline":"Bat\u0131 \u015eeria\u2019da \u00f6ld\u00fcr\u00fclen Ay\u015fenur Ezgi Eygi, son yolculu\u011funa u\u011furland\u0131","datePublished":"2024-09-14T17:34:56+00:00","mainEntityOfPage":{"@id":"https:\/\/haberkuzey.com\/index.php\/2024\/09\/14\/bati-seriada-oldurulen-aysenur-ezgi-eygi-son-yolculuguna-ugurlandi\/"},"wordCount":560,"commentCount":0,"image":{"@id":"https:\/\/haberkuzey.com\/index.php\/2024\/09\/14\/bati-seriada-oldurulen-aysenur-ezgi-eygi-son-yolculuguna-ugurlandi\/#primaryimage"},"thumbnailUrl":"https:\/\/haberkuzey.com\/wp-content\/uploads\/2024\/09\/aysenur3-scaled.jpg","articleSection":["D\u00fcnya"],"inLanguage":"tr","potentialAction":[{"@type":"CommentAction","name":"Comment","target":["https:\/\/haberkuzey.com\/index.php\/2024\/09\/14\/bati-seriada-oldurulen-aysenur-ezgi-eygi-son-yolculuguna-ugurlandi\/#respond"]}]},{"@type":"WebPage","@id":"https:\/\/haberkuzey.com\/index.php\/2024\/09\/14\/bati-seriada-oldurulen-aysenur-ezgi-eygi-son-yolculuguna-ugurlandi\/","url":"https:\/\/haberkuzey.com\/index.php\/2024\/09\/14\/bati-seriada-oldurulen-aysenur-ezgi-eygi-son-yolculuguna-ugurlandi\/","name":"Bat\u0131 \u015eeria\u2019da \u00f6ld\u00fcr\u00fclen Ay\u015fenur Ezgi Eygi, son yolculu\u011funa u\u011furland\u0131 - Haber Kuzey","isPartOf":{"@id":"https:\/\/haberkuzey.com\/#website"},"primaryImageOfPage":{"@id":"https:\/\/haberkuzey.com\/index.php\/2024\/09\/14\/bati-seriada-oldurulen-aysenur-ezgi-eygi-son-yolculuguna-ugurlandi\/#primaryimage"},"image":{"@id":"https:\/\/haberkuzey.com\/index.php\/2024\/09\/14\/bati-seriada-oldurulen-aysenur-ezgi-eygi-son-yolculuguna-ugurlandi\/#primaryimage"},"thumbnailUrl":"https:\/\/haberkuzey.com\/wp-content\/uploads\/2024\/09\/aysenur3-scaled.jpg","datePublished":"2024-09-14T17:34:56+00:00","author":{"@id":"https:\/\/haberkuzey.com\/#\/schema\/person\/3372109ec735f9333f4fa47ebb9605ca"},"breadcrumb":{"@id":"https:\/\/haberkuzey.com\/index.php\/2024\/09\/14\/bati-seriada-oldurulen-aysenur-ezgi-eygi-son-yolculuguna-ugurlandi\/#breadcrumb"},"inLanguage":"tr","potentialAction":[{"@type":"ReadAction","target":["https:\/\/haberkuzey.com\/index.php\/2024\/09\/14\/bati-seriada-oldurulen-aysenur-ezgi-eygi-son-yolculuguna-ugurlandi\/"]}]},{"@type":"ImageObject","inLanguage":"tr","@id":"https:\/\/haberkuzey.com\/index.php\/2024\/09\/14\/bati-seriada-oldurulen-aysenur-ezgi-eygi-son-yolculuguna-ugurlandi\/#primaryimage","url":"https:\/\/haberkuzey.com\/wp-content\/uploads\/2024\/09\/aysenur3-scaled.jpg","contentUrl":"https:\/\/haberkuzey.com\/wp-content\/uploads\/2024\/09\/aysenur3-scaled.jpg","width":2560,"height":1812},{"@type":"BreadcrumbList","@id":"https:\/\/haberkuzey.com\/index.php\/2024\/09\/14\/bati-seriada-oldurulen-aysenur-ezgi-eygi-son-yolculuguna-ugurlandi\/#breadcrumb","itemListElement":[{"@type":"ListItem","position":1,"name":"Anasayfa","item":"https:\/\/haberkuzey.com\/"},{"@type":"ListItem","position":2,"name":"Bat\u0131 \u015eeria\u2019da \u00f6ld\u00fcr\u00fclen Ay\u015fenur Ezgi Eygi, son yolculu\u011funa u\u011furland\u0131"}]},{"@type":"WebSite","@id":"https:\/\/haberkuzey.com\/#website","url":"https:\/\/haberkuzey.com\/","name":"Haber Kuzey","description":"Do\u011fru Haberin Adresi","potentialAction":[{"@type":"SearchAction","target":{"@type":"EntryPoint","urlTemplate":"https:\/\/haberkuzey.com\/?s={search_term_string}"},"query-input":{"@type":"PropertyValueSpecification","valueRequired":true,"valueName":"search_term_string"}}],"inLanguage":"tr"},{"@type":"Person","@id":"https:\/\/haberkuzey.com\/#\/schema\/person\/3372109ec735f9333f4fa47ebb9605ca","name":"haberkuzey","image":{"@type":"ImageObject","inLanguage":"tr","@id":"https:\/\/secure.gravatar.com\/avatar\/f5fc875574b1575324358c3b9e6a32b8227aa5b74f3fa22e3cadb63e26fcc39c?s=96&d=mm&r=g","url":"https:\/\/secure.gravatar.com\/avatar\/f5fc875574b1575324358c3b9e6a32b8227aa5b74f3fa22e3cadb63e26fcc39c?s=96&d=mm&r=g","contentUrl":"https:\/\/secure.gravatar.com\/avatar\/f5fc875574b1575324358c3b9e6a32b8227aa5b74f3fa22e3cadb63e26fcc39c?s=96&d=mm&r=g","caption":"haberkuzey"},"sameAs":["https:\/\/haberkuzey.com"],"url":"https:\/\/haberkuzey.com\/index.php\/author\/haberkuzey\/"}]}},"_links":{"self":[{"href":"https:\/\/haberkuzey.com\/index.php\/wp-json\/wp\/v2\/posts\/9416","targetHints":{"allow":["GET"]}}],"collection":[{"href":"https:\/\/haberkuzey.com\/index.php\/wp-json\/wp\/v2\/posts"}],"about":[{"href":"https:\/\/haberkuzey.com\/index.php\/wp-json\/wp\/v2\/types\/post"}],"author":[{"embeddable":true,"href":"https:\/\/haberkuzey.com\/index.php\/wp-json\/wp\/v2\/users\/1"}],"replies":[{"embeddable":true,"href":"https:\/\/haberkuzey.com\/index.php\/wp-json\/wp\/v2\/comments?post=9416"}],"version-history":[{"count":0,"href":"https:\/\/haberkuzey.com\/index.php\/wp-json\/wp\/v2\/posts\/9416\/revisions"}],"wp:featuredmedia":[{"embeddable":true,"href":"https:\/\/haberkuzey.com\/index.php\/wp-json\/wp\/v2\/media\/9417"}],"wp:attachment":[{"href":"https:\/\/haberkuzey.com\/index.php\/wp-json\/wp\/v2\/media?parent=9416"}],"wp:term":[{"taxonomy":"category","embeddable":true,"href":"https:\/\/haberkuzey.com\/index.php\/wp-json\/wp\/v2\/categories?post=9416"},{"taxonomy":"post_tag","embeddable":true,"href":"https:\/\/haberkuzey.com\/index.php\/wp-json\/wp\/v2\/tags?post=9416"}],"curies":[{"name":"wp","href":"https:\/\/api.w.org\/{rel}","templated":true}]}}