{"id":9301,"date":"2024-09-13T08:21:24","date_gmt":"2024-09-13T05:21:24","guid":{"rendered":"https:\/\/haberkuzey.com\/index.php\/2024\/09\/13\/narin-guranin-oldurulmesiyle-ilgili-sorusturmada-8-zanli-tutuklandi\/"},"modified":"2024-09-13T08:21:24","modified_gmt":"2024-09-13T05:21:24","slug":"narin-guranin-oldurulmesiyle-ilgili-sorusturmada-8-zanli-tutuklandi","status":"publish","type":"post","link":"https:\/\/haberkuzey.com\/index.php\/2024\/09\/13\/narin-guranin-oldurulmesiyle-ilgili-sorusturmada-8-zanli-tutuklandi\/","title":{"rendered":"Narin G\u00fcran\u2019\u0131n \u00f6ld\u00fcr\u00fclmesiyle ilgili soru\u015fturmada 8 zanl\u0131 tutukland\u0131"},"content":{"rendered":"<div>\n<p>\u00a0<\/p>\n<div class=\"mariselle-image-container center\">\n                                            <\/div>\n<p style=\"font-weight: 300;\">Diyarbak\u0131r\u2019da 8 ya\u015f\u0131ndaki Narin G\u00fcran\u2019\u0131n \u00f6ld\u00fcr\u00fclmesiyle ilgili soru\u015fturma kapsam\u0131nda n\u00f6bet\u00e7i sulh ceza hakimli\u011fine sevk edilen \u015f\u00fcphelilerden annesi Y\u00fcksel, a\u011fabeyi Enes ve amcas\u0131 Fuat G\u00fcran ile 2 kuzeni ve yengesinin de bulundu\u011fu 8\u2019i tutukland\u0131, 4\u2019\u00fc adli kontrol karar\u0131yla serbest b\u0131rak\u0131ld\u0131.<\/p>\n<p style=\"font-weight: 300;\">Merkez Ba\u011flar il\u00e7esinin Tav\u015fantepe Mahallesi\u2019nde 21 A\u011fustos\u2019ta kaybolan ve 8 Eyl\u00fcl\u2019de E\u011fertutmaz Deresi\u2019nde cans\u0131z bedenine ula\u015f\u0131lan Narin G\u00fcran\u2019\u0131n \u00f6ld\u00fcr\u00fclmesine ili\u015fkin Diyarbak\u0131r Cumhuriyet Ba\u015fsavc\u0131l\u0131\u011f\u0131nca y\u00fcr\u00fct\u00fclen soru\u015fturma s\u00fcr\u00fcyor.<\/p>\n<p style=\"font-weight: 300;\">Soru\u015fturma kapsam\u0131nda g\u00f6zalt\u0131na al\u0131nan ve d\u00fcn jandarmadaki i\u015flemlerin ard\u0131ndan adliyeye getirilerek n\u00f6bet\u00e7i sulh ceza hakimli\u011fine sevk edilen zanl\u0131lardan, Narin G\u00fcran\u2019\u0131n annesi Y\u00fcksel (44), a\u011fabeyi Enes (18), amcas\u0131 Fuat G\u00fcran (41), kuzenleri Muhammet Kaya (23) ve Birsen G\u00fcran (19), yengesi Ma\u015fallah G\u00fcran (46), halas\u0131n\u0131n e\u015fi Mehmet \u015eevket Kaya ve tutuklu amcas\u0131 Salim G\u00fcran\u2019\u0131n i\u015f\u00e7isi oldu\u011fu \u00f6\u011frenilen Mehmet Selim Atasoy (40) tutukland\u0131.<\/p>\n<p style=\"font-weight: 300;\">Anne Y\u00fcksel ve a\u011fabey Enes G\u00fcran \u201cKasten \u00f6ld\u00fcrme su\u00e7una i\u015ftirak etmek\u201d, amca Fuat G\u00fcran \u201cSu\u00e7 delillerini yok etmek\u201d, di\u011fer 5 \u015f\u00fcpheli ise \u201cSu\u00e7luyu kay\u0131rma ve su\u00e7 delillerini yok etmek\u201d su\u00e7lamas\u0131yla tutuklanarak cezaevine g\u00f6nderildi.<\/p>\n<p style=\"font-weight: 300;\">\u015e\u00fcphelilerden, Narin\u2019in amcas\u0131 Kurtulu\u015f ve \u00d6mer Faruk G\u00fcran ile kuzeni Melike G\u00fcran ve Salim G\u00fcran\u2019\u0131n i\u015f\u00e7isi oldu\u011fu \u00f6\u011frenilen R.A. (15), adli kontrol karar\u0131yla serbest b\u0131rak\u0131ld\u0131.<\/p>\n<p style=\"font-weight: 300;\">Soru\u015fturma kapsam\u0131nda tutuklu say\u0131s\u0131 10\u2019a y\u00fckseldi.<\/p>\n<p style=\"font-weight: 300;\">Tav\u015fantepe Mahallesi\u2019nde 21 A\u011fustos\u2019ta kaybolan 8 ya\u015f\u0131ndaki Narin G\u00fcran i\u00e7in arama \u00e7al\u0131\u015fmas\u0131 ba\u015flat\u0131lm\u0131\u015f, Diyarbak\u0131r Cumhuriyet Ba\u015fsavc\u0131l\u0131\u011f\u0131nca y\u00fcr\u00fct\u00fclen soru\u015fturma kapsam\u0131nda g\u00f6zalt\u0131na al\u0131nan Tav\u015fantepe Mahallesi Muhtar\u0131 ve ayn\u0131 zamanda Narin G\u00fcran\u2019\u0131n amcas\u0131 Salim G\u00fcran, 2 Eyl\u00fcl\u2019de \u00e7\u0131kar\u0131ld\u0131\u011f\u0131 n\u00f6bet\u00e7i sulh ceza hakimli\u011fince tutuklanm\u0131\u015ft\u0131.<\/p>\n<p style=\"font-weight: 300;\">Diyarbak\u0131r Valisi Murat Zorluo\u011flu, kaybolan Narin G\u00fcran\u2019\u0131n 8 Eyl\u00fcl\u2019de k\u0131yafetleriyle E\u011fertutmaz Deresi kenar\u0131nda \u00e7uval i\u00e7inde \u00fczeri ta\u015fla gizlenmi\u015f vaziyette saat 08.45 s\u0131ralar\u0131nda \u00f6l\u00fc bulundu\u011funu a\u00e7\u0131klam\u0131\u015ft\u0131. Zorluo\u011flu, \u201c\u0130lk bulgulara g\u00f6re kay\u0131p Narin G\u00fcran\u2019\u0131n \u00f6ld\u00fcr\u00fcld\u00fckten sonra bir \u00e7uval\u0131n i\u00e7erisine konulup dere kenar\u0131na getirildi\u011fi, \u00e7uvalla birlikte derenin kenar\u0131nda suyun i\u00e7erisine yerle\u015ftirildi\u011fi, \u00fczerinin a\u011fa\u00e7 dallar\u0131 ve ta\u015flarla \u015f\u00fcphe uyand\u0131rmayacak \u015fekilde ve do\u011fal bir g\u00f6r\u00fcnt\u00fc verilerek kapat\u0131ld\u0131\u011f\u0131 anla\u015f\u0131lm\u0131\u015ft\u0131r.\u201d ifadelerini kullanm\u0131\u015ft\u0131.<\/p>\n<p style=\"font-weight: 300;\">Soru\u015fturma kapsam\u0131nda g\u00f6zalt\u0131na al\u0131nan 24 \u015f\u00fcpheliden Nevzat Bahtiyar (48) jandarmadaki ifadesinde amca Salim G\u00fcran\u2019\u0131n kendisinden, k\u00fc\u00e7\u00fck \u00e7ocu\u011fun cans\u0131z bedenini 200 bin lira kar\u015f\u0131l\u0131\u011f\u0131nda dereye b\u0131rakmas\u0131n\u0131 istedi\u011fini \u00f6ne s\u00fcrm\u00fc\u015f adliyeye sevk edilmi\u015fti.<\/p>\n<p style=\"font-weight: 300;\">\u00c7\u0131kar\u0131ld\u0131\u011f\u0131 sulh ceza hakimli\u011findeki ifadesinde amca Salim G\u00fcran\u2019\u0131n \u201cArif\u2019in k\u0131z\u0131n\u0131 \u00f6ld\u00fcrd\u00fcm, sen de bu cesedi al\u0131p yok edeceksin. Yoksa seni ve aileni \u00f6ld\u00fcr\u00fcr\u00fcm.\u201d \u015feklinde kendisini tehdit etti\u011fini iddia eden Bahtiyar, \u201c\u00c7ocu\u011fu kasten \u00f6ld\u00fcrmeye i\u015ftirak\u201d su\u00e7undan 10 Eyl\u00fcl\u2019de tutuklanarak cezaevine g\u00f6nderilmi\u015fti.<\/p>\n<p style=\"font-weight: 300;\">Mahallede imaml\u0131k yapt\u0131\u011f\u0131 \u00f6\u011frenilen bir \u015f\u00fcpheli de 11 Eyl\u00fcl\u2019de jandarmadaki i\u015flemlerin ard\u0131ndan serbest b\u0131rak\u0131lm\u0131\u015ft\u0131.<\/p>\n<p style=\"font-weight: 300;\">22 \u015f\u00fcpheli jandarmadaki i\u015flemlerin ard\u0131ndan d\u00fcn adliyeye getirilmi\u015f, savc\u0131l\u0131ktaki sorgular\u0131n\u0131n ard\u0131ndan annesi Y\u00fcksel, a\u011fabeyi Enes ve amcas\u0131 Fuat G\u00fcran ile 2 kuzeni ve yengesinin de bulundu\u011fu 9\u2019u tutuklama talebiyle mahkemeye sevk edilmi\u015fti.<\/p>\n<p style=\"font-weight: 300;\">\u015e\u00fcphelilerden 3\u2019\u00fc adli kontrol istemiyle mahkemeye sevk edilirken, aralar\u0131nda baba Arif G\u00fcran\u2019\u0131n da bulundu\u011fu 10 ki\u015fi serbest b\u0131rak\u0131lm\u0131\u015ft\u0131.<\/p>\n<\/p><\/div>\n<p><script async\n                    defer\n                    crossorigin=\"anonymous\"\n                    src=\"https:\/\/connect.facebook.net\/tr_TR\/sdk.js#xfbml=1&#038;version=v3.3\"\n            ><\/script><\/p>\n","protected":false},"excerpt":{"rendered":"<p>\u00a0 Diyarbak\u0131r\u2019da 8 ya\u015f\u0131ndaki Narin G\u00fcran\u2019\u0131n \u00f6ld\u00fcr\u00fclmesiyle ilgili soru\u015fturma kapsam\u0131nda n\u00f6bet\u00e7i sulh ceza hakimli\u011fine sevk edilen \u015f\u00fcphelilerden annesi Y\u00fcksel, a\u011fabeyi Enes ve amcas\u0131 Fuat G\u00fcran ile 2 kuzeni ve yengesinin de bulundu\u011fu 8\u2019i tutukland\u0131, 4\u2019\u00fc adli kontrol karar\u0131yla serbest b\u0131rak\u0131ld\u0131. Merkez Ba\u011flar il\u00e7esinin Tav\u015fantepe Mahallesi\u2019nde 21 A\u011fustos\u2019ta kaybolan ve 8 Eyl\u00fcl\u2019de E\u011fertutmaz Deresi\u2019nde cans\u0131z bedenine [&hellip;]<\/p>\n","protected":false},"author":1,"featured_media":9302,"comment_status":"open","ping_status":"open","sticky":false,"template":"","format":"standard","meta":{"jnews-multi-image_gallery":[],"jnews_single_post":[],"jnews_primary_category":[],"footnotes":""},"categories":[2],"tags":[],"class_list":["post-9301","post","type-post","status-publish","format-standard","has-post-thumbnail","hentry","category-dunya"],"yoast_head":"<!-- This site is optimized with the Yoast SEO plugin v27.4 - https:\/\/yoast.com\/product\/yoast-seo-wordpress\/ -->\n<title>Narin G\u00fcran\u2019\u0131n \u00f6ld\u00fcr\u00fclmesiyle ilgili soru\u015fturmada 8 zanl\u0131 tutukland\u0131 - Haber Kuzey<\/title>\n<meta name=\"robots\" content=\"index, follow, max-snippet:-1, max-image-preview:large, max-video-preview:-1\" \/>\n<link rel=\"canonical\" href=\"https:\/\/haberkuzey.com\/index.php\/2024\/09\/13\/narin-guranin-oldurulmesiyle-ilgili-sorusturmada-8-zanli-tutuklandi\/\" \/>\n<meta property=\"og:locale\" content=\"tr_TR\" \/>\n<meta property=\"og:type\" content=\"article\" \/>\n<meta property=\"og:title\" content=\"Narin G\u00fcran\u2019\u0131n \u00f6ld\u00fcr\u00fclmesiyle ilgili soru\u015fturmada 8 zanl\u0131 tutukland\u0131 - Haber Kuzey\" \/>\n<meta property=\"og:description\" content=\"\u00a0 Diyarbak\u0131r\u2019da 8 ya\u015f\u0131ndaki Narin G\u00fcran\u2019\u0131n \u00f6ld\u00fcr\u00fclmesiyle ilgili soru\u015fturma kapsam\u0131nda n\u00f6bet\u00e7i sulh ceza hakimli\u011fine sevk edilen \u015f\u00fcphelilerden annesi Y\u00fcksel, a\u011fabeyi Enes ve amcas\u0131 Fuat G\u00fcran ile 2 kuzeni ve yengesinin de bulundu\u011fu 8\u2019i tutukland\u0131, 4\u2019\u00fc adli kontrol karar\u0131yla serbest b\u0131rak\u0131ld\u0131. Merkez Ba\u011flar il\u00e7esinin Tav\u015fantepe Mahallesi\u2019nde 21 A\u011fustos\u2019ta kaybolan ve 8 Eyl\u00fcl\u2019de E\u011fertutmaz Deresi\u2019nde cans\u0131z bedenine [&hellip;]\" \/>\n<meta property=\"og:url\" content=\"https:\/\/haberkuzey.com\/index.php\/2024\/09\/13\/narin-guranin-oldurulmesiyle-ilgili-sorusturmada-8-zanli-tutuklandi\/\" \/>\n<meta property=\"og:site_name\" content=\"Haber Kuzey\" \/>\n<meta property=\"article:published_time\" content=\"2024-09-13T05:21:24+00:00\" \/>\n<meta property=\"og:image\" content=\"https:\/\/brtk.net\/wp-content\/uploads\/2024\/09\/13\/kl-scaled.jpg?ver=7643226ad6f42e4da3f69a4e3f93a3e5\" \/>\n<meta name=\"author\" content=\"haberkuzey\" \/>\n<meta name=\"twitter:card\" content=\"summary_large_image\" \/>\n<meta name=\"twitter:label1\" content=\"Yazan:\" \/>\n\t<meta name=\"twitter:data1\" content=\"haberkuzey\" \/>\n\t<meta name=\"twitter:label2\" content=\"Tahmini okuma s\u00fcresi\" \/>\n\t<meta name=\"twitter:data2\" content=\"3 dakika\" \/>\n<script type=\"application\/ld+json\" class=\"yoast-schema-graph\">{\"@context\":\"https:\\\/\\\/schema.org\",\"@graph\":[{\"@type\":\"Article\",\"@id\":\"https:\\\/\\\/haberkuzey.com\\\/index.php\\\/2024\\\/09\\\/13\\\/narin-guranin-oldurulmesiyle-ilgili-sorusturmada-8-zanli-tutuklandi\\\/#article\",\"isPartOf\":{\"@id\":\"https:\\\/\\\/haberkuzey.com\\\/index.php\\\/2024\\\/09\\\/13\\\/narin-guranin-oldurulmesiyle-ilgili-sorusturmada-8-zanli-tutuklandi\\\/\"},\"author\":{\"name\":\"haberkuzey\",\"@id\":\"https:\\\/\\\/haberkuzey.com\\\/#\\\/schema\\\/person\\\/3372109ec735f9333f4fa47ebb9605ca\"},\"headline\":\"Narin G\u00fcran\u2019\u0131n \u00f6ld\u00fcr\u00fclmesiyle ilgili soru\u015fturmada 8 zanl\u0131 tutukland\u0131\",\"datePublished\":\"2024-09-13T05:21:24+00:00\",\"mainEntityOfPage\":{\"@id\":\"https:\\\/\\\/haberkuzey.com\\\/index.php\\\/2024\\\/09\\\/13\\\/narin-guranin-oldurulmesiyle-ilgili-sorusturmada-8-zanli-tutuklandi\\\/\"},\"wordCount\":658,\"commentCount\":0,\"image\":{\"@id\":\"https:\\\/\\\/haberkuzey.com\\\/index.php\\\/2024\\\/09\\\/13\\\/narin-guranin-oldurulmesiyle-ilgili-sorusturmada-8-zanli-tutuklandi\\\/#primaryimage\"},\"thumbnailUrl\":\"https:\\\/\\\/haberkuzey.com\\\/wp-content\\\/uploads\\\/2024\\\/09\\\/kl-scaled.jpg\",\"articleSection\":[\"D\u00fcnya\"],\"inLanguage\":\"tr\",\"potentialAction\":[{\"@type\":\"CommentAction\",\"name\":\"Comment\",\"target\":[\"https:\\\/\\\/haberkuzey.com\\\/index.php\\\/2024\\\/09\\\/13\\\/narin-guranin-oldurulmesiyle-ilgili-sorusturmada-8-zanli-tutuklandi\\\/#respond\"]}]},{\"@type\":\"WebPage\",\"@id\":\"https:\\\/\\\/haberkuzey.com\\\/index.php\\\/2024\\\/09\\\/13\\\/narin-guranin-oldurulmesiyle-ilgili-sorusturmada-8-zanli-tutuklandi\\\/\",\"url\":\"https:\\\/\\\/haberkuzey.com\\\/index.php\\\/2024\\\/09\\\/13\\\/narin-guranin-oldurulmesiyle-ilgili-sorusturmada-8-zanli-tutuklandi\\\/\",\"name\":\"Narin G\u00fcran\u2019\u0131n \u00f6ld\u00fcr\u00fclmesiyle ilgili soru\u015fturmada 8 zanl\u0131 tutukland\u0131 - Haber Kuzey\",\"isPartOf\":{\"@id\":\"https:\\\/\\\/haberkuzey.com\\\/#website\"},\"primaryImageOfPage\":{\"@id\":\"https:\\\/\\\/haberkuzey.com\\\/index.php\\\/2024\\\/09\\\/13\\\/narin-guranin-oldurulmesiyle-ilgili-sorusturmada-8-zanli-tutuklandi\\\/#primaryimage\"},\"image\":{\"@id\":\"https:\\\/\\\/haberkuzey.com\\\/index.php\\\/2024\\\/09\\\/13\\\/narin-guranin-oldurulmesiyle-ilgili-sorusturmada-8-zanli-tutuklandi\\\/#primaryimage\"},\"thumbnailUrl\":\"https:\\\/\\\/haberkuzey.com\\\/wp-content\\\/uploads\\\/2024\\\/09\\\/kl-scaled.jpg\",\"datePublished\":\"2024-09-13T05:21:24+00:00\",\"author\":{\"@id\":\"https:\\\/\\\/haberkuzey.com\\\/#\\\/schema\\\/person\\\/3372109ec735f9333f4fa47ebb9605ca\"},\"breadcrumb\":{\"@id\":\"https:\\\/\\\/haberkuzey.com\\\/index.php\\\/2024\\\/09\\\/13\\\/narin-guranin-oldurulmesiyle-ilgili-sorusturmada-8-zanli-tutuklandi\\\/#breadcrumb\"},\"inLanguage\":\"tr\",\"potentialAction\":[{\"@type\":\"ReadAction\",\"target\":[\"https:\\\/\\\/haberkuzey.com\\\/index.php\\\/2024\\\/09\\\/13\\\/narin-guranin-oldurulmesiyle-ilgili-sorusturmada-8-zanli-tutuklandi\\\/\"]}]},{\"@type\":\"ImageObject\",\"inLanguage\":\"tr\",\"@id\":\"https:\\\/\\\/haberkuzey.com\\\/index.php\\\/2024\\\/09\\\/13\\\/narin-guranin-oldurulmesiyle-ilgili-sorusturmada-8-zanli-tutuklandi\\\/#primaryimage\",\"url\":\"https:\\\/\\\/haberkuzey.com\\\/wp-content\\\/uploads\\\/2024\\\/09\\\/kl-scaled.jpg\",\"contentUrl\":\"https:\\\/\\\/haberkuzey.com\\\/wp-content\\\/uploads\\\/2024\\\/09\\\/kl-scaled.jpg\",\"width\":2560,\"height\":1707},{\"@type\":\"BreadcrumbList\",\"@id\":\"https:\\\/\\\/haberkuzey.com\\\/index.php\\\/2024\\\/09\\\/13\\\/narin-guranin-oldurulmesiyle-ilgili-sorusturmada-8-zanli-tutuklandi\\\/#breadcrumb\",\"itemListElement\":[{\"@type\":\"ListItem\",\"position\":1,\"name\":\"Anasayfa\",\"item\":\"https:\\\/\\\/haberkuzey.com\\\/\"},{\"@type\":\"ListItem\",\"position\":2,\"name\":\"Narin G\u00fcran\u2019\u0131n \u00f6ld\u00fcr\u00fclmesiyle ilgili soru\u015fturmada 8 zanl\u0131 tutukland\u0131\"}]},{\"@type\":\"WebSite\",\"@id\":\"https:\\\/\\\/haberkuzey.com\\\/#website\",\"url\":\"https:\\\/\\\/haberkuzey.com\\\/\",\"name\":\"Haber Kuzey\",\"description\":\"Do\u011fru Haberin Adresi\",\"potentialAction\":[{\"@type\":\"SearchAction\",\"target\":{\"@type\":\"EntryPoint\",\"urlTemplate\":\"https:\\\/\\\/haberkuzey.com\\\/?s={search_term_string}\"},\"query-input\":{\"@type\":\"PropertyValueSpecification\",\"valueRequired\":true,\"valueName\":\"search_term_string\"}}],\"inLanguage\":\"tr\"},{\"@type\":\"Person\",\"@id\":\"https:\\\/\\\/haberkuzey.com\\\/#\\\/schema\\\/person\\\/3372109ec735f9333f4fa47ebb9605ca\",\"name\":\"haberkuzey\",\"image\":{\"@type\":\"ImageObject\",\"inLanguage\":\"tr\",\"@id\":\"https:\\\/\\\/secure.gravatar.com\\\/avatar\\\/f5fc875574b1575324358c3b9e6a32b8227aa5b74f3fa22e3cadb63e26fcc39c?s=96&d=mm&r=g\",\"url\":\"https:\\\/\\\/secure.gravatar.com\\\/avatar\\\/f5fc875574b1575324358c3b9e6a32b8227aa5b74f3fa22e3cadb63e26fcc39c?s=96&d=mm&r=g\",\"contentUrl\":\"https:\\\/\\\/secure.gravatar.com\\\/avatar\\\/f5fc875574b1575324358c3b9e6a32b8227aa5b74f3fa22e3cadb63e26fcc39c?s=96&d=mm&r=g\",\"caption\":\"haberkuzey\"},\"sameAs\":[\"https:\\\/\\\/haberkuzey.com\"],\"url\":\"https:\\\/\\\/haberkuzey.com\\\/index.php\\\/author\\\/haberkuzey\\\/\"}]}<\/script>\n<!-- \/ Yoast SEO plugin. -->","yoast_head_json":{"title":"Narin G\u00fcran\u2019\u0131n \u00f6ld\u00fcr\u00fclmesiyle ilgili soru\u015fturmada 8 zanl\u0131 tutukland\u0131 - Haber Kuzey","robots":{"index":"index","follow":"follow","max-snippet":"max-snippet:-1","max-image-preview":"max-image-preview:large","max-video-preview":"max-video-preview:-1"},"canonical":"https:\/\/haberkuzey.com\/index.php\/2024\/09\/13\/narin-guranin-oldurulmesiyle-ilgili-sorusturmada-8-zanli-tutuklandi\/","og_locale":"tr_TR","og_type":"article","og_title":"Narin G\u00fcran\u2019\u0131n \u00f6ld\u00fcr\u00fclmesiyle ilgili soru\u015fturmada 8 zanl\u0131 tutukland\u0131 - Haber Kuzey","og_description":"\u00a0 Diyarbak\u0131r\u2019da 8 ya\u015f\u0131ndaki Narin G\u00fcran\u2019\u0131n \u00f6ld\u00fcr\u00fclmesiyle ilgili soru\u015fturma kapsam\u0131nda n\u00f6bet\u00e7i sulh ceza hakimli\u011fine sevk edilen \u015f\u00fcphelilerden annesi Y\u00fcksel, a\u011fabeyi Enes ve amcas\u0131 Fuat G\u00fcran ile 2 kuzeni ve yengesinin de bulundu\u011fu 8\u2019i tutukland\u0131, 4\u2019\u00fc adli kontrol karar\u0131yla serbest b\u0131rak\u0131ld\u0131. Merkez Ba\u011flar il\u00e7esinin Tav\u015fantepe Mahallesi\u2019nde 21 A\u011fustos\u2019ta kaybolan ve 8 Eyl\u00fcl\u2019de E\u011fertutmaz Deresi\u2019nde cans\u0131z bedenine [&hellip;]","og_url":"https:\/\/haberkuzey.com\/index.php\/2024\/09\/13\/narin-guranin-oldurulmesiyle-ilgili-sorusturmada-8-zanli-tutuklandi\/","og_site_name":"Haber Kuzey","article_published_time":"2024-09-13T05:21:24+00:00","og_image":[{"url":"https:\/\/brtk.net\/wp-content\/uploads\/2024\/09\/13\/kl-scaled.jpg?ver=7643226ad6f42e4da3f69a4e3f93a3e5","type":"","width":"","height":""}],"author":"haberkuzey","twitter_card":"summary_large_image","twitter_misc":{"Yazan:":"haberkuzey","Tahmini okuma s\u00fcresi":"3 dakika"},"schema":{"@context":"https:\/\/schema.org","@graph":[{"@type":"Article","@id":"https:\/\/haberkuzey.com\/index.php\/2024\/09\/13\/narin-guranin-oldurulmesiyle-ilgili-sorusturmada-8-zanli-tutuklandi\/#article","isPartOf":{"@id":"https:\/\/haberkuzey.com\/index.php\/2024\/09\/13\/narin-guranin-oldurulmesiyle-ilgili-sorusturmada-8-zanli-tutuklandi\/"},"author":{"name":"haberkuzey","@id":"https:\/\/haberkuzey.com\/#\/schema\/person\/3372109ec735f9333f4fa47ebb9605ca"},"headline":"Narin G\u00fcran\u2019\u0131n \u00f6ld\u00fcr\u00fclmesiyle ilgili soru\u015fturmada 8 zanl\u0131 tutukland\u0131","datePublished":"2024-09-13T05:21:24+00:00","mainEntityOfPage":{"@id":"https:\/\/haberkuzey.com\/index.php\/2024\/09\/13\/narin-guranin-oldurulmesiyle-ilgili-sorusturmada-8-zanli-tutuklandi\/"},"wordCount":658,"commentCount":0,"image":{"@id":"https:\/\/haberkuzey.com\/index.php\/2024\/09\/13\/narin-guranin-oldurulmesiyle-ilgili-sorusturmada-8-zanli-tutuklandi\/#primaryimage"},"thumbnailUrl":"https:\/\/haberkuzey.com\/wp-content\/uploads\/2024\/09\/kl-scaled.jpg","articleSection":["D\u00fcnya"],"inLanguage":"tr","potentialAction":[{"@type":"CommentAction","name":"Comment","target":["https:\/\/haberkuzey.com\/index.php\/2024\/09\/13\/narin-guranin-oldurulmesiyle-ilgili-sorusturmada-8-zanli-tutuklandi\/#respond"]}]},{"@type":"WebPage","@id":"https:\/\/haberkuzey.com\/index.php\/2024\/09\/13\/narin-guranin-oldurulmesiyle-ilgili-sorusturmada-8-zanli-tutuklandi\/","url":"https:\/\/haberkuzey.com\/index.php\/2024\/09\/13\/narin-guranin-oldurulmesiyle-ilgili-sorusturmada-8-zanli-tutuklandi\/","name":"Narin G\u00fcran\u2019\u0131n \u00f6ld\u00fcr\u00fclmesiyle ilgili soru\u015fturmada 8 zanl\u0131 tutukland\u0131 - Haber Kuzey","isPartOf":{"@id":"https:\/\/haberkuzey.com\/#website"},"primaryImageOfPage":{"@id":"https:\/\/haberkuzey.com\/index.php\/2024\/09\/13\/narin-guranin-oldurulmesiyle-ilgili-sorusturmada-8-zanli-tutuklandi\/#primaryimage"},"image":{"@id":"https:\/\/haberkuzey.com\/index.php\/2024\/09\/13\/narin-guranin-oldurulmesiyle-ilgili-sorusturmada-8-zanli-tutuklandi\/#primaryimage"},"thumbnailUrl":"https:\/\/haberkuzey.com\/wp-content\/uploads\/2024\/09\/kl-scaled.jpg","datePublished":"2024-09-13T05:21:24+00:00","author":{"@id":"https:\/\/haberkuzey.com\/#\/schema\/person\/3372109ec735f9333f4fa47ebb9605ca"},"breadcrumb":{"@id":"https:\/\/haberkuzey.com\/index.php\/2024\/09\/13\/narin-guranin-oldurulmesiyle-ilgili-sorusturmada-8-zanli-tutuklandi\/#breadcrumb"},"inLanguage":"tr","potentialAction":[{"@type":"ReadAction","target":["https:\/\/haberkuzey.com\/index.php\/2024\/09\/13\/narin-guranin-oldurulmesiyle-ilgili-sorusturmada-8-zanli-tutuklandi\/"]}]},{"@type":"ImageObject","inLanguage":"tr","@id":"https:\/\/haberkuzey.com\/index.php\/2024\/09\/13\/narin-guranin-oldurulmesiyle-ilgili-sorusturmada-8-zanli-tutuklandi\/#primaryimage","url":"https:\/\/haberkuzey.com\/wp-content\/uploads\/2024\/09\/kl-scaled.jpg","contentUrl":"https:\/\/haberkuzey.com\/wp-content\/uploads\/2024\/09\/kl-scaled.jpg","width":2560,"height":1707},{"@type":"BreadcrumbList","@id":"https:\/\/haberkuzey.com\/index.php\/2024\/09\/13\/narin-guranin-oldurulmesiyle-ilgili-sorusturmada-8-zanli-tutuklandi\/#breadcrumb","itemListElement":[{"@type":"ListItem","position":1,"name":"Anasayfa","item":"https:\/\/haberkuzey.com\/"},{"@type":"ListItem","position":2,"name":"Narin G\u00fcran\u2019\u0131n \u00f6ld\u00fcr\u00fclmesiyle ilgili soru\u015fturmada 8 zanl\u0131 tutukland\u0131"}]},{"@type":"WebSite","@id":"https:\/\/haberkuzey.com\/#website","url":"https:\/\/haberkuzey.com\/","name":"Haber Kuzey","description":"Do\u011fru Haberin Adresi","potentialAction":[{"@type":"SearchAction","target":{"@type":"EntryPoint","urlTemplate":"https:\/\/haberkuzey.com\/?s={search_term_string}"},"query-input":{"@type":"PropertyValueSpecification","valueRequired":true,"valueName":"search_term_string"}}],"inLanguage":"tr"},{"@type":"Person","@id":"https:\/\/haberkuzey.com\/#\/schema\/person\/3372109ec735f9333f4fa47ebb9605ca","name":"haberkuzey","image":{"@type":"ImageObject","inLanguage":"tr","@id":"https:\/\/secure.gravatar.com\/avatar\/f5fc875574b1575324358c3b9e6a32b8227aa5b74f3fa22e3cadb63e26fcc39c?s=96&d=mm&r=g","url":"https:\/\/secure.gravatar.com\/avatar\/f5fc875574b1575324358c3b9e6a32b8227aa5b74f3fa22e3cadb63e26fcc39c?s=96&d=mm&r=g","contentUrl":"https:\/\/secure.gravatar.com\/avatar\/f5fc875574b1575324358c3b9e6a32b8227aa5b74f3fa22e3cadb63e26fcc39c?s=96&d=mm&r=g","caption":"haberkuzey"},"sameAs":["https:\/\/haberkuzey.com"],"url":"https:\/\/haberkuzey.com\/index.php\/author\/haberkuzey\/"}]}},"_links":{"self":[{"href":"https:\/\/haberkuzey.com\/index.php\/wp-json\/wp\/v2\/posts\/9301","targetHints":{"allow":["GET"]}}],"collection":[{"href":"https:\/\/haberkuzey.com\/index.php\/wp-json\/wp\/v2\/posts"}],"about":[{"href":"https:\/\/haberkuzey.com\/index.php\/wp-json\/wp\/v2\/types\/post"}],"author":[{"embeddable":true,"href":"https:\/\/haberkuzey.com\/index.php\/wp-json\/wp\/v2\/users\/1"}],"replies":[{"embeddable":true,"href":"https:\/\/haberkuzey.com\/index.php\/wp-json\/wp\/v2\/comments?post=9301"}],"version-history":[{"count":0,"href":"https:\/\/haberkuzey.com\/index.php\/wp-json\/wp\/v2\/posts\/9301\/revisions"}],"wp:featuredmedia":[{"embeddable":true,"href":"https:\/\/haberkuzey.com\/index.php\/wp-json\/wp\/v2\/media\/9302"}],"wp:attachment":[{"href":"https:\/\/haberkuzey.com\/index.php\/wp-json\/wp\/v2\/media?parent=9301"}],"wp:term":[{"taxonomy":"category","embeddable":true,"href":"https:\/\/haberkuzey.com\/index.php\/wp-json\/wp\/v2\/categories?post=9301"},{"taxonomy":"post_tag","embeddable":true,"href":"https:\/\/haberkuzey.com\/index.php\/wp-json\/wp\/v2\/tags?post=9301"}],"curies":[{"name":"wp","href":"https:\/\/api.w.org\/{rel}","templated":true}]}}