{"id":911,"date":"2024-04-29T17:22:13","date_gmt":"2024-04-29T14:22:13","guid":{"rendered":"https:\/\/kuzeyinsesi.com\/index.php\/2024\/04\/29\/yarin-ve-carsamba-yagmur-bekleniyor\/"},"modified":"2024-04-29T17:22:13","modified_gmt":"2024-04-29T14:22:13","slug":"yarin-ve-carsamba-yagmur-bekleniyor","status":"publish","type":"post","link":"https:\/\/haberkuzey.com\/index.php\/2024\/04\/29\/yarin-ve-carsamba-yagmur-bekleniyor\/","title":{"rendered":"Yar\u0131n ve \u00e7ar\u015famba ya\u011fmur bekleniyor"},"content":{"rendered":"<div>\n<div class=\"mariselle-image-container center\">\n                                            <\/div>\n<p>Meteoroloji Dairesi, yar\u0131n ve \u00e7ar\u015famba g\u00fcn\u00fc havan\u0131n yer yer sa\u011fanak veya g\u00f6k g\u00fcr\u00fclt\u00fcl\u00fc sa\u011fanak ya\u011fmurlu olmas\u0131n\u0131n beklendi\u011fini duyurdu.<\/p>\n<p>Meteoroloji Dairesi M\u00fcd\u00fcrl\u00fc\u011f\u00fc\u2019nden yap\u0131lan a\u00e7\u0131klamaya g\u00f6re b\u00f6lge, yar\u0131n ve \u00e7ar\u015famba g\u00fcn\u00fc serin ve nemli, per\u015fembeden pazartesiye kadar ise \u0131l\u0131k hava k\u00fctlesinin etkisi alt\u0131nda kalacak. Hava s\u0131cakl\u0131\u011f\u0131 ise, i\u00e7 kesimlerde 29 \u2013 32 \u00baC, sahillerde ise 25 \u2013 28 \u00baC dolaylar\u0131nda olacak<\/p>\n<p>Havan\u0131n yar\u0131n par\u00e7al\u0131 bulutlu zamanla yer yer sa\u011fanak veya g\u00f6k g\u00fcr\u00fclt\u00fcl\u00fc sa\u011fanak ya\u011fmurlu; \u00e7ar\u015famba par\u00e7al\u0131 bulutlu \u00f6\u011fle saatlerinden itibaren yer yer sa\u011fanak veya g\u00f6k g\u00fcr\u00fclt\u00fcl\u00fc sa\u011fanak ya\u011fmurlu; per\u015fembe, cuma ve cumartesi a\u00e7\u0131k ve az bulutlu; pazar az bulutlu zamanla par\u00e7al\u0131 bulutlu ve pazartesi de az bulutlu olmas\u0131 bekleniyor.<\/p>\n<p>R\u00fczgar ise genellikle kuzey ve bat\u0131 y\u00f6nlerden, \u00e7ar\u015famba g\u00fcn\u00fc ise Kuzey ve Do\u011fu y\u00f6nlerden orta kuvvette zaman zaman kuvvetli olarak esecek.<\/p>\n<\/p><\/div>\n<p><script async\n                    defer\n                    crossorigin=\"anonymous\"\n                    src=\"https:\/\/connect.facebook.net\/tr_TR\/sdk.js#xfbml=1&#038;version=v3.3\"\n            ><\/script><\/p>\n","protected":false},"excerpt":{"rendered":"<p>Meteoroloji Dairesi, yar\u0131n ve \u00e7ar\u015famba g\u00fcn\u00fc havan\u0131n yer yer sa\u011fanak veya g\u00f6k g\u00fcr\u00fclt\u00fcl\u00fc sa\u011fanak ya\u011fmurlu olmas\u0131n\u0131n beklendi\u011fini duyurdu. Meteoroloji Dairesi M\u00fcd\u00fcrl\u00fc\u011f\u00fc\u2019nden yap\u0131lan a\u00e7\u0131klamaya g\u00f6re b\u00f6lge, yar\u0131n ve \u00e7ar\u015famba g\u00fcn\u00fc serin ve nemli, per\u015fembeden pazartesiye kadar ise \u0131l\u0131k hava k\u00fctlesinin etkisi alt\u0131nda kalacak. Hava s\u0131cakl\u0131\u011f\u0131 ise, i\u00e7 kesimlerde 29 \u2013 32 \u00baC, sahillerde ise 25 \u2013 [&hellip;]<\/p>\n","protected":false},"author":1,"featured_media":912,"comment_status":"open","ping_status":"open","sticky":false,"template":"","format":"standard","meta":{"jnews-multi-image_gallery":[],"jnews_single_post":[],"jnews_primary_category":[],"footnotes":""},"categories":[1],"tags":[],"class_list":["post-911","post","type-post","status-publish","format-standard","has-post-thumbnail","hentry","category-kibris"],"yoast_head":"<!-- This site is optimized with the Yoast SEO plugin v27.5 - https:\/\/yoast.com\/product\/yoast-seo-wordpress\/ -->\n<title>Yar\u0131n ve \u00e7ar\u015famba ya\u011fmur bekleniyor - Haber Kuzey<\/title>\n<meta name=\"robots\" content=\"index, follow, max-snippet:-1, max-image-preview:large, max-video-preview:-1\" \/>\n<link rel=\"canonical\" href=\"https:\/\/haberkuzey.com\/index.php\/2024\/04\/29\/yarin-ve-carsamba-yagmur-bekleniyor\/\" \/>\n<meta property=\"og:locale\" content=\"tr_TR\" \/>\n<meta property=\"og:type\" content=\"article\" \/>\n<meta property=\"og:title\" content=\"Yar\u0131n ve \u00e7ar\u015famba ya\u011fmur bekleniyor - Haber Kuzey\" \/>\n<meta property=\"og:description\" content=\"Meteoroloji Dairesi, yar\u0131n ve \u00e7ar\u015famba g\u00fcn\u00fc havan\u0131n yer yer sa\u011fanak veya g\u00f6k g\u00fcr\u00fclt\u00fcl\u00fc sa\u011fanak ya\u011fmurlu olmas\u0131n\u0131n beklendi\u011fini duyurdu. Meteoroloji Dairesi M\u00fcd\u00fcrl\u00fc\u011f\u00fc\u2019nden yap\u0131lan a\u00e7\u0131klamaya g\u00f6re b\u00f6lge, yar\u0131n ve \u00e7ar\u015famba g\u00fcn\u00fc serin ve nemli, per\u015fembeden pazartesiye kadar ise \u0131l\u0131k hava k\u00fctlesinin etkisi alt\u0131nda kalacak. Hava s\u0131cakl\u0131\u011f\u0131 ise, i\u00e7 kesimlerde 29 \u2013 32 \u00baC, sahillerde ise 25 \u2013 [&hellip;]\" \/>\n<meta property=\"og:url\" content=\"https:\/\/haberkuzey.com\/index.php\/2024\/04\/29\/yarin-ve-carsamba-yagmur-bekleniyor\/\" \/>\n<meta property=\"og:site_name\" content=\"Haber Kuzey\" \/>\n<meta property=\"article:published_time\" content=\"2024-04-29T14:22:13+00:00\" \/>\n<meta property=\"og:image\" content=\"https:\/\/haberkuzey.com\/wp-content\/uploads\/2024\/04\/1587295974165-saganal41.jpg\" \/>\n\t<meta property=\"og:image:width\" content=\"1600\" \/>\n\t<meta property=\"og:image:height\" content=\"900\" \/>\n\t<meta property=\"og:image:type\" content=\"image\/jpeg\" \/>\n<meta name=\"author\" content=\"haberkuzey\" \/>\n<meta name=\"twitter:card\" content=\"summary_large_image\" \/>\n<meta name=\"twitter:label1\" content=\"Yazan:\" \/>\n\t<meta name=\"twitter:data1\" content=\"haberkuzey\" \/>\n\t<meta name=\"twitter:label2\" content=\"Tahmini okuma s\u00fcresi\" \/>\n\t<meta name=\"twitter:data2\" content=\"1 dakika\" \/>\n<script type=\"application\/ld+json\" class=\"yoast-schema-graph\">{\"@context\":\"https:\\\/\\\/schema.org\",\"@graph\":[{\"@type\":\"Article\",\"@id\":\"https:\\\/\\\/haberkuzey.com\\\/index.php\\\/2024\\\/04\\\/29\\\/yarin-ve-carsamba-yagmur-bekleniyor\\\/#article\",\"isPartOf\":{\"@id\":\"https:\\\/\\\/haberkuzey.com\\\/index.php\\\/2024\\\/04\\\/29\\\/yarin-ve-carsamba-yagmur-bekleniyor\\\/\"},\"author\":{\"name\":\"haberkuzey\",\"@id\":\"https:\\\/\\\/haberkuzey.com\\\/#\\\/schema\\\/person\\\/3372109ec735f9333f4fa47ebb9605ca\"},\"headline\":\"Yar\u0131n ve \u00e7ar\u015famba ya\u011fmur bekleniyor\",\"datePublished\":\"2024-04-29T14:22:13+00:00\",\"mainEntityOfPage\":{\"@id\":\"https:\\\/\\\/haberkuzey.com\\\/index.php\\\/2024\\\/04\\\/29\\\/yarin-ve-carsamba-yagmur-bekleniyor\\\/\"},\"wordCount\":188,\"commentCount\":0,\"image\":{\"@id\":\"https:\\\/\\\/haberkuzey.com\\\/index.php\\\/2024\\\/04\\\/29\\\/yarin-ve-carsamba-yagmur-bekleniyor\\\/#primaryimage\"},\"thumbnailUrl\":\"https:\\\/\\\/haberkuzey.com\\\/wp-content\\\/uploads\\\/2024\\\/04\\\/1587295974165-saganal41.jpg\",\"articleSection\":[\"K\u0131br\u0131s\"],\"inLanguage\":\"tr\",\"potentialAction\":[{\"@type\":\"CommentAction\",\"name\":\"Comment\",\"target\":[\"https:\\\/\\\/haberkuzey.com\\\/index.php\\\/2024\\\/04\\\/29\\\/yarin-ve-carsamba-yagmur-bekleniyor\\\/#respond\"]}]},{\"@type\":\"WebPage\",\"@id\":\"https:\\\/\\\/haberkuzey.com\\\/index.php\\\/2024\\\/04\\\/29\\\/yarin-ve-carsamba-yagmur-bekleniyor\\\/\",\"url\":\"https:\\\/\\\/haberkuzey.com\\\/index.php\\\/2024\\\/04\\\/29\\\/yarin-ve-carsamba-yagmur-bekleniyor\\\/\",\"name\":\"Yar\u0131n ve \u00e7ar\u015famba ya\u011fmur bekleniyor - Haber Kuzey\",\"isPartOf\":{\"@id\":\"https:\\\/\\\/haberkuzey.com\\\/#website\"},\"primaryImageOfPage\":{\"@id\":\"https:\\\/\\\/haberkuzey.com\\\/index.php\\\/2024\\\/04\\\/29\\\/yarin-ve-carsamba-yagmur-bekleniyor\\\/#primaryimage\"},\"image\":{\"@id\":\"https:\\\/\\\/haberkuzey.com\\\/index.php\\\/2024\\\/04\\\/29\\\/yarin-ve-carsamba-yagmur-bekleniyor\\\/#primaryimage\"},\"thumbnailUrl\":\"https:\\\/\\\/haberkuzey.com\\\/wp-content\\\/uploads\\\/2024\\\/04\\\/1587295974165-saganal41.jpg\",\"datePublished\":\"2024-04-29T14:22:13+00:00\",\"author\":{\"@id\":\"https:\\\/\\\/haberkuzey.com\\\/#\\\/schema\\\/person\\\/3372109ec735f9333f4fa47ebb9605ca\"},\"breadcrumb\":{\"@id\":\"https:\\\/\\\/haberkuzey.com\\\/index.php\\\/2024\\\/04\\\/29\\\/yarin-ve-carsamba-yagmur-bekleniyor\\\/#breadcrumb\"},\"inLanguage\":\"tr\",\"potentialAction\":[{\"@type\":\"ReadAction\",\"target\":[\"https:\\\/\\\/haberkuzey.com\\\/index.php\\\/2024\\\/04\\\/29\\\/yarin-ve-carsamba-yagmur-bekleniyor\\\/\"]}]},{\"@type\":\"ImageObject\",\"inLanguage\":\"tr\",\"@id\":\"https:\\\/\\\/haberkuzey.com\\\/index.php\\\/2024\\\/04\\\/29\\\/yarin-ve-carsamba-yagmur-bekleniyor\\\/#primaryimage\",\"url\":\"https:\\\/\\\/haberkuzey.com\\\/wp-content\\\/uploads\\\/2024\\\/04\\\/1587295974165-saganal41.jpg\",\"contentUrl\":\"https:\\\/\\\/haberkuzey.com\\\/wp-content\\\/uploads\\\/2024\\\/04\\\/1587295974165-saganal41.jpg\",\"width\":1600,\"height\":900},{\"@type\":\"BreadcrumbList\",\"@id\":\"https:\\\/\\\/haberkuzey.com\\\/index.php\\\/2024\\\/04\\\/29\\\/yarin-ve-carsamba-yagmur-bekleniyor\\\/#breadcrumb\",\"itemListElement\":[{\"@type\":\"ListItem\",\"position\":1,\"name\":\"Anasayfa\",\"item\":\"https:\\\/\\\/haberkuzey.com\\\/\"},{\"@type\":\"ListItem\",\"position\":2,\"name\":\"Yar\u0131n ve \u00e7ar\u015famba ya\u011fmur bekleniyor\"}]},{\"@type\":\"WebSite\",\"@id\":\"https:\\\/\\\/haberkuzey.com\\\/#website\",\"url\":\"https:\\\/\\\/haberkuzey.com\\\/\",\"name\":\"Haber Kuzey\",\"description\":\"Do\u011fru Haberin Adresi\",\"potentialAction\":[{\"@type\":\"SearchAction\",\"target\":{\"@type\":\"EntryPoint\",\"urlTemplate\":\"https:\\\/\\\/haberkuzey.com\\\/?s={search_term_string}\"},\"query-input\":{\"@type\":\"PropertyValueSpecification\",\"valueRequired\":true,\"valueName\":\"search_term_string\"}}],\"inLanguage\":\"tr\"},{\"@type\":\"Person\",\"@id\":\"https:\\\/\\\/haberkuzey.com\\\/#\\\/schema\\\/person\\\/3372109ec735f9333f4fa47ebb9605ca\",\"name\":\"haberkuzey\",\"image\":{\"@type\":\"ImageObject\",\"inLanguage\":\"tr\",\"@id\":\"https:\\\/\\\/secure.gravatar.com\\\/avatar\\\/f5fc875574b1575324358c3b9e6a32b8227aa5b74f3fa22e3cadb63e26fcc39c?s=96&d=mm&r=g\",\"url\":\"https:\\\/\\\/secure.gravatar.com\\\/avatar\\\/f5fc875574b1575324358c3b9e6a32b8227aa5b74f3fa22e3cadb63e26fcc39c?s=96&d=mm&r=g\",\"contentUrl\":\"https:\\\/\\\/secure.gravatar.com\\\/avatar\\\/f5fc875574b1575324358c3b9e6a32b8227aa5b74f3fa22e3cadb63e26fcc39c?s=96&d=mm&r=g\",\"caption\":\"haberkuzey\"},\"sameAs\":[\"https:\\\/\\\/haberkuzey.com\"],\"url\":\"https:\\\/\\\/haberkuzey.com\\\/index.php\\\/author\\\/haberkuzey\\\/\"}]}<\/script>\n<!-- \/ Yoast SEO plugin. -->","yoast_head_json":{"title":"Yar\u0131n ve \u00e7ar\u015famba ya\u011fmur bekleniyor - Haber Kuzey","robots":{"index":"index","follow":"follow","max-snippet":"max-snippet:-1","max-image-preview":"max-image-preview:large","max-video-preview":"max-video-preview:-1"},"canonical":"https:\/\/haberkuzey.com\/index.php\/2024\/04\/29\/yarin-ve-carsamba-yagmur-bekleniyor\/","og_locale":"tr_TR","og_type":"article","og_title":"Yar\u0131n ve \u00e7ar\u015famba ya\u011fmur bekleniyor - Haber Kuzey","og_description":"Meteoroloji Dairesi, yar\u0131n ve \u00e7ar\u015famba g\u00fcn\u00fc havan\u0131n yer yer sa\u011fanak veya g\u00f6k g\u00fcr\u00fclt\u00fcl\u00fc sa\u011fanak ya\u011fmurlu olmas\u0131n\u0131n beklendi\u011fini duyurdu. Meteoroloji Dairesi M\u00fcd\u00fcrl\u00fc\u011f\u00fc\u2019nden yap\u0131lan a\u00e7\u0131klamaya g\u00f6re b\u00f6lge, yar\u0131n ve \u00e7ar\u015famba g\u00fcn\u00fc serin ve nemli, per\u015fembeden pazartesiye kadar ise \u0131l\u0131k hava k\u00fctlesinin etkisi alt\u0131nda kalacak. Hava s\u0131cakl\u0131\u011f\u0131 ise, i\u00e7 kesimlerde 29 \u2013 32 \u00baC, sahillerde ise 25 \u2013 [&hellip;]","og_url":"https:\/\/haberkuzey.com\/index.php\/2024\/04\/29\/yarin-ve-carsamba-yagmur-bekleniyor\/","og_site_name":"Haber Kuzey","article_published_time":"2024-04-29T14:22:13+00:00","og_image":[{"width":1600,"height":900,"url":"https:\/\/haberkuzey.com\/wp-content\/uploads\/2024\/04\/1587295974165-saganal41.jpg","type":"image\/jpeg"}],"author":"haberkuzey","twitter_card":"summary_large_image","twitter_misc":{"Yazan:":"haberkuzey","Tahmini okuma s\u00fcresi":"1 dakika"},"schema":{"@context":"https:\/\/schema.org","@graph":[{"@type":"Article","@id":"https:\/\/haberkuzey.com\/index.php\/2024\/04\/29\/yarin-ve-carsamba-yagmur-bekleniyor\/#article","isPartOf":{"@id":"https:\/\/haberkuzey.com\/index.php\/2024\/04\/29\/yarin-ve-carsamba-yagmur-bekleniyor\/"},"author":{"name":"haberkuzey","@id":"https:\/\/haberkuzey.com\/#\/schema\/person\/3372109ec735f9333f4fa47ebb9605ca"},"headline":"Yar\u0131n ve \u00e7ar\u015famba ya\u011fmur bekleniyor","datePublished":"2024-04-29T14:22:13+00:00","mainEntityOfPage":{"@id":"https:\/\/haberkuzey.com\/index.php\/2024\/04\/29\/yarin-ve-carsamba-yagmur-bekleniyor\/"},"wordCount":188,"commentCount":0,"image":{"@id":"https:\/\/haberkuzey.com\/index.php\/2024\/04\/29\/yarin-ve-carsamba-yagmur-bekleniyor\/#primaryimage"},"thumbnailUrl":"https:\/\/haberkuzey.com\/wp-content\/uploads\/2024\/04\/1587295974165-saganal41.jpg","articleSection":["K\u0131br\u0131s"],"inLanguage":"tr","potentialAction":[{"@type":"CommentAction","name":"Comment","target":["https:\/\/haberkuzey.com\/index.php\/2024\/04\/29\/yarin-ve-carsamba-yagmur-bekleniyor\/#respond"]}]},{"@type":"WebPage","@id":"https:\/\/haberkuzey.com\/index.php\/2024\/04\/29\/yarin-ve-carsamba-yagmur-bekleniyor\/","url":"https:\/\/haberkuzey.com\/index.php\/2024\/04\/29\/yarin-ve-carsamba-yagmur-bekleniyor\/","name":"Yar\u0131n ve \u00e7ar\u015famba ya\u011fmur bekleniyor - Haber Kuzey","isPartOf":{"@id":"https:\/\/haberkuzey.com\/#website"},"primaryImageOfPage":{"@id":"https:\/\/haberkuzey.com\/index.php\/2024\/04\/29\/yarin-ve-carsamba-yagmur-bekleniyor\/#primaryimage"},"image":{"@id":"https:\/\/haberkuzey.com\/index.php\/2024\/04\/29\/yarin-ve-carsamba-yagmur-bekleniyor\/#primaryimage"},"thumbnailUrl":"https:\/\/haberkuzey.com\/wp-content\/uploads\/2024\/04\/1587295974165-saganal41.jpg","datePublished":"2024-04-29T14:22:13+00:00","author":{"@id":"https:\/\/haberkuzey.com\/#\/schema\/person\/3372109ec735f9333f4fa47ebb9605ca"},"breadcrumb":{"@id":"https:\/\/haberkuzey.com\/index.php\/2024\/04\/29\/yarin-ve-carsamba-yagmur-bekleniyor\/#breadcrumb"},"inLanguage":"tr","potentialAction":[{"@type":"ReadAction","target":["https:\/\/haberkuzey.com\/index.php\/2024\/04\/29\/yarin-ve-carsamba-yagmur-bekleniyor\/"]}]},{"@type":"ImageObject","inLanguage":"tr","@id":"https:\/\/haberkuzey.com\/index.php\/2024\/04\/29\/yarin-ve-carsamba-yagmur-bekleniyor\/#primaryimage","url":"https:\/\/haberkuzey.com\/wp-content\/uploads\/2024\/04\/1587295974165-saganal41.jpg","contentUrl":"https:\/\/haberkuzey.com\/wp-content\/uploads\/2024\/04\/1587295974165-saganal41.jpg","width":1600,"height":900},{"@type":"BreadcrumbList","@id":"https:\/\/haberkuzey.com\/index.php\/2024\/04\/29\/yarin-ve-carsamba-yagmur-bekleniyor\/#breadcrumb","itemListElement":[{"@type":"ListItem","position":1,"name":"Anasayfa","item":"https:\/\/haberkuzey.com\/"},{"@type":"ListItem","position":2,"name":"Yar\u0131n ve \u00e7ar\u015famba ya\u011fmur bekleniyor"}]},{"@type":"WebSite","@id":"https:\/\/haberkuzey.com\/#website","url":"https:\/\/haberkuzey.com\/","name":"Haber Kuzey","description":"Do\u011fru Haberin Adresi","potentialAction":[{"@type":"SearchAction","target":{"@type":"EntryPoint","urlTemplate":"https:\/\/haberkuzey.com\/?s={search_term_string}"},"query-input":{"@type":"PropertyValueSpecification","valueRequired":true,"valueName":"search_term_string"}}],"inLanguage":"tr"},{"@type":"Person","@id":"https:\/\/haberkuzey.com\/#\/schema\/person\/3372109ec735f9333f4fa47ebb9605ca","name":"haberkuzey","image":{"@type":"ImageObject","inLanguage":"tr","@id":"https:\/\/secure.gravatar.com\/avatar\/f5fc875574b1575324358c3b9e6a32b8227aa5b74f3fa22e3cadb63e26fcc39c?s=96&d=mm&r=g","url":"https:\/\/secure.gravatar.com\/avatar\/f5fc875574b1575324358c3b9e6a32b8227aa5b74f3fa22e3cadb63e26fcc39c?s=96&d=mm&r=g","contentUrl":"https:\/\/secure.gravatar.com\/avatar\/f5fc875574b1575324358c3b9e6a32b8227aa5b74f3fa22e3cadb63e26fcc39c?s=96&d=mm&r=g","caption":"haberkuzey"},"sameAs":["https:\/\/haberkuzey.com"],"url":"https:\/\/haberkuzey.com\/index.php\/author\/haberkuzey\/"}]}},"_links":{"self":[{"href":"https:\/\/haberkuzey.com\/index.php\/wp-json\/wp\/v2\/posts\/911","targetHints":{"allow":["GET"]}}],"collection":[{"href":"https:\/\/haberkuzey.com\/index.php\/wp-json\/wp\/v2\/posts"}],"about":[{"href":"https:\/\/haberkuzey.com\/index.php\/wp-json\/wp\/v2\/types\/post"}],"author":[{"embeddable":true,"href":"https:\/\/haberkuzey.com\/index.php\/wp-json\/wp\/v2\/users\/1"}],"replies":[{"embeddable":true,"href":"https:\/\/haberkuzey.com\/index.php\/wp-json\/wp\/v2\/comments?post=911"}],"version-history":[{"count":0,"href":"https:\/\/haberkuzey.com\/index.php\/wp-json\/wp\/v2\/posts\/911\/revisions"}],"wp:featuredmedia":[{"embeddable":true,"href":"https:\/\/haberkuzey.com\/index.php\/wp-json\/wp\/v2\/media\/912"}],"wp:attachment":[{"href":"https:\/\/haberkuzey.com\/index.php\/wp-json\/wp\/v2\/media?parent=911"}],"wp:term":[{"taxonomy":"category","embeddable":true,"href":"https:\/\/haberkuzey.com\/index.php\/wp-json\/wp\/v2\/categories?post=911"},{"taxonomy":"post_tag","embeddable":true,"href":"https:\/\/haberkuzey.com\/index.php\/wp-json\/wp\/v2\/tags?post=911"}],"curies":[{"name":"wp","href":"https:\/\/api.w.org\/{rel}","templated":true}]}}