{"id":901,"date":"2024-04-29T15:44:12","date_gmt":"2024-04-29T12:44:12","guid":{"rendered":"https:\/\/kuzeyinsesi.com\/index.php\/2024\/04\/29\/turkan-soray-ile-ediz-hun-gaude-soylesiye-katilacak\/"},"modified":"2024-04-29T15:44:12","modified_gmt":"2024-04-29T12:44:12","slug":"turkan-soray-ile-ediz-hun-gaude-soylesiye-katilacak","status":"publish","type":"post","link":"https:\/\/haberkuzey.com\/index.php\/2024\/04\/29\/turkan-soray-ile-ediz-hun-gaude-soylesiye-katilacak\/","title":{"rendered":"T\u00fcrkan \u015eoray ile Ediz Hun, GA\u00dc\u2019de s\u00f6yle\u015fiye kat\u0131lacak"},"content":{"rendered":"<div>\n<div class=\"mariselle-image-container center\">\n                                            <\/div>\n<p>T\u00fcrk sinemas\u0131 oyuncular\u0131 T\u00fcrkan \u015eoray ve Ediz Hun, Bar\u0131\u015f Harekat\u0131\u2019n\u0131n 50. y\u0131l d\u00f6n\u00fcm\u00fc nedeniyle K\u0131br\u0131s \u015eehitlerini Anma Platformu ve Bayrak Radyo Televizyon Kurumu (BRT) i\u015f birli\u011finde 6-10 May\u0131s\u2019ta KKTC\u2018ye yapacaklar\u0131 ziyaret s\u0131ras\u0131nda Girne Amerikan \u00dcniversitesi\u2019nde (GA\u00dc) d\u00fczenlenecek s\u00f6yle\u015fiye de kat\u0131lacak.<\/p>\n<p>S\u00f6yle\u015fi, 8 May\u0131s \u00c7ar\u015famba saat 14.00\u2019te GAU Spectrum Uluslararas\u0131 Kongre Merkezi\u2019nde Simge \u00d6zekler Erdal moderat\u00f6rl\u00fc\u011f\u00fcnde  halka a\u00e7\u0131k yap\u0131lacak.<\/p>\n<p>GA\u00dc \u0130leti\u015fim Fak\u00fcltesi Dekan\u0131 Prof. Dr. Neriman Sayg\u0131l\u0131, konuyla ilgili a\u00e7\u0131klamas\u0131nda, T\u00fcrk sinemas\u0131n\u0131n iki de\u011ferli ismini \u00fcniversitede a\u011f\u0131rlamaktan mutluluk ve onur duyacaklar\u0131n\u0131 ifade etti.<\/p>\n<p>Sayg\u0131l\u0131, T\u00fcrkan \u015eoray ve Ediz Hun\u2019un \u201cBar\u0131\u015f Harekat\u0131\u2019n\u0131n 50. y\u0131l\u0131nda T\u00fcrkan \u015eoray ve Ediz Hun\u2019la K\u0131br\u0131s \u015eehitlerini ve Gazilerini An\u0131yoruz\u201d program\u0131 i\u00e7in 6- 10 May\u0131s tarihlerinde KKTC\u2019de olaca\u011f\u0131n\u0131 an\u0131msatt\u0131.<\/p>\n<\/p><\/div>\n<p><script async\n                    defer\n                    crossorigin=\"anonymous\"\n                    src=\"https:\/\/connect.facebook.net\/tr_TR\/sdk.js#xfbml=1&#038;version=v3.3\"\n            ><\/script><\/p>\n","protected":false},"excerpt":{"rendered":"<p>T\u00fcrk sinemas\u0131 oyuncular\u0131 T\u00fcrkan \u015eoray ve Ediz Hun, Bar\u0131\u015f Harekat\u0131\u2019n\u0131n 50. y\u0131l d\u00f6n\u00fcm\u00fc nedeniyle K\u0131br\u0131s \u015eehitlerini Anma Platformu ve Bayrak Radyo Televizyon Kurumu (BRT) i\u015f birli\u011finde 6-10 May\u0131s\u2019ta KKTC\u2018ye yapacaklar\u0131 ziyaret s\u0131ras\u0131nda Girne Amerikan \u00dcniversitesi\u2019nde (GA\u00dc) d\u00fczenlenecek s\u00f6yle\u015fiye de kat\u0131lacak. S\u00f6yle\u015fi, 8 May\u0131s \u00c7ar\u015famba saat 14.00\u2019te GAU Spectrum Uluslararas\u0131 Kongre Merkezi\u2019nde Simge \u00d6zekler Erdal moderat\u00f6rl\u00fc\u011f\u00fcnde [&hellip;]<\/p>\n","protected":false},"author":1,"featured_media":902,"comment_status":"open","ping_status":"open","sticky":false,"template":"","format":"standard","meta":{"jnews-multi-image_gallery":[],"jnews_single_post":[],"jnews_primary_category":[],"footnotes":""},"categories":[1],"tags":[],"class_list":["post-901","post","type-post","status-publish","format-standard","has-post-thumbnail","hentry","category-kibris"],"yoast_head":"<!-- This site is optimized with the Yoast SEO plugin v27.5 - https:\/\/yoast.com\/product\/yoast-seo-wordpress\/ -->\n<title>T\u00fcrkan \u015eoray ile Ediz Hun, GA\u00dc\u2019de s\u00f6yle\u015fiye kat\u0131lacak - Haber Kuzey<\/title>\n<meta name=\"robots\" content=\"index, follow, max-snippet:-1, max-image-preview:large, max-video-preview:-1\" \/>\n<link rel=\"canonical\" href=\"https:\/\/haberkuzey.com\/index.php\/2024\/04\/29\/turkan-soray-ile-ediz-hun-gaude-soylesiye-katilacak\/\" \/>\n<meta property=\"og:locale\" content=\"tr_TR\" \/>\n<meta property=\"og:type\" content=\"article\" \/>\n<meta property=\"og:title\" content=\"T\u00fcrkan \u015eoray ile Ediz Hun, GA\u00dc\u2019de s\u00f6yle\u015fiye kat\u0131lacak - Haber Kuzey\" \/>\n<meta property=\"og:description\" content=\"T\u00fcrk sinemas\u0131 oyuncular\u0131 T\u00fcrkan \u015eoray ve Ediz Hun, Bar\u0131\u015f Harekat\u0131\u2019n\u0131n 50. y\u0131l d\u00f6n\u00fcm\u00fc nedeniyle K\u0131br\u0131s \u015eehitlerini Anma Platformu ve Bayrak Radyo Televizyon Kurumu (BRT) i\u015f birli\u011finde 6-10 May\u0131s\u2019ta KKTC\u2018ye yapacaklar\u0131 ziyaret s\u0131ras\u0131nda Girne Amerikan \u00dcniversitesi\u2019nde (GA\u00dc) d\u00fczenlenecek s\u00f6yle\u015fiye de kat\u0131lacak. S\u00f6yle\u015fi, 8 May\u0131s \u00c7ar\u015famba saat 14.00\u2019te GAU Spectrum Uluslararas\u0131 Kongre Merkezi\u2019nde Simge \u00d6zekler Erdal moderat\u00f6rl\u00fc\u011f\u00fcnde [&hellip;]\" \/>\n<meta property=\"og:url\" content=\"https:\/\/haberkuzey.com\/index.php\/2024\/04\/29\/turkan-soray-ile-ediz-hun-gaude-soylesiye-katilacak\/\" \/>\n<meta property=\"og:site_name\" content=\"Haber Kuzey\" \/>\n<meta property=\"article:published_time\" content=\"2024-04-29T12:44:12+00:00\" \/>\n<meta property=\"og:image\" content=\"https:\/\/haberkuzey.com\/wp-content\/uploads\/2024\/04\/turkan-soray-ile-ediz-hun-gaude-soylesiye-katilacak-1714383295.webp.webp\" \/>\n\t<meta property=\"og:image:width\" content=\"710\" \/>\n\t<meta property=\"og:image:height\" content=\"370\" \/>\n\t<meta property=\"og:image:type\" content=\"image\/webp\" \/>\n<meta name=\"author\" content=\"haberkuzey\" \/>\n<meta name=\"twitter:card\" content=\"summary_large_image\" \/>\n<meta name=\"twitter:label1\" content=\"Yazan:\" \/>\n\t<meta name=\"twitter:data1\" content=\"haberkuzey\" \/>\n\t<meta name=\"twitter:label2\" content=\"Tahmini okuma s\u00fcresi\" \/>\n\t<meta name=\"twitter:data2\" content=\"1 dakika\" \/>\n<script type=\"application\/ld+json\" class=\"yoast-schema-graph\">{\"@context\":\"https:\\\/\\\/schema.org\",\"@graph\":[{\"@type\":\"Article\",\"@id\":\"https:\\\/\\\/haberkuzey.com\\\/index.php\\\/2024\\\/04\\\/29\\\/turkan-soray-ile-ediz-hun-gaude-soylesiye-katilacak\\\/#article\",\"isPartOf\":{\"@id\":\"https:\\\/\\\/haberkuzey.com\\\/index.php\\\/2024\\\/04\\\/29\\\/turkan-soray-ile-ediz-hun-gaude-soylesiye-katilacak\\\/\"},\"author\":{\"name\":\"haberkuzey\",\"@id\":\"https:\\\/\\\/haberkuzey.com\\\/#\\\/schema\\\/person\\\/3372109ec735f9333f4fa47ebb9605ca\"},\"headline\":\"T\u00fcrkan \u015eoray ile Ediz Hun, GA\u00dc\u2019de s\u00f6yle\u015fiye kat\u0131lacak\",\"datePublished\":\"2024-04-29T12:44:12+00:00\",\"mainEntityOfPage\":{\"@id\":\"https:\\\/\\\/haberkuzey.com\\\/index.php\\\/2024\\\/04\\\/29\\\/turkan-soray-ile-ediz-hun-gaude-soylesiye-katilacak\\\/\"},\"wordCount\":177,\"commentCount\":0,\"image\":{\"@id\":\"https:\\\/\\\/haberkuzey.com\\\/index.php\\\/2024\\\/04\\\/29\\\/turkan-soray-ile-ediz-hun-gaude-soylesiye-katilacak\\\/#primaryimage\"},\"thumbnailUrl\":\"https:\\\/\\\/haberkuzey.com\\\/wp-content\\\/uploads\\\/2024\\\/04\\\/turkan-soray-ile-ediz-hun-gaude-soylesiye-katilacak-1714383295.webp.webp\",\"articleSection\":[\"K\u0131br\u0131s\"],\"inLanguage\":\"tr\",\"potentialAction\":[{\"@type\":\"CommentAction\",\"name\":\"Comment\",\"target\":[\"https:\\\/\\\/haberkuzey.com\\\/index.php\\\/2024\\\/04\\\/29\\\/turkan-soray-ile-ediz-hun-gaude-soylesiye-katilacak\\\/#respond\"]}]},{\"@type\":\"WebPage\",\"@id\":\"https:\\\/\\\/haberkuzey.com\\\/index.php\\\/2024\\\/04\\\/29\\\/turkan-soray-ile-ediz-hun-gaude-soylesiye-katilacak\\\/\",\"url\":\"https:\\\/\\\/haberkuzey.com\\\/index.php\\\/2024\\\/04\\\/29\\\/turkan-soray-ile-ediz-hun-gaude-soylesiye-katilacak\\\/\",\"name\":\"T\u00fcrkan \u015eoray ile Ediz Hun, GA\u00dc\u2019de s\u00f6yle\u015fiye kat\u0131lacak - Haber Kuzey\",\"isPartOf\":{\"@id\":\"https:\\\/\\\/haberkuzey.com\\\/#website\"},\"primaryImageOfPage\":{\"@id\":\"https:\\\/\\\/haberkuzey.com\\\/index.php\\\/2024\\\/04\\\/29\\\/turkan-soray-ile-ediz-hun-gaude-soylesiye-katilacak\\\/#primaryimage\"},\"image\":{\"@id\":\"https:\\\/\\\/haberkuzey.com\\\/index.php\\\/2024\\\/04\\\/29\\\/turkan-soray-ile-ediz-hun-gaude-soylesiye-katilacak\\\/#primaryimage\"},\"thumbnailUrl\":\"https:\\\/\\\/haberkuzey.com\\\/wp-content\\\/uploads\\\/2024\\\/04\\\/turkan-soray-ile-ediz-hun-gaude-soylesiye-katilacak-1714383295.webp.webp\",\"datePublished\":\"2024-04-29T12:44:12+00:00\",\"author\":{\"@id\":\"https:\\\/\\\/haberkuzey.com\\\/#\\\/schema\\\/person\\\/3372109ec735f9333f4fa47ebb9605ca\"},\"breadcrumb\":{\"@id\":\"https:\\\/\\\/haberkuzey.com\\\/index.php\\\/2024\\\/04\\\/29\\\/turkan-soray-ile-ediz-hun-gaude-soylesiye-katilacak\\\/#breadcrumb\"},\"inLanguage\":\"tr\",\"potentialAction\":[{\"@type\":\"ReadAction\",\"target\":[\"https:\\\/\\\/haberkuzey.com\\\/index.php\\\/2024\\\/04\\\/29\\\/turkan-soray-ile-ediz-hun-gaude-soylesiye-katilacak\\\/\"]}]},{\"@type\":\"ImageObject\",\"inLanguage\":\"tr\",\"@id\":\"https:\\\/\\\/haberkuzey.com\\\/index.php\\\/2024\\\/04\\\/29\\\/turkan-soray-ile-ediz-hun-gaude-soylesiye-katilacak\\\/#primaryimage\",\"url\":\"https:\\\/\\\/haberkuzey.com\\\/wp-content\\\/uploads\\\/2024\\\/04\\\/turkan-soray-ile-ediz-hun-gaude-soylesiye-katilacak-1714383295.webp.webp\",\"contentUrl\":\"https:\\\/\\\/haberkuzey.com\\\/wp-content\\\/uploads\\\/2024\\\/04\\\/turkan-soray-ile-ediz-hun-gaude-soylesiye-katilacak-1714383295.webp.webp\",\"width\":710,\"height\":370},{\"@type\":\"BreadcrumbList\",\"@id\":\"https:\\\/\\\/haberkuzey.com\\\/index.php\\\/2024\\\/04\\\/29\\\/turkan-soray-ile-ediz-hun-gaude-soylesiye-katilacak\\\/#breadcrumb\",\"itemListElement\":[{\"@type\":\"ListItem\",\"position\":1,\"name\":\"Anasayfa\",\"item\":\"https:\\\/\\\/haberkuzey.com\\\/\"},{\"@type\":\"ListItem\",\"position\":2,\"name\":\"T\u00fcrkan \u015eoray ile Ediz Hun, GA\u00dc\u2019de s\u00f6yle\u015fiye kat\u0131lacak\"}]},{\"@type\":\"WebSite\",\"@id\":\"https:\\\/\\\/haberkuzey.com\\\/#website\",\"url\":\"https:\\\/\\\/haberkuzey.com\\\/\",\"name\":\"Haber Kuzey\",\"description\":\"Do\u011fru Haberin Adresi\",\"potentialAction\":[{\"@type\":\"SearchAction\",\"target\":{\"@type\":\"EntryPoint\",\"urlTemplate\":\"https:\\\/\\\/haberkuzey.com\\\/?s={search_term_string}\"},\"query-input\":{\"@type\":\"PropertyValueSpecification\",\"valueRequired\":true,\"valueName\":\"search_term_string\"}}],\"inLanguage\":\"tr\"},{\"@type\":\"Person\",\"@id\":\"https:\\\/\\\/haberkuzey.com\\\/#\\\/schema\\\/person\\\/3372109ec735f9333f4fa47ebb9605ca\",\"name\":\"haberkuzey\",\"image\":{\"@type\":\"ImageObject\",\"inLanguage\":\"tr\",\"@id\":\"https:\\\/\\\/secure.gravatar.com\\\/avatar\\\/f5fc875574b1575324358c3b9e6a32b8227aa5b74f3fa22e3cadb63e26fcc39c?s=96&d=mm&r=g\",\"url\":\"https:\\\/\\\/secure.gravatar.com\\\/avatar\\\/f5fc875574b1575324358c3b9e6a32b8227aa5b74f3fa22e3cadb63e26fcc39c?s=96&d=mm&r=g\",\"contentUrl\":\"https:\\\/\\\/secure.gravatar.com\\\/avatar\\\/f5fc875574b1575324358c3b9e6a32b8227aa5b74f3fa22e3cadb63e26fcc39c?s=96&d=mm&r=g\",\"caption\":\"haberkuzey\"},\"sameAs\":[\"https:\\\/\\\/haberkuzey.com\"],\"url\":\"https:\\\/\\\/haberkuzey.com\\\/index.php\\\/author\\\/haberkuzey\\\/\"}]}<\/script>\n<!-- \/ Yoast SEO plugin. -->","yoast_head_json":{"title":"T\u00fcrkan \u015eoray ile Ediz Hun, GA\u00dc\u2019de s\u00f6yle\u015fiye kat\u0131lacak - Haber Kuzey","robots":{"index":"index","follow":"follow","max-snippet":"max-snippet:-1","max-image-preview":"max-image-preview:large","max-video-preview":"max-video-preview:-1"},"canonical":"https:\/\/haberkuzey.com\/index.php\/2024\/04\/29\/turkan-soray-ile-ediz-hun-gaude-soylesiye-katilacak\/","og_locale":"tr_TR","og_type":"article","og_title":"T\u00fcrkan \u015eoray ile Ediz Hun, GA\u00dc\u2019de s\u00f6yle\u015fiye kat\u0131lacak - Haber Kuzey","og_description":"T\u00fcrk sinemas\u0131 oyuncular\u0131 T\u00fcrkan \u015eoray ve Ediz Hun, Bar\u0131\u015f Harekat\u0131\u2019n\u0131n 50. y\u0131l d\u00f6n\u00fcm\u00fc nedeniyle K\u0131br\u0131s \u015eehitlerini Anma Platformu ve Bayrak Radyo Televizyon Kurumu (BRT) i\u015f birli\u011finde 6-10 May\u0131s\u2019ta KKTC\u2018ye yapacaklar\u0131 ziyaret s\u0131ras\u0131nda Girne Amerikan \u00dcniversitesi\u2019nde (GA\u00dc) d\u00fczenlenecek s\u00f6yle\u015fiye de kat\u0131lacak. S\u00f6yle\u015fi, 8 May\u0131s \u00c7ar\u015famba saat 14.00\u2019te GAU Spectrum Uluslararas\u0131 Kongre Merkezi\u2019nde Simge \u00d6zekler Erdal moderat\u00f6rl\u00fc\u011f\u00fcnde [&hellip;]","og_url":"https:\/\/haberkuzey.com\/index.php\/2024\/04\/29\/turkan-soray-ile-ediz-hun-gaude-soylesiye-katilacak\/","og_site_name":"Haber Kuzey","article_published_time":"2024-04-29T12:44:12+00:00","og_image":[{"width":710,"height":370,"url":"https:\/\/haberkuzey.com\/wp-content\/uploads\/2024\/04\/turkan-soray-ile-ediz-hun-gaude-soylesiye-katilacak-1714383295.webp.webp","type":"image\/webp"}],"author":"haberkuzey","twitter_card":"summary_large_image","twitter_misc":{"Yazan:":"haberkuzey","Tahmini okuma s\u00fcresi":"1 dakika"},"schema":{"@context":"https:\/\/schema.org","@graph":[{"@type":"Article","@id":"https:\/\/haberkuzey.com\/index.php\/2024\/04\/29\/turkan-soray-ile-ediz-hun-gaude-soylesiye-katilacak\/#article","isPartOf":{"@id":"https:\/\/haberkuzey.com\/index.php\/2024\/04\/29\/turkan-soray-ile-ediz-hun-gaude-soylesiye-katilacak\/"},"author":{"name":"haberkuzey","@id":"https:\/\/haberkuzey.com\/#\/schema\/person\/3372109ec735f9333f4fa47ebb9605ca"},"headline":"T\u00fcrkan \u015eoray ile Ediz Hun, GA\u00dc\u2019de s\u00f6yle\u015fiye kat\u0131lacak","datePublished":"2024-04-29T12:44:12+00:00","mainEntityOfPage":{"@id":"https:\/\/haberkuzey.com\/index.php\/2024\/04\/29\/turkan-soray-ile-ediz-hun-gaude-soylesiye-katilacak\/"},"wordCount":177,"commentCount":0,"image":{"@id":"https:\/\/haberkuzey.com\/index.php\/2024\/04\/29\/turkan-soray-ile-ediz-hun-gaude-soylesiye-katilacak\/#primaryimage"},"thumbnailUrl":"https:\/\/haberkuzey.com\/wp-content\/uploads\/2024\/04\/turkan-soray-ile-ediz-hun-gaude-soylesiye-katilacak-1714383295.webp.webp","articleSection":["K\u0131br\u0131s"],"inLanguage":"tr","potentialAction":[{"@type":"CommentAction","name":"Comment","target":["https:\/\/haberkuzey.com\/index.php\/2024\/04\/29\/turkan-soray-ile-ediz-hun-gaude-soylesiye-katilacak\/#respond"]}]},{"@type":"WebPage","@id":"https:\/\/haberkuzey.com\/index.php\/2024\/04\/29\/turkan-soray-ile-ediz-hun-gaude-soylesiye-katilacak\/","url":"https:\/\/haberkuzey.com\/index.php\/2024\/04\/29\/turkan-soray-ile-ediz-hun-gaude-soylesiye-katilacak\/","name":"T\u00fcrkan \u015eoray ile Ediz Hun, GA\u00dc\u2019de s\u00f6yle\u015fiye kat\u0131lacak - Haber Kuzey","isPartOf":{"@id":"https:\/\/haberkuzey.com\/#website"},"primaryImageOfPage":{"@id":"https:\/\/haberkuzey.com\/index.php\/2024\/04\/29\/turkan-soray-ile-ediz-hun-gaude-soylesiye-katilacak\/#primaryimage"},"image":{"@id":"https:\/\/haberkuzey.com\/index.php\/2024\/04\/29\/turkan-soray-ile-ediz-hun-gaude-soylesiye-katilacak\/#primaryimage"},"thumbnailUrl":"https:\/\/haberkuzey.com\/wp-content\/uploads\/2024\/04\/turkan-soray-ile-ediz-hun-gaude-soylesiye-katilacak-1714383295.webp.webp","datePublished":"2024-04-29T12:44:12+00:00","author":{"@id":"https:\/\/haberkuzey.com\/#\/schema\/person\/3372109ec735f9333f4fa47ebb9605ca"},"breadcrumb":{"@id":"https:\/\/haberkuzey.com\/index.php\/2024\/04\/29\/turkan-soray-ile-ediz-hun-gaude-soylesiye-katilacak\/#breadcrumb"},"inLanguage":"tr","potentialAction":[{"@type":"ReadAction","target":["https:\/\/haberkuzey.com\/index.php\/2024\/04\/29\/turkan-soray-ile-ediz-hun-gaude-soylesiye-katilacak\/"]}]},{"@type":"ImageObject","inLanguage":"tr","@id":"https:\/\/haberkuzey.com\/index.php\/2024\/04\/29\/turkan-soray-ile-ediz-hun-gaude-soylesiye-katilacak\/#primaryimage","url":"https:\/\/haberkuzey.com\/wp-content\/uploads\/2024\/04\/turkan-soray-ile-ediz-hun-gaude-soylesiye-katilacak-1714383295.webp.webp","contentUrl":"https:\/\/haberkuzey.com\/wp-content\/uploads\/2024\/04\/turkan-soray-ile-ediz-hun-gaude-soylesiye-katilacak-1714383295.webp.webp","width":710,"height":370},{"@type":"BreadcrumbList","@id":"https:\/\/haberkuzey.com\/index.php\/2024\/04\/29\/turkan-soray-ile-ediz-hun-gaude-soylesiye-katilacak\/#breadcrumb","itemListElement":[{"@type":"ListItem","position":1,"name":"Anasayfa","item":"https:\/\/haberkuzey.com\/"},{"@type":"ListItem","position":2,"name":"T\u00fcrkan \u015eoray ile Ediz Hun, GA\u00dc\u2019de s\u00f6yle\u015fiye kat\u0131lacak"}]},{"@type":"WebSite","@id":"https:\/\/haberkuzey.com\/#website","url":"https:\/\/haberkuzey.com\/","name":"Haber Kuzey","description":"Do\u011fru Haberin Adresi","potentialAction":[{"@type":"SearchAction","target":{"@type":"EntryPoint","urlTemplate":"https:\/\/haberkuzey.com\/?s={search_term_string}"},"query-input":{"@type":"PropertyValueSpecification","valueRequired":true,"valueName":"search_term_string"}}],"inLanguage":"tr"},{"@type":"Person","@id":"https:\/\/haberkuzey.com\/#\/schema\/person\/3372109ec735f9333f4fa47ebb9605ca","name":"haberkuzey","image":{"@type":"ImageObject","inLanguage":"tr","@id":"https:\/\/secure.gravatar.com\/avatar\/f5fc875574b1575324358c3b9e6a32b8227aa5b74f3fa22e3cadb63e26fcc39c?s=96&d=mm&r=g","url":"https:\/\/secure.gravatar.com\/avatar\/f5fc875574b1575324358c3b9e6a32b8227aa5b74f3fa22e3cadb63e26fcc39c?s=96&d=mm&r=g","contentUrl":"https:\/\/secure.gravatar.com\/avatar\/f5fc875574b1575324358c3b9e6a32b8227aa5b74f3fa22e3cadb63e26fcc39c?s=96&d=mm&r=g","caption":"haberkuzey"},"sameAs":["https:\/\/haberkuzey.com"],"url":"https:\/\/haberkuzey.com\/index.php\/author\/haberkuzey\/"}]}},"_links":{"self":[{"href":"https:\/\/haberkuzey.com\/index.php\/wp-json\/wp\/v2\/posts\/901","targetHints":{"allow":["GET"]}}],"collection":[{"href":"https:\/\/haberkuzey.com\/index.php\/wp-json\/wp\/v2\/posts"}],"about":[{"href":"https:\/\/haberkuzey.com\/index.php\/wp-json\/wp\/v2\/types\/post"}],"author":[{"embeddable":true,"href":"https:\/\/haberkuzey.com\/index.php\/wp-json\/wp\/v2\/users\/1"}],"replies":[{"embeddable":true,"href":"https:\/\/haberkuzey.com\/index.php\/wp-json\/wp\/v2\/comments?post=901"}],"version-history":[{"count":0,"href":"https:\/\/haberkuzey.com\/index.php\/wp-json\/wp\/v2\/posts\/901\/revisions"}],"wp:featuredmedia":[{"embeddable":true,"href":"https:\/\/haberkuzey.com\/index.php\/wp-json\/wp\/v2\/media\/902"}],"wp:attachment":[{"href":"https:\/\/haberkuzey.com\/index.php\/wp-json\/wp\/v2\/media?parent=901"}],"wp:term":[{"taxonomy":"category","embeddable":true,"href":"https:\/\/haberkuzey.com\/index.php\/wp-json\/wp\/v2\/categories?post=901"},{"taxonomy":"post_tag","embeddable":true,"href":"https:\/\/haberkuzey.com\/index.php\/wp-json\/wp\/v2\/tags?post=901"}],"curies":[{"name":"wp","href":"https:\/\/api.w.org\/{rel}","templated":true}]}}