{"id":897,"date":"2024-04-29T15:29:13","date_gmt":"2024-04-29T12:29:13","guid":{"rendered":"https:\/\/kuzeyinsesi.com\/index.php\/2024\/04\/29\/genclik-dairesinin-duzenlendigi-genc-enerji-video-icerik-yarismasinin-kazananlari-aciklandi\/"},"modified":"2024-04-29T15:29:13","modified_gmt":"2024-04-29T12:29:13","slug":"genclik-dairesinin-duzenlendigi-genc-enerji-video-icerik-yarismasinin-kazananlari-aciklandi","status":"publish","type":"post","link":"https:\/\/haberkuzey.com\/index.php\/2024\/04\/29\/genclik-dairesinin-duzenlendigi-genc-enerji-video-icerik-yarismasinin-kazananlari-aciklandi\/","title":{"rendered":"Gen\u00e7lik Dairesi\u2019nin d\u00fczenlendi\u011fi Gen\u00e7 Enerji Video \u0130\u00e7erik Yar\u0131\u015fmas\u0131\u2019n\u0131n kazananlar\u0131 a\u00e7\u0131kland\u0131"},"content":{"rendered":"<div>\n<div class=\"mariselle-image-container center\">\n                                            <\/div>\n<p>Ba\u015fbakan Yard\u0131mc\u0131l\u0131\u011f\u0131, Turizm, K\u00fclt\u00fcr, Gen\u00e7lik ve \u00c7evre Bakanl\u0131\u011f\u0131\u2019na ba\u011fl\u0131 Gen\u00e7lik Dairesi taraf\u0131ndan y\u00fcr\u00fct\u00fclen ve ikincisi \u201cYolculuk\u201d temas\u0131 ile ger\u00e7ekle\u015ftirilen \u201cGen\u00e7 Enerji Video \u0130\u00e7erik Yar\u0131\u015fmas\u0131\u201dn\u0131 kazananlar a\u00e7\u0131kland\u0131.<\/p>\n<p>Gen\u00e7lik Dairesinden yap\u0131lan a\u00e7\u0131klamaya g\u00f6re, \u201cGen\u00e7enerjiburada\u201d adl\u0131 Instagram sayfas\u0131nda y\u00fcr\u00fct\u00fclen ve 12 ile 35 ya\u015f aral\u0131\u011f\u0131ndaki gen\u00e7lerin kat\u0131l\u0131m\u0131yla iki kategoride ger\u00e7ekle\u015fen yar\u0131\u015fmada; 12- 18 ya\u015f kategorisinde Ali Aral Batmaz birinci olurken, 19-35 ya\u015f aral\u0131\u011f\u0131ndaki kategori birincisi ise Dila Dindar oldu.<\/p>\n<p>Ayr\u0131ca 2. Gen\u00e7 Enerji Bonus \u00f6d\u00fclleri kapsam\u0131nda ise en \u00e7ok izlenen video ile birinci bonus \u00f6d\u00fcl\u00fcn\u00fc kazanan yar\u0131\u015fmac\u0131 Mert Can Mavi olurken, kat\u0131l\u0131mc\u0131lardan en \u00e7ok oyu alan Dora Do\u011fa da ikinci bonus \u00f6d\u00fcl\u00fcn\u00fc kazanan yar\u0131\u015fmac\u0131 oldu.<\/p>\n<p>Yar\u0131\u015fmay\u0131 kazananlar, 2 May\u0131s Per\u015fembe g\u00fcn\u00fc d\u00fczenlenecek t\u00f6renle \u00f6d\u00fcllendirilecek.<\/p>\n<p>\u2013 Yar\u0131\u015fman\u0131n j\u00fcri \u00fcyeleri aras\u0131nda \u00f6nceki yar\u0131\u015fman\u0131n kazan\u0131n\u0131 gen\u00e7ler de yer ald\u0131<\/p>\n<p>Gen\u00e7lerin yeni medya ara\u00e7lar\u0131n\u0131 do\u011fru ve verimli kullanmalar\u0131n\u0131n te\u015fvik edildi\u011fi yar\u0131\u015fma, bu y\u0131l Merit Lefko\u015fa Hotel &amp; Casino, K\u0131rn\u0131 Pili\u00e7leri, Deniz Plaza, Alemda\u011f G\u0131da, \u00d6nder Al\u0131\u015fveri\u015f Merkezi, Or\u00e7un Kasap, Ada &amp; Deniz Emlak Ekspertiz ve Uysal K\u0131rtasiye sponsorlu\u011funda d\u00fczenlendi.<\/p>\n<p>Yar\u0131\u015fman\u0131n j\u00fcri \u00fcyeli\u011finde, Gen\u00e7lik Dairesi M\u00fcd\u00fcr\u00fc Hakan \u00d6zsayg\u0131n, Proje Koordinat\u00f6r\u00fc Dr. Fato\u015f Giritli, Prof. Dr. Ahmet G\u00fcneyli, Uzm. Psikolog Sevil Han\u00e7erli, Y\u00f6netmen Do\u00e7. Dr. Dervi\u015f Zaim, Akademisyen Prof. Dr. Senih \u00c7avu\u015fo\u011flu, ODT\u00dc \u00f6\u011fretim \u00fcyesi Seyhan \u00d6zmenek, ARUCAD \u00f6\u011fretim \u00fcyesi \u2060Yrd. Do\u00e7. Dr. \u00c7a\u011fda\u015f \u00d6\u011f\u00fc\u00e7 ve DA\u00dc \u00f6\u011fretim \u00fcyesi Yrd. Do\u00e7. Dr. Yetin Arslan yer ald\u0131. <\/p>\n<p>Ayr\u0131ca yar\u0131\u015fman\u0131n j\u00fcri \u00fcyeleri aras\u0131nda 1. yar\u0131\u015fmada 1.lik kazanan gen\u00e7ler de yer ald\u0131. 2. yar\u0131\u015fmada 1.lik \u00f6d\u00fcl\u00fc kazanan yar\u0131\u015fmac\u0131lar ise gelecek ay d\u00fczenlenecek yar\u0131\u015fmada j\u00fcri olarak yer alma hakk\u0131 kazand\u0131.<\/p>\n<p>\u2013 Kazananlar<\/p>\n<p>Yar\u0131\u015fma sonucunda 12- 18 ya\u015f kategorisinde Ali Aral Batmaz birinci, Ali Ege Kasap ikinci, Dora Do\u011fa ve Melisa Sultan Tokp\u0131nar da \u00fc\u00e7\u00fcnc\u00fcl\u00fc\u011f\u00fc payla\u015ft\u0131.<\/p>\n<p>19-35 ya\u015f kategorisinde ise Dila Dindar birinci, Eyl\u00fcl Karata\u015f ikinci, Talia \u00dclg\u00fcl\u00fc de \u00fc\u00e7\u00fcnc\u00fcl\u00fck kazand\u0131.<\/p>\n<p>2. Gen\u00e7 Enerji Bonus \u00f6d\u00fclleri kapsam\u0131nda ise en \u00e7ok izlenen video ile birinci bonus (yemek) \u00f6d\u00fcl\u00fcn\u00fc Mert Can Mavi, kat\u0131l\u0131mc\u0131lardan en \u00e7ok oyu alan Dora Do\u011fa da ikinci bonus \u00f6d\u00fcl\u00fcn\u00fc kazand\u0131.<\/p>\n<p>Yar\u0131\u015fmay\u0131 kazanan birincilere 20\u2019\u015fer bin TL, ikincilere 10\u2019ar bin TL, \u00fc\u00e7\u00fcnc\u00fclere de 5\u2019er bin TL para \u00f6d\u00fcl\u00fc verilecek. <\/p>\n<p>Yar\u0131\u015fman\u0131n t\u00fcm kat\u0131l\u0131mc\u0131lar\u0131na ise kat\u0131l\u0131m belgesi takdim edilecek. <\/p>\n<p>Gen\u00e7 Enerji Video \u0130\u00e7erik Yar\u0131\u015fmas\u0131\u2019n\u0131 kazananlara, 2 May\u0131s Per\u015fembe g\u00fcn\u00fc saat 18.30\u2019da KTAMS 50. Y\u0131l Konferans Salonu\u2019nda d\u00fczenlenecek t\u00f6renle \u00f6d\u00fclleri verilecek.<\/p>\n<\/p><\/div>\n<p><script async\n                    defer\n                    crossorigin=\"anonymous\"\n                    src=\"https:\/\/connect.facebook.net\/tr_TR\/sdk.js#xfbml=1&#038;version=v3.3\"\n            ><\/script><\/p>\n","protected":false},"excerpt":{"rendered":"<p>Ba\u015fbakan Yard\u0131mc\u0131l\u0131\u011f\u0131, Turizm, K\u00fclt\u00fcr, Gen\u00e7lik ve \u00c7evre Bakanl\u0131\u011f\u0131\u2019na ba\u011fl\u0131 Gen\u00e7lik Dairesi taraf\u0131ndan y\u00fcr\u00fct\u00fclen ve ikincisi \u201cYolculuk\u201d temas\u0131 ile ger\u00e7ekle\u015ftirilen \u201cGen\u00e7 Enerji Video \u0130\u00e7erik Yar\u0131\u015fmas\u0131\u201dn\u0131 kazananlar a\u00e7\u0131kland\u0131. Gen\u00e7lik Dairesinden yap\u0131lan a\u00e7\u0131klamaya g\u00f6re, \u201cGen\u00e7enerjiburada\u201d adl\u0131 Instagram sayfas\u0131nda y\u00fcr\u00fct\u00fclen ve 12 ile 35 ya\u015f aral\u0131\u011f\u0131ndaki gen\u00e7lerin kat\u0131l\u0131m\u0131yla iki kategoride ger\u00e7ekle\u015fen yar\u0131\u015fmada; 12- 18 ya\u015f kategorisinde Ali Aral Batmaz [&hellip;]<\/p>\n","protected":false},"author":1,"featured_media":898,"comment_status":"open","ping_status":"open","sticky":false,"template":"","format":"standard","meta":{"jnews-multi-image_gallery":[],"jnews_single_post":[],"jnews_primary_category":[],"footnotes":""},"categories":[1],"tags":[],"class_list":["post-897","post","type-post","status-publish","format-standard","has-post-thumbnail","hentry","category-kibris"],"yoast_head":"<!-- This site is optimized with the Yoast SEO plugin v27.5 - https:\/\/yoast.com\/product\/yoast-seo-wordpress\/ -->\n<title>Gen\u00e7lik Dairesi\u2019nin d\u00fczenlendi\u011fi Gen\u00e7 Enerji Video \u0130\u00e7erik Yar\u0131\u015fmas\u0131\u2019n\u0131n kazananlar\u0131 a\u00e7\u0131kland\u0131 - Haber Kuzey<\/title>\n<meta name=\"robots\" content=\"index, follow, max-snippet:-1, max-image-preview:large, max-video-preview:-1\" \/>\n<link rel=\"canonical\" href=\"https:\/\/haberkuzey.com\/index.php\/2024\/04\/29\/genclik-dairesinin-duzenlendigi-genc-enerji-video-icerik-yarismasinin-kazananlari-aciklandi\/\" \/>\n<meta property=\"og:locale\" content=\"tr_TR\" \/>\n<meta property=\"og:type\" content=\"article\" \/>\n<meta property=\"og:title\" content=\"Gen\u00e7lik Dairesi\u2019nin d\u00fczenlendi\u011fi Gen\u00e7 Enerji Video \u0130\u00e7erik Yar\u0131\u015fmas\u0131\u2019n\u0131n kazananlar\u0131 a\u00e7\u0131kland\u0131 - Haber Kuzey\" \/>\n<meta property=\"og:description\" content=\"Ba\u015fbakan Yard\u0131mc\u0131l\u0131\u011f\u0131, Turizm, K\u00fclt\u00fcr, Gen\u00e7lik ve \u00c7evre Bakanl\u0131\u011f\u0131\u2019na ba\u011fl\u0131 Gen\u00e7lik Dairesi taraf\u0131ndan y\u00fcr\u00fct\u00fclen ve ikincisi \u201cYolculuk\u201d temas\u0131 ile ger\u00e7ekle\u015ftirilen \u201cGen\u00e7 Enerji Video \u0130\u00e7erik Yar\u0131\u015fmas\u0131\u201dn\u0131 kazananlar a\u00e7\u0131kland\u0131. Gen\u00e7lik Dairesinden yap\u0131lan a\u00e7\u0131klamaya g\u00f6re, \u201cGen\u00e7enerjiburada\u201d adl\u0131 Instagram sayfas\u0131nda y\u00fcr\u00fct\u00fclen ve 12 ile 35 ya\u015f aral\u0131\u011f\u0131ndaki gen\u00e7lerin kat\u0131l\u0131m\u0131yla iki kategoride ger\u00e7ekle\u015fen yar\u0131\u015fmada; 12- 18 ya\u015f kategorisinde Ali Aral Batmaz [&hellip;]\" \/>\n<meta property=\"og:url\" content=\"https:\/\/haberkuzey.com\/index.php\/2024\/04\/29\/genclik-dairesinin-duzenlendigi-genc-enerji-video-icerik-yarismasinin-kazananlari-aciklandi\/\" \/>\n<meta property=\"og:site_name\" content=\"Haber Kuzey\" \/>\n<meta property=\"article:published_time\" content=\"2024-04-29T12:29:13+00:00\" \/>\n<meta property=\"og:image\" content=\"https:\/\/haberkuzey.com\/wp-content\/uploads\/2024\/04\/genclik-dairesi-yarisma-2-.jpeg\" \/>\n\t<meta property=\"og:image:width\" content=\"1080\" \/>\n\t<meta property=\"og:image:height\" content=\"1080\" \/>\n\t<meta property=\"og:image:type\" content=\"image\/jpeg\" \/>\n<meta name=\"author\" content=\"haberkuzey\" \/>\n<meta name=\"twitter:card\" content=\"summary_large_image\" \/>\n<meta name=\"twitter:label1\" content=\"Yazan:\" \/>\n\t<meta name=\"twitter:data1\" content=\"haberkuzey\" \/>\n\t<meta name=\"twitter:label2\" content=\"Tahmini okuma s\u00fcresi\" \/>\n\t<meta name=\"twitter:data2\" content=\"3 dakika\" \/>\n<script type=\"application\/ld+json\" class=\"yoast-schema-graph\">{\"@context\":\"https:\\\/\\\/schema.org\",\"@graph\":[{\"@type\":\"Article\",\"@id\":\"https:\\\/\\\/haberkuzey.com\\\/index.php\\\/2024\\\/04\\\/29\\\/genclik-dairesinin-duzenlendigi-genc-enerji-video-icerik-yarismasinin-kazananlari-aciklandi\\\/#article\",\"isPartOf\":{\"@id\":\"https:\\\/\\\/haberkuzey.com\\\/index.php\\\/2024\\\/04\\\/29\\\/genclik-dairesinin-duzenlendigi-genc-enerji-video-icerik-yarismasinin-kazananlari-aciklandi\\\/\"},\"author\":{\"name\":\"haberkuzey\",\"@id\":\"https:\\\/\\\/haberkuzey.com\\\/#\\\/schema\\\/person\\\/3372109ec735f9333f4fa47ebb9605ca\"},\"headline\":\"Gen\u00e7lik Dairesi\u2019nin d\u00fczenlendi\u011fi Gen\u00e7 Enerji Video \u0130\u00e7erik Yar\u0131\u015fmas\u0131\u2019n\u0131n kazananlar\u0131 a\u00e7\u0131kland\u0131\",\"datePublished\":\"2024-04-29T12:29:13+00:00\",\"mainEntityOfPage\":{\"@id\":\"https:\\\/\\\/haberkuzey.com\\\/index.php\\\/2024\\\/04\\\/29\\\/genclik-dairesinin-duzenlendigi-genc-enerji-video-icerik-yarismasinin-kazananlari-aciklandi\\\/\"},\"wordCount\":522,\"commentCount\":0,\"image\":{\"@id\":\"https:\\\/\\\/haberkuzey.com\\\/index.php\\\/2024\\\/04\\\/29\\\/genclik-dairesinin-duzenlendigi-genc-enerji-video-icerik-yarismasinin-kazananlari-aciklandi\\\/#primaryimage\"},\"thumbnailUrl\":\"https:\\\/\\\/haberkuzey.com\\\/wp-content\\\/uploads\\\/2024\\\/04\\\/genclik-dairesi-yarisma-2-.jpeg\",\"articleSection\":[\"K\u0131br\u0131s\"],\"inLanguage\":\"tr\",\"potentialAction\":[{\"@type\":\"CommentAction\",\"name\":\"Comment\",\"target\":[\"https:\\\/\\\/haberkuzey.com\\\/index.php\\\/2024\\\/04\\\/29\\\/genclik-dairesinin-duzenlendigi-genc-enerji-video-icerik-yarismasinin-kazananlari-aciklandi\\\/#respond\"]}]},{\"@type\":\"WebPage\",\"@id\":\"https:\\\/\\\/haberkuzey.com\\\/index.php\\\/2024\\\/04\\\/29\\\/genclik-dairesinin-duzenlendigi-genc-enerji-video-icerik-yarismasinin-kazananlari-aciklandi\\\/\",\"url\":\"https:\\\/\\\/haberkuzey.com\\\/index.php\\\/2024\\\/04\\\/29\\\/genclik-dairesinin-duzenlendigi-genc-enerji-video-icerik-yarismasinin-kazananlari-aciklandi\\\/\",\"name\":\"Gen\u00e7lik Dairesi\u2019nin d\u00fczenlendi\u011fi Gen\u00e7 Enerji Video \u0130\u00e7erik Yar\u0131\u015fmas\u0131\u2019n\u0131n kazananlar\u0131 a\u00e7\u0131kland\u0131 - Haber Kuzey\",\"isPartOf\":{\"@id\":\"https:\\\/\\\/haberkuzey.com\\\/#website\"},\"primaryImageOfPage\":{\"@id\":\"https:\\\/\\\/haberkuzey.com\\\/index.php\\\/2024\\\/04\\\/29\\\/genclik-dairesinin-duzenlendigi-genc-enerji-video-icerik-yarismasinin-kazananlari-aciklandi\\\/#primaryimage\"},\"image\":{\"@id\":\"https:\\\/\\\/haberkuzey.com\\\/index.php\\\/2024\\\/04\\\/29\\\/genclik-dairesinin-duzenlendigi-genc-enerji-video-icerik-yarismasinin-kazananlari-aciklandi\\\/#primaryimage\"},\"thumbnailUrl\":\"https:\\\/\\\/haberkuzey.com\\\/wp-content\\\/uploads\\\/2024\\\/04\\\/genclik-dairesi-yarisma-2-.jpeg\",\"datePublished\":\"2024-04-29T12:29:13+00:00\",\"author\":{\"@id\":\"https:\\\/\\\/haberkuzey.com\\\/#\\\/schema\\\/person\\\/3372109ec735f9333f4fa47ebb9605ca\"},\"breadcrumb\":{\"@id\":\"https:\\\/\\\/haberkuzey.com\\\/index.php\\\/2024\\\/04\\\/29\\\/genclik-dairesinin-duzenlendigi-genc-enerji-video-icerik-yarismasinin-kazananlari-aciklandi\\\/#breadcrumb\"},\"inLanguage\":\"tr\",\"potentialAction\":[{\"@type\":\"ReadAction\",\"target\":[\"https:\\\/\\\/haberkuzey.com\\\/index.php\\\/2024\\\/04\\\/29\\\/genclik-dairesinin-duzenlendigi-genc-enerji-video-icerik-yarismasinin-kazananlari-aciklandi\\\/\"]}]},{\"@type\":\"ImageObject\",\"inLanguage\":\"tr\",\"@id\":\"https:\\\/\\\/haberkuzey.com\\\/index.php\\\/2024\\\/04\\\/29\\\/genclik-dairesinin-duzenlendigi-genc-enerji-video-icerik-yarismasinin-kazananlari-aciklandi\\\/#primaryimage\",\"url\":\"https:\\\/\\\/haberkuzey.com\\\/wp-content\\\/uploads\\\/2024\\\/04\\\/genclik-dairesi-yarisma-2-.jpeg\",\"contentUrl\":\"https:\\\/\\\/haberkuzey.com\\\/wp-content\\\/uploads\\\/2024\\\/04\\\/genclik-dairesi-yarisma-2-.jpeg\",\"width\":1080,\"height\":1080},{\"@type\":\"BreadcrumbList\",\"@id\":\"https:\\\/\\\/haberkuzey.com\\\/index.php\\\/2024\\\/04\\\/29\\\/genclik-dairesinin-duzenlendigi-genc-enerji-video-icerik-yarismasinin-kazananlari-aciklandi\\\/#breadcrumb\",\"itemListElement\":[{\"@type\":\"ListItem\",\"position\":1,\"name\":\"Anasayfa\",\"item\":\"https:\\\/\\\/haberkuzey.com\\\/\"},{\"@type\":\"ListItem\",\"position\":2,\"name\":\"Gen\u00e7lik Dairesi\u2019nin d\u00fczenlendi\u011fi Gen\u00e7 Enerji Video \u0130\u00e7erik Yar\u0131\u015fmas\u0131\u2019n\u0131n kazananlar\u0131 a\u00e7\u0131kland\u0131\"}]},{\"@type\":\"WebSite\",\"@id\":\"https:\\\/\\\/haberkuzey.com\\\/#website\",\"url\":\"https:\\\/\\\/haberkuzey.com\\\/\",\"name\":\"Haber Kuzey\",\"description\":\"Do\u011fru Haberin Adresi\",\"potentialAction\":[{\"@type\":\"SearchAction\",\"target\":{\"@type\":\"EntryPoint\",\"urlTemplate\":\"https:\\\/\\\/haberkuzey.com\\\/?s={search_term_string}\"},\"query-input\":{\"@type\":\"PropertyValueSpecification\",\"valueRequired\":true,\"valueName\":\"search_term_string\"}}],\"inLanguage\":\"tr\"},{\"@type\":\"Person\",\"@id\":\"https:\\\/\\\/haberkuzey.com\\\/#\\\/schema\\\/person\\\/3372109ec735f9333f4fa47ebb9605ca\",\"name\":\"haberkuzey\",\"image\":{\"@type\":\"ImageObject\",\"inLanguage\":\"tr\",\"@id\":\"https:\\\/\\\/secure.gravatar.com\\\/avatar\\\/f5fc875574b1575324358c3b9e6a32b8227aa5b74f3fa22e3cadb63e26fcc39c?s=96&d=mm&r=g\",\"url\":\"https:\\\/\\\/secure.gravatar.com\\\/avatar\\\/f5fc875574b1575324358c3b9e6a32b8227aa5b74f3fa22e3cadb63e26fcc39c?s=96&d=mm&r=g\",\"contentUrl\":\"https:\\\/\\\/secure.gravatar.com\\\/avatar\\\/f5fc875574b1575324358c3b9e6a32b8227aa5b74f3fa22e3cadb63e26fcc39c?s=96&d=mm&r=g\",\"caption\":\"haberkuzey\"},\"sameAs\":[\"https:\\\/\\\/haberkuzey.com\"],\"url\":\"https:\\\/\\\/haberkuzey.com\\\/index.php\\\/author\\\/haberkuzey\\\/\"}]}<\/script>\n<!-- \/ Yoast SEO plugin. -->","yoast_head_json":{"title":"Gen\u00e7lik Dairesi\u2019nin d\u00fczenlendi\u011fi Gen\u00e7 Enerji Video \u0130\u00e7erik Yar\u0131\u015fmas\u0131\u2019n\u0131n kazananlar\u0131 a\u00e7\u0131kland\u0131 - Haber Kuzey","robots":{"index":"index","follow":"follow","max-snippet":"max-snippet:-1","max-image-preview":"max-image-preview:large","max-video-preview":"max-video-preview:-1"},"canonical":"https:\/\/haberkuzey.com\/index.php\/2024\/04\/29\/genclik-dairesinin-duzenlendigi-genc-enerji-video-icerik-yarismasinin-kazananlari-aciklandi\/","og_locale":"tr_TR","og_type":"article","og_title":"Gen\u00e7lik Dairesi\u2019nin d\u00fczenlendi\u011fi Gen\u00e7 Enerji Video \u0130\u00e7erik Yar\u0131\u015fmas\u0131\u2019n\u0131n kazananlar\u0131 a\u00e7\u0131kland\u0131 - Haber Kuzey","og_description":"Ba\u015fbakan Yard\u0131mc\u0131l\u0131\u011f\u0131, Turizm, K\u00fclt\u00fcr, Gen\u00e7lik ve \u00c7evre Bakanl\u0131\u011f\u0131\u2019na ba\u011fl\u0131 Gen\u00e7lik Dairesi taraf\u0131ndan y\u00fcr\u00fct\u00fclen ve ikincisi \u201cYolculuk\u201d temas\u0131 ile ger\u00e7ekle\u015ftirilen \u201cGen\u00e7 Enerji Video \u0130\u00e7erik Yar\u0131\u015fmas\u0131\u201dn\u0131 kazananlar a\u00e7\u0131kland\u0131. Gen\u00e7lik Dairesinden yap\u0131lan a\u00e7\u0131klamaya g\u00f6re, \u201cGen\u00e7enerjiburada\u201d adl\u0131 Instagram sayfas\u0131nda y\u00fcr\u00fct\u00fclen ve 12 ile 35 ya\u015f aral\u0131\u011f\u0131ndaki gen\u00e7lerin kat\u0131l\u0131m\u0131yla iki kategoride ger\u00e7ekle\u015fen yar\u0131\u015fmada; 12- 18 ya\u015f kategorisinde Ali Aral Batmaz [&hellip;]","og_url":"https:\/\/haberkuzey.com\/index.php\/2024\/04\/29\/genclik-dairesinin-duzenlendigi-genc-enerji-video-icerik-yarismasinin-kazananlari-aciklandi\/","og_site_name":"Haber Kuzey","article_published_time":"2024-04-29T12:29:13+00:00","og_image":[{"width":1080,"height":1080,"url":"https:\/\/haberkuzey.com\/wp-content\/uploads\/2024\/04\/genclik-dairesi-yarisma-2-.jpeg","type":"image\/jpeg"}],"author":"haberkuzey","twitter_card":"summary_large_image","twitter_misc":{"Yazan:":"haberkuzey","Tahmini okuma s\u00fcresi":"3 dakika"},"schema":{"@context":"https:\/\/schema.org","@graph":[{"@type":"Article","@id":"https:\/\/haberkuzey.com\/index.php\/2024\/04\/29\/genclik-dairesinin-duzenlendigi-genc-enerji-video-icerik-yarismasinin-kazananlari-aciklandi\/#article","isPartOf":{"@id":"https:\/\/haberkuzey.com\/index.php\/2024\/04\/29\/genclik-dairesinin-duzenlendigi-genc-enerji-video-icerik-yarismasinin-kazananlari-aciklandi\/"},"author":{"name":"haberkuzey","@id":"https:\/\/haberkuzey.com\/#\/schema\/person\/3372109ec735f9333f4fa47ebb9605ca"},"headline":"Gen\u00e7lik Dairesi\u2019nin d\u00fczenlendi\u011fi Gen\u00e7 Enerji Video \u0130\u00e7erik Yar\u0131\u015fmas\u0131\u2019n\u0131n kazananlar\u0131 a\u00e7\u0131kland\u0131","datePublished":"2024-04-29T12:29:13+00:00","mainEntityOfPage":{"@id":"https:\/\/haberkuzey.com\/index.php\/2024\/04\/29\/genclik-dairesinin-duzenlendigi-genc-enerji-video-icerik-yarismasinin-kazananlari-aciklandi\/"},"wordCount":522,"commentCount":0,"image":{"@id":"https:\/\/haberkuzey.com\/index.php\/2024\/04\/29\/genclik-dairesinin-duzenlendigi-genc-enerji-video-icerik-yarismasinin-kazananlari-aciklandi\/#primaryimage"},"thumbnailUrl":"https:\/\/haberkuzey.com\/wp-content\/uploads\/2024\/04\/genclik-dairesi-yarisma-2-.jpeg","articleSection":["K\u0131br\u0131s"],"inLanguage":"tr","potentialAction":[{"@type":"CommentAction","name":"Comment","target":["https:\/\/haberkuzey.com\/index.php\/2024\/04\/29\/genclik-dairesinin-duzenlendigi-genc-enerji-video-icerik-yarismasinin-kazananlari-aciklandi\/#respond"]}]},{"@type":"WebPage","@id":"https:\/\/haberkuzey.com\/index.php\/2024\/04\/29\/genclik-dairesinin-duzenlendigi-genc-enerji-video-icerik-yarismasinin-kazananlari-aciklandi\/","url":"https:\/\/haberkuzey.com\/index.php\/2024\/04\/29\/genclik-dairesinin-duzenlendigi-genc-enerji-video-icerik-yarismasinin-kazananlari-aciklandi\/","name":"Gen\u00e7lik Dairesi\u2019nin d\u00fczenlendi\u011fi Gen\u00e7 Enerji Video \u0130\u00e7erik Yar\u0131\u015fmas\u0131\u2019n\u0131n kazananlar\u0131 a\u00e7\u0131kland\u0131 - Haber Kuzey","isPartOf":{"@id":"https:\/\/haberkuzey.com\/#website"},"primaryImageOfPage":{"@id":"https:\/\/haberkuzey.com\/index.php\/2024\/04\/29\/genclik-dairesinin-duzenlendigi-genc-enerji-video-icerik-yarismasinin-kazananlari-aciklandi\/#primaryimage"},"image":{"@id":"https:\/\/haberkuzey.com\/index.php\/2024\/04\/29\/genclik-dairesinin-duzenlendigi-genc-enerji-video-icerik-yarismasinin-kazananlari-aciklandi\/#primaryimage"},"thumbnailUrl":"https:\/\/haberkuzey.com\/wp-content\/uploads\/2024\/04\/genclik-dairesi-yarisma-2-.jpeg","datePublished":"2024-04-29T12:29:13+00:00","author":{"@id":"https:\/\/haberkuzey.com\/#\/schema\/person\/3372109ec735f9333f4fa47ebb9605ca"},"breadcrumb":{"@id":"https:\/\/haberkuzey.com\/index.php\/2024\/04\/29\/genclik-dairesinin-duzenlendigi-genc-enerji-video-icerik-yarismasinin-kazananlari-aciklandi\/#breadcrumb"},"inLanguage":"tr","potentialAction":[{"@type":"ReadAction","target":["https:\/\/haberkuzey.com\/index.php\/2024\/04\/29\/genclik-dairesinin-duzenlendigi-genc-enerji-video-icerik-yarismasinin-kazananlari-aciklandi\/"]}]},{"@type":"ImageObject","inLanguage":"tr","@id":"https:\/\/haberkuzey.com\/index.php\/2024\/04\/29\/genclik-dairesinin-duzenlendigi-genc-enerji-video-icerik-yarismasinin-kazananlari-aciklandi\/#primaryimage","url":"https:\/\/haberkuzey.com\/wp-content\/uploads\/2024\/04\/genclik-dairesi-yarisma-2-.jpeg","contentUrl":"https:\/\/haberkuzey.com\/wp-content\/uploads\/2024\/04\/genclik-dairesi-yarisma-2-.jpeg","width":1080,"height":1080},{"@type":"BreadcrumbList","@id":"https:\/\/haberkuzey.com\/index.php\/2024\/04\/29\/genclik-dairesinin-duzenlendigi-genc-enerji-video-icerik-yarismasinin-kazananlari-aciklandi\/#breadcrumb","itemListElement":[{"@type":"ListItem","position":1,"name":"Anasayfa","item":"https:\/\/haberkuzey.com\/"},{"@type":"ListItem","position":2,"name":"Gen\u00e7lik Dairesi\u2019nin d\u00fczenlendi\u011fi Gen\u00e7 Enerji Video \u0130\u00e7erik Yar\u0131\u015fmas\u0131\u2019n\u0131n kazananlar\u0131 a\u00e7\u0131kland\u0131"}]},{"@type":"WebSite","@id":"https:\/\/haberkuzey.com\/#website","url":"https:\/\/haberkuzey.com\/","name":"Haber Kuzey","description":"Do\u011fru Haberin Adresi","potentialAction":[{"@type":"SearchAction","target":{"@type":"EntryPoint","urlTemplate":"https:\/\/haberkuzey.com\/?s={search_term_string}"},"query-input":{"@type":"PropertyValueSpecification","valueRequired":true,"valueName":"search_term_string"}}],"inLanguage":"tr"},{"@type":"Person","@id":"https:\/\/haberkuzey.com\/#\/schema\/person\/3372109ec735f9333f4fa47ebb9605ca","name":"haberkuzey","image":{"@type":"ImageObject","inLanguage":"tr","@id":"https:\/\/secure.gravatar.com\/avatar\/f5fc875574b1575324358c3b9e6a32b8227aa5b74f3fa22e3cadb63e26fcc39c?s=96&d=mm&r=g","url":"https:\/\/secure.gravatar.com\/avatar\/f5fc875574b1575324358c3b9e6a32b8227aa5b74f3fa22e3cadb63e26fcc39c?s=96&d=mm&r=g","contentUrl":"https:\/\/secure.gravatar.com\/avatar\/f5fc875574b1575324358c3b9e6a32b8227aa5b74f3fa22e3cadb63e26fcc39c?s=96&d=mm&r=g","caption":"haberkuzey"},"sameAs":["https:\/\/haberkuzey.com"],"url":"https:\/\/haberkuzey.com\/index.php\/author\/haberkuzey\/"}]}},"_links":{"self":[{"href":"https:\/\/haberkuzey.com\/index.php\/wp-json\/wp\/v2\/posts\/897","targetHints":{"allow":["GET"]}}],"collection":[{"href":"https:\/\/haberkuzey.com\/index.php\/wp-json\/wp\/v2\/posts"}],"about":[{"href":"https:\/\/haberkuzey.com\/index.php\/wp-json\/wp\/v2\/types\/post"}],"author":[{"embeddable":true,"href":"https:\/\/haberkuzey.com\/index.php\/wp-json\/wp\/v2\/users\/1"}],"replies":[{"embeddable":true,"href":"https:\/\/haberkuzey.com\/index.php\/wp-json\/wp\/v2\/comments?post=897"}],"version-history":[{"count":0,"href":"https:\/\/haberkuzey.com\/index.php\/wp-json\/wp\/v2\/posts\/897\/revisions"}],"wp:featuredmedia":[{"embeddable":true,"href":"https:\/\/haberkuzey.com\/index.php\/wp-json\/wp\/v2\/media\/898"}],"wp:attachment":[{"href":"https:\/\/haberkuzey.com\/index.php\/wp-json\/wp\/v2\/media?parent=897"}],"wp:term":[{"taxonomy":"category","embeddable":true,"href":"https:\/\/haberkuzey.com\/index.php\/wp-json\/wp\/v2\/categories?post=897"},{"taxonomy":"post_tag","embeddable":true,"href":"https:\/\/haberkuzey.com\/index.php\/wp-json\/wp\/v2\/tags?post=897"}],"curies":[{"name":"wp","href":"https:\/\/api.w.org\/{rel}","templated":true}]}}