{"id":7904,"date":"2024-08-17T11:27:29","date_gmt":"2024-08-17T08:27:29","guid":{"rendered":"https:\/\/haberkuzey.com\/index.php\/2024\/08\/17\/tbmm-genel-kurulunda-chpnin-genel-gorusme-acilmasi-onergesi-kabul-edilmedi\/"},"modified":"2024-08-17T11:27:29","modified_gmt":"2024-08-17T08:27:29","slug":"tbmm-genel-kurulunda-chpnin-genel-gorusme-acilmasi-onergesi-kabul-edilmedi","status":"publish","type":"post","link":"https:\/\/haberkuzey.com\/index.php\/2024\/08\/17\/tbmm-genel-kurulunda-chpnin-genel-gorusme-acilmasi-onergesi-kabul-edilmedi\/","title":{"rendered":"TBMM Genel Kurulunda, CHP\u2019nin \u201cgenel g\u00f6r\u00fc\u015fme a\u00e7\u0131lmas\u0131\u201d \u00f6nergesi kabul edilmedi"},"content":{"rendered":"<div>\n<div class=\"mariselle-image-container center\">\n                                            <\/div>\n<p>\nTBMM Genel Kurulunda, CHP\u2019nin \u201cAnayasa Mahkemesinin Can Atalay\u2019\u0131n milletvekilli\u011finin d\u00fc\u015fmesi i\u015flemi ile ilgili verdi\u011fi karara ili\u015fin genel g\u00f6r\u00fc\u015fme yap\u0131lmas\u0131\u201d \u00f6nergesi kabul edilmedi.<\/p>\n<p>Ola\u011fan\u00fcst\u00fc toplanan TBMM Genel Kurulunda, CHP\u2019nin \u201cAnayasa Mahkemesinin Can Atalay\u2019\u0131n milletvekilli\u011finin d\u00fc\u015fmesi i\u015flemi ile ilgili verdi\u011fi karara ili\u015fkin genel g\u00f6r\u00fc\u015fme yap\u0131lmas\u0131\u201d \u00f6nergesinin \u00f6n g\u00f6r\u00fc\u015fmeleri tamamland\u0131.<\/p>\n<p>Siyasi parti gruplar\u0131n\u0131n ve \u00f6nergenin ilk imza sahiplerinin konu\u015fmalar\u0131n\u0131n ard\u0131ndan, genel g\u00f6r\u00fc\u015fme a\u00e7\u0131l\u0131p a\u00e7\u0131lmamas\u0131, Genel Kurulun oyuna sunuldu. Yap\u0131lan elektronik oylama sonucunda, \u00f6nerge kabul edilmedi.<\/p>\n<p>Ola\u011fan\u00fcst\u00fc toplant\u0131 g\u00fcndeminin tamamlanmas\u0131 sonras\u0131nda CHP\u2019nin, TBMM\u2019nin \u00e7al\u0131\u015fmalar\u0131na devam etmesine ili\u015fkin \u00f6nergesi oylamaya sunuldu. Bu \u00f6nerge de kabul edilmedi.<\/p>\n<p>\u00d6nergelerin kabul edilmemesinin ard\u0131ndan TBMM Ba\u015fkan\u0131 Numan Kurtulmu\u015f, birle\u015fimi 1 Ekim Sal\u0131 g\u00fcn\u00fc saat 15.00\u2019te toplanmak \u00fczere kapatt\u0131.<\/p>\n<\/p><\/div>\n<p><script async\n                    defer\n                    crossorigin=\"anonymous\"\n                    src=\"https:\/\/connect.facebook.net\/tr_TR\/sdk.js#xfbml=1&#038;version=v3.3\"\n            ><\/script><\/p>\n","protected":false},"excerpt":{"rendered":"<p>TBMM Genel Kurulunda, CHP\u2019nin \u201cAnayasa Mahkemesinin Can Atalay\u2019\u0131n milletvekilli\u011finin d\u00fc\u015fmesi i\u015flemi ile ilgili verdi\u011fi karara ili\u015fin genel g\u00f6r\u00fc\u015fme yap\u0131lmas\u0131\u201d \u00f6nergesi kabul edilmedi. Ola\u011fan\u00fcst\u00fc toplanan TBMM Genel Kurulunda, CHP\u2019nin \u201cAnayasa Mahkemesinin Can Atalay\u2019\u0131n milletvekilli\u011finin d\u00fc\u015fmesi i\u015flemi ile ilgili verdi\u011fi karara ili\u015fkin genel g\u00f6r\u00fc\u015fme yap\u0131lmas\u0131\u201d \u00f6nergesinin \u00f6n g\u00f6r\u00fc\u015fmeleri tamamland\u0131. Siyasi parti gruplar\u0131n\u0131n ve \u00f6nergenin ilk imza sahiplerinin [&hellip;]<\/p>\n","protected":false},"author":1,"featured_media":7905,"comment_status":"open","ping_status":"open","sticky":false,"template":"","format":"standard","meta":{"jnews-multi-image_gallery":[],"jnews_single_post":[],"jnews_primary_category":[],"footnotes":""},"categories":[2],"tags":[],"class_list":["post-7904","post","type-post","status-publish","format-standard","has-post-thumbnail","hentry","category-dunya"],"yoast_head":"<!-- This site is optimized with the Yoast SEO plugin v27.4 - https:\/\/yoast.com\/product\/yoast-seo-wordpress\/ -->\n<title>TBMM Genel Kurulunda, CHP\u2019nin \u201cgenel g\u00f6r\u00fc\u015fme a\u00e7\u0131lmas\u0131\u201d \u00f6nergesi kabul edilmedi - Haber Kuzey<\/title>\n<meta name=\"robots\" content=\"index, follow, max-snippet:-1, max-image-preview:large, max-video-preview:-1\" \/>\n<link rel=\"canonical\" href=\"https:\/\/haberkuzey.com\/index.php\/2024\/08\/17\/tbmm-genel-kurulunda-chpnin-genel-gorusme-acilmasi-onergesi-kabul-edilmedi\/\" \/>\n<meta property=\"og:locale\" content=\"tr_TR\" \/>\n<meta property=\"og:type\" content=\"article\" \/>\n<meta property=\"og:title\" content=\"TBMM Genel Kurulunda, CHP\u2019nin \u201cgenel g\u00f6r\u00fc\u015fme a\u00e7\u0131lmas\u0131\u201d \u00f6nergesi kabul edilmedi - Haber Kuzey\" \/>\n<meta property=\"og:description\" content=\"TBMM Genel Kurulunda, CHP\u2019nin \u201cAnayasa Mahkemesinin Can Atalay\u2019\u0131n milletvekilli\u011finin d\u00fc\u015fmesi i\u015flemi ile ilgili verdi\u011fi karara ili\u015fin genel g\u00f6r\u00fc\u015fme yap\u0131lmas\u0131\u201d \u00f6nergesi kabul edilmedi. Ola\u011fan\u00fcst\u00fc toplanan TBMM Genel Kurulunda, CHP\u2019nin \u201cAnayasa Mahkemesinin Can Atalay\u2019\u0131n milletvekilli\u011finin d\u00fc\u015fmesi i\u015flemi ile ilgili verdi\u011fi karara ili\u015fkin genel g\u00f6r\u00fc\u015fme yap\u0131lmas\u0131\u201d \u00f6nergesinin \u00f6n g\u00f6r\u00fc\u015fmeleri tamamland\u0131. Siyasi parti gruplar\u0131n\u0131n ve \u00f6nergenin ilk imza sahiplerinin [&hellip;]\" \/>\n<meta property=\"og:url\" content=\"https:\/\/haberkuzey.com\/index.php\/2024\/08\/17\/tbmm-genel-kurulunda-chpnin-genel-gorusme-acilmasi-onergesi-kabul-edilmedi\/\" \/>\n<meta property=\"og:site_name\" content=\"Haber Kuzey\" \/>\n<meta property=\"article:published_time\" content=\"2024-08-17T08:27:29+00:00\" \/>\n<meta property=\"og:image\" content=\"https:\/\/brtk.net\/wp-content\/uploads\/2024\/08\/17\/tbmm14.jpg?ver=ad50f1d110c97ed99b993d886d021a90\" \/>\n<meta name=\"author\" content=\"haberkuzey\" \/>\n<meta name=\"twitter:card\" content=\"summary_large_image\" \/>\n<meta name=\"twitter:label1\" content=\"Yazan:\" \/>\n\t<meta name=\"twitter:data1\" content=\"haberkuzey\" \/>\n\t<meta name=\"twitter:label2\" content=\"Tahmini okuma s\u00fcresi\" \/>\n\t<meta name=\"twitter:data2\" content=\"1 dakika\" \/>\n<script type=\"application\/ld+json\" class=\"yoast-schema-graph\">{\"@context\":\"https:\\\/\\\/schema.org\",\"@graph\":[{\"@type\":\"Article\",\"@id\":\"https:\\\/\\\/haberkuzey.com\\\/index.php\\\/2024\\\/08\\\/17\\\/tbmm-genel-kurulunda-chpnin-genel-gorusme-acilmasi-onergesi-kabul-edilmedi\\\/#article\",\"isPartOf\":{\"@id\":\"https:\\\/\\\/haberkuzey.com\\\/index.php\\\/2024\\\/08\\\/17\\\/tbmm-genel-kurulunda-chpnin-genel-gorusme-acilmasi-onergesi-kabul-edilmedi\\\/\"},\"author\":{\"name\":\"haberkuzey\",\"@id\":\"https:\\\/\\\/haberkuzey.com\\\/#\\\/schema\\\/person\\\/3372109ec735f9333f4fa47ebb9605ca\"},\"headline\":\"TBMM Genel Kurulunda, CHP\u2019nin \u201cgenel g\u00f6r\u00fc\u015fme a\u00e7\u0131lmas\u0131\u201d \u00f6nergesi kabul edilmedi\",\"datePublished\":\"2024-08-17T08:27:29+00:00\",\"mainEntityOfPage\":{\"@id\":\"https:\\\/\\\/haberkuzey.com\\\/index.php\\\/2024\\\/08\\\/17\\\/tbmm-genel-kurulunda-chpnin-genel-gorusme-acilmasi-onergesi-kabul-edilmedi\\\/\"},\"wordCount\":171,\"commentCount\":0,\"image\":{\"@id\":\"https:\\\/\\\/haberkuzey.com\\\/index.php\\\/2024\\\/08\\\/17\\\/tbmm-genel-kurulunda-chpnin-genel-gorusme-acilmasi-onergesi-kabul-edilmedi\\\/#primaryimage\"},\"thumbnailUrl\":\"https:\\\/\\\/haberkuzey.com\\\/wp-content\\\/uploads\\\/2024\\\/08\\\/tbmm14.jpg\",\"articleSection\":[\"D\u00fcnya\"],\"inLanguage\":\"tr\",\"potentialAction\":[{\"@type\":\"CommentAction\",\"name\":\"Comment\",\"target\":[\"https:\\\/\\\/haberkuzey.com\\\/index.php\\\/2024\\\/08\\\/17\\\/tbmm-genel-kurulunda-chpnin-genel-gorusme-acilmasi-onergesi-kabul-edilmedi\\\/#respond\"]}]},{\"@type\":\"WebPage\",\"@id\":\"https:\\\/\\\/haberkuzey.com\\\/index.php\\\/2024\\\/08\\\/17\\\/tbmm-genel-kurulunda-chpnin-genel-gorusme-acilmasi-onergesi-kabul-edilmedi\\\/\",\"url\":\"https:\\\/\\\/haberkuzey.com\\\/index.php\\\/2024\\\/08\\\/17\\\/tbmm-genel-kurulunda-chpnin-genel-gorusme-acilmasi-onergesi-kabul-edilmedi\\\/\",\"name\":\"TBMM Genel Kurulunda, CHP\u2019nin \u201cgenel g\u00f6r\u00fc\u015fme a\u00e7\u0131lmas\u0131\u201d \u00f6nergesi kabul edilmedi - Haber Kuzey\",\"isPartOf\":{\"@id\":\"https:\\\/\\\/haberkuzey.com\\\/#website\"},\"primaryImageOfPage\":{\"@id\":\"https:\\\/\\\/haberkuzey.com\\\/index.php\\\/2024\\\/08\\\/17\\\/tbmm-genel-kurulunda-chpnin-genel-gorusme-acilmasi-onergesi-kabul-edilmedi\\\/#primaryimage\"},\"image\":{\"@id\":\"https:\\\/\\\/haberkuzey.com\\\/index.php\\\/2024\\\/08\\\/17\\\/tbmm-genel-kurulunda-chpnin-genel-gorusme-acilmasi-onergesi-kabul-edilmedi\\\/#primaryimage\"},\"thumbnailUrl\":\"https:\\\/\\\/haberkuzey.com\\\/wp-content\\\/uploads\\\/2024\\\/08\\\/tbmm14.jpg\",\"datePublished\":\"2024-08-17T08:27:29+00:00\",\"author\":{\"@id\":\"https:\\\/\\\/haberkuzey.com\\\/#\\\/schema\\\/person\\\/3372109ec735f9333f4fa47ebb9605ca\"},\"breadcrumb\":{\"@id\":\"https:\\\/\\\/haberkuzey.com\\\/index.php\\\/2024\\\/08\\\/17\\\/tbmm-genel-kurulunda-chpnin-genel-gorusme-acilmasi-onergesi-kabul-edilmedi\\\/#breadcrumb\"},\"inLanguage\":\"tr\",\"potentialAction\":[{\"@type\":\"ReadAction\",\"target\":[\"https:\\\/\\\/haberkuzey.com\\\/index.php\\\/2024\\\/08\\\/17\\\/tbmm-genel-kurulunda-chpnin-genel-gorusme-acilmasi-onergesi-kabul-edilmedi\\\/\"]}]},{\"@type\":\"ImageObject\",\"inLanguage\":\"tr\",\"@id\":\"https:\\\/\\\/haberkuzey.com\\\/index.php\\\/2024\\\/08\\\/17\\\/tbmm-genel-kurulunda-chpnin-genel-gorusme-acilmasi-onergesi-kabul-edilmedi\\\/#primaryimage\",\"url\":\"https:\\\/\\\/haberkuzey.com\\\/wp-content\\\/uploads\\\/2024\\\/08\\\/tbmm14.jpg\",\"contentUrl\":\"https:\\\/\\\/haberkuzey.com\\\/wp-content\\\/uploads\\\/2024\\\/08\\\/tbmm14.jpg\",\"width\":864,\"height\":486},{\"@type\":\"BreadcrumbList\",\"@id\":\"https:\\\/\\\/haberkuzey.com\\\/index.php\\\/2024\\\/08\\\/17\\\/tbmm-genel-kurulunda-chpnin-genel-gorusme-acilmasi-onergesi-kabul-edilmedi\\\/#breadcrumb\",\"itemListElement\":[{\"@type\":\"ListItem\",\"position\":1,\"name\":\"Anasayfa\",\"item\":\"https:\\\/\\\/haberkuzey.com\\\/\"},{\"@type\":\"ListItem\",\"position\":2,\"name\":\"TBMM Genel Kurulunda, CHP\u2019nin \u201cgenel g\u00f6r\u00fc\u015fme a\u00e7\u0131lmas\u0131\u201d \u00f6nergesi kabul edilmedi\"}]},{\"@type\":\"WebSite\",\"@id\":\"https:\\\/\\\/haberkuzey.com\\\/#website\",\"url\":\"https:\\\/\\\/haberkuzey.com\\\/\",\"name\":\"Haber Kuzey\",\"description\":\"Do\u011fru Haberin Adresi\",\"potentialAction\":[{\"@type\":\"SearchAction\",\"target\":{\"@type\":\"EntryPoint\",\"urlTemplate\":\"https:\\\/\\\/haberkuzey.com\\\/?s={search_term_string}\"},\"query-input\":{\"@type\":\"PropertyValueSpecification\",\"valueRequired\":true,\"valueName\":\"search_term_string\"}}],\"inLanguage\":\"tr\"},{\"@type\":\"Person\",\"@id\":\"https:\\\/\\\/haberkuzey.com\\\/#\\\/schema\\\/person\\\/3372109ec735f9333f4fa47ebb9605ca\",\"name\":\"haberkuzey\",\"image\":{\"@type\":\"ImageObject\",\"inLanguage\":\"tr\",\"@id\":\"https:\\\/\\\/secure.gravatar.com\\\/avatar\\\/f5fc875574b1575324358c3b9e6a32b8227aa5b74f3fa22e3cadb63e26fcc39c?s=96&d=mm&r=g\",\"url\":\"https:\\\/\\\/secure.gravatar.com\\\/avatar\\\/f5fc875574b1575324358c3b9e6a32b8227aa5b74f3fa22e3cadb63e26fcc39c?s=96&d=mm&r=g\",\"contentUrl\":\"https:\\\/\\\/secure.gravatar.com\\\/avatar\\\/f5fc875574b1575324358c3b9e6a32b8227aa5b74f3fa22e3cadb63e26fcc39c?s=96&d=mm&r=g\",\"caption\":\"haberkuzey\"},\"sameAs\":[\"https:\\\/\\\/haberkuzey.com\"],\"url\":\"https:\\\/\\\/haberkuzey.com\\\/index.php\\\/author\\\/haberkuzey\\\/\"}]}<\/script>\n<!-- \/ Yoast SEO plugin. -->","yoast_head_json":{"title":"TBMM Genel Kurulunda, CHP\u2019nin \u201cgenel g\u00f6r\u00fc\u015fme a\u00e7\u0131lmas\u0131\u201d \u00f6nergesi kabul edilmedi - Haber Kuzey","robots":{"index":"index","follow":"follow","max-snippet":"max-snippet:-1","max-image-preview":"max-image-preview:large","max-video-preview":"max-video-preview:-1"},"canonical":"https:\/\/haberkuzey.com\/index.php\/2024\/08\/17\/tbmm-genel-kurulunda-chpnin-genel-gorusme-acilmasi-onergesi-kabul-edilmedi\/","og_locale":"tr_TR","og_type":"article","og_title":"TBMM Genel Kurulunda, CHP\u2019nin \u201cgenel g\u00f6r\u00fc\u015fme a\u00e7\u0131lmas\u0131\u201d \u00f6nergesi kabul edilmedi - Haber Kuzey","og_description":"TBMM Genel Kurulunda, CHP\u2019nin \u201cAnayasa Mahkemesinin Can Atalay\u2019\u0131n milletvekilli\u011finin d\u00fc\u015fmesi i\u015flemi ile ilgili verdi\u011fi karara ili\u015fin genel g\u00f6r\u00fc\u015fme yap\u0131lmas\u0131\u201d \u00f6nergesi kabul edilmedi. Ola\u011fan\u00fcst\u00fc toplanan TBMM Genel Kurulunda, CHP\u2019nin \u201cAnayasa Mahkemesinin Can Atalay\u2019\u0131n milletvekilli\u011finin d\u00fc\u015fmesi i\u015flemi ile ilgili verdi\u011fi karara ili\u015fkin genel g\u00f6r\u00fc\u015fme yap\u0131lmas\u0131\u201d \u00f6nergesinin \u00f6n g\u00f6r\u00fc\u015fmeleri tamamland\u0131. Siyasi parti gruplar\u0131n\u0131n ve \u00f6nergenin ilk imza sahiplerinin [&hellip;]","og_url":"https:\/\/haberkuzey.com\/index.php\/2024\/08\/17\/tbmm-genel-kurulunda-chpnin-genel-gorusme-acilmasi-onergesi-kabul-edilmedi\/","og_site_name":"Haber Kuzey","article_published_time":"2024-08-17T08:27:29+00:00","og_image":[{"url":"https:\/\/brtk.net\/wp-content\/uploads\/2024\/08\/17\/tbmm14.jpg?ver=ad50f1d110c97ed99b993d886d021a90","type":"","width":"","height":""}],"author":"haberkuzey","twitter_card":"summary_large_image","twitter_misc":{"Yazan:":"haberkuzey","Tahmini okuma s\u00fcresi":"1 dakika"},"schema":{"@context":"https:\/\/schema.org","@graph":[{"@type":"Article","@id":"https:\/\/haberkuzey.com\/index.php\/2024\/08\/17\/tbmm-genel-kurulunda-chpnin-genel-gorusme-acilmasi-onergesi-kabul-edilmedi\/#article","isPartOf":{"@id":"https:\/\/haberkuzey.com\/index.php\/2024\/08\/17\/tbmm-genel-kurulunda-chpnin-genel-gorusme-acilmasi-onergesi-kabul-edilmedi\/"},"author":{"name":"haberkuzey","@id":"https:\/\/haberkuzey.com\/#\/schema\/person\/3372109ec735f9333f4fa47ebb9605ca"},"headline":"TBMM Genel Kurulunda, CHP\u2019nin \u201cgenel g\u00f6r\u00fc\u015fme a\u00e7\u0131lmas\u0131\u201d \u00f6nergesi kabul edilmedi","datePublished":"2024-08-17T08:27:29+00:00","mainEntityOfPage":{"@id":"https:\/\/haberkuzey.com\/index.php\/2024\/08\/17\/tbmm-genel-kurulunda-chpnin-genel-gorusme-acilmasi-onergesi-kabul-edilmedi\/"},"wordCount":171,"commentCount":0,"image":{"@id":"https:\/\/haberkuzey.com\/index.php\/2024\/08\/17\/tbmm-genel-kurulunda-chpnin-genel-gorusme-acilmasi-onergesi-kabul-edilmedi\/#primaryimage"},"thumbnailUrl":"https:\/\/haberkuzey.com\/wp-content\/uploads\/2024\/08\/tbmm14.jpg","articleSection":["D\u00fcnya"],"inLanguage":"tr","potentialAction":[{"@type":"CommentAction","name":"Comment","target":["https:\/\/haberkuzey.com\/index.php\/2024\/08\/17\/tbmm-genel-kurulunda-chpnin-genel-gorusme-acilmasi-onergesi-kabul-edilmedi\/#respond"]}]},{"@type":"WebPage","@id":"https:\/\/haberkuzey.com\/index.php\/2024\/08\/17\/tbmm-genel-kurulunda-chpnin-genel-gorusme-acilmasi-onergesi-kabul-edilmedi\/","url":"https:\/\/haberkuzey.com\/index.php\/2024\/08\/17\/tbmm-genel-kurulunda-chpnin-genel-gorusme-acilmasi-onergesi-kabul-edilmedi\/","name":"TBMM Genel Kurulunda, CHP\u2019nin \u201cgenel g\u00f6r\u00fc\u015fme a\u00e7\u0131lmas\u0131\u201d \u00f6nergesi kabul edilmedi - Haber Kuzey","isPartOf":{"@id":"https:\/\/haberkuzey.com\/#website"},"primaryImageOfPage":{"@id":"https:\/\/haberkuzey.com\/index.php\/2024\/08\/17\/tbmm-genel-kurulunda-chpnin-genel-gorusme-acilmasi-onergesi-kabul-edilmedi\/#primaryimage"},"image":{"@id":"https:\/\/haberkuzey.com\/index.php\/2024\/08\/17\/tbmm-genel-kurulunda-chpnin-genel-gorusme-acilmasi-onergesi-kabul-edilmedi\/#primaryimage"},"thumbnailUrl":"https:\/\/haberkuzey.com\/wp-content\/uploads\/2024\/08\/tbmm14.jpg","datePublished":"2024-08-17T08:27:29+00:00","author":{"@id":"https:\/\/haberkuzey.com\/#\/schema\/person\/3372109ec735f9333f4fa47ebb9605ca"},"breadcrumb":{"@id":"https:\/\/haberkuzey.com\/index.php\/2024\/08\/17\/tbmm-genel-kurulunda-chpnin-genel-gorusme-acilmasi-onergesi-kabul-edilmedi\/#breadcrumb"},"inLanguage":"tr","potentialAction":[{"@type":"ReadAction","target":["https:\/\/haberkuzey.com\/index.php\/2024\/08\/17\/tbmm-genel-kurulunda-chpnin-genel-gorusme-acilmasi-onergesi-kabul-edilmedi\/"]}]},{"@type":"ImageObject","inLanguage":"tr","@id":"https:\/\/haberkuzey.com\/index.php\/2024\/08\/17\/tbmm-genel-kurulunda-chpnin-genel-gorusme-acilmasi-onergesi-kabul-edilmedi\/#primaryimage","url":"https:\/\/haberkuzey.com\/wp-content\/uploads\/2024\/08\/tbmm14.jpg","contentUrl":"https:\/\/haberkuzey.com\/wp-content\/uploads\/2024\/08\/tbmm14.jpg","width":864,"height":486},{"@type":"BreadcrumbList","@id":"https:\/\/haberkuzey.com\/index.php\/2024\/08\/17\/tbmm-genel-kurulunda-chpnin-genel-gorusme-acilmasi-onergesi-kabul-edilmedi\/#breadcrumb","itemListElement":[{"@type":"ListItem","position":1,"name":"Anasayfa","item":"https:\/\/haberkuzey.com\/"},{"@type":"ListItem","position":2,"name":"TBMM Genel Kurulunda, CHP\u2019nin \u201cgenel g\u00f6r\u00fc\u015fme a\u00e7\u0131lmas\u0131\u201d \u00f6nergesi kabul edilmedi"}]},{"@type":"WebSite","@id":"https:\/\/haberkuzey.com\/#website","url":"https:\/\/haberkuzey.com\/","name":"Haber Kuzey","description":"Do\u011fru Haberin Adresi","potentialAction":[{"@type":"SearchAction","target":{"@type":"EntryPoint","urlTemplate":"https:\/\/haberkuzey.com\/?s={search_term_string}"},"query-input":{"@type":"PropertyValueSpecification","valueRequired":true,"valueName":"search_term_string"}}],"inLanguage":"tr"},{"@type":"Person","@id":"https:\/\/haberkuzey.com\/#\/schema\/person\/3372109ec735f9333f4fa47ebb9605ca","name":"haberkuzey","image":{"@type":"ImageObject","inLanguage":"tr","@id":"https:\/\/secure.gravatar.com\/avatar\/f5fc875574b1575324358c3b9e6a32b8227aa5b74f3fa22e3cadb63e26fcc39c?s=96&d=mm&r=g","url":"https:\/\/secure.gravatar.com\/avatar\/f5fc875574b1575324358c3b9e6a32b8227aa5b74f3fa22e3cadb63e26fcc39c?s=96&d=mm&r=g","contentUrl":"https:\/\/secure.gravatar.com\/avatar\/f5fc875574b1575324358c3b9e6a32b8227aa5b74f3fa22e3cadb63e26fcc39c?s=96&d=mm&r=g","caption":"haberkuzey"},"sameAs":["https:\/\/haberkuzey.com"],"url":"https:\/\/haberkuzey.com\/index.php\/author\/haberkuzey\/"}]}},"_links":{"self":[{"href":"https:\/\/haberkuzey.com\/index.php\/wp-json\/wp\/v2\/posts\/7904","targetHints":{"allow":["GET"]}}],"collection":[{"href":"https:\/\/haberkuzey.com\/index.php\/wp-json\/wp\/v2\/posts"}],"about":[{"href":"https:\/\/haberkuzey.com\/index.php\/wp-json\/wp\/v2\/types\/post"}],"author":[{"embeddable":true,"href":"https:\/\/haberkuzey.com\/index.php\/wp-json\/wp\/v2\/users\/1"}],"replies":[{"embeddable":true,"href":"https:\/\/haberkuzey.com\/index.php\/wp-json\/wp\/v2\/comments?post=7904"}],"version-history":[{"count":0,"href":"https:\/\/haberkuzey.com\/index.php\/wp-json\/wp\/v2\/posts\/7904\/revisions"}],"wp:featuredmedia":[{"embeddable":true,"href":"https:\/\/haberkuzey.com\/index.php\/wp-json\/wp\/v2\/media\/7905"}],"wp:attachment":[{"href":"https:\/\/haberkuzey.com\/index.php\/wp-json\/wp\/v2\/media?parent=7904"}],"wp:term":[{"taxonomy":"category","embeddable":true,"href":"https:\/\/haberkuzey.com\/index.php\/wp-json\/wp\/v2\/categories?post=7904"},{"taxonomy":"post_tag","embeddable":true,"href":"https:\/\/haberkuzey.com\/index.php\/wp-json\/wp\/v2\/tags?post=7904"}],"curies":[{"name":"wp","href":"https:\/\/api.w.org\/{rel}","templated":true}]}}