{"id":709,"date":"2024-04-27T15:53:12","date_gmt":"2024-04-27T12:53:12","guid":{"rendered":"https:\/\/kuzeyinsesi.com\/index.php\/2024\/04\/27\/ukrayna-rusya-enerji-tesislerine-fuzelerle-saldirdi\/"},"modified":"2024-04-27T15:53:12","modified_gmt":"2024-04-27T12:53:12","slug":"ukrayna-rusya-enerji-tesislerine-fuzelerle-saldirdi","status":"publish","type":"post","link":"https:\/\/haberkuzey.com\/index.php\/2024\/04\/27\/ukrayna-rusya-enerji-tesislerine-fuzelerle-saldirdi\/","title":{"rendered":"Ukrayna: Rusya enerji tesislerine f\u00fczelerle sald\u0131rd\u0131"},"content":{"rendered":"<p><\/p>\n<div>\n<p>&#13;<br \/>\n\t<a href=\"https:\/\/www.trthaber.com\/etiket\/ukrayna\/\" target=\"_blank\" rel=\"noopener\">Ukrayna<\/a> <a href=\"https:\/\/www.trthaber.com\/etiket\/enerji\/\" target=\"_blank\" rel=\"noopener\">Enerji<\/a> Bakan\u0131 German Galu\u015f\u00e7enko, sosyal <a href=\"https:\/\/www.trthaber.com\/etiket\/medya\/\" target=\"_blank\" rel=\"noopener\">medya<\/a> hesab\u0131ndan yapt\u0131\u011f\u0131 a\u00e7\u0131klamada, Rusya\u2019n\u0131n bu gece Ukrayna\u2019n\u0131n enerji altyap\u0131s\u0131na sald\u0131rd\u0131\u011f\u0131n\u0131 belirtti.<\/p>\n<p>&#13;<br \/>\n\t\u00d6zellikle Dnipropetrovsk, \u0130vano-Frankivsk ve Lviv b\u00f6lgelerinin enerji tesislerinin sald\u0131r\u0131ya u\u011frad\u0131\u011f\u0131n\u0131 aktaran Galu\u015f\u00e7enko, ekipmanlara hasar verildi\u011fi, bir enerji tesisi \u00e7al\u0131\u015fan\u0131n\u0131n yaraland\u0131\u011f\u0131 bilgisini payla\u015ft\u0131.<\/p>\n<p>&#13;<br \/>\n\tUkrayna Hava Kuvvetleri Komutanl\u0131\u011f\u0131ndan yap\u0131lan yaz\u0131l\u0131 a\u00e7\u0131klamada da Rusya&#8217;n\u0131n bu gece Ukrayna topraklar\u0131na f\u00fcze sald\u0131r\u0131s\u0131 ger\u00e7ekle\u015ftirdi\u011fi belirtildi.<\/p>\n<p>&#13;<br \/>\n\tA\u00e7\u0131klamada Rus ordusunun sald\u0131r\u0131da 9 \u0425-101\/\u0425-555 tipi seyir f\u00fczesi, 9 \u0425-59\/\u0425-69 model g\u00fcd\u00fcml\u00fc f\u00fcze, 2 S-300 seyir f\u00fczesi, 2 &#8220;\u0130skender-M&#8221; seyir f\u00fczesi, 4 &#8220;Kinjal&#8221; hipersonik f\u00fczesi ve 8 &#8220;Kalibr&#8221; seyir f\u00fczesi olmak \u00fczere toplam 34 f\u00fcze kulland\u0131\u011f\u0131 aktar\u0131ld\u0131.<\/p>\n<p>&#13;<br \/>\n\tA\u00e7\u0131klamada ayr\u0131ca Ukrayna hava savunma kuvvetlerince 6 \u0425-101\/\u0425-555 tipi f\u00fcze, 8 \u0425-59\/\u0425-69 model seyir f\u00fcze, bir &#8220;\u0130skender-M&#8221; f\u00fcze ve 6 &#8220;Kalibr&#8221; f\u00fcze olmak \u00fczere toplam 21 Rus hava hedefinin imha edildi\u011fi kaydedildi.<\/p>\n<\/p><\/div>\n","protected":false},"excerpt":{"rendered":"<p>&#13; Ukrayna Enerji Bakan\u0131 German Galu\u015f\u00e7enko, sosyal medya hesab\u0131ndan yapt\u0131\u011f\u0131 a\u00e7\u0131klamada, Rusya\u2019n\u0131n bu gece Ukrayna\u2019n\u0131n enerji altyap\u0131s\u0131na sald\u0131rd\u0131\u011f\u0131n\u0131 belirtti. &#13; \u00d6zellikle Dnipropetrovsk, \u0130vano-Frankivsk ve Lviv b\u00f6lgelerinin enerji tesislerinin sald\u0131r\u0131ya u\u011frad\u0131\u011f\u0131n\u0131 aktaran Galu\u015f\u00e7enko, ekipmanlara hasar verildi\u011fi, bir enerji tesisi \u00e7al\u0131\u015fan\u0131n\u0131n yaraland\u0131\u011f\u0131 bilgisini payla\u015ft\u0131. &#13; Ukrayna Hava Kuvvetleri Komutanl\u0131\u011f\u0131ndan yap\u0131lan yaz\u0131l\u0131 a\u00e7\u0131klamada da Rusya&#8217;n\u0131n bu gece Ukrayna [&hellip;]<\/p>\n","protected":false},"author":1,"featured_media":710,"comment_status":"open","ping_status":"open","sticky":false,"template":"","format":"standard","meta":{"jnews-multi-image_gallery":[],"jnews_single_post":[],"jnews_primary_category":[],"footnotes":""},"categories":[2],"tags":[],"class_list":["post-709","post","type-post","status-publish","format-standard","has-post-thumbnail","hentry","category-dunya"],"yoast_head":"<!-- This site is optimized with the Yoast SEO plugin v27.5 - https:\/\/yoast.com\/product\/yoast-seo-wordpress\/ -->\n<title>Ukrayna: Rusya enerji tesislerine f\u00fczelerle sald\u0131rd\u0131 - Haber Kuzey<\/title>\n<meta name=\"robots\" content=\"index, follow, max-snippet:-1, max-image-preview:large, max-video-preview:-1\" \/>\n<link rel=\"canonical\" href=\"https:\/\/haberkuzey.com\/index.php\/2024\/04\/27\/ukrayna-rusya-enerji-tesislerine-fuzelerle-saldirdi\/\" \/>\n<meta property=\"og:locale\" content=\"tr_TR\" \/>\n<meta property=\"og:type\" content=\"article\" \/>\n<meta property=\"og:title\" content=\"Ukrayna: Rusya enerji tesislerine f\u00fczelerle sald\u0131rd\u0131 - Haber Kuzey\" \/>\n<meta property=\"og:description\" content=\"&#013; Ukrayna Enerji Bakan\u0131 German Galu\u015f\u00e7enko, sosyal medya hesab\u0131ndan yapt\u0131\u011f\u0131 a\u00e7\u0131klamada, Rusya\u2019n\u0131n bu gece Ukrayna\u2019n\u0131n enerji altyap\u0131s\u0131na sald\u0131rd\u0131\u011f\u0131n\u0131 belirtti. &#013; \u00d6zellikle Dnipropetrovsk, \u0130vano-Frankivsk ve Lviv b\u00f6lgelerinin enerji tesislerinin sald\u0131r\u0131ya u\u011frad\u0131\u011f\u0131n\u0131 aktaran Galu\u015f\u00e7enko, ekipmanlara hasar verildi\u011fi, bir enerji tesisi \u00e7al\u0131\u015fan\u0131n\u0131n yaraland\u0131\u011f\u0131 bilgisini payla\u015ft\u0131. &#013; Ukrayna Hava Kuvvetleri Komutanl\u0131\u011f\u0131ndan yap\u0131lan yaz\u0131l\u0131 a\u00e7\u0131klamada da Rusya&#8217;n\u0131n bu gece Ukrayna [&hellip;]\" \/>\n<meta property=\"og:url\" content=\"https:\/\/haberkuzey.com\/index.php\/2024\/04\/27\/ukrayna-rusya-enerji-tesislerine-fuzelerle-saldirdi\/\" \/>\n<meta property=\"og:site_name\" content=\"Haber Kuzey\" \/>\n<meta property=\"article:published_time\" content=\"2024-04-27T12:53:12+00:00\" \/>\n<meta property=\"og:image\" content=\"https:\/\/haberkuzey.com\/wp-content\/uploads\/2024\/04\/rusya-fuz-1958913.jpg\" \/>\n\t<meta property=\"og:image:width\" content=\"1280\" \/>\n\t<meta property=\"og:image:height\" content=\"720\" \/>\n\t<meta property=\"og:image:type\" content=\"image\/jpeg\" \/>\n<meta name=\"author\" content=\"haberkuzey\" \/>\n<meta name=\"twitter:card\" content=\"summary_large_image\" \/>\n<meta name=\"twitter:label1\" content=\"Yazan:\" \/>\n\t<meta name=\"twitter:data1\" content=\"haberkuzey\" \/>\n\t<meta name=\"twitter:label2\" content=\"Tahmini okuma s\u00fcresi\" \/>\n\t<meta name=\"twitter:data2\" content=\"1 dakika\" \/>\n<script type=\"application\/ld+json\" class=\"yoast-schema-graph\">{\"@context\":\"https:\\\/\\\/schema.org\",\"@graph\":[{\"@type\":\"Article\",\"@id\":\"https:\\\/\\\/haberkuzey.com\\\/index.php\\\/2024\\\/04\\\/27\\\/ukrayna-rusya-enerji-tesislerine-fuzelerle-saldirdi\\\/#article\",\"isPartOf\":{\"@id\":\"https:\\\/\\\/haberkuzey.com\\\/index.php\\\/2024\\\/04\\\/27\\\/ukrayna-rusya-enerji-tesislerine-fuzelerle-saldirdi\\\/\"},\"author\":{\"name\":\"haberkuzey\",\"@id\":\"https:\\\/\\\/haberkuzey.com\\\/#\\\/schema\\\/person\\\/3372109ec735f9333f4fa47ebb9605ca\"},\"headline\":\"Ukrayna: Rusya enerji tesislerine f\u00fczelerle sald\u0131rd\u0131\",\"datePublished\":\"2024-04-27T12:53:12+00:00\",\"mainEntityOfPage\":{\"@id\":\"https:\\\/\\\/haberkuzey.com\\\/index.php\\\/2024\\\/04\\\/27\\\/ukrayna-rusya-enerji-tesislerine-fuzelerle-saldirdi\\\/\"},\"wordCount\":209,\"commentCount\":0,\"image\":{\"@id\":\"https:\\\/\\\/haberkuzey.com\\\/index.php\\\/2024\\\/04\\\/27\\\/ukrayna-rusya-enerji-tesislerine-fuzelerle-saldirdi\\\/#primaryimage\"},\"thumbnailUrl\":\"https:\\\/\\\/haberkuzey.com\\\/wp-content\\\/uploads\\\/2024\\\/04\\\/rusya-fuz-1958913.jpg\",\"articleSection\":[\"D\u00fcnya\"],\"inLanguage\":\"tr\",\"potentialAction\":[{\"@type\":\"CommentAction\",\"name\":\"Comment\",\"target\":[\"https:\\\/\\\/haberkuzey.com\\\/index.php\\\/2024\\\/04\\\/27\\\/ukrayna-rusya-enerji-tesislerine-fuzelerle-saldirdi\\\/#respond\"]}]},{\"@type\":\"WebPage\",\"@id\":\"https:\\\/\\\/haberkuzey.com\\\/index.php\\\/2024\\\/04\\\/27\\\/ukrayna-rusya-enerji-tesislerine-fuzelerle-saldirdi\\\/\",\"url\":\"https:\\\/\\\/haberkuzey.com\\\/index.php\\\/2024\\\/04\\\/27\\\/ukrayna-rusya-enerji-tesislerine-fuzelerle-saldirdi\\\/\",\"name\":\"Ukrayna: Rusya enerji tesislerine f\u00fczelerle sald\u0131rd\u0131 - Haber Kuzey\",\"isPartOf\":{\"@id\":\"https:\\\/\\\/haberkuzey.com\\\/#website\"},\"primaryImageOfPage\":{\"@id\":\"https:\\\/\\\/haberkuzey.com\\\/index.php\\\/2024\\\/04\\\/27\\\/ukrayna-rusya-enerji-tesislerine-fuzelerle-saldirdi\\\/#primaryimage\"},\"image\":{\"@id\":\"https:\\\/\\\/haberkuzey.com\\\/index.php\\\/2024\\\/04\\\/27\\\/ukrayna-rusya-enerji-tesislerine-fuzelerle-saldirdi\\\/#primaryimage\"},\"thumbnailUrl\":\"https:\\\/\\\/haberkuzey.com\\\/wp-content\\\/uploads\\\/2024\\\/04\\\/rusya-fuz-1958913.jpg\",\"datePublished\":\"2024-04-27T12:53:12+00:00\",\"author\":{\"@id\":\"https:\\\/\\\/haberkuzey.com\\\/#\\\/schema\\\/person\\\/3372109ec735f9333f4fa47ebb9605ca\"},\"breadcrumb\":{\"@id\":\"https:\\\/\\\/haberkuzey.com\\\/index.php\\\/2024\\\/04\\\/27\\\/ukrayna-rusya-enerji-tesislerine-fuzelerle-saldirdi\\\/#breadcrumb\"},\"inLanguage\":\"tr\",\"potentialAction\":[{\"@type\":\"ReadAction\",\"target\":[\"https:\\\/\\\/haberkuzey.com\\\/index.php\\\/2024\\\/04\\\/27\\\/ukrayna-rusya-enerji-tesislerine-fuzelerle-saldirdi\\\/\"]}]},{\"@type\":\"ImageObject\",\"inLanguage\":\"tr\",\"@id\":\"https:\\\/\\\/haberkuzey.com\\\/index.php\\\/2024\\\/04\\\/27\\\/ukrayna-rusya-enerji-tesislerine-fuzelerle-saldirdi\\\/#primaryimage\",\"url\":\"https:\\\/\\\/haberkuzey.com\\\/wp-content\\\/uploads\\\/2024\\\/04\\\/rusya-fuz-1958913.jpg\",\"contentUrl\":\"https:\\\/\\\/haberkuzey.com\\\/wp-content\\\/uploads\\\/2024\\\/04\\\/rusya-fuz-1958913.jpg\",\"width\":1280,\"height\":720},{\"@type\":\"BreadcrumbList\",\"@id\":\"https:\\\/\\\/haberkuzey.com\\\/index.php\\\/2024\\\/04\\\/27\\\/ukrayna-rusya-enerji-tesislerine-fuzelerle-saldirdi\\\/#breadcrumb\",\"itemListElement\":[{\"@type\":\"ListItem\",\"position\":1,\"name\":\"Anasayfa\",\"item\":\"https:\\\/\\\/haberkuzey.com\\\/\"},{\"@type\":\"ListItem\",\"position\":2,\"name\":\"Ukrayna: Rusya enerji tesislerine f\u00fczelerle sald\u0131rd\u0131\"}]},{\"@type\":\"WebSite\",\"@id\":\"https:\\\/\\\/haberkuzey.com\\\/#website\",\"url\":\"https:\\\/\\\/haberkuzey.com\\\/\",\"name\":\"Haber Kuzey\",\"description\":\"Do\u011fru Haberin Adresi\",\"potentialAction\":[{\"@type\":\"SearchAction\",\"target\":{\"@type\":\"EntryPoint\",\"urlTemplate\":\"https:\\\/\\\/haberkuzey.com\\\/?s={search_term_string}\"},\"query-input\":{\"@type\":\"PropertyValueSpecification\",\"valueRequired\":true,\"valueName\":\"search_term_string\"}}],\"inLanguage\":\"tr\"},{\"@type\":\"Person\",\"@id\":\"https:\\\/\\\/haberkuzey.com\\\/#\\\/schema\\\/person\\\/3372109ec735f9333f4fa47ebb9605ca\",\"name\":\"haberkuzey\",\"image\":{\"@type\":\"ImageObject\",\"inLanguage\":\"tr\",\"@id\":\"https:\\\/\\\/secure.gravatar.com\\\/avatar\\\/f5fc875574b1575324358c3b9e6a32b8227aa5b74f3fa22e3cadb63e26fcc39c?s=96&d=mm&r=g\",\"url\":\"https:\\\/\\\/secure.gravatar.com\\\/avatar\\\/f5fc875574b1575324358c3b9e6a32b8227aa5b74f3fa22e3cadb63e26fcc39c?s=96&d=mm&r=g\",\"contentUrl\":\"https:\\\/\\\/secure.gravatar.com\\\/avatar\\\/f5fc875574b1575324358c3b9e6a32b8227aa5b74f3fa22e3cadb63e26fcc39c?s=96&d=mm&r=g\",\"caption\":\"haberkuzey\"},\"sameAs\":[\"https:\\\/\\\/haberkuzey.com\"],\"url\":\"https:\\\/\\\/haberkuzey.com\\\/index.php\\\/author\\\/haberkuzey\\\/\"}]}<\/script>\n<!-- \/ Yoast SEO plugin. -->","yoast_head_json":{"title":"Ukrayna: Rusya enerji tesislerine f\u00fczelerle sald\u0131rd\u0131 - Haber Kuzey","robots":{"index":"index","follow":"follow","max-snippet":"max-snippet:-1","max-image-preview":"max-image-preview:large","max-video-preview":"max-video-preview:-1"},"canonical":"https:\/\/haberkuzey.com\/index.php\/2024\/04\/27\/ukrayna-rusya-enerji-tesislerine-fuzelerle-saldirdi\/","og_locale":"tr_TR","og_type":"article","og_title":"Ukrayna: Rusya enerji tesislerine f\u00fczelerle sald\u0131rd\u0131 - Haber Kuzey","og_description":"&#13; Ukrayna Enerji Bakan\u0131 German Galu\u015f\u00e7enko, sosyal medya hesab\u0131ndan yapt\u0131\u011f\u0131 a\u00e7\u0131klamada, Rusya\u2019n\u0131n bu gece Ukrayna\u2019n\u0131n enerji altyap\u0131s\u0131na sald\u0131rd\u0131\u011f\u0131n\u0131 belirtti. &#13; \u00d6zellikle Dnipropetrovsk, \u0130vano-Frankivsk ve Lviv b\u00f6lgelerinin enerji tesislerinin sald\u0131r\u0131ya u\u011frad\u0131\u011f\u0131n\u0131 aktaran Galu\u015f\u00e7enko, ekipmanlara hasar verildi\u011fi, bir enerji tesisi \u00e7al\u0131\u015fan\u0131n\u0131n yaraland\u0131\u011f\u0131 bilgisini payla\u015ft\u0131. &#13; Ukrayna Hava Kuvvetleri Komutanl\u0131\u011f\u0131ndan yap\u0131lan yaz\u0131l\u0131 a\u00e7\u0131klamada da Rusya&#8217;n\u0131n bu gece Ukrayna [&hellip;]","og_url":"https:\/\/haberkuzey.com\/index.php\/2024\/04\/27\/ukrayna-rusya-enerji-tesislerine-fuzelerle-saldirdi\/","og_site_name":"Haber Kuzey","article_published_time":"2024-04-27T12:53:12+00:00","og_image":[{"width":1280,"height":720,"url":"https:\/\/haberkuzey.com\/wp-content\/uploads\/2024\/04\/rusya-fuz-1958913.jpg","type":"image\/jpeg"}],"author":"haberkuzey","twitter_card":"summary_large_image","twitter_misc":{"Yazan:":"haberkuzey","Tahmini okuma s\u00fcresi":"1 dakika"},"schema":{"@context":"https:\/\/schema.org","@graph":[{"@type":"Article","@id":"https:\/\/haberkuzey.com\/index.php\/2024\/04\/27\/ukrayna-rusya-enerji-tesislerine-fuzelerle-saldirdi\/#article","isPartOf":{"@id":"https:\/\/haberkuzey.com\/index.php\/2024\/04\/27\/ukrayna-rusya-enerji-tesislerine-fuzelerle-saldirdi\/"},"author":{"name":"haberkuzey","@id":"https:\/\/haberkuzey.com\/#\/schema\/person\/3372109ec735f9333f4fa47ebb9605ca"},"headline":"Ukrayna: Rusya enerji tesislerine f\u00fczelerle sald\u0131rd\u0131","datePublished":"2024-04-27T12:53:12+00:00","mainEntityOfPage":{"@id":"https:\/\/haberkuzey.com\/index.php\/2024\/04\/27\/ukrayna-rusya-enerji-tesislerine-fuzelerle-saldirdi\/"},"wordCount":209,"commentCount":0,"image":{"@id":"https:\/\/haberkuzey.com\/index.php\/2024\/04\/27\/ukrayna-rusya-enerji-tesislerine-fuzelerle-saldirdi\/#primaryimage"},"thumbnailUrl":"https:\/\/haberkuzey.com\/wp-content\/uploads\/2024\/04\/rusya-fuz-1958913.jpg","articleSection":["D\u00fcnya"],"inLanguage":"tr","potentialAction":[{"@type":"CommentAction","name":"Comment","target":["https:\/\/haberkuzey.com\/index.php\/2024\/04\/27\/ukrayna-rusya-enerji-tesislerine-fuzelerle-saldirdi\/#respond"]}]},{"@type":"WebPage","@id":"https:\/\/haberkuzey.com\/index.php\/2024\/04\/27\/ukrayna-rusya-enerji-tesislerine-fuzelerle-saldirdi\/","url":"https:\/\/haberkuzey.com\/index.php\/2024\/04\/27\/ukrayna-rusya-enerji-tesislerine-fuzelerle-saldirdi\/","name":"Ukrayna: Rusya enerji tesislerine f\u00fczelerle sald\u0131rd\u0131 - Haber Kuzey","isPartOf":{"@id":"https:\/\/haberkuzey.com\/#website"},"primaryImageOfPage":{"@id":"https:\/\/haberkuzey.com\/index.php\/2024\/04\/27\/ukrayna-rusya-enerji-tesislerine-fuzelerle-saldirdi\/#primaryimage"},"image":{"@id":"https:\/\/haberkuzey.com\/index.php\/2024\/04\/27\/ukrayna-rusya-enerji-tesislerine-fuzelerle-saldirdi\/#primaryimage"},"thumbnailUrl":"https:\/\/haberkuzey.com\/wp-content\/uploads\/2024\/04\/rusya-fuz-1958913.jpg","datePublished":"2024-04-27T12:53:12+00:00","author":{"@id":"https:\/\/haberkuzey.com\/#\/schema\/person\/3372109ec735f9333f4fa47ebb9605ca"},"breadcrumb":{"@id":"https:\/\/haberkuzey.com\/index.php\/2024\/04\/27\/ukrayna-rusya-enerji-tesislerine-fuzelerle-saldirdi\/#breadcrumb"},"inLanguage":"tr","potentialAction":[{"@type":"ReadAction","target":["https:\/\/haberkuzey.com\/index.php\/2024\/04\/27\/ukrayna-rusya-enerji-tesislerine-fuzelerle-saldirdi\/"]}]},{"@type":"ImageObject","inLanguage":"tr","@id":"https:\/\/haberkuzey.com\/index.php\/2024\/04\/27\/ukrayna-rusya-enerji-tesislerine-fuzelerle-saldirdi\/#primaryimage","url":"https:\/\/haberkuzey.com\/wp-content\/uploads\/2024\/04\/rusya-fuz-1958913.jpg","contentUrl":"https:\/\/haberkuzey.com\/wp-content\/uploads\/2024\/04\/rusya-fuz-1958913.jpg","width":1280,"height":720},{"@type":"BreadcrumbList","@id":"https:\/\/haberkuzey.com\/index.php\/2024\/04\/27\/ukrayna-rusya-enerji-tesislerine-fuzelerle-saldirdi\/#breadcrumb","itemListElement":[{"@type":"ListItem","position":1,"name":"Anasayfa","item":"https:\/\/haberkuzey.com\/"},{"@type":"ListItem","position":2,"name":"Ukrayna: Rusya enerji tesislerine f\u00fczelerle sald\u0131rd\u0131"}]},{"@type":"WebSite","@id":"https:\/\/haberkuzey.com\/#website","url":"https:\/\/haberkuzey.com\/","name":"Haber Kuzey","description":"Do\u011fru Haberin Adresi","potentialAction":[{"@type":"SearchAction","target":{"@type":"EntryPoint","urlTemplate":"https:\/\/haberkuzey.com\/?s={search_term_string}"},"query-input":{"@type":"PropertyValueSpecification","valueRequired":true,"valueName":"search_term_string"}}],"inLanguage":"tr"},{"@type":"Person","@id":"https:\/\/haberkuzey.com\/#\/schema\/person\/3372109ec735f9333f4fa47ebb9605ca","name":"haberkuzey","image":{"@type":"ImageObject","inLanguage":"tr","@id":"https:\/\/secure.gravatar.com\/avatar\/f5fc875574b1575324358c3b9e6a32b8227aa5b74f3fa22e3cadb63e26fcc39c?s=96&d=mm&r=g","url":"https:\/\/secure.gravatar.com\/avatar\/f5fc875574b1575324358c3b9e6a32b8227aa5b74f3fa22e3cadb63e26fcc39c?s=96&d=mm&r=g","contentUrl":"https:\/\/secure.gravatar.com\/avatar\/f5fc875574b1575324358c3b9e6a32b8227aa5b74f3fa22e3cadb63e26fcc39c?s=96&d=mm&r=g","caption":"haberkuzey"},"sameAs":["https:\/\/haberkuzey.com"],"url":"https:\/\/haberkuzey.com\/index.php\/author\/haberkuzey\/"}]}},"_links":{"self":[{"href":"https:\/\/haberkuzey.com\/index.php\/wp-json\/wp\/v2\/posts\/709","targetHints":{"allow":["GET"]}}],"collection":[{"href":"https:\/\/haberkuzey.com\/index.php\/wp-json\/wp\/v2\/posts"}],"about":[{"href":"https:\/\/haberkuzey.com\/index.php\/wp-json\/wp\/v2\/types\/post"}],"author":[{"embeddable":true,"href":"https:\/\/haberkuzey.com\/index.php\/wp-json\/wp\/v2\/users\/1"}],"replies":[{"embeddable":true,"href":"https:\/\/haberkuzey.com\/index.php\/wp-json\/wp\/v2\/comments?post=709"}],"version-history":[{"count":0,"href":"https:\/\/haberkuzey.com\/index.php\/wp-json\/wp\/v2\/posts\/709\/revisions"}],"wp:featuredmedia":[{"embeddable":true,"href":"https:\/\/haberkuzey.com\/index.php\/wp-json\/wp\/v2\/media\/710"}],"wp:attachment":[{"href":"https:\/\/haberkuzey.com\/index.php\/wp-json\/wp\/v2\/media?parent=709"}],"wp:term":[{"taxonomy":"category","embeddable":true,"href":"https:\/\/haberkuzey.com\/index.php\/wp-json\/wp\/v2\/categories?post=709"},{"taxonomy":"post_tag","embeddable":true,"href":"https:\/\/haberkuzey.com\/index.php\/wp-json\/wp\/v2\/tags?post=709"}],"curies":[{"name":"wp","href":"https:\/\/api.w.org\/{rel}","templated":true}]}}