{"id":693,"date":"2024-04-27T12:28:14","date_gmt":"2024-04-27T09:28:14","guid":{"rendered":"https:\/\/kuzeyinsesi.com\/index.php\/2024\/04\/27\/tore-istanbul-temaslari-kapsaminda-turkiye-emekli-subaylar-dernegi-rasim-pasa-subesini-ziyaret-etti\/"},"modified":"2024-04-27T12:28:14","modified_gmt":"2024-04-27T09:28:14","slug":"tore-istanbul-temaslari-kapsaminda-turkiye-emekli-subaylar-dernegi-rasim-pasa-subesini-ziyaret-etti","status":"publish","type":"post","link":"https:\/\/haberkuzey.com\/index.php\/2024\/04\/27\/tore-istanbul-temaslari-kapsaminda-turkiye-emekli-subaylar-dernegi-rasim-pasa-subesini-ziyaret-etti\/","title":{"rendered":"T\u00f6re, \u0130stanbul temaslar\u0131 kapsam\u0131nda T\u00fcrkiye Emekli Subaylar Derne\u011fi Rasim Pa\u015fa \u015eubesi\u2019ni ziyaret etti"},"content":{"rendered":"<div>\n<div class=\"mariselle-image-container center\">\n                                            <\/div>\n<p>Cumhuriyet Meclisi Ba\u015fkan\u0131 Zorlu T\u00f6re, \u0130stanbul temaslar\u0131 kapsam\u0131nda T\u00fcrkiye Emekli Subaylar Derne\u011fi Rasim Pa\u015fa \u015eubesi\u2019ni ziyaret etti.<br \/>Ba\u015fkan T\u00f6re\u2019yi, \u015eube Ba\u015fkan\u0131 Selman Baysal ve gaziler kar\u015f\u0131lad\u0131.<\/p>\n<p>T\u00f6re, burada yapt\u0131\u011f\u0131 konu\u015fmada Dernek binas\u0131nda bulunmaktan memnuniyet duydu\u011funu , T\u00fcrkiye Emekli Subaylar Derne\u011fi\u2019nin ba\u015fta K\u0131br\u0131s meselesi olmak \u00fczere T\u00fcrk D\u00fcnyas\u0131\u2019n\u0131 ilgilendiren milli konulara hassasiyet g\u00f6sterdi\u011fini ifade etti.<\/p>\n<p>T\u00f6re, emekli subaylar\u0131n fiziksel olarak askeri \u00fcniformay\u0131 \u00e7\u0131kartt\u0131\u011f\u0131n\u0131 ancak fikirsel halen \u00fclkeye hizmet etti\u011fini belirtti.<\/p>\n<p>T\u00f6re, K\u0131br\u0131s T\u00fcrk Halk\u0131\u2019n\u0131n selamlar\u0131n\u0131 getirdi\u011fini ve milli duru\u015fa T\u00fcrk milleti olarak devam ettiklerini s\u00f6yledi.<\/p>\n<p>T\u00fcrkiye Emekli Subaylar Derne\u011fi Rasim \u015eube Ba\u015fkan\u0131 Selman Baysal da her ko\u015fulda K\u0131br\u0131s T\u00fcrk Halk\u0131\u2019n\u0131n yan\u0131nda olduklar\u0131n\u0131 kaydetti.<\/p>\n<\/p><\/div>\n<p><script async\n                    defer\n                    crossorigin=\"anonymous\"\n                    src=\"https:\/\/connect.facebook.net\/tr_TR\/sdk.js#xfbml=1&#038;version=v3.3\"\n            ><\/script><\/p>\n","protected":false},"excerpt":{"rendered":"<p>Cumhuriyet Meclisi Ba\u015fkan\u0131 Zorlu T\u00f6re, \u0130stanbul temaslar\u0131 kapsam\u0131nda T\u00fcrkiye Emekli Subaylar Derne\u011fi Rasim Pa\u015fa \u015eubesi\u2019ni ziyaret etti.Ba\u015fkan T\u00f6re\u2019yi, \u015eube Ba\u015fkan\u0131 Selman Baysal ve gaziler kar\u015f\u0131lad\u0131. T\u00f6re, burada yapt\u0131\u011f\u0131 konu\u015fmada Dernek binas\u0131nda bulunmaktan memnuniyet duydu\u011funu , T\u00fcrkiye Emekli Subaylar Derne\u011fi\u2019nin ba\u015fta K\u0131br\u0131s meselesi olmak \u00fczere T\u00fcrk D\u00fcnyas\u0131\u2019n\u0131 ilgilendiren milli konulara hassasiyet g\u00f6sterdi\u011fini ifade etti. T\u00f6re, emekli [&hellip;]<\/p>\n","protected":false},"author":1,"featured_media":694,"comment_status":"open","ping_status":"open","sticky":false,"template":"","format":"standard","meta":{"jnews-multi-image_gallery":[],"jnews_single_post":[],"jnews_primary_category":[],"footnotes":""},"categories":[1],"tags":[],"class_list":["post-693","post","type-post","status-publish","format-standard","has-post-thumbnail","hentry","category-kibris"],"yoast_head":"<!-- This site is optimized with the Yoast SEO plugin v27.5 - https:\/\/yoast.com\/product\/yoast-seo-wordpress\/ -->\n<title>T\u00f6re, \u0130stanbul temaslar\u0131 kapsam\u0131nda T\u00fcrkiye Emekli Subaylar Derne\u011fi Rasim Pa\u015fa \u015eubesi\u2019ni ziyaret etti - Haber Kuzey<\/title>\n<meta name=\"robots\" content=\"index, follow, max-snippet:-1, max-image-preview:large, max-video-preview:-1\" \/>\n<link rel=\"canonical\" href=\"https:\/\/haberkuzey.com\/index.php\/2024\/04\/27\/tore-istanbul-temaslari-kapsaminda-turkiye-emekli-subaylar-dernegi-rasim-pasa-subesini-ziyaret-etti\/\" \/>\n<meta property=\"og:locale\" content=\"tr_TR\" \/>\n<meta property=\"og:type\" content=\"article\" \/>\n<meta property=\"og:title\" content=\"T\u00f6re, \u0130stanbul temaslar\u0131 kapsam\u0131nda T\u00fcrkiye Emekli Subaylar Derne\u011fi Rasim Pa\u015fa \u015eubesi\u2019ni ziyaret etti - Haber Kuzey\" \/>\n<meta property=\"og:description\" content=\"Cumhuriyet Meclisi Ba\u015fkan\u0131 Zorlu T\u00f6re, \u0130stanbul temaslar\u0131 kapsam\u0131nda T\u00fcrkiye Emekli Subaylar Derne\u011fi Rasim Pa\u015fa \u015eubesi\u2019ni ziyaret etti.Ba\u015fkan T\u00f6re\u2019yi, \u015eube Ba\u015fkan\u0131 Selman Baysal ve gaziler kar\u015f\u0131lad\u0131. T\u00f6re, burada yapt\u0131\u011f\u0131 konu\u015fmada Dernek binas\u0131nda bulunmaktan memnuniyet duydu\u011funu , T\u00fcrkiye Emekli Subaylar Derne\u011fi\u2019nin ba\u015fta K\u0131br\u0131s meselesi olmak \u00fczere T\u00fcrk D\u00fcnyas\u0131\u2019n\u0131 ilgilendiren milli konulara hassasiyet g\u00f6sterdi\u011fini ifade etti. T\u00f6re, emekli [&hellip;]\" \/>\n<meta property=\"og:url\" content=\"https:\/\/haberkuzey.com\/index.php\/2024\/04\/27\/tore-istanbul-temaslari-kapsaminda-turkiye-emekli-subaylar-dernegi-rasim-pasa-subesini-ziyaret-etti\/\" \/>\n<meta property=\"og:site_name\" content=\"Haber Kuzey\" \/>\n<meta property=\"article:published_time\" content=\"2024-04-27T09:28:14+00:00\" \/>\n<meta property=\"og:image\" content=\"https:\/\/haberkuzey.com\/wp-content\/uploads\/2024\/04\/kk89.jpg\" \/>\n\t<meta property=\"og:image:width\" content=\"2560\" \/>\n\t<meta property=\"og:image:height\" content=\"1706\" \/>\n\t<meta property=\"og:image:type\" content=\"image\/jpeg\" \/>\n<meta name=\"author\" content=\"haberkuzey\" \/>\n<meta name=\"twitter:card\" content=\"summary_large_image\" \/>\n<meta name=\"twitter:label1\" content=\"Yazan:\" \/>\n\t<meta name=\"twitter:data1\" content=\"haberkuzey\" \/>\n\t<meta name=\"twitter:label2\" content=\"Tahmini okuma s\u00fcresi\" \/>\n\t<meta name=\"twitter:data2\" content=\"1 dakika\" \/>\n<script type=\"application\/ld+json\" class=\"yoast-schema-graph\">{\"@context\":\"https:\\\/\\\/schema.org\",\"@graph\":[{\"@type\":\"Article\",\"@id\":\"https:\\\/\\\/haberkuzey.com\\\/index.php\\\/2024\\\/04\\\/27\\\/tore-istanbul-temaslari-kapsaminda-turkiye-emekli-subaylar-dernegi-rasim-pasa-subesini-ziyaret-etti\\\/#article\",\"isPartOf\":{\"@id\":\"https:\\\/\\\/haberkuzey.com\\\/index.php\\\/2024\\\/04\\\/27\\\/tore-istanbul-temaslari-kapsaminda-turkiye-emekli-subaylar-dernegi-rasim-pasa-subesini-ziyaret-etti\\\/\"},\"author\":{\"name\":\"haberkuzey\",\"@id\":\"https:\\\/\\\/haberkuzey.com\\\/#\\\/schema\\\/person\\\/3372109ec735f9333f4fa47ebb9605ca\"},\"headline\":\"T\u00f6re, \u0130stanbul temaslar\u0131 kapsam\u0131nda T\u00fcrkiye Emekli Subaylar Derne\u011fi Rasim Pa\u015fa \u015eubesi\u2019ni ziyaret etti\",\"datePublished\":\"2024-04-27T09:28:14+00:00\",\"mainEntityOfPage\":{\"@id\":\"https:\\\/\\\/haberkuzey.com\\\/index.php\\\/2024\\\/04\\\/27\\\/tore-istanbul-temaslari-kapsaminda-turkiye-emekli-subaylar-dernegi-rasim-pasa-subesini-ziyaret-etti\\\/\"},\"wordCount\":173,\"commentCount\":0,\"image\":{\"@id\":\"https:\\\/\\\/haberkuzey.com\\\/index.php\\\/2024\\\/04\\\/27\\\/tore-istanbul-temaslari-kapsaminda-turkiye-emekli-subaylar-dernegi-rasim-pasa-subesini-ziyaret-etti\\\/#primaryimage\"},\"thumbnailUrl\":\"https:\\\/\\\/haberkuzey.com\\\/wp-content\\\/uploads\\\/2024\\\/04\\\/kk89.jpg\",\"articleSection\":[\"K\u0131br\u0131s\"],\"inLanguage\":\"tr\",\"potentialAction\":[{\"@type\":\"CommentAction\",\"name\":\"Comment\",\"target\":[\"https:\\\/\\\/haberkuzey.com\\\/index.php\\\/2024\\\/04\\\/27\\\/tore-istanbul-temaslari-kapsaminda-turkiye-emekli-subaylar-dernegi-rasim-pasa-subesini-ziyaret-etti\\\/#respond\"]}]},{\"@type\":\"WebPage\",\"@id\":\"https:\\\/\\\/haberkuzey.com\\\/index.php\\\/2024\\\/04\\\/27\\\/tore-istanbul-temaslari-kapsaminda-turkiye-emekli-subaylar-dernegi-rasim-pasa-subesini-ziyaret-etti\\\/\",\"url\":\"https:\\\/\\\/haberkuzey.com\\\/index.php\\\/2024\\\/04\\\/27\\\/tore-istanbul-temaslari-kapsaminda-turkiye-emekli-subaylar-dernegi-rasim-pasa-subesini-ziyaret-etti\\\/\",\"name\":\"T\u00f6re, \u0130stanbul temaslar\u0131 kapsam\u0131nda T\u00fcrkiye Emekli Subaylar Derne\u011fi Rasim Pa\u015fa \u015eubesi\u2019ni ziyaret etti - Haber Kuzey\",\"isPartOf\":{\"@id\":\"https:\\\/\\\/haberkuzey.com\\\/#website\"},\"primaryImageOfPage\":{\"@id\":\"https:\\\/\\\/haberkuzey.com\\\/index.php\\\/2024\\\/04\\\/27\\\/tore-istanbul-temaslari-kapsaminda-turkiye-emekli-subaylar-dernegi-rasim-pasa-subesini-ziyaret-etti\\\/#primaryimage\"},\"image\":{\"@id\":\"https:\\\/\\\/haberkuzey.com\\\/index.php\\\/2024\\\/04\\\/27\\\/tore-istanbul-temaslari-kapsaminda-turkiye-emekli-subaylar-dernegi-rasim-pasa-subesini-ziyaret-etti\\\/#primaryimage\"},\"thumbnailUrl\":\"https:\\\/\\\/haberkuzey.com\\\/wp-content\\\/uploads\\\/2024\\\/04\\\/kk89.jpg\",\"datePublished\":\"2024-04-27T09:28:14+00:00\",\"author\":{\"@id\":\"https:\\\/\\\/haberkuzey.com\\\/#\\\/schema\\\/person\\\/3372109ec735f9333f4fa47ebb9605ca\"},\"breadcrumb\":{\"@id\":\"https:\\\/\\\/haberkuzey.com\\\/index.php\\\/2024\\\/04\\\/27\\\/tore-istanbul-temaslari-kapsaminda-turkiye-emekli-subaylar-dernegi-rasim-pasa-subesini-ziyaret-etti\\\/#breadcrumb\"},\"inLanguage\":\"tr\",\"potentialAction\":[{\"@type\":\"ReadAction\",\"target\":[\"https:\\\/\\\/haberkuzey.com\\\/index.php\\\/2024\\\/04\\\/27\\\/tore-istanbul-temaslari-kapsaminda-turkiye-emekli-subaylar-dernegi-rasim-pasa-subesini-ziyaret-etti\\\/\"]}]},{\"@type\":\"ImageObject\",\"inLanguage\":\"tr\",\"@id\":\"https:\\\/\\\/haberkuzey.com\\\/index.php\\\/2024\\\/04\\\/27\\\/tore-istanbul-temaslari-kapsaminda-turkiye-emekli-subaylar-dernegi-rasim-pasa-subesini-ziyaret-etti\\\/#primaryimage\",\"url\":\"https:\\\/\\\/haberkuzey.com\\\/wp-content\\\/uploads\\\/2024\\\/04\\\/kk89.jpg\",\"contentUrl\":\"https:\\\/\\\/haberkuzey.com\\\/wp-content\\\/uploads\\\/2024\\\/04\\\/kk89.jpg\",\"width\":2560,\"height\":1706},{\"@type\":\"BreadcrumbList\",\"@id\":\"https:\\\/\\\/haberkuzey.com\\\/index.php\\\/2024\\\/04\\\/27\\\/tore-istanbul-temaslari-kapsaminda-turkiye-emekli-subaylar-dernegi-rasim-pasa-subesini-ziyaret-etti\\\/#breadcrumb\",\"itemListElement\":[{\"@type\":\"ListItem\",\"position\":1,\"name\":\"Anasayfa\",\"item\":\"https:\\\/\\\/haberkuzey.com\\\/\"},{\"@type\":\"ListItem\",\"position\":2,\"name\":\"T\u00f6re, \u0130stanbul temaslar\u0131 kapsam\u0131nda T\u00fcrkiye Emekli Subaylar Derne\u011fi Rasim Pa\u015fa \u015eubesi\u2019ni ziyaret etti\"}]},{\"@type\":\"WebSite\",\"@id\":\"https:\\\/\\\/haberkuzey.com\\\/#website\",\"url\":\"https:\\\/\\\/haberkuzey.com\\\/\",\"name\":\"Haber Kuzey\",\"description\":\"Do\u011fru Haberin Adresi\",\"potentialAction\":[{\"@type\":\"SearchAction\",\"target\":{\"@type\":\"EntryPoint\",\"urlTemplate\":\"https:\\\/\\\/haberkuzey.com\\\/?s={search_term_string}\"},\"query-input\":{\"@type\":\"PropertyValueSpecification\",\"valueRequired\":true,\"valueName\":\"search_term_string\"}}],\"inLanguage\":\"tr\"},{\"@type\":\"Person\",\"@id\":\"https:\\\/\\\/haberkuzey.com\\\/#\\\/schema\\\/person\\\/3372109ec735f9333f4fa47ebb9605ca\",\"name\":\"haberkuzey\",\"image\":{\"@type\":\"ImageObject\",\"inLanguage\":\"tr\",\"@id\":\"https:\\\/\\\/secure.gravatar.com\\\/avatar\\\/f5fc875574b1575324358c3b9e6a32b8227aa5b74f3fa22e3cadb63e26fcc39c?s=96&d=mm&r=g\",\"url\":\"https:\\\/\\\/secure.gravatar.com\\\/avatar\\\/f5fc875574b1575324358c3b9e6a32b8227aa5b74f3fa22e3cadb63e26fcc39c?s=96&d=mm&r=g\",\"contentUrl\":\"https:\\\/\\\/secure.gravatar.com\\\/avatar\\\/f5fc875574b1575324358c3b9e6a32b8227aa5b74f3fa22e3cadb63e26fcc39c?s=96&d=mm&r=g\",\"caption\":\"haberkuzey\"},\"sameAs\":[\"https:\\\/\\\/haberkuzey.com\"],\"url\":\"https:\\\/\\\/haberkuzey.com\\\/index.php\\\/author\\\/haberkuzey\\\/\"}]}<\/script>\n<!-- \/ Yoast SEO plugin. -->","yoast_head_json":{"title":"T\u00f6re, \u0130stanbul temaslar\u0131 kapsam\u0131nda T\u00fcrkiye Emekli Subaylar Derne\u011fi Rasim Pa\u015fa \u015eubesi\u2019ni ziyaret etti - Haber Kuzey","robots":{"index":"index","follow":"follow","max-snippet":"max-snippet:-1","max-image-preview":"max-image-preview:large","max-video-preview":"max-video-preview:-1"},"canonical":"https:\/\/haberkuzey.com\/index.php\/2024\/04\/27\/tore-istanbul-temaslari-kapsaminda-turkiye-emekli-subaylar-dernegi-rasim-pasa-subesini-ziyaret-etti\/","og_locale":"tr_TR","og_type":"article","og_title":"T\u00f6re, \u0130stanbul temaslar\u0131 kapsam\u0131nda T\u00fcrkiye Emekli Subaylar Derne\u011fi Rasim Pa\u015fa \u015eubesi\u2019ni ziyaret etti - Haber Kuzey","og_description":"Cumhuriyet Meclisi Ba\u015fkan\u0131 Zorlu T\u00f6re, \u0130stanbul temaslar\u0131 kapsam\u0131nda T\u00fcrkiye Emekli Subaylar Derne\u011fi Rasim Pa\u015fa \u015eubesi\u2019ni ziyaret etti.Ba\u015fkan T\u00f6re\u2019yi, \u015eube Ba\u015fkan\u0131 Selman Baysal ve gaziler kar\u015f\u0131lad\u0131. T\u00f6re, burada yapt\u0131\u011f\u0131 konu\u015fmada Dernek binas\u0131nda bulunmaktan memnuniyet duydu\u011funu , T\u00fcrkiye Emekli Subaylar Derne\u011fi\u2019nin ba\u015fta K\u0131br\u0131s meselesi olmak \u00fczere T\u00fcrk D\u00fcnyas\u0131\u2019n\u0131 ilgilendiren milli konulara hassasiyet g\u00f6sterdi\u011fini ifade etti. T\u00f6re, emekli [&hellip;]","og_url":"https:\/\/haberkuzey.com\/index.php\/2024\/04\/27\/tore-istanbul-temaslari-kapsaminda-turkiye-emekli-subaylar-dernegi-rasim-pasa-subesini-ziyaret-etti\/","og_site_name":"Haber Kuzey","article_published_time":"2024-04-27T09:28:14+00:00","og_image":[{"width":2560,"height":1706,"url":"https:\/\/haberkuzey.com\/wp-content\/uploads\/2024\/04\/kk89.jpg","type":"image\/jpeg"}],"author":"haberkuzey","twitter_card":"summary_large_image","twitter_misc":{"Yazan:":"haberkuzey","Tahmini okuma s\u00fcresi":"1 dakika"},"schema":{"@context":"https:\/\/schema.org","@graph":[{"@type":"Article","@id":"https:\/\/haberkuzey.com\/index.php\/2024\/04\/27\/tore-istanbul-temaslari-kapsaminda-turkiye-emekli-subaylar-dernegi-rasim-pasa-subesini-ziyaret-etti\/#article","isPartOf":{"@id":"https:\/\/haberkuzey.com\/index.php\/2024\/04\/27\/tore-istanbul-temaslari-kapsaminda-turkiye-emekli-subaylar-dernegi-rasim-pasa-subesini-ziyaret-etti\/"},"author":{"name":"haberkuzey","@id":"https:\/\/haberkuzey.com\/#\/schema\/person\/3372109ec735f9333f4fa47ebb9605ca"},"headline":"T\u00f6re, \u0130stanbul temaslar\u0131 kapsam\u0131nda T\u00fcrkiye Emekli Subaylar Derne\u011fi Rasim Pa\u015fa \u015eubesi\u2019ni ziyaret etti","datePublished":"2024-04-27T09:28:14+00:00","mainEntityOfPage":{"@id":"https:\/\/haberkuzey.com\/index.php\/2024\/04\/27\/tore-istanbul-temaslari-kapsaminda-turkiye-emekli-subaylar-dernegi-rasim-pasa-subesini-ziyaret-etti\/"},"wordCount":173,"commentCount":0,"image":{"@id":"https:\/\/haberkuzey.com\/index.php\/2024\/04\/27\/tore-istanbul-temaslari-kapsaminda-turkiye-emekli-subaylar-dernegi-rasim-pasa-subesini-ziyaret-etti\/#primaryimage"},"thumbnailUrl":"https:\/\/haberkuzey.com\/wp-content\/uploads\/2024\/04\/kk89.jpg","articleSection":["K\u0131br\u0131s"],"inLanguage":"tr","potentialAction":[{"@type":"CommentAction","name":"Comment","target":["https:\/\/haberkuzey.com\/index.php\/2024\/04\/27\/tore-istanbul-temaslari-kapsaminda-turkiye-emekli-subaylar-dernegi-rasim-pasa-subesini-ziyaret-etti\/#respond"]}]},{"@type":"WebPage","@id":"https:\/\/haberkuzey.com\/index.php\/2024\/04\/27\/tore-istanbul-temaslari-kapsaminda-turkiye-emekli-subaylar-dernegi-rasim-pasa-subesini-ziyaret-etti\/","url":"https:\/\/haberkuzey.com\/index.php\/2024\/04\/27\/tore-istanbul-temaslari-kapsaminda-turkiye-emekli-subaylar-dernegi-rasim-pasa-subesini-ziyaret-etti\/","name":"T\u00f6re, \u0130stanbul temaslar\u0131 kapsam\u0131nda T\u00fcrkiye Emekli Subaylar Derne\u011fi Rasim Pa\u015fa \u015eubesi\u2019ni ziyaret etti - Haber Kuzey","isPartOf":{"@id":"https:\/\/haberkuzey.com\/#website"},"primaryImageOfPage":{"@id":"https:\/\/haberkuzey.com\/index.php\/2024\/04\/27\/tore-istanbul-temaslari-kapsaminda-turkiye-emekli-subaylar-dernegi-rasim-pasa-subesini-ziyaret-etti\/#primaryimage"},"image":{"@id":"https:\/\/haberkuzey.com\/index.php\/2024\/04\/27\/tore-istanbul-temaslari-kapsaminda-turkiye-emekli-subaylar-dernegi-rasim-pasa-subesini-ziyaret-etti\/#primaryimage"},"thumbnailUrl":"https:\/\/haberkuzey.com\/wp-content\/uploads\/2024\/04\/kk89.jpg","datePublished":"2024-04-27T09:28:14+00:00","author":{"@id":"https:\/\/haberkuzey.com\/#\/schema\/person\/3372109ec735f9333f4fa47ebb9605ca"},"breadcrumb":{"@id":"https:\/\/haberkuzey.com\/index.php\/2024\/04\/27\/tore-istanbul-temaslari-kapsaminda-turkiye-emekli-subaylar-dernegi-rasim-pasa-subesini-ziyaret-etti\/#breadcrumb"},"inLanguage":"tr","potentialAction":[{"@type":"ReadAction","target":["https:\/\/haberkuzey.com\/index.php\/2024\/04\/27\/tore-istanbul-temaslari-kapsaminda-turkiye-emekli-subaylar-dernegi-rasim-pasa-subesini-ziyaret-etti\/"]}]},{"@type":"ImageObject","inLanguage":"tr","@id":"https:\/\/haberkuzey.com\/index.php\/2024\/04\/27\/tore-istanbul-temaslari-kapsaminda-turkiye-emekli-subaylar-dernegi-rasim-pasa-subesini-ziyaret-etti\/#primaryimage","url":"https:\/\/haberkuzey.com\/wp-content\/uploads\/2024\/04\/kk89.jpg","contentUrl":"https:\/\/haberkuzey.com\/wp-content\/uploads\/2024\/04\/kk89.jpg","width":2560,"height":1706},{"@type":"BreadcrumbList","@id":"https:\/\/haberkuzey.com\/index.php\/2024\/04\/27\/tore-istanbul-temaslari-kapsaminda-turkiye-emekli-subaylar-dernegi-rasim-pasa-subesini-ziyaret-etti\/#breadcrumb","itemListElement":[{"@type":"ListItem","position":1,"name":"Anasayfa","item":"https:\/\/haberkuzey.com\/"},{"@type":"ListItem","position":2,"name":"T\u00f6re, \u0130stanbul temaslar\u0131 kapsam\u0131nda T\u00fcrkiye Emekli Subaylar Derne\u011fi Rasim Pa\u015fa \u015eubesi\u2019ni ziyaret etti"}]},{"@type":"WebSite","@id":"https:\/\/haberkuzey.com\/#website","url":"https:\/\/haberkuzey.com\/","name":"Haber Kuzey","description":"Do\u011fru Haberin Adresi","potentialAction":[{"@type":"SearchAction","target":{"@type":"EntryPoint","urlTemplate":"https:\/\/haberkuzey.com\/?s={search_term_string}"},"query-input":{"@type":"PropertyValueSpecification","valueRequired":true,"valueName":"search_term_string"}}],"inLanguage":"tr"},{"@type":"Person","@id":"https:\/\/haberkuzey.com\/#\/schema\/person\/3372109ec735f9333f4fa47ebb9605ca","name":"haberkuzey","image":{"@type":"ImageObject","inLanguage":"tr","@id":"https:\/\/secure.gravatar.com\/avatar\/f5fc875574b1575324358c3b9e6a32b8227aa5b74f3fa22e3cadb63e26fcc39c?s=96&d=mm&r=g","url":"https:\/\/secure.gravatar.com\/avatar\/f5fc875574b1575324358c3b9e6a32b8227aa5b74f3fa22e3cadb63e26fcc39c?s=96&d=mm&r=g","contentUrl":"https:\/\/secure.gravatar.com\/avatar\/f5fc875574b1575324358c3b9e6a32b8227aa5b74f3fa22e3cadb63e26fcc39c?s=96&d=mm&r=g","caption":"haberkuzey"},"sameAs":["https:\/\/haberkuzey.com"],"url":"https:\/\/haberkuzey.com\/index.php\/author\/haberkuzey\/"}]}},"_links":{"self":[{"href":"https:\/\/haberkuzey.com\/index.php\/wp-json\/wp\/v2\/posts\/693","targetHints":{"allow":["GET"]}}],"collection":[{"href":"https:\/\/haberkuzey.com\/index.php\/wp-json\/wp\/v2\/posts"}],"about":[{"href":"https:\/\/haberkuzey.com\/index.php\/wp-json\/wp\/v2\/types\/post"}],"author":[{"embeddable":true,"href":"https:\/\/haberkuzey.com\/index.php\/wp-json\/wp\/v2\/users\/1"}],"replies":[{"embeddable":true,"href":"https:\/\/haberkuzey.com\/index.php\/wp-json\/wp\/v2\/comments?post=693"}],"version-history":[{"count":0,"href":"https:\/\/haberkuzey.com\/index.php\/wp-json\/wp\/v2\/posts\/693\/revisions"}],"wp:featuredmedia":[{"embeddable":true,"href":"https:\/\/haberkuzey.com\/index.php\/wp-json\/wp\/v2\/media\/694"}],"wp:attachment":[{"href":"https:\/\/haberkuzey.com\/index.php\/wp-json\/wp\/v2\/media?parent=693"}],"wp:term":[{"taxonomy":"category","embeddable":true,"href":"https:\/\/haberkuzey.com\/index.php\/wp-json\/wp\/v2\/categories?post=693"},{"taxonomy":"post_tag","embeddable":true,"href":"https:\/\/haberkuzey.com\/index.php\/wp-json\/wp\/v2\/tags?post=693"}],"curies":[{"name":"wp","href":"https:\/\/api.w.org\/{rel}","templated":true}]}}