{"id":657,"date":"2024-04-27T01:37:07","date_gmt":"2024-04-26T22:37:07","guid":{"rendered":"https:\/\/kuzeyinsesi.com\/index.php\/2024\/04\/27\/mescidi-aksa-imam-hatibinden-cumhurbaskani-erdoganin-filistin-vurgusuna-ovgu\/"},"modified":"2024-04-27T01:37:07","modified_gmt":"2024-04-26T22:37:07","slug":"mescidi-aksa-imam-hatibinden-cumhurbaskani-erdoganin-filistin-vurgusuna-ovgu","status":"publish","type":"post","link":"https:\/\/haberkuzey.com\/index.php\/2024\/04\/27\/mescidi-aksa-imam-hatibinden-cumhurbaskani-erdoganin-filistin-vurgusuna-ovgu\/","title":{"rendered":"Mescidi Aksa \u0130mam Hatibinden Cumhurba\u015fkan\u0131 Erdo\u011fan\u0131n Filistin vurgusuna \u00f6vg\u00fc"},"content":{"rendered":"<p><\/p>\n<div>\n<p>&#13;<br \/>\n\t<a href=\"https:\/\/www.trthaber.com\/etiket\/kudus\/\" target=\"_blank\" rel=\"noopener\">Kud\u00fcs<\/a> Y\u00fcksek \u0130slam Heyeti Ba\u015fkan\u0131 \u015eeyh \u0130krime Sabri, yapt\u0131\u011f\u0131 yaz\u0131l\u0131 a\u00e7\u0131klamada, \u201cT\u00fcrkiye Cumhurba\u015fkan\u0131 Recep Tayyip Erdo\u011fan&#8217;\u0131n do\u011fru yolda olan olumlu tutumlar\u0131n\u0131 takdir ediyoruz. Bu tutumlar, Filistin davas\u0131n\u0131n adaletine inanan bir kalpten geliyor.\u201d ifadelerini kulland\u0131.<\/p>\n<p>&#13;<br \/>\n\t\u015eeyh Sabri, T\u00fcrkiye\u2019nin Filistin davas\u0131na ili\u015fkin diplomatik ve <a href=\"https:\/\/www.trthaber.com\/etiket\/medya\/\" target=\"_blank\" rel=\"noopener\">medya<\/a> alan\u0131nda ortaya koydu\u011fu faaliyetlerin \u00f6nemli oldu\u011funa dikkati \u00e7ekerek, Filistin halk\u0131n\u0131n haklar\u0131n\u0131 ve Mescid-i Aksa&#8217;n\u0131n \u0130slami stat\u00fcs\u00fcn\u00fc koruyan ad\u0131mlar\u0131n art\u0131r\u0131lmas\u0131 \u00e7a\u011fr\u0131s\u0131nda bulundu.<\/p>\n<p>&#13;<br \/>\n\tFilistin halk\u0131na y\u00f6nelik sald\u0131r\u0131y\u0131 durdurmak ve \u0130srail&#8217;i <a href=\"https:\/\/www.trthaber.com\/etiket\/soykirim\/\" target=\"_blank\" rel=\"noopener\">soyk\u0131r\u0131m<\/a> sava\u015f\u0131ndan cayd\u0131racak bir \u0130slam birli\u011fi olu\u015fturmak i\u00e7in Arap ve \u0130slam d\u00fcnyas\u0131n\u0131 T\u00fcrkiye ile i\u015fbirli\u011fi yapmaya davet eden \u015eeyh Sabri, \u0130srail&#8217;in, Filistin halk\u0131na kar\u015f\u0131 bu sava\u015f\u0131nda <a href=\"https:\/\/www.trthaber.com\/etiket\/abd\/\" target=\"_blank\" rel=\"noopener\">ABD<\/a> ve Bat\u0131\u2019n\u0131n s\u0131n\u0131rs\u0131z deste\u011finden yararland\u0131\u011f\u0131na vurgu yapt\u0131.<\/p>\n<p>&#13;<br \/>\n\t\u015eeyh Sabri, Arap ve \u0130slam \u00fclkelerinin \u0130srail\u2019e destek veren \u00fclkelere her t\u00fcrl\u00fc bask\u0131y\u0131 yapmalar\u0131 gerekti\u011fini belirterek d\u00fcnyan\u0131n d\u00f6rt bir taraf\u0131nda Filistin halk\u0131na destek amac\u0131yla g\u00f6steri d\u00fczenleyen halklar\u0131 selamlad\u0131.<\/p>\n<p>&#13;<br \/>\n\t\u0130srail\u2019in yalanlar\u0131n\u0131 ve su\u00e7lar\u0131n\u0131 ortaya \u00e7\u0131karmak i\u00e7in her t\u00fcrl\u00fc \u00e7abay\u0131 g\u00f6steren aktivistleri, bas\u0131n mensuplar\u0131n\u0131 ve ba\u011f\u0131ms\u0131z karar vericileri de takdir eden \u015eeyh Sabri, Filistin halk\u0131n\u0131n <a href=\"https:\/\/www.trthaber.com\/etiket\/israil\/\" target=\"_blank\" rel=\"noopener\">\u0130srail<\/a> ve m\u00fcttefiklerinin y\u00fcr\u00fctt\u00fc\u011f\u00fc <a href=\"https:\/\/www.trthaber.com\/etiket\/savas\/\" target=\"_blank\" rel=\"noopener\">sava\u015f<\/a> kar\u015f\u0131s\u0131nda ger\u00e7ek bir destek olmaks\u0131z\u0131n direndi\u011fini kaydetti.<\/p>\n<p>&#13;<br \/>\n\t<strong>&#8220;Hi\u00e7 kimse bizden soyk\u0131r\u0131ma sessiz kalmam\u0131z\u0131 bekleyemez&#8221;<\/strong><\/p>\n<p>&#13;<br \/>\n\tCumhurba\u015fkan\u0131 Erdo\u011fan, bug\u00fcn d\u00fczenlenen Parlamenterler Aras\u0131 Kud\u00fcs Platformu 5. Konferans\u0131&#8217;nda yapt\u0131\u011f\u0131 konu\u015fmada, &#8220;T\u00fcm imkans\u0131zl\u0131klara ra\u011fmen Filistinli karde\u015flerimiz tam 203 g\u00fcnd\u00fcr tek ba\u015flar\u0131na direnirken, hi\u00e7 kimse bizden soyk\u0131r\u0131ma sessiz kalmam\u0131z\u0131 bekleyemez.&#8221; demi\u015fti.<\/p>\n<p>&#13;<br \/>\n\tM\u00fcsl\u00fcman olman\u0131n, M\u00fcsl\u00fcmanca ya\u015faman\u0131n, hakk\u0131, hukuku ve adaleti cesaretle savunman\u0131n zor oldu\u011fu g\u00fcnlerden ge\u00e7ildi\u011fini vurgulayan Erdo\u011fan, s\u00f6zlerini \u015f\u00f6yle s\u00fcrd\u00fcrm\u00fc\u015ft\u00fc:<\/p>\n<p>&#13;<br \/>\n\t&#8220;Bilhassa ilk k\u0131blemiz Mescid-i Aksa&#8217;n\u0131n mahremiyetine, tarihi stat\u00fcs\u00fcne ve kutsiyetine y\u00f6nelik tacizler giderek art\u0131yor. \u0130\u015fgalci \u0130srail taraf\u0131ndan Kud\u00fcs&#8217;\u00fcn kadim kimli\u011fi ad\u0131m ad\u0131m yok ediliyor. Kandan ve g\u00f6zya\u015f\u0131ndan beslenen ha\u00e7l\u0131 zihniyetinin tekrar hortlat\u0131lmak istendi\u011fini g\u00f6r\u00fcyoruz. Ha\u00e7l\u0131 seferleriyle yak\u0131l\u0131p y\u0131k\u0131lan Kud\u00fcs&#8217;\u00fc tekrar aya\u011fa kald\u0131ran ve d\u00f6rt as\u0131r boyunca bir esenlik diyar\u0131 haline d\u00f6n\u00fc\u015ft\u00fcren ecdad\u0131n torunlar\u0131 olarak Filistin&#8217;de ya\u015fanan menfi, m\u00fcspet her geli\u015fmeyi yak\u0131ndan takip ediyoruz.<\/p>\n<p>&#13;<br \/>\n\tResul\u00fc Ekrem Efendimizin aleyhissalatu vesselam, \u015fu tavsiyesi Kud\u00fcs davas\u0131nda ecdad\u0131m\u0131z gibi bizim de rehberimizdir; &#8216;Beyt\u00fc&#8217;l-Makdis&#8217;e gidin ve orada namaz k\u0131l\u0131n. \u015eayet oraya gidemez ve orada namaz k\u0131lamazsan\u0131z oran\u0131n kandillerini ayd\u0131nlatacak ya\u011f g\u00f6nderin.&#8217; Evet, <a href=\"https:\/\/www.trthaber.com\/etiket\/mescid-i-aksa\/\" target=\"_blank\" rel=\"noopener\">Mescid-i Aksa<\/a> bizim sadece ilk k\u0131blemiz de\u011fildir. Ayn\u0131 zamanda Hazreti Nebi&#8217;nin ve ondan \u00f6nce gelen peygamberlerin de bize emanetidir. Kud\u00fcs-\u00fc \u015eerif&#8217;in her k\u00f6\u015fesinde bu kutlu beldeye 400 y\u0131l boyunca b\u00fcy\u00fck sevda ile hizmet etmi\u015f kahraman ecdad\u0131m\u0131n izi, eseri ve m\u00fchr\u00fc vard\u0131r. Kimse bu izleri silemez, hi\u00e7bir g\u00fc\u00e7 kalbimizden Kud\u00fcs sevgisini s\u00f6kemez.&#8221;<\/p>\n<\/p><\/div>\n","protected":false},"excerpt":{"rendered":"<p>&#13; Kud\u00fcs Y\u00fcksek \u0130slam Heyeti Ba\u015fkan\u0131 \u015eeyh \u0130krime Sabri, yapt\u0131\u011f\u0131 yaz\u0131l\u0131 a\u00e7\u0131klamada, \u201cT\u00fcrkiye Cumhurba\u015fkan\u0131 Recep Tayyip Erdo\u011fan&#8217;\u0131n do\u011fru yolda olan olumlu tutumlar\u0131n\u0131 takdir ediyoruz. Bu tutumlar, Filistin davas\u0131n\u0131n adaletine inanan bir kalpten geliyor.\u201d ifadelerini kulland\u0131. &#13; \u015eeyh Sabri, T\u00fcrkiye\u2019nin Filistin davas\u0131na ili\u015fkin diplomatik ve medya alan\u0131nda ortaya koydu\u011fu faaliyetlerin \u00f6nemli oldu\u011funa dikkati \u00e7ekerek, Filistin halk\u0131n\u0131n [&hellip;]<\/p>\n","protected":false},"author":1,"featured_media":658,"comment_status":"open","ping_status":"open","sticky":false,"template":"","format":"standard","meta":{"jnews-multi-image_gallery":[],"jnews_single_post":[],"jnews_primary_category":[],"footnotes":""},"categories":[2],"tags":[],"class_list":["post-657","post","type-post","status-publish","format-standard","has-post-thumbnail","hentry","category-dunya"],"yoast_head":"<!-- This site is optimized with the Yoast SEO plugin v27.5 - https:\/\/yoast.com\/product\/yoast-seo-wordpress\/ -->\n<title>Mescidi Aksa \u0130mam Hatibinden Cumhurba\u015fkan\u0131 Erdo\u011fan\u0131n Filistin vurgusuna \u00f6vg\u00fc - Haber Kuzey<\/title>\n<meta name=\"robots\" content=\"index, follow, max-snippet:-1, max-image-preview:large, max-video-preview:-1\" \/>\n<link rel=\"canonical\" href=\"https:\/\/haberkuzey.com\/index.php\/2024\/04\/27\/mescidi-aksa-imam-hatibinden-cumhurbaskani-erdoganin-filistin-vurgusuna-ovgu\/\" \/>\n<meta property=\"og:locale\" content=\"tr_TR\" \/>\n<meta property=\"og:type\" content=\"article\" \/>\n<meta property=\"og:title\" content=\"Mescidi Aksa \u0130mam Hatibinden Cumhurba\u015fkan\u0131 Erdo\u011fan\u0131n Filistin vurgusuna \u00f6vg\u00fc - Haber Kuzey\" \/>\n<meta property=\"og:description\" content=\"&#013; Kud\u00fcs Y\u00fcksek \u0130slam Heyeti Ba\u015fkan\u0131 \u015eeyh \u0130krime Sabri, yapt\u0131\u011f\u0131 yaz\u0131l\u0131 a\u00e7\u0131klamada, \u201cT\u00fcrkiye Cumhurba\u015fkan\u0131 Recep Tayyip Erdo\u011fan&#8217;\u0131n do\u011fru yolda olan olumlu tutumlar\u0131n\u0131 takdir ediyoruz. Bu tutumlar, Filistin davas\u0131n\u0131n adaletine inanan bir kalpten geliyor.\u201d ifadelerini kulland\u0131. &#013; \u015eeyh Sabri, T\u00fcrkiye\u2019nin Filistin davas\u0131na ili\u015fkin diplomatik ve medya alan\u0131nda ortaya koydu\u011fu faaliyetlerin \u00f6nemli oldu\u011funa dikkati \u00e7ekerek, Filistin halk\u0131n\u0131n [&hellip;]\" \/>\n<meta property=\"og:url\" content=\"https:\/\/haberkuzey.com\/index.php\/2024\/04\/27\/mescidi-aksa-imam-hatibinden-cumhurbaskani-erdoganin-filistin-vurgusuna-ovgu\/\" \/>\n<meta property=\"og:site_name\" content=\"Haber Kuzey\" \/>\n<meta property=\"article:published_time\" content=\"2024-04-26T22:37:07+00:00\" \/>\n<meta property=\"og:image\" content=\"https:\/\/haberkuzey.com\/wp-content\/uploads\/2024\/04\/seyh-ikrime-sabri-aa-2220545.jpg\" \/>\n\t<meta property=\"og:image:width\" content=\"1280\" \/>\n\t<meta property=\"og:image:height\" content=\"720\" \/>\n\t<meta property=\"og:image:type\" content=\"image\/jpeg\" \/>\n<meta name=\"author\" content=\"haberkuzey\" \/>\n<meta name=\"twitter:card\" content=\"summary_large_image\" \/>\n<meta name=\"twitter:label1\" content=\"Yazan:\" \/>\n\t<meta name=\"twitter:data1\" content=\"haberkuzey\" \/>\n\t<meta name=\"twitter:label2\" content=\"Tahmini okuma s\u00fcresi\" \/>\n\t<meta name=\"twitter:data2\" content=\"3 dakika\" \/>\n<script type=\"application\/ld+json\" class=\"yoast-schema-graph\">{\"@context\":\"https:\\\/\\\/schema.org\",\"@graph\":[{\"@type\":\"Article\",\"@id\":\"https:\\\/\\\/haberkuzey.com\\\/index.php\\\/2024\\\/04\\\/27\\\/mescidi-aksa-imam-hatibinden-cumhurbaskani-erdoganin-filistin-vurgusuna-ovgu\\\/#article\",\"isPartOf\":{\"@id\":\"https:\\\/\\\/haberkuzey.com\\\/index.php\\\/2024\\\/04\\\/27\\\/mescidi-aksa-imam-hatibinden-cumhurbaskani-erdoganin-filistin-vurgusuna-ovgu\\\/\"},\"author\":{\"name\":\"haberkuzey\",\"@id\":\"https:\\\/\\\/haberkuzey.com\\\/#\\\/schema\\\/person\\\/3372109ec735f9333f4fa47ebb9605ca\"},\"headline\":\"Mescidi Aksa \u0130mam Hatibinden Cumhurba\u015fkan\u0131 Erdo\u011fan\u0131n Filistin vurgusuna \u00f6vg\u00fc\",\"datePublished\":\"2024-04-26T22:37:07+00:00\",\"mainEntityOfPage\":{\"@id\":\"https:\\\/\\\/haberkuzey.com\\\/index.php\\\/2024\\\/04\\\/27\\\/mescidi-aksa-imam-hatibinden-cumhurbaskani-erdoganin-filistin-vurgusuna-ovgu\\\/\"},\"wordCount\":586,\"commentCount\":0,\"image\":{\"@id\":\"https:\\\/\\\/haberkuzey.com\\\/index.php\\\/2024\\\/04\\\/27\\\/mescidi-aksa-imam-hatibinden-cumhurbaskani-erdoganin-filistin-vurgusuna-ovgu\\\/#primaryimage\"},\"thumbnailUrl\":\"https:\\\/\\\/haberkuzey.com\\\/wp-content\\\/uploads\\\/2024\\\/04\\\/seyh-ikrime-sabri-aa-2220545.jpg\",\"articleSection\":[\"D\u00fcnya\"],\"inLanguage\":\"tr\",\"potentialAction\":[{\"@type\":\"CommentAction\",\"name\":\"Comment\",\"target\":[\"https:\\\/\\\/haberkuzey.com\\\/index.php\\\/2024\\\/04\\\/27\\\/mescidi-aksa-imam-hatibinden-cumhurbaskani-erdoganin-filistin-vurgusuna-ovgu\\\/#respond\"]}]},{\"@type\":\"WebPage\",\"@id\":\"https:\\\/\\\/haberkuzey.com\\\/index.php\\\/2024\\\/04\\\/27\\\/mescidi-aksa-imam-hatibinden-cumhurbaskani-erdoganin-filistin-vurgusuna-ovgu\\\/\",\"url\":\"https:\\\/\\\/haberkuzey.com\\\/index.php\\\/2024\\\/04\\\/27\\\/mescidi-aksa-imam-hatibinden-cumhurbaskani-erdoganin-filistin-vurgusuna-ovgu\\\/\",\"name\":\"Mescidi Aksa \u0130mam Hatibinden Cumhurba\u015fkan\u0131 Erdo\u011fan\u0131n Filistin vurgusuna \u00f6vg\u00fc - Haber Kuzey\",\"isPartOf\":{\"@id\":\"https:\\\/\\\/haberkuzey.com\\\/#website\"},\"primaryImageOfPage\":{\"@id\":\"https:\\\/\\\/haberkuzey.com\\\/index.php\\\/2024\\\/04\\\/27\\\/mescidi-aksa-imam-hatibinden-cumhurbaskani-erdoganin-filistin-vurgusuna-ovgu\\\/#primaryimage\"},\"image\":{\"@id\":\"https:\\\/\\\/haberkuzey.com\\\/index.php\\\/2024\\\/04\\\/27\\\/mescidi-aksa-imam-hatibinden-cumhurbaskani-erdoganin-filistin-vurgusuna-ovgu\\\/#primaryimage\"},\"thumbnailUrl\":\"https:\\\/\\\/haberkuzey.com\\\/wp-content\\\/uploads\\\/2024\\\/04\\\/seyh-ikrime-sabri-aa-2220545.jpg\",\"datePublished\":\"2024-04-26T22:37:07+00:00\",\"author\":{\"@id\":\"https:\\\/\\\/haberkuzey.com\\\/#\\\/schema\\\/person\\\/3372109ec735f9333f4fa47ebb9605ca\"},\"breadcrumb\":{\"@id\":\"https:\\\/\\\/haberkuzey.com\\\/index.php\\\/2024\\\/04\\\/27\\\/mescidi-aksa-imam-hatibinden-cumhurbaskani-erdoganin-filistin-vurgusuna-ovgu\\\/#breadcrumb\"},\"inLanguage\":\"tr\",\"potentialAction\":[{\"@type\":\"ReadAction\",\"target\":[\"https:\\\/\\\/haberkuzey.com\\\/index.php\\\/2024\\\/04\\\/27\\\/mescidi-aksa-imam-hatibinden-cumhurbaskani-erdoganin-filistin-vurgusuna-ovgu\\\/\"]}]},{\"@type\":\"ImageObject\",\"inLanguage\":\"tr\",\"@id\":\"https:\\\/\\\/haberkuzey.com\\\/index.php\\\/2024\\\/04\\\/27\\\/mescidi-aksa-imam-hatibinden-cumhurbaskani-erdoganin-filistin-vurgusuna-ovgu\\\/#primaryimage\",\"url\":\"https:\\\/\\\/haberkuzey.com\\\/wp-content\\\/uploads\\\/2024\\\/04\\\/seyh-ikrime-sabri-aa-2220545.jpg\",\"contentUrl\":\"https:\\\/\\\/haberkuzey.com\\\/wp-content\\\/uploads\\\/2024\\\/04\\\/seyh-ikrime-sabri-aa-2220545.jpg\",\"width\":1280,\"height\":720},{\"@type\":\"BreadcrumbList\",\"@id\":\"https:\\\/\\\/haberkuzey.com\\\/index.php\\\/2024\\\/04\\\/27\\\/mescidi-aksa-imam-hatibinden-cumhurbaskani-erdoganin-filistin-vurgusuna-ovgu\\\/#breadcrumb\",\"itemListElement\":[{\"@type\":\"ListItem\",\"position\":1,\"name\":\"Anasayfa\",\"item\":\"https:\\\/\\\/haberkuzey.com\\\/\"},{\"@type\":\"ListItem\",\"position\":2,\"name\":\"Mescidi Aksa \u0130mam Hatibinden Cumhurba\u015fkan\u0131 Erdo\u011fan\u0131n Filistin vurgusuna \u00f6vg\u00fc\"}]},{\"@type\":\"WebSite\",\"@id\":\"https:\\\/\\\/haberkuzey.com\\\/#website\",\"url\":\"https:\\\/\\\/haberkuzey.com\\\/\",\"name\":\"Haber Kuzey\",\"description\":\"Do\u011fru Haberin Adresi\",\"potentialAction\":[{\"@type\":\"SearchAction\",\"target\":{\"@type\":\"EntryPoint\",\"urlTemplate\":\"https:\\\/\\\/haberkuzey.com\\\/?s={search_term_string}\"},\"query-input\":{\"@type\":\"PropertyValueSpecification\",\"valueRequired\":true,\"valueName\":\"search_term_string\"}}],\"inLanguage\":\"tr\"},{\"@type\":\"Person\",\"@id\":\"https:\\\/\\\/haberkuzey.com\\\/#\\\/schema\\\/person\\\/3372109ec735f9333f4fa47ebb9605ca\",\"name\":\"haberkuzey\",\"image\":{\"@type\":\"ImageObject\",\"inLanguage\":\"tr\",\"@id\":\"https:\\\/\\\/secure.gravatar.com\\\/avatar\\\/f5fc875574b1575324358c3b9e6a32b8227aa5b74f3fa22e3cadb63e26fcc39c?s=96&d=mm&r=g\",\"url\":\"https:\\\/\\\/secure.gravatar.com\\\/avatar\\\/f5fc875574b1575324358c3b9e6a32b8227aa5b74f3fa22e3cadb63e26fcc39c?s=96&d=mm&r=g\",\"contentUrl\":\"https:\\\/\\\/secure.gravatar.com\\\/avatar\\\/f5fc875574b1575324358c3b9e6a32b8227aa5b74f3fa22e3cadb63e26fcc39c?s=96&d=mm&r=g\",\"caption\":\"haberkuzey\"},\"sameAs\":[\"https:\\\/\\\/haberkuzey.com\"],\"url\":\"https:\\\/\\\/haberkuzey.com\\\/index.php\\\/author\\\/haberkuzey\\\/\"}]}<\/script>\n<!-- \/ Yoast SEO plugin. -->","yoast_head_json":{"title":"Mescidi Aksa \u0130mam Hatibinden Cumhurba\u015fkan\u0131 Erdo\u011fan\u0131n Filistin vurgusuna \u00f6vg\u00fc - Haber Kuzey","robots":{"index":"index","follow":"follow","max-snippet":"max-snippet:-1","max-image-preview":"max-image-preview:large","max-video-preview":"max-video-preview:-1"},"canonical":"https:\/\/haberkuzey.com\/index.php\/2024\/04\/27\/mescidi-aksa-imam-hatibinden-cumhurbaskani-erdoganin-filistin-vurgusuna-ovgu\/","og_locale":"tr_TR","og_type":"article","og_title":"Mescidi Aksa \u0130mam Hatibinden Cumhurba\u015fkan\u0131 Erdo\u011fan\u0131n Filistin vurgusuna \u00f6vg\u00fc - Haber Kuzey","og_description":"&#13; Kud\u00fcs Y\u00fcksek \u0130slam Heyeti Ba\u015fkan\u0131 \u015eeyh \u0130krime Sabri, yapt\u0131\u011f\u0131 yaz\u0131l\u0131 a\u00e7\u0131klamada, \u201cT\u00fcrkiye Cumhurba\u015fkan\u0131 Recep Tayyip Erdo\u011fan&#8217;\u0131n do\u011fru yolda olan olumlu tutumlar\u0131n\u0131 takdir ediyoruz. Bu tutumlar, Filistin davas\u0131n\u0131n adaletine inanan bir kalpten geliyor.\u201d ifadelerini kulland\u0131. &#13; \u015eeyh Sabri, T\u00fcrkiye\u2019nin Filistin davas\u0131na ili\u015fkin diplomatik ve medya alan\u0131nda ortaya koydu\u011fu faaliyetlerin \u00f6nemli oldu\u011funa dikkati \u00e7ekerek, Filistin halk\u0131n\u0131n [&hellip;]","og_url":"https:\/\/haberkuzey.com\/index.php\/2024\/04\/27\/mescidi-aksa-imam-hatibinden-cumhurbaskani-erdoganin-filistin-vurgusuna-ovgu\/","og_site_name":"Haber Kuzey","article_published_time":"2024-04-26T22:37:07+00:00","og_image":[{"width":1280,"height":720,"url":"https:\/\/haberkuzey.com\/wp-content\/uploads\/2024\/04\/seyh-ikrime-sabri-aa-2220545.jpg","type":"image\/jpeg"}],"author":"haberkuzey","twitter_card":"summary_large_image","twitter_misc":{"Yazan:":"haberkuzey","Tahmini okuma s\u00fcresi":"3 dakika"},"schema":{"@context":"https:\/\/schema.org","@graph":[{"@type":"Article","@id":"https:\/\/haberkuzey.com\/index.php\/2024\/04\/27\/mescidi-aksa-imam-hatibinden-cumhurbaskani-erdoganin-filistin-vurgusuna-ovgu\/#article","isPartOf":{"@id":"https:\/\/haberkuzey.com\/index.php\/2024\/04\/27\/mescidi-aksa-imam-hatibinden-cumhurbaskani-erdoganin-filistin-vurgusuna-ovgu\/"},"author":{"name":"haberkuzey","@id":"https:\/\/haberkuzey.com\/#\/schema\/person\/3372109ec735f9333f4fa47ebb9605ca"},"headline":"Mescidi Aksa \u0130mam Hatibinden Cumhurba\u015fkan\u0131 Erdo\u011fan\u0131n Filistin vurgusuna \u00f6vg\u00fc","datePublished":"2024-04-26T22:37:07+00:00","mainEntityOfPage":{"@id":"https:\/\/haberkuzey.com\/index.php\/2024\/04\/27\/mescidi-aksa-imam-hatibinden-cumhurbaskani-erdoganin-filistin-vurgusuna-ovgu\/"},"wordCount":586,"commentCount":0,"image":{"@id":"https:\/\/haberkuzey.com\/index.php\/2024\/04\/27\/mescidi-aksa-imam-hatibinden-cumhurbaskani-erdoganin-filistin-vurgusuna-ovgu\/#primaryimage"},"thumbnailUrl":"https:\/\/haberkuzey.com\/wp-content\/uploads\/2024\/04\/seyh-ikrime-sabri-aa-2220545.jpg","articleSection":["D\u00fcnya"],"inLanguage":"tr","potentialAction":[{"@type":"CommentAction","name":"Comment","target":["https:\/\/haberkuzey.com\/index.php\/2024\/04\/27\/mescidi-aksa-imam-hatibinden-cumhurbaskani-erdoganin-filistin-vurgusuna-ovgu\/#respond"]}]},{"@type":"WebPage","@id":"https:\/\/haberkuzey.com\/index.php\/2024\/04\/27\/mescidi-aksa-imam-hatibinden-cumhurbaskani-erdoganin-filistin-vurgusuna-ovgu\/","url":"https:\/\/haberkuzey.com\/index.php\/2024\/04\/27\/mescidi-aksa-imam-hatibinden-cumhurbaskani-erdoganin-filistin-vurgusuna-ovgu\/","name":"Mescidi Aksa \u0130mam Hatibinden Cumhurba\u015fkan\u0131 Erdo\u011fan\u0131n Filistin vurgusuna \u00f6vg\u00fc - Haber Kuzey","isPartOf":{"@id":"https:\/\/haberkuzey.com\/#website"},"primaryImageOfPage":{"@id":"https:\/\/haberkuzey.com\/index.php\/2024\/04\/27\/mescidi-aksa-imam-hatibinden-cumhurbaskani-erdoganin-filistin-vurgusuna-ovgu\/#primaryimage"},"image":{"@id":"https:\/\/haberkuzey.com\/index.php\/2024\/04\/27\/mescidi-aksa-imam-hatibinden-cumhurbaskani-erdoganin-filistin-vurgusuna-ovgu\/#primaryimage"},"thumbnailUrl":"https:\/\/haberkuzey.com\/wp-content\/uploads\/2024\/04\/seyh-ikrime-sabri-aa-2220545.jpg","datePublished":"2024-04-26T22:37:07+00:00","author":{"@id":"https:\/\/haberkuzey.com\/#\/schema\/person\/3372109ec735f9333f4fa47ebb9605ca"},"breadcrumb":{"@id":"https:\/\/haberkuzey.com\/index.php\/2024\/04\/27\/mescidi-aksa-imam-hatibinden-cumhurbaskani-erdoganin-filistin-vurgusuna-ovgu\/#breadcrumb"},"inLanguage":"tr","potentialAction":[{"@type":"ReadAction","target":["https:\/\/haberkuzey.com\/index.php\/2024\/04\/27\/mescidi-aksa-imam-hatibinden-cumhurbaskani-erdoganin-filistin-vurgusuna-ovgu\/"]}]},{"@type":"ImageObject","inLanguage":"tr","@id":"https:\/\/haberkuzey.com\/index.php\/2024\/04\/27\/mescidi-aksa-imam-hatibinden-cumhurbaskani-erdoganin-filistin-vurgusuna-ovgu\/#primaryimage","url":"https:\/\/haberkuzey.com\/wp-content\/uploads\/2024\/04\/seyh-ikrime-sabri-aa-2220545.jpg","contentUrl":"https:\/\/haberkuzey.com\/wp-content\/uploads\/2024\/04\/seyh-ikrime-sabri-aa-2220545.jpg","width":1280,"height":720},{"@type":"BreadcrumbList","@id":"https:\/\/haberkuzey.com\/index.php\/2024\/04\/27\/mescidi-aksa-imam-hatibinden-cumhurbaskani-erdoganin-filistin-vurgusuna-ovgu\/#breadcrumb","itemListElement":[{"@type":"ListItem","position":1,"name":"Anasayfa","item":"https:\/\/haberkuzey.com\/"},{"@type":"ListItem","position":2,"name":"Mescidi Aksa \u0130mam Hatibinden Cumhurba\u015fkan\u0131 Erdo\u011fan\u0131n Filistin vurgusuna \u00f6vg\u00fc"}]},{"@type":"WebSite","@id":"https:\/\/haberkuzey.com\/#website","url":"https:\/\/haberkuzey.com\/","name":"Haber Kuzey","description":"Do\u011fru Haberin Adresi","potentialAction":[{"@type":"SearchAction","target":{"@type":"EntryPoint","urlTemplate":"https:\/\/haberkuzey.com\/?s={search_term_string}"},"query-input":{"@type":"PropertyValueSpecification","valueRequired":true,"valueName":"search_term_string"}}],"inLanguage":"tr"},{"@type":"Person","@id":"https:\/\/haberkuzey.com\/#\/schema\/person\/3372109ec735f9333f4fa47ebb9605ca","name":"haberkuzey","image":{"@type":"ImageObject","inLanguage":"tr","@id":"https:\/\/secure.gravatar.com\/avatar\/f5fc875574b1575324358c3b9e6a32b8227aa5b74f3fa22e3cadb63e26fcc39c?s=96&d=mm&r=g","url":"https:\/\/secure.gravatar.com\/avatar\/f5fc875574b1575324358c3b9e6a32b8227aa5b74f3fa22e3cadb63e26fcc39c?s=96&d=mm&r=g","contentUrl":"https:\/\/secure.gravatar.com\/avatar\/f5fc875574b1575324358c3b9e6a32b8227aa5b74f3fa22e3cadb63e26fcc39c?s=96&d=mm&r=g","caption":"haberkuzey"},"sameAs":["https:\/\/haberkuzey.com"],"url":"https:\/\/haberkuzey.com\/index.php\/author\/haberkuzey\/"}]}},"_links":{"self":[{"href":"https:\/\/haberkuzey.com\/index.php\/wp-json\/wp\/v2\/posts\/657","targetHints":{"allow":["GET"]}}],"collection":[{"href":"https:\/\/haberkuzey.com\/index.php\/wp-json\/wp\/v2\/posts"}],"about":[{"href":"https:\/\/haberkuzey.com\/index.php\/wp-json\/wp\/v2\/types\/post"}],"author":[{"embeddable":true,"href":"https:\/\/haberkuzey.com\/index.php\/wp-json\/wp\/v2\/users\/1"}],"replies":[{"embeddable":true,"href":"https:\/\/haberkuzey.com\/index.php\/wp-json\/wp\/v2\/comments?post=657"}],"version-history":[{"count":0,"href":"https:\/\/haberkuzey.com\/index.php\/wp-json\/wp\/v2\/posts\/657\/revisions"}],"wp:featuredmedia":[{"embeddable":true,"href":"https:\/\/haberkuzey.com\/index.php\/wp-json\/wp\/v2\/media\/658"}],"wp:attachment":[{"href":"https:\/\/haberkuzey.com\/index.php\/wp-json\/wp\/v2\/media?parent=657"}],"wp:term":[{"taxonomy":"category","embeddable":true,"href":"https:\/\/haberkuzey.com\/index.php\/wp-json\/wp\/v2\/categories?post=657"},{"taxonomy":"post_tag","embeddable":true,"href":"https:\/\/haberkuzey.com\/index.php\/wp-json\/wp\/v2\/tags?post=657"}],"curies":[{"name":"wp","href":"https:\/\/api.w.org\/{rel}","templated":true}]}}