{"id":633,"date":"2024-04-26T19:46:10","date_gmt":"2024-04-26T16:46:10","guid":{"rendered":"https:\/\/kuzeyinsesi.com\/index.php\/2024\/04\/26\/tukte-uzlasi-saglandi-kamu-is-ile-bakanlik-arasinda-protokol-imzalandi\/"},"modified":"2024-04-26T19:46:10","modified_gmt":"2024-04-26T16:46:10","slug":"tukte-uzlasi-saglandi-kamu-is-ile-bakanlik-arasinda-protokol-imzalandi","status":"publish","type":"post","link":"https:\/\/haberkuzey.com\/index.php\/2024\/04\/26\/tukte-uzlasi-saglandi-kamu-is-ile-bakanlik-arasinda-protokol-imzalandi\/","title":{"rendered":"T\u00dcK\u2019te uzla\u015f\u0131 sa\u011fland\u0131, Kamu-\u0130\u015f ile bakanl\u0131k aras\u0131nda protokol imzaland\u0131"},"content":{"rendered":"<div>\n<div class=\"mariselle-image-container center\">\n                                            <\/div>\n<p>Toprak \u00dcr\u00fcnleri Kurumu grevinde uzla\u015f\u0131 sa\u011fland\u0131, Kamu-\u0130\u015f ile Tar\u0131m Bakanl\u0131\u011f\u0131 aras\u0131nda protokol imzaland\u0131.<\/p>\n<p>Tar\u0131m Bakan\u0131 H\u00fcseyin \u00c7avu\u015f, kendi ayaklar\u0131 \u00fczerinde durabilen bir kurum yaratman\u0131n \u00f6nemine i\u015faret etti.<br \/>Kamu \u0130\u015f\u00e7ileri Sendikas\u0131\u2019n\u0131n, Toprak \u00dcr\u00fcnleri Kurumu\u2019nda ba\u015flatt\u0131\u011f\u0131 grevde uzla\u015f\u0131 sa\u011fland\u0131. Tar\u0131m Bakanl\u0131\u011f\u0131\u2019nda taraflar aras\u0131nda protokol imzaland\u0131,<br \/>uzla\u015f\u0131 zemini payla\u015f\u0131ld\u0131.<\/p>\n<p>15 May\u0131s\u2019a kadar gerekli ve aciliyeti olan \u015fubelerde personel eksikli\u011fi ve sorunlar\u0131n giderilmesi konusunda mutabakata var\u0131ld\u0131\u2026<\/p>\n<p>Tar\u0131m ve Do\u011fal Kaynaklar Bakan\u0131 H\u00fcseyin \u00c7avu\u015f, t\u00fcm kurumlar\u0131n s\u00fcrd\u00fcr\u00fclebilir bir yap\u0131 i\u00e7erisinde ve kendi ayaklar\u0131 \u00fczerinde durabilmesi i\u00e7in \u00e7aba sarf ettiklerini s\u00f6yledi.<\/p>\n<p>\u201cToprak \u00dcr\u00fcnleri Kurumu\u2019nu ayakta tutabilmek ve kurumun hizmet kalitesini art\u0131rmak \u00f6nemli\u201d diye konu\u015fan \u00c7avu\u015f, kendi ayaklar\u0131 \u00fczerinde durabilen bir kurum yaratman\u0131n \u00f6nemli oldu\u011funa vurgu yapt\u0131.<\/p>\n<p>Kamu-\u0130\u015f Ba\u015fkan\u0131 Serdaro\u011flu ile var\u0131lan mutabakatta acil i\u015f g\u00fcc\u00fc gerektiren \u015fubelerde gerekli yetkiyi ilgili kuruma vereceklerini kaydeden \u00c7avu\u015f, sendikayla birlikte bu i\u015fin takip\u00e7isi olacaklar\u0131n\u0131 dile getirdi\u2026<\/p>\n<p>Kamu \u0130\u015f\u00e7ileri Sendikas\u0131 Kamu-\u0130\u015f Ba\u015fkan\u0131 Ahmet Serdaro\u011flu da hem \u00fcyeleri hem de grevin ba\u015flamas\u0131yla ma\u011fdur olan hayvanc\u0131lar ad\u0131na bakana te\u015fekk\u00fcrleri iletti.<\/p>\n<p>M\u00fczakereden hi\u00e7bir zaman ka\u00e7mad\u0131klar\u0131n\u0131 ve ka\u00e7mayacaklar\u0131n\u0131 ifade eden Serdaro\u011flu, 15 May\u0131s\u2019a kadar gerekli ve aciliyeti olan \u015fubelerde personel eksikli\u011fi ve sorunlar\u0131n giderilmesi y\u00f6n\u00fcnde Tar\u0131m ve Do\u011fal Kaynaklar Bakan\u0131 H\u00fcseyin \u00c7avu\u015f ile uzla\u015f\u0131ya vard\u0131klar\u0131n\u0131 belirtti.<\/p>\n<p>Serdaro\u011flu, eylemlerinin s\u00f6z konusu anla\u015fmayla birlikte kald\u0131r\u0131ld\u0131\u011f\u0131n\u0131 da dile getirdi.<\/p>\n<\/p><\/div>\n<p><script async\n                    defer\n                    crossorigin=\"anonymous\"\n                    src=\"https:\/\/connect.facebook.net\/tr_TR\/sdk.js#xfbml=1&#038;version=v3.3\"\n            ><\/script><\/p>\n","protected":false},"excerpt":{"rendered":"<p>Toprak \u00dcr\u00fcnleri Kurumu grevinde uzla\u015f\u0131 sa\u011fland\u0131, Kamu-\u0130\u015f ile Tar\u0131m Bakanl\u0131\u011f\u0131 aras\u0131nda protokol imzaland\u0131. Tar\u0131m Bakan\u0131 H\u00fcseyin \u00c7avu\u015f, kendi ayaklar\u0131 \u00fczerinde durabilen bir kurum yaratman\u0131n \u00f6nemine i\u015faret etti.Kamu \u0130\u015f\u00e7ileri Sendikas\u0131\u2019n\u0131n, Toprak \u00dcr\u00fcnleri Kurumu\u2019nda ba\u015flatt\u0131\u011f\u0131 grevde uzla\u015f\u0131 sa\u011fland\u0131. Tar\u0131m Bakanl\u0131\u011f\u0131\u2019nda taraflar aras\u0131nda protokol imzaland\u0131,uzla\u015f\u0131 zemini payla\u015f\u0131ld\u0131. 15 May\u0131s\u2019a kadar gerekli ve aciliyeti olan \u015fubelerde personel eksikli\u011fi ve [&hellip;]<\/p>\n","protected":false},"author":1,"featured_media":634,"comment_status":"open","ping_status":"open","sticky":false,"template":"","format":"standard","meta":{"jnews-multi-image_gallery":[],"jnews_single_post":[],"jnews_primary_category":[],"footnotes":""},"categories":[1],"tags":[],"class_list":["post-633","post","type-post","status-publish","format-standard","has-post-thumbnail","hentry","category-kibris"],"yoast_head":"<!-- This site is optimized with the Yoast SEO plugin v27.5 - https:\/\/yoast.com\/product\/yoast-seo-wordpress\/ -->\n<title>T\u00dcK\u2019te uzla\u015f\u0131 sa\u011fland\u0131, Kamu-\u0130\u015f ile bakanl\u0131k aras\u0131nda protokol imzaland\u0131 - Haber Kuzey<\/title>\n<meta name=\"robots\" content=\"index, follow, max-snippet:-1, max-image-preview:large, max-video-preview:-1\" \/>\n<link rel=\"canonical\" href=\"https:\/\/haberkuzey.com\/index.php\/2024\/04\/26\/tukte-uzlasi-saglandi-kamu-is-ile-bakanlik-arasinda-protokol-imzalandi\/\" \/>\n<meta property=\"og:locale\" content=\"tr_TR\" \/>\n<meta property=\"og:type\" content=\"article\" \/>\n<meta property=\"og:title\" content=\"T\u00dcK\u2019te uzla\u015f\u0131 sa\u011fland\u0131, Kamu-\u0130\u015f ile bakanl\u0131k aras\u0131nda protokol imzaland\u0131 - Haber Kuzey\" \/>\n<meta property=\"og:description\" content=\"Toprak \u00dcr\u00fcnleri Kurumu grevinde uzla\u015f\u0131 sa\u011fland\u0131, Kamu-\u0130\u015f ile Tar\u0131m Bakanl\u0131\u011f\u0131 aras\u0131nda protokol imzaland\u0131. Tar\u0131m Bakan\u0131 H\u00fcseyin \u00c7avu\u015f, kendi ayaklar\u0131 \u00fczerinde durabilen bir kurum yaratman\u0131n \u00f6nemine i\u015faret etti.Kamu \u0130\u015f\u00e7ileri Sendikas\u0131\u2019n\u0131n, Toprak \u00dcr\u00fcnleri Kurumu\u2019nda ba\u015flatt\u0131\u011f\u0131 grevde uzla\u015f\u0131 sa\u011fland\u0131. Tar\u0131m Bakanl\u0131\u011f\u0131\u2019nda taraflar aras\u0131nda protokol imzaland\u0131,uzla\u015f\u0131 zemini payla\u015f\u0131ld\u0131. 15 May\u0131s\u2019a kadar gerekli ve aciliyeti olan \u015fubelerde personel eksikli\u011fi ve [&hellip;]\" \/>\n<meta property=\"og:url\" content=\"https:\/\/haberkuzey.com\/index.php\/2024\/04\/26\/tukte-uzlasi-saglandi-kamu-is-ile-bakanlik-arasinda-protokol-imzalandi\/\" \/>\n<meta property=\"og:site_name\" content=\"Haber Kuzey\" \/>\n<meta property=\"article:published_time\" content=\"2024-04-26T16:46:10+00:00\" \/>\n<meta property=\"og:image\" content=\"https:\/\/haberkuzey.com\/wp-content\/uploads\/2024\/04\/2f517db2-f013-4fff-a4ff-862fe3971600.jpg\" \/>\n\t<meta property=\"og:image:width\" content=\"2048\" \/>\n\t<meta property=\"og:image:height\" content=\"1365\" \/>\n\t<meta property=\"og:image:type\" content=\"image\/jpeg\" \/>\n<meta name=\"author\" content=\"haberkuzey\" \/>\n<meta name=\"twitter:card\" content=\"summary_large_image\" \/>\n<meta name=\"twitter:label1\" content=\"Yazan:\" \/>\n\t<meta name=\"twitter:data1\" content=\"haberkuzey\" \/>\n\t<meta name=\"twitter:label2\" content=\"Tahmini okuma s\u00fcresi\" \/>\n\t<meta name=\"twitter:data2\" content=\"1 dakika\" \/>\n<script type=\"application\/ld+json\" class=\"yoast-schema-graph\">{\"@context\":\"https:\\\/\\\/schema.org\",\"@graph\":[{\"@type\":\"Article\",\"@id\":\"https:\\\/\\\/haberkuzey.com\\\/index.php\\\/2024\\\/04\\\/26\\\/tukte-uzlasi-saglandi-kamu-is-ile-bakanlik-arasinda-protokol-imzalandi\\\/#article\",\"isPartOf\":{\"@id\":\"https:\\\/\\\/haberkuzey.com\\\/index.php\\\/2024\\\/04\\\/26\\\/tukte-uzlasi-saglandi-kamu-is-ile-bakanlik-arasinda-protokol-imzalandi\\\/\"},\"author\":{\"name\":\"haberkuzey\",\"@id\":\"https:\\\/\\\/haberkuzey.com\\\/#\\\/schema\\\/person\\\/3372109ec735f9333f4fa47ebb9605ca\"},\"headline\":\"T\u00dcK\u2019te uzla\u015f\u0131 sa\u011fland\u0131, Kamu-\u0130\u015f ile bakanl\u0131k aras\u0131nda protokol imzaland\u0131\",\"datePublished\":\"2024-04-26T16:46:10+00:00\",\"mainEntityOfPage\":{\"@id\":\"https:\\\/\\\/haberkuzey.com\\\/index.php\\\/2024\\\/04\\\/26\\\/tukte-uzlasi-saglandi-kamu-is-ile-bakanlik-arasinda-protokol-imzalandi\\\/\"},\"wordCount\":295,\"commentCount\":0,\"image\":{\"@id\":\"https:\\\/\\\/haberkuzey.com\\\/index.php\\\/2024\\\/04\\\/26\\\/tukte-uzlasi-saglandi-kamu-is-ile-bakanlik-arasinda-protokol-imzalandi\\\/#primaryimage\"},\"thumbnailUrl\":\"https:\\\/\\\/haberkuzey.com\\\/wp-content\\\/uploads\\\/2024\\\/04\\\/2f517db2-f013-4fff-a4ff-862fe3971600.jpg\",\"articleSection\":[\"K\u0131br\u0131s\"],\"inLanguage\":\"tr\",\"potentialAction\":[{\"@type\":\"CommentAction\",\"name\":\"Comment\",\"target\":[\"https:\\\/\\\/haberkuzey.com\\\/index.php\\\/2024\\\/04\\\/26\\\/tukte-uzlasi-saglandi-kamu-is-ile-bakanlik-arasinda-protokol-imzalandi\\\/#respond\"]}]},{\"@type\":\"WebPage\",\"@id\":\"https:\\\/\\\/haberkuzey.com\\\/index.php\\\/2024\\\/04\\\/26\\\/tukte-uzlasi-saglandi-kamu-is-ile-bakanlik-arasinda-protokol-imzalandi\\\/\",\"url\":\"https:\\\/\\\/haberkuzey.com\\\/index.php\\\/2024\\\/04\\\/26\\\/tukte-uzlasi-saglandi-kamu-is-ile-bakanlik-arasinda-protokol-imzalandi\\\/\",\"name\":\"T\u00dcK\u2019te uzla\u015f\u0131 sa\u011fland\u0131, Kamu-\u0130\u015f ile bakanl\u0131k aras\u0131nda protokol imzaland\u0131 - Haber Kuzey\",\"isPartOf\":{\"@id\":\"https:\\\/\\\/haberkuzey.com\\\/#website\"},\"primaryImageOfPage\":{\"@id\":\"https:\\\/\\\/haberkuzey.com\\\/index.php\\\/2024\\\/04\\\/26\\\/tukte-uzlasi-saglandi-kamu-is-ile-bakanlik-arasinda-protokol-imzalandi\\\/#primaryimage\"},\"image\":{\"@id\":\"https:\\\/\\\/haberkuzey.com\\\/index.php\\\/2024\\\/04\\\/26\\\/tukte-uzlasi-saglandi-kamu-is-ile-bakanlik-arasinda-protokol-imzalandi\\\/#primaryimage\"},\"thumbnailUrl\":\"https:\\\/\\\/haberkuzey.com\\\/wp-content\\\/uploads\\\/2024\\\/04\\\/2f517db2-f013-4fff-a4ff-862fe3971600.jpg\",\"datePublished\":\"2024-04-26T16:46:10+00:00\",\"author\":{\"@id\":\"https:\\\/\\\/haberkuzey.com\\\/#\\\/schema\\\/person\\\/3372109ec735f9333f4fa47ebb9605ca\"},\"breadcrumb\":{\"@id\":\"https:\\\/\\\/haberkuzey.com\\\/index.php\\\/2024\\\/04\\\/26\\\/tukte-uzlasi-saglandi-kamu-is-ile-bakanlik-arasinda-protokol-imzalandi\\\/#breadcrumb\"},\"inLanguage\":\"tr\",\"potentialAction\":[{\"@type\":\"ReadAction\",\"target\":[\"https:\\\/\\\/haberkuzey.com\\\/index.php\\\/2024\\\/04\\\/26\\\/tukte-uzlasi-saglandi-kamu-is-ile-bakanlik-arasinda-protokol-imzalandi\\\/\"]}]},{\"@type\":\"ImageObject\",\"inLanguage\":\"tr\",\"@id\":\"https:\\\/\\\/haberkuzey.com\\\/index.php\\\/2024\\\/04\\\/26\\\/tukte-uzlasi-saglandi-kamu-is-ile-bakanlik-arasinda-protokol-imzalandi\\\/#primaryimage\",\"url\":\"https:\\\/\\\/haberkuzey.com\\\/wp-content\\\/uploads\\\/2024\\\/04\\\/2f517db2-f013-4fff-a4ff-862fe3971600.jpg\",\"contentUrl\":\"https:\\\/\\\/haberkuzey.com\\\/wp-content\\\/uploads\\\/2024\\\/04\\\/2f517db2-f013-4fff-a4ff-862fe3971600.jpg\",\"width\":2048,\"height\":1365},{\"@type\":\"BreadcrumbList\",\"@id\":\"https:\\\/\\\/haberkuzey.com\\\/index.php\\\/2024\\\/04\\\/26\\\/tukte-uzlasi-saglandi-kamu-is-ile-bakanlik-arasinda-protokol-imzalandi\\\/#breadcrumb\",\"itemListElement\":[{\"@type\":\"ListItem\",\"position\":1,\"name\":\"Anasayfa\",\"item\":\"https:\\\/\\\/haberkuzey.com\\\/\"},{\"@type\":\"ListItem\",\"position\":2,\"name\":\"T\u00dcK\u2019te uzla\u015f\u0131 sa\u011fland\u0131, Kamu-\u0130\u015f ile bakanl\u0131k aras\u0131nda protokol imzaland\u0131\"}]},{\"@type\":\"WebSite\",\"@id\":\"https:\\\/\\\/haberkuzey.com\\\/#website\",\"url\":\"https:\\\/\\\/haberkuzey.com\\\/\",\"name\":\"Haber Kuzey\",\"description\":\"Do\u011fru Haberin Adresi\",\"potentialAction\":[{\"@type\":\"SearchAction\",\"target\":{\"@type\":\"EntryPoint\",\"urlTemplate\":\"https:\\\/\\\/haberkuzey.com\\\/?s={search_term_string}\"},\"query-input\":{\"@type\":\"PropertyValueSpecification\",\"valueRequired\":true,\"valueName\":\"search_term_string\"}}],\"inLanguage\":\"tr\"},{\"@type\":\"Person\",\"@id\":\"https:\\\/\\\/haberkuzey.com\\\/#\\\/schema\\\/person\\\/3372109ec735f9333f4fa47ebb9605ca\",\"name\":\"haberkuzey\",\"image\":{\"@type\":\"ImageObject\",\"inLanguage\":\"tr\",\"@id\":\"https:\\\/\\\/secure.gravatar.com\\\/avatar\\\/f5fc875574b1575324358c3b9e6a32b8227aa5b74f3fa22e3cadb63e26fcc39c?s=96&d=mm&r=g\",\"url\":\"https:\\\/\\\/secure.gravatar.com\\\/avatar\\\/f5fc875574b1575324358c3b9e6a32b8227aa5b74f3fa22e3cadb63e26fcc39c?s=96&d=mm&r=g\",\"contentUrl\":\"https:\\\/\\\/secure.gravatar.com\\\/avatar\\\/f5fc875574b1575324358c3b9e6a32b8227aa5b74f3fa22e3cadb63e26fcc39c?s=96&d=mm&r=g\",\"caption\":\"haberkuzey\"},\"sameAs\":[\"https:\\\/\\\/haberkuzey.com\"],\"url\":\"https:\\\/\\\/haberkuzey.com\\\/index.php\\\/author\\\/haberkuzey\\\/\"}]}<\/script>\n<!-- \/ Yoast SEO plugin. -->","yoast_head_json":{"title":"T\u00dcK\u2019te uzla\u015f\u0131 sa\u011fland\u0131, Kamu-\u0130\u015f ile bakanl\u0131k aras\u0131nda protokol imzaland\u0131 - Haber Kuzey","robots":{"index":"index","follow":"follow","max-snippet":"max-snippet:-1","max-image-preview":"max-image-preview:large","max-video-preview":"max-video-preview:-1"},"canonical":"https:\/\/haberkuzey.com\/index.php\/2024\/04\/26\/tukte-uzlasi-saglandi-kamu-is-ile-bakanlik-arasinda-protokol-imzalandi\/","og_locale":"tr_TR","og_type":"article","og_title":"T\u00dcK\u2019te uzla\u015f\u0131 sa\u011fland\u0131, Kamu-\u0130\u015f ile bakanl\u0131k aras\u0131nda protokol imzaland\u0131 - Haber Kuzey","og_description":"Toprak \u00dcr\u00fcnleri Kurumu grevinde uzla\u015f\u0131 sa\u011fland\u0131, Kamu-\u0130\u015f ile Tar\u0131m Bakanl\u0131\u011f\u0131 aras\u0131nda protokol imzaland\u0131. Tar\u0131m Bakan\u0131 H\u00fcseyin \u00c7avu\u015f, kendi ayaklar\u0131 \u00fczerinde durabilen bir kurum yaratman\u0131n \u00f6nemine i\u015faret etti.Kamu \u0130\u015f\u00e7ileri Sendikas\u0131\u2019n\u0131n, Toprak \u00dcr\u00fcnleri Kurumu\u2019nda ba\u015flatt\u0131\u011f\u0131 grevde uzla\u015f\u0131 sa\u011fland\u0131. Tar\u0131m Bakanl\u0131\u011f\u0131\u2019nda taraflar aras\u0131nda protokol imzaland\u0131,uzla\u015f\u0131 zemini payla\u015f\u0131ld\u0131. 15 May\u0131s\u2019a kadar gerekli ve aciliyeti olan \u015fubelerde personel eksikli\u011fi ve [&hellip;]","og_url":"https:\/\/haberkuzey.com\/index.php\/2024\/04\/26\/tukte-uzlasi-saglandi-kamu-is-ile-bakanlik-arasinda-protokol-imzalandi\/","og_site_name":"Haber Kuzey","article_published_time":"2024-04-26T16:46:10+00:00","og_image":[{"width":2048,"height":1365,"url":"https:\/\/haberkuzey.com\/wp-content\/uploads\/2024\/04\/2f517db2-f013-4fff-a4ff-862fe3971600.jpg","type":"image\/jpeg"}],"author":"haberkuzey","twitter_card":"summary_large_image","twitter_misc":{"Yazan:":"haberkuzey","Tahmini okuma s\u00fcresi":"1 dakika"},"schema":{"@context":"https:\/\/schema.org","@graph":[{"@type":"Article","@id":"https:\/\/haberkuzey.com\/index.php\/2024\/04\/26\/tukte-uzlasi-saglandi-kamu-is-ile-bakanlik-arasinda-protokol-imzalandi\/#article","isPartOf":{"@id":"https:\/\/haberkuzey.com\/index.php\/2024\/04\/26\/tukte-uzlasi-saglandi-kamu-is-ile-bakanlik-arasinda-protokol-imzalandi\/"},"author":{"name":"haberkuzey","@id":"https:\/\/haberkuzey.com\/#\/schema\/person\/3372109ec735f9333f4fa47ebb9605ca"},"headline":"T\u00dcK\u2019te uzla\u015f\u0131 sa\u011fland\u0131, Kamu-\u0130\u015f ile bakanl\u0131k aras\u0131nda protokol imzaland\u0131","datePublished":"2024-04-26T16:46:10+00:00","mainEntityOfPage":{"@id":"https:\/\/haberkuzey.com\/index.php\/2024\/04\/26\/tukte-uzlasi-saglandi-kamu-is-ile-bakanlik-arasinda-protokol-imzalandi\/"},"wordCount":295,"commentCount":0,"image":{"@id":"https:\/\/haberkuzey.com\/index.php\/2024\/04\/26\/tukte-uzlasi-saglandi-kamu-is-ile-bakanlik-arasinda-protokol-imzalandi\/#primaryimage"},"thumbnailUrl":"https:\/\/haberkuzey.com\/wp-content\/uploads\/2024\/04\/2f517db2-f013-4fff-a4ff-862fe3971600.jpg","articleSection":["K\u0131br\u0131s"],"inLanguage":"tr","potentialAction":[{"@type":"CommentAction","name":"Comment","target":["https:\/\/haberkuzey.com\/index.php\/2024\/04\/26\/tukte-uzlasi-saglandi-kamu-is-ile-bakanlik-arasinda-protokol-imzalandi\/#respond"]}]},{"@type":"WebPage","@id":"https:\/\/haberkuzey.com\/index.php\/2024\/04\/26\/tukte-uzlasi-saglandi-kamu-is-ile-bakanlik-arasinda-protokol-imzalandi\/","url":"https:\/\/haberkuzey.com\/index.php\/2024\/04\/26\/tukte-uzlasi-saglandi-kamu-is-ile-bakanlik-arasinda-protokol-imzalandi\/","name":"T\u00dcK\u2019te uzla\u015f\u0131 sa\u011fland\u0131, Kamu-\u0130\u015f ile bakanl\u0131k aras\u0131nda protokol imzaland\u0131 - Haber Kuzey","isPartOf":{"@id":"https:\/\/haberkuzey.com\/#website"},"primaryImageOfPage":{"@id":"https:\/\/haberkuzey.com\/index.php\/2024\/04\/26\/tukte-uzlasi-saglandi-kamu-is-ile-bakanlik-arasinda-protokol-imzalandi\/#primaryimage"},"image":{"@id":"https:\/\/haberkuzey.com\/index.php\/2024\/04\/26\/tukte-uzlasi-saglandi-kamu-is-ile-bakanlik-arasinda-protokol-imzalandi\/#primaryimage"},"thumbnailUrl":"https:\/\/haberkuzey.com\/wp-content\/uploads\/2024\/04\/2f517db2-f013-4fff-a4ff-862fe3971600.jpg","datePublished":"2024-04-26T16:46:10+00:00","author":{"@id":"https:\/\/haberkuzey.com\/#\/schema\/person\/3372109ec735f9333f4fa47ebb9605ca"},"breadcrumb":{"@id":"https:\/\/haberkuzey.com\/index.php\/2024\/04\/26\/tukte-uzlasi-saglandi-kamu-is-ile-bakanlik-arasinda-protokol-imzalandi\/#breadcrumb"},"inLanguage":"tr","potentialAction":[{"@type":"ReadAction","target":["https:\/\/haberkuzey.com\/index.php\/2024\/04\/26\/tukte-uzlasi-saglandi-kamu-is-ile-bakanlik-arasinda-protokol-imzalandi\/"]}]},{"@type":"ImageObject","inLanguage":"tr","@id":"https:\/\/haberkuzey.com\/index.php\/2024\/04\/26\/tukte-uzlasi-saglandi-kamu-is-ile-bakanlik-arasinda-protokol-imzalandi\/#primaryimage","url":"https:\/\/haberkuzey.com\/wp-content\/uploads\/2024\/04\/2f517db2-f013-4fff-a4ff-862fe3971600.jpg","contentUrl":"https:\/\/haberkuzey.com\/wp-content\/uploads\/2024\/04\/2f517db2-f013-4fff-a4ff-862fe3971600.jpg","width":2048,"height":1365},{"@type":"BreadcrumbList","@id":"https:\/\/haberkuzey.com\/index.php\/2024\/04\/26\/tukte-uzlasi-saglandi-kamu-is-ile-bakanlik-arasinda-protokol-imzalandi\/#breadcrumb","itemListElement":[{"@type":"ListItem","position":1,"name":"Anasayfa","item":"https:\/\/haberkuzey.com\/"},{"@type":"ListItem","position":2,"name":"T\u00dcK\u2019te uzla\u015f\u0131 sa\u011fland\u0131, Kamu-\u0130\u015f ile bakanl\u0131k aras\u0131nda protokol imzaland\u0131"}]},{"@type":"WebSite","@id":"https:\/\/haberkuzey.com\/#website","url":"https:\/\/haberkuzey.com\/","name":"Haber Kuzey","description":"Do\u011fru Haberin Adresi","potentialAction":[{"@type":"SearchAction","target":{"@type":"EntryPoint","urlTemplate":"https:\/\/haberkuzey.com\/?s={search_term_string}"},"query-input":{"@type":"PropertyValueSpecification","valueRequired":true,"valueName":"search_term_string"}}],"inLanguage":"tr"},{"@type":"Person","@id":"https:\/\/haberkuzey.com\/#\/schema\/person\/3372109ec735f9333f4fa47ebb9605ca","name":"haberkuzey","image":{"@type":"ImageObject","inLanguage":"tr","@id":"https:\/\/secure.gravatar.com\/avatar\/f5fc875574b1575324358c3b9e6a32b8227aa5b74f3fa22e3cadb63e26fcc39c?s=96&d=mm&r=g","url":"https:\/\/secure.gravatar.com\/avatar\/f5fc875574b1575324358c3b9e6a32b8227aa5b74f3fa22e3cadb63e26fcc39c?s=96&d=mm&r=g","contentUrl":"https:\/\/secure.gravatar.com\/avatar\/f5fc875574b1575324358c3b9e6a32b8227aa5b74f3fa22e3cadb63e26fcc39c?s=96&d=mm&r=g","caption":"haberkuzey"},"sameAs":["https:\/\/haberkuzey.com"],"url":"https:\/\/haberkuzey.com\/index.php\/author\/haberkuzey\/"}]}},"_links":{"self":[{"href":"https:\/\/haberkuzey.com\/index.php\/wp-json\/wp\/v2\/posts\/633","targetHints":{"allow":["GET"]}}],"collection":[{"href":"https:\/\/haberkuzey.com\/index.php\/wp-json\/wp\/v2\/posts"}],"about":[{"href":"https:\/\/haberkuzey.com\/index.php\/wp-json\/wp\/v2\/types\/post"}],"author":[{"embeddable":true,"href":"https:\/\/haberkuzey.com\/index.php\/wp-json\/wp\/v2\/users\/1"}],"replies":[{"embeddable":true,"href":"https:\/\/haberkuzey.com\/index.php\/wp-json\/wp\/v2\/comments?post=633"}],"version-history":[{"count":0,"href":"https:\/\/haberkuzey.com\/index.php\/wp-json\/wp\/v2\/posts\/633\/revisions"}],"wp:featuredmedia":[{"embeddable":true,"href":"https:\/\/haberkuzey.com\/index.php\/wp-json\/wp\/v2\/media\/634"}],"wp:attachment":[{"href":"https:\/\/haberkuzey.com\/index.php\/wp-json\/wp\/v2\/media?parent=633"}],"wp:term":[{"taxonomy":"category","embeddable":true,"href":"https:\/\/haberkuzey.com\/index.php\/wp-json\/wp\/v2\/categories?post=633"},{"taxonomy":"post_tag","embeddable":true,"href":"https:\/\/haberkuzey.com\/index.php\/wp-json\/wp\/v2\/tags?post=633"}],"curies":[{"name":"wp","href":"https:\/\/api.w.org\/{rel}","templated":true}]}}