{"id":6309,"date":"2024-07-16T16:31:52","date_gmt":"2024-07-16T13:31:52","guid":{"rendered":"https:\/\/haberkuzey.com\/index.php\/2024\/07\/16\/pinarbasi-dagyolu-ana-yolunda-yarin-bakim-onarim-calismasi-olacak\/"},"modified":"2024-07-16T16:31:52","modified_gmt":"2024-07-16T13:31:52","slug":"pinarbasi-dagyolu-ana-yolunda-yarin-bakim-onarim-calismasi-olacak","status":"publish","type":"post","link":"https:\/\/haberkuzey.com\/index.php\/2024\/07\/16\/pinarbasi-dagyolu-ana-yolunda-yarin-bakim-onarim-calismasi-olacak\/","title":{"rendered":"P\u0131narba\u015f\u0131-Da\u011fyolu ana yolunda yar\u0131n bak\u0131m onar\u0131m \u00e7al\u0131\u015fmas\u0131 olacak"},"content":{"rendered":"<div>\n<div class=\"mariselle-image-container center\">\n                                            <\/div>\n<p>P\u0131narba\u015f\u0131-Da\u011fyolu ana yolunda yar\u0131n bak\u0131m ve onar\u0131m \u00e7al\u0131\u015fmalar\u0131 yap\u0131lacak. <\/p>\n<p>Karayollar\u0131 Dairesi M\u00fcd\u00fcrl\u00fc\u011f\u00fc\u2019nden yap\u0131lan a\u00e7\u0131klamada, \u00e7al\u0131\u015fmalar nedeniyle trafi\u011fin kontroll\u00fc olarak verilece\u011fi kaydedildi.<\/p>\n<p>A\u00e7\u0131klamada, can ve mal g\u00fcvenli\u011fi a\u00e7\u0131s\u0131ndan s\u00fcr\u00fcc\u00fclerin yava\u015f seyretmeleri, trafik i\u015faretlerine ve i\u015faret\u00e7ilerine uymalar\u0131 \u00e7a\u011fr\u0131s\u0131nda bulunuldu.<\/p>\n<\/p><\/div>\n<p><script async\n                    defer\n                    crossorigin=\"anonymous\"\n                    src=\"https:\/\/connect.facebook.net\/tr_TR\/sdk.js#xfbml=1&#038;version=v3.3\"\n            ><\/script><\/p>\n","protected":false},"excerpt":{"rendered":"<p>P\u0131narba\u015f\u0131-Da\u011fyolu ana yolunda yar\u0131n bak\u0131m ve onar\u0131m \u00e7al\u0131\u015fmalar\u0131 yap\u0131lacak. Karayollar\u0131 Dairesi M\u00fcd\u00fcrl\u00fc\u011f\u00fc\u2019nden yap\u0131lan a\u00e7\u0131klamada, \u00e7al\u0131\u015fmalar nedeniyle trafi\u011fin kontroll\u00fc olarak verilece\u011fi kaydedildi. A\u00e7\u0131klamada, can ve mal g\u00fcvenli\u011fi a\u00e7\u0131s\u0131ndan s\u00fcr\u00fcc\u00fclerin yava\u015f seyretmeleri, trafik i\u015faretlerine ve i\u015faret\u00e7ilerine uymalar\u0131 \u00e7a\u011fr\u0131s\u0131nda bulunuldu.<\/p>\n","protected":false},"author":1,"featured_media":6310,"comment_status":"open","ping_status":"open","sticky":false,"template":"","format":"standard","meta":{"jnews-multi-image_gallery":[],"jnews_single_post":[],"jnews_primary_category":[],"footnotes":""},"categories":[1],"tags":[],"class_list":["post-6309","post","type-post","status-publish","format-standard","has-post-thumbnail","hentry","category-kibris"],"yoast_head":"<!-- This site is optimized with the Yoast SEO plugin v27.5 - https:\/\/yoast.com\/product\/yoast-seo-wordpress\/ -->\n<title>P\u0131narba\u015f\u0131-Da\u011fyolu ana yolunda yar\u0131n bak\u0131m onar\u0131m \u00e7al\u0131\u015fmas\u0131 olacak - Haber Kuzey<\/title>\n<meta name=\"robots\" content=\"index, follow, max-snippet:-1, max-image-preview:large, max-video-preview:-1\" \/>\n<link rel=\"canonical\" href=\"https:\/\/haberkuzey.com\/index.php\/2024\/07\/16\/pinarbasi-dagyolu-ana-yolunda-yarin-bakim-onarim-calismasi-olacak\/\" \/>\n<meta property=\"og:locale\" content=\"tr_TR\" \/>\n<meta property=\"og:type\" content=\"article\" \/>\n<meta property=\"og:title\" content=\"P\u0131narba\u015f\u0131-Da\u011fyolu ana yolunda yar\u0131n bak\u0131m onar\u0131m \u00e7al\u0131\u015fmas\u0131 olacak - Haber Kuzey\" \/>\n<meta property=\"og:description\" content=\"P\u0131narba\u015f\u0131-Da\u011fyolu ana yolunda yar\u0131n bak\u0131m ve onar\u0131m \u00e7al\u0131\u015fmalar\u0131 yap\u0131lacak. Karayollar\u0131 Dairesi M\u00fcd\u00fcrl\u00fc\u011f\u00fc\u2019nden yap\u0131lan a\u00e7\u0131klamada, \u00e7al\u0131\u015fmalar nedeniyle trafi\u011fin kontroll\u00fc olarak verilece\u011fi kaydedildi. A\u00e7\u0131klamada, can ve mal g\u00fcvenli\u011fi a\u00e7\u0131s\u0131ndan s\u00fcr\u00fcc\u00fclerin yava\u015f seyretmeleri, trafik i\u015faretlerine ve i\u015faret\u00e7ilerine uymalar\u0131 \u00e7a\u011fr\u0131s\u0131nda bulunuldu.\" \/>\n<meta property=\"og:url\" content=\"https:\/\/haberkuzey.com\/index.php\/2024\/07\/16\/pinarbasi-dagyolu-ana-yolunda-yarin-bakim-onarim-calismasi-olacak\/\" \/>\n<meta property=\"og:site_name\" content=\"Haber Kuzey\" \/>\n<meta property=\"article:published_time\" content=\"2024-07-16T13:31:52+00:00\" \/>\n<meta property=\"og:image\" content=\"https:\/\/brtk.net\/wp-content\/uploads\/2024\/07\/16\/guzelyurt-belediyesi11.jpg?ver=0e5734dd9ab29fc70fef8d592ce28a2f\" \/>\n<meta name=\"author\" content=\"haberkuzey\" \/>\n<meta name=\"twitter:card\" content=\"summary_large_image\" \/>\n<meta name=\"twitter:label1\" content=\"Yazan:\" \/>\n\t<meta name=\"twitter:data1\" content=\"haberkuzey\" \/>\n<script type=\"application\/ld+json\" class=\"yoast-schema-graph\">{\"@context\":\"https:\\\/\\\/schema.org\",\"@graph\":[{\"@type\":\"Article\",\"@id\":\"https:\\\/\\\/haberkuzey.com\\\/index.php\\\/2024\\\/07\\\/16\\\/pinarbasi-dagyolu-ana-yolunda-yarin-bakim-onarim-calismasi-olacak\\\/#article\",\"isPartOf\":{\"@id\":\"https:\\\/\\\/haberkuzey.com\\\/index.php\\\/2024\\\/07\\\/16\\\/pinarbasi-dagyolu-ana-yolunda-yarin-bakim-onarim-calismasi-olacak\\\/\"},\"author\":{\"name\":\"haberkuzey\",\"@id\":\"https:\\\/\\\/haberkuzey.com\\\/#\\\/schema\\\/person\\\/3372109ec735f9333f4fa47ebb9605ca\"},\"headline\":\"P\u0131narba\u015f\u0131-Da\u011fyolu ana yolunda yar\u0131n bak\u0131m onar\u0131m \u00e7al\u0131\u015fmas\u0131 olacak\",\"datePublished\":\"2024-07-16T13:31:52+00:00\",\"mainEntityOfPage\":{\"@id\":\"https:\\\/\\\/haberkuzey.com\\\/index.php\\\/2024\\\/07\\\/16\\\/pinarbasi-dagyolu-ana-yolunda-yarin-bakim-onarim-calismasi-olacak\\\/\"},\"wordCount\":82,\"commentCount\":0,\"image\":{\"@id\":\"https:\\\/\\\/haberkuzey.com\\\/index.php\\\/2024\\\/07\\\/16\\\/pinarbasi-dagyolu-ana-yolunda-yarin-bakim-onarim-calismasi-olacak\\\/#primaryimage\"},\"thumbnailUrl\":\"https:\\\/\\\/haberkuzey.com\\\/wp-content\\\/uploads\\\/2024\\\/07\\\/guzelyurt-belediyesi11.jpg\",\"articleSection\":[\"K\u0131br\u0131s\"],\"inLanguage\":\"tr\",\"potentialAction\":[{\"@type\":\"CommentAction\",\"name\":\"Comment\",\"target\":[\"https:\\\/\\\/haberkuzey.com\\\/index.php\\\/2024\\\/07\\\/16\\\/pinarbasi-dagyolu-ana-yolunda-yarin-bakim-onarim-calismasi-olacak\\\/#respond\"]}]},{\"@type\":\"WebPage\",\"@id\":\"https:\\\/\\\/haberkuzey.com\\\/index.php\\\/2024\\\/07\\\/16\\\/pinarbasi-dagyolu-ana-yolunda-yarin-bakim-onarim-calismasi-olacak\\\/\",\"url\":\"https:\\\/\\\/haberkuzey.com\\\/index.php\\\/2024\\\/07\\\/16\\\/pinarbasi-dagyolu-ana-yolunda-yarin-bakim-onarim-calismasi-olacak\\\/\",\"name\":\"P\u0131narba\u015f\u0131-Da\u011fyolu ana yolunda yar\u0131n bak\u0131m onar\u0131m \u00e7al\u0131\u015fmas\u0131 olacak - Haber Kuzey\",\"isPartOf\":{\"@id\":\"https:\\\/\\\/haberkuzey.com\\\/#website\"},\"primaryImageOfPage\":{\"@id\":\"https:\\\/\\\/haberkuzey.com\\\/index.php\\\/2024\\\/07\\\/16\\\/pinarbasi-dagyolu-ana-yolunda-yarin-bakim-onarim-calismasi-olacak\\\/#primaryimage\"},\"image\":{\"@id\":\"https:\\\/\\\/haberkuzey.com\\\/index.php\\\/2024\\\/07\\\/16\\\/pinarbasi-dagyolu-ana-yolunda-yarin-bakim-onarim-calismasi-olacak\\\/#primaryimage\"},\"thumbnailUrl\":\"https:\\\/\\\/haberkuzey.com\\\/wp-content\\\/uploads\\\/2024\\\/07\\\/guzelyurt-belediyesi11.jpg\",\"datePublished\":\"2024-07-16T13:31:52+00:00\",\"author\":{\"@id\":\"https:\\\/\\\/haberkuzey.com\\\/#\\\/schema\\\/person\\\/3372109ec735f9333f4fa47ebb9605ca\"},\"breadcrumb\":{\"@id\":\"https:\\\/\\\/haberkuzey.com\\\/index.php\\\/2024\\\/07\\\/16\\\/pinarbasi-dagyolu-ana-yolunda-yarin-bakim-onarim-calismasi-olacak\\\/#breadcrumb\"},\"inLanguage\":\"tr\",\"potentialAction\":[{\"@type\":\"ReadAction\",\"target\":[\"https:\\\/\\\/haberkuzey.com\\\/index.php\\\/2024\\\/07\\\/16\\\/pinarbasi-dagyolu-ana-yolunda-yarin-bakim-onarim-calismasi-olacak\\\/\"]}]},{\"@type\":\"ImageObject\",\"inLanguage\":\"tr\",\"@id\":\"https:\\\/\\\/haberkuzey.com\\\/index.php\\\/2024\\\/07\\\/16\\\/pinarbasi-dagyolu-ana-yolunda-yarin-bakim-onarim-calismasi-olacak\\\/#primaryimage\",\"url\":\"https:\\\/\\\/haberkuzey.com\\\/wp-content\\\/uploads\\\/2024\\\/07\\\/guzelyurt-belediyesi11.jpg\",\"contentUrl\":\"https:\\\/\\\/haberkuzey.com\\\/wp-content\\\/uploads\\\/2024\\\/07\\\/guzelyurt-belediyesi11.jpg\",\"width\":1000,\"height\":750},{\"@type\":\"BreadcrumbList\",\"@id\":\"https:\\\/\\\/haberkuzey.com\\\/index.php\\\/2024\\\/07\\\/16\\\/pinarbasi-dagyolu-ana-yolunda-yarin-bakim-onarim-calismasi-olacak\\\/#breadcrumb\",\"itemListElement\":[{\"@type\":\"ListItem\",\"position\":1,\"name\":\"Anasayfa\",\"item\":\"https:\\\/\\\/haberkuzey.com\\\/\"},{\"@type\":\"ListItem\",\"position\":2,\"name\":\"P\u0131narba\u015f\u0131-Da\u011fyolu ana yolunda yar\u0131n bak\u0131m onar\u0131m \u00e7al\u0131\u015fmas\u0131 olacak\"}]},{\"@type\":\"WebSite\",\"@id\":\"https:\\\/\\\/haberkuzey.com\\\/#website\",\"url\":\"https:\\\/\\\/haberkuzey.com\\\/\",\"name\":\"Haber Kuzey\",\"description\":\"Do\u011fru Haberin Adresi\",\"potentialAction\":[{\"@type\":\"SearchAction\",\"target\":{\"@type\":\"EntryPoint\",\"urlTemplate\":\"https:\\\/\\\/haberkuzey.com\\\/?s={search_term_string}\"},\"query-input\":{\"@type\":\"PropertyValueSpecification\",\"valueRequired\":true,\"valueName\":\"search_term_string\"}}],\"inLanguage\":\"tr\"},{\"@type\":\"Person\",\"@id\":\"https:\\\/\\\/haberkuzey.com\\\/#\\\/schema\\\/person\\\/3372109ec735f9333f4fa47ebb9605ca\",\"name\":\"haberkuzey\",\"image\":{\"@type\":\"ImageObject\",\"inLanguage\":\"tr\",\"@id\":\"https:\\\/\\\/secure.gravatar.com\\\/avatar\\\/f5fc875574b1575324358c3b9e6a32b8227aa5b74f3fa22e3cadb63e26fcc39c?s=96&d=mm&r=g\",\"url\":\"https:\\\/\\\/secure.gravatar.com\\\/avatar\\\/f5fc875574b1575324358c3b9e6a32b8227aa5b74f3fa22e3cadb63e26fcc39c?s=96&d=mm&r=g\",\"contentUrl\":\"https:\\\/\\\/secure.gravatar.com\\\/avatar\\\/f5fc875574b1575324358c3b9e6a32b8227aa5b74f3fa22e3cadb63e26fcc39c?s=96&d=mm&r=g\",\"caption\":\"haberkuzey\"},\"sameAs\":[\"https:\\\/\\\/haberkuzey.com\"],\"url\":\"https:\\\/\\\/haberkuzey.com\\\/index.php\\\/author\\\/haberkuzey\\\/\"}]}<\/script>\n<!-- \/ Yoast SEO plugin. -->","yoast_head_json":{"title":"P\u0131narba\u015f\u0131-Da\u011fyolu ana yolunda yar\u0131n bak\u0131m onar\u0131m \u00e7al\u0131\u015fmas\u0131 olacak - Haber Kuzey","robots":{"index":"index","follow":"follow","max-snippet":"max-snippet:-1","max-image-preview":"max-image-preview:large","max-video-preview":"max-video-preview:-1"},"canonical":"https:\/\/haberkuzey.com\/index.php\/2024\/07\/16\/pinarbasi-dagyolu-ana-yolunda-yarin-bakim-onarim-calismasi-olacak\/","og_locale":"tr_TR","og_type":"article","og_title":"P\u0131narba\u015f\u0131-Da\u011fyolu ana yolunda yar\u0131n bak\u0131m onar\u0131m \u00e7al\u0131\u015fmas\u0131 olacak - Haber Kuzey","og_description":"P\u0131narba\u015f\u0131-Da\u011fyolu ana yolunda yar\u0131n bak\u0131m ve onar\u0131m \u00e7al\u0131\u015fmalar\u0131 yap\u0131lacak. Karayollar\u0131 Dairesi M\u00fcd\u00fcrl\u00fc\u011f\u00fc\u2019nden yap\u0131lan a\u00e7\u0131klamada, \u00e7al\u0131\u015fmalar nedeniyle trafi\u011fin kontroll\u00fc olarak verilece\u011fi kaydedildi. A\u00e7\u0131klamada, can ve mal g\u00fcvenli\u011fi a\u00e7\u0131s\u0131ndan s\u00fcr\u00fcc\u00fclerin yava\u015f seyretmeleri, trafik i\u015faretlerine ve i\u015faret\u00e7ilerine uymalar\u0131 \u00e7a\u011fr\u0131s\u0131nda bulunuldu.","og_url":"https:\/\/haberkuzey.com\/index.php\/2024\/07\/16\/pinarbasi-dagyolu-ana-yolunda-yarin-bakim-onarim-calismasi-olacak\/","og_site_name":"Haber Kuzey","article_published_time":"2024-07-16T13:31:52+00:00","og_image":[{"url":"https:\/\/brtk.net\/wp-content\/uploads\/2024\/07\/16\/guzelyurt-belediyesi11.jpg?ver=0e5734dd9ab29fc70fef8d592ce28a2f","type":"","width":"","height":""}],"author":"haberkuzey","twitter_card":"summary_large_image","twitter_misc":{"Yazan:":"haberkuzey"},"schema":{"@context":"https:\/\/schema.org","@graph":[{"@type":"Article","@id":"https:\/\/haberkuzey.com\/index.php\/2024\/07\/16\/pinarbasi-dagyolu-ana-yolunda-yarin-bakim-onarim-calismasi-olacak\/#article","isPartOf":{"@id":"https:\/\/haberkuzey.com\/index.php\/2024\/07\/16\/pinarbasi-dagyolu-ana-yolunda-yarin-bakim-onarim-calismasi-olacak\/"},"author":{"name":"haberkuzey","@id":"https:\/\/haberkuzey.com\/#\/schema\/person\/3372109ec735f9333f4fa47ebb9605ca"},"headline":"P\u0131narba\u015f\u0131-Da\u011fyolu ana yolunda yar\u0131n bak\u0131m onar\u0131m \u00e7al\u0131\u015fmas\u0131 olacak","datePublished":"2024-07-16T13:31:52+00:00","mainEntityOfPage":{"@id":"https:\/\/haberkuzey.com\/index.php\/2024\/07\/16\/pinarbasi-dagyolu-ana-yolunda-yarin-bakim-onarim-calismasi-olacak\/"},"wordCount":82,"commentCount":0,"image":{"@id":"https:\/\/haberkuzey.com\/index.php\/2024\/07\/16\/pinarbasi-dagyolu-ana-yolunda-yarin-bakim-onarim-calismasi-olacak\/#primaryimage"},"thumbnailUrl":"https:\/\/haberkuzey.com\/wp-content\/uploads\/2024\/07\/guzelyurt-belediyesi11.jpg","articleSection":["K\u0131br\u0131s"],"inLanguage":"tr","potentialAction":[{"@type":"CommentAction","name":"Comment","target":["https:\/\/haberkuzey.com\/index.php\/2024\/07\/16\/pinarbasi-dagyolu-ana-yolunda-yarin-bakim-onarim-calismasi-olacak\/#respond"]}]},{"@type":"WebPage","@id":"https:\/\/haberkuzey.com\/index.php\/2024\/07\/16\/pinarbasi-dagyolu-ana-yolunda-yarin-bakim-onarim-calismasi-olacak\/","url":"https:\/\/haberkuzey.com\/index.php\/2024\/07\/16\/pinarbasi-dagyolu-ana-yolunda-yarin-bakim-onarim-calismasi-olacak\/","name":"P\u0131narba\u015f\u0131-Da\u011fyolu ana yolunda yar\u0131n bak\u0131m onar\u0131m \u00e7al\u0131\u015fmas\u0131 olacak - Haber Kuzey","isPartOf":{"@id":"https:\/\/haberkuzey.com\/#website"},"primaryImageOfPage":{"@id":"https:\/\/haberkuzey.com\/index.php\/2024\/07\/16\/pinarbasi-dagyolu-ana-yolunda-yarin-bakim-onarim-calismasi-olacak\/#primaryimage"},"image":{"@id":"https:\/\/haberkuzey.com\/index.php\/2024\/07\/16\/pinarbasi-dagyolu-ana-yolunda-yarin-bakim-onarim-calismasi-olacak\/#primaryimage"},"thumbnailUrl":"https:\/\/haberkuzey.com\/wp-content\/uploads\/2024\/07\/guzelyurt-belediyesi11.jpg","datePublished":"2024-07-16T13:31:52+00:00","author":{"@id":"https:\/\/haberkuzey.com\/#\/schema\/person\/3372109ec735f9333f4fa47ebb9605ca"},"breadcrumb":{"@id":"https:\/\/haberkuzey.com\/index.php\/2024\/07\/16\/pinarbasi-dagyolu-ana-yolunda-yarin-bakim-onarim-calismasi-olacak\/#breadcrumb"},"inLanguage":"tr","potentialAction":[{"@type":"ReadAction","target":["https:\/\/haberkuzey.com\/index.php\/2024\/07\/16\/pinarbasi-dagyolu-ana-yolunda-yarin-bakim-onarim-calismasi-olacak\/"]}]},{"@type":"ImageObject","inLanguage":"tr","@id":"https:\/\/haberkuzey.com\/index.php\/2024\/07\/16\/pinarbasi-dagyolu-ana-yolunda-yarin-bakim-onarim-calismasi-olacak\/#primaryimage","url":"https:\/\/haberkuzey.com\/wp-content\/uploads\/2024\/07\/guzelyurt-belediyesi11.jpg","contentUrl":"https:\/\/haberkuzey.com\/wp-content\/uploads\/2024\/07\/guzelyurt-belediyesi11.jpg","width":1000,"height":750},{"@type":"BreadcrumbList","@id":"https:\/\/haberkuzey.com\/index.php\/2024\/07\/16\/pinarbasi-dagyolu-ana-yolunda-yarin-bakim-onarim-calismasi-olacak\/#breadcrumb","itemListElement":[{"@type":"ListItem","position":1,"name":"Anasayfa","item":"https:\/\/haberkuzey.com\/"},{"@type":"ListItem","position":2,"name":"P\u0131narba\u015f\u0131-Da\u011fyolu ana yolunda yar\u0131n bak\u0131m onar\u0131m \u00e7al\u0131\u015fmas\u0131 olacak"}]},{"@type":"WebSite","@id":"https:\/\/haberkuzey.com\/#website","url":"https:\/\/haberkuzey.com\/","name":"Haber Kuzey","description":"Do\u011fru Haberin Adresi","potentialAction":[{"@type":"SearchAction","target":{"@type":"EntryPoint","urlTemplate":"https:\/\/haberkuzey.com\/?s={search_term_string}"},"query-input":{"@type":"PropertyValueSpecification","valueRequired":true,"valueName":"search_term_string"}}],"inLanguage":"tr"},{"@type":"Person","@id":"https:\/\/haberkuzey.com\/#\/schema\/person\/3372109ec735f9333f4fa47ebb9605ca","name":"haberkuzey","image":{"@type":"ImageObject","inLanguage":"tr","@id":"https:\/\/secure.gravatar.com\/avatar\/f5fc875574b1575324358c3b9e6a32b8227aa5b74f3fa22e3cadb63e26fcc39c?s=96&d=mm&r=g","url":"https:\/\/secure.gravatar.com\/avatar\/f5fc875574b1575324358c3b9e6a32b8227aa5b74f3fa22e3cadb63e26fcc39c?s=96&d=mm&r=g","contentUrl":"https:\/\/secure.gravatar.com\/avatar\/f5fc875574b1575324358c3b9e6a32b8227aa5b74f3fa22e3cadb63e26fcc39c?s=96&d=mm&r=g","caption":"haberkuzey"},"sameAs":["https:\/\/haberkuzey.com"],"url":"https:\/\/haberkuzey.com\/index.php\/author\/haberkuzey\/"}]}},"_links":{"self":[{"href":"https:\/\/haberkuzey.com\/index.php\/wp-json\/wp\/v2\/posts\/6309","targetHints":{"allow":["GET"]}}],"collection":[{"href":"https:\/\/haberkuzey.com\/index.php\/wp-json\/wp\/v2\/posts"}],"about":[{"href":"https:\/\/haberkuzey.com\/index.php\/wp-json\/wp\/v2\/types\/post"}],"author":[{"embeddable":true,"href":"https:\/\/haberkuzey.com\/index.php\/wp-json\/wp\/v2\/users\/1"}],"replies":[{"embeddable":true,"href":"https:\/\/haberkuzey.com\/index.php\/wp-json\/wp\/v2\/comments?post=6309"}],"version-history":[{"count":0,"href":"https:\/\/haberkuzey.com\/index.php\/wp-json\/wp\/v2\/posts\/6309\/revisions"}],"wp:featuredmedia":[{"embeddable":true,"href":"https:\/\/haberkuzey.com\/index.php\/wp-json\/wp\/v2\/media\/6310"}],"wp:attachment":[{"href":"https:\/\/haberkuzey.com\/index.php\/wp-json\/wp\/v2\/media?parent=6309"}],"wp:term":[{"taxonomy":"category","embeddable":true,"href":"https:\/\/haberkuzey.com\/index.php\/wp-json\/wp\/v2\/categories?post=6309"},{"taxonomy":"post_tag","embeddable":true,"href":"https:\/\/haberkuzey.com\/index.php\/wp-json\/wp\/v2\/tags?post=6309"}],"curies":[{"name":"wp","href":"https:\/\/api.w.org\/{rel}","templated":true}]}}