{"id":621,"date":"2024-04-26T19:03:31","date_gmt":"2024-04-26T16:03:31","guid":{"rendered":"https:\/\/kuzeyinsesi.com\/index.php\/2024\/04\/26\/turkiyenin-lefkosa-buyukelcisi-metin-feyzioglu-yanginin-ardindan-yurtta-incelemelerde-bulundu\/"},"modified":"2024-04-26T19:03:31","modified_gmt":"2024-04-26T16:03:31","slug":"turkiyenin-lefkosa-buyukelcisi-metin-feyzioglu-yanginin-ardindan-yurtta-incelemelerde-bulundu","status":"publish","type":"post","link":"https:\/\/haberkuzey.com\/index.php\/2024\/04\/26\/turkiyenin-lefkosa-buyukelcisi-metin-feyzioglu-yanginin-ardindan-yurtta-incelemelerde-bulundu\/","title":{"rendered":"T\u00fcrkiye\u2019nin Lefko\u015fa B\u00fcy\u00fckel\u00e7isi Metin Feyzio\u011flu yang\u0131n\u0131n ard\u0131ndan yurtta incelemelerde bulundu"},"content":{"rendered":"<div>\n<div class=\"mariselle-image-container center\">\n                                            <\/div>\n<p>G\u00fczelyurt\u2019ta bir \u00f6\u011frenci yurdunun bodrum kat\u0131nda \u00f6\u011fle saatlerinde yang\u0131n \u00e7\u0131kt\u0131, yang\u0131n s\u00f6nd\u00fcr\u00fcld\u00fc.<\/p>\n<p>Polisten verilen bilgiye g\u00f6re saat 14.00 s\u0131ralar\u0131nda G\u00fczelyurt\u2019ta \u015eehitKamilOr\u00e7in Sokak\u2019ta bulunan Refika \u00d6\u011fretmen \u00d6\u011frenci Yurdu\u2019nun bodrum kat\u0131nda, depo olarak kullan\u0131lan odada yang\u0131n \u00e7\u0131kt\u0131. Yang\u0131n itfaiye ekipleri taraf\u0131ndan s\u00f6nd\u00fcr\u00fcld\u00fc, yang\u0131n\u0131n \u00e7\u0131k\u0131\u015f nedeni hen\u00fcz tespit edilmedi. Yang\u0131nda odadaki baz\u0131 e\u015fyalar zarar g\u00f6rd\u00fc.<\/p>\n<p>T\u00fcrkiye\u2019nin Lefko\u015fa B\u00fcy\u00fckel\u00e7isi Metin Feyzio\u011flu da yang\u0131n\u0131n ard\u0131ndan yurtta incelemelerde bulundu.<br \/>Feyzio\u011flu, \u201cG\u00fczelyurt\u2019ta Refika \u00d6\u011fretmen KYK Yurdumuzda bug\u00fcn \u00f6\u011flen saatlerinde bir yang\u0131n ba\u015flang\u0131c\u0131 oldu\u011fu bilgisi geldi. \u00c7ok \u015f\u00fck\u00fcr kimse zarar g\u00f6rmemi\u015f. Yerinde g\u00f6rmeye, \u00f6\u011frencilerimizin ve yurt idaremizin  bir ihtiyac\u0131 var m\u0131 sormaya geldim\u201d dedi.<\/p>\n<p>Feyzio\u011flu, \u00f6nceden yang\u0131n tatbikat\u0131 yap\u0131ld\u0131\u011f\u0131 i\u00e7in g\u00f6revlilerin bilin\u00e7li \u015fekilde derhal m\u00fcdahale etti\u011fine dikkat \u00e7ekti.<\/p>\n<p>\u201cKatlarda kalan \u00f6\u011frenciler de sakin ve seri \u015fekilde tahliyeyi ger\u00e7ekle\u015ftirmi\u015fler. \u0130tfaiye  de dakikalar i\u00e7inde gelmi\u015f. G\u00fczelyurt belediyemiz ve  yurtlar\u0131m\u0131zdan gelen temizlik g\u00f6revlilerimiz aral\u0131ks\u0131z \u00e7al\u0131\u015f\u0131yor. Evlatlar\u0131m\u0131z gayet iyi\u201d diyen Feyzio\u011flu, \u201cUzaktaki ailelerimiz l\u00fctfen tela\u015flanmas\u0131n. Bilin\u00e7li davran\u0131\u015f,  \u00f6nceden al\u0131nan tedbir ve tatbikat\u0131n faydas\u0131 b\u00fcy\u00fck. \u00d6\u011frencilerimize ve yurt idaremize ge\u00e7mi\u015f olsun. \u0130tfaiyemize, elektrik idaresine,   canla ba\u015fla \u00e7al\u0131\u015fan herkese te\u015fekk\u00fcrler\u201d ifadelerini kulland\u0131.<\/p>\n<\/p><\/div>\n<p><script async\n                    defer\n                    crossorigin=\"anonymous\"\n                    src=\"https:\/\/connect.facebook.net\/tr_TR\/sdk.js#xfbml=1&#038;version=v3.3\"\n            ><\/script><\/p>\n","protected":false},"excerpt":{"rendered":"<p>G\u00fczelyurt\u2019ta bir \u00f6\u011frenci yurdunun bodrum kat\u0131nda \u00f6\u011fle saatlerinde yang\u0131n \u00e7\u0131kt\u0131, yang\u0131n s\u00f6nd\u00fcr\u00fcld\u00fc. Polisten verilen bilgiye g\u00f6re saat 14.00 s\u0131ralar\u0131nda G\u00fczelyurt\u2019ta \u015eehitKamilOr\u00e7in Sokak\u2019ta bulunan Refika \u00d6\u011fretmen \u00d6\u011frenci Yurdu\u2019nun bodrum kat\u0131nda, depo olarak kullan\u0131lan odada yang\u0131n \u00e7\u0131kt\u0131. Yang\u0131n itfaiye ekipleri taraf\u0131ndan s\u00f6nd\u00fcr\u00fcld\u00fc, yang\u0131n\u0131n \u00e7\u0131k\u0131\u015f nedeni hen\u00fcz tespit edilmedi. Yang\u0131nda odadaki baz\u0131 e\u015fyalar zarar g\u00f6rd\u00fc. T\u00fcrkiye\u2019nin Lefko\u015fa B\u00fcy\u00fckel\u00e7isi [&hellip;]<\/p>\n","protected":false},"author":1,"featured_media":622,"comment_status":"open","ping_status":"open","sticky":false,"template":"","format":"standard","meta":{"jnews-multi-image_gallery":[],"jnews_single_post":[],"jnews_primary_category":[],"footnotes":""},"categories":[1],"tags":[],"class_list":["post-621","post","type-post","status-publish","format-standard","has-post-thumbnail","hentry","category-kibris"],"yoast_head":"<!-- This site is optimized with the Yoast SEO plugin v27.4 - https:\/\/yoast.com\/product\/yoast-seo-wordpress\/ -->\n<title>T\u00fcrkiye\u2019nin Lefko\u015fa B\u00fcy\u00fckel\u00e7isi Metin Feyzio\u011flu yang\u0131n\u0131n ard\u0131ndan yurtta incelemelerde bulundu - Haber Kuzey<\/title>\n<meta name=\"robots\" content=\"index, follow, max-snippet:-1, max-image-preview:large, max-video-preview:-1\" \/>\n<link rel=\"canonical\" href=\"https:\/\/haberkuzey.com\/index.php\/2024\/04\/26\/turkiyenin-lefkosa-buyukelcisi-metin-feyzioglu-yanginin-ardindan-yurtta-incelemelerde-bulundu\/\" \/>\n<meta property=\"og:locale\" content=\"tr_TR\" \/>\n<meta property=\"og:type\" content=\"article\" \/>\n<meta property=\"og:title\" content=\"T\u00fcrkiye\u2019nin Lefko\u015fa B\u00fcy\u00fckel\u00e7isi Metin Feyzio\u011flu yang\u0131n\u0131n ard\u0131ndan yurtta incelemelerde bulundu - Haber Kuzey\" \/>\n<meta property=\"og:description\" content=\"G\u00fczelyurt\u2019ta bir \u00f6\u011frenci yurdunun bodrum kat\u0131nda \u00f6\u011fle saatlerinde yang\u0131n \u00e7\u0131kt\u0131, yang\u0131n s\u00f6nd\u00fcr\u00fcld\u00fc. Polisten verilen bilgiye g\u00f6re saat 14.00 s\u0131ralar\u0131nda G\u00fczelyurt\u2019ta \u015eehitKamilOr\u00e7in Sokak\u2019ta bulunan Refika \u00d6\u011fretmen \u00d6\u011frenci Yurdu\u2019nun bodrum kat\u0131nda, depo olarak kullan\u0131lan odada yang\u0131n \u00e7\u0131kt\u0131. Yang\u0131n itfaiye ekipleri taraf\u0131ndan s\u00f6nd\u00fcr\u00fcld\u00fc, yang\u0131n\u0131n \u00e7\u0131k\u0131\u015f nedeni hen\u00fcz tespit edilmedi. Yang\u0131nda odadaki baz\u0131 e\u015fyalar zarar g\u00f6rd\u00fc. T\u00fcrkiye\u2019nin Lefko\u015fa B\u00fcy\u00fckel\u00e7isi [&hellip;]\" \/>\n<meta property=\"og:url\" content=\"https:\/\/haberkuzey.com\/index.php\/2024\/04\/26\/turkiyenin-lefkosa-buyukelcisi-metin-feyzioglu-yanginin-ardindan-yurtta-incelemelerde-bulundu\/\" \/>\n<meta property=\"og:site_name\" content=\"Haber Kuzey\" \/>\n<meta property=\"article:published_time\" content=\"2024-04-26T16:03:31+00:00\" \/>\n<meta property=\"og:image\" content=\"https:\/\/haberkuzey.com\/wp-content\/uploads\/2024\/04\/Metin-Feyzioglu-Yurt-Yangin.jpg\" \/>\n\t<meta property=\"og:image:width\" content=\"1600\" \/>\n\t<meta property=\"og:image:height\" content=\"1200\" \/>\n\t<meta property=\"og:image:type\" content=\"image\/jpeg\" \/>\n<meta name=\"author\" content=\"haberkuzey\" \/>\n<meta name=\"twitter:card\" content=\"summary_large_image\" \/>\n<meta name=\"twitter:label1\" content=\"Yazan:\" \/>\n\t<meta name=\"twitter:data1\" content=\"haberkuzey\" \/>\n\t<meta name=\"twitter:label2\" content=\"Tahmini okuma s\u00fcresi\" \/>\n\t<meta name=\"twitter:data2\" content=\"1 dakika\" \/>\n<script type=\"application\/ld+json\" class=\"yoast-schema-graph\">{\"@context\":\"https:\\\/\\\/schema.org\",\"@graph\":[{\"@type\":\"Article\",\"@id\":\"https:\\\/\\\/haberkuzey.com\\\/index.php\\\/2024\\\/04\\\/26\\\/turkiyenin-lefkosa-buyukelcisi-metin-feyzioglu-yanginin-ardindan-yurtta-incelemelerde-bulundu\\\/#article\",\"isPartOf\":{\"@id\":\"https:\\\/\\\/haberkuzey.com\\\/index.php\\\/2024\\\/04\\\/26\\\/turkiyenin-lefkosa-buyukelcisi-metin-feyzioglu-yanginin-ardindan-yurtta-incelemelerde-bulundu\\\/\"},\"author\":{\"name\":\"haberkuzey\",\"@id\":\"https:\\\/\\\/haberkuzey.com\\\/#\\\/schema\\\/person\\\/3372109ec735f9333f4fa47ebb9605ca\"},\"headline\":\"T\u00fcrkiye\u2019nin Lefko\u015fa B\u00fcy\u00fckel\u00e7isi Metin Feyzio\u011flu yang\u0131n\u0131n ard\u0131ndan yurtta incelemelerde bulundu\",\"datePublished\":\"2024-04-26T16:03:31+00:00\",\"mainEntityOfPage\":{\"@id\":\"https:\\\/\\\/haberkuzey.com\\\/index.php\\\/2024\\\/04\\\/26\\\/turkiyenin-lefkosa-buyukelcisi-metin-feyzioglu-yanginin-ardindan-yurtta-incelemelerde-bulundu\\\/\"},\"wordCount\":273,\"commentCount\":0,\"image\":{\"@id\":\"https:\\\/\\\/haberkuzey.com\\\/index.php\\\/2024\\\/04\\\/26\\\/turkiyenin-lefkosa-buyukelcisi-metin-feyzioglu-yanginin-ardindan-yurtta-incelemelerde-bulundu\\\/#primaryimage\"},\"thumbnailUrl\":\"https:\\\/\\\/haberkuzey.com\\\/wp-content\\\/uploads\\\/2024\\\/04\\\/Metin-Feyzioglu-Yurt-Yangin.jpg\",\"articleSection\":[\"K\u0131br\u0131s\"],\"inLanguage\":\"tr\",\"potentialAction\":[{\"@type\":\"CommentAction\",\"name\":\"Comment\",\"target\":[\"https:\\\/\\\/haberkuzey.com\\\/index.php\\\/2024\\\/04\\\/26\\\/turkiyenin-lefkosa-buyukelcisi-metin-feyzioglu-yanginin-ardindan-yurtta-incelemelerde-bulundu\\\/#respond\"]}]},{\"@type\":\"WebPage\",\"@id\":\"https:\\\/\\\/haberkuzey.com\\\/index.php\\\/2024\\\/04\\\/26\\\/turkiyenin-lefkosa-buyukelcisi-metin-feyzioglu-yanginin-ardindan-yurtta-incelemelerde-bulundu\\\/\",\"url\":\"https:\\\/\\\/haberkuzey.com\\\/index.php\\\/2024\\\/04\\\/26\\\/turkiyenin-lefkosa-buyukelcisi-metin-feyzioglu-yanginin-ardindan-yurtta-incelemelerde-bulundu\\\/\",\"name\":\"T\u00fcrkiye\u2019nin Lefko\u015fa B\u00fcy\u00fckel\u00e7isi Metin Feyzio\u011flu yang\u0131n\u0131n ard\u0131ndan yurtta incelemelerde bulundu - Haber Kuzey\",\"isPartOf\":{\"@id\":\"https:\\\/\\\/haberkuzey.com\\\/#website\"},\"primaryImageOfPage\":{\"@id\":\"https:\\\/\\\/haberkuzey.com\\\/index.php\\\/2024\\\/04\\\/26\\\/turkiyenin-lefkosa-buyukelcisi-metin-feyzioglu-yanginin-ardindan-yurtta-incelemelerde-bulundu\\\/#primaryimage\"},\"image\":{\"@id\":\"https:\\\/\\\/haberkuzey.com\\\/index.php\\\/2024\\\/04\\\/26\\\/turkiyenin-lefkosa-buyukelcisi-metin-feyzioglu-yanginin-ardindan-yurtta-incelemelerde-bulundu\\\/#primaryimage\"},\"thumbnailUrl\":\"https:\\\/\\\/haberkuzey.com\\\/wp-content\\\/uploads\\\/2024\\\/04\\\/Metin-Feyzioglu-Yurt-Yangin.jpg\",\"datePublished\":\"2024-04-26T16:03:31+00:00\",\"author\":{\"@id\":\"https:\\\/\\\/haberkuzey.com\\\/#\\\/schema\\\/person\\\/3372109ec735f9333f4fa47ebb9605ca\"},\"breadcrumb\":{\"@id\":\"https:\\\/\\\/haberkuzey.com\\\/index.php\\\/2024\\\/04\\\/26\\\/turkiyenin-lefkosa-buyukelcisi-metin-feyzioglu-yanginin-ardindan-yurtta-incelemelerde-bulundu\\\/#breadcrumb\"},\"inLanguage\":\"tr\",\"potentialAction\":[{\"@type\":\"ReadAction\",\"target\":[\"https:\\\/\\\/haberkuzey.com\\\/index.php\\\/2024\\\/04\\\/26\\\/turkiyenin-lefkosa-buyukelcisi-metin-feyzioglu-yanginin-ardindan-yurtta-incelemelerde-bulundu\\\/\"]}]},{\"@type\":\"ImageObject\",\"inLanguage\":\"tr\",\"@id\":\"https:\\\/\\\/haberkuzey.com\\\/index.php\\\/2024\\\/04\\\/26\\\/turkiyenin-lefkosa-buyukelcisi-metin-feyzioglu-yanginin-ardindan-yurtta-incelemelerde-bulundu\\\/#primaryimage\",\"url\":\"https:\\\/\\\/haberkuzey.com\\\/wp-content\\\/uploads\\\/2024\\\/04\\\/Metin-Feyzioglu-Yurt-Yangin.jpg\",\"contentUrl\":\"https:\\\/\\\/haberkuzey.com\\\/wp-content\\\/uploads\\\/2024\\\/04\\\/Metin-Feyzioglu-Yurt-Yangin.jpg\",\"width\":1600,\"height\":1200},{\"@type\":\"BreadcrumbList\",\"@id\":\"https:\\\/\\\/haberkuzey.com\\\/index.php\\\/2024\\\/04\\\/26\\\/turkiyenin-lefkosa-buyukelcisi-metin-feyzioglu-yanginin-ardindan-yurtta-incelemelerde-bulundu\\\/#breadcrumb\",\"itemListElement\":[{\"@type\":\"ListItem\",\"position\":1,\"name\":\"Anasayfa\",\"item\":\"https:\\\/\\\/haberkuzey.com\\\/\"},{\"@type\":\"ListItem\",\"position\":2,\"name\":\"T\u00fcrkiye\u2019nin Lefko\u015fa B\u00fcy\u00fckel\u00e7isi Metin Feyzio\u011flu yang\u0131n\u0131n ard\u0131ndan yurtta incelemelerde bulundu\"}]},{\"@type\":\"WebSite\",\"@id\":\"https:\\\/\\\/haberkuzey.com\\\/#website\",\"url\":\"https:\\\/\\\/haberkuzey.com\\\/\",\"name\":\"Haber Kuzey\",\"description\":\"Do\u011fru Haberin Adresi\",\"potentialAction\":[{\"@type\":\"SearchAction\",\"target\":{\"@type\":\"EntryPoint\",\"urlTemplate\":\"https:\\\/\\\/haberkuzey.com\\\/?s={search_term_string}\"},\"query-input\":{\"@type\":\"PropertyValueSpecification\",\"valueRequired\":true,\"valueName\":\"search_term_string\"}}],\"inLanguage\":\"tr\"},{\"@type\":\"Person\",\"@id\":\"https:\\\/\\\/haberkuzey.com\\\/#\\\/schema\\\/person\\\/3372109ec735f9333f4fa47ebb9605ca\",\"name\":\"haberkuzey\",\"image\":{\"@type\":\"ImageObject\",\"inLanguage\":\"tr\",\"@id\":\"https:\\\/\\\/secure.gravatar.com\\\/avatar\\\/f5fc875574b1575324358c3b9e6a32b8227aa5b74f3fa22e3cadb63e26fcc39c?s=96&d=mm&r=g\",\"url\":\"https:\\\/\\\/secure.gravatar.com\\\/avatar\\\/f5fc875574b1575324358c3b9e6a32b8227aa5b74f3fa22e3cadb63e26fcc39c?s=96&d=mm&r=g\",\"contentUrl\":\"https:\\\/\\\/secure.gravatar.com\\\/avatar\\\/f5fc875574b1575324358c3b9e6a32b8227aa5b74f3fa22e3cadb63e26fcc39c?s=96&d=mm&r=g\",\"caption\":\"haberkuzey\"},\"sameAs\":[\"https:\\\/\\\/haberkuzey.com\"],\"url\":\"https:\\\/\\\/haberkuzey.com\\\/index.php\\\/author\\\/haberkuzey\\\/\"}]}<\/script>\n<!-- \/ Yoast SEO plugin. -->","yoast_head_json":{"title":"T\u00fcrkiye\u2019nin Lefko\u015fa B\u00fcy\u00fckel\u00e7isi Metin Feyzio\u011flu yang\u0131n\u0131n ard\u0131ndan yurtta incelemelerde bulundu - Haber Kuzey","robots":{"index":"index","follow":"follow","max-snippet":"max-snippet:-1","max-image-preview":"max-image-preview:large","max-video-preview":"max-video-preview:-1"},"canonical":"https:\/\/haberkuzey.com\/index.php\/2024\/04\/26\/turkiyenin-lefkosa-buyukelcisi-metin-feyzioglu-yanginin-ardindan-yurtta-incelemelerde-bulundu\/","og_locale":"tr_TR","og_type":"article","og_title":"T\u00fcrkiye\u2019nin Lefko\u015fa B\u00fcy\u00fckel\u00e7isi Metin Feyzio\u011flu yang\u0131n\u0131n ard\u0131ndan yurtta incelemelerde bulundu - Haber Kuzey","og_description":"G\u00fczelyurt\u2019ta bir \u00f6\u011frenci yurdunun bodrum kat\u0131nda \u00f6\u011fle saatlerinde yang\u0131n \u00e7\u0131kt\u0131, yang\u0131n s\u00f6nd\u00fcr\u00fcld\u00fc. Polisten verilen bilgiye g\u00f6re saat 14.00 s\u0131ralar\u0131nda G\u00fczelyurt\u2019ta \u015eehitKamilOr\u00e7in Sokak\u2019ta bulunan Refika \u00d6\u011fretmen \u00d6\u011frenci Yurdu\u2019nun bodrum kat\u0131nda, depo olarak kullan\u0131lan odada yang\u0131n \u00e7\u0131kt\u0131. Yang\u0131n itfaiye ekipleri taraf\u0131ndan s\u00f6nd\u00fcr\u00fcld\u00fc, yang\u0131n\u0131n \u00e7\u0131k\u0131\u015f nedeni hen\u00fcz tespit edilmedi. Yang\u0131nda odadaki baz\u0131 e\u015fyalar zarar g\u00f6rd\u00fc. T\u00fcrkiye\u2019nin Lefko\u015fa B\u00fcy\u00fckel\u00e7isi [&hellip;]","og_url":"https:\/\/haberkuzey.com\/index.php\/2024\/04\/26\/turkiyenin-lefkosa-buyukelcisi-metin-feyzioglu-yanginin-ardindan-yurtta-incelemelerde-bulundu\/","og_site_name":"Haber Kuzey","article_published_time":"2024-04-26T16:03:31+00:00","og_image":[{"width":1600,"height":1200,"url":"https:\/\/haberkuzey.com\/wp-content\/uploads\/2024\/04\/Metin-Feyzioglu-Yurt-Yangin.jpg","type":"image\/jpeg"}],"author":"haberkuzey","twitter_card":"summary_large_image","twitter_misc":{"Yazan:":"haberkuzey","Tahmini okuma s\u00fcresi":"1 dakika"},"schema":{"@context":"https:\/\/schema.org","@graph":[{"@type":"Article","@id":"https:\/\/haberkuzey.com\/index.php\/2024\/04\/26\/turkiyenin-lefkosa-buyukelcisi-metin-feyzioglu-yanginin-ardindan-yurtta-incelemelerde-bulundu\/#article","isPartOf":{"@id":"https:\/\/haberkuzey.com\/index.php\/2024\/04\/26\/turkiyenin-lefkosa-buyukelcisi-metin-feyzioglu-yanginin-ardindan-yurtta-incelemelerde-bulundu\/"},"author":{"name":"haberkuzey","@id":"https:\/\/haberkuzey.com\/#\/schema\/person\/3372109ec735f9333f4fa47ebb9605ca"},"headline":"T\u00fcrkiye\u2019nin Lefko\u015fa B\u00fcy\u00fckel\u00e7isi Metin Feyzio\u011flu yang\u0131n\u0131n ard\u0131ndan yurtta incelemelerde bulundu","datePublished":"2024-04-26T16:03:31+00:00","mainEntityOfPage":{"@id":"https:\/\/haberkuzey.com\/index.php\/2024\/04\/26\/turkiyenin-lefkosa-buyukelcisi-metin-feyzioglu-yanginin-ardindan-yurtta-incelemelerde-bulundu\/"},"wordCount":273,"commentCount":0,"image":{"@id":"https:\/\/haberkuzey.com\/index.php\/2024\/04\/26\/turkiyenin-lefkosa-buyukelcisi-metin-feyzioglu-yanginin-ardindan-yurtta-incelemelerde-bulundu\/#primaryimage"},"thumbnailUrl":"https:\/\/haberkuzey.com\/wp-content\/uploads\/2024\/04\/Metin-Feyzioglu-Yurt-Yangin.jpg","articleSection":["K\u0131br\u0131s"],"inLanguage":"tr","potentialAction":[{"@type":"CommentAction","name":"Comment","target":["https:\/\/haberkuzey.com\/index.php\/2024\/04\/26\/turkiyenin-lefkosa-buyukelcisi-metin-feyzioglu-yanginin-ardindan-yurtta-incelemelerde-bulundu\/#respond"]}]},{"@type":"WebPage","@id":"https:\/\/haberkuzey.com\/index.php\/2024\/04\/26\/turkiyenin-lefkosa-buyukelcisi-metin-feyzioglu-yanginin-ardindan-yurtta-incelemelerde-bulundu\/","url":"https:\/\/haberkuzey.com\/index.php\/2024\/04\/26\/turkiyenin-lefkosa-buyukelcisi-metin-feyzioglu-yanginin-ardindan-yurtta-incelemelerde-bulundu\/","name":"T\u00fcrkiye\u2019nin Lefko\u015fa B\u00fcy\u00fckel\u00e7isi Metin Feyzio\u011flu yang\u0131n\u0131n ard\u0131ndan yurtta incelemelerde bulundu - Haber Kuzey","isPartOf":{"@id":"https:\/\/haberkuzey.com\/#website"},"primaryImageOfPage":{"@id":"https:\/\/haberkuzey.com\/index.php\/2024\/04\/26\/turkiyenin-lefkosa-buyukelcisi-metin-feyzioglu-yanginin-ardindan-yurtta-incelemelerde-bulundu\/#primaryimage"},"image":{"@id":"https:\/\/haberkuzey.com\/index.php\/2024\/04\/26\/turkiyenin-lefkosa-buyukelcisi-metin-feyzioglu-yanginin-ardindan-yurtta-incelemelerde-bulundu\/#primaryimage"},"thumbnailUrl":"https:\/\/haberkuzey.com\/wp-content\/uploads\/2024\/04\/Metin-Feyzioglu-Yurt-Yangin.jpg","datePublished":"2024-04-26T16:03:31+00:00","author":{"@id":"https:\/\/haberkuzey.com\/#\/schema\/person\/3372109ec735f9333f4fa47ebb9605ca"},"breadcrumb":{"@id":"https:\/\/haberkuzey.com\/index.php\/2024\/04\/26\/turkiyenin-lefkosa-buyukelcisi-metin-feyzioglu-yanginin-ardindan-yurtta-incelemelerde-bulundu\/#breadcrumb"},"inLanguage":"tr","potentialAction":[{"@type":"ReadAction","target":["https:\/\/haberkuzey.com\/index.php\/2024\/04\/26\/turkiyenin-lefkosa-buyukelcisi-metin-feyzioglu-yanginin-ardindan-yurtta-incelemelerde-bulundu\/"]}]},{"@type":"ImageObject","inLanguage":"tr","@id":"https:\/\/haberkuzey.com\/index.php\/2024\/04\/26\/turkiyenin-lefkosa-buyukelcisi-metin-feyzioglu-yanginin-ardindan-yurtta-incelemelerde-bulundu\/#primaryimage","url":"https:\/\/haberkuzey.com\/wp-content\/uploads\/2024\/04\/Metin-Feyzioglu-Yurt-Yangin.jpg","contentUrl":"https:\/\/haberkuzey.com\/wp-content\/uploads\/2024\/04\/Metin-Feyzioglu-Yurt-Yangin.jpg","width":1600,"height":1200},{"@type":"BreadcrumbList","@id":"https:\/\/haberkuzey.com\/index.php\/2024\/04\/26\/turkiyenin-lefkosa-buyukelcisi-metin-feyzioglu-yanginin-ardindan-yurtta-incelemelerde-bulundu\/#breadcrumb","itemListElement":[{"@type":"ListItem","position":1,"name":"Anasayfa","item":"https:\/\/haberkuzey.com\/"},{"@type":"ListItem","position":2,"name":"T\u00fcrkiye\u2019nin Lefko\u015fa B\u00fcy\u00fckel\u00e7isi Metin Feyzio\u011flu yang\u0131n\u0131n ard\u0131ndan yurtta incelemelerde bulundu"}]},{"@type":"WebSite","@id":"https:\/\/haberkuzey.com\/#website","url":"https:\/\/haberkuzey.com\/","name":"Haber Kuzey","description":"Do\u011fru Haberin Adresi","potentialAction":[{"@type":"SearchAction","target":{"@type":"EntryPoint","urlTemplate":"https:\/\/haberkuzey.com\/?s={search_term_string}"},"query-input":{"@type":"PropertyValueSpecification","valueRequired":true,"valueName":"search_term_string"}}],"inLanguage":"tr"},{"@type":"Person","@id":"https:\/\/haberkuzey.com\/#\/schema\/person\/3372109ec735f9333f4fa47ebb9605ca","name":"haberkuzey","image":{"@type":"ImageObject","inLanguage":"tr","@id":"https:\/\/secure.gravatar.com\/avatar\/f5fc875574b1575324358c3b9e6a32b8227aa5b74f3fa22e3cadb63e26fcc39c?s=96&d=mm&r=g","url":"https:\/\/secure.gravatar.com\/avatar\/f5fc875574b1575324358c3b9e6a32b8227aa5b74f3fa22e3cadb63e26fcc39c?s=96&d=mm&r=g","contentUrl":"https:\/\/secure.gravatar.com\/avatar\/f5fc875574b1575324358c3b9e6a32b8227aa5b74f3fa22e3cadb63e26fcc39c?s=96&d=mm&r=g","caption":"haberkuzey"},"sameAs":["https:\/\/haberkuzey.com"],"url":"https:\/\/haberkuzey.com\/index.php\/author\/haberkuzey\/"}]}},"_links":{"self":[{"href":"https:\/\/haberkuzey.com\/index.php\/wp-json\/wp\/v2\/posts\/621","targetHints":{"allow":["GET"]}}],"collection":[{"href":"https:\/\/haberkuzey.com\/index.php\/wp-json\/wp\/v2\/posts"}],"about":[{"href":"https:\/\/haberkuzey.com\/index.php\/wp-json\/wp\/v2\/types\/post"}],"author":[{"embeddable":true,"href":"https:\/\/haberkuzey.com\/index.php\/wp-json\/wp\/v2\/users\/1"}],"replies":[{"embeddable":true,"href":"https:\/\/haberkuzey.com\/index.php\/wp-json\/wp\/v2\/comments?post=621"}],"version-history":[{"count":0,"href":"https:\/\/haberkuzey.com\/index.php\/wp-json\/wp\/v2\/posts\/621\/revisions"}],"wp:featuredmedia":[{"embeddable":true,"href":"https:\/\/haberkuzey.com\/index.php\/wp-json\/wp\/v2\/media\/622"}],"wp:attachment":[{"href":"https:\/\/haberkuzey.com\/index.php\/wp-json\/wp\/v2\/media?parent=621"}],"wp:term":[{"taxonomy":"category","embeddable":true,"href":"https:\/\/haberkuzey.com\/index.php\/wp-json\/wp\/v2\/categories?post=621"},{"taxonomy":"post_tag","embeddable":true,"href":"https:\/\/haberkuzey.com\/index.php\/wp-json\/wp\/v2\/tags?post=621"}],"curies":[{"name":"wp","href":"https:\/\/api.w.org\/{rel}","templated":true}]}}