{"id":613,"date":"2024-04-26T18:08:12","date_gmt":"2024-04-26T15:08:12","guid":{"rendered":"https:\/\/kuzeyinsesi.com\/index.php\/2024\/04\/26\/tc-milli-savunma-bakani-guler-tc-lefkosa-buyukelcisi-feyzioglunu-ziyaret-etti\/"},"modified":"2024-04-26T18:08:12","modified_gmt":"2024-04-26T15:08:12","slug":"tc-milli-savunma-bakani-guler-tc-lefkosa-buyukelcisi-feyzioglunu-ziyaret-etti","status":"publish","type":"post","link":"https:\/\/haberkuzey.com\/index.php\/2024\/04\/26\/tc-milli-savunma-bakani-guler-tc-lefkosa-buyukelcisi-feyzioglunu-ziyaret-etti\/","title":{"rendered":"TC Milli Savunma Bakan\u0131 G\u00fcler, TC Lefko\u015fa B\u00fcy\u00fckel\u00e7isi Feyzio\u011flu\u2019nu ziyaret etti"},"content":{"rendered":"<div>\n<div class=\"mariselle-image-container center\">\n                                            <\/div>\n<p>T\u00fcrkiye Milli Savunma Bakan\u0131 Bakan Ya\u015far G\u00fcler, beraberinde T\u00fcrk Silahl\u0131 Kuvvetleri komuta kademesiyle geldi\u011fi KKTC\u2018de ziyaretlerine devam ediyor.<\/p>\n<p>T\u00fcrkiye Milli Savunma Bakan\u0131 Ya\u015far G\u00fcler, T\u00fcrkiye\u2019nin Lefko\u015fa B\u00fcy\u00fckel\u00e7isi Metin Feyzio\u011flu\u2019nu da ziyaret etti.<\/p>\n<p>G\u00fcler, ziyarette, T\u00fcrkiye\u2019nin Lefko\u015fa B\u00fcy\u00fckel\u00e7isi Feyzio\u011flu\u2019ndan \u00e7al\u0131\u015fmalara ili\u015fkin bilgi ald\u0131.<\/p>\n<\/p><\/div>\n<p><script async\n                    defer\n                    crossorigin=\"anonymous\"\n                    src=\"https:\/\/connect.facebook.net\/tr_TR\/sdk.js#xfbml=1&#038;version=v3.3\"\n            ><\/script><\/p>\n","protected":false},"excerpt":{"rendered":"<p>T\u00fcrkiye Milli Savunma Bakan\u0131 Bakan Ya\u015far G\u00fcler, beraberinde T\u00fcrk Silahl\u0131 Kuvvetleri komuta kademesiyle geldi\u011fi KKTC\u2018de ziyaretlerine devam ediyor. T\u00fcrkiye Milli Savunma Bakan\u0131 Ya\u015far G\u00fcler, T\u00fcrkiye\u2019nin Lefko\u015fa B\u00fcy\u00fckel\u00e7isi Metin Feyzio\u011flu\u2019nu da ziyaret etti. G\u00fcler, ziyarette, T\u00fcrkiye\u2019nin Lefko\u015fa B\u00fcy\u00fckel\u00e7isi Feyzio\u011flu\u2019ndan \u00e7al\u0131\u015fmalara ili\u015fkin bilgi ald\u0131.<\/p>\n","protected":false},"author":1,"featured_media":614,"comment_status":"open","ping_status":"open","sticky":false,"template":"","format":"standard","meta":{"jnews-multi-image_gallery":[],"jnews_single_post":[],"jnews_primary_category":[],"footnotes":""},"categories":[1],"tags":[],"class_list":["post-613","post","type-post","status-publish","format-standard","has-post-thumbnail","hentry","category-kibris"],"yoast_head":"<!-- This site is optimized with the Yoast SEO plugin v27.5 - https:\/\/yoast.com\/product\/yoast-seo-wordpress\/ -->\n<title>TC Milli Savunma Bakan\u0131 G\u00fcler, TC Lefko\u015fa B\u00fcy\u00fckel\u00e7isi Feyzio\u011flu\u2019nu ziyaret etti - Haber Kuzey<\/title>\n<meta name=\"robots\" content=\"index, follow, max-snippet:-1, max-image-preview:large, max-video-preview:-1\" \/>\n<link rel=\"canonical\" href=\"https:\/\/haberkuzey.com\/index.php\/2024\/04\/26\/tc-milli-savunma-bakani-guler-tc-lefkosa-buyukelcisi-feyzioglunu-ziyaret-etti\/\" \/>\n<meta property=\"og:locale\" content=\"tr_TR\" \/>\n<meta property=\"og:type\" content=\"article\" \/>\n<meta property=\"og:title\" content=\"TC Milli Savunma Bakan\u0131 G\u00fcler, TC Lefko\u015fa B\u00fcy\u00fckel\u00e7isi Feyzio\u011flu\u2019nu ziyaret etti - Haber Kuzey\" \/>\n<meta property=\"og:description\" content=\"T\u00fcrkiye Milli Savunma Bakan\u0131 Bakan Ya\u015far G\u00fcler, beraberinde T\u00fcrk Silahl\u0131 Kuvvetleri komuta kademesiyle geldi\u011fi KKTC\u2018de ziyaretlerine devam ediyor. T\u00fcrkiye Milli Savunma Bakan\u0131 Ya\u015far G\u00fcler, T\u00fcrkiye\u2019nin Lefko\u015fa B\u00fcy\u00fckel\u00e7isi Metin Feyzio\u011flu\u2019nu da ziyaret etti. G\u00fcler, ziyarette, T\u00fcrkiye\u2019nin Lefko\u015fa B\u00fcy\u00fckel\u00e7isi Feyzio\u011flu\u2019ndan \u00e7al\u0131\u015fmalara ili\u015fkin bilgi ald\u0131.\" \/>\n<meta property=\"og:url\" content=\"https:\/\/haberkuzey.com\/index.php\/2024\/04\/26\/tc-milli-savunma-bakani-guler-tc-lefkosa-buyukelcisi-feyzioglunu-ziyaret-etti\/\" \/>\n<meta property=\"og:site_name\" content=\"Haber Kuzey\" \/>\n<meta property=\"article:published_time\" content=\"2024-04-26T15:08:12+00:00\" \/>\n<meta property=\"og:image\" content=\"https:\/\/haberkuzey.com\/wp-content\/uploads\/2024\/04\/Bakan-Guler-Elcilik-1-1.jpg\" \/>\n\t<meta property=\"og:image:width\" content=\"1600\" \/>\n\t<meta property=\"og:image:height\" content=\"1066\" \/>\n\t<meta property=\"og:image:type\" content=\"image\/jpeg\" \/>\n<meta name=\"author\" content=\"haberkuzey\" \/>\n<meta name=\"twitter:card\" content=\"summary_large_image\" \/>\n<meta name=\"twitter:label1\" content=\"Yazan:\" \/>\n\t<meta name=\"twitter:data1\" content=\"haberkuzey\" \/>\n<script type=\"application\/ld+json\" class=\"yoast-schema-graph\">{\"@context\":\"https:\\\/\\\/schema.org\",\"@graph\":[{\"@type\":\"Article\",\"@id\":\"https:\\\/\\\/haberkuzey.com\\\/index.php\\\/2024\\\/04\\\/26\\\/tc-milli-savunma-bakani-guler-tc-lefkosa-buyukelcisi-feyzioglunu-ziyaret-etti\\\/#article\",\"isPartOf\":{\"@id\":\"https:\\\/\\\/haberkuzey.com\\\/index.php\\\/2024\\\/04\\\/26\\\/tc-milli-savunma-bakani-guler-tc-lefkosa-buyukelcisi-feyzioglunu-ziyaret-etti\\\/\"},\"author\":{\"name\":\"haberkuzey\",\"@id\":\"https:\\\/\\\/haberkuzey.com\\\/#\\\/schema\\\/person\\\/3372109ec735f9333f4fa47ebb9605ca\"},\"headline\":\"TC Milli Savunma Bakan\u0131 G\u00fcler, TC Lefko\u015fa B\u00fcy\u00fckel\u00e7isi Feyzio\u011flu\u2019nu ziyaret etti\",\"datePublished\":\"2024-04-26T15:08:12+00:00\",\"mainEntityOfPage\":{\"@id\":\"https:\\\/\\\/haberkuzey.com\\\/index.php\\\/2024\\\/04\\\/26\\\/tc-milli-savunma-bakani-guler-tc-lefkosa-buyukelcisi-feyzioglunu-ziyaret-etti\\\/\"},\"wordCount\":88,\"commentCount\":0,\"image\":{\"@id\":\"https:\\\/\\\/haberkuzey.com\\\/index.php\\\/2024\\\/04\\\/26\\\/tc-milli-savunma-bakani-guler-tc-lefkosa-buyukelcisi-feyzioglunu-ziyaret-etti\\\/#primaryimage\"},\"thumbnailUrl\":\"https:\\\/\\\/haberkuzey.com\\\/wp-content\\\/uploads\\\/2024\\\/04\\\/Bakan-Guler-Elcilik-1-1.jpg\",\"articleSection\":[\"K\u0131br\u0131s\"],\"inLanguage\":\"tr\",\"potentialAction\":[{\"@type\":\"CommentAction\",\"name\":\"Comment\",\"target\":[\"https:\\\/\\\/haberkuzey.com\\\/index.php\\\/2024\\\/04\\\/26\\\/tc-milli-savunma-bakani-guler-tc-lefkosa-buyukelcisi-feyzioglunu-ziyaret-etti\\\/#respond\"]}]},{\"@type\":\"WebPage\",\"@id\":\"https:\\\/\\\/haberkuzey.com\\\/index.php\\\/2024\\\/04\\\/26\\\/tc-milli-savunma-bakani-guler-tc-lefkosa-buyukelcisi-feyzioglunu-ziyaret-etti\\\/\",\"url\":\"https:\\\/\\\/haberkuzey.com\\\/index.php\\\/2024\\\/04\\\/26\\\/tc-milli-savunma-bakani-guler-tc-lefkosa-buyukelcisi-feyzioglunu-ziyaret-etti\\\/\",\"name\":\"TC Milli Savunma Bakan\u0131 G\u00fcler, TC Lefko\u015fa B\u00fcy\u00fckel\u00e7isi Feyzio\u011flu\u2019nu ziyaret etti - Haber Kuzey\",\"isPartOf\":{\"@id\":\"https:\\\/\\\/haberkuzey.com\\\/#website\"},\"primaryImageOfPage\":{\"@id\":\"https:\\\/\\\/haberkuzey.com\\\/index.php\\\/2024\\\/04\\\/26\\\/tc-milli-savunma-bakani-guler-tc-lefkosa-buyukelcisi-feyzioglunu-ziyaret-etti\\\/#primaryimage\"},\"image\":{\"@id\":\"https:\\\/\\\/haberkuzey.com\\\/index.php\\\/2024\\\/04\\\/26\\\/tc-milli-savunma-bakani-guler-tc-lefkosa-buyukelcisi-feyzioglunu-ziyaret-etti\\\/#primaryimage\"},\"thumbnailUrl\":\"https:\\\/\\\/haberkuzey.com\\\/wp-content\\\/uploads\\\/2024\\\/04\\\/Bakan-Guler-Elcilik-1-1.jpg\",\"datePublished\":\"2024-04-26T15:08:12+00:00\",\"author\":{\"@id\":\"https:\\\/\\\/haberkuzey.com\\\/#\\\/schema\\\/person\\\/3372109ec735f9333f4fa47ebb9605ca\"},\"breadcrumb\":{\"@id\":\"https:\\\/\\\/haberkuzey.com\\\/index.php\\\/2024\\\/04\\\/26\\\/tc-milli-savunma-bakani-guler-tc-lefkosa-buyukelcisi-feyzioglunu-ziyaret-etti\\\/#breadcrumb\"},\"inLanguage\":\"tr\",\"potentialAction\":[{\"@type\":\"ReadAction\",\"target\":[\"https:\\\/\\\/haberkuzey.com\\\/index.php\\\/2024\\\/04\\\/26\\\/tc-milli-savunma-bakani-guler-tc-lefkosa-buyukelcisi-feyzioglunu-ziyaret-etti\\\/\"]}]},{\"@type\":\"ImageObject\",\"inLanguage\":\"tr\",\"@id\":\"https:\\\/\\\/haberkuzey.com\\\/index.php\\\/2024\\\/04\\\/26\\\/tc-milli-savunma-bakani-guler-tc-lefkosa-buyukelcisi-feyzioglunu-ziyaret-etti\\\/#primaryimage\",\"url\":\"https:\\\/\\\/haberkuzey.com\\\/wp-content\\\/uploads\\\/2024\\\/04\\\/Bakan-Guler-Elcilik-1-1.jpg\",\"contentUrl\":\"https:\\\/\\\/haberkuzey.com\\\/wp-content\\\/uploads\\\/2024\\\/04\\\/Bakan-Guler-Elcilik-1-1.jpg\",\"width\":1600,\"height\":1066},{\"@type\":\"BreadcrumbList\",\"@id\":\"https:\\\/\\\/haberkuzey.com\\\/index.php\\\/2024\\\/04\\\/26\\\/tc-milli-savunma-bakani-guler-tc-lefkosa-buyukelcisi-feyzioglunu-ziyaret-etti\\\/#breadcrumb\",\"itemListElement\":[{\"@type\":\"ListItem\",\"position\":1,\"name\":\"Anasayfa\",\"item\":\"https:\\\/\\\/haberkuzey.com\\\/\"},{\"@type\":\"ListItem\",\"position\":2,\"name\":\"TC Milli Savunma Bakan\u0131 G\u00fcler, TC Lefko\u015fa B\u00fcy\u00fckel\u00e7isi Feyzio\u011flu\u2019nu ziyaret etti\"}]},{\"@type\":\"WebSite\",\"@id\":\"https:\\\/\\\/haberkuzey.com\\\/#website\",\"url\":\"https:\\\/\\\/haberkuzey.com\\\/\",\"name\":\"Haber Kuzey\",\"description\":\"Do\u011fru Haberin Adresi\",\"potentialAction\":[{\"@type\":\"SearchAction\",\"target\":{\"@type\":\"EntryPoint\",\"urlTemplate\":\"https:\\\/\\\/haberkuzey.com\\\/?s={search_term_string}\"},\"query-input\":{\"@type\":\"PropertyValueSpecification\",\"valueRequired\":true,\"valueName\":\"search_term_string\"}}],\"inLanguage\":\"tr\"},{\"@type\":\"Person\",\"@id\":\"https:\\\/\\\/haberkuzey.com\\\/#\\\/schema\\\/person\\\/3372109ec735f9333f4fa47ebb9605ca\",\"name\":\"haberkuzey\",\"image\":{\"@type\":\"ImageObject\",\"inLanguage\":\"tr\",\"@id\":\"https:\\\/\\\/secure.gravatar.com\\\/avatar\\\/f5fc875574b1575324358c3b9e6a32b8227aa5b74f3fa22e3cadb63e26fcc39c?s=96&d=mm&r=g\",\"url\":\"https:\\\/\\\/secure.gravatar.com\\\/avatar\\\/f5fc875574b1575324358c3b9e6a32b8227aa5b74f3fa22e3cadb63e26fcc39c?s=96&d=mm&r=g\",\"contentUrl\":\"https:\\\/\\\/secure.gravatar.com\\\/avatar\\\/f5fc875574b1575324358c3b9e6a32b8227aa5b74f3fa22e3cadb63e26fcc39c?s=96&d=mm&r=g\",\"caption\":\"haberkuzey\"},\"sameAs\":[\"https:\\\/\\\/haberkuzey.com\"],\"url\":\"https:\\\/\\\/haberkuzey.com\\\/index.php\\\/author\\\/haberkuzey\\\/\"}]}<\/script>\n<!-- \/ Yoast SEO plugin. -->","yoast_head_json":{"title":"TC Milli Savunma Bakan\u0131 G\u00fcler, TC Lefko\u015fa B\u00fcy\u00fckel\u00e7isi Feyzio\u011flu\u2019nu ziyaret etti - Haber Kuzey","robots":{"index":"index","follow":"follow","max-snippet":"max-snippet:-1","max-image-preview":"max-image-preview:large","max-video-preview":"max-video-preview:-1"},"canonical":"https:\/\/haberkuzey.com\/index.php\/2024\/04\/26\/tc-milli-savunma-bakani-guler-tc-lefkosa-buyukelcisi-feyzioglunu-ziyaret-etti\/","og_locale":"tr_TR","og_type":"article","og_title":"TC Milli Savunma Bakan\u0131 G\u00fcler, TC Lefko\u015fa B\u00fcy\u00fckel\u00e7isi Feyzio\u011flu\u2019nu ziyaret etti - Haber Kuzey","og_description":"T\u00fcrkiye Milli Savunma Bakan\u0131 Bakan Ya\u015far G\u00fcler, beraberinde T\u00fcrk Silahl\u0131 Kuvvetleri komuta kademesiyle geldi\u011fi KKTC\u2018de ziyaretlerine devam ediyor. T\u00fcrkiye Milli Savunma Bakan\u0131 Ya\u015far G\u00fcler, T\u00fcrkiye\u2019nin Lefko\u015fa B\u00fcy\u00fckel\u00e7isi Metin Feyzio\u011flu\u2019nu da ziyaret etti. G\u00fcler, ziyarette, T\u00fcrkiye\u2019nin Lefko\u015fa B\u00fcy\u00fckel\u00e7isi Feyzio\u011flu\u2019ndan \u00e7al\u0131\u015fmalara ili\u015fkin bilgi ald\u0131.","og_url":"https:\/\/haberkuzey.com\/index.php\/2024\/04\/26\/tc-milli-savunma-bakani-guler-tc-lefkosa-buyukelcisi-feyzioglunu-ziyaret-etti\/","og_site_name":"Haber Kuzey","article_published_time":"2024-04-26T15:08:12+00:00","og_image":[{"width":1600,"height":1066,"url":"https:\/\/haberkuzey.com\/wp-content\/uploads\/2024\/04\/Bakan-Guler-Elcilik-1-1.jpg","type":"image\/jpeg"}],"author":"haberkuzey","twitter_card":"summary_large_image","twitter_misc":{"Yazan:":"haberkuzey"},"schema":{"@context":"https:\/\/schema.org","@graph":[{"@type":"Article","@id":"https:\/\/haberkuzey.com\/index.php\/2024\/04\/26\/tc-milli-savunma-bakani-guler-tc-lefkosa-buyukelcisi-feyzioglunu-ziyaret-etti\/#article","isPartOf":{"@id":"https:\/\/haberkuzey.com\/index.php\/2024\/04\/26\/tc-milli-savunma-bakani-guler-tc-lefkosa-buyukelcisi-feyzioglunu-ziyaret-etti\/"},"author":{"name":"haberkuzey","@id":"https:\/\/haberkuzey.com\/#\/schema\/person\/3372109ec735f9333f4fa47ebb9605ca"},"headline":"TC Milli Savunma Bakan\u0131 G\u00fcler, TC Lefko\u015fa B\u00fcy\u00fckel\u00e7isi Feyzio\u011flu\u2019nu ziyaret etti","datePublished":"2024-04-26T15:08:12+00:00","mainEntityOfPage":{"@id":"https:\/\/haberkuzey.com\/index.php\/2024\/04\/26\/tc-milli-savunma-bakani-guler-tc-lefkosa-buyukelcisi-feyzioglunu-ziyaret-etti\/"},"wordCount":88,"commentCount":0,"image":{"@id":"https:\/\/haberkuzey.com\/index.php\/2024\/04\/26\/tc-milli-savunma-bakani-guler-tc-lefkosa-buyukelcisi-feyzioglunu-ziyaret-etti\/#primaryimage"},"thumbnailUrl":"https:\/\/haberkuzey.com\/wp-content\/uploads\/2024\/04\/Bakan-Guler-Elcilik-1-1.jpg","articleSection":["K\u0131br\u0131s"],"inLanguage":"tr","potentialAction":[{"@type":"CommentAction","name":"Comment","target":["https:\/\/haberkuzey.com\/index.php\/2024\/04\/26\/tc-milli-savunma-bakani-guler-tc-lefkosa-buyukelcisi-feyzioglunu-ziyaret-etti\/#respond"]}]},{"@type":"WebPage","@id":"https:\/\/haberkuzey.com\/index.php\/2024\/04\/26\/tc-milli-savunma-bakani-guler-tc-lefkosa-buyukelcisi-feyzioglunu-ziyaret-etti\/","url":"https:\/\/haberkuzey.com\/index.php\/2024\/04\/26\/tc-milli-savunma-bakani-guler-tc-lefkosa-buyukelcisi-feyzioglunu-ziyaret-etti\/","name":"TC Milli Savunma Bakan\u0131 G\u00fcler, TC Lefko\u015fa B\u00fcy\u00fckel\u00e7isi Feyzio\u011flu\u2019nu ziyaret etti - Haber Kuzey","isPartOf":{"@id":"https:\/\/haberkuzey.com\/#website"},"primaryImageOfPage":{"@id":"https:\/\/haberkuzey.com\/index.php\/2024\/04\/26\/tc-milli-savunma-bakani-guler-tc-lefkosa-buyukelcisi-feyzioglunu-ziyaret-etti\/#primaryimage"},"image":{"@id":"https:\/\/haberkuzey.com\/index.php\/2024\/04\/26\/tc-milli-savunma-bakani-guler-tc-lefkosa-buyukelcisi-feyzioglunu-ziyaret-etti\/#primaryimage"},"thumbnailUrl":"https:\/\/haberkuzey.com\/wp-content\/uploads\/2024\/04\/Bakan-Guler-Elcilik-1-1.jpg","datePublished":"2024-04-26T15:08:12+00:00","author":{"@id":"https:\/\/haberkuzey.com\/#\/schema\/person\/3372109ec735f9333f4fa47ebb9605ca"},"breadcrumb":{"@id":"https:\/\/haberkuzey.com\/index.php\/2024\/04\/26\/tc-milli-savunma-bakani-guler-tc-lefkosa-buyukelcisi-feyzioglunu-ziyaret-etti\/#breadcrumb"},"inLanguage":"tr","potentialAction":[{"@type":"ReadAction","target":["https:\/\/haberkuzey.com\/index.php\/2024\/04\/26\/tc-milli-savunma-bakani-guler-tc-lefkosa-buyukelcisi-feyzioglunu-ziyaret-etti\/"]}]},{"@type":"ImageObject","inLanguage":"tr","@id":"https:\/\/haberkuzey.com\/index.php\/2024\/04\/26\/tc-milli-savunma-bakani-guler-tc-lefkosa-buyukelcisi-feyzioglunu-ziyaret-etti\/#primaryimage","url":"https:\/\/haberkuzey.com\/wp-content\/uploads\/2024\/04\/Bakan-Guler-Elcilik-1-1.jpg","contentUrl":"https:\/\/haberkuzey.com\/wp-content\/uploads\/2024\/04\/Bakan-Guler-Elcilik-1-1.jpg","width":1600,"height":1066},{"@type":"BreadcrumbList","@id":"https:\/\/haberkuzey.com\/index.php\/2024\/04\/26\/tc-milli-savunma-bakani-guler-tc-lefkosa-buyukelcisi-feyzioglunu-ziyaret-etti\/#breadcrumb","itemListElement":[{"@type":"ListItem","position":1,"name":"Anasayfa","item":"https:\/\/haberkuzey.com\/"},{"@type":"ListItem","position":2,"name":"TC Milli Savunma Bakan\u0131 G\u00fcler, TC Lefko\u015fa B\u00fcy\u00fckel\u00e7isi Feyzio\u011flu\u2019nu ziyaret etti"}]},{"@type":"WebSite","@id":"https:\/\/haberkuzey.com\/#website","url":"https:\/\/haberkuzey.com\/","name":"Haber Kuzey","description":"Do\u011fru Haberin Adresi","potentialAction":[{"@type":"SearchAction","target":{"@type":"EntryPoint","urlTemplate":"https:\/\/haberkuzey.com\/?s={search_term_string}"},"query-input":{"@type":"PropertyValueSpecification","valueRequired":true,"valueName":"search_term_string"}}],"inLanguage":"tr"},{"@type":"Person","@id":"https:\/\/haberkuzey.com\/#\/schema\/person\/3372109ec735f9333f4fa47ebb9605ca","name":"haberkuzey","image":{"@type":"ImageObject","inLanguage":"tr","@id":"https:\/\/secure.gravatar.com\/avatar\/f5fc875574b1575324358c3b9e6a32b8227aa5b74f3fa22e3cadb63e26fcc39c?s=96&d=mm&r=g","url":"https:\/\/secure.gravatar.com\/avatar\/f5fc875574b1575324358c3b9e6a32b8227aa5b74f3fa22e3cadb63e26fcc39c?s=96&d=mm&r=g","contentUrl":"https:\/\/secure.gravatar.com\/avatar\/f5fc875574b1575324358c3b9e6a32b8227aa5b74f3fa22e3cadb63e26fcc39c?s=96&d=mm&r=g","caption":"haberkuzey"},"sameAs":["https:\/\/haberkuzey.com"],"url":"https:\/\/haberkuzey.com\/index.php\/author\/haberkuzey\/"}]}},"_links":{"self":[{"href":"https:\/\/haberkuzey.com\/index.php\/wp-json\/wp\/v2\/posts\/613","targetHints":{"allow":["GET"]}}],"collection":[{"href":"https:\/\/haberkuzey.com\/index.php\/wp-json\/wp\/v2\/posts"}],"about":[{"href":"https:\/\/haberkuzey.com\/index.php\/wp-json\/wp\/v2\/types\/post"}],"author":[{"embeddable":true,"href":"https:\/\/haberkuzey.com\/index.php\/wp-json\/wp\/v2\/users\/1"}],"replies":[{"embeddable":true,"href":"https:\/\/haberkuzey.com\/index.php\/wp-json\/wp\/v2\/comments?post=613"}],"version-history":[{"count":0,"href":"https:\/\/haberkuzey.com\/index.php\/wp-json\/wp\/v2\/posts\/613\/revisions"}],"wp:featuredmedia":[{"embeddable":true,"href":"https:\/\/haberkuzey.com\/index.php\/wp-json\/wp\/v2\/media\/614"}],"wp:attachment":[{"href":"https:\/\/haberkuzey.com\/index.php\/wp-json\/wp\/v2\/media?parent=613"}],"wp:term":[{"taxonomy":"category","embeddable":true,"href":"https:\/\/haberkuzey.com\/index.php\/wp-json\/wp\/v2\/categories?post=613"},{"taxonomy":"post_tag","embeddable":true,"href":"https:\/\/haberkuzey.com\/index.php\/wp-json\/wp\/v2\/tags?post=613"}],"curies":[{"name":"wp","href":"https:\/\/api.w.org\/{rel}","templated":true}]}}