{"id":607,"date":"2024-04-26T17:29:31","date_gmt":"2024-04-26T14:29:31","guid":{"rendered":"https:\/\/kuzeyinsesi.com\/index.php\/2024\/04\/26\/amerikali-yahudi-aktivist-insanligimizi-kaybettik\/"},"modified":"2024-04-26T17:29:31","modified_gmt":"2024-04-26T14:29:31","slug":"amerikali-yahudi-aktivist-insanligimizi-kaybettik","status":"publish","type":"post","link":"https:\/\/haberkuzey.com\/index.php\/2024\/04\/26\/amerikali-yahudi-aktivist-insanligimizi-kaybettik\/","title":{"rendered":"Amerikal\u0131 Yahudi aktivist: \u0130nsanl\u0131\u011f\u0131m\u0131z\u0131 kaybettik"},"content":{"rendered":"<p><\/p>\n<div>\n<p>&#13;<br \/>\n\t<em>&#8220;Her g\u00fcn g\u00f6rd\u00fcklerim beni mahvediyor. Gece uyuyam\u0131yorum. \u00c7ocuklar\u0131, anneleri d\u00fc\u015f\u00fcn\u00fcyorum. D\u00fcnya liderleri sanki hi\u00e7bir \u015fey olmam\u0131\u015f gibi birbirleriyle konu\u015fuyorlar. Her temiz su i\u00e7ti\u011fimde, gece yatt\u0131\u011f\u0131mda Gazze&#8217;deki insanlar\u0131n bunlardan yoksun oldu\u011funu d\u00fc\u015f\u00fcn\u00fcyorum. D\u00fcnya toplumu olarak, biz zalimiz. Ba\u015far\u0131s\u0131z olduk. \u0130nsanl\u0131\u011f\u0131m\u0131z\u0131 kaybettik.&#8221;<\/em><\/p>\n<p>&#13;<br \/>\n\tBu c\u00fcmleler Amerikal\u0131 aktivist Medea Benjamin\u2019e ait. 71 Ya\u015f\u0131ndaki Benjamin New York\u2019ta Yahudi bir ailede <a href=\"https:\/\/www.trthaber.com\/etiket\/israil\/\" target=\"_blank\" rel=\"noopener\">\u0130srail<\/a> \u00f6vg\u00fcleriyle b\u00fcy\u00fcd\u00fc. Ailesi onu 15 ya\u015f\u0131ndayken \u0130srail\u2019e g\u00f6nderene kadar Filistin i\u015fgalinden haberi yoktu.<\/p>\n<p>&#13;<br \/>\n\t<em>\u201c\u0130srail&#8217;i sevmek k\u00fclt\u00fcr\u00fcm\u00fcn bir par\u00e7as\u0131yd\u0131. \u0130srail&#8217;de a\u011fa\u00e7 dikmek i\u00e7in bile para toplard\u0131k, her y\u0131l \u0130srail&#8217;deki insanlara para g\u00f6nderirdik. 15 ya\u015f\u0131mdayken ailem \u0130srail&#8217;de bir Kibbutz\u2019a g\u00f6nderdi. Kibbutz topluluk hissiyat\u0131yla dolu g\u00fczel bir his veriyordu. Herkes birlikte \u00e7al\u0131\u015f\u0131yor ve kom\u00fcnal hayat ya\u015f\u0131yordu. Ger\u00e7ekten heyecan vericiydi.\u201d<\/em><\/p>\n<p>&#13;<br \/>\n\t\u0130srail k\u00f6ylerinin etraf\u0131nda ya\u015fayan farkl\u0131 insanlar vard\u0131 onlar\u0131n kim oldu\u011funu sordu\u011funda ald\u0131\u011f\u0131 cevap onu daha da merakland\u0131rd\u0131.<\/p>\n<p>&#13;<br \/>\n\t<em>\u201cEtraf\u0131m\u0131zda Arap k\u00f6yleri vard\u0131. Onlar\u0131 sordum. Ama \u0130srailliler onlara kar\u015f\u0131 \u00e7ok \u0131rk\u00e7\u0131yd\u0131, &#8220;Oh, onlar Araplar, biliyorsun, onlar pis ve Yahudilerden nefret ediyorlar, onlarla konu\u015fma&#8221; derlerdi. Ama her zaman muhalif, isyank\u00e2r biriydim. Gittim, o k\u00f6ylerdeki insanlarla tan\u0131\u015ft\u0131m. Bana anlat\u0131lanlar\u0131n aksine \u00e7ok sevgi dolu, s\u0131cak, misafirperver insanlard\u0131. Bana \u00e7ok nazik davrand\u0131lar ve yemeklerini payla\u015ft\u0131lar. Bu topraklarda nas\u0131l ya\u015fad\u0131klar\u0131n\u0131 ve Yahudi<\/em><em>i\u015fgalini anlatt\u0131lar.\u201d<\/em><\/p>\n<p>&#13;<br \/>\n\t<strong>Vietnam Sava\u015f\u0131 ger\u00e7ekleri g\u00f6rmesini sa\u011flad\u0131<\/strong><\/p>\n<p>&#13;<br \/>\n\t<a href=\"https:\/\/www.trthaber.com\/etiket\/vietnam\/\" target=\"_blank\" rel=\"noopener\">Vietnam<\/a> sava\u015f\u0131, onu isyank\u00e2r ve muhalif olmaya s\u00fcr\u00fckledi. ABD\u2019nin binlerce kilometre uzakl\u0131ktaki insanlar\u0131 tehdit g\u00f6stermesi ve halk\u0131n\u0131 inand\u0131rmaya \u00e7al\u0131\u015fmas\u0131 Benjamin\u2019i \u00fclkesinin <a href=\"https:\/\/www.trthaber.com\/etiket\/savas\/\" target=\"_blank\" rel=\"noopener\">sava\u015f<\/a> politikalar\u0131n\u0131 sorgulamaya itti.<\/p>\n<p>&#13;<br \/>\n\t<em>\u201cVietnam Sava\u015f\u0131 s\u0131ras\u0131nda b\u00fcy\u00fcd\u00fcm, o s\u0131rada zorunlu askerlik vard\u0131. Binlerce mil uzakta hi\u00e7 duymad\u0131klar\u0131 bir yere g\u00f6nderildiler. Neden? \u0130nsanlar\u0131 \u00f6ld\u00fcrmek i\u00e7in. Ama neden onlar\u0131 \u00f6ld\u00fcrmeleri gerekti\u011fini bilmiyorlard\u0131. Ve bu y\u00fczden h\u00fck\u00fcmetimin, Vietnam halk\u0131n\u0131n bize bir tehdit oldu\u011fu yalanlar\u0131n\u0131 s\u00f6yledi\u011fini anlad\u0131m ve ona g\u00fcvenemeyece\u011fimi fark ettim. Vietnam sava\u015f\u0131 korkun\u00e7tu. \u00c7ok insan \u00f6ld\u00fc. Ondan sonra kendi devletimin politikalar\u0131na kar\u015f\u0131 \u015f\u00fcpheyle yakla\u015fmaya ba\u015flad\u0131m..\u201c<\/em><\/p>\n<p>&#13;<br \/>\n\tBa\u015flang\u0131\u00e7ta ailesinin \u00fcz\u00fclece\u011fini d\u00fc\u015f\u00fcnerek \u0130srail kar\u015f\u0131t\u0131 eylemlere kat\u0131lmad\u0131. Ancak 2008-2009\u2019da \u0130srail\u2019in Gazze\u2019de 22 g\u00fcn s\u00fcren D\u00f6kme Kur\u015fun operasyonlar\u0131, fikrinin de\u011fi\u015fmesine neden oldu. \u00a0Bat\u0131 \u015eeria ve Gazze\u2019ye gitti. Oradaki i\u015fgali ve y\u0131k\u0131m\u0131 g\u00f6rd\u00fc. 2009\u2019da Free Gaza Movement hareketiyle d\u00fcnyadan pek \u00e7ok aktivist ile M\u0131s\u0131r\u2019\u0131n ba\u015fkenti Kahire\u2019de eylemler d\u00fczenledi. Refah s\u0131n\u0131r kap\u0131s\u0131n\u0131n a\u00e7\u0131lmas\u0131 \u00e7a\u011fr\u0131s\u0131nda bulundu. Bat\u0131 \u015eeria\u2019da \u0130srail askerlerinin Filistinlilere kar\u015f\u0131 sald\u0131rgan tav\u0131rlar\u0131 onu \u00e7ok etkiledi.<\/p>\n<p>&#13;<br \/>\n\t<em>\u201c\u0130nsanlar\u0131 Gazze&#8217;ye ve Bat\u0131 \u015eeria&#8217;ya g\u00f6t\u00fcren bir hareket ba\u015flatt\u0131k. Bat\u0131 \u015eeria\u2019da insanlar\u0131n kendi zeytinliklerine eri\u015fim sa\u011flayam\u0131yorlard\u0131. \u00c7\u00fcnk\u00fc yerle\u015fimciler Arap ailelerine ait olan araziyi alm\u0131\u015ft\u0131. \u0130srail trakt\u00f6rlerinin gelip bir evi tamamen y\u0131kt\u0131\u011f\u0131na \u015fahit oldum. Filistinli arkada\u015flarla kontrol noktalar\u0131ndan ge\u00e7tim, nas\u0131l a\u015fa\u011f\u0131land\u0131klar\u0131n\u0131 g\u00f6rd\u00fcm. Onlar bunu her g\u00fcn ya\u015f\u0131yorlar. El Halil beni \u00e7ok etkiledi. Yahudilerin Araplara duydu\u011fu nefret \u00e7ok a\u00e7\u0131kt\u0131. Canl\u0131 bir <a href=\"https:\/\/www.trthaber.com\/etiket\/ticaret\/\" target=\"_blank\" rel=\"noopener\">ticaret<\/a> b\u00f6lgesi olan ana caddedeki t\u00fcm d\u00fckkanlar kapal\u0131yd\u0131. \u00c7\u00fcnk\u00fc Yahudiler Filistinlilerin i\u015f yapmas\u0131na izin vermiyordu. Gen\u00e7 Yahudi \u00e7ocuklar\u0131, belki de yedi, sekiz ya\u015f\u0131nda, ya\u015fl\u0131 Filistinlileri taciz ederdi. Bir ya\u015fl\u0131 adama t\u00fck\u00fcrd\u00fcklerini, hakaret ettiklerini g\u00f6rd\u00fcm. \u0130srail militarizmi, \u00e7ok korkutucu ve bask\u0131c\u0131 bir etkiye sahip. \u0130srailli ve Filistinli kad\u0131nlar olarak iki taraftan bir araya gelerek bir eylem planlad\u0131k. \u0130srail ordusu \u0130srailli kad\u0131nlara sald\u0131rmad\u0131, ben Filistinli kad\u0131nlarla birlikteydim. Bize g\u00f6z ya\u015fart\u0131c\u0131 gaz bombas\u0131yla sald\u0131rd\u0131lar. \u015eiddetin her t\u00fcrl\u00fcs\u00fcn\u00fc bar\u0131\u015f\u00e7\u0131l bir kad\u0131n grubuna kar\u015f\u0131 kulland\u0131lar.\u201d<\/em><\/p>\n<p>&#13;<br \/>\n\t<strong>Kanl\u0131 Eller Eylemi&#8217;nde \u00f6n s\u0131radayd\u0131<\/strong><\/p>\n<p>&#13;<br \/>\n\tMedea Benjamin o zamandan bu yana Beyaz Saray\u2019da, Kongre\u2019de ve Va\u015fhington\u2019da sava\u015f kar\u015f\u0131t\u0131 eylemlerde hep \u00f6nc\u00fc oldu. Defalarca g\u00f6zalt\u0131na al\u0131nd\u0131, para cezas\u0131na \u00e7arpt\u0131r\u0131ld\u0131. Ancak \u0130srail\u2019in Filistin\u2019de i\u015fledi\u011fi katliamlara kar\u015f\u0131 durmaktan ve Amerikan h\u00fck\u00fcmetinin sava\u015f kar\u015f\u0131t\u0131 politikalar\u0131na tepki g\u00f6stermekten hi\u00e7 vazge\u00e7medi. Amerikan\u2019\u0131n Irak\u2019\u0131 i\u015fgali \u00f6ncesinde bar\u0131\u015f grubu Code Pink&#8217;i kurdu.<\/p>\n<p>&#13;<br \/>\n\t\u201c<em>11 Eyl\u00fcl sald\u0131r\u0131lar\u0131ndan sonra Code Pink\u2019i kurduk. \u00c7\u00fcnk\u00fc o d\u00f6nemin ba\u015fkan\u0131 renk kodlar\u0131 vererek bir uyar\u0131 sistemi yapm\u0131\u015ft\u0131. Mesela bug\u00fcn kod sar\u0131 var, sald\u0131r\u0131 tehlikesi yok. Kod turuncu yani korkmal\u0131s\u0131n. Kod k\u0131rm\u0131z\u0131 ise ter\u00f6ristler her an gelebilir ve seni havaya u\u00e7urabilir, \u00e7ok korkmal\u0131s\u0131n. Bunun amac\u0131, insanlar\u0131 s\u00fcrekli bir korku i\u00e7inde tutmak ve M\u00fcsl\u00fcmanlar\u0131 hedef g\u00f6stermekti. <a href=\"https:\/\/www.trthaber.com\/etiket\/afganistan\/\" target=\"_blank\" rel=\"noopener\">Afganistan<\/a> ve Irak&#8217;\u0131n i\u015fgali gibi. Bu y\u00fczden, bir grup kad\u0131n olarak, ba\u015fka bir renk koduna ihtiyac\u0131m\u0131z oldu\u011funu s\u00f6yledik ve ona kod Pembe ad\u0131n\u0131 verdik. \u015eiddetin, i\u015fgalin \u00e7\u00f6z\u00fcm olmayaca\u011f\u0131n\u0131 s\u00f6yledik.\u201d<\/em><\/p>\n<p>&#13;<br \/>\n\tAmerikal\u0131 aktivist, eski <a href=\"https:\/\/www.trthaber.com\/etiket\/abd\/\" target=\"_blank\" rel=\"noopener\">ABD<\/a> Ba\u015fkanlar\u0131 Barack Obama, George Bush ve Donald Trump\u2019a kar\u015f\u0131 eylemler d\u00fczenledi. Son aylarda ise hedefinde \u0130srail var. Gazze\u2019de i\u015flenen katliamlara ve ABD\u2019nin \u0130srail politikas\u0131na kar\u015f\u0131 \u00e7\u0131k\u0131yor. Silah ve para deste\u011finin durdurulmas\u0131n\u0131 istiyor. Bunun i\u00e7in tepkisini Amerikan D\u0131\u015fi\u015fleri Bakan\u0131 Anthony Blinken\u2019e kanl\u0131 eller eylemi yaparak g\u00f6sterdi.<\/p>\n<p>&#13;<br \/>\n\t\u201c<em>\u00dclkenin en \u00fcst diplomat\u0131 olmas\u0131 gereken D\u0131\u015fi\u015fleri Bakan\u0131d\u0131r. Ama o diplomat de\u011fil, sanki askeri bir ki\u015fi gibi. \u2018Neden D\u0131\u015fi\u015fleri Bakanl\u0131\u011f\u0131&#8217;nda \u00e7al\u0131\u015f\u0131yorsunuz? Pentagon&#8217;da olmal\u0131s\u0131n\u0131z \u00e7\u00fcnk\u00fc bir askeri ki\u015fisiniz\u2019 dedik. D\u00fcnyay\u0131 dola\u015f\u0131p silah sat\u0131yor ve anla\u015fmalar yap\u0131yor. Bu militarizmin par\u00e7as\u0131 olmakt\u0131r. Ondan dolay\u0131 kongrede onu protesto ettik. Virginia&#8217;daki evinin d\u0131\u015f\u0131nda bir kamp kurduk<\/em>. <em>\u0130srail\u2019in ellerindeki Filistin kan\u0131na ortak oldu\u011fu i\u00e7in her g\u00fcn evine girip \u00e7\u0131karken caddeye k\u0131rm\u0131z\u0131 boya d\u00f6k\u00fcyoruz.<\/em><em>\u201d<\/em><\/p>\n<p>&#13;<br \/>\n\t<strong>&#8220;Vergilerimin Gazze\u2019deki <a href=\"https:\/\/www.trthaber.com\/etiket\/katliam\/\" target=\"_blank\" rel=\"noopener\">katliam<\/a> i\u00e7in harcand\u0131\u011f\u0131n\u0131 d\u00fc\u015f\u00fcnd\u00fck\u00e7e kendimi de su\u00e7lu hissediyorum&#8221;<\/strong><\/p>\n<p>&#13;<br \/>\n\tMedea Benjamin Amerika\u2019daki iki partinin h\u00e2kim oldu\u011fu <a href=\"https:\/\/www.trthaber.com\/etiket\/secim\/\" target=\"_blank\" rel=\"noopener\">se\u00e7im<\/a> sistemini de ele\u015ftiriyor.\u00a0 Zira ona g\u00f6re bu politika de\u011fil paraya sahip olan\u0131n g\u00fc\u00e7l\u00fc olmas\u0131 anlam\u0131na geliyor. Bu demokrasi ile \u00e7eli\u015fen bir durum. Di\u011fer taraftan Amerika\u2019da sa\u011fl\u0131k sistemi, <a href=\"https:\/\/www.trthaber.com\/etiket\/konut\/\" target=\"_blank\" rel=\"noopener\">konut<\/a> ve <a href=\"https:\/\/www.trthaber.com\/etiket\/egitim\/\" target=\"_blank\" rel=\"noopener\">e\u011fitim<\/a> fiyatlar\u0131 bu kadar y\u00fcksek iken \u0130srail\u2019e b\u00fcy\u00fck miktarda para ve silah deste\u011fine kar\u015f\u0131 \u00e7\u0131k\u0131yor.<\/p>\n<p>&#13;<br \/>\n\t<em>\u201cABD&#8217;de bir demokrasi oldu\u011funu d\u00fc\u015f\u00fcn\u00fcyorsan\u0131z yan\u0131l\u0131yorsunuz. Birbirine \u00e7ok benzer iki parti var ve insanlar\u0131n \u00e7\u0131karlar\u0131n\u0131 temsil etmiyorlar. B\u00fcy\u00fck paralar\u0131n \u00e7\u0131karlar\u0131n\u0131 temsil ediyorlar. Korkun\u00e7 bir sa\u011fl\u0131k hizmetimiz var. Ula\u015f\u0131labilir konut yok. ABD\u2019de \u00e7ok say\u0131da insan sokaklarda ya\u015f\u0131yor \u00e7\u00fcnk\u00fc konut \u00fccretini kar\u015f\u0131layam\u0131yorlar. \u00dcniversiteye gitme hakk\u0131 i\u00e7in on binlerce <a href=\"https:\/\/www.trthaber.com\/etiket\/dolar\/\" target=\"_blank\" rel=\"noopener\">dolar<\/a> \u00f6demek zorunda kalan yoksul \u00f6\u011frencilerle ilgili \u00e7ok fazla se\u00e7enek yok. B\u00fct\u00fcn bunlar dururken h\u00fck\u00fcmetimiz milyarlarca dolar\u0131 \u0130srail&#8217;e ve askeriyeye harc\u0131yor. 7 Ekim&#8217;den iki hafta sonra yap\u0131lan bir kamuoyu yoklamas\u0131nda Amerikal\u0131lar\u0131n %66&#8217;s\u0131n\u0131n ate\u015fkes istedi\u011fini g\u00f6sterdi. \u015eimdi yedi ay ge\u00e7tikten sonra, ate\u015fkes isteyen daha fazla Amerikal\u0131 var.<\/em><em>Yani daha fazla Amerikal\u0131, vergilerimizle \u0130srail&#8217;in desteklenmesini istemiyor. Vergilerimin Gazze\u2019deki katliam i\u00e7in harcand\u0131\u011f\u0131n\u0131 d\u00fc\u015f\u00fcnd\u00fck\u00e7e kendimi de su\u00e7lu hissediyorum. Dinimin bir bahane olarak kullan\u0131lmas\u0131 beni rahats\u0131z ediyor.Bu h\u00fck\u00fcmet, halk\u0131n isteklerini ve ihtiya\u00e7lar\u0131n\u0131 temsil etmiyor. Seneye <a href=\"https:\/\/secim.trthaber.com\" class=\"external-tagged-url\" target=\"_blank\" rel=\"noopener\">se\u00e7im<\/a> var. Korkun\u00e7 politikalara sahip olan iki ya\u015fl\u0131 beyaz adam aras\u0131ndan se\u00e7im yapmak zorunda b\u0131rak\u0131l\u0131yoruz.\u201d<\/em><\/p>\n<\/p><\/div>\n","protected":false},"excerpt":{"rendered":"<p>&#13; &#8220;Her g\u00fcn g\u00f6rd\u00fcklerim beni mahvediyor. Gece uyuyam\u0131yorum. \u00c7ocuklar\u0131, anneleri d\u00fc\u015f\u00fcn\u00fcyorum. D\u00fcnya liderleri sanki hi\u00e7bir \u015fey olmam\u0131\u015f gibi birbirleriyle konu\u015fuyorlar. Her temiz su i\u00e7ti\u011fimde, gece yatt\u0131\u011f\u0131mda Gazze&#8217;deki insanlar\u0131n bunlardan yoksun oldu\u011funu d\u00fc\u015f\u00fcn\u00fcyorum. D\u00fcnya toplumu olarak, biz zalimiz. Ba\u015far\u0131s\u0131z olduk. \u0130nsanl\u0131\u011f\u0131m\u0131z\u0131 kaybettik.&#8221; &#13; Bu c\u00fcmleler Amerikal\u0131 aktivist Medea Benjamin\u2019e ait. 71 Ya\u015f\u0131ndaki Benjamin New York\u2019ta Yahudi [&hellip;]<\/p>\n","protected":false},"author":1,"featured_media":608,"comment_status":"open","ping_status":"open","sticky":false,"template":"","format":"standard","meta":{"jnews-multi-image_gallery":[],"jnews_single_post":[],"jnews_primary_category":[],"footnotes":""},"categories":[2],"tags":[],"class_list":["post-607","post","type-post","status-publish","format-standard","has-post-thumbnail","hentry","category-dunya"],"yoast_head":"<!-- This site is optimized with the Yoast SEO plugin v27.5 - https:\/\/yoast.com\/product\/yoast-seo-wordpress\/ -->\n<title>Amerikal\u0131 Yahudi aktivist: \u0130nsanl\u0131\u011f\u0131m\u0131z\u0131 kaybettik - Haber Kuzey<\/title>\n<meta name=\"robots\" content=\"index, follow, max-snippet:-1, max-image-preview:large, max-video-preview:-1\" \/>\n<link rel=\"canonical\" href=\"https:\/\/haberkuzey.com\/index.php\/2024\/04\/26\/amerikali-yahudi-aktivist-insanligimizi-kaybettik\/\" \/>\n<meta property=\"og:locale\" content=\"tr_TR\" \/>\n<meta property=\"og:type\" content=\"article\" \/>\n<meta property=\"og:title\" content=\"Amerikal\u0131 Yahudi aktivist: \u0130nsanl\u0131\u011f\u0131m\u0131z\u0131 kaybettik - Haber Kuzey\" \/>\n<meta property=\"og:description\" content=\"&#013; &#8220;Her g\u00fcn g\u00f6rd\u00fcklerim beni mahvediyor. Gece uyuyam\u0131yorum. \u00c7ocuklar\u0131, anneleri d\u00fc\u015f\u00fcn\u00fcyorum. D\u00fcnya liderleri sanki hi\u00e7bir \u015fey olmam\u0131\u015f gibi birbirleriyle konu\u015fuyorlar. Her temiz su i\u00e7ti\u011fimde, gece yatt\u0131\u011f\u0131mda Gazze&#8217;deki insanlar\u0131n bunlardan yoksun oldu\u011funu d\u00fc\u015f\u00fcn\u00fcyorum. D\u00fcnya toplumu olarak, biz zalimiz. Ba\u015far\u0131s\u0131z olduk. \u0130nsanl\u0131\u011f\u0131m\u0131z\u0131 kaybettik.&#8221; &#013; Bu c\u00fcmleler Amerikal\u0131 aktivist Medea Benjamin\u2019e ait. 71 Ya\u015f\u0131ndaki Benjamin New York\u2019ta Yahudi [&hellip;]\" \/>\n<meta property=\"og:url\" content=\"https:\/\/haberkuzey.com\/index.php\/2024\/04\/26\/amerikali-yahudi-aktivist-insanligimizi-kaybettik\/\" \/>\n<meta property=\"og:site_name\" content=\"Haber Kuzey\" \/>\n<meta property=\"article:published_time\" content=\"2024-04-26T14:29:31+00:00\" \/>\n<meta property=\"og:image\" content=\"https:\/\/haberkuzey.com\/wp-content\/uploads\/2024\/04\/amerikali-yahudi-aktivist-trt-haber-2220445.jpg\" \/>\n\t<meta property=\"og:image:width\" content=\"1280\" \/>\n\t<meta property=\"og:image:height\" content=\"720\" \/>\n\t<meta property=\"og:image:type\" content=\"image\/jpeg\" \/>\n<meta name=\"author\" content=\"haberkuzey\" \/>\n<meta name=\"twitter:card\" content=\"summary_large_image\" \/>\n<meta name=\"twitter:label1\" content=\"Yazan:\" \/>\n\t<meta name=\"twitter:data1\" content=\"haberkuzey\" \/>\n\t<meta name=\"twitter:label2\" content=\"Tahmini okuma s\u00fcresi\" \/>\n\t<meta name=\"twitter:data2\" content=\"7 dakika\" \/>\n<script type=\"application\/ld+json\" class=\"yoast-schema-graph\">{\"@context\":\"https:\\\/\\\/schema.org\",\"@graph\":[{\"@type\":\"Article\",\"@id\":\"https:\\\/\\\/haberkuzey.com\\\/index.php\\\/2024\\\/04\\\/26\\\/amerikali-yahudi-aktivist-insanligimizi-kaybettik\\\/#article\",\"isPartOf\":{\"@id\":\"https:\\\/\\\/haberkuzey.com\\\/index.php\\\/2024\\\/04\\\/26\\\/amerikali-yahudi-aktivist-insanligimizi-kaybettik\\\/\"},\"author\":{\"name\":\"haberkuzey\",\"@id\":\"https:\\\/\\\/haberkuzey.com\\\/#\\\/schema\\\/person\\\/3372109ec735f9333f4fa47ebb9605ca\"},\"headline\":\"Amerikal\u0131 Yahudi aktivist: \u0130nsanl\u0131\u011f\u0131m\u0131z\u0131 kaybettik\",\"datePublished\":\"2024-04-26T14:29:31+00:00\",\"mainEntityOfPage\":{\"@id\":\"https:\\\/\\\/haberkuzey.com\\\/index.php\\\/2024\\\/04\\\/26\\\/amerikali-yahudi-aktivist-insanligimizi-kaybettik\\\/\"},\"wordCount\":1374,\"commentCount\":0,\"image\":{\"@id\":\"https:\\\/\\\/haberkuzey.com\\\/index.php\\\/2024\\\/04\\\/26\\\/amerikali-yahudi-aktivist-insanligimizi-kaybettik\\\/#primaryimage\"},\"thumbnailUrl\":\"https:\\\/\\\/haberkuzey.com\\\/wp-content\\\/uploads\\\/2024\\\/04\\\/amerikali-yahudi-aktivist-trt-haber-2220445.jpg\",\"articleSection\":[\"D\u00fcnya\"],\"inLanguage\":\"tr\",\"potentialAction\":[{\"@type\":\"CommentAction\",\"name\":\"Comment\",\"target\":[\"https:\\\/\\\/haberkuzey.com\\\/index.php\\\/2024\\\/04\\\/26\\\/amerikali-yahudi-aktivist-insanligimizi-kaybettik\\\/#respond\"]}]},{\"@type\":\"WebPage\",\"@id\":\"https:\\\/\\\/haberkuzey.com\\\/index.php\\\/2024\\\/04\\\/26\\\/amerikali-yahudi-aktivist-insanligimizi-kaybettik\\\/\",\"url\":\"https:\\\/\\\/haberkuzey.com\\\/index.php\\\/2024\\\/04\\\/26\\\/amerikali-yahudi-aktivist-insanligimizi-kaybettik\\\/\",\"name\":\"Amerikal\u0131 Yahudi aktivist: \u0130nsanl\u0131\u011f\u0131m\u0131z\u0131 kaybettik - Haber Kuzey\",\"isPartOf\":{\"@id\":\"https:\\\/\\\/haberkuzey.com\\\/#website\"},\"primaryImageOfPage\":{\"@id\":\"https:\\\/\\\/haberkuzey.com\\\/index.php\\\/2024\\\/04\\\/26\\\/amerikali-yahudi-aktivist-insanligimizi-kaybettik\\\/#primaryimage\"},\"image\":{\"@id\":\"https:\\\/\\\/haberkuzey.com\\\/index.php\\\/2024\\\/04\\\/26\\\/amerikali-yahudi-aktivist-insanligimizi-kaybettik\\\/#primaryimage\"},\"thumbnailUrl\":\"https:\\\/\\\/haberkuzey.com\\\/wp-content\\\/uploads\\\/2024\\\/04\\\/amerikali-yahudi-aktivist-trt-haber-2220445.jpg\",\"datePublished\":\"2024-04-26T14:29:31+00:00\",\"author\":{\"@id\":\"https:\\\/\\\/haberkuzey.com\\\/#\\\/schema\\\/person\\\/3372109ec735f9333f4fa47ebb9605ca\"},\"breadcrumb\":{\"@id\":\"https:\\\/\\\/haberkuzey.com\\\/index.php\\\/2024\\\/04\\\/26\\\/amerikali-yahudi-aktivist-insanligimizi-kaybettik\\\/#breadcrumb\"},\"inLanguage\":\"tr\",\"potentialAction\":[{\"@type\":\"ReadAction\",\"target\":[\"https:\\\/\\\/haberkuzey.com\\\/index.php\\\/2024\\\/04\\\/26\\\/amerikali-yahudi-aktivist-insanligimizi-kaybettik\\\/\"]}]},{\"@type\":\"ImageObject\",\"inLanguage\":\"tr\",\"@id\":\"https:\\\/\\\/haberkuzey.com\\\/index.php\\\/2024\\\/04\\\/26\\\/amerikali-yahudi-aktivist-insanligimizi-kaybettik\\\/#primaryimage\",\"url\":\"https:\\\/\\\/haberkuzey.com\\\/wp-content\\\/uploads\\\/2024\\\/04\\\/amerikali-yahudi-aktivist-trt-haber-2220445.jpg\",\"contentUrl\":\"https:\\\/\\\/haberkuzey.com\\\/wp-content\\\/uploads\\\/2024\\\/04\\\/amerikali-yahudi-aktivist-trt-haber-2220445.jpg\",\"width\":1280,\"height\":720},{\"@type\":\"BreadcrumbList\",\"@id\":\"https:\\\/\\\/haberkuzey.com\\\/index.php\\\/2024\\\/04\\\/26\\\/amerikali-yahudi-aktivist-insanligimizi-kaybettik\\\/#breadcrumb\",\"itemListElement\":[{\"@type\":\"ListItem\",\"position\":1,\"name\":\"Anasayfa\",\"item\":\"https:\\\/\\\/haberkuzey.com\\\/\"},{\"@type\":\"ListItem\",\"position\":2,\"name\":\"Amerikal\u0131 Yahudi aktivist: \u0130nsanl\u0131\u011f\u0131m\u0131z\u0131 kaybettik\"}]},{\"@type\":\"WebSite\",\"@id\":\"https:\\\/\\\/haberkuzey.com\\\/#website\",\"url\":\"https:\\\/\\\/haberkuzey.com\\\/\",\"name\":\"Haber Kuzey\",\"description\":\"Do\u011fru Haberin Adresi\",\"potentialAction\":[{\"@type\":\"SearchAction\",\"target\":{\"@type\":\"EntryPoint\",\"urlTemplate\":\"https:\\\/\\\/haberkuzey.com\\\/?s={search_term_string}\"},\"query-input\":{\"@type\":\"PropertyValueSpecification\",\"valueRequired\":true,\"valueName\":\"search_term_string\"}}],\"inLanguage\":\"tr\"},{\"@type\":\"Person\",\"@id\":\"https:\\\/\\\/haberkuzey.com\\\/#\\\/schema\\\/person\\\/3372109ec735f9333f4fa47ebb9605ca\",\"name\":\"haberkuzey\",\"image\":{\"@type\":\"ImageObject\",\"inLanguage\":\"tr\",\"@id\":\"https:\\\/\\\/secure.gravatar.com\\\/avatar\\\/f5fc875574b1575324358c3b9e6a32b8227aa5b74f3fa22e3cadb63e26fcc39c?s=96&d=mm&r=g\",\"url\":\"https:\\\/\\\/secure.gravatar.com\\\/avatar\\\/f5fc875574b1575324358c3b9e6a32b8227aa5b74f3fa22e3cadb63e26fcc39c?s=96&d=mm&r=g\",\"contentUrl\":\"https:\\\/\\\/secure.gravatar.com\\\/avatar\\\/f5fc875574b1575324358c3b9e6a32b8227aa5b74f3fa22e3cadb63e26fcc39c?s=96&d=mm&r=g\",\"caption\":\"haberkuzey\"},\"sameAs\":[\"https:\\\/\\\/haberkuzey.com\"],\"url\":\"https:\\\/\\\/haberkuzey.com\\\/index.php\\\/author\\\/haberkuzey\\\/\"}]}<\/script>\n<!-- \/ Yoast SEO plugin. -->","yoast_head_json":{"title":"Amerikal\u0131 Yahudi aktivist: \u0130nsanl\u0131\u011f\u0131m\u0131z\u0131 kaybettik - Haber Kuzey","robots":{"index":"index","follow":"follow","max-snippet":"max-snippet:-1","max-image-preview":"max-image-preview:large","max-video-preview":"max-video-preview:-1"},"canonical":"https:\/\/haberkuzey.com\/index.php\/2024\/04\/26\/amerikali-yahudi-aktivist-insanligimizi-kaybettik\/","og_locale":"tr_TR","og_type":"article","og_title":"Amerikal\u0131 Yahudi aktivist: \u0130nsanl\u0131\u011f\u0131m\u0131z\u0131 kaybettik - Haber Kuzey","og_description":"&#13; &#8220;Her g\u00fcn g\u00f6rd\u00fcklerim beni mahvediyor. Gece uyuyam\u0131yorum. \u00c7ocuklar\u0131, anneleri d\u00fc\u015f\u00fcn\u00fcyorum. D\u00fcnya liderleri sanki hi\u00e7bir \u015fey olmam\u0131\u015f gibi birbirleriyle konu\u015fuyorlar. Her temiz su i\u00e7ti\u011fimde, gece yatt\u0131\u011f\u0131mda Gazze&#8217;deki insanlar\u0131n bunlardan yoksun oldu\u011funu d\u00fc\u015f\u00fcn\u00fcyorum. D\u00fcnya toplumu olarak, biz zalimiz. Ba\u015far\u0131s\u0131z olduk. \u0130nsanl\u0131\u011f\u0131m\u0131z\u0131 kaybettik.&#8221; &#13; Bu c\u00fcmleler Amerikal\u0131 aktivist Medea Benjamin\u2019e ait. 71 Ya\u015f\u0131ndaki Benjamin New York\u2019ta Yahudi [&hellip;]","og_url":"https:\/\/haberkuzey.com\/index.php\/2024\/04\/26\/amerikali-yahudi-aktivist-insanligimizi-kaybettik\/","og_site_name":"Haber Kuzey","article_published_time":"2024-04-26T14:29:31+00:00","og_image":[{"width":1280,"height":720,"url":"https:\/\/haberkuzey.com\/wp-content\/uploads\/2024\/04\/amerikali-yahudi-aktivist-trt-haber-2220445.jpg","type":"image\/jpeg"}],"author":"haberkuzey","twitter_card":"summary_large_image","twitter_misc":{"Yazan:":"haberkuzey","Tahmini okuma s\u00fcresi":"7 dakika"},"schema":{"@context":"https:\/\/schema.org","@graph":[{"@type":"Article","@id":"https:\/\/haberkuzey.com\/index.php\/2024\/04\/26\/amerikali-yahudi-aktivist-insanligimizi-kaybettik\/#article","isPartOf":{"@id":"https:\/\/haberkuzey.com\/index.php\/2024\/04\/26\/amerikali-yahudi-aktivist-insanligimizi-kaybettik\/"},"author":{"name":"haberkuzey","@id":"https:\/\/haberkuzey.com\/#\/schema\/person\/3372109ec735f9333f4fa47ebb9605ca"},"headline":"Amerikal\u0131 Yahudi aktivist: \u0130nsanl\u0131\u011f\u0131m\u0131z\u0131 kaybettik","datePublished":"2024-04-26T14:29:31+00:00","mainEntityOfPage":{"@id":"https:\/\/haberkuzey.com\/index.php\/2024\/04\/26\/amerikali-yahudi-aktivist-insanligimizi-kaybettik\/"},"wordCount":1374,"commentCount":0,"image":{"@id":"https:\/\/haberkuzey.com\/index.php\/2024\/04\/26\/amerikali-yahudi-aktivist-insanligimizi-kaybettik\/#primaryimage"},"thumbnailUrl":"https:\/\/haberkuzey.com\/wp-content\/uploads\/2024\/04\/amerikali-yahudi-aktivist-trt-haber-2220445.jpg","articleSection":["D\u00fcnya"],"inLanguage":"tr","potentialAction":[{"@type":"CommentAction","name":"Comment","target":["https:\/\/haberkuzey.com\/index.php\/2024\/04\/26\/amerikali-yahudi-aktivist-insanligimizi-kaybettik\/#respond"]}]},{"@type":"WebPage","@id":"https:\/\/haberkuzey.com\/index.php\/2024\/04\/26\/amerikali-yahudi-aktivist-insanligimizi-kaybettik\/","url":"https:\/\/haberkuzey.com\/index.php\/2024\/04\/26\/amerikali-yahudi-aktivist-insanligimizi-kaybettik\/","name":"Amerikal\u0131 Yahudi aktivist: \u0130nsanl\u0131\u011f\u0131m\u0131z\u0131 kaybettik - Haber Kuzey","isPartOf":{"@id":"https:\/\/haberkuzey.com\/#website"},"primaryImageOfPage":{"@id":"https:\/\/haberkuzey.com\/index.php\/2024\/04\/26\/amerikali-yahudi-aktivist-insanligimizi-kaybettik\/#primaryimage"},"image":{"@id":"https:\/\/haberkuzey.com\/index.php\/2024\/04\/26\/amerikali-yahudi-aktivist-insanligimizi-kaybettik\/#primaryimage"},"thumbnailUrl":"https:\/\/haberkuzey.com\/wp-content\/uploads\/2024\/04\/amerikali-yahudi-aktivist-trt-haber-2220445.jpg","datePublished":"2024-04-26T14:29:31+00:00","author":{"@id":"https:\/\/haberkuzey.com\/#\/schema\/person\/3372109ec735f9333f4fa47ebb9605ca"},"breadcrumb":{"@id":"https:\/\/haberkuzey.com\/index.php\/2024\/04\/26\/amerikali-yahudi-aktivist-insanligimizi-kaybettik\/#breadcrumb"},"inLanguage":"tr","potentialAction":[{"@type":"ReadAction","target":["https:\/\/haberkuzey.com\/index.php\/2024\/04\/26\/amerikali-yahudi-aktivist-insanligimizi-kaybettik\/"]}]},{"@type":"ImageObject","inLanguage":"tr","@id":"https:\/\/haberkuzey.com\/index.php\/2024\/04\/26\/amerikali-yahudi-aktivist-insanligimizi-kaybettik\/#primaryimage","url":"https:\/\/haberkuzey.com\/wp-content\/uploads\/2024\/04\/amerikali-yahudi-aktivist-trt-haber-2220445.jpg","contentUrl":"https:\/\/haberkuzey.com\/wp-content\/uploads\/2024\/04\/amerikali-yahudi-aktivist-trt-haber-2220445.jpg","width":1280,"height":720},{"@type":"BreadcrumbList","@id":"https:\/\/haberkuzey.com\/index.php\/2024\/04\/26\/amerikali-yahudi-aktivist-insanligimizi-kaybettik\/#breadcrumb","itemListElement":[{"@type":"ListItem","position":1,"name":"Anasayfa","item":"https:\/\/haberkuzey.com\/"},{"@type":"ListItem","position":2,"name":"Amerikal\u0131 Yahudi aktivist: \u0130nsanl\u0131\u011f\u0131m\u0131z\u0131 kaybettik"}]},{"@type":"WebSite","@id":"https:\/\/haberkuzey.com\/#website","url":"https:\/\/haberkuzey.com\/","name":"Haber Kuzey","description":"Do\u011fru Haberin Adresi","potentialAction":[{"@type":"SearchAction","target":{"@type":"EntryPoint","urlTemplate":"https:\/\/haberkuzey.com\/?s={search_term_string}"},"query-input":{"@type":"PropertyValueSpecification","valueRequired":true,"valueName":"search_term_string"}}],"inLanguage":"tr"},{"@type":"Person","@id":"https:\/\/haberkuzey.com\/#\/schema\/person\/3372109ec735f9333f4fa47ebb9605ca","name":"haberkuzey","image":{"@type":"ImageObject","inLanguage":"tr","@id":"https:\/\/secure.gravatar.com\/avatar\/f5fc875574b1575324358c3b9e6a32b8227aa5b74f3fa22e3cadb63e26fcc39c?s=96&d=mm&r=g","url":"https:\/\/secure.gravatar.com\/avatar\/f5fc875574b1575324358c3b9e6a32b8227aa5b74f3fa22e3cadb63e26fcc39c?s=96&d=mm&r=g","contentUrl":"https:\/\/secure.gravatar.com\/avatar\/f5fc875574b1575324358c3b9e6a32b8227aa5b74f3fa22e3cadb63e26fcc39c?s=96&d=mm&r=g","caption":"haberkuzey"},"sameAs":["https:\/\/haberkuzey.com"],"url":"https:\/\/haberkuzey.com\/index.php\/author\/haberkuzey\/"}]}},"_links":{"self":[{"href":"https:\/\/haberkuzey.com\/index.php\/wp-json\/wp\/v2\/posts\/607","targetHints":{"allow":["GET"]}}],"collection":[{"href":"https:\/\/haberkuzey.com\/index.php\/wp-json\/wp\/v2\/posts"}],"about":[{"href":"https:\/\/haberkuzey.com\/index.php\/wp-json\/wp\/v2\/types\/post"}],"author":[{"embeddable":true,"href":"https:\/\/haberkuzey.com\/index.php\/wp-json\/wp\/v2\/users\/1"}],"replies":[{"embeddable":true,"href":"https:\/\/haberkuzey.com\/index.php\/wp-json\/wp\/v2\/comments?post=607"}],"version-history":[{"count":0,"href":"https:\/\/haberkuzey.com\/index.php\/wp-json\/wp\/v2\/posts\/607\/revisions"}],"wp:featuredmedia":[{"embeddable":true,"href":"https:\/\/haberkuzey.com\/index.php\/wp-json\/wp\/v2\/media\/608"}],"wp:attachment":[{"href":"https:\/\/haberkuzey.com\/index.php\/wp-json\/wp\/v2\/media?parent=607"}],"wp:term":[{"taxonomy":"category","embeddable":true,"href":"https:\/\/haberkuzey.com\/index.php\/wp-json\/wp\/v2\/categories?post=607"},{"taxonomy":"post_tag","embeddable":true,"href":"https:\/\/haberkuzey.com\/index.php\/wp-json\/wp\/v2\/tags?post=607"}],"curies":[{"name":"wp","href":"https:\/\/api.w.org\/{rel}","templated":true}]}}