{"id":601,"date":"2024-04-26T16:29:32","date_gmt":"2024-04-26T13:29:32","guid":{"rendered":"https:\/\/kuzeyinsesi.com\/index.php\/2024\/04\/26\/gonyeli-belediyesinden-yol-kapama-duyurusu\/"},"modified":"2024-04-26T16:29:32","modified_gmt":"2024-04-26T13:29:32","slug":"gonyeli-belediyesinden-yol-kapama-duyurusu","status":"publish","type":"post","link":"https:\/\/haberkuzey.com\/index.php\/2024\/04\/26\/gonyeli-belediyesinden-yol-kapama-duyurusu\/","title":{"rendered":"G\u00f6nyeli Belediyesi\u2019nden yol kapama duyurusu\u2026"},"content":{"rendered":"<div>\n<div class=\"mariselle-image-container center\">\n                                            <\/div>\n<p>G\u00f6nyeli Belediyesi, \u201cG\u00f6nyeli G\u00fcney Ana Ta\u015f\u0131y\u0131c\u0131 Kanalizasyon\u201d \u00e7al\u0131\u015fmalar\u0131 nedeniyle Emek Sokak\u2019\u0131n (Polis okulu k\u00f6pr\u00fc \u00fczerinde) yar\u0131n t\u00fcm g\u00fcn trafi\u011fe kapal\u0131 olaca\u011f\u0131n\u0131 bildirdi.<\/p>\n<p>Belediyeden yap\u0131lan duyuruda s\u00fcr\u00fcc\u00fclerin i\u015faret ve i\u015faret\u00e7ilerine uymas\u0131 istendi.<\/p>\n<\/p><\/div>\n<p><script async\n                    defer\n                    crossorigin=\"anonymous\"\n                    src=\"https:\/\/connect.facebook.net\/tr_TR\/sdk.js#xfbml=1&#038;version=v3.3\"\n            ><\/script><\/p>\n","protected":false},"excerpt":{"rendered":"<p>G\u00f6nyeli Belediyesi, \u201cG\u00f6nyeli G\u00fcney Ana Ta\u015f\u0131y\u0131c\u0131 Kanalizasyon\u201d \u00e7al\u0131\u015fmalar\u0131 nedeniyle Emek Sokak\u2019\u0131n (Polis okulu k\u00f6pr\u00fc \u00fczerinde) yar\u0131n t\u00fcm g\u00fcn trafi\u011fe kapal\u0131 olaca\u011f\u0131n\u0131 bildirdi. Belediyeden yap\u0131lan duyuruda s\u00fcr\u00fcc\u00fclerin i\u015faret ve i\u015faret\u00e7ilerine uymas\u0131 istendi.<\/p>\n","protected":false},"author":1,"featured_media":602,"comment_status":"open","ping_status":"open","sticky":false,"template":"","format":"standard","meta":{"jnews-multi-image_gallery":[],"jnews_single_post":[],"jnews_primary_category":[],"footnotes":""},"categories":[1],"tags":[],"class_list":["post-601","post","type-post","status-publish","format-standard","has-post-thumbnail","hentry","category-kibris"],"yoast_head":"<!-- This site is optimized with the Yoast SEO plugin v27.4 - https:\/\/yoast.com\/product\/yoast-seo-wordpress\/ -->\n<title>G\u00f6nyeli Belediyesi\u2019nden yol kapama duyurusu\u2026 - Haber Kuzey<\/title>\n<meta name=\"robots\" content=\"index, follow, max-snippet:-1, max-image-preview:large, max-video-preview:-1\" \/>\n<link rel=\"canonical\" href=\"https:\/\/haberkuzey.com\/index.php\/2024\/04\/26\/gonyeli-belediyesinden-yol-kapama-duyurusu\/\" \/>\n<meta property=\"og:locale\" content=\"tr_TR\" \/>\n<meta property=\"og:type\" content=\"article\" \/>\n<meta property=\"og:title\" content=\"G\u00f6nyeli Belediyesi\u2019nden yol kapama duyurusu\u2026 - Haber Kuzey\" \/>\n<meta property=\"og:description\" content=\"G\u00f6nyeli Belediyesi, \u201cG\u00f6nyeli G\u00fcney Ana Ta\u015f\u0131y\u0131c\u0131 Kanalizasyon\u201d \u00e7al\u0131\u015fmalar\u0131 nedeniyle Emek Sokak\u2019\u0131n (Polis okulu k\u00f6pr\u00fc \u00fczerinde) yar\u0131n t\u00fcm g\u00fcn trafi\u011fe kapal\u0131 olaca\u011f\u0131n\u0131 bildirdi. Belediyeden yap\u0131lan duyuruda s\u00fcr\u00fcc\u00fclerin i\u015faret ve i\u015faret\u00e7ilerine uymas\u0131 istendi.\" \/>\n<meta property=\"og:url\" content=\"https:\/\/haberkuzey.com\/index.php\/2024\/04\/26\/gonyeli-belediyesinden-yol-kapama-duyurusu\/\" \/>\n<meta property=\"og:site_name\" content=\"Haber Kuzey\" \/>\n<meta property=\"article:published_time\" content=\"2024-04-26T13:29:32+00:00\" \/>\n<meta property=\"og:image\" content=\"https:\/\/haberkuzey.com\/wp-content\/uploads\/2024\/04\/GONYELI-BELEDIYESI-YOLKAPAMA.jpg\" \/>\n\t<meta property=\"og:image:width\" content=\"1280\" \/>\n\t<meta property=\"og:image:height\" content=\"1280\" \/>\n\t<meta property=\"og:image:type\" content=\"image\/jpeg\" \/>\n<meta name=\"author\" content=\"haberkuzey\" \/>\n<meta name=\"twitter:card\" content=\"summary_large_image\" \/>\n<meta name=\"twitter:label1\" content=\"Yazan:\" \/>\n\t<meta name=\"twitter:data1\" content=\"haberkuzey\" \/>\n<script type=\"application\/ld+json\" class=\"yoast-schema-graph\">{\"@context\":\"https:\\\/\\\/schema.org\",\"@graph\":[{\"@type\":\"Article\",\"@id\":\"https:\\\/\\\/haberkuzey.com\\\/index.php\\\/2024\\\/04\\\/26\\\/gonyeli-belediyesinden-yol-kapama-duyurusu\\\/#article\",\"isPartOf\":{\"@id\":\"https:\\\/\\\/haberkuzey.com\\\/index.php\\\/2024\\\/04\\\/26\\\/gonyeli-belediyesinden-yol-kapama-duyurusu\\\/\"},\"author\":{\"name\":\"haberkuzey\",\"@id\":\"https:\\\/\\\/haberkuzey.com\\\/#\\\/schema\\\/person\\\/3372109ec735f9333f4fa47ebb9605ca\"},\"headline\":\"G\u00f6nyeli Belediyesi\u2019nden yol kapama duyurusu\u2026\",\"datePublished\":\"2024-04-26T13:29:32+00:00\",\"mainEntityOfPage\":{\"@id\":\"https:\\\/\\\/haberkuzey.com\\\/index.php\\\/2024\\\/04\\\/26\\\/gonyeli-belediyesinden-yol-kapama-duyurusu\\\/\"},\"wordCount\":58,\"commentCount\":0,\"image\":{\"@id\":\"https:\\\/\\\/haberkuzey.com\\\/index.php\\\/2024\\\/04\\\/26\\\/gonyeli-belediyesinden-yol-kapama-duyurusu\\\/#primaryimage\"},\"thumbnailUrl\":\"https:\\\/\\\/haberkuzey.com\\\/wp-content\\\/uploads\\\/2024\\\/04\\\/GONYELI-BELEDIYESI-YOLKAPAMA.jpg\",\"articleSection\":[\"K\u0131br\u0131s\"],\"inLanguage\":\"tr\",\"potentialAction\":[{\"@type\":\"CommentAction\",\"name\":\"Comment\",\"target\":[\"https:\\\/\\\/haberkuzey.com\\\/index.php\\\/2024\\\/04\\\/26\\\/gonyeli-belediyesinden-yol-kapama-duyurusu\\\/#respond\"]}]},{\"@type\":\"WebPage\",\"@id\":\"https:\\\/\\\/haberkuzey.com\\\/index.php\\\/2024\\\/04\\\/26\\\/gonyeli-belediyesinden-yol-kapama-duyurusu\\\/\",\"url\":\"https:\\\/\\\/haberkuzey.com\\\/index.php\\\/2024\\\/04\\\/26\\\/gonyeli-belediyesinden-yol-kapama-duyurusu\\\/\",\"name\":\"G\u00f6nyeli Belediyesi\u2019nden yol kapama duyurusu\u2026 - Haber Kuzey\",\"isPartOf\":{\"@id\":\"https:\\\/\\\/haberkuzey.com\\\/#website\"},\"primaryImageOfPage\":{\"@id\":\"https:\\\/\\\/haberkuzey.com\\\/index.php\\\/2024\\\/04\\\/26\\\/gonyeli-belediyesinden-yol-kapama-duyurusu\\\/#primaryimage\"},\"image\":{\"@id\":\"https:\\\/\\\/haberkuzey.com\\\/index.php\\\/2024\\\/04\\\/26\\\/gonyeli-belediyesinden-yol-kapama-duyurusu\\\/#primaryimage\"},\"thumbnailUrl\":\"https:\\\/\\\/haberkuzey.com\\\/wp-content\\\/uploads\\\/2024\\\/04\\\/GONYELI-BELEDIYESI-YOLKAPAMA.jpg\",\"datePublished\":\"2024-04-26T13:29:32+00:00\",\"author\":{\"@id\":\"https:\\\/\\\/haberkuzey.com\\\/#\\\/schema\\\/person\\\/3372109ec735f9333f4fa47ebb9605ca\"},\"breadcrumb\":{\"@id\":\"https:\\\/\\\/haberkuzey.com\\\/index.php\\\/2024\\\/04\\\/26\\\/gonyeli-belediyesinden-yol-kapama-duyurusu\\\/#breadcrumb\"},\"inLanguage\":\"tr\",\"potentialAction\":[{\"@type\":\"ReadAction\",\"target\":[\"https:\\\/\\\/haberkuzey.com\\\/index.php\\\/2024\\\/04\\\/26\\\/gonyeli-belediyesinden-yol-kapama-duyurusu\\\/\"]}]},{\"@type\":\"ImageObject\",\"inLanguage\":\"tr\",\"@id\":\"https:\\\/\\\/haberkuzey.com\\\/index.php\\\/2024\\\/04\\\/26\\\/gonyeli-belediyesinden-yol-kapama-duyurusu\\\/#primaryimage\",\"url\":\"https:\\\/\\\/haberkuzey.com\\\/wp-content\\\/uploads\\\/2024\\\/04\\\/GONYELI-BELEDIYESI-YOLKAPAMA.jpg\",\"contentUrl\":\"https:\\\/\\\/haberkuzey.com\\\/wp-content\\\/uploads\\\/2024\\\/04\\\/GONYELI-BELEDIYESI-YOLKAPAMA.jpg\",\"width\":1280,\"height\":1280},{\"@type\":\"BreadcrumbList\",\"@id\":\"https:\\\/\\\/haberkuzey.com\\\/index.php\\\/2024\\\/04\\\/26\\\/gonyeli-belediyesinden-yol-kapama-duyurusu\\\/#breadcrumb\",\"itemListElement\":[{\"@type\":\"ListItem\",\"position\":1,\"name\":\"Anasayfa\",\"item\":\"https:\\\/\\\/haberkuzey.com\\\/\"},{\"@type\":\"ListItem\",\"position\":2,\"name\":\"G\u00f6nyeli Belediyesi\u2019nden yol kapama duyurusu\u2026\"}]},{\"@type\":\"WebSite\",\"@id\":\"https:\\\/\\\/haberkuzey.com\\\/#website\",\"url\":\"https:\\\/\\\/haberkuzey.com\\\/\",\"name\":\"Haber Kuzey\",\"description\":\"Do\u011fru Haberin Adresi\",\"potentialAction\":[{\"@type\":\"SearchAction\",\"target\":{\"@type\":\"EntryPoint\",\"urlTemplate\":\"https:\\\/\\\/haberkuzey.com\\\/?s={search_term_string}\"},\"query-input\":{\"@type\":\"PropertyValueSpecification\",\"valueRequired\":true,\"valueName\":\"search_term_string\"}}],\"inLanguage\":\"tr\"},{\"@type\":\"Person\",\"@id\":\"https:\\\/\\\/haberkuzey.com\\\/#\\\/schema\\\/person\\\/3372109ec735f9333f4fa47ebb9605ca\",\"name\":\"haberkuzey\",\"image\":{\"@type\":\"ImageObject\",\"inLanguage\":\"tr\",\"@id\":\"https:\\\/\\\/secure.gravatar.com\\\/avatar\\\/f5fc875574b1575324358c3b9e6a32b8227aa5b74f3fa22e3cadb63e26fcc39c?s=96&d=mm&r=g\",\"url\":\"https:\\\/\\\/secure.gravatar.com\\\/avatar\\\/f5fc875574b1575324358c3b9e6a32b8227aa5b74f3fa22e3cadb63e26fcc39c?s=96&d=mm&r=g\",\"contentUrl\":\"https:\\\/\\\/secure.gravatar.com\\\/avatar\\\/f5fc875574b1575324358c3b9e6a32b8227aa5b74f3fa22e3cadb63e26fcc39c?s=96&d=mm&r=g\",\"caption\":\"haberkuzey\"},\"sameAs\":[\"https:\\\/\\\/haberkuzey.com\"],\"url\":\"https:\\\/\\\/haberkuzey.com\\\/index.php\\\/author\\\/haberkuzey\\\/\"}]}<\/script>\n<!-- \/ Yoast SEO plugin. -->","yoast_head_json":{"title":"G\u00f6nyeli Belediyesi\u2019nden yol kapama duyurusu\u2026 - Haber Kuzey","robots":{"index":"index","follow":"follow","max-snippet":"max-snippet:-1","max-image-preview":"max-image-preview:large","max-video-preview":"max-video-preview:-1"},"canonical":"https:\/\/haberkuzey.com\/index.php\/2024\/04\/26\/gonyeli-belediyesinden-yol-kapama-duyurusu\/","og_locale":"tr_TR","og_type":"article","og_title":"G\u00f6nyeli Belediyesi\u2019nden yol kapama duyurusu\u2026 - Haber Kuzey","og_description":"G\u00f6nyeli Belediyesi, \u201cG\u00f6nyeli G\u00fcney Ana Ta\u015f\u0131y\u0131c\u0131 Kanalizasyon\u201d \u00e7al\u0131\u015fmalar\u0131 nedeniyle Emek Sokak\u2019\u0131n (Polis okulu k\u00f6pr\u00fc \u00fczerinde) yar\u0131n t\u00fcm g\u00fcn trafi\u011fe kapal\u0131 olaca\u011f\u0131n\u0131 bildirdi. Belediyeden yap\u0131lan duyuruda s\u00fcr\u00fcc\u00fclerin i\u015faret ve i\u015faret\u00e7ilerine uymas\u0131 istendi.","og_url":"https:\/\/haberkuzey.com\/index.php\/2024\/04\/26\/gonyeli-belediyesinden-yol-kapama-duyurusu\/","og_site_name":"Haber Kuzey","article_published_time":"2024-04-26T13:29:32+00:00","og_image":[{"width":1280,"height":1280,"url":"https:\/\/haberkuzey.com\/wp-content\/uploads\/2024\/04\/GONYELI-BELEDIYESI-YOLKAPAMA.jpg","type":"image\/jpeg"}],"author":"haberkuzey","twitter_card":"summary_large_image","twitter_misc":{"Yazan:":"haberkuzey"},"schema":{"@context":"https:\/\/schema.org","@graph":[{"@type":"Article","@id":"https:\/\/haberkuzey.com\/index.php\/2024\/04\/26\/gonyeli-belediyesinden-yol-kapama-duyurusu\/#article","isPartOf":{"@id":"https:\/\/haberkuzey.com\/index.php\/2024\/04\/26\/gonyeli-belediyesinden-yol-kapama-duyurusu\/"},"author":{"name":"haberkuzey","@id":"https:\/\/haberkuzey.com\/#\/schema\/person\/3372109ec735f9333f4fa47ebb9605ca"},"headline":"G\u00f6nyeli Belediyesi\u2019nden yol kapama duyurusu\u2026","datePublished":"2024-04-26T13:29:32+00:00","mainEntityOfPage":{"@id":"https:\/\/haberkuzey.com\/index.php\/2024\/04\/26\/gonyeli-belediyesinden-yol-kapama-duyurusu\/"},"wordCount":58,"commentCount":0,"image":{"@id":"https:\/\/haberkuzey.com\/index.php\/2024\/04\/26\/gonyeli-belediyesinden-yol-kapama-duyurusu\/#primaryimage"},"thumbnailUrl":"https:\/\/haberkuzey.com\/wp-content\/uploads\/2024\/04\/GONYELI-BELEDIYESI-YOLKAPAMA.jpg","articleSection":["K\u0131br\u0131s"],"inLanguage":"tr","potentialAction":[{"@type":"CommentAction","name":"Comment","target":["https:\/\/haberkuzey.com\/index.php\/2024\/04\/26\/gonyeli-belediyesinden-yol-kapama-duyurusu\/#respond"]}]},{"@type":"WebPage","@id":"https:\/\/haberkuzey.com\/index.php\/2024\/04\/26\/gonyeli-belediyesinden-yol-kapama-duyurusu\/","url":"https:\/\/haberkuzey.com\/index.php\/2024\/04\/26\/gonyeli-belediyesinden-yol-kapama-duyurusu\/","name":"G\u00f6nyeli Belediyesi\u2019nden yol kapama duyurusu\u2026 - Haber Kuzey","isPartOf":{"@id":"https:\/\/haberkuzey.com\/#website"},"primaryImageOfPage":{"@id":"https:\/\/haberkuzey.com\/index.php\/2024\/04\/26\/gonyeli-belediyesinden-yol-kapama-duyurusu\/#primaryimage"},"image":{"@id":"https:\/\/haberkuzey.com\/index.php\/2024\/04\/26\/gonyeli-belediyesinden-yol-kapama-duyurusu\/#primaryimage"},"thumbnailUrl":"https:\/\/haberkuzey.com\/wp-content\/uploads\/2024\/04\/GONYELI-BELEDIYESI-YOLKAPAMA.jpg","datePublished":"2024-04-26T13:29:32+00:00","author":{"@id":"https:\/\/haberkuzey.com\/#\/schema\/person\/3372109ec735f9333f4fa47ebb9605ca"},"breadcrumb":{"@id":"https:\/\/haberkuzey.com\/index.php\/2024\/04\/26\/gonyeli-belediyesinden-yol-kapama-duyurusu\/#breadcrumb"},"inLanguage":"tr","potentialAction":[{"@type":"ReadAction","target":["https:\/\/haberkuzey.com\/index.php\/2024\/04\/26\/gonyeli-belediyesinden-yol-kapama-duyurusu\/"]}]},{"@type":"ImageObject","inLanguage":"tr","@id":"https:\/\/haberkuzey.com\/index.php\/2024\/04\/26\/gonyeli-belediyesinden-yol-kapama-duyurusu\/#primaryimage","url":"https:\/\/haberkuzey.com\/wp-content\/uploads\/2024\/04\/GONYELI-BELEDIYESI-YOLKAPAMA.jpg","contentUrl":"https:\/\/haberkuzey.com\/wp-content\/uploads\/2024\/04\/GONYELI-BELEDIYESI-YOLKAPAMA.jpg","width":1280,"height":1280},{"@type":"BreadcrumbList","@id":"https:\/\/haberkuzey.com\/index.php\/2024\/04\/26\/gonyeli-belediyesinden-yol-kapama-duyurusu\/#breadcrumb","itemListElement":[{"@type":"ListItem","position":1,"name":"Anasayfa","item":"https:\/\/haberkuzey.com\/"},{"@type":"ListItem","position":2,"name":"G\u00f6nyeli Belediyesi\u2019nden yol kapama duyurusu\u2026"}]},{"@type":"WebSite","@id":"https:\/\/haberkuzey.com\/#website","url":"https:\/\/haberkuzey.com\/","name":"Haber Kuzey","description":"Do\u011fru Haberin Adresi","potentialAction":[{"@type":"SearchAction","target":{"@type":"EntryPoint","urlTemplate":"https:\/\/haberkuzey.com\/?s={search_term_string}"},"query-input":{"@type":"PropertyValueSpecification","valueRequired":true,"valueName":"search_term_string"}}],"inLanguage":"tr"},{"@type":"Person","@id":"https:\/\/haberkuzey.com\/#\/schema\/person\/3372109ec735f9333f4fa47ebb9605ca","name":"haberkuzey","image":{"@type":"ImageObject","inLanguage":"tr","@id":"https:\/\/secure.gravatar.com\/avatar\/f5fc875574b1575324358c3b9e6a32b8227aa5b74f3fa22e3cadb63e26fcc39c?s=96&d=mm&r=g","url":"https:\/\/secure.gravatar.com\/avatar\/f5fc875574b1575324358c3b9e6a32b8227aa5b74f3fa22e3cadb63e26fcc39c?s=96&d=mm&r=g","contentUrl":"https:\/\/secure.gravatar.com\/avatar\/f5fc875574b1575324358c3b9e6a32b8227aa5b74f3fa22e3cadb63e26fcc39c?s=96&d=mm&r=g","caption":"haberkuzey"},"sameAs":["https:\/\/haberkuzey.com"],"url":"https:\/\/haberkuzey.com\/index.php\/author\/haberkuzey\/"}]}},"_links":{"self":[{"href":"https:\/\/haberkuzey.com\/index.php\/wp-json\/wp\/v2\/posts\/601","targetHints":{"allow":["GET"]}}],"collection":[{"href":"https:\/\/haberkuzey.com\/index.php\/wp-json\/wp\/v2\/posts"}],"about":[{"href":"https:\/\/haberkuzey.com\/index.php\/wp-json\/wp\/v2\/types\/post"}],"author":[{"embeddable":true,"href":"https:\/\/haberkuzey.com\/index.php\/wp-json\/wp\/v2\/users\/1"}],"replies":[{"embeddable":true,"href":"https:\/\/haberkuzey.com\/index.php\/wp-json\/wp\/v2\/comments?post=601"}],"version-history":[{"count":0,"href":"https:\/\/haberkuzey.com\/index.php\/wp-json\/wp\/v2\/posts\/601\/revisions"}],"wp:featuredmedia":[{"embeddable":true,"href":"https:\/\/haberkuzey.com\/index.php\/wp-json\/wp\/v2\/media\/602"}],"wp:attachment":[{"href":"https:\/\/haberkuzey.com\/index.php\/wp-json\/wp\/v2\/media?parent=601"}],"wp:term":[{"taxonomy":"category","embeddable":true,"href":"https:\/\/haberkuzey.com\/index.php\/wp-json\/wp\/v2\/categories?post=601"},{"taxonomy":"post_tag","embeddable":true,"href":"https:\/\/haberkuzey.com\/index.php\/wp-json\/wp\/v2\/tags?post=601"}],"curies":[{"name":"wp","href":"https:\/\/api.w.org\/{rel}","templated":true}]}}