{"id":5681,"date":"2024-07-03T18:23:11","date_gmt":"2024-07-03T15:23:11","guid":{"rendered":"https:\/\/haberkuzey.com\/index.php\/2024\/07\/03\/girne-lefkosa-anayolunda-arac-alev-aldi\/"},"modified":"2024-07-03T18:23:11","modified_gmt":"2024-07-03T15:23:11","slug":"girne-lefkosa-anayolunda-arac-alev-aldi","status":"publish","type":"post","link":"https:\/\/haberkuzey.com\/index.php\/2024\/07\/03\/girne-lefkosa-anayolunda-arac-alev-aldi\/","title":{"rendered":"Girne-Lefko\u015fa anayolunda ara\u00e7 alev ald\u0131"},"content":{"rendered":"<div>\n<div class=\"mariselle-image-container center\">\n                                            <\/div>\n<p>Polis Bas\u0131n Subayl\u0131\u011f\u0131\u2019ndan verilen bilgiye g\u00f6re bug\u00fcn, saat 16:00 s\u0131ralar\u0131nda, Girne-Lefko\u015fa anayolu \u00fczerinde, Bo\u011fazk\u00f6y kav\u015fa\u011f\u0131 yak\u0131nlar\u0131nda, Say\u0131m Altan y\u00f6netimindeki PZ 034 plakal\u0131 ara\u00e7ta Lefko\u015fa istikametine do\u011fru seyir halinde oldu\u011fu s\u0131rada, muhtemelen  motor b\u00f6l\u00fcm\u00fcndeki elektrik aksamlar\u0131n\u0131n k\u0131sa devre yapmas\u0131 sonucu, s\u00f6z konusu ara\u00e7ta yang\u0131n meydana gelmi\u015ftir. <\/p>\n<p>Yang\u0131n \u0130tfaiye Ekipleri taraf\u0131ndan s\u00f6nd\u00fcr\u00fclm\u00fc\u015f olup \u00e7\u0131kan yang\u0131n sonucu, bahse konu arac\u0131n motor b\u00f6l\u00fcm\u00fcndeki elektrik ve plastik aksamlar\u0131 ile \u00f6n kaputu yanarak zarar g\u00f6rm\u00fc\u015ft\u00fcr.<\/p>\n<p>Ayr\u0131ca olu\u015fan \u0131s\u0131dan dolay\u0131 ise, \u00f6n cam\u0131 \u00e7atlam\u0131\u015f ve \u00f6n g\u00f6\u011f\u00fcs k\u0131sm\u0131 da k\u0131smen zarar g\u00f6rm\u00fc\u015ft\u00fcr.<\/p>\n<p>Polisin olayla ilgili soru\u015fturmas\u0131 devam etmektedir.<\/p>\n<\/p><\/div>\n<p><script async\n                    defer\n                    crossorigin=\"anonymous\"\n                    src=\"https:\/\/connect.facebook.net\/tr_TR\/sdk.js#xfbml=1&#038;version=v3.3\"\n            ><\/script><\/p>\n","protected":false},"excerpt":{"rendered":"<p>Polis Bas\u0131n Subayl\u0131\u011f\u0131\u2019ndan verilen bilgiye g\u00f6re bug\u00fcn, saat 16:00 s\u0131ralar\u0131nda, Girne-Lefko\u015fa anayolu \u00fczerinde, Bo\u011fazk\u00f6y kav\u015fa\u011f\u0131 yak\u0131nlar\u0131nda, Say\u0131m Altan y\u00f6netimindeki PZ 034 plakal\u0131 ara\u00e7ta Lefko\u015fa istikametine do\u011fru seyir halinde oldu\u011fu s\u0131rada, muhtemelen motor b\u00f6l\u00fcm\u00fcndeki elektrik aksamlar\u0131n\u0131n k\u0131sa devre yapmas\u0131 sonucu, s\u00f6z konusu ara\u00e7ta yang\u0131n meydana gelmi\u015ftir. Yang\u0131n \u0130tfaiye Ekipleri taraf\u0131ndan s\u00f6nd\u00fcr\u00fclm\u00fc\u015f olup \u00e7\u0131kan yang\u0131n sonucu, bahse [&hellip;]<\/p>\n","protected":false},"author":1,"featured_media":5682,"comment_status":"open","ping_status":"open","sticky":false,"template":"","format":"standard","meta":{"jnews-multi-image_gallery":[],"jnews_single_post":[],"jnews_primary_category":[],"footnotes":""},"categories":[1],"tags":[],"class_list":["post-5681","post","type-post","status-publish","format-standard","has-post-thumbnail","hentry","category-kibris"],"yoast_head":"<!-- This site is optimized with the Yoast SEO plugin v28.4 - https:\/\/yoast.com\/product\/yoast-seo-wordpress\/ -->\n<title>Girne-Lefko\u015fa anayolunda ara\u00e7 alev ald\u0131 - Haber Kuzey<\/title>\n<meta name=\"robots\" content=\"index, follow, max-snippet:-1, max-image-preview:large, max-video-preview:-1\" \/>\n<link rel=\"canonical\" href=\"https:\/\/haberkuzey.com\/index.php\/2024\/07\/03\/girne-lefkosa-anayolunda-arac-alev-aldi\/\" \/>\n<meta property=\"og:locale\" content=\"tr_TR\" \/>\n<meta property=\"og:type\" content=\"article\" \/>\n<meta property=\"og:title\" content=\"Girne-Lefko\u015fa anayolunda ara\u00e7 alev ald\u0131 - Haber Kuzey\" \/>\n<meta property=\"og:description\" content=\"Polis Bas\u0131n Subayl\u0131\u011f\u0131\u2019ndan verilen bilgiye g\u00f6re bug\u00fcn, saat 16:00 s\u0131ralar\u0131nda, Girne-Lefko\u015fa anayolu \u00fczerinde, Bo\u011fazk\u00f6y kav\u015fa\u011f\u0131 yak\u0131nlar\u0131nda, Say\u0131m Altan y\u00f6netimindeki PZ 034 plakal\u0131 ara\u00e7ta Lefko\u015fa istikametine do\u011fru seyir halinde oldu\u011fu s\u0131rada, muhtemelen motor b\u00f6l\u00fcm\u00fcndeki elektrik aksamlar\u0131n\u0131n k\u0131sa devre yapmas\u0131 sonucu, s\u00f6z konusu ara\u00e7ta yang\u0131n meydana gelmi\u015ftir. Yang\u0131n \u0130tfaiye Ekipleri taraf\u0131ndan s\u00f6nd\u00fcr\u00fclm\u00fc\u015f olup \u00e7\u0131kan yang\u0131n sonucu, bahse [&hellip;]\" \/>\n<meta property=\"og:url\" content=\"https:\/\/haberkuzey.com\/index.php\/2024\/07\/03\/girne-lefkosa-anayolunda-arac-alev-aldi\/\" \/>\n<meta property=\"og:site_name\" content=\"Haber Kuzey\" \/>\n<meta property=\"article:published_time\" content=\"2024-07-03T15:23:11+00:00\" \/>\n<meta property=\"og:image\" content=\"https:\/\/brtk.net\/wp-content\/uploads\/2024\/07\/03\/InShot_20240703_182622365-scaled.jpg?ver=3ae34274f0d4829d8ca02ba33a90f7c5\" \/>\n<meta name=\"author\" content=\"haberkuzey\" \/>\n<meta name=\"twitter:card\" content=\"summary_large_image\" \/>\n<meta name=\"twitter:label1\" content=\"Yazan:\" \/>\n\t<meta name=\"twitter:data1\" content=\"haberkuzey\" \/>\n\t<meta name=\"twitter:label2\" content=\"Tahmini okuma s\u00fcresi\" \/>\n\t<meta name=\"twitter:data2\" content=\"1 dakika\" \/>\n<script type=\"application\/ld+json\" class=\"yoast-schema-graph\">{\"@context\":\"https:\\\/\\\/schema.org\",\"@graph\":[{\"@type\":\"Article\",\"@id\":\"https:\\\/\\\/haberkuzey.com\\\/index.php\\\/2024\\\/07\\\/03\\\/girne-lefkosa-anayolunda-arac-alev-aldi\\\/#article\",\"isPartOf\":{\"@id\":\"https:\\\/\\\/haberkuzey.com\\\/index.php\\\/2024\\\/07\\\/03\\\/girne-lefkosa-anayolunda-arac-alev-aldi\\\/\"},\"author\":{\"name\":\"haberkuzey\",\"@id\":\"https:\\\/\\\/haberkuzey.com\\\/#\\\/schema\\\/person\\\/3372109ec735f9333f4fa47ebb9605ca\"},\"headline\":\"Girne-Lefko\u015fa anayolunda ara\u00e7 alev ald\u0131\",\"datePublished\":\"2024-07-03T15:23:11+00:00\",\"mainEntityOfPage\":{\"@id\":\"https:\\\/\\\/haberkuzey.com\\\/index.php\\\/2024\\\/07\\\/03\\\/girne-lefkosa-anayolunda-arac-alev-aldi\\\/\"},\"wordCount\":147,\"commentCount\":0,\"image\":{\"@id\":\"https:\\\/\\\/haberkuzey.com\\\/index.php\\\/2024\\\/07\\\/03\\\/girne-lefkosa-anayolunda-arac-alev-aldi\\\/#primaryimage\"},\"thumbnailUrl\":\"https:\\\/\\\/haberkuzey.com\\\/wp-content\\\/uploads\\\/2024\\\/07\\\/InShot_20240703_182622365-scaled.jpg\",\"articleSection\":[\"K\u0131br\u0131s\"],\"inLanguage\":\"tr\",\"potentialAction\":[{\"@type\":\"CommentAction\",\"name\":\"Comment\",\"target\":[\"https:\\\/\\\/haberkuzey.com\\\/index.php\\\/2024\\\/07\\\/03\\\/girne-lefkosa-anayolunda-arac-alev-aldi\\\/#respond\"]}]},{\"@type\":\"WebPage\",\"@id\":\"https:\\\/\\\/haberkuzey.com\\\/index.php\\\/2024\\\/07\\\/03\\\/girne-lefkosa-anayolunda-arac-alev-aldi\\\/\",\"url\":\"https:\\\/\\\/haberkuzey.com\\\/index.php\\\/2024\\\/07\\\/03\\\/girne-lefkosa-anayolunda-arac-alev-aldi\\\/\",\"name\":\"Girne-Lefko\u015fa anayolunda ara\u00e7 alev ald\u0131 - Haber Kuzey\",\"isPartOf\":{\"@id\":\"https:\\\/\\\/haberkuzey.com\\\/#website\"},\"primaryImageOfPage\":{\"@id\":\"https:\\\/\\\/haberkuzey.com\\\/index.php\\\/2024\\\/07\\\/03\\\/girne-lefkosa-anayolunda-arac-alev-aldi\\\/#primaryimage\"},\"image\":{\"@id\":\"https:\\\/\\\/haberkuzey.com\\\/index.php\\\/2024\\\/07\\\/03\\\/girne-lefkosa-anayolunda-arac-alev-aldi\\\/#primaryimage\"},\"thumbnailUrl\":\"https:\\\/\\\/haberkuzey.com\\\/wp-content\\\/uploads\\\/2024\\\/07\\\/InShot_20240703_182622365-scaled.jpg\",\"datePublished\":\"2024-07-03T15:23:11+00:00\",\"author\":{\"@id\":\"https:\\\/\\\/haberkuzey.com\\\/#\\\/schema\\\/person\\\/3372109ec735f9333f4fa47ebb9605ca\"},\"breadcrumb\":{\"@id\":\"https:\\\/\\\/haberkuzey.com\\\/index.php\\\/2024\\\/07\\\/03\\\/girne-lefkosa-anayolunda-arac-alev-aldi\\\/#breadcrumb\"},\"inLanguage\":\"tr\",\"potentialAction\":[{\"@type\":\"ReadAction\",\"target\":[\"https:\\\/\\\/haberkuzey.com\\\/index.php\\\/2024\\\/07\\\/03\\\/girne-lefkosa-anayolunda-arac-alev-aldi\\\/\"]}]},{\"@type\":\"ImageObject\",\"inLanguage\":\"tr\",\"@id\":\"https:\\\/\\\/haberkuzey.com\\\/index.php\\\/2024\\\/07\\\/03\\\/girne-lefkosa-anayolunda-arac-alev-aldi\\\/#primaryimage\",\"url\":\"https:\\\/\\\/haberkuzey.com\\\/wp-content\\\/uploads\\\/2024\\\/07\\\/InShot_20240703_182622365-scaled.jpg\",\"contentUrl\":\"https:\\\/\\\/haberkuzey.com\\\/wp-content\\\/uploads\\\/2024\\\/07\\\/InShot_20240703_182622365-scaled.jpg\",\"width\":2560,\"height\":1439},{\"@type\":\"BreadcrumbList\",\"@id\":\"https:\\\/\\\/haberkuzey.com\\\/index.php\\\/2024\\\/07\\\/03\\\/girne-lefkosa-anayolunda-arac-alev-aldi\\\/#breadcrumb\",\"itemListElement\":[{\"@type\":\"ListItem\",\"position\":1,\"name\":\"Anasayfa\",\"item\":\"https:\\\/\\\/haberkuzey.com\\\/\"},{\"@type\":\"ListItem\",\"position\":2,\"name\":\"Girne-Lefko\u015fa anayolunda ara\u00e7 alev ald\u0131\"}]},{\"@type\":\"WebSite\",\"@id\":\"https:\\\/\\\/haberkuzey.com\\\/#website\",\"url\":\"https:\\\/\\\/haberkuzey.com\\\/\",\"name\":\"Haber Kuzey\",\"description\":\"Do\u011fru Haberin Adresi\",\"potentialAction\":[{\"@type\":\"SearchAction\",\"target\":{\"@type\":\"EntryPoint\",\"urlTemplate\":\"https:\\\/\\\/haberkuzey.com\\\/?s={search_term_string}\"},\"query-input\":{\"@type\":\"PropertyValueSpecification\",\"valueRequired\":true,\"valueName\":\"search_term_string\"}}],\"inLanguage\":\"tr\"},{\"@type\":\"Person\",\"@id\":\"https:\\\/\\\/haberkuzey.com\\\/#\\\/schema\\\/person\\\/3372109ec735f9333f4fa47ebb9605ca\",\"name\":\"haberkuzey\",\"image\":{\"@type\":\"ImageObject\",\"inLanguage\":\"tr\",\"@id\":\"https:\\\/\\\/secure.gravatar.com\\\/avatar\\\/f5fc875574b1575324358c3b9e6a32b8227aa5b74f3fa22e3cadb63e26fcc39c?s=96&d=mm&r=g\",\"url\":\"https:\\\/\\\/secure.gravatar.com\\\/avatar\\\/f5fc875574b1575324358c3b9e6a32b8227aa5b74f3fa22e3cadb63e26fcc39c?s=96&d=mm&r=g\",\"contentUrl\":\"https:\\\/\\\/secure.gravatar.com\\\/avatar\\\/f5fc875574b1575324358c3b9e6a32b8227aa5b74f3fa22e3cadb63e26fcc39c?s=96&d=mm&r=g\",\"caption\":\"haberkuzey\"},\"sameAs\":[\"https:\\\/\\\/haberkuzey.com\"],\"url\":\"https:\\\/\\\/haberkuzey.com\\\/index.php\\\/author\\\/haberkuzey\\\/\"}]}<\/script>\n<!-- \/ Yoast SEO plugin. -->","yoast_head_json":{"title":"Girne-Lefko\u015fa anayolunda ara\u00e7 alev ald\u0131 - Haber Kuzey","robots":{"index":"index","follow":"follow","max-snippet":"max-snippet:-1","max-image-preview":"max-image-preview:large","max-video-preview":"max-video-preview:-1"},"canonical":"https:\/\/haberkuzey.com\/index.php\/2024\/07\/03\/girne-lefkosa-anayolunda-arac-alev-aldi\/","og_locale":"tr_TR","og_type":"article","og_title":"Girne-Lefko\u015fa anayolunda ara\u00e7 alev ald\u0131 - Haber Kuzey","og_description":"Polis Bas\u0131n Subayl\u0131\u011f\u0131\u2019ndan verilen bilgiye g\u00f6re bug\u00fcn, saat 16:00 s\u0131ralar\u0131nda, Girne-Lefko\u015fa anayolu \u00fczerinde, Bo\u011fazk\u00f6y kav\u015fa\u011f\u0131 yak\u0131nlar\u0131nda, Say\u0131m Altan y\u00f6netimindeki PZ 034 plakal\u0131 ara\u00e7ta Lefko\u015fa istikametine do\u011fru seyir halinde oldu\u011fu s\u0131rada, muhtemelen motor b\u00f6l\u00fcm\u00fcndeki elektrik aksamlar\u0131n\u0131n k\u0131sa devre yapmas\u0131 sonucu, s\u00f6z konusu ara\u00e7ta yang\u0131n meydana gelmi\u015ftir. Yang\u0131n \u0130tfaiye Ekipleri taraf\u0131ndan s\u00f6nd\u00fcr\u00fclm\u00fc\u015f olup \u00e7\u0131kan yang\u0131n sonucu, bahse [&hellip;]","og_url":"https:\/\/haberkuzey.com\/index.php\/2024\/07\/03\/girne-lefkosa-anayolunda-arac-alev-aldi\/","og_site_name":"Haber Kuzey","article_published_time":"2024-07-03T15:23:11+00:00","og_image":[{"url":"https:\/\/brtk.net\/wp-content\/uploads\/2024\/07\/03\/InShot_20240703_182622365-scaled.jpg?ver=3ae34274f0d4829d8ca02ba33a90f7c5","type":"","width":"","height":""}],"author":"haberkuzey","twitter_card":"summary_large_image","twitter_misc":{"Yazan:":"haberkuzey","Tahmini okuma s\u00fcresi":"1 dakika"},"schema":{"@context":"https:\/\/schema.org","@graph":[{"@type":"Article","@id":"https:\/\/haberkuzey.com\/index.php\/2024\/07\/03\/girne-lefkosa-anayolunda-arac-alev-aldi\/#article","isPartOf":{"@id":"https:\/\/haberkuzey.com\/index.php\/2024\/07\/03\/girne-lefkosa-anayolunda-arac-alev-aldi\/"},"author":{"name":"haberkuzey","@id":"https:\/\/haberkuzey.com\/#\/schema\/person\/3372109ec735f9333f4fa47ebb9605ca"},"headline":"Girne-Lefko\u015fa anayolunda ara\u00e7 alev ald\u0131","datePublished":"2024-07-03T15:23:11+00:00","mainEntityOfPage":{"@id":"https:\/\/haberkuzey.com\/index.php\/2024\/07\/03\/girne-lefkosa-anayolunda-arac-alev-aldi\/"},"wordCount":147,"commentCount":0,"image":{"@id":"https:\/\/haberkuzey.com\/index.php\/2024\/07\/03\/girne-lefkosa-anayolunda-arac-alev-aldi\/#primaryimage"},"thumbnailUrl":"https:\/\/haberkuzey.com\/wp-content\/uploads\/2024\/07\/InShot_20240703_182622365-scaled.jpg","articleSection":["K\u0131br\u0131s"],"inLanguage":"tr","potentialAction":[{"@type":"CommentAction","name":"Comment","target":["https:\/\/haberkuzey.com\/index.php\/2024\/07\/03\/girne-lefkosa-anayolunda-arac-alev-aldi\/#respond"]}]},{"@type":"WebPage","@id":"https:\/\/haberkuzey.com\/index.php\/2024\/07\/03\/girne-lefkosa-anayolunda-arac-alev-aldi\/","url":"https:\/\/haberkuzey.com\/index.php\/2024\/07\/03\/girne-lefkosa-anayolunda-arac-alev-aldi\/","name":"Girne-Lefko\u015fa anayolunda ara\u00e7 alev ald\u0131 - Haber Kuzey","isPartOf":{"@id":"https:\/\/haberkuzey.com\/#website"},"primaryImageOfPage":{"@id":"https:\/\/haberkuzey.com\/index.php\/2024\/07\/03\/girne-lefkosa-anayolunda-arac-alev-aldi\/#primaryimage"},"image":{"@id":"https:\/\/haberkuzey.com\/index.php\/2024\/07\/03\/girne-lefkosa-anayolunda-arac-alev-aldi\/#primaryimage"},"thumbnailUrl":"https:\/\/haberkuzey.com\/wp-content\/uploads\/2024\/07\/InShot_20240703_182622365-scaled.jpg","datePublished":"2024-07-03T15:23:11+00:00","author":{"@id":"https:\/\/haberkuzey.com\/#\/schema\/person\/3372109ec735f9333f4fa47ebb9605ca"},"breadcrumb":{"@id":"https:\/\/haberkuzey.com\/index.php\/2024\/07\/03\/girne-lefkosa-anayolunda-arac-alev-aldi\/#breadcrumb"},"inLanguage":"tr","potentialAction":[{"@type":"ReadAction","target":["https:\/\/haberkuzey.com\/index.php\/2024\/07\/03\/girne-lefkosa-anayolunda-arac-alev-aldi\/"]}]},{"@type":"ImageObject","inLanguage":"tr","@id":"https:\/\/haberkuzey.com\/index.php\/2024\/07\/03\/girne-lefkosa-anayolunda-arac-alev-aldi\/#primaryimage","url":"https:\/\/haberkuzey.com\/wp-content\/uploads\/2024\/07\/InShot_20240703_182622365-scaled.jpg","contentUrl":"https:\/\/haberkuzey.com\/wp-content\/uploads\/2024\/07\/InShot_20240703_182622365-scaled.jpg","width":2560,"height":1439},{"@type":"BreadcrumbList","@id":"https:\/\/haberkuzey.com\/index.php\/2024\/07\/03\/girne-lefkosa-anayolunda-arac-alev-aldi\/#breadcrumb","itemListElement":[{"@type":"ListItem","position":1,"name":"Anasayfa","item":"https:\/\/haberkuzey.com\/"},{"@type":"ListItem","position":2,"name":"Girne-Lefko\u015fa anayolunda ara\u00e7 alev ald\u0131"}]},{"@type":"WebSite","@id":"https:\/\/haberkuzey.com\/#website","url":"https:\/\/haberkuzey.com\/","name":"Haber Kuzey","description":"Do\u011fru Haberin Adresi","potentialAction":[{"@type":"SearchAction","target":{"@type":"EntryPoint","urlTemplate":"https:\/\/haberkuzey.com\/?s={search_term_string}"},"query-input":{"@type":"PropertyValueSpecification","valueRequired":true,"valueName":"search_term_string"}}],"inLanguage":"tr"},{"@type":"Person","@id":"https:\/\/haberkuzey.com\/#\/schema\/person\/3372109ec735f9333f4fa47ebb9605ca","name":"haberkuzey","image":{"@type":"ImageObject","inLanguage":"tr","@id":"https:\/\/secure.gravatar.com\/avatar\/f5fc875574b1575324358c3b9e6a32b8227aa5b74f3fa22e3cadb63e26fcc39c?s=96&d=mm&r=g","url":"https:\/\/secure.gravatar.com\/avatar\/f5fc875574b1575324358c3b9e6a32b8227aa5b74f3fa22e3cadb63e26fcc39c?s=96&d=mm&r=g","contentUrl":"https:\/\/secure.gravatar.com\/avatar\/f5fc875574b1575324358c3b9e6a32b8227aa5b74f3fa22e3cadb63e26fcc39c?s=96&d=mm&r=g","caption":"haberkuzey"},"sameAs":["https:\/\/haberkuzey.com"],"url":"https:\/\/haberkuzey.com\/index.php\/author\/haberkuzey\/"}]}},"_links":{"self":[{"href":"https:\/\/haberkuzey.com\/index.php\/wp-json\/wp\/v2\/posts\/5681","targetHints":{"allow":["GET"]}}],"collection":[{"href":"https:\/\/haberkuzey.com\/index.php\/wp-json\/wp\/v2\/posts"}],"about":[{"href":"https:\/\/haberkuzey.com\/index.php\/wp-json\/wp\/v2\/types\/post"}],"author":[{"embeddable":true,"href":"https:\/\/haberkuzey.com\/index.php\/wp-json\/wp\/v2\/users\/1"}],"replies":[{"embeddable":true,"href":"https:\/\/haberkuzey.com\/index.php\/wp-json\/wp\/v2\/comments?post=5681"}],"version-history":[{"count":0,"href":"https:\/\/haberkuzey.com\/index.php\/wp-json\/wp\/v2\/posts\/5681\/revisions"}],"wp:featuredmedia":[{"embeddable":true,"href":"https:\/\/haberkuzey.com\/index.php\/wp-json\/wp\/v2\/media\/5682"}],"wp:attachment":[{"href":"https:\/\/haberkuzey.com\/index.php\/wp-json\/wp\/v2\/media?parent=5681"}],"wp:term":[{"taxonomy":"category","embeddable":true,"href":"https:\/\/haberkuzey.com\/index.php\/wp-json\/wp\/v2\/categories?post=5681"},{"taxonomy":"post_tag","embeddable":true,"href":"https:\/\/haberkuzey.com\/index.php\/wp-json\/wp\/v2\/tags?post=5681"}],"curies":[{"name":"wp","href":"https:\/\/api.w.org\/{rel}","templated":true}]}}