{"id":563,"date":"2024-04-26T13:25:22","date_gmt":"2024-04-26T10:25:22","guid":{"rendered":"https:\/\/kuzeyinsesi.com\/index.php\/2024\/04\/26\/blinken-refaha-olasi-kara-saldirisini-gorusmek-icin-gelecek-hafta-israile-geliyor\/"},"modified":"2024-04-26T13:25:22","modified_gmt":"2024-04-26T10:25:22","slug":"blinken-refaha-olasi-kara-saldirisini-gorusmek-icin-gelecek-hafta-israile-geliyor","status":"publish","type":"post","link":"https:\/\/haberkuzey.com\/index.php\/2024\/04\/26\/blinken-refaha-olasi-kara-saldirisini-gorusmek-icin-gelecek-hafta-israile-geliyor\/","title":{"rendered":"Blinken, Refah&#039;a olas\u0131 kara sald\u0131r\u0131s\u0131n\u0131 g\u00f6r\u00fc\u015fmek i\u00e7in gelecek hafta \u0130srail&#039;e geliyor"},"content":{"rendered":"<p><\/p>\n<div>\n<p>&#13;<br \/>\n\t<a href=\"https:\/\/www.trthaber.com\/etiket\/israil\/\" target=\"_blank\" rel=\"noopener\">\u0130srail<\/a> devlet televizyonu KAN&#8217;da yer alan haberde, Blinken&#8217;\u0131n 30 Nisan&#8217;da \u0130srail&#8217;i ziyaret edece\u011fi belirtildi.<\/p>\n<p>&#13;<br \/>\n\tZiyarette Blinken&#8217;\u0131n, \u0130srail&#8217;in Refah&#8217;a olas\u0131 kara sald\u0131r\u0131s\u0131 ve <a href=\"https:\/\/www.trthaber.com\/etiket\/hamas\/\" target=\"_blank\" rel=\"noopener\">Hamas<\/a> ile Tel Aviv aras\u0131nda esir takas\u0131 gibi konular\u0131 \u0130srailli yetkililerle g\u00f6r\u00fc\u015fece\u011fi ifade edildi.<\/p>\n<p>&#13;<br \/>\n\tBunun, <a href=\"https:\/\/www.trthaber.com\/etiket\/abd\/\" target=\"_blank\" rel=\"noopener\">ABD<\/a> D\u0131\u015fi\u015fleri Bakan\u0131 Blinken&#8217;\u0131n 7 Ekim 2023&#8217;ten bu yana b\u00f6lgeye yapaca\u011f\u0131 7. ziyaret olaca\u011f\u0131 kaydedildi.<\/p>\n<p>&#13;<br \/>\n\t<strong>\u0130srail&#8217;in Refah&#8217;a olas\u0131 kara sald\u0131r\u0131s\u0131<\/strong><\/p>\n<p>&#13;<br \/>\n\tGazze&#8217;nin g\u00fcneyinde <a href=\"https:\/\/www.trthaber.com\/etiket\/misir\/\" target=\"_blank\" rel=\"noopener\">M\u0131s\u0131r<\/a> s\u0131n\u0131r\u0131nda yer alan Refah \u015fehri, \u0130srail sald\u0131r\u0131lar\u0131ndan \u00f6nce yakla\u015f\u0131k 280 bin Filistinliye ev sahipli\u011fi yap\u0131yordu. \u0130srail&#8217;in 7 Ekim&#8217;deki sald\u0131r\u0131lar\u0131 nedeniyle 2,3 milyon n\u00fcfusa sahip <a href=\"https:\/\/www.trthaber.com\/etiket\/gazze\/\" target=\"_blank\" rel=\"noopener\">Gazze<\/a> \u015eeridi&#8217;nde 1,9 milyon ki\u015fi yerinden oldu.<\/p>\n<p>&#13;<br \/>\n\tYerinden edilen Filistinlilerin b\u00fcy\u00fck b\u00f6l\u00fcm\u00fc, \u0130srail&#8217;in daha \u00f6nce &#8220;g\u00fcvenli oldu\u011funu&#8221; iddia etti\u011fi Refah&#8217;a s\u0131\u011f\u0131nd\u0131. Kuzey b\u00f6lgelerden gelenlerle Refah&#8217;\u0131n n\u00fcfusu 4 kat\u0131ndan fazla artarak 1,5 milyona ula\u015ft\u0131.<\/p>\n<p>&#13;<br \/>\n\tYeterli <a href=\"https:\/\/www.trthaber.com\/etiket\/konut\/\" target=\"_blank\" rel=\"noopener\">konut<\/a> olmamas\u0131 nedeniyle Refah&#8217;a s\u0131\u011f\u0131nan Filistinlilerin b\u00fcy\u00fck bir b\u00f6l\u00fcm\u00fc derme \u00e7atma \u00e7ad\u0131rlardan olu\u015fan kamplarda ya\u015fam m\u00fccadelesi veriyor.<\/p>\n<p>&#13;<br \/>\n\t\u0130srail ordusu, Refah kentini s\u0131k s\u0131k hava sald\u0131r\u0131lar\u0131yla hedef al\u0131yor. \u0130srail&#8217;in Refah kentine kara sald\u0131r\u0131s\u0131 ba\u015flatmas\u0131 halinde sivillerin Gazze \u015eeridi&#8217;nde s\u0131\u011f\u0131nacak bir yerinin kalmayaca\u011f\u0131ndan endi\u015fe ediliyor.<\/p>\n<p>&#13;<br \/>\n\tUluslararas\u0131 uyar\u0131lara ra\u011fmen Refah&#8217;a sald\u0131r\u0131 plan\u0131n\u0131 onaylad\u0131\u011f\u0131n\u0131 defalarca yineleyen \u0130srail Ba\u015fbakan\u0131 Binyamin Netanyahu, 8 Nisan&#8217;da yapt\u0131\u011f\u0131 a\u00e7\u0131klamada sald\u0131r\u0131 i\u00e7in tarih belirlendi\u011fini belirtmi\u015fti.<\/p>\n<p>&#13;<br \/>\n\t\u0130srail devlet televizyonu KAN, \u0130srail ordusunun Refah&#8217;a kara sald\u0131r\u0131s\u0131n\u0131 &#8220;\u00e7ok yak\u0131nda&#8221; ba\u015flataca\u011f\u0131n\u0131 bildirmi\u015fti.<\/p>\n<\/p><\/div>\n","protected":false},"excerpt":{"rendered":"<p>&#13; \u0130srail devlet televizyonu KAN&#8217;da yer alan haberde, Blinken&#8217;\u0131n 30 Nisan&#8217;da \u0130srail&#8217;i ziyaret edece\u011fi belirtildi. &#13; Ziyarette Blinken&#8217;\u0131n, \u0130srail&#8217;in Refah&#8217;a olas\u0131 kara sald\u0131r\u0131s\u0131 ve Hamas ile Tel Aviv aras\u0131nda esir takas\u0131 gibi konular\u0131 \u0130srailli yetkililerle g\u00f6r\u00fc\u015fece\u011fi ifade edildi. &#13; Bunun, ABD D\u0131\u015fi\u015fleri Bakan\u0131 Blinken&#8217;\u0131n 7 Ekim 2023&#8217;ten bu yana b\u00f6lgeye yapaca\u011f\u0131 7. ziyaret olaca\u011f\u0131 kaydedildi. [&hellip;]<\/p>\n","protected":false},"author":1,"featured_media":564,"comment_status":"open","ping_status":"open","sticky":false,"template":"","format":"standard","meta":{"jnews-multi-image_gallery":[],"jnews_single_post":[],"jnews_primary_category":[],"footnotes":""},"categories":[2],"tags":[],"class_list":["post-563","post","type-post","status-publish","format-standard","has-post-thumbnail","hentry","category-dunya"],"yoast_head":"<!-- This site is optimized with the Yoast SEO plugin v27.5 - https:\/\/yoast.com\/product\/yoast-seo-wordpress\/ -->\n<title>Blinken, Refah&#039;a olas\u0131 kara sald\u0131r\u0131s\u0131n\u0131 g\u00f6r\u00fc\u015fmek i\u00e7in gelecek hafta \u0130srail&#039;e geliyor - Haber Kuzey<\/title>\n<meta name=\"robots\" content=\"index, follow, max-snippet:-1, max-image-preview:large, max-video-preview:-1\" \/>\n<link rel=\"canonical\" href=\"https:\/\/haberkuzey.com\/index.php\/2024\/04\/26\/blinken-refaha-olasi-kara-saldirisini-gorusmek-icin-gelecek-hafta-israile-geliyor\/\" \/>\n<meta property=\"og:locale\" content=\"tr_TR\" \/>\n<meta property=\"og:type\" content=\"article\" \/>\n<meta property=\"og:title\" content=\"Blinken, Refah&#039;a olas\u0131 kara sald\u0131r\u0131s\u0131n\u0131 g\u00f6r\u00fc\u015fmek i\u00e7in gelecek hafta \u0130srail&#039;e geliyor - Haber Kuzey\" \/>\n<meta property=\"og:description\" content=\"&#013; \u0130srail devlet televizyonu KAN&#8217;da yer alan haberde, Blinken&#8217;\u0131n 30 Nisan&#8217;da \u0130srail&#8217;i ziyaret edece\u011fi belirtildi. &#013; Ziyarette Blinken&#8217;\u0131n, \u0130srail&#8217;in Refah&#8217;a olas\u0131 kara sald\u0131r\u0131s\u0131 ve Hamas ile Tel Aviv aras\u0131nda esir takas\u0131 gibi konular\u0131 \u0130srailli yetkililerle g\u00f6r\u00fc\u015fece\u011fi ifade edildi. &#013; Bunun, ABD D\u0131\u015fi\u015fleri Bakan\u0131 Blinken&#8217;\u0131n 7 Ekim 2023&#8217;ten bu yana b\u00f6lgeye yapaca\u011f\u0131 7. ziyaret olaca\u011f\u0131 kaydedildi. [&hellip;]\" \/>\n<meta property=\"og:url\" content=\"https:\/\/haberkuzey.com\/index.php\/2024\/04\/26\/blinken-refaha-olasi-kara-saldirisini-gorusmek-icin-gelecek-hafta-israile-geliyor\/\" \/>\n<meta property=\"og:site_name\" content=\"Haber Kuzey\" \/>\n<meta property=\"article:published_time\" content=\"2024-04-26T10:25:22+00:00\" \/>\n<meta property=\"og:image\" content=\"https:\/\/haberkuzey.com\/wp-content\/uploads\/2024\/04\/antony-blinken-reu-2149377.jpg\" \/>\n\t<meta property=\"og:image:width\" content=\"1280\" \/>\n\t<meta property=\"og:image:height\" content=\"720\" \/>\n\t<meta property=\"og:image:type\" content=\"image\/jpeg\" \/>\n<meta name=\"author\" content=\"haberkuzey\" \/>\n<meta name=\"twitter:card\" content=\"summary_large_image\" \/>\n<meta name=\"twitter:label1\" content=\"Yazan:\" \/>\n\t<meta name=\"twitter:data1\" content=\"haberkuzey\" \/>\n\t<meta name=\"twitter:label2\" content=\"Tahmini okuma s\u00fcresi\" \/>\n\t<meta name=\"twitter:data2\" content=\"1 dakika\" \/>\n<script type=\"application\/ld+json\" class=\"yoast-schema-graph\">{\"@context\":\"https:\\\/\\\/schema.org\",\"@graph\":[{\"@type\":\"Article\",\"@id\":\"https:\\\/\\\/haberkuzey.com\\\/index.php\\\/2024\\\/04\\\/26\\\/blinken-refaha-olasi-kara-saldirisini-gorusmek-icin-gelecek-hafta-israile-geliyor\\\/#article\",\"isPartOf\":{\"@id\":\"https:\\\/\\\/haberkuzey.com\\\/index.php\\\/2024\\\/04\\\/26\\\/blinken-refaha-olasi-kara-saldirisini-gorusmek-icin-gelecek-hafta-israile-geliyor\\\/\"},\"author\":{\"name\":\"haberkuzey\",\"@id\":\"https:\\\/\\\/haberkuzey.com\\\/#\\\/schema\\\/person\\\/3372109ec735f9333f4fa47ebb9605ca\"},\"headline\":\"Blinken, Refah&#039;a olas\u0131 kara sald\u0131r\u0131s\u0131n\u0131 g\u00f6r\u00fc\u015fmek i\u00e7in gelecek hafta \u0130srail&#039;e geliyor\",\"datePublished\":\"2024-04-26T10:25:22+00:00\",\"mainEntityOfPage\":{\"@id\":\"https:\\\/\\\/haberkuzey.com\\\/index.php\\\/2024\\\/04\\\/26\\\/blinken-refaha-olasi-kara-saldirisini-gorusmek-icin-gelecek-hafta-israile-geliyor\\\/\"},\"wordCount\":307,\"commentCount\":0,\"image\":{\"@id\":\"https:\\\/\\\/haberkuzey.com\\\/index.php\\\/2024\\\/04\\\/26\\\/blinken-refaha-olasi-kara-saldirisini-gorusmek-icin-gelecek-hafta-israile-geliyor\\\/#primaryimage\"},\"thumbnailUrl\":\"https:\\\/\\\/haberkuzey.com\\\/wp-content\\\/uploads\\\/2024\\\/04\\\/antony-blinken-reu-2149377.jpg\",\"articleSection\":[\"D\u00fcnya\"],\"inLanguage\":\"tr\",\"potentialAction\":[{\"@type\":\"CommentAction\",\"name\":\"Comment\",\"target\":[\"https:\\\/\\\/haberkuzey.com\\\/index.php\\\/2024\\\/04\\\/26\\\/blinken-refaha-olasi-kara-saldirisini-gorusmek-icin-gelecek-hafta-israile-geliyor\\\/#respond\"]}]},{\"@type\":\"WebPage\",\"@id\":\"https:\\\/\\\/haberkuzey.com\\\/index.php\\\/2024\\\/04\\\/26\\\/blinken-refaha-olasi-kara-saldirisini-gorusmek-icin-gelecek-hafta-israile-geliyor\\\/\",\"url\":\"https:\\\/\\\/haberkuzey.com\\\/index.php\\\/2024\\\/04\\\/26\\\/blinken-refaha-olasi-kara-saldirisini-gorusmek-icin-gelecek-hafta-israile-geliyor\\\/\",\"name\":\"Blinken, Refah&#039;a olas\u0131 kara sald\u0131r\u0131s\u0131n\u0131 g\u00f6r\u00fc\u015fmek i\u00e7in gelecek hafta \u0130srail&#039;e geliyor - Haber Kuzey\",\"isPartOf\":{\"@id\":\"https:\\\/\\\/haberkuzey.com\\\/#website\"},\"primaryImageOfPage\":{\"@id\":\"https:\\\/\\\/haberkuzey.com\\\/index.php\\\/2024\\\/04\\\/26\\\/blinken-refaha-olasi-kara-saldirisini-gorusmek-icin-gelecek-hafta-israile-geliyor\\\/#primaryimage\"},\"image\":{\"@id\":\"https:\\\/\\\/haberkuzey.com\\\/index.php\\\/2024\\\/04\\\/26\\\/blinken-refaha-olasi-kara-saldirisini-gorusmek-icin-gelecek-hafta-israile-geliyor\\\/#primaryimage\"},\"thumbnailUrl\":\"https:\\\/\\\/haberkuzey.com\\\/wp-content\\\/uploads\\\/2024\\\/04\\\/antony-blinken-reu-2149377.jpg\",\"datePublished\":\"2024-04-26T10:25:22+00:00\",\"author\":{\"@id\":\"https:\\\/\\\/haberkuzey.com\\\/#\\\/schema\\\/person\\\/3372109ec735f9333f4fa47ebb9605ca\"},\"breadcrumb\":{\"@id\":\"https:\\\/\\\/haberkuzey.com\\\/index.php\\\/2024\\\/04\\\/26\\\/blinken-refaha-olasi-kara-saldirisini-gorusmek-icin-gelecek-hafta-israile-geliyor\\\/#breadcrumb\"},\"inLanguage\":\"tr\",\"potentialAction\":[{\"@type\":\"ReadAction\",\"target\":[\"https:\\\/\\\/haberkuzey.com\\\/index.php\\\/2024\\\/04\\\/26\\\/blinken-refaha-olasi-kara-saldirisini-gorusmek-icin-gelecek-hafta-israile-geliyor\\\/\"]}]},{\"@type\":\"ImageObject\",\"inLanguage\":\"tr\",\"@id\":\"https:\\\/\\\/haberkuzey.com\\\/index.php\\\/2024\\\/04\\\/26\\\/blinken-refaha-olasi-kara-saldirisini-gorusmek-icin-gelecek-hafta-israile-geliyor\\\/#primaryimage\",\"url\":\"https:\\\/\\\/haberkuzey.com\\\/wp-content\\\/uploads\\\/2024\\\/04\\\/antony-blinken-reu-2149377.jpg\",\"contentUrl\":\"https:\\\/\\\/haberkuzey.com\\\/wp-content\\\/uploads\\\/2024\\\/04\\\/antony-blinken-reu-2149377.jpg\",\"width\":1280,\"height\":720},{\"@type\":\"BreadcrumbList\",\"@id\":\"https:\\\/\\\/haberkuzey.com\\\/index.php\\\/2024\\\/04\\\/26\\\/blinken-refaha-olasi-kara-saldirisini-gorusmek-icin-gelecek-hafta-israile-geliyor\\\/#breadcrumb\",\"itemListElement\":[{\"@type\":\"ListItem\",\"position\":1,\"name\":\"Anasayfa\",\"item\":\"https:\\\/\\\/haberkuzey.com\\\/\"},{\"@type\":\"ListItem\",\"position\":2,\"name\":\"Blinken, Refah&#039;a olas\u0131 kara sald\u0131r\u0131s\u0131n\u0131 g\u00f6r\u00fc\u015fmek i\u00e7in gelecek hafta \u0130srail&#039;e geliyor\"}]},{\"@type\":\"WebSite\",\"@id\":\"https:\\\/\\\/haberkuzey.com\\\/#website\",\"url\":\"https:\\\/\\\/haberkuzey.com\\\/\",\"name\":\"Haber Kuzey\",\"description\":\"Do\u011fru Haberin Adresi\",\"potentialAction\":[{\"@type\":\"SearchAction\",\"target\":{\"@type\":\"EntryPoint\",\"urlTemplate\":\"https:\\\/\\\/haberkuzey.com\\\/?s={search_term_string}\"},\"query-input\":{\"@type\":\"PropertyValueSpecification\",\"valueRequired\":true,\"valueName\":\"search_term_string\"}}],\"inLanguage\":\"tr\"},{\"@type\":\"Person\",\"@id\":\"https:\\\/\\\/haberkuzey.com\\\/#\\\/schema\\\/person\\\/3372109ec735f9333f4fa47ebb9605ca\",\"name\":\"haberkuzey\",\"image\":{\"@type\":\"ImageObject\",\"inLanguage\":\"tr\",\"@id\":\"https:\\\/\\\/secure.gravatar.com\\\/avatar\\\/f5fc875574b1575324358c3b9e6a32b8227aa5b74f3fa22e3cadb63e26fcc39c?s=96&d=mm&r=g\",\"url\":\"https:\\\/\\\/secure.gravatar.com\\\/avatar\\\/f5fc875574b1575324358c3b9e6a32b8227aa5b74f3fa22e3cadb63e26fcc39c?s=96&d=mm&r=g\",\"contentUrl\":\"https:\\\/\\\/secure.gravatar.com\\\/avatar\\\/f5fc875574b1575324358c3b9e6a32b8227aa5b74f3fa22e3cadb63e26fcc39c?s=96&d=mm&r=g\",\"caption\":\"haberkuzey\"},\"sameAs\":[\"https:\\\/\\\/haberkuzey.com\"],\"url\":\"https:\\\/\\\/haberkuzey.com\\\/index.php\\\/author\\\/haberkuzey\\\/\"}]}<\/script>\n<!-- \/ Yoast SEO plugin. -->","yoast_head_json":{"title":"Blinken, Refah&#039;a olas\u0131 kara sald\u0131r\u0131s\u0131n\u0131 g\u00f6r\u00fc\u015fmek i\u00e7in gelecek hafta \u0130srail&#039;e geliyor - Haber Kuzey","robots":{"index":"index","follow":"follow","max-snippet":"max-snippet:-1","max-image-preview":"max-image-preview:large","max-video-preview":"max-video-preview:-1"},"canonical":"https:\/\/haberkuzey.com\/index.php\/2024\/04\/26\/blinken-refaha-olasi-kara-saldirisini-gorusmek-icin-gelecek-hafta-israile-geliyor\/","og_locale":"tr_TR","og_type":"article","og_title":"Blinken, Refah&#039;a olas\u0131 kara sald\u0131r\u0131s\u0131n\u0131 g\u00f6r\u00fc\u015fmek i\u00e7in gelecek hafta \u0130srail&#039;e geliyor - Haber Kuzey","og_description":"&#13; \u0130srail devlet televizyonu KAN&#8217;da yer alan haberde, Blinken&#8217;\u0131n 30 Nisan&#8217;da \u0130srail&#8217;i ziyaret edece\u011fi belirtildi. &#13; Ziyarette Blinken&#8217;\u0131n, \u0130srail&#8217;in Refah&#8217;a olas\u0131 kara sald\u0131r\u0131s\u0131 ve Hamas ile Tel Aviv aras\u0131nda esir takas\u0131 gibi konular\u0131 \u0130srailli yetkililerle g\u00f6r\u00fc\u015fece\u011fi ifade edildi. &#13; Bunun, ABD D\u0131\u015fi\u015fleri Bakan\u0131 Blinken&#8217;\u0131n 7 Ekim 2023&#8217;ten bu yana b\u00f6lgeye yapaca\u011f\u0131 7. ziyaret olaca\u011f\u0131 kaydedildi. [&hellip;]","og_url":"https:\/\/haberkuzey.com\/index.php\/2024\/04\/26\/blinken-refaha-olasi-kara-saldirisini-gorusmek-icin-gelecek-hafta-israile-geliyor\/","og_site_name":"Haber Kuzey","article_published_time":"2024-04-26T10:25:22+00:00","og_image":[{"width":1280,"height":720,"url":"https:\/\/haberkuzey.com\/wp-content\/uploads\/2024\/04\/antony-blinken-reu-2149377.jpg","type":"image\/jpeg"}],"author":"haberkuzey","twitter_card":"summary_large_image","twitter_misc":{"Yazan:":"haberkuzey","Tahmini okuma s\u00fcresi":"1 dakika"},"schema":{"@context":"https:\/\/schema.org","@graph":[{"@type":"Article","@id":"https:\/\/haberkuzey.com\/index.php\/2024\/04\/26\/blinken-refaha-olasi-kara-saldirisini-gorusmek-icin-gelecek-hafta-israile-geliyor\/#article","isPartOf":{"@id":"https:\/\/haberkuzey.com\/index.php\/2024\/04\/26\/blinken-refaha-olasi-kara-saldirisini-gorusmek-icin-gelecek-hafta-israile-geliyor\/"},"author":{"name":"haberkuzey","@id":"https:\/\/haberkuzey.com\/#\/schema\/person\/3372109ec735f9333f4fa47ebb9605ca"},"headline":"Blinken, Refah&#039;a olas\u0131 kara sald\u0131r\u0131s\u0131n\u0131 g\u00f6r\u00fc\u015fmek i\u00e7in gelecek hafta \u0130srail&#039;e geliyor","datePublished":"2024-04-26T10:25:22+00:00","mainEntityOfPage":{"@id":"https:\/\/haberkuzey.com\/index.php\/2024\/04\/26\/blinken-refaha-olasi-kara-saldirisini-gorusmek-icin-gelecek-hafta-israile-geliyor\/"},"wordCount":307,"commentCount":0,"image":{"@id":"https:\/\/haberkuzey.com\/index.php\/2024\/04\/26\/blinken-refaha-olasi-kara-saldirisini-gorusmek-icin-gelecek-hafta-israile-geliyor\/#primaryimage"},"thumbnailUrl":"https:\/\/haberkuzey.com\/wp-content\/uploads\/2024\/04\/antony-blinken-reu-2149377.jpg","articleSection":["D\u00fcnya"],"inLanguage":"tr","potentialAction":[{"@type":"CommentAction","name":"Comment","target":["https:\/\/haberkuzey.com\/index.php\/2024\/04\/26\/blinken-refaha-olasi-kara-saldirisini-gorusmek-icin-gelecek-hafta-israile-geliyor\/#respond"]}]},{"@type":"WebPage","@id":"https:\/\/haberkuzey.com\/index.php\/2024\/04\/26\/blinken-refaha-olasi-kara-saldirisini-gorusmek-icin-gelecek-hafta-israile-geliyor\/","url":"https:\/\/haberkuzey.com\/index.php\/2024\/04\/26\/blinken-refaha-olasi-kara-saldirisini-gorusmek-icin-gelecek-hafta-israile-geliyor\/","name":"Blinken, Refah&#039;a olas\u0131 kara sald\u0131r\u0131s\u0131n\u0131 g\u00f6r\u00fc\u015fmek i\u00e7in gelecek hafta \u0130srail&#039;e geliyor - Haber Kuzey","isPartOf":{"@id":"https:\/\/haberkuzey.com\/#website"},"primaryImageOfPage":{"@id":"https:\/\/haberkuzey.com\/index.php\/2024\/04\/26\/blinken-refaha-olasi-kara-saldirisini-gorusmek-icin-gelecek-hafta-israile-geliyor\/#primaryimage"},"image":{"@id":"https:\/\/haberkuzey.com\/index.php\/2024\/04\/26\/blinken-refaha-olasi-kara-saldirisini-gorusmek-icin-gelecek-hafta-israile-geliyor\/#primaryimage"},"thumbnailUrl":"https:\/\/haberkuzey.com\/wp-content\/uploads\/2024\/04\/antony-blinken-reu-2149377.jpg","datePublished":"2024-04-26T10:25:22+00:00","author":{"@id":"https:\/\/haberkuzey.com\/#\/schema\/person\/3372109ec735f9333f4fa47ebb9605ca"},"breadcrumb":{"@id":"https:\/\/haberkuzey.com\/index.php\/2024\/04\/26\/blinken-refaha-olasi-kara-saldirisini-gorusmek-icin-gelecek-hafta-israile-geliyor\/#breadcrumb"},"inLanguage":"tr","potentialAction":[{"@type":"ReadAction","target":["https:\/\/haberkuzey.com\/index.php\/2024\/04\/26\/blinken-refaha-olasi-kara-saldirisini-gorusmek-icin-gelecek-hafta-israile-geliyor\/"]}]},{"@type":"ImageObject","inLanguage":"tr","@id":"https:\/\/haberkuzey.com\/index.php\/2024\/04\/26\/blinken-refaha-olasi-kara-saldirisini-gorusmek-icin-gelecek-hafta-israile-geliyor\/#primaryimage","url":"https:\/\/haberkuzey.com\/wp-content\/uploads\/2024\/04\/antony-blinken-reu-2149377.jpg","contentUrl":"https:\/\/haberkuzey.com\/wp-content\/uploads\/2024\/04\/antony-blinken-reu-2149377.jpg","width":1280,"height":720},{"@type":"BreadcrumbList","@id":"https:\/\/haberkuzey.com\/index.php\/2024\/04\/26\/blinken-refaha-olasi-kara-saldirisini-gorusmek-icin-gelecek-hafta-israile-geliyor\/#breadcrumb","itemListElement":[{"@type":"ListItem","position":1,"name":"Anasayfa","item":"https:\/\/haberkuzey.com\/"},{"@type":"ListItem","position":2,"name":"Blinken, Refah&#039;a olas\u0131 kara sald\u0131r\u0131s\u0131n\u0131 g\u00f6r\u00fc\u015fmek i\u00e7in gelecek hafta \u0130srail&#039;e geliyor"}]},{"@type":"WebSite","@id":"https:\/\/haberkuzey.com\/#website","url":"https:\/\/haberkuzey.com\/","name":"Haber Kuzey","description":"Do\u011fru Haberin Adresi","potentialAction":[{"@type":"SearchAction","target":{"@type":"EntryPoint","urlTemplate":"https:\/\/haberkuzey.com\/?s={search_term_string}"},"query-input":{"@type":"PropertyValueSpecification","valueRequired":true,"valueName":"search_term_string"}}],"inLanguage":"tr"},{"@type":"Person","@id":"https:\/\/haberkuzey.com\/#\/schema\/person\/3372109ec735f9333f4fa47ebb9605ca","name":"haberkuzey","image":{"@type":"ImageObject","inLanguage":"tr","@id":"https:\/\/secure.gravatar.com\/avatar\/f5fc875574b1575324358c3b9e6a32b8227aa5b74f3fa22e3cadb63e26fcc39c?s=96&d=mm&r=g","url":"https:\/\/secure.gravatar.com\/avatar\/f5fc875574b1575324358c3b9e6a32b8227aa5b74f3fa22e3cadb63e26fcc39c?s=96&d=mm&r=g","contentUrl":"https:\/\/secure.gravatar.com\/avatar\/f5fc875574b1575324358c3b9e6a32b8227aa5b74f3fa22e3cadb63e26fcc39c?s=96&d=mm&r=g","caption":"haberkuzey"},"sameAs":["https:\/\/haberkuzey.com"],"url":"https:\/\/haberkuzey.com\/index.php\/author\/haberkuzey\/"}]}},"_links":{"self":[{"href":"https:\/\/haberkuzey.com\/index.php\/wp-json\/wp\/v2\/posts\/563","targetHints":{"allow":["GET"]}}],"collection":[{"href":"https:\/\/haberkuzey.com\/index.php\/wp-json\/wp\/v2\/posts"}],"about":[{"href":"https:\/\/haberkuzey.com\/index.php\/wp-json\/wp\/v2\/types\/post"}],"author":[{"embeddable":true,"href":"https:\/\/haberkuzey.com\/index.php\/wp-json\/wp\/v2\/users\/1"}],"replies":[{"embeddable":true,"href":"https:\/\/haberkuzey.com\/index.php\/wp-json\/wp\/v2\/comments?post=563"}],"version-history":[{"count":0,"href":"https:\/\/haberkuzey.com\/index.php\/wp-json\/wp\/v2\/posts\/563\/revisions"}],"wp:featuredmedia":[{"embeddable":true,"href":"https:\/\/haberkuzey.com\/index.php\/wp-json\/wp\/v2\/media\/564"}],"wp:attachment":[{"href":"https:\/\/haberkuzey.com\/index.php\/wp-json\/wp\/v2\/media?parent=563"}],"wp:term":[{"taxonomy":"category","embeddable":true,"href":"https:\/\/haberkuzey.com\/index.php\/wp-json\/wp\/v2\/categories?post=563"},{"taxonomy":"post_tag","embeddable":true,"href":"https:\/\/haberkuzey.com\/index.php\/wp-json\/wp\/v2\/tags?post=563"}],"curies":[{"name":"wp","href":"https:\/\/api.w.org\/{rel}","templated":true}]}}