{"id":553,"date":"2024-04-26T12:24:09","date_gmt":"2024-04-26T09:24:09","guid":{"rendered":"https:\/\/kuzeyinsesi.com\/index.php\/2024\/04\/26\/kisiye-ozel-ilk-cilt-kanseri-asisi-test-ediliyor\/"},"modified":"2024-04-26T12:24:09","modified_gmt":"2024-04-26T09:24:09","slug":"kisiye-ozel-ilk-cilt-kanseri-asisi-test-ediliyor","status":"publish","type":"post","link":"https:\/\/haberkuzey.com\/index.php\/2024\/04\/26\/kisiye-ozel-ilk-cilt-kanseri-asisi-test-ediliyor\/","title":{"rendered":"Ki\u015fiye \u00f6zel ilk cilt kanseri a\u015f\u0131s\u0131 test ediliyor"},"content":{"rendered":"<p><\/p>\n<div>\n<p>&#13;<br \/>\n\tGe\u00e7ti\u011fimiz A\u011fustos ay\u0131nda kafa derisindeki melanom b\u00fcy\u00fcmesi ameliyatla al\u0131nan 52 ya\u015f\u0131ndaki Steve Young, a\u015f\u0131y\u0131 deneyecek ilk hastalardan biri.<\/p>\n<p>&#13;<br \/>\n\tA\u015f\u0131, ba\u011f\u0131\u015f\u0131kl\u0131k sisteminin kalan kanserli h\u00fccreleri tan\u0131mas\u0131na ve yok etmesine yard\u0131mc\u0131 olmak \u00fczere tasarland\u0131.<\/p>\n<p>&#13;<br \/>\n\tBu \u015fekilde kanserin geri d\u00f6nmeyece\u011fi umuluyor.<\/p>\n<p>&#13;<br \/>\n\tA\u015f\u0131, mRNA-4157 (V940), mevcut COVID a\u015f\u0131lar\u0131yla ayn\u0131 teknolojiyi kullan\u0131yor ve son a\u015fama Faz 3 denemelerinde test ediliyor.<\/p>\n<p>&#13;<br \/>\n\tUniversity College London Hospitals&#8217;da (UCLH) yap\u0131lan denemede doktorlar bu a\u015f\u0131y\u0131, ba\u011f\u0131\u015f\u0131kl\u0131k sisteminin <a href=\"https:\/\/www.trthaber.com\/etiket\/kanser\/\" target=\"_blank\" rel=\"noopener\">kanser<\/a> h\u00fccrelerini \u00f6ld\u00fcrmesine yard\u0131mc\u0131 olan pembrolizumab ya da Keytruda adl\u0131 ila\u00e7la birlikte veriyorlar.<\/p>\n<p>&#13;<br \/>\n\t<strong>Genetik imza<\/strong><\/p>\n<p>&#13;<br \/>\n\tModerna ve Merck Sharp and Dohme (MSD) taraf\u0131ndan \u00fcretilen kombine tedavi, klinik deneyler d\u0131\u015f\u0131nda hen\u00fcz sa\u011fl\u0131k sisteminde rutin kullan\u0131ma sunulmu\u015f de\u011fil.<\/p>\n<p>&#13;<br \/>\n\t<a href=\"https:\/\/www.trthaber.com\/etiket\/avustralya\/\" target=\"_blank\" rel=\"noopener\">Avustralya<\/a> da dahil di\u011fer baz\u0131 \u00fclkelerde de daha fazla kan\u0131t toplamak ve daha yayg\u0131n uygulan\u0131p uygulanmayaca\u011f\u0131n\u0131 g\u00f6rmek i\u00e7in hastalar \u00fczerinde denemeler yap\u0131l\u0131yor.<\/p>\n<p>&#13;<br \/>\n\tA\u015f\u0131, ki\u015fiselle\u015ftirilmi\u015f olarak, yani yap\u0131s\u0131 her bir hastaya uyacak \u015fekilde de\u011fi\u015ftirilerek sunuluyor.<\/p>\n<p>&#13;<br \/>\n\tHastan\u0131n kendi t\u00fcm\u00f6r\u00fcn\u00fcn <a href=\"https:\/\/www.trthaber.com\/etiket\/genetik\/\" target=\"_blank\" rel=\"noopener\">genetik<\/a> yap\u0131s\u0131na uyumlu \u015fekilde olu\u015fturuluyor. V\u00fccuda yaln\u0131zca bu kanser h\u00fccrelerinde bulunan belirte\u00e7lere veya antijenlere sald\u0131ran proteinler veya antikorlar \u00fcretmesi i\u00e7in talimat veriyor.<\/p>\n<p>&#13;<br \/>\n\tBir melanom ne kadar erken te\u015fhis edilirse, tedavisi o kadar kolay ve tedavinin ba\u015far\u0131l\u0131 olma olas\u0131l\u0131\u011f\u0131 o kadar y\u00fcksek oluyor.<\/p>\n<\/p><\/div>\n","protected":false},"excerpt":{"rendered":"<p>&#13; Ge\u00e7ti\u011fimiz A\u011fustos ay\u0131nda kafa derisindeki melanom b\u00fcy\u00fcmesi ameliyatla al\u0131nan 52 ya\u015f\u0131ndaki Steve Young, a\u015f\u0131y\u0131 deneyecek ilk hastalardan biri. &#13; A\u015f\u0131, ba\u011f\u0131\u015f\u0131kl\u0131k sisteminin kalan kanserli h\u00fccreleri tan\u0131mas\u0131na ve yok etmesine yard\u0131mc\u0131 olmak \u00fczere tasarland\u0131. &#13; Bu \u015fekilde kanserin geri d\u00f6nmeyece\u011fi umuluyor. &#13; A\u015f\u0131, mRNA-4157 (V940), mevcut COVID a\u015f\u0131lar\u0131yla ayn\u0131 teknolojiyi kullan\u0131yor ve son a\u015fama Faz [&hellip;]<\/p>\n","protected":false},"author":1,"featured_media":554,"comment_status":"open","ping_status":"open","sticky":false,"template":"","format":"standard","meta":{"jnews-multi-image_gallery":[],"jnews_single_post":[],"jnews_primary_category":[],"footnotes":""},"categories":[2],"tags":[],"class_list":["post-553","post","type-post","status-publish","format-standard","has-post-thumbnail","hentry","category-dunya"],"yoast_head":"<!-- This site is optimized with the Yoast SEO plugin v27.5 - https:\/\/yoast.com\/product\/yoast-seo-wordpress\/ -->\n<title>Ki\u015fiye \u00f6zel ilk cilt kanseri a\u015f\u0131s\u0131 test ediliyor - Haber Kuzey<\/title>\n<meta name=\"robots\" content=\"index, follow, max-snippet:-1, max-image-preview:large, max-video-preview:-1\" \/>\n<link rel=\"canonical\" href=\"https:\/\/haberkuzey.com\/index.php\/2024\/04\/26\/kisiye-ozel-ilk-cilt-kanseri-asisi-test-ediliyor\/\" \/>\n<meta property=\"og:locale\" content=\"tr_TR\" \/>\n<meta property=\"og:type\" content=\"article\" \/>\n<meta property=\"og:title\" content=\"Ki\u015fiye \u00f6zel ilk cilt kanseri a\u015f\u0131s\u0131 test ediliyor - Haber Kuzey\" \/>\n<meta property=\"og:description\" content=\"&#013; Ge\u00e7ti\u011fimiz A\u011fustos ay\u0131nda kafa derisindeki melanom b\u00fcy\u00fcmesi ameliyatla al\u0131nan 52 ya\u015f\u0131ndaki Steve Young, a\u015f\u0131y\u0131 deneyecek ilk hastalardan biri. &#013; A\u015f\u0131, ba\u011f\u0131\u015f\u0131kl\u0131k sisteminin kalan kanserli h\u00fccreleri tan\u0131mas\u0131na ve yok etmesine yard\u0131mc\u0131 olmak \u00fczere tasarland\u0131. &#013; Bu \u015fekilde kanserin geri d\u00f6nmeyece\u011fi umuluyor. &#013; A\u015f\u0131, mRNA-4157 (V940), mevcut COVID a\u015f\u0131lar\u0131yla ayn\u0131 teknolojiyi kullan\u0131yor ve son a\u015fama Faz [&hellip;]\" \/>\n<meta property=\"og:url\" content=\"https:\/\/haberkuzey.com\/index.php\/2024\/04\/26\/kisiye-ozel-ilk-cilt-kanseri-asisi-test-ediliyor\/\" \/>\n<meta property=\"og:site_name\" content=\"Haber Kuzey\" \/>\n<meta property=\"article:published_time\" content=\"2024-04-26T09:24:09+00:00\" \/>\n<meta property=\"og:image\" content=\"https:\/\/haberkuzey.com\/wp-content\/uploads\/2024\/04\/asi-1475169.jpg\" \/>\n\t<meta property=\"og:image:width\" content=\"1280\" \/>\n\t<meta property=\"og:image:height\" content=\"720\" \/>\n\t<meta property=\"og:image:type\" content=\"image\/jpeg\" \/>\n<meta name=\"author\" content=\"haberkuzey\" \/>\n<meta name=\"twitter:card\" content=\"summary_large_image\" \/>\n<meta name=\"twitter:label1\" content=\"Yazan:\" \/>\n\t<meta name=\"twitter:data1\" content=\"haberkuzey\" \/>\n\t<meta name=\"twitter:label2\" content=\"Tahmini okuma s\u00fcresi\" \/>\n\t<meta name=\"twitter:data2\" content=\"1 dakika\" \/>\n<script type=\"application\/ld+json\" class=\"yoast-schema-graph\">{\"@context\":\"https:\\\/\\\/schema.org\",\"@graph\":[{\"@type\":\"Article\",\"@id\":\"https:\\\/\\\/haberkuzey.com\\\/index.php\\\/2024\\\/04\\\/26\\\/kisiye-ozel-ilk-cilt-kanseri-asisi-test-ediliyor\\\/#article\",\"isPartOf\":{\"@id\":\"https:\\\/\\\/haberkuzey.com\\\/index.php\\\/2024\\\/04\\\/26\\\/kisiye-ozel-ilk-cilt-kanseri-asisi-test-ediliyor\\\/\"},\"author\":{\"name\":\"haberkuzey\",\"@id\":\"https:\\\/\\\/haberkuzey.com\\\/#\\\/schema\\\/person\\\/3372109ec735f9333f4fa47ebb9605ca\"},\"headline\":\"Ki\u015fiye \u00f6zel ilk cilt kanseri a\u015f\u0131s\u0131 test ediliyor\",\"datePublished\":\"2024-04-26T09:24:09+00:00\",\"mainEntityOfPage\":{\"@id\":\"https:\\\/\\\/haberkuzey.com\\\/index.php\\\/2024\\\/04\\\/26\\\/kisiye-ozel-ilk-cilt-kanseri-asisi-test-ediliyor\\\/\"},\"wordCount\":260,\"commentCount\":0,\"image\":{\"@id\":\"https:\\\/\\\/haberkuzey.com\\\/index.php\\\/2024\\\/04\\\/26\\\/kisiye-ozel-ilk-cilt-kanseri-asisi-test-ediliyor\\\/#primaryimage\"},\"thumbnailUrl\":\"https:\\\/\\\/haberkuzey.com\\\/wp-content\\\/uploads\\\/2024\\\/04\\\/asi-1475169.jpg\",\"articleSection\":[\"D\u00fcnya\"],\"inLanguage\":\"tr\",\"potentialAction\":[{\"@type\":\"CommentAction\",\"name\":\"Comment\",\"target\":[\"https:\\\/\\\/haberkuzey.com\\\/index.php\\\/2024\\\/04\\\/26\\\/kisiye-ozel-ilk-cilt-kanseri-asisi-test-ediliyor\\\/#respond\"]}]},{\"@type\":\"WebPage\",\"@id\":\"https:\\\/\\\/haberkuzey.com\\\/index.php\\\/2024\\\/04\\\/26\\\/kisiye-ozel-ilk-cilt-kanseri-asisi-test-ediliyor\\\/\",\"url\":\"https:\\\/\\\/haberkuzey.com\\\/index.php\\\/2024\\\/04\\\/26\\\/kisiye-ozel-ilk-cilt-kanseri-asisi-test-ediliyor\\\/\",\"name\":\"Ki\u015fiye \u00f6zel ilk cilt kanseri a\u015f\u0131s\u0131 test ediliyor - Haber Kuzey\",\"isPartOf\":{\"@id\":\"https:\\\/\\\/haberkuzey.com\\\/#website\"},\"primaryImageOfPage\":{\"@id\":\"https:\\\/\\\/haberkuzey.com\\\/index.php\\\/2024\\\/04\\\/26\\\/kisiye-ozel-ilk-cilt-kanseri-asisi-test-ediliyor\\\/#primaryimage\"},\"image\":{\"@id\":\"https:\\\/\\\/haberkuzey.com\\\/index.php\\\/2024\\\/04\\\/26\\\/kisiye-ozel-ilk-cilt-kanseri-asisi-test-ediliyor\\\/#primaryimage\"},\"thumbnailUrl\":\"https:\\\/\\\/haberkuzey.com\\\/wp-content\\\/uploads\\\/2024\\\/04\\\/asi-1475169.jpg\",\"datePublished\":\"2024-04-26T09:24:09+00:00\",\"author\":{\"@id\":\"https:\\\/\\\/haberkuzey.com\\\/#\\\/schema\\\/person\\\/3372109ec735f9333f4fa47ebb9605ca\"},\"breadcrumb\":{\"@id\":\"https:\\\/\\\/haberkuzey.com\\\/index.php\\\/2024\\\/04\\\/26\\\/kisiye-ozel-ilk-cilt-kanseri-asisi-test-ediliyor\\\/#breadcrumb\"},\"inLanguage\":\"tr\",\"potentialAction\":[{\"@type\":\"ReadAction\",\"target\":[\"https:\\\/\\\/haberkuzey.com\\\/index.php\\\/2024\\\/04\\\/26\\\/kisiye-ozel-ilk-cilt-kanseri-asisi-test-ediliyor\\\/\"]}]},{\"@type\":\"ImageObject\",\"inLanguage\":\"tr\",\"@id\":\"https:\\\/\\\/haberkuzey.com\\\/index.php\\\/2024\\\/04\\\/26\\\/kisiye-ozel-ilk-cilt-kanseri-asisi-test-ediliyor\\\/#primaryimage\",\"url\":\"https:\\\/\\\/haberkuzey.com\\\/wp-content\\\/uploads\\\/2024\\\/04\\\/asi-1475169.jpg\",\"contentUrl\":\"https:\\\/\\\/haberkuzey.com\\\/wp-content\\\/uploads\\\/2024\\\/04\\\/asi-1475169.jpg\",\"width\":1280,\"height\":720},{\"@type\":\"BreadcrumbList\",\"@id\":\"https:\\\/\\\/haberkuzey.com\\\/index.php\\\/2024\\\/04\\\/26\\\/kisiye-ozel-ilk-cilt-kanseri-asisi-test-ediliyor\\\/#breadcrumb\",\"itemListElement\":[{\"@type\":\"ListItem\",\"position\":1,\"name\":\"Anasayfa\",\"item\":\"https:\\\/\\\/haberkuzey.com\\\/\"},{\"@type\":\"ListItem\",\"position\":2,\"name\":\"Ki\u015fiye \u00f6zel ilk cilt kanseri a\u015f\u0131s\u0131 test ediliyor\"}]},{\"@type\":\"WebSite\",\"@id\":\"https:\\\/\\\/haberkuzey.com\\\/#website\",\"url\":\"https:\\\/\\\/haberkuzey.com\\\/\",\"name\":\"Haber Kuzey\",\"description\":\"Do\u011fru Haberin Adresi\",\"potentialAction\":[{\"@type\":\"SearchAction\",\"target\":{\"@type\":\"EntryPoint\",\"urlTemplate\":\"https:\\\/\\\/haberkuzey.com\\\/?s={search_term_string}\"},\"query-input\":{\"@type\":\"PropertyValueSpecification\",\"valueRequired\":true,\"valueName\":\"search_term_string\"}}],\"inLanguage\":\"tr\"},{\"@type\":\"Person\",\"@id\":\"https:\\\/\\\/haberkuzey.com\\\/#\\\/schema\\\/person\\\/3372109ec735f9333f4fa47ebb9605ca\",\"name\":\"haberkuzey\",\"image\":{\"@type\":\"ImageObject\",\"inLanguage\":\"tr\",\"@id\":\"https:\\\/\\\/secure.gravatar.com\\\/avatar\\\/f5fc875574b1575324358c3b9e6a32b8227aa5b74f3fa22e3cadb63e26fcc39c?s=96&d=mm&r=g\",\"url\":\"https:\\\/\\\/secure.gravatar.com\\\/avatar\\\/f5fc875574b1575324358c3b9e6a32b8227aa5b74f3fa22e3cadb63e26fcc39c?s=96&d=mm&r=g\",\"contentUrl\":\"https:\\\/\\\/secure.gravatar.com\\\/avatar\\\/f5fc875574b1575324358c3b9e6a32b8227aa5b74f3fa22e3cadb63e26fcc39c?s=96&d=mm&r=g\",\"caption\":\"haberkuzey\"},\"sameAs\":[\"https:\\\/\\\/haberkuzey.com\"],\"url\":\"https:\\\/\\\/haberkuzey.com\\\/index.php\\\/author\\\/haberkuzey\\\/\"}]}<\/script>\n<!-- \/ Yoast SEO plugin. -->","yoast_head_json":{"title":"Ki\u015fiye \u00f6zel ilk cilt kanseri a\u015f\u0131s\u0131 test ediliyor - Haber Kuzey","robots":{"index":"index","follow":"follow","max-snippet":"max-snippet:-1","max-image-preview":"max-image-preview:large","max-video-preview":"max-video-preview:-1"},"canonical":"https:\/\/haberkuzey.com\/index.php\/2024\/04\/26\/kisiye-ozel-ilk-cilt-kanseri-asisi-test-ediliyor\/","og_locale":"tr_TR","og_type":"article","og_title":"Ki\u015fiye \u00f6zel ilk cilt kanseri a\u015f\u0131s\u0131 test ediliyor - Haber Kuzey","og_description":"&#13; Ge\u00e7ti\u011fimiz A\u011fustos ay\u0131nda kafa derisindeki melanom b\u00fcy\u00fcmesi ameliyatla al\u0131nan 52 ya\u015f\u0131ndaki Steve Young, a\u015f\u0131y\u0131 deneyecek ilk hastalardan biri. &#13; A\u015f\u0131, ba\u011f\u0131\u015f\u0131kl\u0131k sisteminin kalan kanserli h\u00fccreleri tan\u0131mas\u0131na ve yok etmesine yard\u0131mc\u0131 olmak \u00fczere tasarland\u0131. &#13; Bu \u015fekilde kanserin geri d\u00f6nmeyece\u011fi umuluyor. &#13; A\u015f\u0131, mRNA-4157 (V940), mevcut COVID a\u015f\u0131lar\u0131yla ayn\u0131 teknolojiyi kullan\u0131yor ve son a\u015fama Faz [&hellip;]","og_url":"https:\/\/haberkuzey.com\/index.php\/2024\/04\/26\/kisiye-ozel-ilk-cilt-kanseri-asisi-test-ediliyor\/","og_site_name":"Haber Kuzey","article_published_time":"2024-04-26T09:24:09+00:00","og_image":[{"width":1280,"height":720,"url":"https:\/\/haberkuzey.com\/wp-content\/uploads\/2024\/04\/asi-1475169.jpg","type":"image\/jpeg"}],"author":"haberkuzey","twitter_card":"summary_large_image","twitter_misc":{"Yazan:":"haberkuzey","Tahmini okuma s\u00fcresi":"1 dakika"},"schema":{"@context":"https:\/\/schema.org","@graph":[{"@type":"Article","@id":"https:\/\/haberkuzey.com\/index.php\/2024\/04\/26\/kisiye-ozel-ilk-cilt-kanseri-asisi-test-ediliyor\/#article","isPartOf":{"@id":"https:\/\/haberkuzey.com\/index.php\/2024\/04\/26\/kisiye-ozel-ilk-cilt-kanseri-asisi-test-ediliyor\/"},"author":{"name":"haberkuzey","@id":"https:\/\/haberkuzey.com\/#\/schema\/person\/3372109ec735f9333f4fa47ebb9605ca"},"headline":"Ki\u015fiye \u00f6zel ilk cilt kanseri a\u015f\u0131s\u0131 test ediliyor","datePublished":"2024-04-26T09:24:09+00:00","mainEntityOfPage":{"@id":"https:\/\/haberkuzey.com\/index.php\/2024\/04\/26\/kisiye-ozel-ilk-cilt-kanseri-asisi-test-ediliyor\/"},"wordCount":260,"commentCount":0,"image":{"@id":"https:\/\/haberkuzey.com\/index.php\/2024\/04\/26\/kisiye-ozel-ilk-cilt-kanseri-asisi-test-ediliyor\/#primaryimage"},"thumbnailUrl":"https:\/\/haberkuzey.com\/wp-content\/uploads\/2024\/04\/asi-1475169.jpg","articleSection":["D\u00fcnya"],"inLanguage":"tr","potentialAction":[{"@type":"CommentAction","name":"Comment","target":["https:\/\/haberkuzey.com\/index.php\/2024\/04\/26\/kisiye-ozel-ilk-cilt-kanseri-asisi-test-ediliyor\/#respond"]}]},{"@type":"WebPage","@id":"https:\/\/haberkuzey.com\/index.php\/2024\/04\/26\/kisiye-ozel-ilk-cilt-kanseri-asisi-test-ediliyor\/","url":"https:\/\/haberkuzey.com\/index.php\/2024\/04\/26\/kisiye-ozel-ilk-cilt-kanseri-asisi-test-ediliyor\/","name":"Ki\u015fiye \u00f6zel ilk cilt kanseri a\u015f\u0131s\u0131 test ediliyor - Haber Kuzey","isPartOf":{"@id":"https:\/\/haberkuzey.com\/#website"},"primaryImageOfPage":{"@id":"https:\/\/haberkuzey.com\/index.php\/2024\/04\/26\/kisiye-ozel-ilk-cilt-kanseri-asisi-test-ediliyor\/#primaryimage"},"image":{"@id":"https:\/\/haberkuzey.com\/index.php\/2024\/04\/26\/kisiye-ozel-ilk-cilt-kanseri-asisi-test-ediliyor\/#primaryimage"},"thumbnailUrl":"https:\/\/haberkuzey.com\/wp-content\/uploads\/2024\/04\/asi-1475169.jpg","datePublished":"2024-04-26T09:24:09+00:00","author":{"@id":"https:\/\/haberkuzey.com\/#\/schema\/person\/3372109ec735f9333f4fa47ebb9605ca"},"breadcrumb":{"@id":"https:\/\/haberkuzey.com\/index.php\/2024\/04\/26\/kisiye-ozel-ilk-cilt-kanseri-asisi-test-ediliyor\/#breadcrumb"},"inLanguage":"tr","potentialAction":[{"@type":"ReadAction","target":["https:\/\/haberkuzey.com\/index.php\/2024\/04\/26\/kisiye-ozel-ilk-cilt-kanseri-asisi-test-ediliyor\/"]}]},{"@type":"ImageObject","inLanguage":"tr","@id":"https:\/\/haberkuzey.com\/index.php\/2024\/04\/26\/kisiye-ozel-ilk-cilt-kanseri-asisi-test-ediliyor\/#primaryimage","url":"https:\/\/haberkuzey.com\/wp-content\/uploads\/2024\/04\/asi-1475169.jpg","contentUrl":"https:\/\/haberkuzey.com\/wp-content\/uploads\/2024\/04\/asi-1475169.jpg","width":1280,"height":720},{"@type":"BreadcrumbList","@id":"https:\/\/haberkuzey.com\/index.php\/2024\/04\/26\/kisiye-ozel-ilk-cilt-kanseri-asisi-test-ediliyor\/#breadcrumb","itemListElement":[{"@type":"ListItem","position":1,"name":"Anasayfa","item":"https:\/\/haberkuzey.com\/"},{"@type":"ListItem","position":2,"name":"Ki\u015fiye \u00f6zel ilk cilt kanseri a\u015f\u0131s\u0131 test ediliyor"}]},{"@type":"WebSite","@id":"https:\/\/haberkuzey.com\/#website","url":"https:\/\/haberkuzey.com\/","name":"Haber Kuzey","description":"Do\u011fru Haberin Adresi","potentialAction":[{"@type":"SearchAction","target":{"@type":"EntryPoint","urlTemplate":"https:\/\/haberkuzey.com\/?s={search_term_string}"},"query-input":{"@type":"PropertyValueSpecification","valueRequired":true,"valueName":"search_term_string"}}],"inLanguage":"tr"},{"@type":"Person","@id":"https:\/\/haberkuzey.com\/#\/schema\/person\/3372109ec735f9333f4fa47ebb9605ca","name":"haberkuzey","image":{"@type":"ImageObject","inLanguage":"tr","@id":"https:\/\/secure.gravatar.com\/avatar\/f5fc875574b1575324358c3b9e6a32b8227aa5b74f3fa22e3cadb63e26fcc39c?s=96&d=mm&r=g","url":"https:\/\/secure.gravatar.com\/avatar\/f5fc875574b1575324358c3b9e6a32b8227aa5b74f3fa22e3cadb63e26fcc39c?s=96&d=mm&r=g","contentUrl":"https:\/\/secure.gravatar.com\/avatar\/f5fc875574b1575324358c3b9e6a32b8227aa5b74f3fa22e3cadb63e26fcc39c?s=96&d=mm&r=g","caption":"haberkuzey"},"sameAs":["https:\/\/haberkuzey.com"],"url":"https:\/\/haberkuzey.com\/index.php\/author\/haberkuzey\/"}]}},"_links":{"self":[{"href":"https:\/\/haberkuzey.com\/index.php\/wp-json\/wp\/v2\/posts\/553","targetHints":{"allow":["GET"]}}],"collection":[{"href":"https:\/\/haberkuzey.com\/index.php\/wp-json\/wp\/v2\/posts"}],"about":[{"href":"https:\/\/haberkuzey.com\/index.php\/wp-json\/wp\/v2\/types\/post"}],"author":[{"embeddable":true,"href":"https:\/\/haberkuzey.com\/index.php\/wp-json\/wp\/v2\/users\/1"}],"replies":[{"embeddable":true,"href":"https:\/\/haberkuzey.com\/index.php\/wp-json\/wp\/v2\/comments?post=553"}],"version-history":[{"count":0,"href":"https:\/\/haberkuzey.com\/index.php\/wp-json\/wp\/v2\/posts\/553\/revisions"}],"wp:featuredmedia":[{"embeddable":true,"href":"https:\/\/haberkuzey.com\/index.php\/wp-json\/wp\/v2\/media\/554"}],"wp:attachment":[{"href":"https:\/\/haberkuzey.com\/index.php\/wp-json\/wp\/v2\/media?parent=553"}],"wp:term":[{"taxonomy":"category","embeddable":true,"href":"https:\/\/haberkuzey.com\/index.php\/wp-json\/wp\/v2\/categories?post=553"},{"taxonomy":"post_tag","embeddable":true,"href":"https:\/\/haberkuzey.com\/index.php\/wp-json\/wp\/v2\/tags?post=553"}],"curies":[{"name":"wp","href":"https:\/\/api.w.org\/{rel}","templated":true}]}}