{"id":519,"date":"2024-04-26T06:18:11","date_gmt":"2024-04-26T03:18:11","guid":{"rendered":"https:\/\/kuzeyinsesi.com\/index.php\/2024\/04\/26\/gazzede-yaralanan-israil-askeri-sayisi-1584e-yukseldi\/"},"modified":"2024-04-26T06:18:11","modified_gmt":"2024-04-26T03:18:11","slug":"gazzede-yaralanan-israil-askeri-sayisi-1584e-yukseldi","status":"publish","type":"post","link":"https:\/\/haberkuzey.com\/index.php\/2024\/04\/26\/gazzede-yaralanan-israil-askeri-sayisi-1584e-yukseldi\/","title":{"rendered":"Gazze&#039;de yaralanan \u0130srail askeri say\u0131s\u0131 1584e y\u00fckseldi"},"content":{"rendered":"<p><\/p>\n<div>\n<p>&#13;<br \/>\n\t<a href=\"https:\/\/www.trthaber.com\/etiket\/israil\/\" target=\"_blank\" rel=\"noopener\">\u0130srail<\/a> ordusu taraf\u0131ndan yay\u0131nlanan raporda, \u201cGe\u00e7en y\u0131l 27 Ekim&#8217;de ba\u015flayan kara harek\u00e2t\u0131ndan bu yana bin 584 asker yaraland\u0131.\u201d ifadeleri kullan\u0131ld\u0131.<\/p>\n<p>&#13;<br \/>\n\tRaporda, yaral\u0131lardan 321&#8217;inin durumunun a\u011f\u0131r oldu\u011funa dikkat \u00e7ekilerek, 24&#8217;\u00fc a\u011f\u0131r olmak \u00fczere 247 askerin hala hastanelerde tedavisinin s\u00fcrd\u00fc\u011f\u00fc vurguland\u0131.<\/p>\n<p>&#13;<br \/>\n\tAyn\u0131 raporda, <a href=\"https:\/\/www.trthaber.com\/etiket\/gazze\/\" target=\"_blank\" rel=\"noopener\">Gazze<\/a> \u015eeridi&#8217;ne sald\u0131r\u0131lar\u0131n\u0131n ba\u015flad\u0131\u011f\u0131 7 Ekim&#8217;den bu yana 260\u2019\u0131 karadan i\u015fgal s\u00fcrecinde olmak \u00fczere 604 askerinin \u00f6ld\u00fc\u011f\u00fc bilgisine yer verildi.<\/p>\n<p>&#13;<br \/>\n\t<strong>\u0130srail 202 g\u00fcnd\u00fcr Gazze&#8217;de <a href=\"https:\/\/www.trthaber.com\/etiket\/katliam\/\" target=\"_blank\" rel=\"noopener\">katliam<\/a> yap\u0131yor<\/strong><\/p>\n<p>&#13;<br \/>\n\t\u0130srail ordusunun Gazze \u015eeridi&#8217;ne 7 Ekim&#8217;de ba\u015flayan sald\u0131r\u0131lar\u0131 202 g\u00fcnd\u00fcr devam ediyor.<\/p>\n<p>&#13;<br \/>\n\tKara i\u015fgali, abluka ve a\u011f\u0131r bombard\u0131man\u0131n devam etti\u011fi 360 kilometrekarede s\u0131k\u0131\u015fm\u0131\u015f 2,3 milyon Filistinli, a\u011f\u0131r bir insanl\u0131k felaketi ya\u015f\u0131yor.<\/p>\n<p>&#13;<br \/>\n\t\u0130srail ordusunun, Gazze \u015eeridi&#8217;ndeki eylemleri Uluslararas\u0131 Adalet Divan\u0131&#8217;nda <a href=\"https:\/\/www.trthaber.com\/etiket\/soykirim\/\" target=\"_blank\" rel=\"noopener\">soyk\u0131r\u0131m<\/a> su\u00e7lamas\u0131yla yarg\u0131lanmas\u0131na yol a\u00e7t\u0131.<\/p>\n<p>&#13;<br \/>\n\t<a href=\"https:\/\/www.trthaber.com\/etiket\/hamas\/\" target=\"_blank\" rel=\"noopener\">Hamas<\/a> ile \u0130srail aras\u0131ndaki ate\u015fkes g\u00f6r\u00fc\u015fmelerinde \u0130srail&#8217;in kara i\u015fgali ve sald\u0131r\u0131lar\u0131n\u0131 s\u00fcrd\u00fcrmekteki \u0131srar\u0131, Hamas&#8217;\u0131n ise kal\u0131c\u0131 bir ate\u015fkes talep etmesi m\u00fczakerelerin t\u0131kand\u0131\u011f\u0131 noktalar olarak g\u00f6steriliyor.<\/p>\n<p>&#13;<br \/>\n\t<strong>1,9 milyondan fazla Filistinli zorla <a href=\"https:\/\/www.trthaber.com\/etiket\/goc\/\" target=\"_blank\" rel=\"noopener\">g\u00f6\u00e7<\/a> ettirildi<\/strong><\/p>\n<p>&#13;<br \/>\n\t\u0130srail&#8217;in 7 Ekim&#8217;den bu yana Gazze \u015eeridi&#8217;ne d\u00fczenledi\u011fi sald\u0131r\u0131larda en az 24 binden fazlas\u0131 kad\u0131n ve \u00e7ocuk 34 binden fazla Filistinli \u00f6ld\u00fc.<\/p>\n<p>&#13;<br \/>\n\tSa\u011fl\u0131k sisteminin \u00e7\u00f6kmek \u00fczere oldu\u011fu b\u00f6lgede 77 binden fazla yaral\u0131 var, 7 bin kadar ki\u015finin de kay\u0131p oldu\u011fu aktar\u0131l\u0131yor. Gazze \u015eeridi i\u00e7inde 1,9 milyondan fazla Filistinli ise zorla g\u00f6\u00e7 ettirildi.<\/p>\n<p>&#13;<br \/>\n\t<a href=\"https:\/\/www.trthaber.com\/etiket\/birlesmis-milletler\/\" target=\"_blank\" rel=\"noopener\">Birle\u015fmi\u015f Milletler<\/a> G\u00fcvenlik Konseyinden 25 Mart&#8217;ta ge\u00e7en &#8220;ate\u015fkes karar\u0131&#8221; hi\u00e7e say\u0131larak \u0130srail ordusunun sald\u0131r\u0131lar\u0131 devam etti.<\/p>\n<p>&#13;<br \/>\n\t\u0130srail ordusu, Gazze \u015eeridi&#8217;ni ortadan ikiye b\u00f6len koridora yeni bir sald\u0131r\u0131 ba\u015flatt\u0131\u011f\u0131n\u0131 a\u00e7\u0131klam\u0131\u015ft\u0131.<\/p>\n<p>&#13;<br \/>\n\tUluslararas\u0131 toplumdan gelen uyar\u0131lara ra\u011fmen \u0130srail makamlar\u0131, 1,5 milyon kadar Filistinlinin s\u0131\u011f\u0131nd\u0131\u011f\u0131 Gazze \u015eeridi&#8217;nin g\u00fcneyindeki Refah&#8217;a sald\u0131r\u0131 ba\u015flat\u0131laca\u011f\u0131 s\u00f6ylemini s\u00fcrd\u00fcr\u00fcyor.<\/p>\n<\/p><\/div>\n","protected":false},"excerpt":{"rendered":"<p>&#13; \u0130srail ordusu taraf\u0131ndan yay\u0131nlanan raporda, \u201cGe\u00e7en y\u0131l 27 Ekim&#8217;de ba\u015flayan kara harek\u00e2t\u0131ndan bu yana bin 584 asker yaraland\u0131.\u201d ifadeleri kullan\u0131ld\u0131. &#13; Raporda, yaral\u0131lardan 321&#8217;inin durumunun a\u011f\u0131r oldu\u011funa dikkat \u00e7ekilerek, 24&#8217;\u00fc a\u011f\u0131r olmak \u00fczere 247 askerin hala hastanelerde tedavisinin s\u00fcrd\u00fc\u011f\u00fc vurguland\u0131. &#13; Ayn\u0131 raporda, Gazze \u015eeridi&#8217;ne sald\u0131r\u0131lar\u0131n\u0131n ba\u015flad\u0131\u011f\u0131 7 Ekim&#8217;den bu yana 260\u2019\u0131 karadan i\u015fgal [&hellip;]<\/p>\n","protected":false},"author":1,"featured_media":520,"comment_status":"open","ping_status":"open","sticky":false,"template":"","format":"standard","meta":{"jnews-multi-image_gallery":[],"jnews_single_post":[],"jnews_primary_category":[],"footnotes":""},"categories":[2],"tags":[],"class_list":["post-519","post","type-post","status-publish","format-standard","has-post-thumbnail","hentry","category-dunya"],"yoast_head":"<!-- This site is optimized with the Yoast SEO plugin v27.5 - https:\/\/yoast.com\/product\/yoast-seo-wordpress\/ -->\n<title>Gazze&#039;de yaralanan \u0130srail askeri say\u0131s\u0131 1584e y\u00fckseldi - Haber Kuzey<\/title>\n<meta name=\"robots\" content=\"index, follow, max-snippet:-1, max-image-preview:large, max-video-preview:-1\" \/>\n<link rel=\"canonical\" href=\"https:\/\/haberkuzey.com\/index.php\/2024\/04\/26\/gazzede-yaralanan-israil-askeri-sayisi-1584e-yukseldi\/\" \/>\n<meta property=\"og:locale\" content=\"tr_TR\" \/>\n<meta property=\"og:type\" content=\"article\" \/>\n<meta property=\"og:title\" content=\"Gazze&#039;de yaralanan \u0130srail askeri say\u0131s\u0131 1584e y\u00fckseldi - Haber Kuzey\" \/>\n<meta property=\"og:description\" content=\"&#013; \u0130srail ordusu taraf\u0131ndan yay\u0131nlanan raporda, \u201cGe\u00e7en y\u0131l 27 Ekim&#8217;de ba\u015flayan kara harek\u00e2t\u0131ndan bu yana bin 584 asker yaraland\u0131.\u201d ifadeleri kullan\u0131ld\u0131. &#013; Raporda, yaral\u0131lardan 321&#8217;inin durumunun a\u011f\u0131r oldu\u011funa dikkat \u00e7ekilerek, 24&#8217;\u00fc a\u011f\u0131r olmak \u00fczere 247 askerin hala hastanelerde tedavisinin s\u00fcrd\u00fc\u011f\u00fc vurguland\u0131. &#013; Ayn\u0131 raporda, Gazze \u015eeridi&#8217;ne sald\u0131r\u0131lar\u0131n\u0131n ba\u015flad\u0131\u011f\u0131 7 Ekim&#8217;den bu yana 260\u2019\u0131 karadan i\u015fgal [&hellip;]\" \/>\n<meta property=\"og:url\" content=\"https:\/\/haberkuzey.com\/index.php\/2024\/04\/26\/gazzede-yaralanan-israil-askeri-sayisi-1584e-yukseldi\/\" \/>\n<meta property=\"og:site_name\" content=\"Haber Kuzey\" \/>\n<meta property=\"article:published_time\" content=\"2024-04-26T03:18:11+00:00\" \/>\n<meta property=\"og:image\" content=\"https:\/\/haberkuzey.com\/wp-content\/uploads\/2024\/04\/israel-soldier-gaza-reuters-2166560.jpg\" \/>\n\t<meta property=\"og:image:width\" content=\"1280\" \/>\n\t<meta property=\"og:image:height\" content=\"720\" \/>\n\t<meta property=\"og:image:type\" content=\"image\/jpeg\" \/>\n<meta name=\"author\" content=\"haberkuzey\" \/>\n<meta name=\"twitter:card\" content=\"summary_large_image\" \/>\n<meta name=\"twitter:label1\" content=\"Yazan:\" \/>\n\t<meta name=\"twitter:data1\" content=\"haberkuzey\" \/>\n\t<meta name=\"twitter:label2\" content=\"Tahmini okuma s\u00fcresi\" \/>\n\t<meta name=\"twitter:data2\" content=\"2 dakika\" \/>\n<script type=\"application\/ld+json\" class=\"yoast-schema-graph\">{\"@context\":\"https:\\\/\\\/schema.org\",\"@graph\":[{\"@type\":\"Article\",\"@id\":\"https:\\\/\\\/haberkuzey.com\\\/index.php\\\/2024\\\/04\\\/26\\\/gazzede-yaralanan-israil-askeri-sayisi-1584e-yukseldi\\\/#article\",\"isPartOf\":{\"@id\":\"https:\\\/\\\/haberkuzey.com\\\/index.php\\\/2024\\\/04\\\/26\\\/gazzede-yaralanan-israil-askeri-sayisi-1584e-yukseldi\\\/\"},\"author\":{\"name\":\"haberkuzey\",\"@id\":\"https:\\\/\\\/haberkuzey.com\\\/#\\\/schema\\\/person\\\/3372109ec735f9333f4fa47ebb9605ca\"},\"headline\":\"Gazze&#039;de yaralanan \u0130srail askeri say\u0131s\u0131 1584e y\u00fckseldi\",\"datePublished\":\"2024-04-26T03:18:11+00:00\",\"mainEntityOfPage\":{\"@id\":\"https:\\\/\\\/haberkuzey.com\\\/index.php\\\/2024\\\/04\\\/26\\\/gazzede-yaralanan-israil-askeri-sayisi-1584e-yukseldi\\\/\"},\"wordCount\":350,\"commentCount\":0,\"image\":{\"@id\":\"https:\\\/\\\/haberkuzey.com\\\/index.php\\\/2024\\\/04\\\/26\\\/gazzede-yaralanan-israil-askeri-sayisi-1584e-yukseldi\\\/#primaryimage\"},\"thumbnailUrl\":\"https:\\\/\\\/haberkuzey.com\\\/wp-content\\\/uploads\\\/2024\\\/04\\\/israel-soldier-gaza-reuters-2166560.jpg\",\"articleSection\":[\"D\u00fcnya\"],\"inLanguage\":\"tr\",\"potentialAction\":[{\"@type\":\"CommentAction\",\"name\":\"Comment\",\"target\":[\"https:\\\/\\\/haberkuzey.com\\\/index.php\\\/2024\\\/04\\\/26\\\/gazzede-yaralanan-israil-askeri-sayisi-1584e-yukseldi\\\/#respond\"]}]},{\"@type\":\"WebPage\",\"@id\":\"https:\\\/\\\/haberkuzey.com\\\/index.php\\\/2024\\\/04\\\/26\\\/gazzede-yaralanan-israil-askeri-sayisi-1584e-yukseldi\\\/\",\"url\":\"https:\\\/\\\/haberkuzey.com\\\/index.php\\\/2024\\\/04\\\/26\\\/gazzede-yaralanan-israil-askeri-sayisi-1584e-yukseldi\\\/\",\"name\":\"Gazze&#039;de yaralanan \u0130srail askeri say\u0131s\u0131 1584e y\u00fckseldi - Haber Kuzey\",\"isPartOf\":{\"@id\":\"https:\\\/\\\/haberkuzey.com\\\/#website\"},\"primaryImageOfPage\":{\"@id\":\"https:\\\/\\\/haberkuzey.com\\\/index.php\\\/2024\\\/04\\\/26\\\/gazzede-yaralanan-israil-askeri-sayisi-1584e-yukseldi\\\/#primaryimage\"},\"image\":{\"@id\":\"https:\\\/\\\/haberkuzey.com\\\/index.php\\\/2024\\\/04\\\/26\\\/gazzede-yaralanan-israil-askeri-sayisi-1584e-yukseldi\\\/#primaryimage\"},\"thumbnailUrl\":\"https:\\\/\\\/haberkuzey.com\\\/wp-content\\\/uploads\\\/2024\\\/04\\\/israel-soldier-gaza-reuters-2166560.jpg\",\"datePublished\":\"2024-04-26T03:18:11+00:00\",\"author\":{\"@id\":\"https:\\\/\\\/haberkuzey.com\\\/#\\\/schema\\\/person\\\/3372109ec735f9333f4fa47ebb9605ca\"},\"breadcrumb\":{\"@id\":\"https:\\\/\\\/haberkuzey.com\\\/index.php\\\/2024\\\/04\\\/26\\\/gazzede-yaralanan-israil-askeri-sayisi-1584e-yukseldi\\\/#breadcrumb\"},\"inLanguage\":\"tr\",\"potentialAction\":[{\"@type\":\"ReadAction\",\"target\":[\"https:\\\/\\\/haberkuzey.com\\\/index.php\\\/2024\\\/04\\\/26\\\/gazzede-yaralanan-israil-askeri-sayisi-1584e-yukseldi\\\/\"]}]},{\"@type\":\"ImageObject\",\"inLanguage\":\"tr\",\"@id\":\"https:\\\/\\\/haberkuzey.com\\\/index.php\\\/2024\\\/04\\\/26\\\/gazzede-yaralanan-israil-askeri-sayisi-1584e-yukseldi\\\/#primaryimage\",\"url\":\"https:\\\/\\\/haberkuzey.com\\\/wp-content\\\/uploads\\\/2024\\\/04\\\/israel-soldier-gaza-reuters-2166560.jpg\",\"contentUrl\":\"https:\\\/\\\/haberkuzey.com\\\/wp-content\\\/uploads\\\/2024\\\/04\\\/israel-soldier-gaza-reuters-2166560.jpg\",\"width\":1280,\"height\":720},{\"@type\":\"BreadcrumbList\",\"@id\":\"https:\\\/\\\/haberkuzey.com\\\/index.php\\\/2024\\\/04\\\/26\\\/gazzede-yaralanan-israil-askeri-sayisi-1584e-yukseldi\\\/#breadcrumb\",\"itemListElement\":[{\"@type\":\"ListItem\",\"position\":1,\"name\":\"Anasayfa\",\"item\":\"https:\\\/\\\/haberkuzey.com\\\/\"},{\"@type\":\"ListItem\",\"position\":2,\"name\":\"Gazze&#039;de yaralanan \u0130srail askeri say\u0131s\u0131 1584e y\u00fckseldi\"}]},{\"@type\":\"WebSite\",\"@id\":\"https:\\\/\\\/haberkuzey.com\\\/#website\",\"url\":\"https:\\\/\\\/haberkuzey.com\\\/\",\"name\":\"Haber Kuzey\",\"description\":\"Do\u011fru Haberin Adresi\",\"potentialAction\":[{\"@type\":\"SearchAction\",\"target\":{\"@type\":\"EntryPoint\",\"urlTemplate\":\"https:\\\/\\\/haberkuzey.com\\\/?s={search_term_string}\"},\"query-input\":{\"@type\":\"PropertyValueSpecification\",\"valueRequired\":true,\"valueName\":\"search_term_string\"}}],\"inLanguage\":\"tr\"},{\"@type\":\"Person\",\"@id\":\"https:\\\/\\\/haberkuzey.com\\\/#\\\/schema\\\/person\\\/3372109ec735f9333f4fa47ebb9605ca\",\"name\":\"haberkuzey\",\"image\":{\"@type\":\"ImageObject\",\"inLanguage\":\"tr\",\"@id\":\"https:\\\/\\\/secure.gravatar.com\\\/avatar\\\/f5fc875574b1575324358c3b9e6a32b8227aa5b74f3fa22e3cadb63e26fcc39c?s=96&d=mm&r=g\",\"url\":\"https:\\\/\\\/secure.gravatar.com\\\/avatar\\\/f5fc875574b1575324358c3b9e6a32b8227aa5b74f3fa22e3cadb63e26fcc39c?s=96&d=mm&r=g\",\"contentUrl\":\"https:\\\/\\\/secure.gravatar.com\\\/avatar\\\/f5fc875574b1575324358c3b9e6a32b8227aa5b74f3fa22e3cadb63e26fcc39c?s=96&d=mm&r=g\",\"caption\":\"haberkuzey\"},\"sameAs\":[\"https:\\\/\\\/haberkuzey.com\"],\"url\":\"https:\\\/\\\/haberkuzey.com\\\/index.php\\\/author\\\/haberkuzey\\\/\"}]}<\/script>\n<!-- \/ Yoast SEO plugin. -->","yoast_head_json":{"title":"Gazze&#039;de yaralanan \u0130srail askeri say\u0131s\u0131 1584e y\u00fckseldi - Haber Kuzey","robots":{"index":"index","follow":"follow","max-snippet":"max-snippet:-1","max-image-preview":"max-image-preview:large","max-video-preview":"max-video-preview:-1"},"canonical":"https:\/\/haberkuzey.com\/index.php\/2024\/04\/26\/gazzede-yaralanan-israil-askeri-sayisi-1584e-yukseldi\/","og_locale":"tr_TR","og_type":"article","og_title":"Gazze&#039;de yaralanan \u0130srail askeri say\u0131s\u0131 1584e y\u00fckseldi - Haber Kuzey","og_description":"&#13; \u0130srail ordusu taraf\u0131ndan yay\u0131nlanan raporda, \u201cGe\u00e7en y\u0131l 27 Ekim&#8217;de ba\u015flayan kara harek\u00e2t\u0131ndan bu yana bin 584 asker yaraland\u0131.\u201d ifadeleri kullan\u0131ld\u0131. &#13; Raporda, yaral\u0131lardan 321&#8217;inin durumunun a\u011f\u0131r oldu\u011funa dikkat \u00e7ekilerek, 24&#8217;\u00fc a\u011f\u0131r olmak \u00fczere 247 askerin hala hastanelerde tedavisinin s\u00fcrd\u00fc\u011f\u00fc vurguland\u0131. &#13; Ayn\u0131 raporda, Gazze \u015eeridi&#8217;ne sald\u0131r\u0131lar\u0131n\u0131n ba\u015flad\u0131\u011f\u0131 7 Ekim&#8217;den bu yana 260\u2019\u0131 karadan i\u015fgal [&hellip;]","og_url":"https:\/\/haberkuzey.com\/index.php\/2024\/04\/26\/gazzede-yaralanan-israil-askeri-sayisi-1584e-yukseldi\/","og_site_name":"Haber Kuzey","article_published_time":"2024-04-26T03:18:11+00:00","og_image":[{"width":1280,"height":720,"url":"https:\/\/haberkuzey.com\/wp-content\/uploads\/2024\/04\/israel-soldier-gaza-reuters-2166560.jpg","type":"image\/jpeg"}],"author":"haberkuzey","twitter_card":"summary_large_image","twitter_misc":{"Yazan:":"haberkuzey","Tahmini okuma s\u00fcresi":"2 dakika"},"schema":{"@context":"https:\/\/schema.org","@graph":[{"@type":"Article","@id":"https:\/\/haberkuzey.com\/index.php\/2024\/04\/26\/gazzede-yaralanan-israil-askeri-sayisi-1584e-yukseldi\/#article","isPartOf":{"@id":"https:\/\/haberkuzey.com\/index.php\/2024\/04\/26\/gazzede-yaralanan-israil-askeri-sayisi-1584e-yukseldi\/"},"author":{"name":"haberkuzey","@id":"https:\/\/haberkuzey.com\/#\/schema\/person\/3372109ec735f9333f4fa47ebb9605ca"},"headline":"Gazze&#039;de yaralanan \u0130srail askeri say\u0131s\u0131 1584e y\u00fckseldi","datePublished":"2024-04-26T03:18:11+00:00","mainEntityOfPage":{"@id":"https:\/\/haberkuzey.com\/index.php\/2024\/04\/26\/gazzede-yaralanan-israil-askeri-sayisi-1584e-yukseldi\/"},"wordCount":350,"commentCount":0,"image":{"@id":"https:\/\/haberkuzey.com\/index.php\/2024\/04\/26\/gazzede-yaralanan-israil-askeri-sayisi-1584e-yukseldi\/#primaryimage"},"thumbnailUrl":"https:\/\/haberkuzey.com\/wp-content\/uploads\/2024\/04\/israel-soldier-gaza-reuters-2166560.jpg","articleSection":["D\u00fcnya"],"inLanguage":"tr","potentialAction":[{"@type":"CommentAction","name":"Comment","target":["https:\/\/haberkuzey.com\/index.php\/2024\/04\/26\/gazzede-yaralanan-israil-askeri-sayisi-1584e-yukseldi\/#respond"]}]},{"@type":"WebPage","@id":"https:\/\/haberkuzey.com\/index.php\/2024\/04\/26\/gazzede-yaralanan-israil-askeri-sayisi-1584e-yukseldi\/","url":"https:\/\/haberkuzey.com\/index.php\/2024\/04\/26\/gazzede-yaralanan-israil-askeri-sayisi-1584e-yukseldi\/","name":"Gazze&#039;de yaralanan \u0130srail askeri say\u0131s\u0131 1584e y\u00fckseldi - Haber Kuzey","isPartOf":{"@id":"https:\/\/haberkuzey.com\/#website"},"primaryImageOfPage":{"@id":"https:\/\/haberkuzey.com\/index.php\/2024\/04\/26\/gazzede-yaralanan-israil-askeri-sayisi-1584e-yukseldi\/#primaryimage"},"image":{"@id":"https:\/\/haberkuzey.com\/index.php\/2024\/04\/26\/gazzede-yaralanan-israil-askeri-sayisi-1584e-yukseldi\/#primaryimage"},"thumbnailUrl":"https:\/\/haberkuzey.com\/wp-content\/uploads\/2024\/04\/israel-soldier-gaza-reuters-2166560.jpg","datePublished":"2024-04-26T03:18:11+00:00","author":{"@id":"https:\/\/haberkuzey.com\/#\/schema\/person\/3372109ec735f9333f4fa47ebb9605ca"},"breadcrumb":{"@id":"https:\/\/haberkuzey.com\/index.php\/2024\/04\/26\/gazzede-yaralanan-israil-askeri-sayisi-1584e-yukseldi\/#breadcrumb"},"inLanguage":"tr","potentialAction":[{"@type":"ReadAction","target":["https:\/\/haberkuzey.com\/index.php\/2024\/04\/26\/gazzede-yaralanan-israil-askeri-sayisi-1584e-yukseldi\/"]}]},{"@type":"ImageObject","inLanguage":"tr","@id":"https:\/\/haberkuzey.com\/index.php\/2024\/04\/26\/gazzede-yaralanan-israil-askeri-sayisi-1584e-yukseldi\/#primaryimage","url":"https:\/\/haberkuzey.com\/wp-content\/uploads\/2024\/04\/israel-soldier-gaza-reuters-2166560.jpg","contentUrl":"https:\/\/haberkuzey.com\/wp-content\/uploads\/2024\/04\/israel-soldier-gaza-reuters-2166560.jpg","width":1280,"height":720},{"@type":"BreadcrumbList","@id":"https:\/\/haberkuzey.com\/index.php\/2024\/04\/26\/gazzede-yaralanan-israil-askeri-sayisi-1584e-yukseldi\/#breadcrumb","itemListElement":[{"@type":"ListItem","position":1,"name":"Anasayfa","item":"https:\/\/haberkuzey.com\/"},{"@type":"ListItem","position":2,"name":"Gazze&#039;de yaralanan \u0130srail askeri say\u0131s\u0131 1584e y\u00fckseldi"}]},{"@type":"WebSite","@id":"https:\/\/haberkuzey.com\/#website","url":"https:\/\/haberkuzey.com\/","name":"Haber Kuzey","description":"Do\u011fru Haberin Adresi","potentialAction":[{"@type":"SearchAction","target":{"@type":"EntryPoint","urlTemplate":"https:\/\/haberkuzey.com\/?s={search_term_string}"},"query-input":{"@type":"PropertyValueSpecification","valueRequired":true,"valueName":"search_term_string"}}],"inLanguage":"tr"},{"@type":"Person","@id":"https:\/\/haberkuzey.com\/#\/schema\/person\/3372109ec735f9333f4fa47ebb9605ca","name":"haberkuzey","image":{"@type":"ImageObject","inLanguage":"tr","@id":"https:\/\/secure.gravatar.com\/avatar\/f5fc875574b1575324358c3b9e6a32b8227aa5b74f3fa22e3cadb63e26fcc39c?s=96&d=mm&r=g","url":"https:\/\/secure.gravatar.com\/avatar\/f5fc875574b1575324358c3b9e6a32b8227aa5b74f3fa22e3cadb63e26fcc39c?s=96&d=mm&r=g","contentUrl":"https:\/\/secure.gravatar.com\/avatar\/f5fc875574b1575324358c3b9e6a32b8227aa5b74f3fa22e3cadb63e26fcc39c?s=96&d=mm&r=g","caption":"haberkuzey"},"sameAs":["https:\/\/haberkuzey.com"],"url":"https:\/\/haberkuzey.com\/index.php\/author\/haberkuzey\/"}]}},"_links":{"self":[{"href":"https:\/\/haberkuzey.com\/index.php\/wp-json\/wp\/v2\/posts\/519","targetHints":{"allow":["GET"]}}],"collection":[{"href":"https:\/\/haberkuzey.com\/index.php\/wp-json\/wp\/v2\/posts"}],"about":[{"href":"https:\/\/haberkuzey.com\/index.php\/wp-json\/wp\/v2\/types\/post"}],"author":[{"embeddable":true,"href":"https:\/\/haberkuzey.com\/index.php\/wp-json\/wp\/v2\/users\/1"}],"replies":[{"embeddable":true,"href":"https:\/\/haberkuzey.com\/index.php\/wp-json\/wp\/v2\/comments?post=519"}],"version-history":[{"count":0,"href":"https:\/\/haberkuzey.com\/index.php\/wp-json\/wp\/v2\/posts\/519\/revisions"}],"wp:featuredmedia":[{"embeddable":true,"href":"https:\/\/haberkuzey.com\/index.php\/wp-json\/wp\/v2\/media\/520"}],"wp:attachment":[{"href":"https:\/\/haberkuzey.com\/index.php\/wp-json\/wp\/v2\/media?parent=519"}],"wp:term":[{"taxonomy":"category","embeddable":true,"href":"https:\/\/haberkuzey.com\/index.php\/wp-json\/wp\/v2\/categories?post=519"},{"taxonomy":"post_tag","embeddable":true,"href":"https:\/\/haberkuzey.com\/index.php\/wp-json\/wp\/v2\/tags?post=519"}],"curies":[{"name":"wp","href":"https:\/\/api.w.org\/{rel}","templated":true}]}}