{"id":495,"date":"2024-04-26T00:53:11","date_gmt":"2024-04-25T21:53:11","guid":{"rendered":"https:\/\/kuzeyinsesi.com\/index.php\/2024\/04\/26\/serbest-stil-gures-milli-takimi-31-yil-sonra-avrupa-sampiyonu-oldu\/"},"modified":"2024-04-26T00:53:11","modified_gmt":"2024-04-25T21:53:11","slug":"serbest-stil-gures-milli-takimi-31-yil-sonra-avrupa-sampiyonu-oldu","status":"publish","type":"post","link":"https:\/\/haberkuzey.com\/index.php\/2024\/04\/26\/serbest-stil-gures-milli-takimi-31-yil-sonra-avrupa-sampiyonu-oldu\/","title":{"rendered":"Serbest Stil G\u00fcre\u015f Milli Tak\u0131m\u0131 31 y\u0131l sonra Avrupa \u015fampiyonu oldu"},"content":{"rendered":"<p><\/p>\n<div>\n<p>&#13;<br \/>\n\tT\u00fcrkiye <a href=\"https:\/\/www.trthaber.com\/etiket\/gures\/\" target=\"_blank\" rel=\"noopener\">G\u00fcre\u015f<\/a> Federasyonunun a\u00e7\u0131klamas\u0131na g\u00f6re, Romanya&#8217;n\u0131n ba\u015fkenti B\u00fckre\u015f&#8217;te d\u00fczenlenen Avrupa G\u00fcre\u015f \u015eampiyonas\u0131&#8217;ndaki serbest stil m\u00fcsabakalar\u0131 sona erdi.<\/p>\n<p>&#13;<br \/>\n\tOrganizasyonda 2&#8217;\u015fer alt\u0131n, g\u00fcm\u00fc\u015f ve bronz madalya kazanan ay-y\u0131ld\u0131zl\u0131lar, <a href=\"https:\/\/www.trthaber.com\/etiket\/gurcistan\/\" target=\"_blank\" rel=\"noopener\">G\u00fcrcistan<\/a> ve Azerbaycan&#8217;\u0131n \u00f6n\u00fcnde tak\u0131m s\u0131ralamas\u0131n\u0131n zirvesinde yer ald\u0131.<\/p>\n<p>&#13;<br \/>\n\tT\u00fcrkiye b\u00f6ylece \u0130stanbul&#8217;un ev sahipli\u011fi yapt\u0131\u011f\u0131 1993 Avrupa \u015eampiyonas\u0131&#8217;ndan beri ilk defa serbest stilde tak\u0131m halinde \u015fampiyonlu\u011fa ula\u015ft\u0131.<\/p>\n<p>&#13;<br \/>\n\tFeyzullah Akt\u00fcrk (92 kilo) ve Taha Akg\u00fcl (125 kilo) alt\u0131n, Muhammet Karavu\u015f (57 kilo) ve Soner Demirta\u015f (74 kilo) g\u00fcm\u00fc\u015f, Osman G\u00f6\u00e7en (86 kilo) ve \u0130brahim \u00c7ift\u00e7i (97 kilo) ise bronz madalya elde etmi\u015fti.<\/p>\n<\/p><\/div>\n","protected":false},"excerpt":{"rendered":"<p>&#13; T\u00fcrkiye G\u00fcre\u015f Federasyonunun a\u00e7\u0131klamas\u0131na g\u00f6re, Romanya&#8217;n\u0131n ba\u015fkenti B\u00fckre\u015f&#8217;te d\u00fczenlenen Avrupa G\u00fcre\u015f \u015eampiyonas\u0131&#8217;ndaki serbest stil m\u00fcsabakalar\u0131 sona erdi. &#13; Organizasyonda 2&#8217;\u015fer alt\u0131n, g\u00fcm\u00fc\u015f ve bronz madalya kazanan ay-y\u0131ld\u0131zl\u0131lar, G\u00fcrcistan ve Azerbaycan&#8217;\u0131n \u00f6n\u00fcnde tak\u0131m s\u0131ralamas\u0131n\u0131n zirvesinde yer ald\u0131. &#13; T\u00fcrkiye b\u00f6ylece \u0130stanbul&#8217;un ev sahipli\u011fi yapt\u0131\u011f\u0131 1993 Avrupa \u015eampiyonas\u0131&#8217;ndan beri ilk defa serbest stilde tak\u0131m halinde \u015fampiyonlu\u011fa [&hellip;]<\/p>\n","protected":false},"author":1,"featured_media":496,"comment_status":"open","ping_status":"open","sticky":false,"template":"","format":"standard","meta":{"jnews-multi-image_gallery":[],"jnews_single_post":[],"jnews_primary_category":[],"footnotes":""},"categories":[4],"tags":[],"class_list":["post-495","post","type-post","status-publish","format-standard","has-post-thumbnail","hentry","category-spor"],"yoast_head":"<!-- This site is optimized with the Yoast SEO plugin v27.5 - https:\/\/yoast.com\/product\/yoast-seo-wordpress\/ -->\n<title>Serbest Stil G\u00fcre\u015f Milli Tak\u0131m\u0131 31 y\u0131l sonra Avrupa \u015fampiyonu oldu - Haber Kuzey<\/title>\n<meta name=\"robots\" content=\"index, follow, max-snippet:-1, max-image-preview:large, max-video-preview:-1\" \/>\n<link rel=\"canonical\" href=\"https:\/\/haberkuzey.com\/index.php\/2024\/04\/26\/serbest-stil-gures-milli-takimi-31-yil-sonra-avrupa-sampiyonu-oldu\/\" \/>\n<meta property=\"og:locale\" content=\"tr_TR\" \/>\n<meta property=\"og:type\" content=\"article\" \/>\n<meta property=\"og:title\" content=\"Serbest Stil G\u00fcre\u015f Milli Tak\u0131m\u0131 31 y\u0131l sonra Avrupa \u015fampiyonu oldu - Haber Kuzey\" \/>\n<meta property=\"og:description\" content=\"&#013; T\u00fcrkiye G\u00fcre\u015f Federasyonunun a\u00e7\u0131klamas\u0131na g\u00f6re, Romanya&#8217;n\u0131n ba\u015fkenti B\u00fckre\u015f&#8217;te d\u00fczenlenen Avrupa G\u00fcre\u015f \u015eampiyonas\u0131&#8217;ndaki serbest stil m\u00fcsabakalar\u0131 sona erdi. &#013; Organizasyonda 2&#8217;\u015fer alt\u0131n, g\u00fcm\u00fc\u015f ve bronz madalya kazanan ay-y\u0131ld\u0131zl\u0131lar, G\u00fcrcistan ve Azerbaycan&#8217;\u0131n \u00f6n\u00fcnde tak\u0131m s\u0131ralamas\u0131n\u0131n zirvesinde yer ald\u0131. &#013; T\u00fcrkiye b\u00f6ylece \u0130stanbul&#8217;un ev sahipli\u011fi yapt\u0131\u011f\u0131 1993 Avrupa \u015eampiyonas\u0131&#8217;ndan beri ilk defa serbest stilde tak\u0131m halinde \u015fampiyonlu\u011fa [&hellip;]\" \/>\n<meta property=\"og:url\" content=\"https:\/\/haberkuzey.com\/index.php\/2024\/04\/26\/serbest-stil-gures-milli-takimi-31-yil-sonra-avrupa-sampiyonu-oldu\/\" \/>\n<meta property=\"og:site_name\" content=\"Haber Kuzey\" \/>\n<meta property=\"article:published_time\" content=\"2024-04-25T21:53:11+00:00\" \/>\n<meta property=\"og:image\" content=\"https:\/\/haberkuzey.com\/wp-content\/uploads\/2024\/04\/gures-aa-2188585.jpg\" \/>\n\t<meta property=\"og:image:width\" content=\"1280\" \/>\n\t<meta property=\"og:image:height\" content=\"720\" \/>\n\t<meta property=\"og:image:type\" content=\"image\/jpeg\" \/>\n<meta name=\"author\" content=\"haberkuzey\" \/>\n<meta name=\"twitter:card\" content=\"summary_large_image\" \/>\n<meta name=\"twitter:label1\" content=\"Yazan:\" \/>\n\t<meta name=\"twitter:data1\" content=\"haberkuzey\" \/>\n\t<meta name=\"twitter:label2\" content=\"Tahmini okuma s\u00fcresi\" \/>\n\t<meta name=\"twitter:data2\" content=\"1 dakika\" \/>\n<script type=\"application\/ld+json\" class=\"yoast-schema-graph\">{\"@context\":\"https:\\\/\\\/schema.org\",\"@graph\":[{\"@type\":\"Article\",\"@id\":\"https:\\\/\\\/haberkuzey.com\\\/index.php\\\/2024\\\/04\\\/26\\\/serbest-stil-gures-milli-takimi-31-yil-sonra-avrupa-sampiyonu-oldu\\\/#article\",\"isPartOf\":{\"@id\":\"https:\\\/\\\/haberkuzey.com\\\/index.php\\\/2024\\\/04\\\/26\\\/serbest-stil-gures-milli-takimi-31-yil-sonra-avrupa-sampiyonu-oldu\\\/\"},\"author\":{\"name\":\"haberkuzey\",\"@id\":\"https:\\\/\\\/haberkuzey.com\\\/#\\\/schema\\\/person\\\/3372109ec735f9333f4fa47ebb9605ca\"},\"headline\":\"Serbest Stil G\u00fcre\u015f Milli Tak\u0131m\u0131 31 y\u0131l sonra Avrupa \u015fampiyonu oldu\",\"datePublished\":\"2024-04-25T21:53:11+00:00\",\"mainEntityOfPage\":{\"@id\":\"https:\\\/\\\/haberkuzey.com\\\/index.php\\\/2024\\\/04\\\/26\\\/serbest-stil-gures-milli-takimi-31-yil-sonra-avrupa-sampiyonu-oldu\\\/\"},\"wordCount\":134,\"commentCount\":0,\"image\":{\"@id\":\"https:\\\/\\\/haberkuzey.com\\\/index.php\\\/2024\\\/04\\\/26\\\/serbest-stil-gures-milli-takimi-31-yil-sonra-avrupa-sampiyonu-oldu\\\/#primaryimage\"},\"thumbnailUrl\":\"https:\\\/\\\/haberkuzey.com\\\/wp-content\\\/uploads\\\/2024\\\/04\\\/gures-aa-2188585.jpg\",\"articleSection\":[\"Spor\"],\"inLanguage\":\"tr\",\"potentialAction\":[{\"@type\":\"CommentAction\",\"name\":\"Comment\",\"target\":[\"https:\\\/\\\/haberkuzey.com\\\/index.php\\\/2024\\\/04\\\/26\\\/serbest-stil-gures-milli-takimi-31-yil-sonra-avrupa-sampiyonu-oldu\\\/#respond\"]}]},{\"@type\":\"WebPage\",\"@id\":\"https:\\\/\\\/haberkuzey.com\\\/index.php\\\/2024\\\/04\\\/26\\\/serbest-stil-gures-milli-takimi-31-yil-sonra-avrupa-sampiyonu-oldu\\\/\",\"url\":\"https:\\\/\\\/haberkuzey.com\\\/index.php\\\/2024\\\/04\\\/26\\\/serbest-stil-gures-milli-takimi-31-yil-sonra-avrupa-sampiyonu-oldu\\\/\",\"name\":\"Serbest Stil G\u00fcre\u015f Milli Tak\u0131m\u0131 31 y\u0131l sonra Avrupa \u015fampiyonu oldu - Haber Kuzey\",\"isPartOf\":{\"@id\":\"https:\\\/\\\/haberkuzey.com\\\/#website\"},\"primaryImageOfPage\":{\"@id\":\"https:\\\/\\\/haberkuzey.com\\\/index.php\\\/2024\\\/04\\\/26\\\/serbest-stil-gures-milli-takimi-31-yil-sonra-avrupa-sampiyonu-oldu\\\/#primaryimage\"},\"image\":{\"@id\":\"https:\\\/\\\/haberkuzey.com\\\/index.php\\\/2024\\\/04\\\/26\\\/serbest-stil-gures-milli-takimi-31-yil-sonra-avrupa-sampiyonu-oldu\\\/#primaryimage\"},\"thumbnailUrl\":\"https:\\\/\\\/haberkuzey.com\\\/wp-content\\\/uploads\\\/2024\\\/04\\\/gures-aa-2188585.jpg\",\"datePublished\":\"2024-04-25T21:53:11+00:00\",\"author\":{\"@id\":\"https:\\\/\\\/haberkuzey.com\\\/#\\\/schema\\\/person\\\/3372109ec735f9333f4fa47ebb9605ca\"},\"breadcrumb\":{\"@id\":\"https:\\\/\\\/haberkuzey.com\\\/index.php\\\/2024\\\/04\\\/26\\\/serbest-stil-gures-milli-takimi-31-yil-sonra-avrupa-sampiyonu-oldu\\\/#breadcrumb\"},\"inLanguage\":\"tr\",\"potentialAction\":[{\"@type\":\"ReadAction\",\"target\":[\"https:\\\/\\\/haberkuzey.com\\\/index.php\\\/2024\\\/04\\\/26\\\/serbest-stil-gures-milli-takimi-31-yil-sonra-avrupa-sampiyonu-oldu\\\/\"]}]},{\"@type\":\"ImageObject\",\"inLanguage\":\"tr\",\"@id\":\"https:\\\/\\\/haberkuzey.com\\\/index.php\\\/2024\\\/04\\\/26\\\/serbest-stil-gures-milli-takimi-31-yil-sonra-avrupa-sampiyonu-oldu\\\/#primaryimage\",\"url\":\"https:\\\/\\\/haberkuzey.com\\\/wp-content\\\/uploads\\\/2024\\\/04\\\/gures-aa-2188585.jpg\",\"contentUrl\":\"https:\\\/\\\/haberkuzey.com\\\/wp-content\\\/uploads\\\/2024\\\/04\\\/gures-aa-2188585.jpg\",\"width\":1280,\"height\":720},{\"@type\":\"BreadcrumbList\",\"@id\":\"https:\\\/\\\/haberkuzey.com\\\/index.php\\\/2024\\\/04\\\/26\\\/serbest-stil-gures-milli-takimi-31-yil-sonra-avrupa-sampiyonu-oldu\\\/#breadcrumb\",\"itemListElement\":[{\"@type\":\"ListItem\",\"position\":1,\"name\":\"Anasayfa\",\"item\":\"https:\\\/\\\/haberkuzey.com\\\/\"},{\"@type\":\"ListItem\",\"position\":2,\"name\":\"Serbest Stil G\u00fcre\u015f Milli Tak\u0131m\u0131 31 y\u0131l sonra Avrupa \u015fampiyonu oldu\"}]},{\"@type\":\"WebSite\",\"@id\":\"https:\\\/\\\/haberkuzey.com\\\/#website\",\"url\":\"https:\\\/\\\/haberkuzey.com\\\/\",\"name\":\"Haber Kuzey\",\"description\":\"Do\u011fru Haberin Adresi\",\"potentialAction\":[{\"@type\":\"SearchAction\",\"target\":{\"@type\":\"EntryPoint\",\"urlTemplate\":\"https:\\\/\\\/haberkuzey.com\\\/?s={search_term_string}\"},\"query-input\":{\"@type\":\"PropertyValueSpecification\",\"valueRequired\":true,\"valueName\":\"search_term_string\"}}],\"inLanguage\":\"tr\"},{\"@type\":\"Person\",\"@id\":\"https:\\\/\\\/haberkuzey.com\\\/#\\\/schema\\\/person\\\/3372109ec735f9333f4fa47ebb9605ca\",\"name\":\"haberkuzey\",\"image\":{\"@type\":\"ImageObject\",\"inLanguage\":\"tr\",\"@id\":\"https:\\\/\\\/secure.gravatar.com\\\/avatar\\\/f5fc875574b1575324358c3b9e6a32b8227aa5b74f3fa22e3cadb63e26fcc39c?s=96&d=mm&r=g\",\"url\":\"https:\\\/\\\/secure.gravatar.com\\\/avatar\\\/f5fc875574b1575324358c3b9e6a32b8227aa5b74f3fa22e3cadb63e26fcc39c?s=96&d=mm&r=g\",\"contentUrl\":\"https:\\\/\\\/secure.gravatar.com\\\/avatar\\\/f5fc875574b1575324358c3b9e6a32b8227aa5b74f3fa22e3cadb63e26fcc39c?s=96&d=mm&r=g\",\"caption\":\"haberkuzey\"},\"sameAs\":[\"https:\\\/\\\/haberkuzey.com\"],\"url\":\"https:\\\/\\\/haberkuzey.com\\\/index.php\\\/author\\\/haberkuzey\\\/\"}]}<\/script>\n<!-- \/ Yoast SEO plugin. -->","yoast_head_json":{"title":"Serbest Stil G\u00fcre\u015f Milli Tak\u0131m\u0131 31 y\u0131l sonra Avrupa \u015fampiyonu oldu - Haber Kuzey","robots":{"index":"index","follow":"follow","max-snippet":"max-snippet:-1","max-image-preview":"max-image-preview:large","max-video-preview":"max-video-preview:-1"},"canonical":"https:\/\/haberkuzey.com\/index.php\/2024\/04\/26\/serbest-stil-gures-milli-takimi-31-yil-sonra-avrupa-sampiyonu-oldu\/","og_locale":"tr_TR","og_type":"article","og_title":"Serbest Stil G\u00fcre\u015f Milli Tak\u0131m\u0131 31 y\u0131l sonra Avrupa \u015fampiyonu oldu - Haber Kuzey","og_description":"&#13; T\u00fcrkiye G\u00fcre\u015f Federasyonunun a\u00e7\u0131klamas\u0131na g\u00f6re, Romanya&#8217;n\u0131n ba\u015fkenti B\u00fckre\u015f&#8217;te d\u00fczenlenen Avrupa G\u00fcre\u015f \u015eampiyonas\u0131&#8217;ndaki serbest stil m\u00fcsabakalar\u0131 sona erdi. &#13; Organizasyonda 2&#8217;\u015fer alt\u0131n, g\u00fcm\u00fc\u015f ve bronz madalya kazanan ay-y\u0131ld\u0131zl\u0131lar, G\u00fcrcistan ve Azerbaycan&#8217;\u0131n \u00f6n\u00fcnde tak\u0131m s\u0131ralamas\u0131n\u0131n zirvesinde yer ald\u0131. &#13; T\u00fcrkiye b\u00f6ylece \u0130stanbul&#8217;un ev sahipli\u011fi yapt\u0131\u011f\u0131 1993 Avrupa \u015eampiyonas\u0131&#8217;ndan beri ilk defa serbest stilde tak\u0131m halinde \u015fampiyonlu\u011fa [&hellip;]","og_url":"https:\/\/haberkuzey.com\/index.php\/2024\/04\/26\/serbest-stil-gures-milli-takimi-31-yil-sonra-avrupa-sampiyonu-oldu\/","og_site_name":"Haber Kuzey","article_published_time":"2024-04-25T21:53:11+00:00","og_image":[{"width":1280,"height":720,"url":"https:\/\/haberkuzey.com\/wp-content\/uploads\/2024\/04\/gures-aa-2188585.jpg","type":"image\/jpeg"}],"author":"haberkuzey","twitter_card":"summary_large_image","twitter_misc":{"Yazan:":"haberkuzey","Tahmini okuma s\u00fcresi":"1 dakika"},"schema":{"@context":"https:\/\/schema.org","@graph":[{"@type":"Article","@id":"https:\/\/haberkuzey.com\/index.php\/2024\/04\/26\/serbest-stil-gures-milli-takimi-31-yil-sonra-avrupa-sampiyonu-oldu\/#article","isPartOf":{"@id":"https:\/\/haberkuzey.com\/index.php\/2024\/04\/26\/serbest-stil-gures-milli-takimi-31-yil-sonra-avrupa-sampiyonu-oldu\/"},"author":{"name":"haberkuzey","@id":"https:\/\/haberkuzey.com\/#\/schema\/person\/3372109ec735f9333f4fa47ebb9605ca"},"headline":"Serbest Stil G\u00fcre\u015f Milli Tak\u0131m\u0131 31 y\u0131l sonra Avrupa \u015fampiyonu oldu","datePublished":"2024-04-25T21:53:11+00:00","mainEntityOfPage":{"@id":"https:\/\/haberkuzey.com\/index.php\/2024\/04\/26\/serbest-stil-gures-milli-takimi-31-yil-sonra-avrupa-sampiyonu-oldu\/"},"wordCount":134,"commentCount":0,"image":{"@id":"https:\/\/haberkuzey.com\/index.php\/2024\/04\/26\/serbest-stil-gures-milli-takimi-31-yil-sonra-avrupa-sampiyonu-oldu\/#primaryimage"},"thumbnailUrl":"https:\/\/haberkuzey.com\/wp-content\/uploads\/2024\/04\/gures-aa-2188585.jpg","articleSection":["Spor"],"inLanguage":"tr","potentialAction":[{"@type":"CommentAction","name":"Comment","target":["https:\/\/haberkuzey.com\/index.php\/2024\/04\/26\/serbest-stil-gures-milli-takimi-31-yil-sonra-avrupa-sampiyonu-oldu\/#respond"]}]},{"@type":"WebPage","@id":"https:\/\/haberkuzey.com\/index.php\/2024\/04\/26\/serbest-stil-gures-milli-takimi-31-yil-sonra-avrupa-sampiyonu-oldu\/","url":"https:\/\/haberkuzey.com\/index.php\/2024\/04\/26\/serbest-stil-gures-milli-takimi-31-yil-sonra-avrupa-sampiyonu-oldu\/","name":"Serbest Stil G\u00fcre\u015f Milli Tak\u0131m\u0131 31 y\u0131l sonra Avrupa \u015fampiyonu oldu - Haber Kuzey","isPartOf":{"@id":"https:\/\/haberkuzey.com\/#website"},"primaryImageOfPage":{"@id":"https:\/\/haberkuzey.com\/index.php\/2024\/04\/26\/serbest-stil-gures-milli-takimi-31-yil-sonra-avrupa-sampiyonu-oldu\/#primaryimage"},"image":{"@id":"https:\/\/haberkuzey.com\/index.php\/2024\/04\/26\/serbest-stil-gures-milli-takimi-31-yil-sonra-avrupa-sampiyonu-oldu\/#primaryimage"},"thumbnailUrl":"https:\/\/haberkuzey.com\/wp-content\/uploads\/2024\/04\/gures-aa-2188585.jpg","datePublished":"2024-04-25T21:53:11+00:00","author":{"@id":"https:\/\/haberkuzey.com\/#\/schema\/person\/3372109ec735f9333f4fa47ebb9605ca"},"breadcrumb":{"@id":"https:\/\/haberkuzey.com\/index.php\/2024\/04\/26\/serbest-stil-gures-milli-takimi-31-yil-sonra-avrupa-sampiyonu-oldu\/#breadcrumb"},"inLanguage":"tr","potentialAction":[{"@type":"ReadAction","target":["https:\/\/haberkuzey.com\/index.php\/2024\/04\/26\/serbest-stil-gures-milli-takimi-31-yil-sonra-avrupa-sampiyonu-oldu\/"]}]},{"@type":"ImageObject","inLanguage":"tr","@id":"https:\/\/haberkuzey.com\/index.php\/2024\/04\/26\/serbest-stil-gures-milli-takimi-31-yil-sonra-avrupa-sampiyonu-oldu\/#primaryimage","url":"https:\/\/haberkuzey.com\/wp-content\/uploads\/2024\/04\/gures-aa-2188585.jpg","contentUrl":"https:\/\/haberkuzey.com\/wp-content\/uploads\/2024\/04\/gures-aa-2188585.jpg","width":1280,"height":720},{"@type":"BreadcrumbList","@id":"https:\/\/haberkuzey.com\/index.php\/2024\/04\/26\/serbest-stil-gures-milli-takimi-31-yil-sonra-avrupa-sampiyonu-oldu\/#breadcrumb","itemListElement":[{"@type":"ListItem","position":1,"name":"Anasayfa","item":"https:\/\/haberkuzey.com\/"},{"@type":"ListItem","position":2,"name":"Serbest Stil G\u00fcre\u015f Milli Tak\u0131m\u0131 31 y\u0131l sonra Avrupa \u015fampiyonu oldu"}]},{"@type":"WebSite","@id":"https:\/\/haberkuzey.com\/#website","url":"https:\/\/haberkuzey.com\/","name":"Haber Kuzey","description":"Do\u011fru Haberin Adresi","potentialAction":[{"@type":"SearchAction","target":{"@type":"EntryPoint","urlTemplate":"https:\/\/haberkuzey.com\/?s={search_term_string}"},"query-input":{"@type":"PropertyValueSpecification","valueRequired":true,"valueName":"search_term_string"}}],"inLanguage":"tr"},{"@type":"Person","@id":"https:\/\/haberkuzey.com\/#\/schema\/person\/3372109ec735f9333f4fa47ebb9605ca","name":"haberkuzey","image":{"@type":"ImageObject","inLanguage":"tr","@id":"https:\/\/secure.gravatar.com\/avatar\/f5fc875574b1575324358c3b9e6a32b8227aa5b74f3fa22e3cadb63e26fcc39c?s=96&d=mm&r=g","url":"https:\/\/secure.gravatar.com\/avatar\/f5fc875574b1575324358c3b9e6a32b8227aa5b74f3fa22e3cadb63e26fcc39c?s=96&d=mm&r=g","contentUrl":"https:\/\/secure.gravatar.com\/avatar\/f5fc875574b1575324358c3b9e6a32b8227aa5b74f3fa22e3cadb63e26fcc39c?s=96&d=mm&r=g","caption":"haberkuzey"},"sameAs":["https:\/\/haberkuzey.com"],"url":"https:\/\/haberkuzey.com\/index.php\/author\/haberkuzey\/"}]}},"_links":{"self":[{"href":"https:\/\/haberkuzey.com\/index.php\/wp-json\/wp\/v2\/posts\/495","targetHints":{"allow":["GET"]}}],"collection":[{"href":"https:\/\/haberkuzey.com\/index.php\/wp-json\/wp\/v2\/posts"}],"about":[{"href":"https:\/\/haberkuzey.com\/index.php\/wp-json\/wp\/v2\/types\/post"}],"author":[{"embeddable":true,"href":"https:\/\/haberkuzey.com\/index.php\/wp-json\/wp\/v2\/users\/1"}],"replies":[{"embeddable":true,"href":"https:\/\/haberkuzey.com\/index.php\/wp-json\/wp\/v2\/comments?post=495"}],"version-history":[{"count":0,"href":"https:\/\/haberkuzey.com\/index.php\/wp-json\/wp\/v2\/posts\/495\/revisions"}],"wp:featuredmedia":[{"embeddable":true,"href":"https:\/\/haberkuzey.com\/index.php\/wp-json\/wp\/v2\/media\/496"}],"wp:attachment":[{"href":"https:\/\/haberkuzey.com\/index.php\/wp-json\/wp\/v2\/media?parent=495"}],"wp:term":[{"taxonomy":"category","embeddable":true,"href":"https:\/\/haberkuzey.com\/index.php\/wp-json\/wp\/v2\/categories?post=495"},{"taxonomy":"post_tag","embeddable":true,"href":"https:\/\/haberkuzey.com\/index.php\/wp-json\/wp\/v2\/tags?post=495"}],"curies":[{"name":"wp","href":"https:\/\/api.w.org\/{rel}","templated":true}]}}