{"id":469,"date":"2024-04-25T20:07:09","date_gmt":"2024-04-25T17:07:09","guid":{"rendered":"https:\/\/kuzeyinsesi.com\/index.php\/2024\/04\/25\/cadin-abd-guclerini-ulkeden-cikaracagi-iddia-edildi\/"},"modified":"2024-04-25T20:07:09","modified_gmt":"2024-04-25T17:07:09","slug":"cadin-abd-guclerini-ulkeden-cikaracagi-iddia-edildi","status":"publish","type":"post","link":"https:\/\/haberkuzey.com\/index.php\/2024\/04\/25\/cadin-abd-guclerini-ulkeden-cikaracagi-iddia-edildi\/","title":{"rendered":"\u00c7ad&#039;\u0131n ABD g\u00fc\u00e7lerini \u00fclkeden \u00e7\u0131karaca\u011f\u0131 iddia edildi"},"content":{"rendered":"<p><\/p>\n<div>\n<p>&#13;<br \/>\n\tYerel bas\u0131ndaki haberlerde, <a href=\"https:\/\/www.trthaber.com\/etiket\/cad\/\" target=\"_blank\" rel=\"noopener\">\u00c7ad<\/a> h\u00fck\u00fcmeti ile <a href=\"https:\/\/www.trthaber.com\/etiket\/abd\/\" target=\"_blank\" rel=\"noopener\">ABD<\/a> ordusu aras\u0131ndaki askeri i\u015fbirli\u011fi anla\u015fmas\u0131n\u0131n iptal edilebilece\u011fi iddialar\u0131 yer ald\u0131.<\/p>\n<p>&#13;<br \/>\n\t\u00c7ad h\u00fck\u00fcmetinin, Washington y\u00f6netimine yaz\u0131l\u0131 bildirim yaparak iki \u00fclke aras\u0131ndaki anla\u015fman\u0131n iptal edilebilece\u011fi ve \u00c7ad&#8217;da konu\u015flu ABD g\u00fc\u00e7lerinin \u00fclkeden \u00e7\u0131kar\u0131labilece\u011fini iletti\u011fi belirtiliyor.<\/p>\n<p>&#13;<br \/>\n\t\u00c7ad&#8217;da bulunan ABD askerlerinin say\u0131s\u0131 a\u00e7\u0131klanmad\u0131 ancak bu say\u0131n\u0131n 100 civar\u0131nda oldu\u011fu tahmin ediliyor.<\/p>\n<p>&#13;<br \/>\n\tOrta <a href=\"https:\/\/www.trthaber.com\/etiket\/afrika\/\" target=\"_blank\" rel=\"noopener\">Afrika<\/a> \u00fclkesi \u00c7ad ile ilgili iddialar\u0131n 6 May\u0131s&#8217;ta yap\u0131lmas\u0131 \u00f6ng\u00f6r\u00fclen cumhurba\u015fkan\u0131 se\u00e7imi \u00f6ncesi gelmesi dikkati \u00e7ekti.<\/p>\n<p>&#13;<br \/>\n\tNijer&#8217;de de askeri h\u00fck\u00fcmet, ge\u00e7en ay ald\u0131\u011f\u0131 kararla ABD ile askeri i\u015f birli\u011fi anla\u015fmas\u0131n\u0131n feshedildi\u011fini duyurmu\u015ftu.<\/p>\n<\/p><\/div>\n","protected":false},"excerpt":{"rendered":"<p>&#13; Yerel bas\u0131ndaki haberlerde, \u00c7ad h\u00fck\u00fcmeti ile ABD ordusu aras\u0131ndaki askeri i\u015fbirli\u011fi anla\u015fmas\u0131n\u0131n iptal edilebilece\u011fi iddialar\u0131 yer ald\u0131. &#13; \u00c7ad h\u00fck\u00fcmetinin, Washington y\u00f6netimine yaz\u0131l\u0131 bildirim yaparak iki \u00fclke aras\u0131ndaki anla\u015fman\u0131n iptal edilebilece\u011fi ve \u00c7ad&#8217;da konu\u015flu ABD g\u00fc\u00e7lerinin \u00fclkeden \u00e7\u0131kar\u0131labilece\u011fini iletti\u011fi belirtiliyor. &#13; \u00c7ad&#8217;da bulunan ABD askerlerinin say\u0131s\u0131 a\u00e7\u0131klanmad\u0131 ancak bu say\u0131n\u0131n 100 civar\u0131nda oldu\u011fu tahmin [&hellip;]<\/p>\n","protected":false},"author":1,"featured_media":470,"comment_status":"open","ping_status":"open","sticky":false,"template":"","format":"standard","meta":{"jnews-multi-image_gallery":[],"jnews_single_post":[],"jnews_primary_category":[],"footnotes":""},"categories":[2],"tags":[],"class_list":["post-469","post","type-post","status-publish","format-standard","has-post-thumbnail","hentry","category-dunya"],"yoast_head":"<!-- This site is optimized with the Yoast SEO plugin v27.5 - https:\/\/yoast.com\/product\/yoast-seo-wordpress\/ -->\n<title>\u00c7ad&#039;\u0131n ABD g\u00fc\u00e7lerini \u00fclkeden \u00e7\u0131karaca\u011f\u0131 iddia edildi - Haber Kuzey<\/title>\n<meta name=\"robots\" content=\"index, follow, max-snippet:-1, max-image-preview:large, max-video-preview:-1\" \/>\n<link rel=\"canonical\" href=\"https:\/\/haberkuzey.com\/index.php\/2024\/04\/25\/cadin-abd-guclerini-ulkeden-cikaracagi-iddia-edildi\/\" \/>\n<meta property=\"og:locale\" content=\"tr_TR\" \/>\n<meta property=\"og:type\" content=\"article\" \/>\n<meta property=\"og:title\" content=\"\u00c7ad&#039;\u0131n ABD g\u00fc\u00e7lerini \u00fclkeden \u00e7\u0131karaca\u011f\u0131 iddia edildi - Haber Kuzey\" \/>\n<meta property=\"og:description\" content=\"&#013; Yerel bas\u0131ndaki haberlerde, \u00c7ad h\u00fck\u00fcmeti ile ABD ordusu aras\u0131ndaki askeri i\u015fbirli\u011fi anla\u015fmas\u0131n\u0131n iptal edilebilece\u011fi iddialar\u0131 yer ald\u0131. &#013; \u00c7ad h\u00fck\u00fcmetinin, Washington y\u00f6netimine yaz\u0131l\u0131 bildirim yaparak iki \u00fclke aras\u0131ndaki anla\u015fman\u0131n iptal edilebilece\u011fi ve \u00c7ad&#8217;da konu\u015flu ABD g\u00fc\u00e7lerinin \u00fclkeden \u00e7\u0131kar\u0131labilece\u011fini iletti\u011fi belirtiliyor. &#013; \u00c7ad&#8217;da bulunan ABD askerlerinin say\u0131s\u0131 a\u00e7\u0131klanmad\u0131 ancak bu say\u0131n\u0131n 100 civar\u0131nda oldu\u011fu tahmin [&hellip;]\" \/>\n<meta property=\"og:url\" content=\"https:\/\/haberkuzey.com\/index.php\/2024\/04\/25\/cadin-abd-guclerini-ulkeden-cikaracagi-iddia-edildi\/\" \/>\n<meta property=\"og:site_name\" content=\"Haber Kuzey\" \/>\n<meta property=\"article:published_time\" content=\"2024-04-25T17:07:09+00:00\" \/>\n<meta property=\"og:image\" content=\"https:\/\/haberkuzey.com\/wp-content\/uploads\/2024\/04\/1714064832_abd-bayrak-reu-1477259.jpg\" \/>\n\t<meta property=\"og:image:width\" content=\"1280\" \/>\n\t<meta property=\"og:image:height\" content=\"720\" \/>\n\t<meta property=\"og:image:type\" content=\"image\/jpeg\" \/>\n<meta name=\"author\" content=\"haberkuzey\" \/>\n<meta name=\"twitter:card\" content=\"summary_large_image\" \/>\n<meta name=\"twitter:label1\" content=\"Yazan:\" \/>\n\t<meta name=\"twitter:data1\" content=\"haberkuzey\" \/>\n\t<meta name=\"twitter:label2\" content=\"Tahmini okuma s\u00fcresi\" \/>\n\t<meta name=\"twitter:data2\" content=\"1 dakika\" \/>\n<script type=\"application\/ld+json\" class=\"yoast-schema-graph\">{\"@context\":\"https:\\\/\\\/schema.org\",\"@graph\":[{\"@type\":\"Article\",\"@id\":\"https:\\\/\\\/haberkuzey.com\\\/index.php\\\/2024\\\/04\\\/25\\\/cadin-abd-guclerini-ulkeden-cikaracagi-iddia-edildi\\\/#article\",\"isPartOf\":{\"@id\":\"https:\\\/\\\/haberkuzey.com\\\/index.php\\\/2024\\\/04\\\/25\\\/cadin-abd-guclerini-ulkeden-cikaracagi-iddia-edildi\\\/\"},\"author\":{\"name\":\"haberkuzey\",\"@id\":\"https:\\\/\\\/haberkuzey.com\\\/#\\\/schema\\\/person\\\/3372109ec735f9333f4fa47ebb9605ca\"},\"headline\":\"\u00c7ad&#039;\u0131n ABD g\u00fc\u00e7lerini \u00fclkeden \u00e7\u0131karaca\u011f\u0131 iddia edildi\",\"datePublished\":\"2024-04-25T17:07:09+00:00\",\"mainEntityOfPage\":{\"@id\":\"https:\\\/\\\/haberkuzey.com\\\/index.php\\\/2024\\\/04\\\/25\\\/cadin-abd-guclerini-ulkeden-cikaracagi-iddia-edildi\\\/\"},\"wordCount\":142,\"commentCount\":0,\"image\":{\"@id\":\"https:\\\/\\\/haberkuzey.com\\\/index.php\\\/2024\\\/04\\\/25\\\/cadin-abd-guclerini-ulkeden-cikaracagi-iddia-edildi\\\/#primaryimage\"},\"thumbnailUrl\":\"https:\\\/\\\/haberkuzey.com\\\/wp-content\\\/uploads\\\/2024\\\/04\\\/1714064832_abd-bayrak-reu-1477259.jpg\",\"articleSection\":[\"D\u00fcnya\"],\"inLanguage\":\"tr\",\"potentialAction\":[{\"@type\":\"CommentAction\",\"name\":\"Comment\",\"target\":[\"https:\\\/\\\/haberkuzey.com\\\/index.php\\\/2024\\\/04\\\/25\\\/cadin-abd-guclerini-ulkeden-cikaracagi-iddia-edildi\\\/#respond\"]}]},{\"@type\":\"WebPage\",\"@id\":\"https:\\\/\\\/haberkuzey.com\\\/index.php\\\/2024\\\/04\\\/25\\\/cadin-abd-guclerini-ulkeden-cikaracagi-iddia-edildi\\\/\",\"url\":\"https:\\\/\\\/haberkuzey.com\\\/index.php\\\/2024\\\/04\\\/25\\\/cadin-abd-guclerini-ulkeden-cikaracagi-iddia-edildi\\\/\",\"name\":\"\u00c7ad&#039;\u0131n ABD g\u00fc\u00e7lerini \u00fclkeden \u00e7\u0131karaca\u011f\u0131 iddia edildi - Haber Kuzey\",\"isPartOf\":{\"@id\":\"https:\\\/\\\/haberkuzey.com\\\/#website\"},\"primaryImageOfPage\":{\"@id\":\"https:\\\/\\\/haberkuzey.com\\\/index.php\\\/2024\\\/04\\\/25\\\/cadin-abd-guclerini-ulkeden-cikaracagi-iddia-edildi\\\/#primaryimage\"},\"image\":{\"@id\":\"https:\\\/\\\/haberkuzey.com\\\/index.php\\\/2024\\\/04\\\/25\\\/cadin-abd-guclerini-ulkeden-cikaracagi-iddia-edildi\\\/#primaryimage\"},\"thumbnailUrl\":\"https:\\\/\\\/haberkuzey.com\\\/wp-content\\\/uploads\\\/2024\\\/04\\\/1714064832_abd-bayrak-reu-1477259.jpg\",\"datePublished\":\"2024-04-25T17:07:09+00:00\",\"author\":{\"@id\":\"https:\\\/\\\/haberkuzey.com\\\/#\\\/schema\\\/person\\\/3372109ec735f9333f4fa47ebb9605ca\"},\"breadcrumb\":{\"@id\":\"https:\\\/\\\/haberkuzey.com\\\/index.php\\\/2024\\\/04\\\/25\\\/cadin-abd-guclerini-ulkeden-cikaracagi-iddia-edildi\\\/#breadcrumb\"},\"inLanguage\":\"tr\",\"potentialAction\":[{\"@type\":\"ReadAction\",\"target\":[\"https:\\\/\\\/haberkuzey.com\\\/index.php\\\/2024\\\/04\\\/25\\\/cadin-abd-guclerini-ulkeden-cikaracagi-iddia-edildi\\\/\"]}]},{\"@type\":\"ImageObject\",\"inLanguage\":\"tr\",\"@id\":\"https:\\\/\\\/haberkuzey.com\\\/index.php\\\/2024\\\/04\\\/25\\\/cadin-abd-guclerini-ulkeden-cikaracagi-iddia-edildi\\\/#primaryimage\",\"url\":\"https:\\\/\\\/haberkuzey.com\\\/wp-content\\\/uploads\\\/2024\\\/04\\\/1714064832_abd-bayrak-reu-1477259.jpg\",\"contentUrl\":\"https:\\\/\\\/haberkuzey.com\\\/wp-content\\\/uploads\\\/2024\\\/04\\\/1714064832_abd-bayrak-reu-1477259.jpg\",\"width\":1280,\"height\":720},{\"@type\":\"BreadcrumbList\",\"@id\":\"https:\\\/\\\/haberkuzey.com\\\/index.php\\\/2024\\\/04\\\/25\\\/cadin-abd-guclerini-ulkeden-cikaracagi-iddia-edildi\\\/#breadcrumb\",\"itemListElement\":[{\"@type\":\"ListItem\",\"position\":1,\"name\":\"Anasayfa\",\"item\":\"https:\\\/\\\/haberkuzey.com\\\/\"},{\"@type\":\"ListItem\",\"position\":2,\"name\":\"\u00c7ad&#039;\u0131n ABD g\u00fc\u00e7lerini \u00fclkeden \u00e7\u0131karaca\u011f\u0131 iddia edildi\"}]},{\"@type\":\"WebSite\",\"@id\":\"https:\\\/\\\/haberkuzey.com\\\/#website\",\"url\":\"https:\\\/\\\/haberkuzey.com\\\/\",\"name\":\"Haber Kuzey\",\"description\":\"Do\u011fru Haberin Adresi\",\"potentialAction\":[{\"@type\":\"SearchAction\",\"target\":{\"@type\":\"EntryPoint\",\"urlTemplate\":\"https:\\\/\\\/haberkuzey.com\\\/?s={search_term_string}\"},\"query-input\":{\"@type\":\"PropertyValueSpecification\",\"valueRequired\":true,\"valueName\":\"search_term_string\"}}],\"inLanguage\":\"tr\"},{\"@type\":\"Person\",\"@id\":\"https:\\\/\\\/haberkuzey.com\\\/#\\\/schema\\\/person\\\/3372109ec735f9333f4fa47ebb9605ca\",\"name\":\"haberkuzey\",\"image\":{\"@type\":\"ImageObject\",\"inLanguage\":\"tr\",\"@id\":\"https:\\\/\\\/secure.gravatar.com\\\/avatar\\\/f5fc875574b1575324358c3b9e6a32b8227aa5b74f3fa22e3cadb63e26fcc39c?s=96&d=mm&r=g\",\"url\":\"https:\\\/\\\/secure.gravatar.com\\\/avatar\\\/f5fc875574b1575324358c3b9e6a32b8227aa5b74f3fa22e3cadb63e26fcc39c?s=96&d=mm&r=g\",\"contentUrl\":\"https:\\\/\\\/secure.gravatar.com\\\/avatar\\\/f5fc875574b1575324358c3b9e6a32b8227aa5b74f3fa22e3cadb63e26fcc39c?s=96&d=mm&r=g\",\"caption\":\"haberkuzey\"},\"sameAs\":[\"https:\\\/\\\/haberkuzey.com\"],\"url\":\"https:\\\/\\\/haberkuzey.com\\\/index.php\\\/author\\\/haberkuzey\\\/\"}]}<\/script>\n<!-- \/ Yoast SEO plugin. -->","yoast_head_json":{"title":"\u00c7ad&#039;\u0131n ABD g\u00fc\u00e7lerini \u00fclkeden \u00e7\u0131karaca\u011f\u0131 iddia edildi - Haber Kuzey","robots":{"index":"index","follow":"follow","max-snippet":"max-snippet:-1","max-image-preview":"max-image-preview:large","max-video-preview":"max-video-preview:-1"},"canonical":"https:\/\/haberkuzey.com\/index.php\/2024\/04\/25\/cadin-abd-guclerini-ulkeden-cikaracagi-iddia-edildi\/","og_locale":"tr_TR","og_type":"article","og_title":"\u00c7ad&#039;\u0131n ABD g\u00fc\u00e7lerini \u00fclkeden \u00e7\u0131karaca\u011f\u0131 iddia edildi - Haber Kuzey","og_description":"&#13; Yerel bas\u0131ndaki haberlerde, \u00c7ad h\u00fck\u00fcmeti ile ABD ordusu aras\u0131ndaki askeri i\u015fbirli\u011fi anla\u015fmas\u0131n\u0131n iptal edilebilece\u011fi iddialar\u0131 yer ald\u0131. &#13; \u00c7ad h\u00fck\u00fcmetinin, Washington y\u00f6netimine yaz\u0131l\u0131 bildirim yaparak iki \u00fclke aras\u0131ndaki anla\u015fman\u0131n iptal edilebilece\u011fi ve \u00c7ad&#8217;da konu\u015flu ABD g\u00fc\u00e7lerinin \u00fclkeden \u00e7\u0131kar\u0131labilece\u011fini iletti\u011fi belirtiliyor. &#13; \u00c7ad&#8217;da bulunan ABD askerlerinin say\u0131s\u0131 a\u00e7\u0131klanmad\u0131 ancak bu say\u0131n\u0131n 100 civar\u0131nda oldu\u011fu tahmin [&hellip;]","og_url":"https:\/\/haberkuzey.com\/index.php\/2024\/04\/25\/cadin-abd-guclerini-ulkeden-cikaracagi-iddia-edildi\/","og_site_name":"Haber Kuzey","article_published_time":"2024-04-25T17:07:09+00:00","og_image":[{"width":1280,"height":720,"url":"https:\/\/haberkuzey.com\/wp-content\/uploads\/2024\/04\/1714064832_abd-bayrak-reu-1477259.jpg","type":"image\/jpeg"}],"author":"haberkuzey","twitter_card":"summary_large_image","twitter_misc":{"Yazan:":"haberkuzey","Tahmini okuma s\u00fcresi":"1 dakika"},"schema":{"@context":"https:\/\/schema.org","@graph":[{"@type":"Article","@id":"https:\/\/haberkuzey.com\/index.php\/2024\/04\/25\/cadin-abd-guclerini-ulkeden-cikaracagi-iddia-edildi\/#article","isPartOf":{"@id":"https:\/\/haberkuzey.com\/index.php\/2024\/04\/25\/cadin-abd-guclerini-ulkeden-cikaracagi-iddia-edildi\/"},"author":{"name":"haberkuzey","@id":"https:\/\/haberkuzey.com\/#\/schema\/person\/3372109ec735f9333f4fa47ebb9605ca"},"headline":"\u00c7ad&#039;\u0131n ABD g\u00fc\u00e7lerini \u00fclkeden \u00e7\u0131karaca\u011f\u0131 iddia edildi","datePublished":"2024-04-25T17:07:09+00:00","mainEntityOfPage":{"@id":"https:\/\/haberkuzey.com\/index.php\/2024\/04\/25\/cadin-abd-guclerini-ulkeden-cikaracagi-iddia-edildi\/"},"wordCount":142,"commentCount":0,"image":{"@id":"https:\/\/haberkuzey.com\/index.php\/2024\/04\/25\/cadin-abd-guclerini-ulkeden-cikaracagi-iddia-edildi\/#primaryimage"},"thumbnailUrl":"https:\/\/haberkuzey.com\/wp-content\/uploads\/2024\/04\/1714064832_abd-bayrak-reu-1477259.jpg","articleSection":["D\u00fcnya"],"inLanguage":"tr","potentialAction":[{"@type":"CommentAction","name":"Comment","target":["https:\/\/haberkuzey.com\/index.php\/2024\/04\/25\/cadin-abd-guclerini-ulkeden-cikaracagi-iddia-edildi\/#respond"]}]},{"@type":"WebPage","@id":"https:\/\/haberkuzey.com\/index.php\/2024\/04\/25\/cadin-abd-guclerini-ulkeden-cikaracagi-iddia-edildi\/","url":"https:\/\/haberkuzey.com\/index.php\/2024\/04\/25\/cadin-abd-guclerini-ulkeden-cikaracagi-iddia-edildi\/","name":"\u00c7ad&#039;\u0131n ABD g\u00fc\u00e7lerini \u00fclkeden \u00e7\u0131karaca\u011f\u0131 iddia edildi - Haber Kuzey","isPartOf":{"@id":"https:\/\/haberkuzey.com\/#website"},"primaryImageOfPage":{"@id":"https:\/\/haberkuzey.com\/index.php\/2024\/04\/25\/cadin-abd-guclerini-ulkeden-cikaracagi-iddia-edildi\/#primaryimage"},"image":{"@id":"https:\/\/haberkuzey.com\/index.php\/2024\/04\/25\/cadin-abd-guclerini-ulkeden-cikaracagi-iddia-edildi\/#primaryimage"},"thumbnailUrl":"https:\/\/haberkuzey.com\/wp-content\/uploads\/2024\/04\/1714064832_abd-bayrak-reu-1477259.jpg","datePublished":"2024-04-25T17:07:09+00:00","author":{"@id":"https:\/\/haberkuzey.com\/#\/schema\/person\/3372109ec735f9333f4fa47ebb9605ca"},"breadcrumb":{"@id":"https:\/\/haberkuzey.com\/index.php\/2024\/04\/25\/cadin-abd-guclerini-ulkeden-cikaracagi-iddia-edildi\/#breadcrumb"},"inLanguage":"tr","potentialAction":[{"@type":"ReadAction","target":["https:\/\/haberkuzey.com\/index.php\/2024\/04\/25\/cadin-abd-guclerini-ulkeden-cikaracagi-iddia-edildi\/"]}]},{"@type":"ImageObject","inLanguage":"tr","@id":"https:\/\/haberkuzey.com\/index.php\/2024\/04\/25\/cadin-abd-guclerini-ulkeden-cikaracagi-iddia-edildi\/#primaryimage","url":"https:\/\/haberkuzey.com\/wp-content\/uploads\/2024\/04\/1714064832_abd-bayrak-reu-1477259.jpg","contentUrl":"https:\/\/haberkuzey.com\/wp-content\/uploads\/2024\/04\/1714064832_abd-bayrak-reu-1477259.jpg","width":1280,"height":720},{"@type":"BreadcrumbList","@id":"https:\/\/haberkuzey.com\/index.php\/2024\/04\/25\/cadin-abd-guclerini-ulkeden-cikaracagi-iddia-edildi\/#breadcrumb","itemListElement":[{"@type":"ListItem","position":1,"name":"Anasayfa","item":"https:\/\/haberkuzey.com\/"},{"@type":"ListItem","position":2,"name":"\u00c7ad&#039;\u0131n ABD g\u00fc\u00e7lerini \u00fclkeden \u00e7\u0131karaca\u011f\u0131 iddia edildi"}]},{"@type":"WebSite","@id":"https:\/\/haberkuzey.com\/#website","url":"https:\/\/haberkuzey.com\/","name":"Haber Kuzey","description":"Do\u011fru Haberin Adresi","potentialAction":[{"@type":"SearchAction","target":{"@type":"EntryPoint","urlTemplate":"https:\/\/haberkuzey.com\/?s={search_term_string}"},"query-input":{"@type":"PropertyValueSpecification","valueRequired":true,"valueName":"search_term_string"}}],"inLanguage":"tr"},{"@type":"Person","@id":"https:\/\/haberkuzey.com\/#\/schema\/person\/3372109ec735f9333f4fa47ebb9605ca","name":"haberkuzey","image":{"@type":"ImageObject","inLanguage":"tr","@id":"https:\/\/secure.gravatar.com\/avatar\/f5fc875574b1575324358c3b9e6a32b8227aa5b74f3fa22e3cadb63e26fcc39c?s=96&d=mm&r=g","url":"https:\/\/secure.gravatar.com\/avatar\/f5fc875574b1575324358c3b9e6a32b8227aa5b74f3fa22e3cadb63e26fcc39c?s=96&d=mm&r=g","contentUrl":"https:\/\/secure.gravatar.com\/avatar\/f5fc875574b1575324358c3b9e6a32b8227aa5b74f3fa22e3cadb63e26fcc39c?s=96&d=mm&r=g","caption":"haberkuzey"},"sameAs":["https:\/\/haberkuzey.com"],"url":"https:\/\/haberkuzey.com\/index.php\/author\/haberkuzey\/"}]}},"_links":{"self":[{"href":"https:\/\/haberkuzey.com\/index.php\/wp-json\/wp\/v2\/posts\/469","targetHints":{"allow":["GET"]}}],"collection":[{"href":"https:\/\/haberkuzey.com\/index.php\/wp-json\/wp\/v2\/posts"}],"about":[{"href":"https:\/\/haberkuzey.com\/index.php\/wp-json\/wp\/v2\/types\/post"}],"author":[{"embeddable":true,"href":"https:\/\/haberkuzey.com\/index.php\/wp-json\/wp\/v2\/users\/1"}],"replies":[{"embeddable":true,"href":"https:\/\/haberkuzey.com\/index.php\/wp-json\/wp\/v2\/comments?post=469"}],"version-history":[{"count":0,"href":"https:\/\/haberkuzey.com\/index.php\/wp-json\/wp\/v2\/posts\/469\/revisions"}],"wp:featuredmedia":[{"embeddable":true,"href":"https:\/\/haberkuzey.com\/index.php\/wp-json\/wp\/v2\/media\/470"}],"wp:attachment":[{"href":"https:\/\/haberkuzey.com\/index.php\/wp-json\/wp\/v2\/media?parent=469"}],"wp:term":[{"taxonomy":"category","embeddable":true,"href":"https:\/\/haberkuzey.com\/index.php\/wp-json\/wp\/v2\/categories?post=469"},{"taxonomy":"post_tag","embeddable":true,"href":"https:\/\/haberkuzey.com\/index.php\/wp-json\/wp\/v2\/tags?post=469"}],"curies":[{"name":"wp","href":"https:\/\/api.w.org\/{rel}","templated":true}]}}