{"id":46506,"date":"2026-09-06T15:00:09","date_gmt":"2026-09-06T12:00:09","guid":{"rendered":"https:\/\/haberkuzey.com\/index.php\/2026\/09\/06\/endonezyada-yanardag-patlamasinin-ardindan-cakartada-ucuslar-iptal-edildi\/"},"modified":"2026-09-06T15:00:09","modified_gmt":"2026-09-06T12:00:09","slug":"endonezyada-yanardag-patlamasinin-ardindan-cakartada-ucuslar-iptal-edildi","status":"publish","type":"post","link":"https:\/\/haberkuzey.com\/index.php\/2026\/09\/06\/endonezyada-yanardag-patlamasinin-ardindan-cakartada-ucuslar-iptal-edildi\/","title":{"rendered":"Endonezya&#8217;da yanarda\u011f patlamas\u0131n\u0131n ard\u0131ndan Cakarta&#8217;da u\u00e7u\u015flar iptal edildi"},"content":{"rendered":"<p><\/p>\n<div>\n<p>&#13;<br \/>\n\tEndonezya Enerji ve Maden Kaynaklar\u0131 Bakanl\u0131\u011f\u0131na ba\u011fl\u0131 Jeoloji Ajans\u0131, Sunda Bo\u011faz\u0131&#8217;nda bulunan volkanik adan\u0131n cuma g\u00fcn\u00fcnden bu yana faaliyet belirtileri g\u00f6sterdi\u011fini ve bug\u00fcn saat 03.53&#8217;te 30 saniye s\u00fcren patlama meydana geldi\u011fini a\u00e7\u0131klad\u0131.<\/p>\n<p>&#13;<br \/>\n\tAjans\u0131n kapal\u0131 devre kamera g\u00f6r\u00fcnt\u00fclerinde yanarda\u011fda lav parlamalar\u0131n\u0131n g\u00f6r\u00fcld\u00fc\u011f\u00fc belirtildi.<\/p>\n<p>&#13;<br \/>\n\tOlay\u0131n ard\u0131ndan herhangi bir can kayb\u0131 bildirilmedi ve tahliye duyurusu yap\u0131lmad\u0131, ancak yetkililer, b\u00f6lge sakinleri ve ziyaret\u00e7ilere volkan\u0131n aktif kraterinden en az 3 kilometre uzak durmalar\u0131 uyar\u0131s\u0131nda bulundu.<\/p>\n<p>&#13;<br \/>\n\t\u00d6te yandan, Endonezya Volkanoloji ve Jeolojik Afet Azaltma Merkezi, volkanik k\u00fcl\u00fcn ba\u015fkent Cakarta&#8217;n\u0131n baz\u0131 b\u00f6lgeleri ile Sumatra Adas\u0131&#8217;n\u0131n g\u00fcneyindeki Lampung eyaletine yay\u0131ld\u0131\u011f\u0131n\u0131 bildirdi.<\/p>\n<p>&#13;<br \/>\n\tBunun ard\u0131ndan, Cakarta&#8217;daki Soekarno-Hatta Uluslararas\u0131 Havaliman\u0131, artan volkanik faaliyet nedeniyle u\u00e7u\u015f operasyonlar\u0131n\u0131 05.30-09.30 aras\u0131nda ge\u00e7ici olarak ask\u0131ya ald\u0131\u011f\u0131n\u0131 duyurdu.<\/p>\n<p>&#13;<br \/>\n\t\u00dclkenin en yo\u011fun havaliman\u0131nda \u00e7ok say\u0131da yolcu bilet iadesi talep ederken, baz\u0131 yolcular teslim ettikleri bagajlar\u0131n\u0131 geri ald\u0131.<\/p>\n<p>&#13;<br \/>\n\tSivil Havac\u0131l\u0131k Genel M\u00fcd\u00fcrl\u00fc\u011f\u00fc de patlaman\u0131n hava ula\u015f\u0131m\u0131na etkisinin yak\u0131ndan izlendi\u011fini, havaalan\u0131 i\u015fletmecileri, hava seyr\u00fcsefer hizmetleri ve meteoroloji kurumu ile koordinasyon i\u00e7inde olundu\u011funu a\u00e7\u0131klad\u0131.<\/p>\n<p>&#13;<br \/>\n\tU\u00e7u\u015flar\u0131n iptal edilmesi, G\u00fcney Sulawesi b\u00f6lgesindeki Makassar kentine d\u00fczenlenen yo\u011fun i\u00e7 hat seferi dahil 209 u\u00e7u\u015fu ve yakla\u015f\u0131k 22 bin 800 yolcuyu etkiledi.<\/p>\n<\/p><\/div>\n","protected":false},"excerpt":{"rendered":"<p>&#13; Endonezya Enerji ve Maden Kaynaklar\u0131 Bakanl\u0131\u011f\u0131na ba\u011fl\u0131 Jeoloji Ajans\u0131, Sunda Bo\u011faz\u0131&#8217;nda bulunan volkanik adan\u0131n cuma g\u00fcn\u00fcnden bu yana faaliyet belirtileri g\u00f6sterdi\u011fini ve bug\u00fcn saat 03.53&#8217;te 30 saniye s\u00fcren patlama meydana geldi\u011fini a\u00e7\u0131klad\u0131. &#13; Ajans\u0131n kapal\u0131 devre kamera g\u00f6r\u00fcnt\u00fclerinde yanarda\u011fda lav parlamalar\u0131n\u0131n g\u00f6r\u00fcld\u00fc\u011f\u00fc belirtildi. &#13; Olay\u0131n ard\u0131ndan herhangi bir can kayb\u0131 bildirilmedi ve tahliye duyurusu [&hellip;]<\/p>\n","protected":false},"author":1,"featured_media":46507,"comment_status":"open","ping_status":"open","sticky":false,"template":"","format":"standard","meta":{"jnews-multi-image_gallery":[],"jnews_single_post":[],"jnews_primary_category":[],"footnotes":""},"categories":[2],"tags":[],"class_list":["post-46506","post","type-post","status-publish","format-standard","has-post-thumbnail","hentry","category-dunya"],"yoast_head":"<!-- This site is optimized with the Yoast SEO plugin v28.4 - https:\/\/yoast.com\/product\/yoast-seo-wordpress\/ -->\n<title>Endonezya&#039;da yanarda\u011f patlamas\u0131n\u0131n ard\u0131ndan Cakarta&#039;da u\u00e7u\u015flar iptal edildi - Haber Kuzey<\/title>\n<meta name=\"robots\" content=\"index, follow, max-snippet:-1, max-image-preview:large, max-video-preview:-1\" \/>\n<link rel=\"canonical\" href=\"https:\/\/haberkuzey.com\/index.php\/2026\/09\/06\/endonezyada-yanardag-patlamasinin-ardindan-cakartada-ucuslar-iptal-edildi\/\" \/>\n<meta property=\"og:locale\" content=\"tr_TR\" \/>\n<meta property=\"og:type\" content=\"article\" \/>\n<meta property=\"og:title\" content=\"Endonezya&#039;da yanarda\u011f patlamas\u0131n\u0131n ard\u0131ndan Cakarta&#039;da u\u00e7u\u015flar iptal edildi - Haber Kuzey\" \/>\n<meta property=\"og:description\" content=\"&#013; Endonezya Enerji ve Maden Kaynaklar\u0131 Bakanl\u0131\u011f\u0131na ba\u011fl\u0131 Jeoloji Ajans\u0131, Sunda Bo\u011faz\u0131&#8217;nda bulunan volkanik adan\u0131n cuma g\u00fcn\u00fcnden bu yana faaliyet belirtileri g\u00f6sterdi\u011fini ve bug\u00fcn saat 03.53&#8217;te 30 saniye s\u00fcren patlama meydana geldi\u011fini a\u00e7\u0131klad\u0131. &#013; Ajans\u0131n kapal\u0131 devre kamera g\u00f6r\u00fcnt\u00fclerinde yanarda\u011fda lav parlamalar\u0131n\u0131n g\u00f6r\u00fcld\u00fc\u011f\u00fc belirtildi. &#013; Olay\u0131n ard\u0131ndan herhangi bir can kayb\u0131 bildirilmedi ve tahliye duyurusu [&hellip;]\" \/>\n<meta property=\"og:url\" content=\"https:\/\/haberkuzey.com\/index.php\/2026\/09\/06\/endonezyada-yanardag-patlamasinin-ardindan-cakartada-ucuslar-iptal-edildi\/\" \/>\n<meta property=\"og:site_name\" content=\"Haber Kuzey\" \/>\n<meta property=\"article:published_time\" content=\"2026-09-06T12:00:09+00:00\" \/>\n<meta property=\"og:image\" content=\"https:\/\/trthaberstatic.cdn.wp.trt.com.tr\/resimler\/2486000\/anak-krakatau-re-2487199.jpg\" \/>\n<meta name=\"author\" content=\"haberkuzey\" \/>\n<meta name=\"twitter:card\" content=\"summary_large_image\" \/>\n<meta name=\"twitter:label1\" content=\"Yazan:\" \/>\n\t<meta name=\"twitter:data1\" content=\"haberkuzey\" \/>\n\t<meta name=\"twitter:label2\" content=\"Tahmini okuma s\u00fcresi\" \/>\n\t<meta name=\"twitter:data2\" content=\"1 dakika\" \/>\n<script type=\"application\/ld+json\" class=\"yoast-schema-graph\">{\"@context\":\"https:\\\/\\\/schema.org\",\"@graph\":[{\"@type\":\"Article\",\"@id\":\"https:\\\/\\\/haberkuzey.com\\\/index.php\\\/2026\\\/09\\\/06\\\/endonezyada-yanardag-patlamasinin-ardindan-cakartada-ucuslar-iptal-edildi\\\/#article\",\"isPartOf\":{\"@id\":\"https:\\\/\\\/haberkuzey.com\\\/index.php\\\/2026\\\/09\\\/06\\\/endonezyada-yanardag-patlamasinin-ardindan-cakartada-ucuslar-iptal-edildi\\\/\"},\"author\":{\"name\":\"haberkuzey\",\"@id\":\"https:\\\/\\\/haberkuzey.com\\\/#\\\/schema\\\/person\\\/3372109ec735f9333f4fa47ebb9605ca\"},\"headline\":\"Endonezya&#8217;da yanarda\u011f patlamas\u0131n\u0131n ard\u0131ndan Cakarta&#8217;da u\u00e7u\u015flar iptal edildi\",\"datePublished\":\"2026-09-06T12:00:09+00:00\",\"mainEntityOfPage\":{\"@id\":\"https:\\\/\\\/haberkuzey.com\\\/index.php\\\/2026\\\/09\\\/06\\\/endonezyada-yanardag-patlamasinin-ardindan-cakartada-ucuslar-iptal-edildi\\\/\"},\"wordCount\":264,\"commentCount\":0,\"image\":{\"@id\":\"https:\\\/\\\/haberkuzey.com\\\/index.php\\\/2026\\\/09\\\/06\\\/endonezyada-yanardag-patlamasinin-ardindan-cakartada-ucuslar-iptal-edildi\\\/#primaryimage\"},\"thumbnailUrl\":\"https:\\\/\\\/haberkuzey.com\\\/wp-content\\\/uploads\\\/2026\\\/09\\\/anak-krakatau-re-2487199.jpg\",\"articleSection\":[\"D\u00fcnya\"],\"inLanguage\":\"tr\",\"potentialAction\":[{\"@type\":\"CommentAction\",\"name\":\"Comment\",\"target\":[\"https:\\\/\\\/haberkuzey.com\\\/index.php\\\/2026\\\/09\\\/06\\\/endonezyada-yanardag-patlamasinin-ardindan-cakartada-ucuslar-iptal-edildi\\\/#respond\"]}]},{\"@type\":\"WebPage\",\"@id\":\"https:\\\/\\\/haberkuzey.com\\\/index.php\\\/2026\\\/09\\\/06\\\/endonezyada-yanardag-patlamasinin-ardindan-cakartada-ucuslar-iptal-edildi\\\/\",\"url\":\"https:\\\/\\\/haberkuzey.com\\\/index.php\\\/2026\\\/09\\\/06\\\/endonezyada-yanardag-patlamasinin-ardindan-cakartada-ucuslar-iptal-edildi\\\/\",\"name\":\"Endonezya'da yanarda\u011f patlamas\u0131n\u0131n ard\u0131ndan Cakarta'da u\u00e7u\u015flar iptal edildi - Haber Kuzey\",\"isPartOf\":{\"@id\":\"https:\\\/\\\/haberkuzey.com\\\/#website\"},\"primaryImageOfPage\":{\"@id\":\"https:\\\/\\\/haberkuzey.com\\\/index.php\\\/2026\\\/09\\\/06\\\/endonezyada-yanardag-patlamasinin-ardindan-cakartada-ucuslar-iptal-edildi\\\/#primaryimage\"},\"image\":{\"@id\":\"https:\\\/\\\/haberkuzey.com\\\/index.php\\\/2026\\\/09\\\/06\\\/endonezyada-yanardag-patlamasinin-ardindan-cakartada-ucuslar-iptal-edildi\\\/#primaryimage\"},\"thumbnailUrl\":\"https:\\\/\\\/haberkuzey.com\\\/wp-content\\\/uploads\\\/2026\\\/09\\\/anak-krakatau-re-2487199.jpg\",\"datePublished\":\"2026-09-06T12:00:09+00:00\",\"author\":{\"@id\":\"https:\\\/\\\/haberkuzey.com\\\/#\\\/schema\\\/person\\\/3372109ec735f9333f4fa47ebb9605ca\"},\"breadcrumb\":{\"@id\":\"https:\\\/\\\/haberkuzey.com\\\/index.php\\\/2026\\\/09\\\/06\\\/endonezyada-yanardag-patlamasinin-ardindan-cakartada-ucuslar-iptal-edildi\\\/#breadcrumb\"},\"inLanguage\":\"tr\",\"potentialAction\":[{\"@type\":\"ReadAction\",\"target\":[\"https:\\\/\\\/haberkuzey.com\\\/index.php\\\/2026\\\/09\\\/06\\\/endonezyada-yanardag-patlamasinin-ardindan-cakartada-ucuslar-iptal-edildi\\\/\"]}]},{\"@type\":\"ImageObject\",\"inLanguage\":\"tr\",\"@id\":\"https:\\\/\\\/haberkuzey.com\\\/index.php\\\/2026\\\/09\\\/06\\\/endonezyada-yanardag-patlamasinin-ardindan-cakartada-ucuslar-iptal-edildi\\\/#primaryimage\",\"url\":\"https:\\\/\\\/haberkuzey.com\\\/wp-content\\\/uploads\\\/2026\\\/09\\\/anak-krakatau-re-2487199.jpg\",\"contentUrl\":\"https:\\\/\\\/haberkuzey.com\\\/wp-content\\\/uploads\\\/2026\\\/09\\\/anak-krakatau-re-2487199.jpg\",\"width\":1280,\"height\":720},{\"@type\":\"BreadcrumbList\",\"@id\":\"https:\\\/\\\/haberkuzey.com\\\/index.php\\\/2026\\\/09\\\/06\\\/endonezyada-yanardag-patlamasinin-ardindan-cakartada-ucuslar-iptal-edildi\\\/#breadcrumb\",\"itemListElement\":[{\"@type\":\"ListItem\",\"position\":1,\"name\":\"Anasayfa\",\"item\":\"https:\\\/\\\/haberkuzey.com\\\/\"},{\"@type\":\"ListItem\",\"position\":2,\"name\":\"Endonezya&#8217;da yanarda\u011f patlamas\u0131n\u0131n ard\u0131ndan Cakarta&#8217;da u\u00e7u\u015flar iptal edildi\"}]},{\"@type\":\"WebSite\",\"@id\":\"https:\\\/\\\/haberkuzey.com\\\/#website\",\"url\":\"https:\\\/\\\/haberkuzey.com\\\/\",\"name\":\"Haber Kuzey\",\"description\":\"Do\u011fru Haberin Adresi\",\"potentialAction\":[{\"@type\":\"SearchAction\",\"target\":{\"@type\":\"EntryPoint\",\"urlTemplate\":\"https:\\\/\\\/haberkuzey.com\\\/?s={search_term_string}\"},\"query-input\":{\"@type\":\"PropertyValueSpecification\",\"valueRequired\":true,\"valueName\":\"search_term_string\"}}],\"inLanguage\":\"tr\"},{\"@type\":\"Person\",\"@id\":\"https:\\\/\\\/haberkuzey.com\\\/#\\\/schema\\\/person\\\/3372109ec735f9333f4fa47ebb9605ca\",\"name\":\"haberkuzey\",\"image\":{\"@type\":\"ImageObject\",\"inLanguage\":\"tr\",\"@id\":\"https:\\\/\\\/secure.gravatar.com\\\/avatar\\\/f5fc875574b1575324358c3b9e6a32b8227aa5b74f3fa22e3cadb63e26fcc39c?s=96&d=mm&r=g\",\"url\":\"https:\\\/\\\/secure.gravatar.com\\\/avatar\\\/f5fc875574b1575324358c3b9e6a32b8227aa5b74f3fa22e3cadb63e26fcc39c?s=96&d=mm&r=g\",\"contentUrl\":\"https:\\\/\\\/secure.gravatar.com\\\/avatar\\\/f5fc875574b1575324358c3b9e6a32b8227aa5b74f3fa22e3cadb63e26fcc39c?s=96&d=mm&r=g\",\"caption\":\"haberkuzey\"},\"sameAs\":[\"https:\\\/\\\/haberkuzey.com\"],\"url\":\"https:\\\/\\\/haberkuzey.com\\\/index.php\\\/author\\\/haberkuzey\\\/\"}]}<\/script>\n<!-- \/ Yoast SEO plugin. -->","yoast_head_json":{"title":"Endonezya'da yanarda\u011f patlamas\u0131n\u0131n ard\u0131ndan Cakarta'da u\u00e7u\u015flar iptal edildi - Haber Kuzey","robots":{"index":"index","follow":"follow","max-snippet":"max-snippet:-1","max-image-preview":"max-image-preview:large","max-video-preview":"max-video-preview:-1"},"canonical":"https:\/\/haberkuzey.com\/index.php\/2026\/09\/06\/endonezyada-yanardag-patlamasinin-ardindan-cakartada-ucuslar-iptal-edildi\/","og_locale":"tr_TR","og_type":"article","og_title":"Endonezya'da yanarda\u011f patlamas\u0131n\u0131n ard\u0131ndan Cakarta'da u\u00e7u\u015flar iptal edildi - Haber Kuzey","og_description":"&#13; Endonezya Enerji ve Maden Kaynaklar\u0131 Bakanl\u0131\u011f\u0131na ba\u011fl\u0131 Jeoloji Ajans\u0131, Sunda Bo\u011faz\u0131&#8217;nda bulunan volkanik adan\u0131n cuma g\u00fcn\u00fcnden bu yana faaliyet belirtileri g\u00f6sterdi\u011fini ve bug\u00fcn saat 03.53&#8217;te 30 saniye s\u00fcren patlama meydana geldi\u011fini a\u00e7\u0131klad\u0131. &#13; Ajans\u0131n kapal\u0131 devre kamera g\u00f6r\u00fcnt\u00fclerinde yanarda\u011fda lav parlamalar\u0131n\u0131n g\u00f6r\u00fcld\u00fc\u011f\u00fc belirtildi. &#13; Olay\u0131n ard\u0131ndan herhangi bir can kayb\u0131 bildirilmedi ve tahliye duyurusu [&hellip;]","og_url":"https:\/\/haberkuzey.com\/index.php\/2026\/09\/06\/endonezyada-yanardag-patlamasinin-ardindan-cakartada-ucuslar-iptal-edildi\/","og_site_name":"Haber Kuzey","article_published_time":"2026-09-06T12:00:09+00:00","og_image":[{"url":"https:\/\/trthaberstatic.cdn.wp.trt.com.tr\/resimler\/2486000\/anak-krakatau-re-2487199.jpg","type":"","width":"","height":""}],"author":"haberkuzey","twitter_card":"summary_large_image","twitter_misc":{"Yazan:":"haberkuzey","Tahmini okuma s\u00fcresi":"1 dakika"},"schema":{"@context":"https:\/\/schema.org","@graph":[{"@type":"Article","@id":"https:\/\/haberkuzey.com\/index.php\/2026\/09\/06\/endonezyada-yanardag-patlamasinin-ardindan-cakartada-ucuslar-iptal-edildi\/#article","isPartOf":{"@id":"https:\/\/haberkuzey.com\/index.php\/2026\/09\/06\/endonezyada-yanardag-patlamasinin-ardindan-cakartada-ucuslar-iptal-edildi\/"},"author":{"name":"haberkuzey","@id":"https:\/\/haberkuzey.com\/#\/schema\/person\/3372109ec735f9333f4fa47ebb9605ca"},"headline":"Endonezya&#8217;da yanarda\u011f patlamas\u0131n\u0131n ard\u0131ndan Cakarta&#8217;da u\u00e7u\u015flar iptal edildi","datePublished":"2026-09-06T12:00:09+00:00","mainEntityOfPage":{"@id":"https:\/\/haberkuzey.com\/index.php\/2026\/09\/06\/endonezyada-yanardag-patlamasinin-ardindan-cakartada-ucuslar-iptal-edildi\/"},"wordCount":264,"commentCount":0,"image":{"@id":"https:\/\/haberkuzey.com\/index.php\/2026\/09\/06\/endonezyada-yanardag-patlamasinin-ardindan-cakartada-ucuslar-iptal-edildi\/#primaryimage"},"thumbnailUrl":"https:\/\/haberkuzey.com\/wp-content\/uploads\/2026\/09\/anak-krakatau-re-2487199.jpg","articleSection":["D\u00fcnya"],"inLanguage":"tr","potentialAction":[{"@type":"CommentAction","name":"Comment","target":["https:\/\/haberkuzey.com\/index.php\/2026\/09\/06\/endonezyada-yanardag-patlamasinin-ardindan-cakartada-ucuslar-iptal-edildi\/#respond"]}]},{"@type":"WebPage","@id":"https:\/\/haberkuzey.com\/index.php\/2026\/09\/06\/endonezyada-yanardag-patlamasinin-ardindan-cakartada-ucuslar-iptal-edildi\/","url":"https:\/\/haberkuzey.com\/index.php\/2026\/09\/06\/endonezyada-yanardag-patlamasinin-ardindan-cakartada-ucuslar-iptal-edildi\/","name":"Endonezya'da yanarda\u011f patlamas\u0131n\u0131n ard\u0131ndan Cakarta'da u\u00e7u\u015flar iptal edildi - Haber Kuzey","isPartOf":{"@id":"https:\/\/haberkuzey.com\/#website"},"primaryImageOfPage":{"@id":"https:\/\/haberkuzey.com\/index.php\/2026\/09\/06\/endonezyada-yanardag-patlamasinin-ardindan-cakartada-ucuslar-iptal-edildi\/#primaryimage"},"image":{"@id":"https:\/\/haberkuzey.com\/index.php\/2026\/09\/06\/endonezyada-yanardag-patlamasinin-ardindan-cakartada-ucuslar-iptal-edildi\/#primaryimage"},"thumbnailUrl":"https:\/\/haberkuzey.com\/wp-content\/uploads\/2026\/09\/anak-krakatau-re-2487199.jpg","datePublished":"2026-09-06T12:00:09+00:00","author":{"@id":"https:\/\/haberkuzey.com\/#\/schema\/person\/3372109ec735f9333f4fa47ebb9605ca"},"breadcrumb":{"@id":"https:\/\/haberkuzey.com\/index.php\/2026\/09\/06\/endonezyada-yanardag-patlamasinin-ardindan-cakartada-ucuslar-iptal-edildi\/#breadcrumb"},"inLanguage":"tr","potentialAction":[{"@type":"ReadAction","target":["https:\/\/haberkuzey.com\/index.php\/2026\/09\/06\/endonezyada-yanardag-patlamasinin-ardindan-cakartada-ucuslar-iptal-edildi\/"]}]},{"@type":"ImageObject","inLanguage":"tr","@id":"https:\/\/haberkuzey.com\/index.php\/2026\/09\/06\/endonezyada-yanardag-patlamasinin-ardindan-cakartada-ucuslar-iptal-edildi\/#primaryimage","url":"https:\/\/haberkuzey.com\/wp-content\/uploads\/2026\/09\/anak-krakatau-re-2487199.jpg","contentUrl":"https:\/\/haberkuzey.com\/wp-content\/uploads\/2026\/09\/anak-krakatau-re-2487199.jpg","width":1280,"height":720},{"@type":"BreadcrumbList","@id":"https:\/\/haberkuzey.com\/index.php\/2026\/09\/06\/endonezyada-yanardag-patlamasinin-ardindan-cakartada-ucuslar-iptal-edildi\/#breadcrumb","itemListElement":[{"@type":"ListItem","position":1,"name":"Anasayfa","item":"https:\/\/haberkuzey.com\/"},{"@type":"ListItem","position":2,"name":"Endonezya&#8217;da yanarda\u011f patlamas\u0131n\u0131n ard\u0131ndan Cakarta&#8217;da u\u00e7u\u015flar iptal edildi"}]},{"@type":"WebSite","@id":"https:\/\/haberkuzey.com\/#website","url":"https:\/\/haberkuzey.com\/","name":"Haber Kuzey","description":"Do\u011fru Haberin Adresi","potentialAction":[{"@type":"SearchAction","target":{"@type":"EntryPoint","urlTemplate":"https:\/\/haberkuzey.com\/?s={search_term_string}"},"query-input":{"@type":"PropertyValueSpecification","valueRequired":true,"valueName":"search_term_string"}}],"inLanguage":"tr"},{"@type":"Person","@id":"https:\/\/haberkuzey.com\/#\/schema\/person\/3372109ec735f9333f4fa47ebb9605ca","name":"haberkuzey","image":{"@type":"ImageObject","inLanguage":"tr","@id":"https:\/\/secure.gravatar.com\/avatar\/f5fc875574b1575324358c3b9e6a32b8227aa5b74f3fa22e3cadb63e26fcc39c?s=96&d=mm&r=g","url":"https:\/\/secure.gravatar.com\/avatar\/f5fc875574b1575324358c3b9e6a32b8227aa5b74f3fa22e3cadb63e26fcc39c?s=96&d=mm&r=g","contentUrl":"https:\/\/secure.gravatar.com\/avatar\/f5fc875574b1575324358c3b9e6a32b8227aa5b74f3fa22e3cadb63e26fcc39c?s=96&d=mm&r=g","caption":"haberkuzey"},"sameAs":["https:\/\/haberkuzey.com"],"url":"https:\/\/haberkuzey.com\/index.php\/author\/haberkuzey\/"}]}},"_links":{"self":[{"href":"https:\/\/haberkuzey.com\/index.php\/wp-json\/wp\/v2\/posts\/46506","targetHints":{"allow":["GET"]}}],"collection":[{"href":"https:\/\/haberkuzey.com\/index.php\/wp-json\/wp\/v2\/posts"}],"about":[{"href":"https:\/\/haberkuzey.com\/index.php\/wp-json\/wp\/v2\/types\/post"}],"author":[{"embeddable":true,"href":"https:\/\/haberkuzey.com\/index.php\/wp-json\/wp\/v2\/users\/1"}],"replies":[{"embeddable":true,"href":"https:\/\/haberkuzey.com\/index.php\/wp-json\/wp\/v2\/comments?post=46506"}],"version-history":[{"count":0,"href":"https:\/\/haberkuzey.com\/index.php\/wp-json\/wp\/v2\/posts\/46506\/revisions"}],"wp:featuredmedia":[{"embeddable":true,"href":"https:\/\/haberkuzey.com\/index.php\/wp-json\/wp\/v2\/media\/46507"}],"wp:attachment":[{"href":"https:\/\/haberkuzey.com\/index.php\/wp-json\/wp\/v2\/media?parent=46506"}],"wp:term":[{"taxonomy":"category","embeddable":true,"href":"https:\/\/haberkuzey.com\/index.php\/wp-json\/wp\/v2\/categories?post=46506"},{"taxonomy":"post_tag","embeddable":true,"href":"https:\/\/haberkuzey.com\/index.php\/wp-json\/wp\/v2\/tags?post=46506"}],"curies":[{"name":"wp","href":"https:\/\/api.w.org\/{rel}","templated":true}]}}