{"id":46494,"date":"2026-09-05T21:43:03","date_gmt":"2026-09-05T18:43:03","guid":{"rendered":"https:\/\/haberkuzey.com\/index.php\/2026\/09\/05\/italya-basbakani-meloniden-cumhurbaskani-erdogana-tesekkur\/"},"modified":"2026-09-05T21:43:03","modified_gmt":"2026-09-05T18:43:03","slug":"italya-basbakani-meloniden-cumhurbaskani-erdogana-tesekkur","status":"publish","type":"post","link":"https:\/\/haberkuzey.com\/index.php\/2026\/09\/05\/italya-basbakani-meloniden-cumhurbaskani-erdogana-tesekkur\/","title":{"rendered":"\u0130talya Ba\u015fbakan\u0131 Meloni&#8217;den Cumhurba\u015fkan\u0131 Erdo\u011fan&#8217;a te\u015fekk\u00fcr"},"content":{"rendered":"<p><\/p>\n<div>\n<p>&#13;<br \/>\n\t1946&#8217;dan bu yana cumhuriyetle y\u00f6netilen \u0130talya&#8217;da 2022&#8217;den beri iktidarda olan Meloni, liderlik etti\u011fi h\u00fck\u00fcmetin \u00fclke tarihinin en uzun \u00f6m\u00fcrl\u00fc h\u00fck\u00fcmeti olarak d\u00fcn tarihe ge\u00e7mesi dolay\u0131s\u0131yla \u200b\u200b\u200b\u200b\u200b\u200b\u200bd\u00fcnya liderlerinden gelen tebrik mesajlar\u0131na tek tek yan\u0131t verdi.<\/p>\n<p>&#13;<br \/>\n\tBa\u015fbakan Meloni, kendisini tebrik eden Cumhurba\u015fkan\u0131 Erdo\u011fan i\u00e7in sosyal medya hesab\u0131ndan payla\u015ft\u0131\u011f\u0131 mesajda\u200b\u200b\u200b\u200b\u200b\u200b\u200b, &#8220;Cumhurba\u015fkan\u0131 Erdo\u011fan, bu \u00f6nemli d\u00f6n\u00fcm noktas\u0131 dolay\u0131s\u0131yla g\u00f6nderdi\u011finiz mesaj\u0131 ve tebriklerinizi almaktan memnuniyet duydum.&#8221; ifadesini kulland\u0131.<\/p>\n<p>&#13;<br \/>\n\tMeloni, mesaj\u0131nda \u015funlar\u0131 kaydetti:<\/p>\n<p>&#13;<br \/>\n\t<em>&#8220;\u0130talya ve T\u00fcrkiye, tarihi ba\u011flar ve ortak \u00e7\u0131karlarla birbirine ba\u011fl\u0131d\u0131r, bu da uluslar\u0131m\u0131z aras\u0131nda diyalo\u011fu ve i\u015f birli\u011fini geli\u015ftirmeye devam etmeyi \u00f6nemli k\u0131lmaktad\u0131r. Son y\u0131llarda Roma ile Ankara aras\u0131ndaki ili\u015fkileri g\u00fc\u00e7lendirdik, ortak \u00e7\u0131karlar\u0131m\u0131z\u0131 ilgilendiren dosyalar ve Akdeniz, g\u00fcvenlik ve b\u00f6lgesel istikrar\u0131 ilgilendiren ba\u015fl\u0131ca s\u0131namalar \u00fczerinde \u00e7al\u0131\u015ft\u0131k. Bu s\u00fcrecin somut ad\u0131mlarla devam edebilece\u011fine ve halklar\u0131m\u0131z\u0131n \u00e7\u0131karlar\u0131 do\u011frultusunda yeni i\u015f birli\u011fi f\u0131rsatlar\u0131 yaratabilece\u011fine eminim.&#8221;<\/em><\/p>\n<p>&#13;<br \/>\n\tCumhurba\u015fkan\u0131 Erdo\u011fan, d\u00fcn ak\u015fam sosyal medya hesaplar\u0131ndan yapt\u0131\u011f\u0131 payla\u015f\u0131mda, &#8220;\u0130talya Cumhuriyeti&#8217;nin &#8216;en uzun s\u00fcre g\u00f6revde kalan ba\u015fbakan\u0131&#8217; \u00fcnvan\u0131n\u0131 elde eden Say\u0131n Giorgia Meloni&#8217;yi y\u00fcrekten tebrik ediyorum. Say\u0131n Giorgia Meloni ile \u00fclkelerimiz aras\u0131ndaki i\u015fbirli\u011fi ve dayan\u0131\u015fmay\u0131 her ge\u00e7en g\u00fcn daha da g\u00fc\u00e7lendirece\u011fimize y\u00fcrekten inan\u0131yorum.&#8221; ifadesini kullanm\u0131\u015ft\u0131.<\/p>\n<\/p><\/div>\n","protected":false},"excerpt":{"rendered":"<p>&#13; 1946&#8217;dan bu yana cumhuriyetle y\u00f6netilen \u0130talya&#8217;da 2022&#8217;den beri iktidarda olan Meloni, liderlik etti\u011fi h\u00fck\u00fcmetin \u00fclke tarihinin en uzun \u00f6m\u00fcrl\u00fc h\u00fck\u00fcmeti olarak d\u00fcn tarihe ge\u00e7mesi dolay\u0131s\u0131yla \u200b\u200b\u200b\u200b\u200b\u200b\u200bd\u00fcnya liderlerinden gelen tebrik mesajlar\u0131na tek tek yan\u0131t verdi. &#13; Ba\u015fbakan Meloni, kendisini tebrik eden Cumhurba\u015fkan\u0131 Erdo\u011fan i\u00e7in sosyal medya hesab\u0131ndan payla\u015ft\u0131\u011f\u0131 mesajda\u200b\u200b\u200b\u200b\u200b\u200b\u200b, &#8220;Cumhurba\u015fkan\u0131 Erdo\u011fan, bu \u00f6nemli d\u00f6n\u00fcm noktas\u0131 [&hellip;]<\/p>\n","protected":false},"author":1,"featured_media":46495,"comment_status":"open","ping_status":"open","sticky":false,"template":"","format":"standard","meta":{"jnews-multi-image_gallery":[],"jnews_single_post":[],"jnews_primary_category":[],"footnotes":""},"categories":[2],"tags":[],"class_list":["post-46494","post","type-post","status-publish","format-standard","has-post-thumbnail","hentry","category-dunya"],"yoast_head":"<!-- This site is optimized with the Yoast SEO plugin v28.4 - https:\/\/yoast.com\/product\/yoast-seo-wordpress\/ -->\n<title>\u0130talya Ba\u015fbakan\u0131 Meloni&#039;den Cumhurba\u015fkan\u0131 Erdo\u011fan&#039;a te\u015fekk\u00fcr - Haber Kuzey<\/title>\n<meta name=\"robots\" content=\"index, follow, max-snippet:-1, max-image-preview:large, max-video-preview:-1\" \/>\n<link rel=\"canonical\" href=\"https:\/\/haberkuzey.com\/index.php\/2026\/09\/05\/italya-basbakani-meloniden-cumhurbaskani-erdogana-tesekkur\/\" \/>\n<meta property=\"og:locale\" content=\"tr_TR\" \/>\n<meta property=\"og:type\" content=\"article\" \/>\n<meta property=\"og:title\" content=\"\u0130talya Ba\u015fbakan\u0131 Meloni&#039;den Cumhurba\u015fkan\u0131 Erdo\u011fan&#039;a te\u015fekk\u00fcr - Haber Kuzey\" \/>\n<meta property=\"og:description\" content=\"&#013; 1946&#8217;dan bu yana cumhuriyetle y\u00f6netilen \u0130talya&#8217;da 2022&#8217;den beri iktidarda olan Meloni, liderlik etti\u011fi h\u00fck\u00fcmetin \u00fclke tarihinin en uzun \u00f6m\u00fcrl\u00fc h\u00fck\u00fcmeti olarak d\u00fcn tarihe ge\u00e7mesi dolay\u0131s\u0131yla \u200b\u200b\u200b\u200b\u200b\u200b\u200bd\u00fcnya liderlerinden gelen tebrik mesajlar\u0131na tek tek yan\u0131t verdi. &#013; Ba\u015fbakan Meloni, kendisini tebrik eden Cumhurba\u015fkan\u0131 Erdo\u011fan i\u00e7in sosyal medya hesab\u0131ndan payla\u015ft\u0131\u011f\u0131 mesajda\u200b\u200b\u200b\u200b\u200b\u200b\u200b, &#8220;Cumhurba\u015fkan\u0131 Erdo\u011fan, bu \u00f6nemli d\u00f6n\u00fcm noktas\u0131 [&hellip;]\" \/>\n<meta property=\"og:url\" content=\"https:\/\/haberkuzey.com\/index.php\/2026\/09\/05\/italya-basbakani-meloniden-cumhurbaskani-erdogana-tesekkur\/\" \/>\n<meta property=\"og:site_name\" content=\"Haber Kuzey\" \/>\n<meta property=\"article:published_time\" content=\"2026-09-05T18:43:03+00:00\" \/>\n<meta property=\"og:image\" content=\"https:\/\/trthaberstatic.cdn.wp.trt.com.tr\/resimler\/2474000\/erdogan-meloni-aa-2474895.jpg\" \/>\n<meta name=\"author\" content=\"haberkuzey\" \/>\n<meta name=\"twitter:card\" content=\"summary_large_image\" \/>\n<meta name=\"twitter:label1\" content=\"Yazan:\" \/>\n\t<meta name=\"twitter:data1\" content=\"haberkuzey\" \/>\n\t<meta name=\"twitter:label2\" content=\"Tahmini okuma s\u00fcresi\" \/>\n\t<meta name=\"twitter:data2\" content=\"1 dakika\" \/>\n<script type=\"application\/ld+json\" class=\"yoast-schema-graph\">{\"@context\":\"https:\\\/\\\/schema.org\",\"@graph\":[{\"@type\":\"Article\",\"@id\":\"https:\\\/\\\/haberkuzey.com\\\/index.php\\\/2026\\\/09\\\/05\\\/italya-basbakani-meloniden-cumhurbaskani-erdogana-tesekkur\\\/#article\",\"isPartOf\":{\"@id\":\"https:\\\/\\\/haberkuzey.com\\\/index.php\\\/2026\\\/09\\\/05\\\/italya-basbakani-meloniden-cumhurbaskani-erdogana-tesekkur\\\/\"},\"author\":{\"name\":\"haberkuzey\",\"@id\":\"https:\\\/\\\/haberkuzey.com\\\/#\\\/schema\\\/person\\\/3372109ec735f9333f4fa47ebb9605ca\"},\"headline\":\"\u0130talya Ba\u015fbakan\u0131 Meloni&#8217;den Cumhurba\u015fkan\u0131 Erdo\u011fan&#8217;a te\u015fekk\u00fcr\",\"datePublished\":\"2026-09-05T18:43:03+00:00\",\"mainEntityOfPage\":{\"@id\":\"https:\\\/\\\/haberkuzey.com\\\/index.php\\\/2026\\\/09\\\/05\\\/italya-basbakani-meloniden-cumhurbaskani-erdogana-tesekkur\\\/\"},\"wordCount\":279,\"commentCount\":0,\"image\":{\"@id\":\"https:\\\/\\\/haberkuzey.com\\\/index.php\\\/2026\\\/09\\\/05\\\/italya-basbakani-meloniden-cumhurbaskani-erdogana-tesekkur\\\/#primaryimage\"},\"thumbnailUrl\":\"https:\\\/\\\/haberkuzey.com\\\/wp-content\\\/uploads\\\/2026\\\/09\\\/erdogan-meloni-aa-2474895.jpg\",\"articleSection\":[\"D\u00fcnya\"],\"inLanguage\":\"tr\",\"potentialAction\":[{\"@type\":\"CommentAction\",\"name\":\"Comment\",\"target\":[\"https:\\\/\\\/haberkuzey.com\\\/index.php\\\/2026\\\/09\\\/05\\\/italya-basbakani-meloniden-cumhurbaskani-erdogana-tesekkur\\\/#respond\"]}]},{\"@type\":\"WebPage\",\"@id\":\"https:\\\/\\\/haberkuzey.com\\\/index.php\\\/2026\\\/09\\\/05\\\/italya-basbakani-meloniden-cumhurbaskani-erdogana-tesekkur\\\/\",\"url\":\"https:\\\/\\\/haberkuzey.com\\\/index.php\\\/2026\\\/09\\\/05\\\/italya-basbakani-meloniden-cumhurbaskani-erdogana-tesekkur\\\/\",\"name\":\"\u0130talya Ba\u015fbakan\u0131 Meloni'den Cumhurba\u015fkan\u0131 Erdo\u011fan'a te\u015fekk\u00fcr - Haber Kuzey\",\"isPartOf\":{\"@id\":\"https:\\\/\\\/haberkuzey.com\\\/#website\"},\"primaryImageOfPage\":{\"@id\":\"https:\\\/\\\/haberkuzey.com\\\/index.php\\\/2026\\\/09\\\/05\\\/italya-basbakani-meloniden-cumhurbaskani-erdogana-tesekkur\\\/#primaryimage\"},\"image\":{\"@id\":\"https:\\\/\\\/haberkuzey.com\\\/index.php\\\/2026\\\/09\\\/05\\\/italya-basbakani-meloniden-cumhurbaskani-erdogana-tesekkur\\\/#primaryimage\"},\"thumbnailUrl\":\"https:\\\/\\\/haberkuzey.com\\\/wp-content\\\/uploads\\\/2026\\\/09\\\/erdogan-meloni-aa-2474895.jpg\",\"datePublished\":\"2026-09-05T18:43:03+00:00\",\"author\":{\"@id\":\"https:\\\/\\\/haberkuzey.com\\\/#\\\/schema\\\/person\\\/3372109ec735f9333f4fa47ebb9605ca\"},\"breadcrumb\":{\"@id\":\"https:\\\/\\\/haberkuzey.com\\\/index.php\\\/2026\\\/09\\\/05\\\/italya-basbakani-meloniden-cumhurbaskani-erdogana-tesekkur\\\/#breadcrumb\"},\"inLanguage\":\"tr\",\"potentialAction\":[{\"@type\":\"ReadAction\",\"target\":[\"https:\\\/\\\/haberkuzey.com\\\/index.php\\\/2026\\\/09\\\/05\\\/italya-basbakani-meloniden-cumhurbaskani-erdogana-tesekkur\\\/\"]}]},{\"@type\":\"ImageObject\",\"inLanguage\":\"tr\",\"@id\":\"https:\\\/\\\/haberkuzey.com\\\/index.php\\\/2026\\\/09\\\/05\\\/italya-basbakani-meloniden-cumhurbaskani-erdogana-tesekkur\\\/#primaryimage\",\"url\":\"https:\\\/\\\/haberkuzey.com\\\/wp-content\\\/uploads\\\/2026\\\/09\\\/erdogan-meloni-aa-2474895.jpg\",\"contentUrl\":\"https:\\\/\\\/haberkuzey.com\\\/wp-content\\\/uploads\\\/2026\\\/09\\\/erdogan-meloni-aa-2474895.jpg\",\"width\":1280,\"height\":720},{\"@type\":\"BreadcrumbList\",\"@id\":\"https:\\\/\\\/haberkuzey.com\\\/index.php\\\/2026\\\/09\\\/05\\\/italya-basbakani-meloniden-cumhurbaskani-erdogana-tesekkur\\\/#breadcrumb\",\"itemListElement\":[{\"@type\":\"ListItem\",\"position\":1,\"name\":\"Anasayfa\",\"item\":\"https:\\\/\\\/haberkuzey.com\\\/\"},{\"@type\":\"ListItem\",\"position\":2,\"name\":\"\u0130talya Ba\u015fbakan\u0131 Meloni&#8217;den Cumhurba\u015fkan\u0131 Erdo\u011fan&#8217;a te\u015fekk\u00fcr\"}]},{\"@type\":\"WebSite\",\"@id\":\"https:\\\/\\\/haberkuzey.com\\\/#website\",\"url\":\"https:\\\/\\\/haberkuzey.com\\\/\",\"name\":\"Haber Kuzey\",\"description\":\"Do\u011fru Haberin Adresi\",\"potentialAction\":[{\"@type\":\"SearchAction\",\"target\":{\"@type\":\"EntryPoint\",\"urlTemplate\":\"https:\\\/\\\/haberkuzey.com\\\/?s={search_term_string}\"},\"query-input\":{\"@type\":\"PropertyValueSpecification\",\"valueRequired\":true,\"valueName\":\"search_term_string\"}}],\"inLanguage\":\"tr\"},{\"@type\":\"Person\",\"@id\":\"https:\\\/\\\/haberkuzey.com\\\/#\\\/schema\\\/person\\\/3372109ec735f9333f4fa47ebb9605ca\",\"name\":\"haberkuzey\",\"image\":{\"@type\":\"ImageObject\",\"inLanguage\":\"tr\",\"@id\":\"https:\\\/\\\/secure.gravatar.com\\\/avatar\\\/f5fc875574b1575324358c3b9e6a32b8227aa5b74f3fa22e3cadb63e26fcc39c?s=96&d=mm&r=g\",\"url\":\"https:\\\/\\\/secure.gravatar.com\\\/avatar\\\/f5fc875574b1575324358c3b9e6a32b8227aa5b74f3fa22e3cadb63e26fcc39c?s=96&d=mm&r=g\",\"contentUrl\":\"https:\\\/\\\/secure.gravatar.com\\\/avatar\\\/f5fc875574b1575324358c3b9e6a32b8227aa5b74f3fa22e3cadb63e26fcc39c?s=96&d=mm&r=g\",\"caption\":\"haberkuzey\"},\"sameAs\":[\"https:\\\/\\\/haberkuzey.com\"],\"url\":\"https:\\\/\\\/haberkuzey.com\\\/index.php\\\/author\\\/haberkuzey\\\/\"}]}<\/script>\n<!-- \/ Yoast SEO plugin. -->","yoast_head_json":{"title":"\u0130talya Ba\u015fbakan\u0131 Meloni'den Cumhurba\u015fkan\u0131 Erdo\u011fan'a te\u015fekk\u00fcr - Haber Kuzey","robots":{"index":"index","follow":"follow","max-snippet":"max-snippet:-1","max-image-preview":"max-image-preview:large","max-video-preview":"max-video-preview:-1"},"canonical":"https:\/\/haberkuzey.com\/index.php\/2026\/09\/05\/italya-basbakani-meloniden-cumhurbaskani-erdogana-tesekkur\/","og_locale":"tr_TR","og_type":"article","og_title":"\u0130talya Ba\u015fbakan\u0131 Meloni'den Cumhurba\u015fkan\u0131 Erdo\u011fan'a te\u015fekk\u00fcr - Haber Kuzey","og_description":"&#13; 1946&#8217;dan bu yana cumhuriyetle y\u00f6netilen \u0130talya&#8217;da 2022&#8217;den beri iktidarda olan Meloni, liderlik etti\u011fi h\u00fck\u00fcmetin \u00fclke tarihinin en uzun \u00f6m\u00fcrl\u00fc h\u00fck\u00fcmeti olarak d\u00fcn tarihe ge\u00e7mesi dolay\u0131s\u0131yla \u200b\u200b\u200b\u200b\u200b\u200b\u200bd\u00fcnya liderlerinden gelen tebrik mesajlar\u0131na tek tek yan\u0131t verdi. &#13; Ba\u015fbakan Meloni, kendisini tebrik eden Cumhurba\u015fkan\u0131 Erdo\u011fan i\u00e7in sosyal medya hesab\u0131ndan payla\u015ft\u0131\u011f\u0131 mesajda\u200b\u200b\u200b\u200b\u200b\u200b\u200b, &#8220;Cumhurba\u015fkan\u0131 Erdo\u011fan, bu \u00f6nemli d\u00f6n\u00fcm noktas\u0131 [&hellip;]","og_url":"https:\/\/haberkuzey.com\/index.php\/2026\/09\/05\/italya-basbakani-meloniden-cumhurbaskani-erdogana-tesekkur\/","og_site_name":"Haber Kuzey","article_published_time":"2026-09-05T18:43:03+00:00","og_image":[{"url":"https:\/\/trthaberstatic.cdn.wp.trt.com.tr\/resimler\/2474000\/erdogan-meloni-aa-2474895.jpg","type":"","width":"","height":""}],"author":"haberkuzey","twitter_card":"summary_large_image","twitter_misc":{"Yazan:":"haberkuzey","Tahmini okuma s\u00fcresi":"1 dakika"},"schema":{"@context":"https:\/\/schema.org","@graph":[{"@type":"Article","@id":"https:\/\/haberkuzey.com\/index.php\/2026\/09\/05\/italya-basbakani-meloniden-cumhurbaskani-erdogana-tesekkur\/#article","isPartOf":{"@id":"https:\/\/haberkuzey.com\/index.php\/2026\/09\/05\/italya-basbakani-meloniden-cumhurbaskani-erdogana-tesekkur\/"},"author":{"name":"haberkuzey","@id":"https:\/\/haberkuzey.com\/#\/schema\/person\/3372109ec735f9333f4fa47ebb9605ca"},"headline":"\u0130talya Ba\u015fbakan\u0131 Meloni&#8217;den Cumhurba\u015fkan\u0131 Erdo\u011fan&#8217;a te\u015fekk\u00fcr","datePublished":"2026-09-05T18:43:03+00:00","mainEntityOfPage":{"@id":"https:\/\/haberkuzey.com\/index.php\/2026\/09\/05\/italya-basbakani-meloniden-cumhurbaskani-erdogana-tesekkur\/"},"wordCount":279,"commentCount":0,"image":{"@id":"https:\/\/haberkuzey.com\/index.php\/2026\/09\/05\/italya-basbakani-meloniden-cumhurbaskani-erdogana-tesekkur\/#primaryimage"},"thumbnailUrl":"https:\/\/haberkuzey.com\/wp-content\/uploads\/2026\/09\/erdogan-meloni-aa-2474895.jpg","articleSection":["D\u00fcnya"],"inLanguage":"tr","potentialAction":[{"@type":"CommentAction","name":"Comment","target":["https:\/\/haberkuzey.com\/index.php\/2026\/09\/05\/italya-basbakani-meloniden-cumhurbaskani-erdogana-tesekkur\/#respond"]}]},{"@type":"WebPage","@id":"https:\/\/haberkuzey.com\/index.php\/2026\/09\/05\/italya-basbakani-meloniden-cumhurbaskani-erdogana-tesekkur\/","url":"https:\/\/haberkuzey.com\/index.php\/2026\/09\/05\/italya-basbakani-meloniden-cumhurbaskani-erdogana-tesekkur\/","name":"\u0130talya Ba\u015fbakan\u0131 Meloni'den Cumhurba\u015fkan\u0131 Erdo\u011fan'a te\u015fekk\u00fcr - Haber Kuzey","isPartOf":{"@id":"https:\/\/haberkuzey.com\/#website"},"primaryImageOfPage":{"@id":"https:\/\/haberkuzey.com\/index.php\/2026\/09\/05\/italya-basbakani-meloniden-cumhurbaskani-erdogana-tesekkur\/#primaryimage"},"image":{"@id":"https:\/\/haberkuzey.com\/index.php\/2026\/09\/05\/italya-basbakani-meloniden-cumhurbaskani-erdogana-tesekkur\/#primaryimage"},"thumbnailUrl":"https:\/\/haberkuzey.com\/wp-content\/uploads\/2026\/09\/erdogan-meloni-aa-2474895.jpg","datePublished":"2026-09-05T18:43:03+00:00","author":{"@id":"https:\/\/haberkuzey.com\/#\/schema\/person\/3372109ec735f9333f4fa47ebb9605ca"},"breadcrumb":{"@id":"https:\/\/haberkuzey.com\/index.php\/2026\/09\/05\/italya-basbakani-meloniden-cumhurbaskani-erdogana-tesekkur\/#breadcrumb"},"inLanguage":"tr","potentialAction":[{"@type":"ReadAction","target":["https:\/\/haberkuzey.com\/index.php\/2026\/09\/05\/italya-basbakani-meloniden-cumhurbaskani-erdogana-tesekkur\/"]}]},{"@type":"ImageObject","inLanguage":"tr","@id":"https:\/\/haberkuzey.com\/index.php\/2026\/09\/05\/italya-basbakani-meloniden-cumhurbaskani-erdogana-tesekkur\/#primaryimage","url":"https:\/\/haberkuzey.com\/wp-content\/uploads\/2026\/09\/erdogan-meloni-aa-2474895.jpg","contentUrl":"https:\/\/haberkuzey.com\/wp-content\/uploads\/2026\/09\/erdogan-meloni-aa-2474895.jpg","width":1280,"height":720},{"@type":"BreadcrumbList","@id":"https:\/\/haberkuzey.com\/index.php\/2026\/09\/05\/italya-basbakani-meloniden-cumhurbaskani-erdogana-tesekkur\/#breadcrumb","itemListElement":[{"@type":"ListItem","position":1,"name":"Anasayfa","item":"https:\/\/haberkuzey.com\/"},{"@type":"ListItem","position":2,"name":"\u0130talya Ba\u015fbakan\u0131 Meloni&#8217;den Cumhurba\u015fkan\u0131 Erdo\u011fan&#8217;a te\u015fekk\u00fcr"}]},{"@type":"WebSite","@id":"https:\/\/haberkuzey.com\/#website","url":"https:\/\/haberkuzey.com\/","name":"Haber Kuzey","description":"Do\u011fru Haberin Adresi","potentialAction":[{"@type":"SearchAction","target":{"@type":"EntryPoint","urlTemplate":"https:\/\/haberkuzey.com\/?s={search_term_string}"},"query-input":{"@type":"PropertyValueSpecification","valueRequired":true,"valueName":"search_term_string"}}],"inLanguage":"tr"},{"@type":"Person","@id":"https:\/\/haberkuzey.com\/#\/schema\/person\/3372109ec735f9333f4fa47ebb9605ca","name":"haberkuzey","image":{"@type":"ImageObject","inLanguage":"tr","@id":"https:\/\/secure.gravatar.com\/avatar\/f5fc875574b1575324358c3b9e6a32b8227aa5b74f3fa22e3cadb63e26fcc39c?s=96&d=mm&r=g","url":"https:\/\/secure.gravatar.com\/avatar\/f5fc875574b1575324358c3b9e6a32b8227aa5b74f3fa22e3cadb63e26fcc39c?s=96&d=mm&r=g","contentUrl":"https:\/\/secure.gravatar.com\/avatar\/f5fc875574b1575324358c3b9e6a32b8227aa5b74f3fa22e3cadb63e26fcc39c?s=96&d=mm&r=g","caption":"haberkuzey"},"sameAs":["https:\/\/haberkuzey.com"],"url":"https:\/\/haberkuzey.com\/index.php\/author\/haberkuzey\/"}]}},"_links":{"self":[{"href":"https:\/\/haberkuzey.com\/index.php\/wp-json\/wp\/v2\/posts\/46494","targetHints":{"allow":["GET"]}}],"collection":[{"href":"https:\/\/haberkuzey.com\/index.php\/wp-json\/wp\/v2\/posts"}],"about":[{"href":"https:\/\/haberkuzey.com\/index.php\/wp-json\/wp\/v2\/types\/post"}],"author":[{"embeddable":true,"href":"https:\/\/haberkuzey.com\/index.php\/wp-json\/wp\/v2\/users\/1"}],"replies":[{"embeddable":true,"href":"https:\/\/haberkuzey.com\/index.php\/wp-json\/wp\/v2\/comments?post=46494"}],"version-history":[{"count":0,"href":"https:\/\/haberkuzey.com\/index.php\/wp-json\/wp\/v2\/posts\/46494\/revisions"}],"wp:featuredmedia":[{"embeddable":true,"href":"https:\/\/haberkuzey.com\/index.php\/wp-json\/wp\/v2\/media\/46495"}],"wp:attachment":[{"href":"https:\/\/haberkuzey.com\/index.php\/wp-json\/wp\/v2\/media?parent=46494"}],"wp:term":[{"taxonomy":"category","embeddable":true,"href":"https:\/\/haberkuzey.com\/index.php\/wp-json\/wp\/v2\/categories?post=46494"},{"taxonomy":"post_tag","embeddable":true,"href":"https:\/\/haberkuzey.com\/index.php\/wp-json\/wp\/v2\/tags?post=46494"}],"curies":[{"name":"wp","href":"https:\/\/api.w.org\/{rel}","templated":true}]}}