{"id":46483,"date":"2026-09-05T14:36:03","date_gmt":"2026-09-05T11:36:03","guid":{"rendered":"https:\/\/haberkuzey.com\/index.php\/2026\/09\/05\/fransa-belediye-baskanlari-dernegine-yonelik-siber-saldirida-100-binden-fazla-veri-ele-gecirildi\/"},"modified":"2026-09-05T14:36:03","modified_gmt":"2026-09-05T11:36:03","slug":"fransa-belediye-baskanlari-dernegine-yonelik-siber-saldirida-100-binden-fazla-veri-ele-gecirildi","status":"publish","type":"post","link":"https:\/\/haberkuzey.com\/index.php\/2026\/09\/05\/fransa-belediye-baskanlari-dernegine-yonelik-siber-saldirida-100-binden-fazla-veri-ele-gecirildi\/","title":{"rendered":"Fransa Belediye Ba\u015fkanlar\u0131 Derne\u011fine y\u00f6nelik siber sald\u0131r\u0131da 100 binden fazla veri ele ge\u00e7irildi"},"content":{"rendered":"<p><\/p>\n<div>\n<p>&#13;<br \/>\n\tFransa&#8217;daki siber sald\u0131r\u0131lar\u0131 belgeleyen French Breaches sitesinin a\u00e7\u0131klamas\u0131na g\u00f6re, Fransa Belediye Ba\u015fkanlar\u0131 Derne\u011fine y\u00f6nelik siber sald\u0131r\u0131 s\u0131ras\u0131nda 100 binden fazla veri ele ge\u00e7irildi.<\/p>\n<p>&#13;<br \/>\n\tS\u0131zd\u0131r\u0131lan veriler aras\u0131nda, se\u00e7ilmi\u015f siyaset\u00e7ilerin isimleri, soyadlar\u0131, e-posta adresleri, site kullan\u0131c\u0131 adlar\u0131, \u015fifreleri ve \u00fcnvanlar\u0131 yer al\u0131yor.<\/p>\n<p>&#13;<br \/>\n\tFransa Belediye Ba\u015fkanlar\u0131 Derne\u011finin ABD merkezli X \u015firketinin sosyal medya platformundaki hesab\u0131ndan yap\u0131lan a\u00e7\u0131klamaya g\u00f6re, derne\u011fin internet sitesine y\u00f6nelik siber sald\u0131r\u0131 d\u00fcn ger\u00e7ekle\u015fti.<\/p>\n<p>&#13;<br \/>\n\tSald\u0131r\u0131, derne\u011fin bilgisayar sisteminin i\u015fleyi\u015fini sekteye u\u011fratmazken, verileri s\u0131zd\u0131r\u0131lan ki\u015filer g\u00fcvenlikleri i\u00e7in almalar\u0131 gereken tedbirler hakk\u0131nda bilgilendirilecek.<\/p>\n<p>&#13;<br \/>\n\tSald\u0131r\u0131n\u0131n kim taraf\u0131ndan veya hangi gerek\u00e7elerle ger\u00e7ekle\u015ftirildi\u011fine dair bilgi payla\u015f\u0131lmad\u0131.<\/p>\n<p>&#13;<br \/>\n\tFransa&#8217;da Milli E\u011fitim Bakanl\u0131\u011f\u0131 ve vergi kurumlar\u0131 dahil farkl\u0131 resmi kurumlara yap\u0131lan siber sald\u0131r\u0131larda y\u00fcz binlerce ki\u015finin verileri ele ge\u00e7irilirken, tekrar eden sald\u0131r\u0131lar kar\u015f\u0131s\u0131nda yeterli \u00f6nlemler al\u0131nmad\u0131\u011f\u0131 gerek\u00e7esiyle h\u00fck\u00fcmete tepkiler artm\u0131\u015ft\u0131.<\/p>\n<\/p><\/div>\n","protected":false},"excerpt":{"rendered":"<p>&#13; Fransa&#8217;daki siber sald\u0131r\u0131lar\u0131 belgeleyen French Breaches sitesinin a\u00e7\u0131klamas\u0131na g\u00f6re, Fransa Belediye Ba\u015fkanlar\u0131 Derne\u011fine y\u00f6nelik siber sald\u0131r\u0131 s\u0131ras\u0131nda 100 binden fazla veri ele ge\u00e7irildi. &#13; S\u0131zd\u0131r\u0131lan veriler aras\u0131nda, se\u00e7ilmi\u015f siyaset\u00e7ilerin isimleri, soyadlar\u0131, e-posta adresleri, site kullan\u0131c\u0131 adlar\u0131, \u015fifreleri ve \u00fcnvanlar\u0131 yer al\u0131yor. &#13; Fransa Belediye Ba\u015fkanlar\u0131 Derne\u011finin ABD merkezli X \u015firketinin sosyal medya platformundaki hesab\u0131ndan [&hellip;]<\/p>\n","protected":false},"author":1,"featured_media":46484,"comment_status":"open","ping_status":"open","sticky":false,"template":"","format":"standard","meta":{"jnews-multi-image_gallery":[],"jnews_single_post":[],"jnews_primary_category":[],"footnotes":""},"categories":[2],"tags":[],"class_list":["post-46483","post","type-post","status-publish","format-standard","has-post-thumbnail","hentry","category-dunya"],"yoast_head":"<!-- This site is optimized with the Yoast SEO plugin v28.4 - https:\/\/yoast.com\/product\/yoast-seo-wordpress\/ -->\n<title>Fransa Belediye Ba\u015fkanlar\u0131 Derne\u011fine y\u00f6nelik siber sald\u0131r\u0131da 100 binden fazla veri ele ge\u00e7irildi - Haber Kuzey<\/title>\n<meta name=\"robots\" content=\"index, follow, max-snippet:-1, max-image-preview:large, max-video-preview:-1\" \/>\n<link rel=\"canonical\" href=\"https:\/\/haberkuzey.com\/index.php\/2026\/09\/05\/fransa-belediye-baskanlari-dernegine-yonelik-siber-saldirida-100-binden-fazla-veri-ele-gecirildi\/\" \/>\n<meta property=\"og:locale\" content=\"tr_TR\" \/>\n<meta property=\"og:type\" content=\"article\" \/>\n<meta property=\"og:title\" content=\"Fransa Belediye Ba\u015fkanlar\u0131 Derne\u011fine y\u00f6nelik siber sald\u0131r\u0131da 100 binden fazla veri ele ge\u00e7irildi - Haber Kuzey\" \/>\n<meta property=\"og:description\" content=\"&#013; Fransa&#8217;daki siber sald\u0131r\u0131lar\u0131 belgeleyen French Breaches sitesinin a\u00e7\u0131klamas\u0131na g\u00f6re, Fransa Belediye Ba\u015fkanlar\u0131 Derne\u011fine y\u00f6nelik siber sald\u0131r\u0131 s\u0131ras\u0131nda 100 binden fazla veri ele ge\u00e7irildi. &#013; S\u0131zd\u0131r\u0131lan veriler aras\u0131nda, se\u00e7ilmi\u015f siyaset\u00e7ilerin isimleri, soyadlar\u0131, e-posta adresleri, site kullan\u0131c\u0131 adlar\u0131, \u015fifreleri ve \u00fcnvanlar\u0131 yer al\u0131yor. &#013; Fransa Belediye Ba\u015fkanlar\u0131 Derne\u011finin ABD merkezli X \u015firketinin sosyal medya platformundaki hesab\u0131ndan [&hellip;]\" \/>\n<meta property=\"og:url\" content=\"https:\/\/haberkuzey.com\/index.php\/2026\/09\/05\/fransa-belediye-baskanlari-dernegine-yonelik-siber-saldirida-100-binden-fazla-veri-ele-gecirildi\/\" \/>\n<meta property=\"og:site_name\" content=\"Haber Kuzey\" \/>\n<meta property=\"article:published_time\" content=\"2026-09-05T11:36:03+00:00\" \/>\n<meta property=\"og:image\" content=\"https:\/\/trthaberstatic.cdn.wp.trt.com.tr\/resimler\/2064000\/fransa-fransiz-polisi-aa-2065251.jpg\" \/>\n<meta name=\"author\" content=\"haberkuzey\" \/>\n<meta name=\"twitter:card\" content=\"summary_large_image\" \/>\n<meta name=\"twitter:label1\" content=\"Yazan:\" \/>\n\t<meta name=\"twitter:data1\" content=\"haberkuzey\" \/>\n\t<meta name=\"twitter:label2\" content=\"Tahmini okuma s\u00fcresi\" \/>\n\t<meta name=\"twitter:data2\" content=\"1 dakika\" \/>\n<script type=\"application\/ld+json\" class=\"yoast-schema-graph\">{\"@context\":\"https:\\\/\\\/schema.org\",\"@graph\":[{\"@type\":\"Article\",\"@id\":\"https:\\\/\\\/haberkuzey.com\\\/index.php\\\/2026\\\/09\\\/05\\\/fransa-belediye-baskanlari-dernegine-yonelik-siber-saldirida-100-binden-fazla-veri-ele-gecirildi\\\/#article\",\"isPartOf\":{\"@id\":\"https:\\\/\\\/haberkuzey.com\\\/index.php\\\/2026\\\/09\\\/05\\\/fransa-belediye-baskanlari-dernegine-yonelik-siber-saldirida-100-binden-fazla-veri-ele-gecirildi\\\/\"},\"author\":{\"name\":\"haberkuzey\",\"@id\":\"https:\\\/\\\/haberkuzey.com\\\/#\\\/schema\\\/person\\\/3372109ec735f9333f4fa47ebb9605ca\"},\"headline\":\"Fransa Belediye Ba\u015fkanlar\u0131 Derne\u011fine y\u00f6nelik siber sald\u0131r\u0131da 100 binden fazla veri ele ge\u00e7irildi\",\"datePublished\":\"2026-09-05T11:36:03+00:00\",\"mainEntityOfPage\":{\"@id\":\"https:\\\/\\\/haberkuzey.com\\\/index.php\\\/2026\\\/09\\\/05\\\/fransa-belediye-baskanlari-dernegine-yonelik-siber-saldirida-100-binden-fazla-veri-ele-gecirildi\\\/\"},\"wordCount\":209,\"commentCount\":0,\"image\":{\"@id\":\"https:\\\/\\\/haberkuzey.com\\\/index.php\\\/2026\\\/09\\\/05\\\/fransa-belediye-baskanlari-dernegine-yonelik-siber-saldirida-100-binden-fazla-veri-ele-gecirildi\\\/#primaryimage\"},\"thumbnailUrl\":\"https:\\\/\\\/haberkuzey.com\\\/wp-content\\\/uploads\\\/2026\\\/09\\\/fransa-fransiz-polisi-aa-2065251.jpg\",\"articleSection\":[\"D\u00fcnya\"],\"inLanguage\":\"tr\",\"potentialAction\":[{\"@type\":\"CommentAction\",\"name\":\"Comment\",\"target\":[\"https:\\\/\\\/haberkuzey.com\\\/index.php\\\/2026\\\/09\\\/05\\\/fransa-belediye-baskanlari-dernegine-yonelik-siber-saldirida-100-binden-fazla-veri-ele-gecirildi\\\/#respond\"]}]},{\"@type\":\"WebPage\",\"@id\":\"https:\\\/\\\/haberkuzey.com\\\/index.php\\\/2026\\\/09\\\/05\\\/fransa-belediye-baskanlari-dernegine-yonelik-siber-saldirida-100-binden-fazla-veri-ele-gecirildi\\\/\",\"url\":\"https:\\\/\\\/haberkuzey.com\\\/index.php\\\/2026\\\/09\\\/05\\\/fransa-belediye-baskanlari-dernegine-yonelik-siber-saldirida-100-binden-fazla-veri-ele-gecirildi\\\/\",\"name\":\"Fransa Belediye Ba\u015fkanlar\u0131 Derne\u011fine y\u00f6nelik siber sald\u0131r\u0131da 100 binden fazla veri ele ge\u00e7irildi - Haber Kuzey\",\"isPartOf\":{\"@id\":\"https:\\\/\\\/haberkuzey.com\\\/#website\"},\"primaryImageOfPage\":{\"@id\":\"https:\\\/\\\/haberkuzey.com\\\/index.php\\\/2026\\\/09\\\/05\\\/fransa-belediye-baskanlari-dernegine-yonelik-siber-saldirida-100-binden-fazla-veri-ele-gecirildi\\\/#primaryimage\"},\"image\":{\"@id\":\"https:\\\/\\\/haberkuzey.com\\\/index.php\\\/2026\\\/09\\\/05\\\/fransa-belediye-baskanlari-dernegine-yonelik-siber-saldirida-100-binden-fazla-veri-ele-gecirildi\\\/#primaryimage\"},\"thumbnailUrl\":\"https:\\\/\\\/haberkuzey.com\\\/wp-content\\\/uploads\\\/2026\\\/09\\\/fransa-fransiz-polisi-aa-2065251.jpg\",\"datePublished\":\"2026-09-05T11:36:03+00:00\",\"author\":{\"@id\":\"https:\\\/\\\/haberkuzey.com\\\/#\\\/schema\\\/person\\\/3372109ec735f9333f4fa47ebb9605ca\"},\"breadcrumb\":{\"@id\":\"https:\\\/\\\/haberkuzey.com\\\/index.php\\\/2026\\\/09\\\/05\\\/fransa-belediye-baskanlari-dernegine-yonelik-siber-saldirida-100-binden-fazla-veri-ele-gecirildi\\\/#breadcrumb\"},\"inLanguage\":\"tr\",\"potentialAction\":[{\"@type\":\"ReadAction\",\"target\":[\"https:\\\/\\\/haberkuzey.com\\\/index.php\\\/2026\\\/09\\\/05\\\/fransa-belediye-baskanlari-dernegine-yonelik-siber-saldirida-100-binden-fazla-veri-ele-gecirildi\\\/\"]}]},{\"@type\":\"ImageObject\",\"inLanguage\":\"tr\",\"@id\":\"https:\\\/\\\/haberkuzey.com\\\/index.php\\\/2026\\\/09\\\/05\\\/fransa-belediye-baskanlari-dernegine-yonelik-siber-saldirida-100-binden-fazla-veri-ele-gecirildi\\\/#primaryimage\",\"url\":\"https:\\\/\\\/haberkuzey.com\\\/wp-content\\\/uploads\\\/2026\\\/09\\\/fransa-fransiz-polisi-aa-2065251.jpg\",\"contentUrl\":\"https:\\\/\\\/haberkuzey.com\\\/wp-content\\\/uploads\\\/2026\\\/09\\\/fransa-fransiz-polisi-aa-2065251.jpg\",\"width\":1280,\"height\":720},{\"@type\":\"BreadcrumbList\",\"@id\":\"https:\\\/\\\/haberkuzey.com\\\/index.php\\\/2026\\\/09\\\/05\\\/fransa-belediye-baskanlari-dernegine-yonelik-siber-saldirida-100-binden-fazla-veri-ele-gecirildi\\\/#breadcrumb\",\"itemListElement\":[{\"@type\":\"ListItem\",\"position\":1,\"name\":\"Anasayfa\",\"item\":\"https:\\\/\\\/haberkuzey.com\\\/\"},{\"@type\":\"ListItem\",\"position\":2,\"name\":\"Fransa Belediye Ba\u015fkanlar\u0131 Derne\u011fine y\u00f6nelik siber sald\u0131r\u0131da 100 binden fazla veri ele ge\u00e7irildi\"}]},{\"@type\":\"WebSite\",\"@id\":\"https:\\\/\\\/haberkuzey.com\\\/#website\",\"url\":\"https:\\\/\\\/haberkuzey.com\\\/\",\"name\":\"Haber Kuzey\",\"description\":\"Do\u011fru Haberin Adresi\",\"potentialAction\":[{\"@type\":\"SearchAction\",\"target\":{\"@type\":\"EntryPoint\",\"urlTemplate\":\"https:\\\/\\\/haberkuzey.com\\\/?s={search_term_string}\"},\"query-input\":{\"@type\":\"PropertyValueSpecification\",\"valueRequired\":true,\"valueName\":\"search_term_string\"}}],\"inLanguage\":\"tr\"},{\"@type\":\"Person\",\"@id\":\"https:\\\/\\\/haberkuzey.com\\\/#\\\/schema\\\/person\\\/3372109ec735f9333f4fa47ebb9605ca\",\"name\":\"haberkuzey\",\"image\":{\"@type\":\"ImageObject\",\"inLanguage\":\"tr\",\"@id\":\"https:\\\/\\\/secure.gravatar.com\\\/avatar\\\/f5fc875574b1575324358c3b9e6a32b8227aa5b74f3fa22e3cadb63e26fcc39c?s=96&d=mm&r=g\",\"url\":\"https:\\\/\\\/secure.gravatar.com\\\/avatar\\\/f5fc875574b1575324358c3b9e6a32b8227aa5b74f3fa22e3cadb63e26fcc39c?s=96&d=mm&r=g\",\"contentUrl\":\"https:\\\/\\\/secure.gravatar.com\\\/avatar\\\/f5fc875574b1575324358c3b9e6a32b8227aa5b74f3fa22e3cadb63e26fcc39c?s=96&d=mm&r=g\",\"caption\":\"haberkuzey\"},\"sameAs\":[\"https:\\\/\\\/haberkuzey.com\"],\"url\":\"https:\\\/\\\/haberkuzey.com\\\/index.php\\\/author\\\/haberkuzey\\\/\"}]}<\/script>\n<!-- \/ Yoast SEO plugin. -->","yoast_head_json":{"title":"Fransa Belediye Ba\u015fkanlar\u0131 Derne\u011fine y\u00f6nelik siber sald\u0131r\u0131da 100 binden fazla veri ele ge\u00e7irildi - Haber Kuzey","robots":{"index":"index","follow":"follow","max-snippet":"max-snippet:-1","max-image-preview":"max-image-preview:large","max-video-preview":"max-video-preview:-1"},"canonical":"https:\/\/haberkuzey.com\/index.php\/2026\/09\/05\/fransa-belediye-baskanlari-dernegine-yonelik-siber-saldirida-100-binden-fazla-veri-ele-gecirildi\/","og_locale":"tr_TR","og_type":"article","og_title":"Fransa Belediye Ba\u015fkanlar\u0131 Derne\u011fine y\u00f6nelik siber sald\u0131r\u0131da 100 binden fazla veri ele ge\u00e7irildi - Haber Kuzey","og_description":"&#13; Fransa&#8217;daki siber sald\u0131r\u0131lar\u0131 belgeleyen French Breaches sitesinin a\u00e7\u0131klamas\u0131na g\u00f6re, Fransa Belediye Ba\u015fkanlar\u0131 Derne\u011fine y\u00f6nelik siber sald\u0131r\u0131 s\u0131ras\u0131nda 100 binden fazla veri ele ge\u00e7irildi. &#13; S\u0131zd\u0131r\u0131lan veriler aras\u0131nda, se\u00e7ilmi\u015f siyaset\u00e7ilerin isimleri, soyadlar\u0131, e-posta adresleri, site kullan\u0131c\u0131 adlar\u0131, \u015fifreleri ve \u00fcnvanlar\u0131 yer al\u0131yor. &#13; Fransa Belediye Ba\u015fkanlar\u0131 Derne\u011finin ABD merkezli X \u015firketinin sosyal medya platformundaki hesab\u0131ndan [&hellip;]","og_url":"https:\/\/haberkuzey.com\/index.php\/2026\/09\/05\/fransa-belediye-baskanlari-dernegine-yonelik-siber-saldirida-100-binden-fazla-veri-ele-gecirildi\/","og_site_name":"Haber Kuzey","article_published_time":"2026-09-05T11:36:03+00:00","og_image":[{"url":"https:\/\/trthaberstatic.cdn.wp.trt.com.tr\/resimler\/2064000\/fransa-fransiz-polisi-aa-2065251.jpg","type":"","width":"","height":""}],"author":"haberkuzey","twitter_card":"summary_large_image","twitter_misc":{"Yazan:":"haberkuzey","Tahmini okuma s\u00fcresi":"1 dakika"},"schema":{"@context":"https:\/\/schema.org","@graph":[{"@type":"Article","@id":"https:\/\/haberkuzey.com\/index.php\/2026\/09\/05\/fransa-belediye-baskanlari-dernegine-yonelik-siber-saldirida-100-binden-fazla-veri-ele-gecirildi\/#article","isPartOf":{"@id":"https:\/\/haberkuzey.com\/index.php\/2026\/09\/05\/fransa-belediye-baskanlari-dernegine-yonelik-siber-saldirida-100-binden-fazla-veri-ele-gecirildi\/"},"author":{"name":"haberkuzey","@id":"https:\/\/haberkuzey.com\/#\/schema\/person\/3372109ec735f9333f4fa47ebb9605ca"},"headline":"Fransa Belediye Ba\u015fkanlar\u0131 Derne\u011fine y\u00f6nelik siber sald\u0131r\u0131da 100 binden fazla veri ele ge\u00e7irildi","datePublished":"2026-09-05T11:36:03+00:00","mainEntityOfPage":{"@id":"https:\/\/haberkuzey.com\/index.php\/2026\/09\/05\/fransa-belediye-baskanlari-dernegine-yonelik-siber-saldirida-100-binden-fazla-veri-ele-gecirildi\/"},"wordCount":209,"commentCount":0,"image":{"@id":"https:\/\/haberkuzey.com\/index.php\/2026\/09\/05\/fransa-belediye-baskanlari-dernegine-yonelik-siber-saldirida-100-binden-fazla-veri-ele-gecirildi\/#primaryimage"},"thumbnailUrl":"https:\/\/haberkuzey.com\/wp-content\/uploads\/2026\/09\/fransa-fransiz-polisi-aa-2065251.jpg","articleSection":["D\u00fcnya"],"inLanguage":"tr","potentialAction":[{"@type":"CommentAction","name":"Comment","target":["https:\/\/haberkuzey.com\/index.php\/2026\/09\/05\/fransa-belediye-baskanlari-dernegine-yonelik-siber-saldirida-100-binden-fazla-veri-ele-gecirildi\/#respond"]}]},{"@type":"WebPage","@id":"https:\/\/haberkuzey.com\/index.php\/2026\/09\/05\/fransa-belediye-baskanlari-dernegine-yonelik-siber-saldirida-100-binden-fazla-veri-ele-gecirildi\/","url":"https:\/\/haberkuzey.com\/index.php\/2026\/09\/05\/fransa-belediye-baskanlari-dernegine-yonelik-siber-saldirida-100-binden-fazla-veri-ele-gecirildi\/","name":"Fransa Belediye Ba\u015fkanlar\u0131 Derne\u011fine y\u00f6nelik siber sald\u0131r\u0131da 100 binden fazla veri ele ge\u00e7irildi - Haber Kuzey","isPartOf":{"@id":"https:\/\/haberkuzey.com\/#website"},"primaryImageOfPage":{"@id":"https:\/\/haberkuzey.com\/index.php\/2026\/09\/05\/fransa-belediye-baskanlari-dernegine-yonelik-siber-saldirida-100-binden-fazla-veri-ele-gecirildi\/#primaryimage"},"image":{"@id":"https:\/\/haberkuzey.com\/index.php\/2026\/09\/05\/fransa-belediye-baskanlari-dernegine-yonelik-siber-saldirida-100-binden-fazla-veri-ele-gecirildi\/#primaryimage"},"thumbnailUrl":"https:\/\/haberkuzey.com\/wp-content\/uploads\/2026\/09\/fransa-fransiz-polisi-aa-2065251.jpg","datePublished":"2026-09-05T11:36:03+00:00","author":{"@id":"https:\/\/haberkuzey.com\/#\/schema\/person\/3372109ec735f9333f4fa47ebb9605ca"},"breadcrumb":{"@id":"https:\/\/haberkuzey.com\/index.php\/2026\/09\/05\/fransa-belediye-baskanlari-dernegine-yonelik-siber-saldirida-100-binden-fazla-veri-ele-gecirildi\/#breadcrumb"},"inLanguage":"tr","potentialAction":[{"@type":"ReadAction","target":["https:\/\/haberkuzey.com\/index.php\/2026\/09\/05\/fransa-belediye-baskanlari-dernegine-yonelik-siber-saldirida-100-binden-fazla-veri-ele-gecirildi\/"]}]},{"@type":"ImageObject","inLanguage":"tr","@id":"https:\/\/haberkuzey.com\/index.php\/2026\/09\/05\/fransa-belediye-baskanlari-dernegine-yonelik-siber-saldirida-100-binden-fazla-veri-ele-gecirildi\/#primaryimage","url":"https:\/\/haberkuzey.com\/wp-content\/uploads\/2026\/09\/fransa-fransiz-polisi-aa-2065251.jpg","contentUrl":"https:\/\/haberkuzey.com\/wp-content\/uploads\/2026\/09\/fransa-fransiz-polisi-aa-2065251.jpg","width":1280,"height":720},{"@type":"BreadcrumbList","@id":"https:\/\/haberkuzey.com\/index.php\/2026\/09\/05\/fransa-belediye-baskanlari-dernegine-yonelik-siber-saldirida-100-binden-fazla-veri-ele-gecirildi\/#breadcrumb","itemListElement":[{"@type":"ListItem","position":1,"name":"Anasayfa","item":"https:\/\/haberkuzey.com\/"},{"@type":"ListItem","position":2,"name":"Fransa Belediye Ba\u015fkanlar\u0131 Derne\u011fine y\u00f6nelik siber sald\u0131r\u0131da 100 binden fazla veri ele ge\u00e7irildi"}]},{"@type":"WebSite","@id":"https:\/\/haberkuzey.com\/#website","url":"https:\/\/haberkuzey.com\/","name":"Haber Kuzey","description":"Do\u011fru Haberin Adresi","potentialAction":[{"@type":"SearchAction","target":{"@type":"EntryPoint","urlTemplate":"https:\/\/haberkuzey.com\/?s={search_term_string}"},"query-input":{"@type":"PropertyValueSpecification","valueRequired":true,"valueName":"search_term_string"}}],"inLanguage":"tr"},{"@type":"Person","@id":"https:\/\/haberkuzey.com\/#\/schema\/person\/3372109ec735f9333f4fa47ebb9605ca","name":"haberkuzey","image":{"@type":"ImageObject","inLanguage":"tr","@id":"https:\/\/secure.gravatar.com\/avatar\/f5fc875574b1575324358c3b9e6a32b8227aa5b74f3fa22e3cadb63e26fcc39c?s=96&d=mm&r=g","url":"https:\/\/secure.gravatar.com\/avatar\/f5fc875574b1575324358c3b9e6a32b8227aa5b74f3fa22e3cadb63e26fcc39c?s=96&d=mm&r=g","contentUrl":"https:\/\/secure.gravatar.com\/avatar\/f5fc875574b1575324358c3b9e6a32b8227aa5b74f3fa22e3cadb63e26fcc39c?s=96&d=mm&r=g","caption":"haberkuzey"},"sameAs":["https:\/\/haberkuzey.com"],"url":"https:\/\/haberkuzey.com\/index.php\/author\/haberkuzey\/"}]}},"_links":{"self":[{"href":"https:\/\/haberkuzey.com\/index.php\/wp-json\/wp\/v2\/posts\/46483","targetHints":{"allow":["GET"]}}],"collection":[{"href":"https:\/\/haberkuzey.com\/index.php\/wp-json\/wp\/v2\/posts"}],"about":[{"href":"https:\/\/haberkuzey.com\/index.php\/wp-json\/wp\/v2\/types\/post"}],"author":[{"embeddable":true,"href":"https:\/\/haberkuzey.com\/index.php\/wp-json\/wp\/v2\/users\/1"}],"replies":[{"embeddable":true,"href":"https:\/\/haberkuzey.com\/index.php\/wp-json\/wp\/v2\/comments?post=46483"}],"version-history":[{"count":0,"href":"https:\/\/haberkuzey.com\/index.php\/wp-json\/wp\/v2\/posts\/46483\/revisions"}],"wp:featuredmedia":[{"embeddable":true,"href":"https:\/\/haberkuzey.com\/index.php\/wp-json\/wp\/v2\/media\/46484"}],"wp:attachment":[{"href":"https:\/\/haberkuzey.com\/index.php\/wp-json\/wp\/v2\/media?parent=46483"}],"wp:term":[{"taxonomy":"category","embeddable":true,"href":"https:\/\/haberkuzey.com\/index.php\/wp-json\/wp\/v2\/categories?post=46483"},{"taxonomy":"post_tag","embeddable":true,"href":"https:\/\/haberkuzey.com\/index.php\/wp-json\/wp\/v2\/tags?post=46483"}],"curies":[{"name":"wp","href":"https:\/\/api.w.org\/{rel}","templated":true}]}}