{"id":46482,"date":"2026-09-05T13:35:04","date_gmt":"2026-09-05T10:35:04","guid":{"rendered":"https:\/\/haberkuzey.com\/index.php\/2026\/09\/05\/ukrayna-rus-hava-sahasina-yonelik-operasyonumuzu-duruma-gore-uyarlayarak-gelecek-hafta-yeniden-yapacagiz\/"},"modified":"2026-09-05T13:35:04","modified_gmt":"2026-09-05T10:35:04","slug":"ukrayna-rus-hava-sahasina-yonelik-operasyonumuzu-duruma-gore-uyarlayarak-gelecek-hafta-yeniden-yapacagiz","status":"publish","type":"post","link":"https:\/\/haberkuzey.com\/index.php\/2026\/09\/05\/ukrayna-rus-hava-sahasina-yonelik-operasyonumuzu-duruma-gore-uyarlayarak-gelecek-hafta-yeniden-yapacagiz\/","title":{"rendered":"Ukrayna: Rus hava sahas\u0131na y\u00f6nelik operasyonumuzu duruma g\u00f6re uyarlayarak gelecek hafta yeniden yapaca\u011f\u0131z"},"content":{"rendered":"<p><\/p>\n<div>\n<p>&#13;<br \/>\n\tZelenski, sosyal medya hesaplar\u0131ndan yapt\u0131\u011f\u0131 a\u00e7\u0131klamada, Rusya&#8217;n\u0131n gece boyunca Ukrayna&#8217;n\u0131n \u00e7e\u015fitli b\u00f6lgelerine sald\u0131r\u0131lar d\u00fczenledi\u011fini belirtti.<\/p>\n<p>&#13;<br \/>\n\tDnipro b\u00f6lgesindeki Kamianske kentinde sivil i\u015fletmenin hedef al\u0131nd\u0131\u011f\u0131na dikkati \u00e7eken Zelenski, sald\u0131r\u0131da 4 ki\u015finin hayat\u0131n\u0131 kaybetti\u011fini, 5 ki\u015finin yaraland\u0131\u011f\u0131n\u0131 duyurdu.<\/p>\n<p>&#13;<br \/>\n\tRus sald\u0131r\u0131lar\u0131nda Herson, Borispol ve Harkiv b\u00f6lgelerindeki \u00e7ok say\u0131da konutun da hasar g\u00f6rd\u00fc\u011f\u00fcn\u00fc anlatan Zelenski, Sumi ve Mikolayiv&#8217;de de insans\u0131z hava ara\u00e7lar\u0131n\u0131n (\u0130HA) al\u0131\u015fveri\u015f merkezlerini vurdu\u011funu ifade etti.<\/p>\n<p>&#13;<br \/>\n\tZelenski, Rusya&#8217;n\u0131n gece saatlerinde Kiev ve Borispol&#8217;deki havalimanlar\u0131na da sald\u0131r\u0131lar d\u00fczenledi\u011fi bilgisini vererek, bu sald\u0131r\u0131lar\u0131n &#8220;uzun bir aradan sonra ilk kez kas\u0131tl\u0131&#8221; \u015fekilde ger\u00e7ekle\u015ftirildi\u011fini savundu.<\/p>\n<h2>&#13;<br \/>\n\t&#8220;Amerikan diplomasisine kar\u015f\u0131 Rus-\u0130ran \u015eahedleri&#8221;<\/h2>\n<p>&#13;<br \/>\n\tBu sald\u0131r\u0131lar\u0131n, Ukrayna&#8217;ya gelecek ABD&#8217;li temsilcilerin Kiev veya Borispol havaliman\u0131na ini\u015f yapma ihtimaline ili\u015fkin d\u00fczenlendi\u011fini ileri s\u00fcren Zelenski, &#8220;Amerikan diplomasisine kar\u015f\u0131 Rus-\u0130ran \u015eahedleri.&#8221; de\u011ferlendirmesinde bulundu.<\/p>\n<p>&#13;<br \/>\n\tRusya&#8217;n\u0131n bu hamlesini not ettiklerini belirten Zelenski, &#8220;Gelecek hafta insans\u0131z hava ara\u00e7lar\u0131 ve f\u00fczelerin g\u00f6ky\u00fcz\u00fcndeki varl\u0131\u011f\u0131 nedeniyle tehlikeli hale gelen Rus hava sahas\u0131na y\u00f6nelik operasyonumuzu buna g\u00f6re yeniden uyarlayaca\u011f\u0131z.&#8221; bilgisini payla\u015ft\u0131.<\/p>\n<p>&#13;<br \/>\n\tZelenski, Ukrayna taraf\u0131ndan diplomasiye y\u00f6nelik herhangi bir tehdit bulunmad\u0131\u011f\u0131n\u0131 ve bulunmayaca\u011f\u0131n\u0131 vurgulayarak, &#8220;Ukrayna, bar\u0131\u015f\u0131 yak\u0131nla\u015ft\u0131rmakla ilgileniyor. Rusya, yapt\u0131klar\u0131ndan sorumlu olacak.&#8221; ifadelerini kulland\u0131.<\/p>\n<\/p><\/div>\n","protected":false},"excerpt":{"rendered":"<p>&#13; Zelenski, sosyal medya hesaplar\u0131ndan yapt\u0131\u011f\u0131 a\u00e7\u0131klamada, Rusya&#8217;n\u0131n gece boyunca Ukrayna&#8217;n\u0131n \u00e7e\u015fitli b\u00f6lgelerine sald\u0131r\u0131lar d\u00fczenledi\u011fini belirtti. &#13; Dnipro b\u00f6lgesindeki Kamianske kentinde sivil i\u015fletmenin hedef al\u0131nd\u0131\u011f\u0131na dikkati \u00e7eken Zelenski, sald\u0131r\u0131da 4 ki\u015finin hayat\u0131n\u0131 kaybetti\u011fini, 5 ki\u015finin yaraland\u0131\u011f\u0131n\u0131 duyurdu. &#13; Rus sald\u0131r\u0131lar\u0131nda Herson, Borispol ve Harkiv b\u00f6lgelerindeki \u00e7ok say\u0131da konutun da hasar g\u00f6rd\u00fc\u011f\u00fcn\u00fc anlatan Zelenski, Sumi ve [&hellip;]<\/p>\n","protected":false},"author":1,"featured_media":44691,"comment_status":"open","ping_status":"open","sticky":false,"template":"","format":"standard","meta":{"jnews-multi-image_gallery":[],"jnews_single_post":[],"jnews_primary_category":[],"footnotes":""},"categories":[2],"tags":[],"class_list":["post-46482","post","type-post","status-publish","format-standard","has-post-thumbnail","hentry","category-dunya"],"yoast_head":"<!-- This site is optimized with the Yoast SEO plugin v28.4 - https:\/\/yoast.com\/product\/yoast-seo-wordpress\/ -->\n<title>Ukrayna: Rus hava sahas\u0131na y\u00f6nelik operasyonumuzu duruma g\u00f6re uyarlayarak gelecek hafta yeniden yapaca\u011f\u0131z - Haber Kuzey<\/title>\n<meta name=\"robots\" content=\"index, follow, max-snippet:-1, max-image-preview:large, max-video-preview:-1\" \/>\n<link rel=\"canonical\" href=\"https:\/\/haberkuzey.com\/index.php\/2026\/09\/05\/ukrayna-rus-hava-sahasina-yonelik-operasyonumuzu-duruma-gore-uyarlayarak-gelecek-hafta-yeniden-yapacagiz\/\" \/>\n<meta property=\"og:locale\" content=\"tr_TR\" \/>\n<meta property=\"og:type\" content=\"article\" \/>\n<meta property=\"og:title\" content=\"Ukrayna: Rus hava sahas\u0131na y\u00f6nelik operasyonumuzu duruma g\u00f6re uyarlayarak gelecek hafta yeniden yapaca\u011f\u0131z - Haber Kuzey\" \/>\n<meta property=\"og:description\" content=\"&#013; Zelenski, sosyal medya hesaplar\u0131ndan yapt\u0131\u011f\u0131 a\u00e7\u0131klamada, Rusya&#8217;n\u0131n gece boyunca Ukrayna&#8217;n\u0131n \u00e7e\u015fitli b\u00f6lgelerine sald\u0131r\u0131lar d\u00fczenledi\u011fini belirtti. &#013; Dnipro b\u00f6lgesindeki Kamianske kentinde sivil i\u015fletmenin hedef al\u0131nd\u0131\u011f\u0131na dikkati \u00e7eken Zelenski, sald\u0131r\u0131da 4 ki\u015finin hayat\u0131n\u0131 kaybetti\u011fini, 5 ki\u015finin yaraland\u0131\u011f\u0131n\u0131 duyurdu. &#013; Rus sald\u0131r\u0131lar\u0131nda Herson, Borispol ve Harkiv b\u00f6lgelerindeki \u00e7ok say\u0131da konutun da hasar g\u00f6rd\u00fc\u011f\u00fcn\u00fc anlatan Zelenski, Sumi ve [&hellip;]\" \/>\n<meta property=\"og:url\" content=\"https:\/\/haberkuzey.com\/index.php\/2026\/09\/05\/ukrayna-rus-hava-sahasina-yonelik-operasyonumuzu-duruma-gore-uyarlayarak-gelecek-hafta-yeniden-yapacagiz\/\" \/>\n<meta property=\"og:site_name\" content=\"Haber Kuzey\" \/>\n<meta property=\"article:published_time\" content=\"2026-09-05T10:35:04+00:00\" \/>\n<meta property=\"og:image\" content=\"https:\/\/trthaberstatic.cdn.wp.trt.com.tr\/resimler\/2472000\/rusya-2473833.jpg\" \/>\n<meta name=\"author\" content=\"haberkuzey\" \/>\n<meta name=\"twitter:card\" content=\"summary_large_image\" \/>\n<meta name=\"twitter:label1\" content=\"Yazan:\" \/>\n\t<meta name=\"twitter:data1\" content=\"haberkuzey\" \/>\n\t<meta name=\"twitter:label2\" content=\"Tahmini okuma s\u00fcresi\" \/>\n\t<meta name=\"twitter:data2\" content=\"1 dakika\" \/>\n<script type=\"application\/ld+json\" class=\"yoast-schema-graph\">{\"@context\":\"https:\\\/\\\/schema.org\",\"@graph\":[{\"@type\":\"Article\",\"@id\":\"https:\\\/\\\/haberkuzey.com\\\/index.php\\\/2026\\\/09\\\/05\\\/ukrayna-rus-hava-sahasina-yonelik-operasyonumuzu-duruma-gore-uyarlayarak-gelecek-hafta-yeniden-yapacagiz\\\/#article\",\"isPartOf\":{\"@id\":\"https:\\\/\\\/haberkuzey.com\\\/index.php\\\/2026\\\/09\\\/05\\\/ukrayna-rus-hava-sahasina-yonelik-operasyonumuzu-duruma-gore-uyarlayarak-gelecek-hafta-yeniden-yapacagiz\\\/\"},\"author\":{\"name\":\"haberkuzey\",\"@id\":\"https:\\\/\\\/haberkuzey.com\\\/#\\\/schema\\\/person\\\/3372109ec735f9333f4fa47ebb9605ca\"},\"headline\":\"Ukrayna: Rus hava sahas\u0131na y\u00f6nelik operasyonumuzu duruma g\u00f6re uyarlayarak gelecek hafta yeniden yapaca\u011f\u0131z\",\"datePublished\":\"2026-09-05T10:35:04+00:00\",\"mainEntityOfPage\":{\"@id\":\"https:\\\/\\\/haberkuzey.com\\\/index.php\\\/2026\\\/09\\\/05\\\/ukrayna-rus-hava-sahasina-yonelik-operasyonumuzu-duruma-gore-uyarlayarak-gelecek-hafta-yeniden-yapacagiz\\\/\"},\"wordCount\":273,\"commentCount\":0,\"image\":{\"@id\":\"https:\\\/\\\/haberkuzey.com\\\/index.php\\\/2026\\\/09\\\/05\\\/ukrayna-rus-hava-sahasina-yonelik-operasyonumuzu-duruma-gore-uyarlayarak-gelecek-hafta-yeniden-yapacagiz\\\/#primaryimage\"},\"thumbnailUrl\":\"https:\\\/\\\/haberkuzey.com\\\/wp-content\\\/uploads\\\/2026\\\/07\\\/rusya-2473833.jpg\",\"articleSection\":[\"D\u00fcnya\"],\"inLanguage\":\"tr\",\"potentialAction\":[{\"@type\":\"CommentAction\",\"name\":\"Comment\",\"target\":[\"https:\\\/\\\/haberkuzey.com\\\/index.php\\\/2026\\\/09\\\/05\\\/ukrayna-rus-hava-sahasina-yonelik-operasyonumuzu-duruma-gore-uyarlayarak-gelecek-hafta-yeniden-yapacagiz\\\/#respond\"]}]},{\"@type\":\"WebPage\",\"@id\":\"https:\\\/\\\/haberkuzey.com\\\/index.php\\\/2026\\\/09\\\/05\\\/ukrayna-rus-hava-sahasina-yonelik-operasyonumuzu-duruma-gore-uyarlayarak-gelecek-hafta-yeniden-yapacagiz\\\/\",\"url\":\"https:\\\/\\\/haberkuzey.com\\\/index.php\\\/2026\\\/09\\\/05\\\/ukrayna-rus-hava-sahasina-yonelik-operasyonumuzu-duruma-gore-uyarlayarak-gelecek-hafta-yeniden-yapacagiz\\\/\",\"name\":\"Ukrayna: Rus hava sahas\u0131na y\u00f6nelik operasyonumuzu duruma g\u00f6re uyarlayarak gelecek hafta yeniden yapaca\u011f\u0131z - Haber Kuzey\",\"isPartOf\":{\"@id\":\"https:\\\/\\\/haberkuzey.com\\\/#website\"},\"primaryImageOfPage\":{\"@id\":\"https:\\\/\\\/haberkuzey.com\\\/index.php\\\/2026\\\/09\\\/05\\\/ukrayna-rus-hava-sahasina-yonelik-operasyonumuzu-duruma-gore-uyarlayarak-gelecek-hafta-yeniden-yapacagiz\\\/#primaryimage\"},\"image\":{\"@id\":\"https:\\\/\\\/haberkuzey.com\\\/index.php\\\/2026\\\/09\\\/05\\\/ukrayna-rus-hava-sahasina-yonelik-operasyonumuzu-duruma-gore-uyarlayarak-gelecek-hafta-yeniden-yapacagiz\\\/#primaryimage\"},\"thumbnailUrl\":\"https:\\\/\\\/haberkuzey.com\\\/wp-content\\\/uploads\\\/2026\\\/07\\\/rusya-2473833.jpg\",\"datePublished\":\"2026-09-05T10:35:04+00:00\",\"author\":{\"@id\":\"https:\\\/\\\/haberkuzey.com\\\/#\\\/schema\\\/person\\\/3372109ec735f9333f4fa47ebb9605ca\"},\"breadcrumb\":{\"@id\":\"https:\\\/\\\/haberkuzey.com\\\/index.php\\\/2026\\\/09\\\/05\\\/ukrayna-rus-hava-sahasina-yonelik-operasyonumuzu-duruma-gore-uyarlayarak-gelecek-hafta-yeniden-yapacagiz\\\/#breadcrumb\"},\"inLanguage\":\"tr\",\"potentialAction\":[{\"@type\":\"ReadAction\",\"target\":[\"https:\\\/\\\/haberkuzey.com\\\/index.php\\\/2026\\\/09\\\/05\\\/ukrayna-rus-hava-sahasina-yonelik-operasyonumuzu-duruma-gore-uyarlayarak-gelecek-hafta-yeniden-yapacagiz\\\/\"]}]},{\"@type\":\"ImageObject\",\"inLanguage\":\"tr\",\"@id\":\"https:\\\/\\\/haberkuzey.com\\\/index.php\\\/2026\\\/09\\\/05\\\/ukrayna-rus-hava-sahasina-yonelik-operasyonumuzu-duruma-gore-uyarlayarak-gelecek-hafta-yeniden-yapacagiz\\\/#primaryimage\",\"url\":\"https:\\\/\\\/haberkuzey.com\\\/wp-content\\\/uploads\\\/2026\\\/07\\\/rusya-2473833.jpg\",\"contentUrl\":\"https:\\\/\\\/haberkuzey.com\\\/wp-content\\\/uploads\\\/2026\\\/07\\\/rusya-2473833.jpg\",\"width\":1280,\"height\":720},{\"@type\":\"BreadcrumbList\",\"@id\":\"https:\\\/\\\/haberkuzey.com\\\/index.php\\\/2026\\\/09\\\/05\\\/ukrayna-rus-hava-sahasina-yonelik-operasyonumuzu-duruma-gore-uyarlayarak-gelecek-hafta-yeniden-yapacagiz\\\/#breadcrumb\",\"itemListElement\":[{\"@type\":\"ListItem\",\"position\":1,\"name\":\"Anasayfa\",\"item\":\"https:\\\/\\\/haberkuzey.com\\\/\"},{\"@type\":\"ListItem\",\"position\":2,\"name\":\"Ukrayna: Rus hava sahas\u0131na y\u00f6nelik operasyonumuzu duruma g\u00f6re uyarlayarak gelecek hafta yeniden yapaca\u011f\u0131z\"}]},{\"@type\":\"WebSite\",\"@id\":\"https:\\\/\\\/haberkuzey.com\\\/#website\",\"url\":\"https:\\\/\\\/haberkuzey.com\\\/\",\"name\":\"Haber Kuzey\",\"description\":\"Do\u011fru Haberin Adresi\",\"potentialAction\":[{\"@type\":\"SearchAction\",\"target\":{\"@type\":\"EntryPoint\",\"urlTemplate\":\"https:\\\/\\\/haberkuzey.com\\\/?s={search_term_string}\"},\"query-input\":{\"@type\":\"PropertyValueSpecification\",\"valueRequired\":true,\"valueName\":\"search_term_string\"}}],\"inLanguage\":\"tr\"},{\"@type\":\"Person\",\"@id\":\"https:\\\/\\\/haberkuzey.com\\\/#\\\/schema\\\/person\\\/3372109ec735f9333f4fa47ebb9605ca\",\"name\":\"haberkuzey\",\"image\":{\"@type\":\"ImageObject\",\"inLanguage\":\"tr\",\"@id\":\"https:\\\/\\\/secure.gravatar.com\\\/avatar\\\/f5fc875574b1575324358c3b9e6a32b8227aa5b74f3fa22e3cadb63e26fcc39c?s=96&d=mm&r=g\",\"url\":\"https:\\\/\\\/secure.gravatar.com\\\/avatar\\\/f5fc875574b1575324358c3b9e6a32b8227aa5b74f3fa22e3cadb63e26fcc39c?s=96&d=mm&r=g\",\"contentUrl\":\"https:\\\/\\\/secure.gravatar.com\\\/avatar\\\/f5fc875574b1575324358c3b9e6a32b8227aa5b74f3fa22e3cadb63e26fcc39c?s=96&d=mm&r=g\",\"caption\":\"haberkuzey\"},\"sameAs\":[\"https:\\\/\\\/haberkuzey.com\"],\"url\":\"https:\\\/\\\/haberkuzey.com\\\/index.php\\\/author\\\/haberkuzey\\\/\"}]}<\/script>\n<!-- \/ Yoast SEO plugin. -->","yoast_head_json":{"title":"Ukrayna: Rus hava sahas\u0131na y\u00f6nelik operasyonumuzu duruma g\u00f6re uyarlayarak gelecek hafta yeniden yapaca\u011f\u0131z - Haber Kuzey","robots":{"index":"index","follow":"follow","max-snippet":"max-snippet:-1","max-image-preview":"max-image-preview:large","max-video-preview":"max-video-preview:-1"},"canonical":"https:\/\/haberkuzey.com\/index.php\/2026\/09\/05\/ukrayna-rus-hava-sahasina-yonelik-operasyonumuzu-duruma-gore-uyarlayarak-gelecek-hafta-yeniden-yapacagiz\/","og_locale":"tr_TR","og_type":"article","og_title":"Ukrayna: Rus hava sahas\u0131na y\u00f6nelik operasyonumuzu duruma g\u00f6re uyarlayarak gelecek hafta yeniden yapaca\u011f\u0131z - Haber Kuzey","og_description":"&#13; Zelenski, sosyal medya hesaplar\u0131ndan yapt\u0131\u011f\u0131 a\u00e7\u0131klamada, Rusya&#8217;n\u0131n gece boyunca Ukrayna&#8217;n\u0131n \u00e7e\u015fitli b\u00f6lgelerine sald\u0131r\u0131lar d\u00fczenledi\u011fini belirtti. &#13; Dnipro b\u00f6lgesindeki Kamianske kentinde sivil i\u015fletmenin hedef al\u0131nd\u0131\u011f\u0131na dikkati \u00e7eken Zelenski, sald\u0131r\u0131da 4 ki\u015finin hayat\u0131n\u0131 kaybetti\u011fini, 5 ki\u015finin yaraland\u0131\u011f\u0131n\u0131 duyurdu. &#13; Rus sald\u0131r\u0131lar\u0131nda Herson, Borispol ve Harkiv b\u00f6lgelerindeki \u00e7ok say\u0131da konutun da hasar g\u00f6rd\u00fc\u011f\u00fcn\u00fc anlatan Zelenski, Sumi ve [&hellip;]","og_url":"https:\/\/haberkuzey.com\/index.php\/2026\/09\/05\/ukrayna-rus-hava-sahasina-yonelik-operasyonumuzu-duruma-gore-uyarlayarak-gelecek-hafta-yeniden-yapacagiz\/","og_site_name":"Haber Kuzey","article_published_time":"2026-09-05T10:35:04+00:00","og_image":[{"url":"https:\/\/trthaberstatic.cdn.wp.trt.com.tr\/resimler\/2472000\/rusya-2473833.jpg","type":"","width":"","height":""}],"author":"haberkuzey","twitter_card":"summary_large_image","twitter_misc":{"Yazan:":"haberkuzey","Tahmini okuma s\u00fcresi":"1 dakika"},"schema":{"@context":"https:\/\/schema.org","@graph":[{"@type":"Article","@id":"https:\/\/haberkuzey.com\/index.php\/2026\/09\/05\/ukrayna-rus-hava-sahasina-yonelik-operasyonumuzu-duruma-gore-uyarlayarak-gelecek-hafta-yeniden-yapacagiz\/#article","isPartOf":{"@id":"https:\/\/haberkuzey.com\/index.php\/2026\/09\/05\/ukrayna-rus-hava-sahasina-yonelik-operasyonumuzu-duruma-gore-uyarlayarak-gelecek-hafta-yeniden-yapacagiz\/"},"author":{"name":"haberkuzey","@id":"https:\/\/haberkuzey.com\/#\/schema\/person\/3372109ec735f9333f4fa47ebb9605ca"},"headline":"Ukrayna: Rus hava sahas\u0131na y\u00f6nelik operasyonumuzu duruma g\u00f6re uyarlayarak gelecek hafta yeniden yapaca\u011f\u0131z","datePublished":"2026-09-05T10:35:04+00:00","mainEntityOfPage":{"@id":"https:\/\/haberkuzey.com\/index.php\/2026\/09\/05\/ukrayna-rus-hava-sahasina-yonelik-operasyonumuzu-duruma-gore-uyarlayarak-gelecek-hafta-yeniden-yapacagiz\/"},"wordCount":273,"commentCount":0,"image":{"@id":"https:\/\/haberkuzey.com\/index.php\/2026\/09\/05\/ukrayna-rus-hava-sahasina-yonelik-operasyonumuzu-duruma-gore-uyarlayarak-gelecek-hafta-yeniden-yapacagiz\/#primaryimage"},"thumbnailUrl":"https:\/\/haberkuzey.com\/wp-content\/uploads\/2026\/07\/rusya-2473833.jpg","articleSection":["D\u00fcnya"],"inLanguage":"tr","potentialAction":[{"@type":"CommentAction","name":"Comment","target":["https:\/\/haberkuzey.com\/index.php\/2026\/09\/05\/ukrayna-rus-hava-sahasina-yonelik-operasyonumuzu-duruma-gore-uyarlayarak-gelecek-hafta-yeniden-yapacagiz\/#respond"]}]},{"@type":"WebPage","@id":"https:\/\/haberkuzey.com\/index.php\/2026\/09\/05\/ukrayna-rus-hava-sahasina-yonelik-operasyonumuzu-duruma-gore-uyarlayarak-gelecek-hafta-yeniden-yapacagiz\/","url":"https:\/\/haberkuzey.com\/index.php\/2026\/09\/05\/ukrayna-rus-hava-sahasina-yonelik-operasyonumuzu-duruma-gore-uyarlayarak-gelecek-hafta-yeniden-yapacagiz\/","name":"Ukrayna: Rus hava sahas\u0131na y\u00f6nelik operasyonumuzu duruma g\u00f6re uyarlayarak gelecek hafta yeniden yapaca\u011f\u0131z - Haber Kuzey","isPartOf":{"@id":"https:\/\/haberkuzey.com\/#website"},"primaryImageOfPage":{"@id":"https:\/\/haberkuzey.com\/index.php\/2026\/09\/05\/ukrayna-rus-hava-sahasina-yonelik-operasyonumuzu-duruma-gore-uyarlayarak-gelecek-hafta-yeniden-yapacagiz\/#primaryimage"},"image":{"@id":"https:\/\/haberkuzey.com\/index.php\/2026\/09\/05\/ukrayna-rus-hava-sahasina-yonelik-operasyonumuzu-duruma-gore-uyarlayarak-gelecek-hafta-yeniden-yapacagiz\/#primaryimage"},"thumbnailUrl":"https:\/\/haberkuzey.com\/wp-content\/uploads\/2026\/07\/rusya-2473833.jpg","datePublished":"2026-09-05T10:35:04+00:00","author":{"@id":"https:\/\/haberkuzey.com\/#\/schema\/person\/3372109ec735f9333f4fa47ebb9605ca"},"breadcrumb":{"@id":"https:\/\/haberkuzey.com\/index.php\/2026\/09\/05\/ukrayna-rus-hava-sahasina-yonelik-operasyonumuzu-duruma-gore-uyarlayarak-gelecek-hafta-yeniden-yapacagiz\/#breadcrumb"},"inLanguage":"tr","potentialAction":[{"@type":"ReadAction","target":["https:\/\/haberkuzey.com\/index.php\/2026\/09\/05\/ukrayna-rus-hava-sahasina-yonelik-operasyonumuzu-duruma-gore-uyarlayarak-gelecek-hafta-yeniden-yapacagiz\/"]}]},{"@type":"ImageObject","inLanguage":"tr","@id":"https:\/\/haberkuzey.com\/index.php\/2026\/09\/05\/ukrayna-rus-hava-sahasina-yonelik-operasyonumuzu-duruma-gore-uyarlayarak-gelecek-hafta-yeniden-yapacagiz\/#primaryimage","url":"https:\/\/haberkuzey.com\/wp-content\/uploads\/2026\/07\/rusya-2473833.jpg","contentUrl":"https:\/\/haberkuzey.com\/wp-content\/uploads\/2026\/07\/rusya-2473833.jpg","width":1280,"height":720},{"@type":"BreadcrumbList","@id":"https:\/\/haberkuzey.com\/index.php\/2026\/09\/05\/ukrayna-rus-hava-sahasina-yonelik-operasyonumuzu-duruma-gore-uyarlayarak-gelecek-hafta-yeniden-yapacagiz\/#breadcrumb","itemListElement":[{"@type":"ListItem","position":1,"name":"Anasayfa","item":"https:\/\/haberkuzey.com\/"},{"@type":"ListItem","position":2,"name":"Ukrayna: Rus hava sahas\u0131na y\u00f6nelik operasyonumuzu duruma g\u00f6re uyarlayarak gelecek hafta yeniden yapaca\u011f\u0131z"}]},{"@type":"WebSite","@id":"https:\/\/haberkuzey.com\/#website","url":"https:\/\/haberkuzey.com\/","name":"Haber Kuzey","description":"Do\u011fru Haberin Adresi","potentialAction":[{"@type":"SearchAction","target":{"@type":"EntryPoint","urlTemplate":"https:\/\/haberkuzey.com\/?s={search_term_string}"},"query-input":{"@type":"PropertyValueSpecification","valueRequired":true,"valueName":"search_term_string"}}],"inLanguage":"tr"},{"@type":"Person","@id":"https:\/\/haberkuzey.com\/#\/schema\/person\/3372109ec735f9333f4fa47ebb9605ca","name":"haberkuzey","image":{"@type":"ImageObject","inLanguage":"tr","@id":"https:\/\/secure.gravatar.com\/avatar\/f5fc875574b1575324358c3b9e6a32b8227aa5b74f3fa22e3cadb63e26fcc39c?s=96&d=mm&r=g","url":"https:\/\/secure.gravatar.com\/avatar\/f5fc875574b1575324358c3b9e6a32b8227aa5b74f3fa22e3cadb63e26fcc39c?s=96&d=mm&r=g","contentUrl":"https:\/\/secure.gravatar.com\/avatar\/f5fc875574b1575324358c3b9e6a32b8227aa5b74f3fa22e3cadb63e26fcc39c?s=96&d=mm&r=g","caption":"haberkuzey"},"sameAs":["https:\/\/haberkuzey.com"],"url":"https:\/\/haberkuzey.com\/index.php\/author\/haberkuzey\/"}]}},"_links":{"self":[{"href":"https:\/\/haberkuzey.com\/index.php\/wp-json\/wp\/v2\/posts\/46482","targetHints":{"allow":["GET"]}}],"collection":[{"href":"https:\/\/haberkuzey.com\/index.php\/wp-json\/wp\/v2\/posts"}],"about":[{"href":"https:\/\/haberkuzey.com\/index.php\/wp-json\/wp\/v2\/types\/post"}],"author":[{"embeddable":true,"href":"https:\/\/haberkuzey.com\/index.php\/wp-json\/wp\/v2\/users\/1"}],"replies":[{"embeddable":true,"href":"https:\/\/haberkuzey.com\/index.php\/wp-json\/wp\/v2\/comments?post=46482"}],"version-history":[{"count":0,"href":"https:\/\/haberkuzey.com\/index.php\/wp-json\/wp\/v2\/posts\/46482\/revisions"}],"wp:featuredmedia":[{"embeddable":true,"href":"https:\/\/haberkuzey.com\/index.php\/wp-json\/wp\/v2\/media\/44691"}],"wp:attachment":[{"href":"https:\/\/haberkuzey.com\/index.php\/wp-json\/wp\/v2\/media?parent=46482"}],"wp:term":[{"taxonomy":"category","embeddable":true,"href":"https:\/\/haberkuzey.com\/index.php\/wp-json\/wp\/v2\/categories?post=46482"},{"taxonomy":"post_tag","embeddable":true,"href":"https:\/\/haberkuzey.com\/index.php\/wp-json\/wp\/v2\/tags?post=46482"}],"curies":[{"name":"wp","href":"https:\/\/api.w.org\/{rel}","templated":true}]}}