{"id":46462,"date":"2026-09-04T23:21:02","date_gmt":"2026-09-04T20:21:02","guid":{"rendered":"https:\/\/haberkuzey.com\/index.php\/2026\/09\/04\/abdde-12-yas-altina-zayiflama-ilaci-kullanimi-artti\/"},"modified":"2026-09-04T23:21:02","modified_gmt":"2026-09-04T20:21:02","slug":"abdde-12-yas-altina-zayiflama-ilaci-kullanimi-artti","status":"publish","type":"post","link":"https:\/\/haberkuzey.com\/index.php\/2026\/09\/04\/abdde-12-yas-altina-zayiflama-ilaci-kullanimi-artti\/","title":{"rendered":"ABD&#8217;de 12 ya\u015f alt\u0131na zay\u0131flama ilac\u0131 kullan\u0131m\u0131 artt\u0131"},"content":{"rendered":"<p><\/p>\n<div>\n<p>&#13;<br \/>\n\tPediatrics dergisinde yay\u0131mlanan ara\u015ft\u0131rmada, obezite tan\u0131s\u0131 bulunan ve diyabet hastas\u0131 olmayan 8-11 ya\u015flar\u0131ndaki 3,5 milyondan fazla \u00e7ocu\u011fun verileri incelendi.<\/p>\n<p>&#13;<br \/>\n\tAra\u015ft\u0131rmaya g\u00f6re, GLP-1 grubu ila\u00e7lar\u0131n re\u00e7ete edilme oran\u0131 2019&#8217;da y\u00fczde 0,03 iken, haziran itibar\u0131yla y\u00fczde 9,3&#8217;e y\u00fckseldi.<\/p>\n<p>&#13;<br \/>\n\tS\u00f6z konusu ila\u00e7lar 12 ya\u015f alt\u0131ndaki \u00e7ocuklar\u0131n kullan\u0131m\u0131 i\u00e7in onayl\u0131 olmasa da klinik k\u0131lavuzlar\u0131n, baz\u0131 durumlarda 8 ya\u015f\u0131ndan itibaren obezite tedavisinde bu ila\u00e7lar\u0131n kullan\u0131lmas\u0131na izin verdi\u011fi belirtildi.<\/p>\n<p>&#13;<br \/>\n\tAra\u015ft\u0131rma d\u00f6neminde 20 bin 282 \u00e7ocu\u011fa GLP-1 grubu ila\u00e7 re\u00e7ete edildi. Bu \u00e7ocuklar\u0131n y\u00fczde 94&#8217;\u00fcn\u00fcn ileri derecede obez oldu\u011fu, yakla\u015f\u0131k y\u00fczde 65&#8217;inde ise y\u00fcksek kolesterol, y\u00fcksek tansiyon veya uyku apnesi gibi en az bir ek sa\u011fl\u0131k sorunu bulundu\u011fu kaydedildi.<\/p>\n<p>&#13;<br \/>\n\tAra\u015ft\u0131rman\u0131n ba\u015f\u0131ndaki NYU Langone Health uzman\u0131 Babak Orandi, ila\u00e7lar\u0131 kullanan \u00e7ocuklar\u0131n toplam say\u0131s\u0131n\u0131n halen d\u00fc\u015f\u00fck oldu\u011funu ancak kullan\u0131m\u0131n h\u0131zla artt\u0131\u011f\u0131n\u0131 belirtti.<\/p>\n<p>&#13;<br \/>\n\tOrandi, ila\u00e7lar\u0131n uzun vadede g\u00fcvenli ve etkili olup olmad\u0131\u011f\u0131n\u0131n izlenmesi gerekti\u011fini vurgulad\u0131.<\/p>\n<p>&#13;<br \/>\n\tAra\u015ft\u0131rmada ayr\u0131ca, y\u00fcksek gelirli b\u00f6lgelerde ya\u015fayan \u00e7ocuklar\u0131n bu ila\u00e7lara re\u00e7ete edilme ihtimalinin di\u011ferlerine g\u00f6re y\u00fczde 55 daha fazla oldu\u011fu ve bu durumun tedaviye eri\u015fimde e\u015fitsizlik ya\u015fanabilece\u011fine i\u015faret etti\u011fi belirtildi.<br \/>&#13;<br \/>\n\t\u00a0<\/p>\n<\/p><\/div>\n","protected":false},"excerpt":{"rendered":"<p>&#13; Pediatrics dergisinde yay\u0131mlanan ara\u015ft\u0131rmada, obezite tan\u0131s\u0131 bulunan ve diyabet hastas\u0131 olmayan 8-11 ya\u015flar\u0131ndaki 3,5 milyondan fazla \u00e7ocu\u011fun verileri incelendi. &#13; Ara\u015ft\u0131rmaya g\u00f6re, GLP-1 grubu ila\u00e7lar\u0131n re\u00e7ete edilme oran\u0131 2019&#8217;da y\u00fczde 0,03 iken, haziran itibar\u0131yla y\u00fczde 9,3&#8217;e y\u00fckseldi. &#13; S\u00f6z konusu ila\u00e7lar 12 ya\u015f alt\u0131ndaki \u00e7ocuklar\u0131n kullan\u0131m\u0131 i\u00e7in onayl\u0131 olmasa da klinik k\u0131lavuzlar\u0131n, baz\u0131 durumlarda [&hellip;]<\/p>\n","protected":false},"author":1,"featured_media":46463,"comment_status":"open","ping_status":"open","sticky":false,"template":"","format":"standard","meta":{"jnews-multi-image_gallery":[],"jnews_single_post":[],"jnews_primary_category":[],"footnotes":""},"categories":[2],"tags":[],"class_list":["post-46462","post","type-post","status-publish","format-standard","has-post-thumbnail","hentry","category-dunya"],"yoast_head":"<!-- This site is optimized with the Yoast SEO plugin v28.4 - https:\/\/yoast.com\/product\/yoast-seo-wordpress\/ -->\n<title>ABD&#039;de 12 ya\u015f alt\u0131na zay\u0131flama ilac\u0131 kullan\u0131m\u0131 artt\u0131 - Haber Kuzey<\/title>\n<meta name=\"robots\" content=\"index, follow, max-snippet:-1, max-image-preview:large, max-video-preview:-1\" \/>\n<link rel=\"canonical\" href=\"https:\/\/haberkuzey.com\/index.php\/2026\/09\/04\/abdde-12-yas-altina-zayiflama-ilaci-kullanimi-artti\/\" \/>\n<meta property=\"og:locale\" content=\"tr_TR\" \/>\n<meta property=\"og:type\" content=\"article\" \/>\n<meta property=\"og:title\" content=\"ABD&#039;de 12 ya\u015f alt\u0131na zay\u0131flama ilac\u0131 kullan\u0131m\u0131 artt\u0131 - Haber Kuzey\" \/>\n<meta property=\"og:description\" content=\"&#013; Pediatrics dergisinde yay\u0131mlanan ara\u015ft\u0131rmada, obezite tan\u0131s\u0131 bulunan ve diyabet hastas\u0131 olmayan 8-11 ya\u015flar\u0131ndaki 3,5 milyondan fazla \u00e7ocu\u011fun verileri incelendi. &#013; Ara\u015ft\u0131rmaya g\u00f6re, GLP-1 grubu ila\u00e7lar\u0131n re\u00e7ete edilme oran\u0131 2019&#8217;da y\u00fczde 0,03 iken, haziran itibar\u0131yla y\u00fczde 9,3&#8217;e y\u00fckseldi. &#013; S\u00f6z konusu ila\u00e7lar 12 ya\u015f alt\u0131ndaki \u00e7ocuklar\u0131n kullan\u0131m\u0131 i\u00e7in onayl\u0131 olmasa da klinik k\u0131lavuzlar\u0131n, baz\u0131 durumlarda [&hellip;]\" \/>\n<meta property=\"og:url\" content=\"https:\/\/haberkuzey.com\/index.php\/2026\/09\/04\/abdde-12-yas-altina-zayiflama-ilaci-kullanimi-artti\/\" \/>\n<meta property=\"og:site_name\" content=\"Haber Kuzey\" \/>\n<meta property=\"article:published_time\" content=\"2026-09-04T20:21:02+00:00\" \/>\n<meta property=\"og:image\" content=\"https:\/\/trthaberstatic.cdn.wp.trt.com.tr\/resimler\/2102000\/kilo-verme-ilaci-2103543.jpg\" \/>\n<meta name=\"author\" content=\"haberkuzey\" \/>\n<meta name=\"twitter:card\" content=\"summary_large_image\" \/>\n<meta name=\"twitter:label1\" content=\"Yazan:\" \/>\n\t<meta name=\"twitter:data1\" content=\"haberkuzey\" \/>\n\t<meta name=\"twitter:label2\" content=\"Tahmini okuma s\u00fcresi\" \/>\n\t<meta name=\"twitter:data2\" content=\"1 dakika\" \/>\n<script type=\"application\/ld+json\" class=\"yoast-schema-graph\">{\"@context\":\"https:\\\/\\\/schema.org\",\"@graph\":[{\"@type\":\"Article\",\"@id\":\"https:\\\/\\\/haberkuzey.com\\\/index.php\\\/2026\\\/09\\\/04\\\/abdde-12-yas-altina-zayiflama-ilaci-kullanimi-artti\\\/#article\",\"isPartOf\":{\"@id\":\"https:\\\/\\\/haberkuzey.com\\\/index.php\\\/2026\\\/09\\\/04\\\/abdde-12-yas-altina-zayiflama-ilaci-kullanimi-artti\\\/\"},\"author\":{\"name\":\"haberkuzey\",\"@id\":\"https:\\\/\\\/haberkuzey.com\\\/#\\\/schema\\\/person\\\/3372109ec735f9333f4fa47ebb9605ca\"},\"headline\":\"ABD&#8217;de 12 ya\u015f alt\u0131na zay\u0131flama ilac\u0131 kullan\u0131m\u0131 artt\u0131\",\"datePublished\":\"2026-09-04T20:21:02+00:00\",\"mainEntityOfPage\":{\"@id\":\"https:\\\/\\\/haberkuzey.com\\\/index.php\\\/2026\\\/09\\\/04\\\/abdde-12-yas-altina-zayiflama-ilaci-kullanimi-artti\\\/\"},\"wordCount\":255,\"commentCount\":0,\"image\":{\"@id\":\"https:\\\/\\\/haberkuzey.com\\\/index.php\\\/2026\\\/09\\\/04\\\/abdde-12-yas-altina-zayiflama-ilaci-kullanimi-artti\\\/#primaryimage\"},\"thumbnailUrl\":\"https:\\\/\\\/haberkuzey.com\\\/wp-content\\\/uploads\\\/2026\\\/09\\\/kilo-verme-ilaci-2103543.jpg\",\"articleSection\":[\"D\u00fcnya\"],\"inLanguage\":\"tr\",\"potentialAction\":[{\"@type\":\"CommentAction\",\"name\":\"Comment\",\"target\":[\"https:\\\/\\\/haberkuzey.com\\\/index.php\\\/2026\\\/09\\\/04\\\/abdde-12-yas-altina-zayiflama-ilaci-kullanimi-artti\\\/#respond\"]}]},{\"@type\":\"WebPage\",\"@id\":\"https:\\\/\\\/haberkuzey.com\\\/index.php\\\/2026\\\/09\\\/04\\\/abdde-12-yas-altina-zayiflama-ilaci-kullanimi-artti\\\/\",\"url\":\"https:\\\/\\\/haberkuzey.com\\\/index.php\\\/2026\\\/09\\\/04\\\/abdde-12-yas-altina-zayiflama-ilaci-kullanimi-artti\\\/\",\"name\":\"ABD'de 12 ya\u015f alt\u0131na zay\u0131flama ilac\u0131 kullan\u0131m\u0131 artt\u0131 - Haber Kuzey\",\"isPartOf\":{\"@id\":\"https:\\\/\\\/haberkuzey.com\\\/#website\"},\"primaryImageOfPage\":{\"@id\":\"https:\\\/\\\/haberkuzey.com\\\/index.php\\\/2026\\\/09\\\/04\\\/abdde-12-yas-altina-zayiflama-ilaci-kullanimi-artti\\\/#primaryimage\"},\"image\":{\"@id\":\"https:\\\/\\\/haberkuzey.com\\\/index.php\\\/2026\\\/09\\\/04\\\/abdde-12-yas-altina-zayiflama-ilaci-kullanimi-artti\\\/#primaryimage\"},\"thumbnailUrl\":\"https:\\\/\\\/haberkuzey.com\\\/wp-content\\\/uploads\\\/2026\\\/09\\\/kilo-verme-ilaci-2103543.jpg\",\"datePublished\":\"2026-09-04T20:21:02+00:00\",\"author\":{\"@id\":\"https:\\\/\\\/haberkuzey.com\\\/#\\\/schema\\\/person\\\/3372109ec735f9333f4fa47ebb9605ca\"},\"breadcrumb\":{\"@id\":\"https:\\\/\\\/haberkuzey.com\\\/index.php\\\/2026\\\/09\\\/04\\\/abdde-12-yas-altina-zayiflama-ilaci-kullanimi-artti\\\/#breadcrumb\"},\"inLanguage\":\"tr\",\"potentialAction\":[{\"@type\":\"ReadAction\",\"target\":[\"https:\\\/\\\/haberkuzey.com\\\/index.php\\\/2026\\\/09\\\/04\\\/abdde-12-yas-altina-zayiflama-ilaci-kullanimi-artti\\\/\"]}]},{\"@type\":\"ImageObject\",\"inLanguage\":\"tr\",\"@id\":\"https:\\\/\\\/haberkuzey.com\\\/index.php\\\/2026\\\/09\\\/04\\\/abdde-12-yas-altina-zayiflama-ilaci-kullanimi-artti\\\/#primaryimage\",\"url\":\"https:\\\/\\\/haberkuzey.com\\\/wp-content\\\/uploads\\\/2026\\\/09\\\/kilo-verme-ilaci-2103543.jpg\",\"contentUrl\":\"https:\\\/\\\/haberkuzey.com\\\/wp-content\\\/uploads\\\/2026\\\/09\\\/kilo-verme-ilaci-2103543.jpg\",\"width\":1280,\"height\":720},{\"@type\":\"BreadcrumbList\",\"@id\":\"https:\\\/\\\/haberkuzey.com\\\/index.php\\\/2026\\\/09\\\/04\\\/abdde-12-yas-altina-zayiflama-ilaci-kullanimi-artti\\\/#breadcrumb\",\"itemListElement\":[{\"@type\":\"ListItem\",\"position\":1,\"name\":\"Anasayfa\",\"item\":\"https:\\\/\\\/haberkuzey.com\\\/\"},{\"@type\":\"ListItem\",\"position\":2,\"name\":\"ABD&#8217;de 12 ya\u015f alt\u0131na zay\u0131flama ilac\u0131 kullan\u0131m\u0131 artt\u0131\"}]},{\"@type\":\"WebSite\",\"@id\":\"https:\\\/\\\/haberkuzey.com\\\/#website\",\"url\":\"https:\\\/\\\/haberkuzey.com\\\/\",\"name\":\"Haber Kuzey\",\"description\":\"Do\u011fru Haberin Adresi\",\"potentialAction\":[{\"@type\":\"SearchAction\",\"target\":{\"@type\":\"EntryPoint\",\"urlTemplate\":\"https:\\\/\\\/haberkuzey.com\\\/?s={search_term_string}\"},\"query-input\":{\"@type\":\"PropertyValueSpecification\",\"valueRequired\":true,\"valueName\":\"search_term_string\"}}],\"inLanguage\":\"tr\"},{\"@type\":\"Person\",\"@id\":\"https:\\\/\\\/haberkuzey.com\\\/#\\\/schema\\\/person\\\/3372109ec735f9333f4fa47ebb9605ca\",\"name\":\"haberkuzey\",\"image\":{\"@type\":\"ImageObject\",\"inLanguage\":\"tr\",\"@id\":\"https:\\\/\\\/secure.gravatar.com\\\/avatar\\\/f5fc875574b1575324358c3b9e6a32b8227aa5b74f3fa22e3cadb63e26fcc39c?s=96&d=mm&r=g\",\"url\":\"https:\\\/\\\/secure.gravatar.com\\\/avatar\\\/f5fc875574b1575324358c3b9e6a32b8227aa5b74f3fa22e3cadb63e26fcc39c?s=96&d=mm&r=g\",\"contentUrl\":\"https:\\\/\\\/secure.gravatar.com\\\/avatar\\\/f5fc875574b1575324358c3b9e6a32b8227aa5b74f3fa22e3cadb63e26fcc39c?s=96&d=mm&r=g\",\"caption\":\"haberkuzey\"},\"sameAs\":[\"https:\\\/\\\/haberkuzey.com\"],\"url\":\"https:\\\/\\\/haberkuzey.com\\\/index.php\\\/author\\\/haberkuzey\\\/\"}]}<\/script>\n<!-- \/ Yoast SEO plugin. -->","yoast_head_json":{"title":"ABD'de 12 ya\u015f alt\u0131na zay\u0131flama ilac\u0131 kullan\u0131m\u0131 artt\u0131 - Haber Kuzey","robots":{"index":"index","follow":"follow","max-snippet":"max-snippet:-1","max-image-preview":"max-image-preview:large","max-video-preview":"max-video-preview:-1"},"canonical":"https:\/\/haberkuzey.com\/index.php\/2026\/09\/04\/abdde-12-yas-altina-zayiflama-ilaci-kullanimi-artti\/","og_locale":"tr_TR","og_type":"article","og_title":"ABD'de 12 ya\u015f alt\u0131na zay\u0131flama ilac\u0131 kullan\u0131m\u0131 artt\u0131 - Haber Kuzey","og_description":"&#13; Pediatrics dergisinde yay\u0131mlanan ara\u015ft\u0131rmada, obezite tan\u0131s\u0131 bulunan ve diyabet hastas\u0131 olmayan 8-11 ya\u015flar\u0131ndaki 3,5 milyondan fazla \u00e7ocu\u011fun verileri incelendi. &#13; Ara\u015ft\u0131rmaya g\u00f6re, GLP-1 grubu ila\u00e7lar\u0131n re\u00e7ete edilme oran\u0131 2019&#8217;da y\u00fczde 0,03 iken, haziran itibar\u0131yla y\u00fczde 9,3&#8217;e y\u00fckseldi. &#13; S\u00f6z konusu ila\u00e7lar 12 ya\u015f alt\u0131ndaki \u00e7ocuklar\u0131n kullan\u0131m\u0131 i\u00e7in onayl\u0131 olmasa da klinik k\u0131lavuzlar\u0131n, baz\u0131 durumlarda [&hellip;]","og_url":"https:\/\/haberkuzey.com\/index.php\/2026\/09\/04\/abdde-12-yas-altina-zayiflama-ilaci-kullanimi-artti\/","og_site_name":"Haber Kuzey","article_published_time":"2026-09-04T20:21:02+00:00","og_image":[{"url":"https:\/\/trthaberstatic.cdn.wp.trt.com.tr\/resimler\/2102000\/kilo-verme-ilaci-2103543.jpg","type":"","width":"","height":""}],"author":"haberkuzey","twitter_card":"summary_large_image","twitter_misc":{"Yazan:":"haberkuzey","Tahmini okuma s\u00fcresi":"1 dakika"},"schema":{"@context":"https:\/\/schema.org","@graph":[{"@type":"Article","@id":"https:\/\/haberkuzey.com\/index.php\/2026\/09\/04\/abdde-12-yas-altina-zayiflama-ilaci-kullanimi-artti\/#article","isPartOf":{"@id":"https:\/\/haberkuzey.com\/index.php\/2026\/09\/04\/abdde-12-yas-altina-zayiflama-ilaci-kullanimi-artti\/"},"author":{"name":"haberkuzey","@id":"https:\/\/haberkuzey.com\/#\/schema\/person\/3372109ec735f9333f4fa47ebb9605ca"},"headline":"ABD&#8217;de 12 ya\u015f alt\u0131na zay\u0131flama ilac\u0131 kullan\u0131m\u0131 artt\u0131","datePublished":"2026-09-04T20:21:02+00:00","mainEntityOfPage":{"@id":"https:\/\/haberkuzey.com\/index.php\/2026\/09\/04\/abdde-12-yas-altina-zayiflama-ilaci-kullanimi-artti\/"},"wordCount":255,"commentCount":0,"image":{"@id":"https:\/\/haberkuzey.com\/index.php\/2026\/09\/04\/abdde-12-yas-altina-zayiflama-ilaci-kullanimi-artti\/#primaryimage"},"thumbnailUrl":"https:\/\/haberkuzey.com\/wp-content\/uploads\/2026\/09\/kilo-verme-ilaci-2103543.jpg","articleSection":["D\u00fcnya"],"inLanguage":"tr","potentialAction":[{"@type":"CommentAction","name":"Comment","target":["https:\/\/haberkuzey.com\/index.php\/2026\/09\/04\/abdde-12-yas-altina-zayiflama-ilaci-kullanimi-artti\/#respond"]}]},{"@type":"WebPage","@id":"https:\/\/haberkuzey.com\/index.php\/2026\/09\/04\/abdde-12-yas-altina-zayiflama-ilaci-kullanimi-artti\/","url":"https:\/\/haberkuzey.com\/index.php\/2026\/09\/04\/abdde-12-yas-altina-zayiflama-ilaci-kullanimi-artti\/","name":"ABD'de 12 ya\u015f alt\u0131na zay\u0131flama ilac\u0131 kullan\u0131m\u0131 artt\u0131 - Haber Kuzey","isPartOf":{"@id":"https:\/\/haberkuzey.com\/#website"},"primaryImageOfPage":{"@id":"https:\/\/haberkuzey.com\/index.php\/2026\/09\/04\/abdde-12-yas-altina-zayiflama-ilaci-kullanimi-artti\/#primaryimage"},"image":{"@id":"https:\/\/haberkuzey.com\/index.php\/2026\/09\/04\/abdde-12-yas-altina-zayiflama-ilaci-kullanimi-artti\/#primaryimage"},"thumbnailUrl":"https:\/\/haberkuzey.com\/wp-content\/uploads\/2026\/09\/kilo-verme-ilaci-2103543.jpg","datePublished":"2026-09-04T20:21:02+00:00","author":{"@id":"https:\/\/haberkuzey.com\/#\/schema\/person\/3372109ec735f9333f4fa47ebb9605ca"},"breadcrumb":{"@id":"https:\/\/haberkuzey.com\/index.php\/2026\/09\/04\/abdde-12-yas-altina-zayiflama-ilaci-kullanimi-artti\/#breadcrumb"},"inLanguage":"tr","potentialAction":[{"@type":"ReadAction","target":["https:\/\/haberkuzey.com\/index.php\/2026\/09\/04\/abdde-12-yas-altina-zayiflama-ilaci-kullanimi-artti\/"]}]},{"@type":"ImageObject","inLanguage":"tr","@id":"https:\/\/haberkuzey.com\/index.php\/2026\/09\/04\/abdde-12-yas-altina-zayiflama-ilaci-kullanimi-artti\/#primaryimage","url":"https:\/\/haberkuzey.com\/wp-content\/uploads\/2026\/09\/kilo-verme-ilaci-2103543.jpg","contentUrl":"https:\/\/haberkuzey.com\/wp-content\/uploads\/2026\/09\/kilo-verme-ilaci-2103543.jpg","width":1280,"height":720},{"@type":"BreadcrumbList","@id":"https:\/\/haberkuzey.com\/index.php\/2026\/09\/04\/abdde-12-yas-altina-zayiflama-ilaci-kullanimi-artti\/#breadcrumb","itemListElement":[{"@type":"ListItem","position":1,"name":"Anasayfa","item":"https:\/\/haberkuzey.com\/"},{"@type":"ListItem","position":2,"name":"ABD&#8217;de 12 ya\u015f alt\u0131na zay\u0131flama ilac\u0131 kullan\u0131m\u0131 artt\u0131"}]},{"@type":"WebSite","@id":"https:\/\/haberkuzey.com\/#website","url":"https:\/\/haberkuzey.com\/","name":"Haber Kuzey","description":"Do\u011fru Haberin Adresi","potentialAction":[{"@type":"SearchAction","target":{"@type":"EntryPoint","urlTemplate":"https:\/\/haberkuzey.com\/?s={search_term_string}"},"query-input":{"@type":"PropertyValueSpecification","valueRequired":true,"valueName":"search_term_string"}}],"inLanguage":"tr"},{"@type":"Person","@id":"https:\/\/haberkuzey.com\/#\/schema\/person\/3372109ec735f9333f4fa47ebb9605ca","name":"haberkuzey","image":{"@type":"ImageObject","inLanguage":"tr","@id":"https:\/\/secure.gravatar.com\/avatar\/f5fc875574b1575324358c3b9e6a32b8227aa5b74f3fa22e3cadb63e26fcc39c?s=96&d=mm&r=g","url":"https:\/\/secure.gravatar.com\/avatar\/f5fc875574b1575324358c3b9e6a32b8227aa5b74f3fa22e3cadb63e26fcc39c?s=96&d=mm&r=g","contentUrl":"https:\/\/secure.gravatar.com\/avatar\/f5fc875574b1575324358c3b9e6a32b8227aa5b74f3fa22e3cadb63e26fcc39c?s=96&d=mm&r=g","caption":"haberkuzey"},"sameAs":["https:\/\/haberkuzey.com"],"url":"https:\/\/haberkuzey.com\/index.php\/author\/haberkuzey\/"}]}},"_links":{"self":[{"href":"https:\/\/haberkuzey.com\/index.php\/wp-json\/wp\/v2\/posts\/46462","targetHints":{"allow":["GET"]}}],"collection":[{"href":"https:\/\/haberkuzey.com\/index.php\/wp-json\/wp\/v2\/posts"}],"about":[{"href":"https:\/\/haberkuzey.com\/index.php\/wp-json\/wp\/v2\/types\/post"}],"author":[{"embeddable":true,"href":"https:\/\/haberkuzey.com\/index.php\/wp-json\/wp\/v2\/users\/1"}],"replies":[{"embeddable":true,"href":"https:\/\/haberkuzey.com\/index.php\/wp-json\/wp\/v2\/comments?post=46462"}],"version-history":[{"count":0,"href":"https:\/\/haberkuzey.com\/index.php\/wp-json\/wp\/v2\/posts\/46462\/revisions"}],"wp:featuredmedia":[{"embeddable":true,"href":"https:\/\/haberkuzey.com\/index.php\/wp-json\/wp\/v2\/media\/46463"}],"wp:attachment":[{"href":"https:\/\/haberkuzey.com\/index.php\/wp-json\/wp\/v2\/media?parent=46462"}],"wp:term":[{"taxonomy":"category","embeddable":true,"href":"https:\/\/haberkuzey.com\/index.php\/wp-json\/wp\/v2\/categories?post=46462"},{"taxonomy":"post_tag","embeddable":true,"href":"https:\/\/haberkuzey.com\/index.php\/wp-json\/wp\/v2\/tags?post=46462"}],"curies":[{"name":"wp","href":"https:\/\/api.w.org\/{rel}","templated":true}]}}