{"id":46451,"date":"2026-09-04T16:14:06","date_gmt":"2026-09-04T13:14:06","guid":{"rendered":"https:\/\/haberkuzey.com\/index.php\/2026\/09\/04\/turk-askeri-kosovali-cocuklar-icin-oyun-parki-kurdu\/"},"modified":"2026-09-04T16:14:06","modified_gmt":"2026-09-04T13:14:06","slug":"turk-askeri-kosovali-cocuklar-icin-oyun-parki-kurdu","status":"publish","type":"post","link":"https:\/\/haberkuzey.com\/index.php\/2026\/09\/04\/turk-askeri-kosovali-cocuklar-icin-oyun-parki-kurdu\/","title":{"rendered":"T\u00fcrk askeri, Kosoval\u0131 \u00e7ocuklar i\u00e7in oyun park\u0131 kurdu"},"content":{"rendered":"<div>\n<p>&#13;<br \/>\n\tOkulda d\u00fczenlenen a\u00e7\u0131l\u0131\u015f t\u00f6renine T\u00fcrkiye&#8217;nin Prizren Ba\u015fkonsolosu Fatih Top\u00e7u, Kosova T\u00fcrk Temsil Heyet Ba\u015fkan\u0131 Piyade Albay Harun Elita\u015f, Prizren Belediye Ba\u015fkan Yard\u0131mc\u0131s\u0131 Furkan B\u00fct\u00fc\u00e7, Emin Duraku \u0130lkokulu M\u00fcd\u00fcr\u00fc Rrahim Bektashi\u2019nin yan\u0131 s\u0131ra \u00f6\u011fretmen, \u00f6\u011frenci ve veliler kat\u0131ld\u0131.<\/p>\n<p>&#13;<br \/>\n\tBa\u015fkonsolos Top\u00e7u, yapt\u0131\u011f\u0131 konu\u015fmada, bar\u0131\u015f ve istikrara katk\u0131 sunmak amac\u0131yla dost ve karde\u015f \u00fclke Kosova\u2019da bulunan T\u00fcrk askerinin \u00e7e\u015fitli alanlarda ger\u00e7ekle\u015ftirdi\u011fi projelerden duydu\u011fu memnuniyeti dile getirdi.<\/p>\n<p><\/p>\n<p>&#13;<br \/>\n\tTop\u00e7u, T\u00fcrkiye\u2019nin Kosova\u2019da g\u00f6rev yapan t\u00fcm kurumlar\u0131yla benzeri projeleri s\u00fcrd\u00fcrece\u011fini vurgulad\u0131.<\/p>\n<p>&#13;<br \/>\n\tPiyade Albay Elita\u015f da \u00e7ocuklara y\u00f6nelik yat\u0131r\u0131m\u0131n \u00fclkenin gelece\u011fine yap\u0131lan en k\u0131ymetli yat\u0131r\u0131m oldu\u011funu belirterek, \u201cBug\u00fcn a\u00e7\u0131l\u0131\u015f\u0131n\u0131 ger\u00e7ekle\u015ftirdi\u011fimiz bu modern oyun park\u0131, Mehmet\u00e7i\u011fin Kosoval\u0131 karde\u015flerine, buradaki evlatlar\u0131m\u0131za olan sevgisinin ve T\u00fcrk milletinin bitmek bilmeyen deste\u011finin somut bir ni\u015fanesidir.\u201d diye konu\u015ftu.<\/p>\n<p><img decoding=\"async\" alt=\"T\u00fcrk askeri, Kosoval\u0131 \u00e7ocuklar i\u00e7in oyun park\u0131 kurdu\" src=\"https:\/\/www.trthaber.com\/dosyalar\/images\/AA-20260904-42383669-42383668-TURK_ASKERI_KOSOVALI_COCUKLARA_OYUN_PARKI_KURDU.jpg\"\/><\/p>\n<p>&#13;<br \/>\n\tB\u00fct\u00fc\u00e7 ve Bektashi de sunduklar\u0131 desteklerden dolay\u0131 Mehmet\u00e7i\u011fe te\u015fekk\u00fcr etti.<\/p>\n<p>&#13;<br \/>\n\tKonu\u015fmalar\u0131n ard\u0131ndan okul \u00f6\u011frencilerinin g\u00f6steri sundu\u011fu t\u00f6ren, oyun park\u0131n\u0131n a\u00e7\u0131l\u0131\u015f kurdelesinin kesilmesinin ard\u0131ndan sona erdi.<\/p>\n<p>&#13;<br \/>\n\tT\u00fcrk askeri, 1999&#8217;dan bu yana Kosova&#8217;da g\u00f6rev yap\u0131yor.<\/p>\n<\/p><\/div>\n","protected":false},"excerpt":{"rendered":"<p>&#13; Okulda d\u00fczenlenen a\u00e7\u0131l\u0131\u015f t\u00f6renine T\u00fcrkiye&#8217;nin Prizren Ba\u015fkonsolosu Fatih Top\u00e7u, Kosova T\u00fcrk Temsil Heyet Ba\u015fkan\u0131 Piyade Albay Harun Elita\u015f, Prizren Belediye Ba\u015fkan Yard\u0131mc\u0131s\u0131 Furkan B\u00fct\u00fc\u00e7, Emin Duraku \u0130lkokulu M\u00fcd\u00fcr\u00fc Rrahim Bektashi\u2019nin yan\u0131 s\u0131ra \u00f6\u011fretmen, \u00f6\u011frenci ve veliler kat\u0131ld\u0131. &#13; Ba\u015fkonsolos Top\u00e7u, yapt\u0131\u011f\u0131 konu\u015fmada, bar\u0131\u015f ve istikrara katk\u0131 sunmak amac\u0131yla dost ve karde\u015f \u00fclke Kosova\u2019da bulunan [&hellip;]<\/p>\n","protected":false},"author":1,"featured_media":46452,"comment_status":"open","ping_status":"open","sticky":false,"template":"","format":"standard","meta":{"jnews-multi-image_gallery":[],"jnews_single_post":[],"jnews_primary_category":[],"footnotes":""},"categories":[2],"tags":[],"class_list":["post-46451","post","type-post","status-publish","format-standard","has-post-thumbnail","hentry","category-dunya"],"yoast_head":"<!-- This site is optimized with the Yoast SEO plugin v28.4 - https:\/\/yoast.com\/product\/yoast-seo-wordpress\/ -->\n<title>T\u00fcrk askeri, Kosoval\u0131 \u00e7ocuklar i\u00e7in oyun park\u0131 kurdu - Haber Kuzey<\/title>\n<meta name=\"robots\" content=\"index, follow, max-snippet:-1, max-image-preview:large, max-video-preview:-1\" \/>\n<link rel=\"canonical\" href=\"https:\/\/haberkuzey.com\/index.php\/2026\/09\/04\/turk-askeri-kosovali-cocuklar-icin-oyun-parki-kurdu\/\" \/>\n<meta property=\"og:locale\" content=\"tr_TR\" \/>\n<meta property=\"og:type\" content=\"article\" \/>\n<meta property=\"og:title\" content=\"T\u00fcrk askeri, Kosoval\u0131 \u00e7ocuklar i\u00e7in oyun park\u0131 kurdu - Haber Kuzey\" \/>\n<meta property=\"og:description\" content=\"&#013; Okulda d\u00fczenlenen a\u00e7\u0131l\u0131\u015f t\u00f6renine T\u00fcrkiye&#8217;nin Prizren Ba\u015fkonsolosu Fatih Top\u00e7u, Kosova T\u00fcrk Temsil Heyet Ba\u015fkan\u0131 Piyade Albay Harun Elita\u015f, Prizren Belediye Ba\u015fkan Yard\u0131mc\u0131s\u0131 Furkan B\u00fct\u00fc\u00e7, Emin Duraku \u0130lkokulu M\u00fcd\u00fcr\u00fc Rrahim Bektashi\u2019nin yan\u0131 s\u0131ra \u00f6\u011fretmen, \u00f6\u011frenci ve veliler kat\u0131ld\u0131. &#013; Ba\u015fkonsolos Top\u00e7u, yapt\u0131\u011f\u0131 konu\u015fmada, bar\u0131\u015f ve istikrara katk\u0131 sunmak amac\u0131yla dost ve karde\u015f \u00fclke Kosova\u2019da bulunan [&hellip;]\" \/>\n<meta property=\"og:url\" content=\"https:\/\/haberkuzey.com\/index.php\/2026\/09\/04\/turk-askeri-kosovali-cocuklar-icin-oyun-parki-kurdu\/\" \/>\n<meta property=\"og:site_name\" content=\"Haber Kuzey\" \/>\n<meta property=\"article:published_time\" content=\"2026-09-04T13:14:06+00:00\" \/>\n<meta property=\"og:image\" content=\"https:\/\/www.trthaber.com\/dosyalar\/images\/AA-20260904-42383669-42383664-TURK_ASKERI_KOSOVALI_COCUKLARA_OYUN_PARKI_KURDU.jpg\" \/>\n<meta name=\"author\" content=\"haberkuzey\" \/>\n<meta name=\"twitter:card\" content=\"summary_large_image\" \/>\n<meta name=\"twitter:label1\" content=\"Yazan:\" \/>\n\t<meta name=\"twitter:data1\" content=\"haberkuzey\" \/>\n\t<meta name=\"twitter:label2\" content=\"Tahmini okuma s\u00fcresi\" \/>\n\t<meta name=\"twitter:data2\" content=\"1 dakika\" \/>\n<script type=\"application\/ld+json\" class=\"yoast-schema-graph\">{\"@context\":\"https:\\\/\\\/schema.org\",\"@graph\":[{\"@type\":\"Article\",\"@id\":\"https:\\\/\\\/haberkuzey.com\\\/index.php\\\/2026\\\/09\\\/04\\\/turk-askeri-kosovali-cocuklar-icin-oyun-parki-kurdu\\\/#article\",\"isPartOf\":{\"@id\":\"https:\\\/\\\/haberkuzey.com\\\/index.php\\\/2026\\\/09\\\/04\\\/turk-askeri-kosovali-cocuklar-icin-oyun-parki-kurdu\\\/\"},\"author\":{\"name\":\"haberkuzey\",\"@id\":\"https:\\\/\\\/haberkuzey.com\\\/#\\\/schema\\\/person\\\/3372109ec735f9333f4fa47ebb9605ca\"},\"headline\":\"T\u00fcrk askeri, Kosoval\u0131 \u00e7ocuklar i\u00e7in oyun park\u0131 kurdu\",\"datePublished\":\"2026-09-04T13:14:06+00:00\",\"mainEntityOfPage\":{\"@id\":\"https:\\\/\\\/haberkuzey.com\\\/index.php\\\/2026\\\/09\\\/04\\\/turk-askeri-kosovali-cocuklar-icin-oyun-parki-kurdu\\\/\"},\"wordCount\":240,\"commentCount\":0,\"image\":{\"@id\":\"https:\\\/\\\/haberkuzey.com\\\/index.php\\\/2026\\\/09\\\/04\\\/turk-askeri-kosovali-cocuklar-icin-oyun-parki-kurdu\\\/#primaryimage\"},\"thumbnailUrl\":\"https:\\\/\\\/haberkuzey.com\\\/wp-content\\\/uploads\\\/2026\\\/09\\\/kosova-turk-askeri-2487065.jpg\",\"articleSection\":[\"D\u00fcnya\"],\"inLanguage\":\"tr\",\"potentialAction\":[{\"@type\":\"CommentAction\",\"name\":\"Comment\",\"target\":[\"https:\\\/\\\/haberkuzey.com\\\/index.php\\\/2026\\\/09\\\/04\\\/turk-askeri-kosovali-cocuklar-icin-oyun-parki-kurdu\\\/#respond\"]}]},{\"@type\":\"WebPage\",\"@id\":\"https:\\\/\\\/haberkuzey.com\\\/index.php\\\/2026\\\/09\\\/04\\\/turk-askeri-kosovali-cocuklar-icin-oyun-parki-kurdu\\\/\",\"url\":\"https:\\\/\\\/haberkuzey.com\\\/index.php\\\/2026\\\/09\\\/04\\\/turk-askeri-kosovali-cocuklar-icin-oyun-parki-kurdu\\\/\",\"name\":\"T\u00fcrk askeri, Kosoval\u0131 \u00e7ocuklar i\u00e7in oyun park\u0131 kurdu - Haber Kuzey\",\"isPartOf\":{\"@id\":\"https:\\\/\\\/haberkuzey.com\\\/#website\"},\"primaryImageOfPage\":{\"@id\":\"https:\\\/\\\/haberkuzey.com\\\/index.php\\\/2026\\\/09\\\/04\\\/turk-askeri-kosovali-cocuklar-icin-oyun-parki-kurdu\\\/#primaryimage\"},\"image\":{\"@id\":\"https:\\\/\\\/haberkuzey.com\\\/index.php\\\/2026\\\/09\\\/04\\\/turk-askeri-kosovali-cocuklar-icin-oyun-parki-kurdu\\\/#primaryimage\"},\"thumbnailUrl\":\"https:\\\/\\\/haberkuzey.com\\\/wp-content\\\/uploads\\\/2026\\\/09\\\/kosova-turk-askeri-2487065.jpg\",\"datePublished\":\"2026-09-04T13:14:06+00:00\",\"author\":{\"@id\":\"https:\\\/\\\/haberkuzey.com\\\/#\\\/schema\\\/person\\\/3372109ec735f9333f4fa47ebb9605ca\"},\"breadcrumb\":{\"@id\":\"https:\\\/\\\/haberkuzey.com\\\/index.php\\\/2026\\\/09\\\/04\\\/turk-askeri-kosovali-cocuklar-icin-oyun-parki-kurdu\\\/#breadcrumb\"},\"inLanguage\":\"tr\",\"potentialAction\":[{\"@type\":\"ReadAction\",\"target\":[\"https:\\\/\\\/haberkuzey.com\\\/index.php\\\/2026\\\/09\\\/04\\\/turk-askeri-kosovali-cocuklar-icin-oyun-parki-kurdu\\\/\"]}]},{\"@type\":\"ImageObject\",\"inLanguage\":\"tr\",\"@id\":\"https:\\\/\\\/haberkuzey.com\\\/index.php\\\/2026\\\/09\\\/04\\\/turk-askeri-kosovali-cocuklar-icin-oyun-parki-kurdu\\\/#primaryimage\",\"url\":\"https:\\\/\\\/haberkuzey.com\\\/wp-content\\\/uploads\\\/2026\\\/09\\\/kosova-turk-askeri-2487065.jpg\",\"contentUrl\":\"https:\\\/\\\/haberkuzey.com\\\/wp-content\\\/uploads\\\/2026\\\/09\\\/kosova-turk-askeri-2487065.jpg\",\"width\":1280,\"height\":720},{\"@type\":\"BreadcrumbList\",\"@id\":\"https:\\\/\\\/haberkuzey.com\\\/index.php\\\/2026\\\/09\\\/04\\\/turk-askeri-kosovali-cocuklar-icin-oyun-parki-kurdu\\\/#breadcrumb\",\"itemListElement\":[{\"@type\":\"ListItem\",\"position\":1,\"name\":\"Anasayfa\",\"item\":\"https:\\\/\\\/haberkuzey.com\\\/\"},{\"@type\":\"ListItem\",\"position\":2,\"name\":\"T\u00fcrk askeri, Kosoval\u0131 \u00e7ocuklar i\u00e7in oyun park\u0131 kurdu\"}]},{\"@type\":\"WebSite\",\"@id\":\"https:\\\/\\\/haberkuzey.com\\\/#website\",\"url\":\"https:\\\/\\\/haberkuzey.com\\\/\",\"name\":\"Haber Kuzey\",\"description\":\"Do\u011fru Haberin Adresi\",\"potentialAction\":[{\"@type\":\"SearchAction\",\"target\":{\"@type\":\"EntryPoint\",\"urlTemplate\":\"https:\\\/\\\/haberkuzey.com\\\/?s={search_term_string}\"},\"query-input\":{\"@type\":\"PropertyValueSpecification\",\"valueRequired\":true,\"valueName\":\"search_term_string\"}}],\"inLanguage\":\"tr\"},{\"@type\":\"Person\",\"@id\":\"https:\\\/\\\/haberkuzey.com\\\/#\\\/schema\\\/person\\\/3372109ec735f9333f4fa47ebb9605ca\",\"name\":\"haberkuzey\",\"image\":{\"@type\":\"ImageObject\",\"inLanguage\":\"tr\",\"@id\":\"https:\\\/\\\/secure.gravatar.com\\\/avatar\\\/f5fc875574b1575324358c3b9e6a32b8227aa5b74f3fa22e3cadb63e26fcc39c?s=96&d=mm&r=g\",\"url\":\"https:\\\/\\\/secure.gravatar.com\\\/avatar\\\/f5fc875574b1575324358c3b9e6a32b8227aa5b74f3fa22e3cadb63e26fcc39c?s=96&d=mm&r=g\",\"contentUrl\":\"https:\\\/\\\/secure.gravatar.com\\\/avatar\\\/f5fc875574b1575324358c3b9e6a32b8227aa5b74f3fa22e3cadb63e26fcc39c?s=96&d=mm&r=g\",\"caption\":\"haberkuzey\"},\"sameAs\":[\"https:\\\/\\\/haberkuzey.com\"],\"url\":\"https:\\\/\\\/haberkuzey.com\\\/index.php\\\/author\\\/haberkuzey\\\/\"}]}<\/script>\n<!-- \/ Yoast SEO plugin. -->","yoast_head_json":{"title":"T\u00fcrk askeri, Kosoval\u0131 \u00e7ocuklar i\u00e7in oyun park\u0131 kurdu - Haber Kuzey","robots":{"index":"index","follow":"follow","max-snippet":"max-snippet:-1","max-image-preview":"max-image-preview:large","max-video-preview":"max-video-preview:-1"},"canonical":"https:\/\/haberkuzey.com\/index.php\/2026\/09\/04\/turk-askeri-kosovali-cocuklar-icin-oyun-parki-kurdu\/","og_locale":"tr_TR","og_type":"article","og_title":"T\u00fcrk askeri, Kosoval\u0131 \u00e7ocuklar i\u00e7in oyun park\u0131 kurdu - Haber Kuzey","og_description":"&#13; Okulda d\u00fczenlenen a\u00e7\u0131l\u0131\u015f t\u00f6renine T\u00fcrkiye&#8217;nin Prizren Ba\u015fkonsolosu Fatih Top\u00e7u, Kosova T\u00fcrk Temsil Heyet Ba\u015fkan\u0131 Piyade Albay Harun Elita\u015f, Prizren Belediye Ba\u015fkan Yard\u0131mc\u0131s\u0131 Furkan B\u00fct\u00fc\u00e7, Emin Duraku \u0130lkokulu M\u00fcd\u00fcr\u00fc Rrahim Bektashi\u2019nin yan\u0131 s\u0131ra \u00f6\u011fretmen, \u00f6\u011frenci ve veliler kat\u0131ld\u0131. &#13; Ba\u015fkonsolos Top\u00e7u, yapt\u0131\u011f\u0131 konu\u015fmada, bar\u0131\u015f ve istikrara katk\u0131 sunmak amac\u0131yla dost ve karde\u015f \u00fclke Kosova\u2019da bulunan [&hellip;]","og_url":"https:\/\/haberkuzey.com\/index.php\/2026\/09\/04\/turk-askeri-kosovali-cocuklar-icin-oyun-parki-kurdu\/","og_site_name":"Haber Kuzey","article_published_time":"2026-09-04T13:14:06+00:00","og_image":[{"url":"https:\/\/www.trthaber.com\/dosyalar\/images\/AA-20260904-42383669-42383664-TURK_ASKERI_KOSOVALI_COCUKLARA_OYUN_PARKI_KURDU.jpg","type":"","width":"","height":""}],"author":"haberkuzey","twitter_card":"summary_large_image","twitter_misc":{"Yazan:":"haberkuzey","Tahmini okuma s\u00fcresi":"1 dakika"},"schema":{"@context":"https:\/\/schema.org","@graph":[{"@type":"Article","@id":"https:\/\/haberkuzey.com\/index.php\/2026\/09\/04\/turk-askeri-kosovali-cocuklar-icin-oyun-parki-kurdu\/#article","isPartOf":{"@id":"https:\/\/haberkuzey.com\/index.php\/2026\/09\/04\/turk-askeri-kosovali-cocuklar-icin-oyun-parki-kurdu\/"},"author":{"name":"haberkuzey","@id":"https:\/\/haberkuzey.com\/#\/schema\/person\/3372109ec735f9333f4fa47ebb9605ca"},"headline":"T\u00fcrk askeri, Kosoval\u0131 \u00e7ocuklar i\u00e7in oyun park\u0131 kurdu","datePublished":"2026-09-04T13:14:06+00:00","mainEntityOfPage":{"@id":"https:\/\/haberkuzey.com\/index.php\/2026\/09\/04\/turk-askeri-kosovali-cocuklar-icin-oyun-parki-kurdu\/"},"wordCount":240,"commentCount":0,"image":{"@id":"https:\/\/haberkuzey.com\/index.php\/2026\/09\/04\/turk-askeri-kosovali-cocuklar-icin-oyun-parki-kurdu\/#primaryimage"},"thumbnailUrl":"https:\/\/haberkuzey.com\/wp-content\/uploads\/2026\/09\/kosova-turk-askeri-2487065.jpg","articleSection":["D\u00fcnya"],"inLanguage":"tr","potentialAction":[{"@type":"CommentAction","name":"Comment","target":["https:\/\/haberkuzey.com\/index.php\/2026\/09\/04\/turk-askeri-kosovali-cocuklar-icin-oyun-parki-kurdu\/#respond"]}]},{"@type":"WebPage","@id":"https:\/\/haberkuzey.com\/index.php\/2026\/09\/04\/turk-askeri-kosovali-cocuklar-icin-oyun-parki-kurdu\/","url":"https:\/\/haberkuzey.com\/index.php\/2026\/09\/04\/turk-askeri-kosovali-cocuklar-icin-oyun-parki-kurdu\/","name":"T\u00fcrk askeri, Kosoval\u0131 \u00e7ocuklar i\u00e7in oyun park\u0131 kurdu - Haber Kuzey","isPartOf":{"@id":"https:\/\/haberkuzey.com\/#website"},"primaryImageOfPage":{"@id":"https:\/\/haberkuzey.com\/index.php\/2026\/09\/04\/turk-askeri-kosovali-cocuklar-icin-oyun-parki-kurdu\/#primaryimage"},"image":{"@id":"https:\/\/haberkuzey.com\/index.php\/2026\/09\/04\/turk-askeri-kosovali-cocuklar-icin-oyun-parki-kurdu\/#primaryimage"},"thumbnailUrl":"https:\/\/haberkuzey.com\/wp-content\/uploads\/2026\/09\/kosova-turk-askeri-2487065.jpg","datePublished":"2026-09-04T13:14:06+00:00","author":{"@id":"https:\/\/haberkuzey.com\/#\/schema\/person\/3372109ec735f9333f4fa47ebb9605ca"},"breadcrumb":{"@id":"https:\/\/haberkuzey.com\/index.php\/2026\/09\/04\/turk-askeri-kosovali-cocuklar-icin-oyun-parki-kurdu\/#breadcrumb"},"inLanguage":"tr","potentialAction":[{"@type":"ReadAction","target":["https:\/\/haberkuzey.com\/index.php\/2026\/09\/04\/turk-askeri-kosovali-cocuklar-icin-oyun-parki-kurdu\/"]}]},{"@type":"ImageObject","inLanguage":"tr","@id":"https:\/\/haberkuzey.com\/index.php\/2026\/09\/04\/turk-askeri-kosovali-cocuklar-icin-oyun-parki-kurdu\/#primaryimage","url":"https:\/\/haberkuzey.com\/wp-content\/uploads\/2026\/09\/kosova-turk-askeri-2487065.jpg","contentUrl":"https:\/\/haberkuzey.com\/wp-content\/uploads\/2026\/09\/kosova-turk-askeri-2487065.jpg","width":1280,"height":720},{"@type":"BreadcrumbList","@id":"https:\/\/haberkuzey.com\/index.php\/2026\/09\/04\/turk-askeri-kosovali-cocuklar-icin-oyun-parki-kurdu\/#breadcrumb","itemListElement":[{"@type":"ListItem","position":1,"name":"Anasayfa","item":"https:\/\/haberkuzey.com\/"},{"@type":"ListItem","position":2,"name":"T\u00fcrk askeri, Kosoval\u0131 \u00e7ocuklar i\u00e7in oyun park\u0131 kurdu"}]},{"@type":"WebSite","@id":"https:\/\/haberkuzey.com\/#website","url":"https:\/\/haberkuzey.com\/","name":"Haber Kuzey","description":"Do\u011fru Haberin Adresi","potentialAction":[{"@type":"SearchAction","target":{"@type":"EntryPoint","urlTemplate":"https:\/\/haberkuzey.com\/?s={search_term_string}"},"query-input":{"@type":"PropertyValueSpecification","valueRequired":true,"valueName":"search_term_string"}}],"inLanguage":"tr"},{"@type":"Person","@id":"https:\/\/haberkuzey.com\/#\/schema\/person\/3372109ec735f9333f4fa47ebb9605ca","name":"haberkuzey","image":{"@type":"ImageObject","inLanguage":"tr","@id":"https:\/\/secure.gravatar.com\/avatar\/f5fc875574b1575324358c3b9e6a32b8227aa5b74f3fa22e3cadb63e26fcc39c?s=96&d=mm&r=g","url":"https:\/\/secure.gravatar.com\/avatar\/f5fc875574b1575324358c3b9e6a32b8227aa5b74f3fa22e3cadb63e26fcc39c?s=96&d=mm&r=g","contentUrl":"https:\/\/secure.gravatar.com\/avatar\/f5fc875574b1575324358c3b9e6a32b8227aa5b74f3fa22e3cadb63e26fcc39c?s=96&d=mm&r=g","caption":"haberkuzey"},"sameAs":["https:\/\/haberkuzey.com"],"url":"https:\/\/haberkuzey.com\/index.php\/author\/haberkuzey\/"}]}},"_links":{"self":[{"href":"https:\/\/haberkuzey.com\/index.php\/wp-json\/wp\/v2\/posts\/46451","targetHints":{"allow":["GET"]}}],"collection":[{"href":"https:\/\/haberkuzey.com\/index.php\/wp-json\/wp\/v2\/posts"}],"about":[{"href":"https:\/\/haberkuzey.com\/index.php\/wp-json\/wp\/v2\/types\/post"}],"author":[{"embeddable":true,"href":"https:\/\/haberkuzey.com\/index.php\/wp-json\/wp\/v2\/users\/1"}],"replies":[{"embeddable":true,"href":"https:\/\/haberkuzey.com\/index.php\/wp-json\/wp\/v2\/comments?post=46451"}],"version-history":[{"count":0,"href":"https:\/\/haberkuzey.com\/index.php\/wp-json\/wp\/v2\/posts\/46451\/revisions"}],"wp:featuredmedia":[{"embeddable":true,"href":"https:\/\/haberkuzey.com\/index.php\/wp-json\/wp\/v2\/media\/46452"}],"wp:attachment":[{"href":"https:\/\/haberkuzey.com\/index.php\/wp-json\/wp\/v2\/media?parent=46451"}],"wp:term":[{"taxonomy":"category","embeddable":true,"href":"https:\/\/haberkuzey.com\/index.php\/wp-json\/wp\/v2\/categories?post=46451"},{"taxonomy":"post_tag","embeddable":true,"href":"https:\/\/haberkuzey.com\/index.php\/wp-json\/wp\/v2\/tags?post=46451"}],"curies":[{"name":"wp","href":"https:\/\/api.w.org\/{rel}","templated":true}]}}