{"id":46450,"date":"2026-09-04T15:13:03","date_gmt":"2026-09-04T12:13:03","guid":{"rendered":"https:\/\/haberkuzey.com\/index.php\/2026\/09\/04\/bm-afrikanin-gercek-boyutunu-gosteren-yeni-dunya-haritasini-oyluyor\/"},"modified":"2026-09-04T15:13:03","modified_gmt":"2026-09-04T12:13:03","slug":"bm-afrikanin-gercek-boyutunu-gosteren-yeni-dunya-haritasini-oyluyor","status":"publish","type":"post","link":"https:\/\/haberkuzey.com\/index.php\/2026\/09\/04\/bm-afrikanin-gercek-boyutunu-gosteren-yeni-dunya-haritasini-oyluyor\/","title":{"rendered":"BM Afrika&#8217;n\u0131n ger\u00e7ek boyutunu g\u00f6steren yeni d\u00fcnya haritas\u0131n\u0131 oyluyor"},"content":{"rendered":"<p><\/p>\n<div>\n<p>&#13;<br \/>\n\tTogo&#8217;nun \u00f6nc\u00fcl\u00fc\u011f\u00fcnde haz\u0131rlanan ve 54 Afrika Birli\u011fi \u00fcyesi \u00fclke taraf\u0131ndan desteklenen tasar\u0131, 1569 y\u0131l\u0131ndan bu yana k\u00fcresel standart olarak kabul edilen geleneksel Mercator projeksiyonunun kademeli olarak terk edilmesini ama\u00e7l\u0131yor.<\/p>\n<p>&#13;<br \/>\n\tBirle\u015fmi\u015f Milletler kararlar\u0131 ba\u011flay\u0131c\u0131 olmasa da tasar\u0131n\u0131n kabul edilmesi halinde e\u011fitim m\u00fcfredatlar\u0131ndan dijital harita teknolojilerine kadar pek \u00e7ok alanda k\u00f6kl\u00fc bir de\u011fi\u015fim ya\u015fanmas\u0131 bekleniyor. Togo D\u0131\u015fi\u015fleri Bakan\u0131 Robert Dussey, bu giri\u015fimin siyasi bir tart\u0131\u015fma olmad\u0131\u011f\u0131n\u0131, bilimsel kan\u0131tlar\u0131n ortaya koydu\u011fu ger\u00e7e\u011fin kabul edilmesi gerekti\u011fini vurguluyor.<\/p>\n<h2>&#13;<br \/>\n\tBe\u015f as\u0131rl\u0131k haritan\u0131n yaratt\u0131\u011f\u0131 yan\u0131lsama<\/h2>\n<p>&#13;<br \/>\n\tFlaman haritac\u0131 Gerardus Mercator taraf\u0131ndan 16. y\u00fczy\u0131lda denizcilerin y\u00f6n bulmas\u0131n\u0131 kolayla\u015ft\u0131rmak amac\u0131yla \u00e7izilen harita, k\u00fcre \u015feklindeki D\u00fcnya&#8217;y\u0131 d\u00fczleme aktar\u0131rken ciddi oran bozulmalar\u0131na yol a\u00e7\u0131yor. Bu \u00e7izim tekni\u011fi nedeniyle kutuplara yak\u0131n b\u00f6lgeler oldu\u011fundan \u00e7ok daha b\u00fcy\u00fck g\u00f6r\u00fcn\u00fcrken, ekvatora yak\u0131n co\u011frafyalar olduk\u00e7a k\u00fc\u00e7\u00fck kal\u0131yor.<\/p>\n<p>&#13;<br \/>\n\t\u00d6rne\u011fin mevcut haritada Gr\u00f6nland ile Afrika neredeyse ayn\u0131 b\u00fcy\u00fckl\u00fckte g\u00f6r\u00fcnse de ger\u00e7ekte Afrika k\u0131tas\u0131 Gr\u00f6nland&#8217;\u0131n tam 14 kat\u0131 b\u00fcy\u00fckl\u00fc\u011fe sahip bulunuyor. Afrika&#8217;n\u0131n toplam y\u00fcz\u00f6l\u00e7\u00fcm\u00fc; Amerika Birle\u015fik Devletleri, \u00c7in, Hindistan, Japonya, Meksika ve Avrupa&#8217;n\u0131n b\u00fcy\u00fck b\u00f6l\u00fcm\u00fcn\u00fc ayn\u0131 anda i\u00e7ine alabilecek geni\u015flikte yer kapl\u0131yor.<\/p>\n<h2>&#13;<br \/>\n\tS\u00f6m\u00fcrgecilik miras\u0131na kar\u015f\u0131 yeni tasar\u0131m<\/h2>\n<p>&#13;<br \/>\n\tTarih\u00e7iler ve co\u011frafyac\u0131lar, geleneksel haritan\u0131n Kuzey Yar\u0131mk\u00fcre \u00fclkelerini g\u00f6rsel olarak devle\u015ftirirken K\u00fcresel G\u00fcney&#8217;i k\u00fc\u00e7\u00fcltt\u00fc\u011f\u00fcn\u00fc ve bunun da uluslararas\u0131 ili\u015fkilerde bilin\u00e7alt\u0131 bir \u00fcst\u00fcnl\u00fck alg\u0131s\u0131 olu\u015fturdu\u011funu savunuyor.<\/p>\n<p>&#13;<br \/>\n\tAfrika Birli\u011fi destekli kampanya ise bu alg\u0131y\u0131 k\u0131rmak ad\u0131na 2018 y\u0131l\u0131nda uluslararas\u0131 bir kartografi ekibi taraf\u0131ndan geli\u015ftirilen ve alanlar\u0131 ger\u00e7e\u011fe uygun oranlarla yans\u0131tan &#8220;Equal Earth&#8221; (E\u015fit D\u00fcnya) modelinin k\u00fcresel standart haline gelmesini hedefliyor.<\/p>\n<p>&#13;<br \/>\n\tUzmanlar, yeni haritaya ge\u00e7i\u015fin Afrika&#8217;n\u0131n demografik, ekonomik ve jeopolitik \u00f6neminin d\u00fcnya kamuoyunca do\u011fru anla\u015f\u0131lmas\u0131 i\u00e7in kritik bir ad\u0131m oldu\u011funu belirtiyor. Tasar\u0131n\u0131n kabul edilmesi durumunda UNESCO ve \u00f6nde gelen teknoloji \u015firketleriyle birlikte yeni haritan\u0131n dijital platformlara uyarlanmas\u0131 planlan\u0131yor.<\/p>\n<\/p><\/div>\n","protected":false},"excerpt":{"rendered":"<p>&#13; Togo&#8217;nun \u00f6nc\u00fcl\u00fc\u011f\u00fcnde haz\u0131rlanan ve 54 Afrika Birli\u011fi \u00fcyesi \u00fclke taraf\u0131ndan desteklenen tasar\u0131, 1569 y\u0131l\u0131ndan bu yana k\u00fcresel standart olarak kabul edilen geleneksel Mercator projeksiyonunun kademeli olarak terk edilmesini ama\u00e7l\u0131yor. &#13; Birle\u015fmi\u015f Milletler kararlar\u0131 ba\u011flay\u0131c\u0131 olmasa da tasar\u0131n\u0131n kabul edilmesi halinde e\u011fitim m\u00fcfredatlar\u0131ndan dijital harita teknolojilerine kadar pek \u00e7ok alanda k\u00f6kl\u00fc bir de\u011fi\u015fim ya\u015fanmas\u0131 bekleniyor. [&hellip;]<\/p>\n","protected":false},"author":1,"featured_media":2053,"comment_status":"open","ping_status":"open","sticky":false,"template":"","format":"standard","meta":{"jnews-multi-image_gallery":[],"jnews_single_post":[],"jnews_primary_category":[],"footnotes":""},"categories":[2],"tags":[],"class_list":["post-46450","post","type-post","status-publish","format-standard","has-post-thumbnail","hentry","category-dunya"],"yoast_head":"<!-- This site is optimized with the Yoast SEO plugin v28.4 - https:\/\/yoast.com\/product\/yoast-seo-wordpress\/ -->\n<title>BM Afrika&#039;n\u0131n ger\u00e7ek boyutunu g\u00f6steren yeni d\u00fcnya haritas\u0131n\u0131 oyluyor - Haber Kuzey<\/title>\n<meta name=\"robots\" content=\"index, follow, max-snippet:-1, max-image-preview:large, max-video-preview:-1\" \/>\n<link rel=\"canonical\" href=\"https:\/\/haberkuzey.com\/index.php\/2026\/09\/04\/bm-afrikanin-gercek-boyutunu-gosteren-yeni-dunya-haritasini-oyluyor\/\" \/>\n<meta property=\"og:locale\" content=\"tr_TR\" \/>\n<meta property=\"og:type\" content=\"article\" \/>\n<meta property=\"og:title\" content=\"BM Afrika&#039;n\u0131n ger\u00e7ek boyutunu g\u00f6steren yeni d\u00fcnya haritas\u0131n\u0131 oyluyor - Haber Kuzey\" \/>\n<meta property=\"og:description\" content=\"&#013; Togo&#8217;nun \u00f6nc\u00fcl\u00fc\u011f\u00fcnde haz\u0131rlanan ve 54 Afrika Birli\u011fi \u00fcyesi \u00fclke taraf\u0131ndan desteklenen tasar\u0131, 1569 y\u0131l\u0131ndan bu yana k\u00fcresel standart olarak kabul edilen geleneksel Mercator projeksiyonunun kademeli olarak terk edilmesini ama\u00e7l\u0131yor. &#013; Birle\u015fmi\u015f Milletler kararlar\u0131 ba\u011flay\u0131c\u0131 olmasa da tasar\u0131n\u0131n kabul edilmesi halinde e\u011fitim m\u00fcfredatlar\u0131ndan dijital harita teknolojilerine kadar pek \u00e7ok alanda k\u00f6kl\u00fc bir de\u011fi\u015fim ya\u015fanmas\u0131 bekleniyor. [&hellip;]\" \/>\n<meta property=\"og:url\" content=\"https:\/\/haberkuzey.com\/index.php\/2026\/09\/04\/bm-afrikanin-gercek-boyutunu-gosteren-yeni-dunya-haritasini-oyluyor\/\" \/>\n<meta property=\"og:site_name\" content=\"Haber Kuzey\" \/>\n<meta property=\"article:published_time\" content=\"2026-09-04T12:13:03+00:00\" \/>\n<meta property=\"og:image\" content=\"https:\/\/trthaberstatic.cdn.wp.trt.com.tr\/resimler\/2226000\/bmgk-reu-2227565.jpg\" \/>\n<meta name=\"author\" content=\"haberkuzey\" \/>\n<meta name=\"twitter:card\" content=\"summary_large_image\" \/>\n<meta name=\"twitter:label1\" content=\"Yazan:\" \/>\n\t<meta name=\"twitter:data1\" content=\"haberkuzey\" \/>\n\t<meta name=\"twitter:label2\" content=\"Tahmini okuma s\u00fcresi\" \/>\n\t<meta name=\"twitter:data2\" content=\"2 dakika\" \/>\n<script type=\"application\/ld+json\" class=\"yoast-schema-graph\">{\"@context\":\"https:\\\/\\\/schema.org\",\"@graph\":[{\"@type\":\"Article\",\"@id\":\"https:\\\/\\\/haberkuzey.com\\\/index.php\\\/2026\\\/09\\\/04\\\/bm-afrikanin-gercek-boyutunu-gosteren-yeni-dunya-haritasini-oyluyor\\\/#article\",\"isPartOf\":{\"@id\":\"https:\\\/\\\/haberkuzey.com\\\/index.php\\\/2026\\\/09\\\/04\\\/bm-afrikanin-gercek-boyutunu-gosteren-yeni-dunya-haritasini-oyluyor\\\/\"},\"author\":{\"name\":\"haberkuzey\",\"@id\":\"https:\\\/\\\/haberkuzey.com\\\/#\\\/schema\\\/person\\\/3372109ec735f9333f4fa47ebb9605ca\"},\"headline\":\"BM Afrika&#8217;n\u0131n ger\u00e7ek boyutunu g\u00f6steren yeni d\u00fcnya haritas\u0131n\u0131 oyluyor\",\"datePublished\":\"2026-09-04T12:13:03+00:00\",\"mainEntityOfPage\":{\"@id\":\"https:\\\/\\\/haberkuzey.com\\\/index.php\\\/2026\\\/09\\\/04\\\/bm-afrikanin-gercek-boyutunu-gosteren-yeni-dunya-haritasini-oyluyor\\\/\"},\"wordCount\":421,\"commentCount\":0,\"image\":{\"@id\":\"https:\\\/\\\/haberkuzey.com\\\/index.php\\\/2026\\\/09\\\/04\\\/bm-afrikanin-gercek-boyutunu-gosteren-yeni-dunya-haritasini-oyluyor\\\/#primaryimage\"},\"thumbnailUrl\":\"https:\\\/\\\/haberkuzey.com\\\/wp-content\\\/uploads\\\/2024\\\/05\\\/bmgk-reu-2227565.jpg\",\"articleSection\":[\"D\u00fcnya\"],\"inLanguage\":\"tr\",\"potentialAction\":[{\"@type\":\"CommentAction\",\"name\":\"Comment\",\"target\":[\"https:\\\/\\\/haberkuzey.com\\\/index.php\\\/2026\\\/09\\\/04\\\/bm-afrikanin-gercek-boyutunu-gosteren-yeni-dunya-haritasini-oyluyor\\\/#respond\"]}]},{\"@type\":\"WebPage\",\"@id\":\"https:\\\/\\\/haberkuzey.com\\\/index.php\\\/2026\\\/09\\\/04\\\/bm-afrikanin-gercek-boyutunu-gosteren-yeni-dunya-haritasini-oyluyor\\\/\",\"url\":\"https:\\\/\\\/haberkuzey.com\\\/index.php\\\/2026\\\/09\\\/04\\\/bm-afrikanin-gercek-boyutunu-gosteren-yeni-dunya-haritasini-oyluyor\\\/\",\"name\":\"BM Afrika'n\u0131n ger\u00e7ek boyutunu g\u00f6steren yeni d\u00fcnya haritas\u0131n\u0131 oyluyor - Haber Kuzey\",\"isPartOf\":{\"@id\":\"https:\\\/\\\/haberkuzey.com\\\/#website\"},\"primaryImageOfPage\":{\"@id\":\"https:\\\/\\\/haberkuzey.com\\\/index.php\\\/2026\\\/09\\\/04\\\/bm-afrikanin-gercek-boyutunu-gosteren-yeni-dunya-haritasini-oyluyor\\\/#primaryimage\"},\"image\":{\"@id\":\"https:\\\/\\\/haberkuzey.com\\\/index.php\\\/2026\\\/09\\\/04\\\/bm-afrikanin-gercek-boyutunu-gosteren-yeni-dunya-haritasini-oyluyor\\\/#primaryimage\"},\"thumbnailUrl\":\"https:\\\/\\\/haberkuzey.com\\\/wp-content\\\/uploads\\\/2024\\\/05\\\/bmgk-reu-2227565.jpg\",\"datePublished\":\"2026-09-04T12:13:03+00:00\",\"author\":{\"@id\":\"https:\\\/\\\/haberkuzey.com\\\/#\\\/schema\\\/person\\\/3372109ec735f9333f4fa47ebb9605ca\"},\"breadcrumb\":{\"@id\":\"https:\\\/\\\/haberkuzey.com\\\/index.php\\\/2026\\\/09\\\/04\\\/bm-afrikanin-gercek-boyutunu-gosteren-yeni-dunya-haritasini-oyluyor\\\/#breadcrumb\"},\"inLanguage\":\"tr\",\"potentialAction\":[{\"@type\":\"ReadAction\",\"target\":[\"https:\\\/\\\/haberkuzey.com\\\/index.php\\\/2026\\\/09\\\/04\\\/bm-afrikanin-gercek-boyutunu-gosteren-yeni-dunya-haritasini-oyluyor\\\/\"]}]},{\"@type\":\"ImageObject\",\"inLanguage\":\"tr\",\"@id\":\"https:\\\/\\\/haberkuzey.com\\\/index.php\\\/2026\\\/09\\\/04\\\/bm-afrikanin-gercek-boyutunu-gosteren-yeni-dunya-haritasini-oyluyor\\\/#primaryimage\",\"url\":\"https:\\\/\\\/haberkuzey.com\\\/wp-content\\\/uploads\\\/2024\\\/05\\\/bmgk-reu-2227565.jpg\",\"contentUrl\":\"https:\\\/\\\/haberkuzey.com\\\/wp-content\\\/uploads\\\/2024\\\/05\\\/bmgk-reu-2227565.jpg\",\"width\":1280,\"height\":720},{\"@type\":\"BreadcrumbList\",\"@id\":\"https:\\\/\\\/haberkuzey.com\\\/index.php\\\/2026\\\/09\\\/04\\\/bm-afrikanin-gercek-boyutunu-gosteren-yeni-dunya-haritasini-oyluyor\\\/#breadcrumb\",\"itemListElement\":[{\"@type\":\"ListItem\",\"position\":1,\"name\":\"Anasayfa\",\"item\":\"https:\\\/\\\/haberkuzey.com\\\/\"},{\"@type\":\"ListItem\",\"position\":2,\"name\":\"BM Afrika&#8217;n\u0131n ger\u00e7ek boyutunu g\u00f6steren yeni d\u00fcnya haritas\u0131n\u0131 oyluyor\"}]},{\"@type\":\"WebSite\",\"@id\":\"https:\\\/\\\/haberkuzey.com\\\/#website\",\"url\":\"https:\\\/\\\/haberkuzey.com\\\/\",\"name\":\"Haber Kuzey\",\"description\":\"Do\u011fru Haberin Adresi\",\"potentialAction\":[{\"@type\":\"SearchAction\",\"target\":{\"@type\":\"EntryPoint\",\"urlTemplate\":\"https:\\\/\\\/haberkuzey.com\\\/?s={search_term_string}\"},\"query-input\":{\"@type\":\"PropertyValueSpecification\",\"valueRequired\":true,\"valueName\":\"search_term_string\"}}],\"inLanguage\":\"tr\"},{\"@type\":\"Person\",\"@id\":\"https:\\\/\\\/haberkuzey.com\\\/#\\\/schema\\\/person\\\/3372109ec735f9333f4fa47ebb9605ca\",\"name\":\"haberkuzey\",\"image\":{\"@type\":\"ImageObject\",\"inLanguage\":\"tr\",\"@id\":\"https:\\\/\\\/secure.gravatar.com\\\/avatar\\\/f5fc875574b1575324358c3b9e6a32b8227aa5b74f3fa22e3cadb63e26fcc39c?s=96&d=mm&r=g\",\"url\":\"https:\\\/\\\/secure.gravatar.com\\\/avatar\\\/f5fc875574b1575324358c3b9e6a32b8227aa5b74f3fa22e3cadb63e26fcc39c?s=96&d=mm&r=g\",\"contentUrl\":\"https:\\\/\\\/secure.gravatar.com\\\/avatar\\\/f5fc875574b1575324358c3b9e6a32b8227aa5b74f3fa22e3cadb63e26fcc39c?s=96&d=mm&r=g\",\"caption\":\"haberkuzey\"},\"sameAs\":[\"https:\\\/\\\/haberkuzey.com\"],\"url\":\"https:\\\/\\\/haberkuzey.com\\\/index.php\\\/author\\\/haberkuzey\\\/\"}]}<\/script>\n<!-- \/ Yoast SEO plugin. -->","yoast_head_json":{"title":"BM Afrika'n\u0131n ger\u00e7ek boyutunu g\u00f6steren yeni d\u00fcnya haritas\u0131n\u0131 oyluyor - Haber Kuzey","robots":{"index":"index","follow":"follow","max-snippet":"max-snippet:-1","max-image-preview":"max-image-preview:large","max-video-preview":"max-video-preview:-1"},"canonical":"https:\/\/haberkuzey.com\/index.php\/2026\/09\/04\/bm-afrikanin-gercek-boyutunu-gosteren-yeni-dunya-haritasini-oyluyor\/","og_locale":"tr_TR","og_type":"article","og_title":"BM Afrika'n\u0131n ger\u00e7ek boyutunu g\u00f6steren yeni d\u00fcnya haritas\u0131n\u0131 oyluyor - Haber Kuzey","og_description":"&#13; Togo&#8217;nun \u00f6nc\u00fcl\u00fc\u011f\u00fcnde haz\u0131rlanan ve 54 Afrika Birli\u011fi \u00fcyesi \u00fclke taraf\u0131ndan desteklenen tasar\u0131, 1569 y\u0131l\u0131ndan bu yana k\u00fcresel standart olarak kabul edilen geleneksel Mercator projeksiyonunun kademeli olarak terk edilmesini ama\u00e7l\u0131yor. &#13; Birle\u015fmi\u015f Milletler kararlar\u0131 ba\u011flay\u0131c\u0131 olmasa da tasar\u0131n\u0131n kabul edilmesi halinde e\u011fitim m\u00fcfredatlar\u0131ndan dijital harita teknolojilerine kadar pek \u00e7ok alanda k\u00f6kl\u00fc bir de\u011fi\u015fim ya\u015fanmas\u0131 bekleniyor. [&hellip;]","og_url":"https:\/\/haberkuzey.com\/index.php\/2026\/09\/04\/bm-afrikanin-gercek-boyutunu-gosteren-yeni-dunya-haritasini-oyluyor\/","og_site_name":"Haber Kuzey","article_published_time":"2026-09-04T12:13:03+00:00","og_image":[{"url":"https:\/\/trthaberstatic.cdn.wp.trt.com.tr\/resimler\/2226000\/bmgk-reu-2227565.jpg","type":"","width":"","height":""}],"author":"haberkuzey","twitter_card":"summary_large_image","twitter_misc":{"Yazan:":"haberkuzey","Tahmini okuma s\u00fcresi":"2 dakika"},"schema":{"@context":"https:\/\/schema.org","@graph":[{"@type":"Article","@id":"https:\/\/haberkuzey.com\/index.php\/2026\/09\/04\/bm-afrikanin-gercek-boyutunu-gosteren-yeni-dunya-haritasini-oyluyor\/#article","isPartOf":{"@id":"https:\/\/haberkuzey.com\/index.php\/2026\/09\/04\/bm-afrikanin-gercek-boyutunu-gosteren-yeni-dunya-haritasini-oyluyor\/"},"author":{"name":"haberkuzey","@id":"https:\/\/haberkuzey.com\/#\/schema\/person\/3372109ec735f9333f4fa47ebb9605ca"},"headline":"BM Afrika&#8217;n\u0131n ger\u00e7ek boyutunu g\u00f6steren yeni d\u00fcnya haritas\u0131n\u0131 oyluyor","datePublished":"2026-09-04T12:13:03+00:00","mainEntityOfPage":{"@id":"https:\/\/haberkuzey.com\/index.php\/2026\/09\/04\/bm-afrikanin-gercek-boyutunu-gosteren-yeni-dunya-haritasini-oyluyor\/"},"wordCount":421,"commentCount":0,"image":{"@id":"https:\/\/haberkuzey.com\/index.php\/2026\/09\/04\/bm-afrikanin-gercek-boyutunu-gosteren-yeni-dunya-haritasini-oyluyor\/#primaryimage"},"thumbnailUrl":"https:\/\/haberkuzey.com\/wp-content\/uploads\/2024\/05\/bmgk-reu-2227565.jpg","articleSection":["D\u00fcnya"],"inLanguage":"tr","potentialAction":[{"@type":"CommentAction","name":"Comment","target":["https:\/\/haberkuzey.com\/index.php\/2026\/09\/04\/bm-afrikanin-gercek-boyutunu-gosteren-yeni-dunya-haritasini-oyluyor\/#respond"]}]},{"@type":"WebPage","@id":"https:\/\/haberkuzey.com\/index.php\/2026\/09\/04\/bm-afrikanin-gercek-boyutunu-gosteren-yeni-dunya-haritasini-oyluyor\/","url":"https:\/\/haberkuzey.com\/index.php\/2026\/09\/04\/bm-afrikanin-gercek-boyutunu-gosteren-yeni-dunya-haritasini-oyluyor\/","name":"BM Afrika'n\u0131n ger\u00e7ek boyutunu g\u00f6steren yeni d\u00fcnya haritas\u0131n\u0131 oyluyor - Haber Kuzey","isPartOf":{"@id":"https:\/\/haberkuzey.com\/#website"},"primaryImageOfPage":{"@id":"https:\/\/haberkuzey.com\/index.php\/2026\/09\/04\/bm-afrikanin-gercek-boyutunu-gosteren-yeni-dunya-haritasini-oyluyor\/#primaryimage"},"image":{"@id":"https:\/\/haberkuzey.com\/index.php\/2026\/09\/04\/bm-afrikanin-gercek-boyutunu-gosteren-yeni-dunya-haritasini-oyluyor\/#primaryimage"},"thumbnailUrl":"https:\/\/haberkuzey.com\/wp-content\/uploads\/2024\/05\/bmgk-reu-2227565.jpg","datePublished":"2026-09-04T12:13:03+00:00","author":{"@id":"https:\/\/haberkuzey.com\/#\/schema\/person\/3372109ec735f9333f4fa47ebb9605ca"},"breadcrumb":{"@id":"https:\/\/haberkuzey.com\/index.php\/2026\/09\/04\/bm-afrikanin-gercek-boyutunu-gosteren-yeni-dunya-haritasini-oyluyor\/#breadcrumb"},"inLanguage":"tr","potentialAction":[{"@type":"ReadAction","target":["https:\/\/haberkuzey.com\/index.php\/2026\/09\/04\/bm-afrikanin-gercek-boyutunu-gosteren-yeni-dunya-haritasini-oyluyor\/"]}]},{"@type":"ImageObject","inLanguage":"tr","@id":"https:\/\/haberkuzey.com\/index.php\/2026\/09\/04\/bm-afrikanin-gercek-boyutunu-gosteren-yeni-dunya-haritasini-oyluyor\/#primaryimage","url":"https:\/\/haberkuzey.com\/wp-content\/uploads\/2024\/05\/bmgk-reu-2227565.jpg","contentUrl":"https:\/\/haberkuzey.com\/wp-content\/uploads\/2024\/05\/bmgk-reu-2227565.jpg","width":1280,"height":720},{"@type":"BreadcrumbList","@id":"https:\/\/haberkuzey.com\/index.php\/2026\/09\/04\/bm-afrikanin-gercek-boyutunu-gosteren-yeni-dunya-haritasini-oyluyor\/#breadcrumb","itemListElement":[{"@type":"ListItem","position":1,"name":"Anasayfa","item":"https:\/\/haberkuzey.com\/"},{"@type":"ListItem","position":2,"name":"BM Afrika&#8217;n\u0131n ger\u00e7ek boyutunu g\u00f6steren yeni d\u00fcnya haritas\u0131n\u0131 oyluyor"}]},{"@type":"WebSite","@id":"https:\/\/haberkuzey.com\/#website","url":"https:\/\/haberkuzey.com\/","name":"Haber Kuzey","description":"Do\u011fru Haberin Adresi","potentialAction":[{"@type":"SearchAction","target":{"@type":"EntryPoint","urlTemplate":"https:\/\/haberkuzey.com\/?s={search_term_string}"},"query-input":{"@type":"PropertyValueSpecification","valueRequired":true,"valueName":"search_term_string"}}],"inLanguage":"tr"},{"@type":"Person","@id":"https:\/\/haberkuzey.com\/#\/schema\/person\/3372109ec735f9333f4fa47ebb9605ca","name":"haberkuzey","image":{"@type":"ImageObject","inLanguage":"tr","@id":"https:\/\/secure.gravatar.com\/avatar\/f5fc875574b1575324358c3b9e6a32b8227aa5b74f3fa22e3cadb63e26fcc39c?s=96&d=mm&r=g","url":"https:\/\/secure.gravatar.com\/avatar\/f5fc875574b1575324358c3b9e6a32b8227aa5b74f3fa22e3cadb63e26fcc39c?s=96&d=mm&r=g","contentUrl":"https:\/\/secure.gravatar.com\/avatar\/f5fc875574b1575324358c3b9e6a32b8227aa5b74f3fa22e3cadb63e26fcc39c?s=96&d=mm&r=g","caption":"haberkuzey"},"sameAs":["https:\/\/haberkuzey.com"],"url":"https:\/\/haberkuzey.com\/index.php\/author\/haberkuzey\/"}]}},"_links":{"self":[{"href":"https:\/\/haberkuzey.com\/index.php\/wp-json\/wp\/v2\/posts\/46450","targetHints":{"allow":["GET"]}}],"collection":[{"href":"https:\/\/haberkuzey.com\/index.php\/wp-json\/wp\/v2\/posts"}],"about":[{"href":"https:\/\/haberkuzey.com\/index.php\/wp-json\/wp\/v2\/types\/post"}],"author":[{"embeddable":true,"href":"https:\/\/haberkuzey.com\/index.php\/wp-json\/wp\/v2\/users\/1"}],"replies":[{"embeddable":true,"href":"https:\/\/haberkuzey.com\/index.php\/wp-json\/wp\/v2\/comments?post=46450"}],"version-history":[{"count":0,"href":"https:\/\/haberkuzey.com\/index.php\/wp-json\/wp\/v2\/posts\/46450\/revisions"}],"wp:featuredmedia":[{"embeddable":true,"href":"https:\/\/haberkuzey.com\/index.php\/wp-json\/wp\/v2\/media\/2053"}],"wp:attachment":[{"href":"https:\/\/haberkuzey.com\/index.php\/wp-json\/wp\/v2\/media?parent=46450"}],"wp:term":[{"taxonomy":"category","embeddable":true,"href":"https:\/\/haberkuzey.com\/index.php\/wp-json\/wp\/v2\/categories?post=46450"},{"taxonomy":"post_tag","embeddable":true,"href":"https:\/\/haberkuzey.com\/index.php\/wp-json\/wp\/v2\/tags?post=46450"}],"curies":[{"name":"wp","href":"https:\/\/api.w.org\/{rel}","templated":true}]}}