{"id":46447,"date":"2026-09-04T13:11:03","date_gmt":"2026-09-04T10:11:03","guid":{"rendered":"https:\/\/haberkuzey.com\/index.php\/2026\/09\/04\/volkswagen-2030-yilina-kadar-100-bin-calisanini-isten-cikaracagini-duyurdu\/"},"modified":"2026-09-04T13:11:03","modified_gmt":"2026-09-04T10:11:03","slug":"volkswagen-2030-yilina-kadar-100-bin-calisanini-isten-cikaracagini-duyurdu","status":"publish","type":"post","link":"https:\/\/haberkuzey.com\/index.php\/2026\/09\/04\/volkswagen-2030-yilina-kadar-100-bin-calisanini-isten-cikaracagini-duyurdu\/","title":{"rendered":"Volkswagen 2030 y\u0131l\u0131na kadar 100 bin \u00e7al\u0131\u015fan\u0131n\u0131 i\u015ften \u00e7\u0131karaca\u011f\u0131n\u0131 duyurdu"},"content":{"rendered":"<p><\/p>\n<div>\n<p>&#13;<br \/>\n\tAvrupa&#8217;n\u0131n en b\u00fcy\u00fck otomobil \u00fcreticisi Volkswagen, ABD&#8217;nin uygulad\u0131\u011f\u0131 g\u00fcmr\u00fck vergileri ve \u00c7inli rakiplerinin Avrupa pazar\u0131ndaki yo\u011fun bask\u0131s\u0131 nedeniyle tarihi bir tasarruf paketini devreye soktu.<\/p>\n<p>&#13;<br \/>\n\t\u015eirket y\u00f6netimi ve sendikalar aras\u0131nda var\u0131lan uzla\u015fma neticesinde, daha \u00f6nce kararla\u015ft\u0131r\u0131lan 50 bin i\u015ften \u00e7\u0131karmaya ek olarak 50 bin pozisyonun daha kapat\u0131lmas\u0131 kesinle\u015fti.<\/p>\n<p>&#13;<br \/>\n\tB\u00f6ylece on y\u0131l\u0131n sonuna kadar grubun toplam istihdam kayb\u0131 100 bine ula\u015facak. \u015eirket y\u00f6netimi, personel yap\u0131s\u0131n\u0131 mevcut ekonomik ger\u00e7eklerle uyumlu hale getirmenin grubun gelece\u011fi i\u00e7in zorunlu bir ad\u0131m oldu\u011funu a\u00e7\u0131klad\u0131.<\/p>\n<h2>&#13;<br \/>\n\t\u00dcr\u00fcn gam\u0131 daral\u0131yor ve d\u00f6rt fabrika kapanma riski ta\u015f\u0131yor<\/h2>\n<p>&#13;<br \/>\n\tTarihi d\u00f6n\u00fc\u015f\u00fcm plan\u0131 yaln\u0131zca \u00e7al\u0131\u015fan say\u0131s\u0131yla s\u0131n\u0131rl\u0131 kalmayacak; grup b\u00fcnyesindeki otomobil modeli say\u0131s\u0131 yar\u0131 yar\u0131ya azalt\u0131lacak.<\/p>\n<p>&#13;<br \/>\n\tBentley, Audi, Porsche ve Skoda gibi \u00f6nde gelen markalar\u0131 \u00e7at\u0131s\u0131 alt\u0131nda bar\u0131nd\u0131ran otomotiv grubu, Almanya&#8217;daki \u00fcretim tesislerinde de k\u00f6kl\u00fc de\u011fi\u015fikliklere gidecek.<\/p>\n<p>&#13;<br \/>\n\tHannover, Emden, Zwickau ve Neckarsulm kentlerinde bulunan d\u00f6rt \u00fcretim tesisinin 2030&#8217;lu y\u0131llara kadar a\u00e7\u0131k kalaca\u011f\u0131na dair herhangi bir garanti verilemeyece\u011fi bildirildi.<\/p>\n<p>&#13;<br \/>\n\tKarar, 650 binden fazla \u00e7al\u0131\u015fan\u0131 bulunan \u015firket b\u00fcnyesinde b\u00fcy\u00fck yank\u0131 uyand\u0131r\u0131rken, plan Volkswagen Denetleme Kurulu taraf\u0131ndan oy birli\u011fiyle onayland\u0131.<\/p>\n<h2>&#13;<br \/>\n\tPiyasalardan karara olumlu tepki geldi<\/h2>\n<p>&#13;<br \/>\n\tFinans \u00e7evreleri ve analistler, \u015firketin karma\u015f\u0131k y\u00f6netim yap\u0131s\u0131na ra\u011fmen bu b\u00fcy\u00fckl\u00fckte bir d\u00f6n\u00fc\u015f\u00fcm \u00fczerinde uzla\u015fma sa\u011flanmas\u0131n\u0131 kritik bir d\u00f6n\u00fcm noktas\u0131 olarak de\u011ferlendirdi.<\/p>\n<p>&#13;<br \/>\n\tUzmanlar, k\u00fcresel gelir f\u0131rsatlar\u0131n\u0131n darald\u0131\u011f\u0131 ve Almanya&#8217;daki \u00fcretim maliyetlerinin y\u00fckseldi\u011fi bir ortamda at\u0131lan ad\u0131m\u0131 ger\u00e7ek\u00e7i ve \u015firketin uzun vadeli varl\u0131\u011f\u0131 i\u00e7in zorunlu bir karar olarak nitelendirdi. Karar\u0131n ard\u0131ndan Volkswagen hisseleri i\u015flem g\u00fcn\u00fcn\u00fcn ba\u015f\u0131nda y\u00fczde 8 de\u011fer kazand\u0131.<\/p>\n<h2>&#13;<br \/>\n\tOtomotiv sekt\u00f6r\u00fcnde k\u00fcresel kriz derinle\u015fiyor<\/h2>\n<p>&#13;<br \/>\n\tAlman devinin att\u0131\u011f\u0131 bu radikal ad\u0131m, k\u00fcresel otomotiv end\u00fcstrisindeki genel darbo\u011faz\u0131n boyutlar\u0131n\u0131 da g\u00f6zler \u00f6n\u00fcne seriyor.<\/p>\n<p>&#13;<br \/>\n\t\u00d6zellikle \u00c7in pazar\u0131ndaki sat\u0131\u015flar\u0131n d\u00fc\u015fmesi, k\u00e2r marjlar\u0131n\u0131n erimesi ve Avrupa&#8217;daki kapasite fazlas\u0131 sorunlar\u0131 sekt\u00f6rdeki di\u011fer \u00fcreticileri de olumsuz etkiliyor. \u00c7in pazar\u0131nda ya\u015fanan gerilemenin yan\u0131 s\u0131ra jeopolitik gerginliklerin yaratt\u0131\u011f\u0131 aksamalar nedeniyle BMW&#8217;nin de y\u0131ll\u0131k k\u00e2r beklentilerini a\u015fa\u011f\u0131 y\u00f6nl\u00fc revize etti\u011fi g\u00f6r\u00fcl\u00fcyor.<\/p>\n<p>&#13;<br \/>\n\tSekt\u00f6r genelinde ya\u015fanan bu geli\u015fmeler, Avrupa merkezli otomotiv devlerinin gelecekte \u00e7ok daha sert rekabet ko\u015fullar\u0131yla kar\u015f\u0131 kar\u015f\u0131ya kalaca\u011f\u0131na i\u015faret ediyor.<\/p>\n<\/p><\/div>\n","protected":false},"excerpt":{"rendered":"<p>&#13; Avrupa&#8217;n\u0131n en b\u00fcy\u00fck otomobil \u00fcreticisi Volkswagen, ABD&#8217;nin uygulad\u0131\u011f\u0131 g\u00fcmr\u00fck vergileri ve \u00c7inli rakiplerinin Avrupa pazar\u0131ndaki yo\u011fun bask\u0131s\u0131 nedeniyle tarihi bir tasarruf paketini devreye soktu. &#13; \u015eirket y\u00f6netimi ve sendikalar aras\u0131nda var\u0131lan uzla\u015fma neticesinde, daha \u00f6nce kararla\u015ft\u0131r\u0131lan 50 bin i\u015ften \u00e7\u0131karmaya ek olarak 50 bin pozisyonun daha kapat\u0131lmas\u0131 kesinle\u015fti. &#13; B\u00f6ylece on y\u0131l\u0131n sonuna kadar [&hellip;]<\/p>\n","protected":false},"author":1,"featured_media":46448,"comment_status":"open","ping_status":"open","sticky":false,"template":"","format":"standard","meta":{"jnews-multi-image_gallery":[],"jnews_single_post":[],"jnews_primary_category":[],"footnotes":""},"categories":[2],"tags":[],"class_list":["post-46447","post","type-post","status-publish","format-standard","has-post-thumbnail","hentry","category-dunya"],"yoast_head":"<!-- This site is optimized with the Yoast SEO plugin v28.4 - https:\/\/yoast.com\/product\/yoast-seo-wordpress\/ -->\n<title>Volkswagen 2030 y\u0131l\u0131na kadar 100 bin \u00e7al\u0131\u015fan\u0131n\u0131 i\u015ften \u00e7\u0131karaca\u011f\u0131n\u0131 duyurdu - Haber Kuzey<\/title>\n<meta name=\"robots\" content=\"index, follow, max-snippet:-1, max-image-preview:large, max-video-preview:-1\" \/>\n<link rel=\"canonical\" href=\"https:\/\/haberkuzey.com\/index.php\/2026\/09\/04\/volkswagen-2030-yilina-kadar-100-bin-calisanini-isten-cikaracagini-duyurdu\/\" \/>\n<meta property=\"og:locale\" content=\"tr_TR\" \/>\n<meta property=\"og:type\" content=\"article\" \/>\n<meta property=\"og:title\" content=\"Volkswagen 2030 y\u0131l\u0131na kadar 100 bin \u00e7al\u0131\u015fan\u0131n\u0131 i\u015ften \u00e7\u0131karaca\u011f\u0131n\u0131 duyurdu - Haber Kuzey\" \/>\n<meta property=\"og:description\" content=\"&#013; Avrupa&#8217;n\u0131n en b\u00fcy\u00fck otomobil \u00fcreticisi Volkswagen, ABD&#8217;nin uygulad\u0131\u011f\u0131 g\u00fcmr\u00fck vergileri ve \u00c7inli rakiplerinin Avrupa pazar\u0131ndaki yo\u011fun bask\u0131s\u0131 nedeniyle tarihi bir tasarruf paketini devreye soktu. &#013; \u015eirket y\u00f6netimi ve sendikalar aras\u0131nda var\u0131lan uzla\u015fma neticesinde, daha \u00f6nce kararla\u015ft\u0131r\u0131lan 50 bin i\u015ften \u00e7\u0131karmaya ek olarak 50 bin pozisyonun daha kapat\u0131lmas\u0131 kesinle\u015fti. &#013; B\u00f6ylece on y\u0131l\u0131n sonuna kadar [&hellip;]\" \/>\n<meta property=\"og:url\" content=\"https:\/\/haberkuzey.com\/index.php\/2026\/09\/04\/volkswagen-2030-yilina-kadar-100-bin-calisanini-isten-cikaracagini-duyurdu\/\" \/>\n<meta property=\"og:site_name\" content=\"Haber Kuzey\" \/>\n<meta property=\"article:published_time\" content=\"2026-09-04T10:11:03+00:00\" \/>\n<meta property=\"og:image\" content=\"https:\/\/trthaberstatic.cdn.wp.trt.com.tr\/resimler\/2298000\/volkswagen-reuters-2298508.jpg\" \/>\n<meta name=\"author\" content=\"haberkuzey\" \/>\n<meta name=\"twitter:card\" content=\"summary_large_image\" \/>\n<meta name=\"twitter:label1\" content=\"Yazan:\" \/>\n\t<meta name=\"twitter:data1\" content=\"haberkuzey\" \/>\n\t<meta name=\"twitter:label2\" content=\"Tahmini okuma s\u00fcresi\" \/>\n\t<meta name=\"twitter:data2\" content=\"2 dakika\" \/>\n<script type=\"application\/ld+json\" class=\"yoast-schema-graph\">{\"@context\":\"https:\\\/\\\/schema.org\",\"@graph\":[{\"@type\":\"Article\",\"@id\":\"https:\\\/\\\/haberkuzey.com\\\/index.php\\\/2026\\\/09\\\/04\\\/volkswagen-2030-yilina-kadar-100-bin-calisanini-isten-cikaracagini-duyurdu\\\/#article\",\"isPartOf\":{\"@id\":\"https:\\\/\\\/haberkuzey.com\\\/index.php\\\/2026\\\/09\\\/04\\\/volkswagen-2030-yilina-kadar-100-bin-calisanini-isten-cikaracagini-duyurdu\\\/\"},\"author\":{\"name\":\"haberkuzey\",\"@id\":\"https:\\\/\\\/haberkuzey.com\\\/#\\\/schema\\\/person\\\/3372109ec735f9333f4fa47ebb9605ca\"},\"headline\":\"Volkswagen 2030 y\u0131l\u0131na kadar 100 bin \u00e7al\u0131\u015fan\u0131n\u0131 i\u015ften \u00e7\u0131karaca\u011f\u0131n\u0131 duyurdu\",\"datePublished\":\"2026-09-04T10:11:03+00:00\",\"mainEntityOfPage\":{\"@id\":\"https:\\\/\\\/haberkuzey.com\\\/index.php\\\/2026\\\/09\\\/04\\\/volkswagen-2030-yilina-kadar-100-bin-calisanini-isten-cikaracagini-duyurdu\\\/\"},\"wordCount\":467,\"commentCount\":0,\"image\":{\"@id\":\"https:\\\/\\\/haberkuzey.com\\\/index.php\\\/2026\\\/09\\\/04\\\/volkswagen-2030-yilina-kadar-100-bin-calisanini-isten-cikaracagini-duyurdu\\\/#primaryimage\"},\"thumbnailUrl\":\"https:\\\/\\\/haberkuzey.com\\\/wp-content\\\/uploads\\\/2026\\\/09\\\/volkswagen-reuters-2298508.jpg\",\"articleSection\":[\"D\u00fcnya\"],\"inLanguage\":\"tr\",\"potentialAction\":[{\"@type\":\"CommentAction\",\"name\":\"Comment\",\"target\":[\"https:\\\/\\\/haberkuzey.com\\\/index.php\\\/2026\\\/09\\\/04\\\/volkswagen-2030-yilina-kadar-100-bin-calisanini-isten-cikaracagini-duyurdu\\\/#respond\"]}]},{\"@type\":\"WebPage\",\"@id\":\"https:\\\/\\\/haberkuzey.com\\\/index.php\\\/2026\\\/09\\\/04\\\/volkswagen-2030-yilina-kadar-100-bin-calisanini-isten-cikaracagini-duyurdu\\\/\",\"url\":\"https:\\\/\\\/haberkuzey.com\\\/index.php\\\/2026\\\/09\\\/04\\\/volkswagen-2030-yilina-kadar-100-bin-calisanini-isten-cikaracagini-duyurdu\\\/\",\"name\":\"Volkswagen 2030 y\u0131l\u0131na kadar 100 bin \u00e7al\u0131\u015fan\u0131n\u0131 i\u015ften \u00e7\u0131karaca\u011f\u0131n\u0131 duyurdu - Haber Kuzey\",\"isPartOf\":{\"@id\":\"https:\\\/\\\/haberkuzey.com\\\/#website\"},\"primaryImageOfPage\":{\"@id\":\"https:\\\/\\\/haberkuzey.com\\\/index.php\\\/2026\\\/09\\\/04\\\/volkswagen-2030-yilina-kadar-100-bin-calisanini-isten-cikaracagini-duyurdu\\\/#primaryimage\"},\"image\":{\"@id\":\"https:\\\/\\\/haberkuzey.com\\\/index.php\\\/2026\\\/09\\\/04\\\/volkswagen-2030-yilina-kadar-100-bin-calisanini-isten-cikaracagini-duyurdu\\\/#primaryimage\"},\"thumbnailUrl\":\"https:\\\/\\\/haberkuzey.com\\\/wp-content\\\/uploads\\\/2026\\\/09\\\/volkswagen-reuters-2298508.jpg\",\"datePublished\":\"2026-09-04T10:11:03+00:00\",\"author\":{\"@id\":\"https:\\\/\\\/haberkuzey.com\\\/#\\\/schema\\\/person\\\/3372109ec735f9333f4fa47ebb9605ca\"},\"breadcrumb\":{\"@id\":\"https:\\\/\\\/haberkuzey.com\\\/index.php\\\/2026\\\/09\\\/04\\\/volkswagen-2030-yilina-kadar-100-bin-calisanini-isten-cikaracagini-duyurdu\\\/#breadcrumb\"},\"inLanguage\":\"tr\",\"potentialAction\":[{\"@type\":\"ReadAction\",\"target\":[\"https:\\\/\\\/haberkuzey.com\\\/index.php\\\/2026\\\/09\\\/04\\\/volkswagen-2030-yilina-kadar-100-bin-calisanini-isten-cikaracagini-duyurdu\\\/\"]}]},{\"@type\":\"ImageObject\",\"inLanguage\":\"tr\",\"@id\":\"https:\\\/\\\/haberkuzey.com\\\/index.php\\\/2026\\\/09\\\/04\\\/volkswagen-2030-yilina-kadar-100-bin-calisanini-isten-cikaracagini-duyurdu\\\/#primaryimage\",\"url\":\"https:\\\/\\\/haberkuzey.com\\\/wp-content\\\/uploads\\\/2026\\\/09\\\/volkswagen-reuters-2298508.jpg\",\"contentUrl\":\"https:\\\/\\\/haberkuzey.com\\\/wp-content\\\/uploads\\\/2026\\\/09\\\/volkswagen-reuters-2298508.jpg\",\"width\":1280,\"height\":720},{\"@type\":\"BreadcrumbList\",\"@id\":\"https:\\\/\\\/haberkuzey.com\\\/index.php\\\/2026\\\/09\\\/04\\\/volkswagen-2030-yilina-kadar-100-bin-calisanini-isten-cikaracagini-duyurdu\\\/#breadcrumb\",\"itemListElement\":[{\"@type\":\"ListItem\",\"position\":1,\"name\":\"Anasayfa\",\"item\":\"https:\\\/\\\/haberkuzey.com\\\/\"},{\"@type\":\"ListItem\",\"position\":2,\"name\":\"Volkswagen 2030 y\u0131l\u0131na kadar 100 bin \u00e7al\u0131\u015fan\u0131n\u0131 i\u015ften \u00e7\u0131karaca\u011f\u0131n\u0131 duyurdu\"}]},{\"@type\":\"WebSite\",\"@id\":\"https:\\\/\\\/haberkuzey.com\\\/#website\",\"url\":\"https:\\\/\\\/haberkuzey.com\\\/\",\"name\":\"Haber Kuzey\",\"description\":\"Do\u011fru Haberin Adresi\",\"potentialAction\":[{\"@type\":\"SearchAction\",\"target\":{\"@type\":\"EntryPoint\",\"urlTemplate\":\"https:\\\/\\\/haberkuzey.com\\\/?s={search_term_string}\"},\"query-input\":{\"@type\":\"PropertyValueSpecification\",\"valueRequired\":true,\"valueName\":\"search_term_string\"}}],\"inLanguage\":\"tr\"},{\"@type\":\"Person\",\"@id\":\"https:\\\/\\\/haberkuzey.com\\\/#\\\/schema\\\/person\\\/3372109ec735f9333f4fa47ebb9605ca\",\"name\":\"haberkuzey\",\"image\":{\"@type\":\"ImageObject\",\"inLanguage\":\"tr\",\"@id\":\"https:\\\/\\\/secure.gravatar.com\\\/avatar\\\/f5fc875574b1575324358c3b9e6a32b8227aa5b74f3fa22e3cadb63e26fcc39c?s=96&d=mm&r=g\",\"url\":\"https:\\\/\\\/secure.gravatar.com\\\/avatar\\\/f5fc875574b1575324358c3b9e6a32b8227aa5b74f3fa22e3cadb63e26fcc39c?s=96&d=mm&r=g\",\"contentUrl\":\"https:\\\/\\\/secure.gravatar.com\\\/avatar\\\/f5fc875574b1575324358c3b9e6a32b8227aa5b74f3fa22e3cadb63e26fcc39c?s=96&d=mm&r=g\",\"caption\":\"haberkuzey\"},\"sameAs\":[\"https:\\\/\\\/haberkuzey.com\"],\"url\":\"https:\\\/\\\/haberkuzey.com\\\/index.php\\\/author\\\/haberkuzey\\\/\"}]}<\/script>\n<!-- \/ Yoast SEO plugin. -->","yoast_head_json":{"title":"Volkswagen 2030 y\u0131l\u0131na kadar 100 bin \u00e7al\u0131\u015fan\u0131n\u0131 i\u015ften \u00e7\u0131karaca\u011f\u0131n\u0131 duyurdu - Haber Kuzey","robots":{"index":"index","follow":"follow","max-snippet":"max-snippet:-1","max-image-preview":"max-image-preview:large","max-video-preview":"max-video-preview:-1"},"canonical":"https:\/\/haberkuzey.com\/index.php\/2026\/09\/04\/volkswagen-2030-yilina-kadar-100-bin-calisanini-isten-cikaracagini-duyurdu\/","og_locale":"tr_TR","og_type":"article","og_title":"Volkswagen 2030 y\u0131l\u0131na kadar 100 bin \u00e7al\u0131\u015fan\u0131n\u0131 i\u015ften \u00e7\u0131karaca\u011f\u0131n\u0131 duyurdu - Haber Kuzey","og_description":"&#13; Avrupa&#8217;n\u0131n en b\u00fcy\u00fck otomobil \u00fcreticisi Volkswagen, ABD&#8217;nin uygulad\u0131\u011f\u0131 g\u00fcmr\u00fck vergileri ve \u00c7inli rakiplerinin Avrupa pazar\u0131ndaki yo\u011fun bask\u0131s\u0131 nedeniyle tarihi bir tasarruf paketini devreye soktu. &#13; \u015eirket y\u00f6netimi ve sendikalar aras\u0131nda var\u0131lan uzla\u015fma neticesinde, daha \u00f6nce kararla\u015ft\u0131r\u0131lan 50 bin i\u015ften \u00e7\u0131karmaya ek olarak 50 bin pozisyonun daha kapat\u0131lmas\u0131 kesinle\u015fti. &#13; B\u00f6ylece on y\u0131l\u0131n sonuna kadar [&hellip;]","og_url":"https:\/\/haberkuzey.com\/index.php\/2026\/09\/04\/volkswagen-2030-yilina-kadar-100-bin-calisanini-isten-cikaracagini-duyurdu\/","og_site_name":"Haber Kuzey","article_published_time":"2026-09-04T10:11:03+00:00","og_image":[{"url":"https:\/\/trthaberstatic.cdn.wp.trt.com.tr\/resimler\/2298000\/volkswagen-reuters-2298508.jpg","type":"","width":"","height":""}],"author":"haberkuzey","twitter_card":"summary_large_image","twitter_misc":{"Yazan:":"haberkuzey","Tahmini okuma s\u00fcresi":"2 dakika"},"schema":{"@context":"https:\/\/schema.org","@graph":[{"@type":"Article","@id":"https:\/\/haberkuzey.com\/index.php\/2026\/09\/04\/volkswagen-2030-yilina-kadar-100-bin-calisanini-isten-cikaracagini-duyurdu\/#article","isPartOf":{"@id":"https:\/\/haberkuzey.com\/index.php\/2026\/09\/04\/volkswagen-2030-yilina-kadar-100-bin-calisanini-isten-cikaracagini-duyurdu\/"},"author":{"name":"haberkuzey","@id":"https:\/\/haberkuzey.com\/#\/schema\/person\/3372109ec735f9333f4fa47ebb9605ca"},"headline":"Volkswagen 2030 y\u0131l\u0131na kadar 100 bin \u00e7al\u0131\u015fan\u0131n\u0131 i\u015ften \u00e7\u0131karaca\u011f\u0131n\u0131 duyurdu","datePublished":"2026-09-04T10:11:03+00:00","mainEntityOfPage":{"@id":"https:\/\/haberkuzey.com\/index.php\/2026\/09\/04\/volkswagen-2030-yilina-kadar-100-bin-calisanini-isten-cikaracagini-duyurdu\/"},"wordCount":467,"commentCount":0,"image":{"@id":"https:\/\/haberkuzey.com\/index.php\/2026\/09\/04\/volkswagen-2030-yilina-kadar-100-bin-calisanini-isten-cikaracagini-duyurdu\/#primaryimage"},"thumbnailUrl":"https:\/\/haberkuzey.com\/wp-content\/uploads\/2026\/09\/volkswagen-reuters-2298508.jpg","articleSection":["D\u00fcnya"],"inLanguage":"tr","potentialAction":[{"@type":"CommentAction","name":"Comment","target":["https:\/\/haberkuzey.com\/index.php\/2026\/09\/04\/volkswagen-2030-yilina-kadar-100-bin-calisanini-isten-cikaracagini-duyurdu\/#respond"]}]},{"@type":"WebPage","@id":"https:\/\/haberkuzey.com\/index.php\/2026\/09\/04\/volkswagen-2030-yilina-kadar-100-bin-calisanini-isten-cikaracagini-duyurdu\/","url":"https:\/\/haberkuzey.com\/index.php\/2026\/09\/04\/volkswagen-2030-yilina-kadar-100-bin-calisanini-isten-cikaracagini-duyurdu\/","name":"Volkswagen 2030 y\u0131l\u0131na kadar 100 bin \u00e7al\u0131\u015fan\u0131n\u0131 i\u015ften \u00e7\u0131karaca\u011f\u0131n\u0131 duyurdu - Haber Kuzey","isPartOf":{"@id":"https:\/\/haberkuzey.com\/#website"},"primaryImageOfPage":{"@id":"https:\/\/haberkuzey.com\/index.php\/2026\/09\/04\/volkswagen-2030-yilina-kadar-100-bin-calisanini-isten-cikaracagini-duyurdu\/#primaryimage"},"image":{"@id":"https:\/\/haberkuzey.com\/index.php\/2026\/09\/04\/volkswagen-2030-yilina-kadar-100-bin-calisanini-isten-cikaracagini-duyurdu\/#primaryimage"},"thumbnailUrl":"https:\/\/haberkuzey.com\/wp-content\/uploads\/2026\/09\/volkswagen-reuters-2298508.jpg","datePublished":"2026-09-04T10:11:03+00:00","author":{"@id":"https:\/\/haberkuzey.com\/#\/schema\/person\/3372109ec735f9333f4fa47ebb9605ca"},"breadcrumb":{"@id":"https:\/\/haberkuzey.com\/index.php\/2026\/09\/04\/volkswagen-2030-yilina-kadar-100-bin-calisanini-isten-cikaracagini-duyurdu\/#breadcrumb"},"inLanguage":"tr","potentialAction":[{"@type":"ReadAction","target":["https:\/\/haberkuzey.com\/index.php\/2026\/09\/04\/volkswagen-2030-yilina-kadar-100-bin-calisanini-isten-cikaracagini-duyurdu\/"]}]},{"@type":"ImageObject","inLanguage":"tr","@id":"https:\/\/haberkuzey.com\/index.php\/2026\/09\/04\/volkswagen-2030-yilina-kadar-100-bin-calisanini-isten-cikaracagini-duyurdu\/#primaryimage","url":"https:\/\/haberkuzey.com\/wp-content\/uploads\/2026\/09\/volkswagen-reuters-2298508.jpg","contentUrl":"https:\/\/haberkuzey.com\/wp-content\/uploads\/2026\/09\/volkswagen-reuters-2298508.jpg","width":1280,"height":720},{"@type":"BreadcrumbList","@id":"https:\/\/haberkuzey.com\/index.php\/2026\/09\/04\/volkswagen-2030-yilina-kadar-100-bin-calisanini-isten-cikaracagini-duyurdu\/#breadcrumb","itemListElement":[{"@type":"ListItem","position":1,"name":"Anasayfa","item":"https:\/\/haberkuzey.com\/"},{"@type":"ListItem","position":2,"name":"Volkswagen 2030 y\u0131l\u0131na kadar 100 bin \u00e7al\u0131\u015fan\u0131n\u0131 i\u015ften \u00e7\u0131karaca\u011f\u0131n\u0131 duyurdu"}]},{"@type":"WebSite","@id":"https:\/\/haberkuzey.com\/#website","url":"https:\/\/haberkuzey.com\/","name":"Haber Kuzey","description":"Do\u011fru Haberin Adresi","potentialAction":[{"@type":"SearchAction","target":{"@type":"EntryPoint","urlTemplate":"https:\/\/haberkuzey.com\/?s={search_term_string}"},"query-input":{"@type":"PropertyValueSpecification","valueRequired":true,"valueName":"search_term_string"}}],"inLanguage":"tr"},{"@type":"Person","@id":"https:\/\/haberkuzey.com\/#\/schema\/person\/3372109ec735f9333f4fa47ebb9605ca","name":"haberkuzey","image":{"@type":"ImageObject","inLanguage":"tr","@id":"https:\/\/secure.gravatar.com\/avatar\/f5fc875574b1575324358c3b9e6a32b8227aa5b74f3fa22e3cadb63e26fcc39c?s=96&d=mm&r=g","url":"https:\/\/secure.gravatar.com\/avatar\/f5fc875574b1575324358c3b9e6a32b8227aa5b74f3fa22e3cadb63e26fcc39c?s=96&d=mm&r=g","contentUrl":"https:\/\/secure.gravatar.com\/avatar\/f5fc875574b1575324358c3b9e6a32b8227aa5b74f3fa22e3cadb63e26fcc39c?s=96&d=mm&r=g","caption":"haberkuzey"},"sameAs":["https:\/\/haberkuzey.com"],"url":"https:\/\/haberkuzey.com\/index.php\/author\/haberkuzey\/"}]}},"_links":{"self":[{"href":"https:\/\/haberkuzey.com\/index.php\/wp-json\/wp\/v2\/posts\/46447","targetHints":{"allow":["GET"]}}],"collection":[{"href":"https:\/\/haberkuzey.com\/index.php\/wp-json\/wp\/v2\/posts"}],"about":[{"href":"https:\/\/haberkuzey.com\/index.php\/wp-json\/wp\/v2\/types\/post"}],"author":[{"embeddable":true,"href":"https:\/\/haberkuzey.com\/index.php\/wp-json\/wp\/v2\/users\/1"}],"replies":[{"embeddable":true,"href":"https:\/\/haberkuzey.com\/index.php\/wp-json\/wp\/v2\/comments?post=46447"}],"version-history":[{"count":0,"href":"https:\/\/haberkuzey.com\/index.php\/wp-json\/wp\/v2\/posts\/46447\/revisions"}],"wp:featuredmedia":[{"embeddable":true,"href":"https:\/\/haberkuzey.com\/index.php\/wp-json\/wp\/v2\/media\/46448"}],"wp:attachment":[{"href":"https:\/\/haberkuzey.com\/index.php\/wp-json\/wp\/v2\/media?parent=46447"}],"wp:term":[{"taxonomy":"category","embeddable":true,"href":"https:\/\/haberkuzey.com\/index.php\/wp-json\/wp\/v2\/categories?post=46447"},{"taxonomy":"post_tag","embeddable":true,"href":"https:\/\/haberkuzey.com\/index.php\/wp-json\/wp\/v2\/tags?post=46447"}],"curies":[{"name":"wp","href":"https:\/\/api.w.org\/{rel}","templated":true}]}}