{"id":46445,"date":"2026-09-04T12:10:07","date_gmt":"2026-09-04T09:10:07","guid":{"rendered":"https:\/\/haberkuzey.com\/index.php\/2026\/09\/04\/ingiltereden-halka-acil-durum-uyarisi-el-nino-nedeniyle-evinizde-erzak-depolayin\/"},"modified":"2026-09-04T12:10:07","modified_gmt":"2026-09-04T09:10:07","slug":"ingiltereden-halka-acil-durum-uyarisi-el-nino-nedeniyle-evinizde-erzak-depolayin","status":"publish","type":"post","link":"https:\/\/haberkuzey.com\/index.php\/2026\/09\/04\/ingiltereden-halka-acil-durum-uyarisi-el-nino-nedeniyle-evinizde-erzak-depolayin\/","title":{"rendered":"\u0130ngiltere&#8217;den halka acil durum uyar\u0131s\u0131: &#8220;El Nino nedeniyle evinizde erzak depolay\u0131n&#8221;"},"content":{"rendered":"<p><\/p>\n<div>\n<p>&#13;<br \/>\n\tBirle\u015fmi\u015f Milletler&#8217;in k\u00fcresel \u00e7apta a\u015f\u0131r\u0131 hava olaylar\u0131n\u0131 tetikleyen El Nino&#8217;nun tarihte e\u015fi benzeri g\u00f6r\u00fclmemi\u015f bir boyuta ula\u015ft\u0131\u011f\u0131n\u0131 a\u00e7\u0131klamas\u0131n\u0131n ard\u0131ndan \u0130ngiltere alarm durumuna ge\u00e7ti.<\/p>\n<p>&#13;<br \/>\n\tMeteoroloji uzmanlar\u0131, d\u00fcnya genelinde kurakl\u0131k, orman yang\u0131nlar\u0131 ve sellere yol a\u00e7an bu do\u011fa olay\u0131n\u0131n \u0130ngiltere&#8217;de ise \u015fiddetli f\u0131rt\u0131nalarla dolu a\u015f\u0131r\u0131 ya\u011f\u0131\u015fl\u0131 bir k\u0131\u015f mevsimini tetikleyece\u011fini belirtiyor.<\/p>\n<p>&#13;<br \/>\n\t\u0130ngiltere \u00c7evre Bakan\u0131 Angela Eagle, \u00fclkenin f\u0131rt\u0131nal\u0131 ve zorlu bir k\u0131\u015f ge\u00e7irme ihtimalinin \u00e7ok y\u00fcksek oldu\u011funu belirterek, halk\u0131n ulusal acil durumlara kar\u015f\u0131 daha dayan\u0131kl\u0131 olmas\u0131 ve temel ihtiya\u00e7 maddelerini evlerinde haz\u0131r bulundurmas\u0131 gerekti\u011fini vurgulad\u0131.<\/p>\n<h2>&#13;<br \/>\n\tElektrik ve su kesintilerine kar\u015f\u0131 haz\u0131rl\u0131k \u00e7a\u011fr\u0131s\u0131<\/h2>\n<p>&#13;<br \/>\n\t\u0130ngiltere Bakanlar Kurulu Ofisi, \u00f6n\u00fcm\u00fczdeki aylarda hanelerin konserve g\u0131da depolamalar\u0131n\u0131 ve acil durumlara haz\u0131rlanmalar\u0131n\u0131 te\u015fvik eden kapsaml\u0131 bir bilin\u00e7lendirme kampanyas\u0131 ba\u015flatacak.<\/p>\n<p>&#13;<br \/>\n\tBakan Eagle, acil yard\u0131m ekipleri ula\u015fana kadar vatanda\u015flar\u0131n hayatta kalabilmesi i\u00e7in birka\u00e7 g\u00fcnl\u00fck g\u0131da ve temiz su stoklamas\u0131n\u0131n hayati \u00f6nem ta\u015f\u0131d\u0131\u011f\u0131na dikkat \u00e7ekti.<\/p>\n<p>&#13;<br \/>\n\t\u00dclkenin ge\u00e7mi\u015fte iklim kaynakl\u0131 acil durumlara haz\u0131rlanma konusunda yetersiz kald\u0131\u011f\u0131n\u0131 kabul eden Eagle, a\u015f\u0131r\u0131 hava \u015fartlar\u0131na uyum sa\u011flamak ad\u0131na tar\u0131m uygulamalar\u0131n\u0131n ve su y\u00f6netim sistemlerinin ba\u015ftan sona de\u011fi\u015ftirilmesinin zorunlu hale geldi\u011fini ifade etti.<\/p>\n<h2>&#13;<br \/>\n\tSon bin y\u0131l\u0131n en s\u0131cak d\u00f6nemi kap\u0131da<\/h2>\n<p>&#13;<br \/>\n\tPasifik Okyanusu&#8217;ndaki r\u00fczgar de\u011fi\u015fimlerinin deniz y\u00fczeyini \u0131s\u0131tmas\u0131yla atmosfere devasa miktarda enerji aktaran El Nino, k\u00fcresel \u0131s\u0131nmayla birle\u015ferek 2027 y\u0131l\u0131n\u0131 insanl\u0131k tarihinin kaydedilmi\u015f en s\u0131cak y\u0131l\u0131 yapma yolunda ilerliyor.<\/p>\n<p>&#13;<br \/>\n\tOkyanus y\u00fczey s\u0131cakl\u0131klar\u0131n\u0131n tarihi ortalamalar\u0131n \u00e7ok \u00fczerine \u00e7\u0131kt\u0131\u011f\u0131n\u0131 g\u00f6steren veriler, kas\u0131m ay\u0131nda zirve noktas\u0131na ula\u015facak bu \u0131s\u0131 sapmas\u0131n\u0131n son bin y\u0131lda g\u00f6r\u00fclmemi\u015f boyutlara ula\u015faca\u011f\u0131n\u0131 ortaya koyuyor.<\/p>\n<p>&#13;<br \/>\n\tBM Genel Sekreteri Antonio Guterres, gezegenin ke\u015ffedilmemi\u015f ve son derece tehlikeli bir s\u0131cakl\u0131k ku\u015fa\u011f\u0131na girdi\u011fini belirterek, iklim krizine kar\u015f\u0131 derhal somut ad\u0131mlar at\u0131lmas\u0131 gerekti\u011fini vurgulad\u0131.<\/p>\n<h2>&#13;<br \/>\n\tK\u00fcresel g\u0131da ve su g\u00fcvenli\u011fi tehdit alt\u0131nda<\/h2>\n<p>&#13;<br \/>\n\tD\u00fcnya Meteoroloji \u00d6rg\u00fct\u00fc, El Nino&#8217;nun d\u00fcnya genelindeki toplumlar ve ekonomiler \u00fczerinde a\u011f\u0131r bir tahribat yarataca\u011f\u0131 uyar\u0131s\u0131nda bulunuyor. G\u00fcneydo\u011fu Asya&#8217;da orman yang\u0131nlar\u0131n\u0131n yay\u0131lmas\u0131, G\u00fcney Amerika&#8217;da \u015fiddetli ta\u015fk\u0131nlar\u0131n ya\u015fanmas\u0131 ve Hindistan&#8217;da muson ya\u011fmurlar\u0131n\u0131n zay\u0131flamas\u0131 \u015fimdiden ciddi krizlere yol a\u00e7\u0131yor.<\/p>\n<p>&#13;<br \/>\n\tD\u00fcnya G\u0131da Program\u0131, bu a\u015f\u0131r\u0131 do\u011fa olay\u0131n\u0131n yakla\u015f\u0131k 50 milyon insan\u0131 akut a\u00e7l\u0131k tehlikesiyle kar\u015f\u0131 kar\u015f\u0131ya b\u0131rakaca\u011f\u0131n\u0131 \u00f6ng\u00f6r\u00fcyor. \u0130ngiltere y\u00f6netimi ise hem art arda ya\u015fanan s\u0131cak hava dalgalar\u0131n\u0131n ard\u0131ndan kuruyan su kaynaklar\u0131n\u0131 korumak hem de k\u0131\u015f\u0131n ya\u015fanabilecek sel risklerini y\u00f6netebilmek amac\u0131yla 1992 y\u0131l\u0131ndan bu yana ilk kez yeni baraj ve su havzas\u0131 in\u015faat\u0131 projelerini devreye sokuyor.<\/p>\n<\/p><\/div>\n","protected":false},"excerpt":{"rendered":"<p>&#13; Birle\u015fmi\u015f Milletler&#8217;in k\u00fcresel \u00e7apta a\u015f\u0131r\u0131 hava olaylar\u0131n\u0131 tetikleyen El Nino&#8217;nun tarihte e\u015fi benzeri g\u00f6r\u00fclmemi\u015f bir boyuta ula\u015ft\u0131\u011f\u0131n\u0131 a\u00e7\u0131klamas\u0131n\u0131n ard\u0131ndan \u0130ngiltere alarm durumuna ge\u00e7ti. &#13; Meteoroloji uzmanlar\u0131, d\u00fcnya genelinde kurakl\u0131k, orman yang\u0131nlar\u0131 ve sellere yol a\u00e7an bu do\u011fa olay\u0131n\u0131n \u0130ngiltere&#8217;de ise \u015fiddetli f\u0131rt\u0131nalarla dolu a\u015f\u0131r\u0131 ya\u011f\u0131\u015fl\u0131 bir k\u0131\u015f mevsimini tetikleyece\u011fini belirtiyor. &#13; \u0130ngiltere \u00c7evre Bakan\u0131 [&hellip;]<\/p>\n","protected":false},"author":1,"featured_media":46446,"comment_status":"open","ping_status":"open","sticky":false,"template":"","format":"standard","meta":{"jnews-multi-image_gallery":[],"jnews_single_post":[],"jnews_primary_category":[],"footnotes":""},"categories":[2],"tags":[],"class_list":["post-46445","post","type-post","status-publish","format-standard","has-post-thumbnail","hentry","category-dunya"],"yoast_head":"<!-- This site is optimized with the Yoast SEO plugin v28.4 - https:\/\/yoast.com\/product\/yoast-seo-wordpress\/ -->\n<title>\u0130ngiltere&#039;den halka acil durum uyar\u0131s\u0131: &quot;El Nino nedeniyle evinizde erzak depolay\u0131n&quot; - Haber Kuzey<\/title>\n<meta name=\"robots\" content=\"index, follow, max-snippet:-1, max-image-preview:large, max-video-preview:-1\" \/>\n<link rel=\"canonical\" href=\"https:\/\/haberkuzey.com\/index.php\/2026\/09\/04\/ingiltereden-halka-acil-durum-uyarisi-el-nino-nedeniyle-evinizde-erzak-depolayin\/\" \/>\n<meta property=\"og:locale\" content=\"tr_TR\" \/>\n<meta property=\"og:type\" content=\"article\" \/>\n<meta property=\"og:title\" content=\"\u0130ngiltere&#039;den halka acil durum uyar\u0131s\u0131: &quot;El Nino nedeniyle evinizde erzak depolay\u0131n&quot; - Haber Kuzey\" \/>\n<meta property=\"og:description\" content=\"&#013; Birle\u015fmi\u015f Milletler&#8217;in k\u00fcresel \u00e7apta a\u015f\u0131r\u0131 hava olaylar\u0131n\u0131 tetikleyen El Nino&#8217;nun tarihte e\u015fi benzeri g\u00f6r\u00fclmemi\u015f bir boyuta ula\u015ft\u0131\u011f\u0131n\u0131 a\u00e7\u0131klamas\u0131n\u0131n ard\u0131ndan \u0130ngiltere alarm durumuna ge\u00e7ti. &#013; Meteoroloji uzmanlar\u0131, d\u00fcnya genelinde kurakl\u0131k, orman yang\u0131nlar\u0131 ve sellere yol a\u00e7an bu do\u011fa olay\u0131n\u0131n \u0130ngiltere&#8217;de ise \u015fiddetli f\u0131rt\u0131nalarla dolu a\u015f\u0131r\u0131 ya\u011f\u0131\u015fl\u0131 bir k\u0131\u015f mevsimini tetikleyece\u011fini belirtiyor. &#013; \u0130ngiltere \u00c7evre Bakan\u0131 [&hellip;]\" \/>\n<meta property=\"og:url\" content=\"https:\/\/haberkuzey.com\/index.php\/2026\/09\/04\/ingiltereden-halka-acil-durum-uyarisi-el-nino-nedeniyle-evinizde-erzak-depolayin\/\" \/>\n<meta property=\"og:site_name\" content=\"Haber Kuzey\" \/>\n<meta property=\"article:published_time\" content=\"2026-09-04T09:10:07+00:00\" \/>\n<meta property=\"og:image\" content=\"https:\/\/trthaberstatic.cdn.wp.trt.com.tr\/resimler\/2160000\/market-alisveris-enflasyon-depo-photos-2161469.jpg\" \/>\n<meta name=\"author\" content=\"haberkuzey\" \/>\n<meta name=\"twitter:card\" content=\"summary_large_image\" \/>\n<meta name=\"twitter:label1\" content=\"Yazan:\" \/>\n\t<meta name=\"twitter:data1\" content=\"haberkuzey\" \/>\n\t<meta name=\"twitter:label2\" content=\"Tahmini okuma s\u00fcresi\" \/>\n\t<meta name=\"twitter:data2\" content=\"3 dakika\" \/>\n<script type=\"application\/ld+json\" class=\"yoast-schema-graph\">{\"@context\":\"https:\\\/\\\/schema.org\",\"@graph\":[{\"@type\":\"Article\",\"@id\":\"https:\\\/\\\/haberkuzey.com\\\/index.php\\\/2026\\\/09\\\/04\\\/ingiltereden-halka-acil-durum-uyarisi-el-nino-nedeniyle-evinizde-erzak-depolayin\\\/#article\",\"isPartOf\":{\"@id\":\"https:\\\/\\\/haberkuzey.com\\\/index.php\\\/2026\\\/09\\\/04\\\/ingiltereden-halka-acil-durum-uyarisi-el-nino-nedeniyle-evinizde-erzak-depolayin\\\/\"},\"author\":{\"name\":\"haberkuzey\",\"@id\":\"https:\\\/\\\/haberkuzey.com\\\/#\\\/schema\\\/person\\\/3372109ec735f9333f4fa47ebb9605ca\"},\"headline\":\"\u0130ngiltere&#8217;den halka acil durum uyar\u0131s\u0131: &#8220;El Nino nedeniyle evinizde erzak depolay\u0131n&#8221;\",\"datePublished\":\"2026-09-04T09:10:07+00:00\",\"mainEntityOfPage\":{\"@id\":\"https:\\\/\\\/haberkuzey.com\\\/index.php\\\/2026\\\/09\\\/04\\\/ingiltereden-halka-acil-durum-uyarisi-el-nino-nedeniyle-evinizde-erzak-depolayin\\\/\"},\"wordCount\":550,\"commentCount\":0,\"image\":{\"@id\":\"https:\\\/\\\/haberkuzey.com\\\/index.php\\\/2026\\\/09\\\/04\\\/ingiltereden-halka-acil-durum-uyarisi-el-nino-nedeniyle-evinizde-erzak-depolayin\\\/#primaryimage\"},\"thumbnailUrl\":\"https:\\\/\\\/haberkuzey.com\\\/wp-content\\\/uploads\\\/2026\\\/09\\\/market-alisveris-enflasyon-depo-photos-2161469.jpg\",\"articleSection\":[\"D\u00fcnya\"],\"inLanguage\":\"tr\",\"potentialAction\":[{\"@type\":\"CommentAction\",\"name\":\"Comment\",\"target\":[\"https:\\\/\\\/haberkuzey.com\\\/index.php\\\/2026\\\/09\\\/04\\\/ingiltereden-halka-acil-durum-uyarisi-el-nino-nedeniyle-evinizde-erzak-depolayin\\\/#respond\"]}]},{\"@type\":\"WebPage\",\"@id\":\"https:\\\/\\\/haberkuzey.com\\\/index.php\\\/2026\\\/09\\\/04\\\/ingiltereden-halka-acil-durum-uyarisi-el-nino-nedeniyle-evinizde-erzak-depolayin\\\/\",\"url\":\"https:\\\/\\\/haberkuzey.com\\\/index.php\\\/2026\\\/09\\\/04\\\/ingiltereden-halka-acil-durum-uyarisi-el-nino-nedeniyle-evinizde-erzak-depolayin\\\/\",\"name\":\"\u0130ngiltere'den halka acil durum uyar\u0131s\u0131: \\\"El Nino nedeniyle evinizde erzak depolay\u0131n\\\" - Haber Kuzey\",\"isPartOf\":{\"@id\":\"https:\\\/\\\/haberkuzey.com\\\/#website\"},\"primaryImageOfPage\":{\"@id\":\"https:\\\/\\\/haberkuzey.com\\\/index.php\\\/2026\\\/09\\\/04\\\/ingiltereden-halka-acil-durum-uyarisi-el-nino-nedeniyle-evinizde-erzak-depolayin\\\/#primaryimage\"},\"image\":{\"@id\":\"https:\\\/\\\/haberkuzey.com\\\/index.php\\\/2026\\\/09\\\/04\\\/ingiltereden-halka-acil-durum-uyarisi-el-nino-nedeniyle-evinizde-erzak-depolayin\\\/#primaryimage\"},\"thumbnailUrl\":\"https:\\\/\\\/haberkuzey.com\\\/wp-content\\\/uploads\\\/2026\\\/09\\\/market-alisveris-enflasyon-depo-photos-2161469.jpg\",\"datePublished\":\"2026-09-04T09:10:07+00:00\",\"author\":{\"@id\":\"https:\\\/\\\/haberkuzey.com\\\/#\\\/schema\\\/person\\\/3372109ec735f9333f4fa47ebb9605ca\"},\"breadcrumb\":{\"@id\":\"https:\\\/\\\/haberkuzey.com\\\/index.php\\\/2026\\\/09\\\/04\\\/ingiltereden-halka-acil-durum-uyarisi-el-nino-nedeniyle-evinizde-erzak-depolayin\\\/#breadcrumb\"},\"inLanguage\":\"tr\",\"potentialAction\":[{\"@type\":\"ReadAction\",\"target\":[\"https:\\\/\\\/haberkuzey.com\\\/index.php\\\/2026\\\/09\\\/04\\\/ingiltereden-halka-acil-durum-uyarisi-el-nino-nedeniyle-evinizde-erzak-depolayin\\\/\"]}]},{\"@type\":\"ImageObject\",\"inLanguage\":\"tr\",\"@id\":\"https:\\\/\\\/haberkuzey.com\\\/index.php\\\/2026\\\/09\\\/04\\\/ingiltereden-halka-acil-durum-uyarisi-el-nino-nedeniyle-evinizde-erzak-depolayin\\\/#primaryimage\",\"url\":\"https:\\\/\\\/haberkuzey.com\\\/wp-content\\\/uploads\\\/2026\\\/09\\\/market-alisveris-enflasyon-depo-photos-2161469.jpg\",\"contentUrl\":\"https:\\\/\\\/haberkuzey.com\\\/wp-content\\\/uploads\\\/2026\\\/09\\\/market-alisveris-enflasyon-depo-photos-2161469.jpg\",\"width\":1280,\"height\":720},{\"@type\":\"BreadcrumbList\",\"@id\":\"https:\\\/\\\/haberkuzey.com\\\/index.php\\\/2026\\\/09\\\/04\\\/ingiltereden-halka-acil-durum-uyarisi-el-nino-nedeniyle-evinizde-erzak-depolayin\\\/#breadcrumb\",\"itemListElement\":[{\"@type\":\"ListItem\",\"position\":1,\"name\":\"Anasayfa\",\"item\":\"https:\\\/\\\/haberkuzey.com\\\/\"},{\"@type\":\"ListItem\",\"position\":2,\"name\":\"\u0130ngiltere&#8217;den halka acil durum uyar\u0131s\u0131: &#8220;El Nino nedeniyle evinizde erzak depolay\u0131n&#8221;\"}]},{\"@type\":\"WebSite\",\"@id\":\"https:\\\/\\\/haberkuzey.com\\\/#website\",\"url\":\"https:\\\/\\\/haberkuzey.com\\\/\",\"name\":\"Haber Kuzey\",\"description\":\"Do\u011fru Haberin Adresi\",\"potentialAction\":[{\"@type\":\"SearchAction\",\"target\":{\"@type\":\"EntryPoint\",\"urlTemplate\":\"https:\\\/\\\/haberkuzey.com\\\/?s={search_term_string}\"},\"query-input\":{\"@type\":\"PropertyValueSpecification\",\"valueRequired\":true,\"valueName\":\"search_term_string\"}}],\"inLanguage\":\"tr\"},{\"@type\":\"Person\",\"@id\":\"https:\\\/\\\/haberkuzey.com\\\/#\\\/schema\\\/person\\\/3372109ec735f9333f4fa47ebb9605ca\",\"name\":\"haberkuzey\",\"image\":{\"@type\":\"ImageObject\",\"inLanguage\":\"tr\",\"@id\":\"https:\\\/\\\/secure.gravatar.com\\\/avatar\\\/f5fc875574b1575324358c3b9e6a32b8227aa5b74f3fa22e3cadb63e26fcc39c?s=96&d=mm&r=g\",\"url\":\"https:\\\/\\\/secure.gravatar.com\\\/avatar\\\/f5fc875574b1575324358c3b9e6a32b8227aa5b74f3fa22e3cadb63e26fcc39c?s=96&d=mm&r=g\",\"contentUrl\":\"https:\\\/\\\/secure.gravatar.com\\\/avatar\\\/f5fc875574b1575324358c3b9e6a32b8227aa5b74f3fa22e3cadb63e26fcc39c?s=96&d=mm&r=g\",\"caption\":\"haberkuzey\"},\"sameAs\":[\"https:\\\/\\\/haberkuzey.com\"],\"url\":\"https:\\\/\\\/haberkuzey.com\\\/index.php\\\/author\\\/haberkuzey\\\/\"}]}<\/script>\n<!-- \/ Yoast SEO plugin. -->","yoast_head_json":{"title":"\u0130ngiltere'den halka acil durum uyar\u0131s\u0131: \"El Nino nedeniyle evinizde erzak depolay\u0131n\" - Haber Kuzey","robots":{"index":"index","follow":"follow","max-snippet":"max-snippet:-1","max-image-preview":"max-image-preview:large","max-video-preview":"max-video-preview:-1"},"canonical":"https:\/\/haberkuzey.com\/index.php\/2026\/09\/04\/ingiltereden-halka-acil-durum-uyarisi-el-nino-nedeniyle-evinizde-erzak-depolayin\/","og_locale":"tr_TR","og_type":"article","og_title":"\u0130ngiltere'den halka acil durum uyar\u0131s\u0131: \"El Nino nedeniyle evinizde erzak depolay\u0131n\" - Haber Kuzey","og_description":"&#13; Birle\u015fmi\u015f Milletler&#8217;in k\u00fcresel \u00e7apta a\u015f\u0131r\u0131 hava olaylar\u0131n\u0131 tetikleyen El Nino&#8217;nun tarihte e\u015fi benzeri g\u00f6r\u00fclmemi\u015f bir boyuta ula\u015ft\u0131\u011f\u0131n\u0131 a\u00e7\u0131klamas\u0131n\u0131n ard\u0131ndan \u0130ngiltere alarm durumuna ge\u00e7ti. &#13; Meteoroloji uzmanlar\u0131, d\u00fcnya genelinde kurakl\u0131k, orman yang\u0131nlar\u0131 ve sellere yol a\u00e7an bu do\u011fa olay\u0131n\u0131n \u0130ngiltere&#8217;de ise \u015fiddetli f\u0131rt\u0131nalarla dolu a\u015f\u0131r\u0131 ya\u011f\u0131\u015fl\u0131 bir k\u0131\u015f mevsimini tetikleyece\u011fini belirtiyor. &#13; \u0130ngiltere \u00c7evre Bakan\u0131 [&hellip;]","og_url":"https:\/\/haberkuzey.com\/index.php\/2026\/09\/04\/ingiltereden-halka-acil-durum-uyarisi-el-nino-nedeniyle-evinizde-erzak-depolayin\/","og_site_name":"Haber Kuzey","article_published_time":"2026-09-04T09:10:07+00:00","og_image":[{"url":"https:\/\/trthaberstatic.cdn.wp.trt.com.tr\/resimler\/2160000\/market-alisveris-enflasyon-depo-photos-2161469.jpg","type":"","width":"","height":""}],"author":"haberkuzey","twitter_card":"summary_large_image","twitter_misc":{"Yazan:":"haberkuzey","Tahmini okuma s\u00fcresi":"3 dakika"},"schema":{"@context":"https:\/\/schema.org","@graph":[{"@type":"Article","@id":"https:\/\/haberkuzey.com\/index.php\/2026\/09\/04\/ingiltereden-halka-acil-durum-uyarisi-el-nino-nedeniyle-evinizde-erzak-depolayin\/#article","isPartOf":{"@id":"https:\/\/haberkuzey.com\/index.php\/2026\/09\/04\/ingiltereden-halka-acil-durum-uyarisi-el-nino-nedeniyle-evinizde-erzak-depolayin\/"},"author":{"name":"haberkuzey","@id":"https:\/\/haberkuzey.com\/#\/schema\/person\/3372109ec735f9333f4fa47ebb9605ca"},"headline":"\u0130ngiltere&#8217;den halka acil durum uyar\u0131s\u0131: &#8220;El Nino nedeniyle evinizde erzak depolay\u0131n&#8221;","datePublished":"2026-09-04T09:10:07+00:00","mainEntityOfPage":{"@id":"https:\/\/haberkuzey.com\/index.php\/2026\/09\/04\/ingiltereden-halka-acil-durum-uyarisi-el-nino-nedeniyle-evinizde-erzak-depolayin\/"},"wordCount":550,"commentCount":0,"image":{"@id":"https:\/\/haberkuzey.com\/index.php\/2026\/09\/04\/ingiltereden-halka-acil-durum-uyarisi-el-nino-nedeniyle-evinizde-erzak-depolayin\/#primaryimage"},"thumbnailUrl":"https:\/\/haberkuzey.com\/wp-content\/uploads\/2026\/09\/market-alisveris-enflasyon-depo-photos-2161469.jpg","articleSection":["D\u00fcnya"],"inLanguage":"tr","potentialAction":[{"@type":"CommentAction","name":"Comment","target":["https:\/\/haberkuzey.com\/index.php\/2026\/09\/04\/ingiltereden-halka-acil-durum-uyarisi-el-nino-nedeniyle-evinizde-erzak-depolayin\/#respond"]}]},{"@type":"WebPage","@id":"https:\/\/haberkuzey.com\/index.php\/2026\/09\/04\/ingiltereden-halka-acil-durum-uyarisi-el-nino-nedeniyle-evinizde-erzak-depolayin\/","url":"https:\/\/haberkuzey.com\/index.php\/2026\/09\/04\/ingiltereden-halka-acil-durum-uyarisi-el-nino-nedeniyle-evinizde-erzak-depolayin\/","name":"\u0130ngiltere'den halka acil durum uyar\u0131s\u0131: \"El Nino nedeniyle evinizde erzak depolay\u0131n\" - Haber Kuzey","isPartOf":{"@id":"https:\/\/haberkuzey.com\/#website"},"primaryImageOfPage":{"@id":"https:\/\/haberkuzey.com\/index.php\/2026\/09\/04\/ingiltereden-halka-acil-durum-uyarisi-el-nino-nedeniyle-evinizde-erzak-depolayin\/#primaryimage"},"image":{"@id":"https:\/\/haberkuzey.com\/index.php\/2026\/09\/04\/ingiltereden-halka-acil-durum-uyarisi-el-nino-nedeniyle-evinizde-erzak-depolayin\/#primaryimage"},"thumbnailUrl":"https:\/\/haberkuzey.com\/wp-content\/uploads\/2026\/09\/market-alisveris-enflasyon-depo-photos-2161469.jpg","datePublished":"2026-09-04T09:10:07+00:00","author":{"@id":"https:\/\/haberkuzey.com\/#\/schema\/person\/3372109ec735f9333f4fa47ebb9605ca"},"breadcrumb":{"@id":"https:\/\/haberkuzey.com\/index.php\/2026\/09\/04\/ingiltereden-halka-acil-durum-uyarisi-el-nino-nedeniyle-evinizde-erzak-depolayin\/#breadcrumb"},"inLanguage":"tr","potentialAction":[{"@type":"ReadAction","target":["https:\/\/haberkuzey.com\/index.php\/2026\/09\/04\/ingiltereden-halka-acil-durum-uyarisi-el-nino-nedeniyle-evinizde-erzak-depolayin\/"]}]},{"@type":"ImageObject","inLanguage":"tr","@id":"https:\/\/haberkuzey.com\/index.php\/2026\/09\/04\/ingiltereden-halka-acil-durum-uyarisi-el-nino-nedeniyle-evinizde-erzak-depolayin\/#primaryimage","url":"https:\/\/haberkuzey.com\/wp-content\/uploads\/2026\/09\/market-alisveris-enflasyon-depo-photos-2161469.jpg","contentUrl":"https:\/\/haberkuzey.com\/wp-content\/uploads\/2026\/09\/market-alisveris-enflasyon-depo-photos-2161469.jpg","width":1280,"height":720},{"@type":"BreadcrumbList","@id":"https:\/\/haberkuzey.com\/index.php\/2026\/09\/04\/ingiltereden-halka-acil-durum-uyarisi-el-nino-nedeniyle-evinizde-erzak-depolayin\/#breadcrumb","itemListElement":[{"@type":"ListItem","position":1,"name":"Anasayfa","item":"https:\/\/haberkuzey.com\/"},{"@type":"ListItem","position":2,"name":"\u0130ngiltere&#8217;den halka acil durum uyar\u0131s\u0131: &#8220;El Nino nedeniyle evinizde erzak depolay\u0131n&#8221;"}]},{"@type":"WebSite","@id":"https:\/\/haberkuzey.com\/#website","url":"https:\/\/haberkuzey.com\/","name":"Haber Kuzey","description":"Do\u011fru Haberin Adresi","potentialAction":[{"@type":"SearchAction","target":{"@type":"EntryPoint","urlTemplate":"https:\/\/haberkuzey.com\/?s={search_term_string}"},"query-input":{"@type":"PropertyValueSpecification","valueRequired":true,"valueName":"search_term_string"}}],"inLanguage":"tr"},{"@type":"Person","@id":"https:\/\/haberkuzey.com\/#\/schema\/person\/3372109ec735f9333f4fa47ebb9605ca","name":"haberkuzey","image":{"@type":"ImageObject","inLanguage":"tr","@id":"https:\/\/secure.gravatar.com\/avatar\/f5fc875574b1575324358c3b9e6a32b8227aa5b74f3fa22e3cadb63e26fcc39c?s=96&d=mm&r=g","url":"https:\/\/secure.gravatar.com\/avatar\/f5fc875574b1575324358c3b9e6a32b8227aa5b74f3fa22e3cadb63e26fcc39c?s=96&d=mm&r=g","contentUrl":"https:\/\/secure.gravatar.com\/avatar\/f5fc875574b1575324358c3b9e6a32b8227aa5b74f3fa22e3cadb63e26fcc39c?s=96&d=mm&r=g","caption":"haberkuzey"},"sameAs":["https:\/\/haberkuzey.com"],"url":"https:\/\/haberkuzey.com\/index.php\/author\/haberkuzey\/"}]}},"_links":{"self":[{"href":"https:\/\/haberkuzey.com\/index.php\/wp-json\/wp\/v2\/posts\/46445","targetHints":{"allow":["GET"]}}],"collection":[{"href":"https:\/\/haberkuzey.com\/index.php\/wp-json\/wp\/v2\/posts"}],"about":[{"href":"https:\/\/haberkuzey.com\/index.php\/wp-json\/wp\/v2\/types\/post"}],"author":[{"embeddable":true,"href":"https:\/\/haberkuzey.com\/index.php\/wp-json\/wp\/v2\/users\/1"}],"replies":[{"embeddable":true,"href":"https:\/\/haberkuzey.com\/index.php\/wp-json\/wp\/v2\/comments?post=46445"}],"version-history":[{"count":0,"href":"https:\/\/haberkuzey.com\/index.php\/wp-json\/wp\/v2\/posts\/46445\/revisions"}],"wp:featuredmedia":[{"embeddable":true,"href":"https:\/\/haberkuzey.com\/index.php\/wp-json\/wp\/v2\/media\/46446"}],"wp:attachment":[{"href":"https:\/\/haberkuzey.com\/index.php\/wp-json\/wp\/v2\/media?parent=46445"}],"wp:term":[{"taxonomy":"category","embeddable":true,"href":"https:\/\/haberkuzey.com\/index.php\/wp-json\/wp\/v2\/categories?post=46445"},{"taxonomy":"post_tag","embeddable":true,"href":"https:\/\/haberkuzey.com\/index.php\/wp-json\/wp\/v2\/tags?post=46445"}],"curies":[{"name":"wp","href":"https:\/\/api.w.org\/{rel}","templated":true}]}}