{"id":46441,"date":"2026-09-04T10:18:03","date_gmt":"2026-09-04T07:18:03","guid":{"rendered":"https:\/\/haberkuzey.com\/index.php\/2026\/09\/04\/a-mili-voleybol-takimi-final-icin-sirbistan-karsisinda\/"},"modified":"2026-09-04T10:18:03","modified_gmt":"2026-09-04T07:18:03","slug":"a-mili-voleybol-takimi-final-icin-sirbistan-karsisinda","status":"publish","type":"post","link":"https:\/\/haberkuzey.com\/index.php\/2026\/09\/04\/a-mili-voleybol-takimi-final-icin-sirbistan-karsisinda\/","title":{"rendered":"A Mili Voleybol Tak\u0131m\u0131 final i\u00e7in S\u0131rbistan kar\u015f\u0131s\u0131nda"},"content":{"rendered":"<p><\/p>\n<div>\n<p>&#13;<br \/>\n\t\u0130stanbul&#8217;un ev sahipli\u011finde Sinan Erdem Spor Salonu&#8217;nda oynanacak kar\u015f\u0131la\u015fma saat 16.00&#8217;da ba\u015flayacak.<\/p>\n<p>&#13;<br \/>\n\tM\u00fcsabaka, TRT 1&#8217;den canl\u0131 yay\u0131mlanacak.<\/p>\n<p>&#13;<br \/>\n\tOrganizasyonun di\u011fer yar\u0131 final m\u00fccadelesinde Polonya ile \u0130talya, saat 19.00&#8217;da kar\u015f\u0131 kar\u015f\u0131ya gelecek.<\/p>\n<p>&#13;<br \/>\n\t\u0130stanbul&#8217;da oynad\u0131\u011f\u0131 A Grubu ma\u00e7lar\u0131n\u0131n 4&#8217;\u00fcn\u00fc kazanan, 1&#8217;inde ma\u011flup olan &#8220;Filenin Sultanlar\u0131&#8221;, son 16 turunda Azerbaycan&#8217;\u0131 3-0, \u00e7eyrek finalde ise Almanya&#8217;y\u0131 3-1 ile ge\u00e7meyi ba\u015fard\u0131.<\/p>\n<p>&#13;<br \/>\n\tSon Avrupa \u015fampiyonu T\u00fcrkiye, organizasyonda 7 ma\u00e7ta 6 galibiyet alarak son 4 tak\u0131m aras\u0131na ad\u0131n\u0131 yazd\u0131rd\u0131.<\/p>\n<p>&#13;<br \/>\n\tAvrupa \u015eampiyonas\u0131&#8217;nda yar\u0131n oynanacak yar\u0131 final ve 6 Eyl\u00fcl Pazar g\u00fcn\u00fc yap\u0131lacak final kar\u015f\u0131la\u015fmalar\u0131na \u0130stanbul ev sahipli\u011fi yapacak.<\/p>\n<h2>&#13;<br \/>\n\tT\u00fcrkiye, toplam 8. kez yar\u0131 finalde<\/h2>\n<p>&#13;<br \/>\n\tA Milli Kad\u0131n Voleybol Tak\u0131m\u0131, Avrupa \u015eampiyonas\u0131&#8217;nda \u00fcst \u00fcste 6. kez yar\u0131 finale y\u00fckseldi.<\/p>\n<p>&#13;<br \/>\n\tTarihinde 8 kez yar\u0131 finale \u00e7\u0131kan T\u00fcrkiye, s\u0131ras\u0131yla 2015, 2017, 2019, 2021, 2023 ve 2026&#8217;da \u00fcst \u00fcste son 4 tak\u0131m aras\u0131na kalmay\u0131 ba\u015fard\u0131.<\/p>\n<p>&#13;<br \/>\n\tMilli tak\u0131m, 2003 ve 2011&#8217;de de yar\u0131 finalde yer ald\u0131.<\/p>\n<p>&#13;<br \/>\n\tAvrupa \u015fampiyonalar\u0131 tarihinde 1 alt\u0131n, 2 g\u00fcm\u00fc\u015f, 3 bronz madalyas\u0131 bulunan T\u00fcrkiye, FIVB s\u0131ralamas\u0131nda &#8220;3&#8221; numara olarak kat\u0131ld\u0131\u011f\u0131 organizasyonda ad\u0131m ad\u0131m ilerleyerek seyircisi \u00f6n\u00fcnde mutlu sona ula\u015fmay\u0131 hedefliyor.<\/p>\n<h2>&#13;<br \/>\n\tS\u0131rbistan, yar\u0131 finale 7&#8217;de 7 ile geldi<\/h2>\n<p>&#13;<br \/>\n\tAvrupa \u015eampinas\u0131 tarihinde son 4 finalde yer alan S\u0131rbistan, \u0130stanbul&#8217;daki organizasyonda T\u00fcrkiye ile finale y\u00fckselmek i\u00e7in m\u00fccadele verecek.<\/p>\n<p>&#13;<br \/>\n\tTarihinde 3 Avrupa \u015fampiyonlu\u011fu bulunan S\u0131rbistan, yar\u0131 finale kadar 7 ma\u00e7ta rakiplerine yaln\u0131zca 2 set verdi. B Grubu&#8217;nu 5&#8217;te 5 ile lider tamamlayan S\u0131rplar, son 16 turunda H\u0131rvatistan&#8217;\u0131 3-1, \u00e7eyrek finalde ise Yunanistan&#8217;\u0131 3-0&#8217;la ge\u00e7ti.<\/p>\n<p>&#13;<br \/>\n\tS\u0131rbistan&#8217;\u0131n Avrupa \u015fampiyonalar\u0131 tarihinde 3 alt\u0131n, 2 g\u00fcm\u00fc\u015f, 1 bronz madalyas\u0131 bulunuyor.<\/p>\n<p>&#13;<br \/>\n\tT\u00fcrkiye, 2023 CEV Avrupa \u015eampiyonas\u0131 finalinde S\u0131rbistan&#8217;\u0131 3-2 ile ge\u00e7meyi ba\u015fararak \u015fampiyon olmu\u015ftu.<\/p>\n<\/p><\/div>\n","protected":false},"excerpt":{"rendered":"<p>&#13; \u0130stanbul&#8217;un ev sahipli\u011finde Sinan Erdem Spor Salonu&#8217;nda oynanacak kar\u015f\u0131la\u015fma saat 16.00&#8217;da ba\u015flayacak. &#13; M\u00fcsabaka, TRT 1&#8217;den canl\u0131 yay\u0131mlanacak. &#13; Organizasyonun di\u011fer yar\u0131 final m\u00fccadelesinde Polonya ile \u0130talya, saat 19.00&#8217;da kar\u015f\u0131 kar\u015f\u0131ya gelecek. &#13; \u0130stanbul&#8217;da oynad\u0131\u011f\u0131 A Grubu ma\u00e7lar\u0131n\u0131n 4&#8217;\u00fcn\u00fc kazanan, 1&#8217;inde ma\u011flup olan &#8220;Filenin Sultanlar\u0131&#8221;, son 16 turunda Azerbaycan&#8217;\u0131 3-0, \u00e7eyrek finalde ise Almanya&#8217;y\u0131 [&hellip;]<\/p>\n","protected":false},"author":1,"featured_media":46442,"comment_status":"open","ping_status":"open","sticky":false,"template":"","format":"standard","meta":{"jnews-multi-image_gallery":[],"jnews_single_post":[],"jnews_primary_category":[],"footnotes":""},"categories":[4],"tags":[],"class_list":["post-46441","post","type-post","status-publish","format-standard","has-post-thumbnail","hentry","category-spor"],"yoast_head":"<!-- This site is optimized with the Yoast SEO plugin v28.4 - https:\/\/yoast.com\/product\/yoast-seo-wordpress\/ -->\n<title>A Mili Voleybol Tak\u0131m\u0131 final i\u00e7in S\u0131rbistan kar\u015f\u0131s\u0131nda - Haber Kuzey<\/title>\n<meta name=\"robots\" content=\"index, follow, max-snippet:-1, max-image-preview:large, max-video-preview:-1\" \/>\n<link rel=\"canonical\" href=\"https:\/\/haberkuzey.com\/index.php\/2026\/09\/04\/a-mili-voleybol-takimi-final-icin-sirbistan-karsisinda\/\" \/>\n<meta property=\"og:locale\" content=\"tr_TR\" \/>\n<meta property=\"og:type\" content=\"article\" \/>\n<meta property=\"og:title\" content=\"A Mili Voleybol Tak\u0131m\u0131 final i\u00e7in S\u0131rbistan kar\u015f\u0131s\u0131nda - Haber Kuzey\" \/>\n<meta property=\"og:description\" content=\"&#013; \u0130stanbul&#8217;un ev sahipli\u011finde Sinan Erdem Spor Salonu&#8217;nda oynanacak kar\u015f\u0131la\u015fma saat 16.00&#8217;da ba\u015flayacak. &#013; M\u00fcsabaka, TRT 1&#8217;den canl\u0131 yay\u0131mlanacak. &#013; Organizasyonun di\u011fer yar\u0131 final m\u00fccadelesinde Polonya ile \u0130talya, saat 19.00&#8217;da kar\u015f\u0131 kar\u015f\u0131ya gelecek. &#013; \u0130stanbul&#8217;da oynad\u0131\u011f\u0131 A Grubu ma\u00e7lar\u0131n\u0131n 4&#8217;\u00fcn\u00fc kazanan, 1&#8217;inde ma\u011flup olan &#8220;Filenin Sultanlar\u0131&#8221;, son 16 turunda Azerbaycan&#8217;\u0131 3-0, \u00e7eyrek finalde ise Almanya&#8217;y\u0131 [&hellip;]\" \/>\n<meta property=\"og:url\" content=\"https:\/\/haberkuzey.com\/index.php\/2026\/09\/04\/a-mili-voleybol-takimi-final-icin-sirbistan-karsisinda\/\" \/>\n<meta property=\"og:site_name\" content=\"Haber Kuzey\" \/>\n<meta property=\"article:published_time\" content=\"2026-09-04T07:18:03+00:00\" \/>\n<meta property=\"og:image\" content=\"https:\/\/trthaberstatic.cdn.wp.trt.com.tr\/resimler\/2486000\/a-milli-voleybol-takimi-2486865.jpg\" \/>\n<meta name=\"author\" content=\"haberkuzey\" \/>\n<meta name=\"twitter:card\" content=\"summary_large_image\" \/>\n<meta name=\"twitter:label1\" content=\"Yazan:\" \/>\n\t<meta name=\"twitter:data1\" content=\"haberkuzey\" \/>\n\t<meta name=\"twitter:label2\" content=\"Tahmini okuma s\u00fcresi\" \/>\n\t<meta name=\"twitter:data2\" content=\"2 dakika\" \/>\n<script type=\"application\/ld+json\" class=\"yoast-schema-graph\">{\"@context\":\"https:\\\/\\\/schema.org\",\"@graph\":[{\"@type\":\"Article\",\"@id\":\"https:\\\/\\\/haberkuzey.com\\\/index.php\\\/2026\\\/09\\\/04\\\/a-mili-voleybol-takimi-final-icin-sirbistan-karsisinda\\\/#article\",\"isPartOf\":{\"@id\":\"https:\\\/\\\/haberkuzey.com\\\/index.php\\\/2026\\\/09\\\/04\\\/a-mili-voleybol-takimi-final-icin-sirbistan-karsisinda\\\/\"},\"author\":{\"name\":\"haberkuzey\",\"@id\":\"https:\\\/\\\/haberkuzey.com\\\/#\\\/schema\\\/person\\\/3372109ec735f9333f4fa47ebb9605ca\"},\"headline\":\"A Mili Voleybol Tak\u0131m\u0131 final i\u00e7in S\u0131rbistan kar\u015f\u0131s\u0131nda\",\"datePublished\":\"2026-09-04T07:18:03+00:00\",\"mainEntityOfPage\":{\"@id\":\"https:\\\/\\\/haberkuzey.com\\\/index.php\\\/2026\\\/09\\\/04\\\/a-mili-voleybol-takimi-final-icin-sirbistan-karsisinda\\\/\"},\"wordCount\":319,\"commentCount\":0,\"image\":{\"@id\":\"https:\\\/\\\/haberkuzey.com\\\/index.php\\\/2026\\\/09\\\/04\\\/a-mili-voleybol-takimi-final-icin-sirbistan-karsisinda\\\/#primaryimage\"},\"thumbnailUrl\":\"https:\\\/\\\/haberkuzey.com\\\/wp-content\\\/uploads\\\/2026\\\/09\\\/a-milli-voleybol-takimi-2486865.jpg\",\"articleSection\":[\"Spor\"],\"inLanguage\":\"tr\",\"potentialAction\":[{\"@type\":\"CommentAction\",\"name\":\"Comment\",\"target\":[\"https:\\\/\\\/haberkuzey.com\\\/index.php\\\/2026\\\/09\\\/04\\\/a-mili-voleybol-takimi-final-icin-sirbistan-karsisinda\\\/#respond\"]}]},{\"@type\":\"WebPage\",\"@id\":\"https:\\\/\\\/haberkuzey.com\\\/index.php\\\/2026\\\/09\\\/04\\\/a-mili-voleybol-takimi-final-icin-sirbistan-karsisinda\\\/\",\"url\":\"https:\\\/\\\/haberkuzey.com\\\/index.php\\\/2026\\\/09\\\/04\\\/a-mili-voleybol-takimi-final-icin-sirbistan-karsisinda\\\/\",\"name\":\"A Mili Voleybol Tak\u0131m\u0131 final i\u00e7in S\u0131rbistan kar\u015f\u0131s\u0131nda - Haber Kuzey\",\"isPartOf\":{\"@id\":\"https:\\\/\\\/haberkuzey.com\\\/#website\"},\"primaryImageOfPage\":{\"@id\":\"https:\\\/\\\/haberkuzey.com\\\/index.php\\\/2026\\\/09\\\/04\\\/a-mili-voleybol-takimi-final-icin-sirbistan-karsisinda\\\/#primaryimage\"},\"image\":{\"@id\":\"https:\\\/\\\/haberkuzey.com\\\/index.php\\\/2026\\\/09\\\/04\\\/a-mili-voleybol-takimi-final-icin-sirbistan-karsisinda\\\/#primaryimage\"},\"thumbnailUrl\":\"https:\\\/\\\/haberkuzey.com\\\/wp-content\\\/uploads\\\/2026\\\/09\\\/a-milli-voleybol-takimi-2486865.jpg\",\"datePublished\":\"2026-09-04T07:18:03+00:00\",\"author\":{\"@id\":\"https:\\\/\\\/haberkuzey.com\\\/#\\\/schema\\\/person\\\/3372109ec735f9333f4fa47ebb9605ca\"},\"breadcrumb\":{\"@id\":\"https:\\\/\\\/haberkuzey.com\\\/index.php\\\/2026\\\/09\\\/04\\\/a-mili-voleybol-takimi-final-icin-sirbistan-karsisinda\\\/#breadcrumb\"},\"inLanguage\":\"tr\",\"potentialAction\":[{\"@type\":\"ReadAction\",\"target\":[\"https:\\\/\\\/haberkuzey.com\\\/index.php\\\/2026\\\/09\\\/04\\\/a-mili-voleybol-takimi-final-icin-sirbistan-karsisinda\\\/\"]}]},{\"@type\":\"ImageObject\",\"inLanguage\":\"tr\",\"@id\":\"https:\\\/\\\/haberkuzey.com\\\/index.php\\\/2026\\\/09\\\/04\\\/a-mili-voleybol-takimi-final-icin-sirbistan-karsisinda\\\/#primaryimage\",\"url\":\"https:\\\/\\\/haberkuzey.com\\\/wp-content\\\/uploads\\\/2026\\\/09\\\/a-milli-voleybol-takimi-2486865.jpg\",\"contentUrl\":\"https:\\\/\\\/haberkuzey.com\\\/wp-content\\\/uploads\\\/2026\\\/09\\\/a-milli-voleybol-takimi-2486865.jpg\",\"width\":1280,\"height\":720},{\"@type\":\"BreadcrumbList\",\"@id\":\"https:\\\/\\\/haberkuzey.com\\\/index.php\\\/2026\\\/09\\\/04\\\/a-mili-voleybol-takimi-final-icin-sirbistan-karsisinda\\\/#breadcrumb\",\"itemListElement\":[{\"@type\":\"ListItem\",\"position\":1,\"name\":\"Anasayfa\",\"item\":\"https:\\\/\\\/haberkuzey.com\\\/\"},{\"@type\":\"ListItem\",\"position\":2,\"name\":\"A Mili Voleybol Tak\u0131m\u0131 final i\u00e7in S\u0131rbistan kar\u015f\u0131s\u0131nda\"}]},{\"@type\":\"WebSite\",\"@id\":\"https:\\\/\\\/haberkuzey.com\\\/#website\",\"url\":\"https:\\\/\\\/haberkuzey.com\\\/\",\"name\":\"Haber Kuzey\",\"description\":\"Do\u011fru Haberin Adresi\",\"potentialAction\":[{\"@type\":\"SearchAction\",\"target\":{\"@type\":\"EntryPoint\",\"urlTemplate\":\"https:\\\/\\\/haberkuzey.com\\\/?s={search_term_string}\"},\"query-input\":{\"@type\":\"PropertyValueSpecification\",\"valueRequired\":true,\"valueName\":\"search_term_string\"}}],\"inLanguage\":\"tr\"},{\"@type\":\"Person\",\"@id\":\"https:\\\/\\\/haberkuzey.com\\\/#\\\/schema\\\/person\\\/3372109ec735f9333f4fa47ebb9605ca\",\"name\":\"haberkuzey\",\"image\":{\"@type\":\"ImageObject\",\"inLanguage\":\"tr\",\"@id\":\"https:\\\/\\\/secure.gravatar.com\\\/avatar\\\/f5fc875574b1575324358c3b9e6a32b8227aa5b74f3fa22e3cadb63e26fcc39c?s=96&d=mm&r=g\",\"url\":\"https:\\\/\\\/secure.gravatar.com\\\/avatar\\\/f5fc875574b1575324358c3b9e6a32b8227aa5b74f3fa22e3cadb63e26fcc39c?s=96&d=mm&r=g\",\"contentUrl\":\"https:\\\/\\\/secure.gravatar.com\\\/avatar\\\/f5fc875574b1575324358c3b9e6a32b8227aa5b74f3fa22e3cadb63e26fcc39c?s=96&d=mm&r=g\",\"caption\":\"haberkuzey\"},\"sameAs\":[\"https:\\\/\\\/haberkuzey.com\"],\"url\":\"https:\\\/\\\/haberkuzey.com\\\/index.php\\\/author\\\/haberkuzey\\\/\"}]}<\/script>\n<!-- \/ Yoast SEO plugin. -->","yoast_head_json":{"title":"A Mili Voleybol Tak\u0131m\u0131 final i\u00e7in S\u0131rbistan kar\u015f\u0131s\u0131nda - Haber Kuzey","robots":{"index":"index","follow":"follow","max-snippet":"max-snippet:-1","max-image-preview":"max-image-preview:large","max-video-preview":"max-video-preview:-1"},"canonical":"https:\/\/haberkuzey.com\/index.php\/2026\/09\/04\/a-mili-voleybol-takimi-final-icin-sirbistan-karsisinda\/","og_locale":"tr_TR","og_type":"article","og_title":"A Mili Voleybol Tak\u0131m\u0131 final i\u00e7in S\u0131rbistan kar\u015f\u0131s\u0131nda - Haber Kuzey","og_description":"&#13; \u0130stanbul&#8217;un ev sahipli\u011finde Sinan Erdem Spor Salonu&#8217;nda oynanacak kar\u015f\u0131la\u015fma saat 16.00&#8217;da ba\u015flayacak. &#13; M\u00fcsabaka, TRT 1&#8217;den canl\u0131 yay\u0131mlanacak. &#13; Organizasyonun di\u011fer yar\u0131 final m\u00fccadelesinde Polonya ile \u0130talya, saat 19.00&#8217;da kar\u015f\u0131 kar\u015f\u0131ya gelecek. &#13; \u0130stanbul&#8217;da oynad\u0131\u011f\u0131 A Grubu ma\u00e7lar\u0131n\u0131n 4&#8217;\u00fcn\u00fc kazanan, 1&#8217;inde ma\u011flup olan &#8220;Filenin Sultanlar\u0131&#8221;, son 16 turunda Azerbaycan&#8217;\u0131 3-0, \u00e7eyrek finalde ise Almanya&#8217;y\u0131 [&hellip;]","og_url":"https:\/\/haberkuzey.com\/index.php\/2026\/09\/04\/a-mili-voleybol-takimi-final-icin-sirbistan-karsisinda\/","og_site_name":"Haber Kuzey","article_published_time":"2026-09-04T07:18:03+00:00","og_image":[{"url":"https:\/\/trthaberstatic.cdn.wp.trt.com.tr\/resimler\/2486000\/a-milli-voleybol-takimi-2486865.jpg","type":"","width":"","height":""}],"author":"haberkuzey","twitter_card":"summary_large_image","twitter_misc":{"Yazan:":"haberkuzey","Tahmini okuma s\u00fcresi":"2 dakika"},"schema":{"@context":"https:\/\/schema.org","@graph":[{"@type":"Article","@id":"https:\/\/haberkuzey.com\/index.php\/2026\/09\/04\/a-mili-voleybol-takimi-final-icin-sirbistan-karsisinda\/#article","isPartOf":{"@id":"https:\/\/haberkuzey.com\/index.php\/2026\/09\/04\/a-mili-voleybol-takimi-final-icin-sirbistan-karsisinda\/"},"author":{"name":"haberkuzey","@id":"https:\/\/haberkuzey.com\/#\/schema\/person\/3372109ec735f9333f4fa47ebb9605ca"},"headline":"A Mili Voleybol Tak\u0131m\u0131 final i\u00e7in S\u0131rbistan kar\u015f\u0131s\u0131nda","datePublished":"2026-09-04T07:18:03+00:00","mainEntityOfPage":{"@id":"https:\/\/haberkuzey.com\/index.php\/2026\/09\/04\/a-mili-voleybol-takimi-final-icin-sirbistan-karsisinda\/"},"wordCount":319,"commentCount":0,"image":{"@id":"https:\/\/haberkuzey.com\/index.php\/2026\/09\/04\/a-mili-voleybol-takimi-final-icin-sirbistan-karsisinda\/#primaryimage"},"thumbnailUrl":"https:\/\/haberkuzey.com\/wp-content\/uploads\/2026\/09\/a-milli-voleybol-takimi-2486865.jpg","articleSection":["Spor"],"inLanguage":"tr","potentialAction":[{"@type":"CommentAction","name":"Comment","target":["https:\/\/haberkuzey.com\/index.php\/2026\/09\/04\/a-mili-voleybol-takimi-final-icin-sirbistan-karsisinda\/#respond"]}]},{"@type":"WebPage","@id":"https:\/\/haberkuzey.com\/index.php\/2026\/09\/04\/a-mili-voleybol-takimi-final-icin-sirbistan-karsisinda\/","url":"https:\/\/haberkuzey.com\/index.php\/2026\/09\/04\/a-mili-voleybol-takimi-final-icin-sirbistan-karsisinda\/","name":"A Mili Voleybol Tak\u0131m\u0131 final i\u00e7in S\u0131rbistan kar\u015f\u0131s\u0131nda - Haber Kuzey","isPartOf":{"@id":"https:\/\/haberkuzey.com\/#website"},"primaryImageOfPage":{"@id":"https:\/\/haberkuzey.com\/index.php\/2026\/09\/04\/a-mili-voleybol-takimi-final-icin-sirbistan-karsisinda\/#primaryimage"},"image":{"@id":"https:\/\/haberkuzey.com\/index.php\/2026\/09\/04\/a-mili-voleybol-takimi-final-icin-sirbistan-karsisinda\/#primaryimage"},"thumbnailUrl":"https:\/\/haberkuzey.com\/wp-content\/uploads\/2026\/09\/a-milli-voleybol-takimi-2486865.jpg","datePublished":"2026-09-04T07:18:03+00:00","author":{"@id":"https:\/\/haberkuzey.com\/#\/schema\/person\/3372109ec735f9333f4fa47ebb9605ca"},"breadcrumb":{"@id":"https:\/\/haberkuzey.com\/index.php\/2026\/09\/04\/a-mili-voleybol-takimi-final-icin-sirbistan-karsisinda\/#breadcrumb"},"inLanguage":"tr","potentialAction":[{"@type":"ReadAction","target":["https:\/\/haberkuzey.com\/index.php\/2026\/09\/04\/a-mili-voleybol-takimi-final-icin-sirbistan-karsisinda\/"]}]},{"@type":"ImageObject","inLanguage":"tr","@id":"https:\/\/haberkuzey.com\/index.php\/2026\/09\/04\/a-mili-voleybol-takimi-final-icin-sirbistan-karsisinda\/#primaryimage","url":"https:\/\/haberkuzey.com\/wp-content\/uploads\/2026\/09\/a-milli-voleybol-takimi-2486865.jpg","contentUrl":"https:\/\/haberkuzey.com\/wp-content\/uploads\/2026\/09\/a-milli-voleybol-takimi-2486865.jpg","width":1280,"height":720},{"@type":"BreadcrumbList","@id":"https:\/\/haberkuzey.com\/index.php\/2026\/09\/04\/a-mili-voleybol-takimi-final-icin-sirbistan-karsisinda\/#breadcrumb","itemListElement":[{"@type":"ListItem","position":1,"name":"Anasayfa","item":"https:\/\/haberkuzey.com\/"},{"@type":"ListItem","position":2,"name":"A Mili Voleybol Tak\u0131m\u0131 final i\u00e7in S\u0131rbistan kar\u015f\u0131s\u0131nda"}]},{"@type":"WebSite","@id":"https:\/\/haberkuzey.com\/#website","url":"https:\/\/haberkuzey.com\/","name":"Haber Kuzey","description":"Do\u011fru Haberin Adresi","potentialAction":[{"@type":"SearchAction","target":{"@type":"EntryPoint","urlTemplate":"https:\/\/haberkuzey.com\/?s={search_term_string}"},"query-input":{"@type":"PropertyValueSpecification","valueRequired":true,"valueName":"search_term_string"}}],"inLanguage":"tr"},{"@type":"Person","@id":"https:\/\/haberkuzey.com\/#\/schema\/person\/3372109ec735f9333f4fa47ebb9605ca","name":"haberkuzey","image":{"@type":"ImageObject","inLanguage":"tr","@id":"https:\/\/secure.gravatar.com\/avatar\/f5fc875574b1575324358c3b9e6a32b8227aa5b74f3fa22e3cadb63e26fcc39c?s=96&d=mm&r=g","url":"https:\/\/secure.gravatar.com\/avatar\/f5fc875574b1575324358c3b9e6a32b8227aa5b74f3fa22e3cadb63e26fcc39c?s=96&d=mm&r=g","contentUrl":"https:\/\/secure.gravatar.com\/avatar\/f5fc875574b1575324358c3b9e6a32b8227aa5b74f3fa22e3cadb63e26fcc39c?s=96&d=mm&r=g","caption":"haberkuzey"},"sameAs":["https:\/\/haberkuzey.com"],"url":"https:\/\/haberkuzey.com\/index.php\/author\/haberkuzey\/"}]}},"_links":{"self":[{"href":"https:\/\/haberkuzey.com\/index.php\/wp-json\/wp\/v2\/posts\/46441","targetHints":{"allow":["GET"]}}],"collection":[{"href":"https:\/\/haberkuzey.com\/index.php\/wp-json\/wp\/v2\/posts"}],"about":[{"href":"https:\/\/haberkuzey.com\/index.php\/wp-json\/wp\/v2\/types\/post"}],"author":[{"embeddable":true,"href":"https:\/\/haberkuzey.com\/index.php\/wp-json\/wp\/v2\/users\/1"}],"replies":[{"embeddable":true,"href":"https:\/\/haberkuzey.com\/index.php\/wp-json\/wp\/v2\/comments?post=46441"}],"version-history":[{"count":0,"href":"https:\/\/haberkuzey.com\/index.php\/wp-json\/wp\/v2\/posts\/46441\/revisions"}],"wp:featuredmedia":[{"embeddable":true,"href":"https:\/\/haberkuzey.com\/index.php\/wp-json\/wp\/v2\/media\/46442"}],"wp:attachment":[{"href":"https:\/\/haberkuzey.com\/index.php\/wp-json\/wp\/v2\/media?parent=46441"}],"wp:term":[{"taxonomy":"category","embeddable":true,"href":"https:\/\/haberkuzey.com\/index.php\/wp-json\/wp\/v2\/categories?post=46441"},{"taxonomy":"post_tag","embeddable":true,"href":"https:\/\/haberkuzey.com\/index.php\/wp-json\/wp\/v2\/tags?post=46441"}],"curies":[{"name":"wp","href":"https:\/\/api.w.org\/{rel}","templated":true}]}}