{"id":46432,"date":"2026-09-04T06:04:03","date_gmt":"2026-09-04T03:04:03","guid":{"rendered":"https:\/\/haberkuzey.com\/index.php\/2026\/09\/04\/almanyada-savunma-sanayii-sirketi-onunde-kundaklama-girisimi\/"},"modified":"2026-09-04T06:04:03","modified_gmt":"2026-09-04T03:04:03","slug":"almanyada-savunma-sanayii-sirketi-onunde-kundaklama-girisimi","status":"publish","type":"post","link":"https:\/\/haberkuzey.com\/index.php\/2026\/09\/04\/almanyada-savunma-sanayii-sirketi-onunde-kundaklama-girisimi\/","title":{"rendered":"Almanya&#8217;da savunma sanayii \u015firketi \u00f6n\u00fcnde kundaklama giri\u015fimi"},"content":{"rendered":"<p><\/p>\n<div>\n<p>&#13;<br \/>\n\tG\u00f6rg\u00fc tan\u0131klar\u0131n\u0131n ihbar\u0131yla b\u00f6lgeye intikal eden polis ekipleri, konteynerlerin yak\u0131n\u0131nda \u00e7\u0131kan yang\u0131n\u0131 b\u00fcy\u00fcmeden s\u00f6nd\u00fcrd\u00fc. Olayda yaralanan olmazken, \u015fantiyede patlamam\u0131\u015f bir yan\u0131c\u0131 madde daha ele ge\u00e7irilerek bomba imha uzmanlar\u0131nca etkisiz hale getirildi.<\/p>\n<p>&#13;<br \/>\n\tBavyera polisi, siyasi motivasyon \u015f\u00fcphesiyle kundaklama giri\u015fimine y\u00f6nelik Bavyera Eyalet Kriminal Dairesi (LKA) taraf\u0131ndan soru\u015fturma ba\u015flat\u0131ld\u0131\u011f\u0131n\u0131 a\u00e7\u0131klad\u0131.<\/p>\n<p>&#13;<br \/>\n\tOlay\u0131n ard\u0131ndan y\u00fcr\u00fct\u00fclen arama operasyonunda, yak\u0131nlardaki bir akaryak\u0131t istasyonunda yabanc\u0131 uyruklu iki zanl\u0131 g\u00f6zalt\u0131na al\u0131nd\u0131. Rohde &amp; Schwarz s\u00f6zc\u00fcs\u00fc, operasyonu do\u011frulayarak, \u015firket binalar\u0131n\u0131n olaydan etkilenmedi\u011fini bildirdi. Ayn\u0131 firman\u0131n yak\u0131nlar\u0131nda 2021 y\u0131l\u0131nda da sabotaj d\u00fczenlenmi\u015f ve faili me\u00e7hul kalan eylemin savunma sanayisi faaliyetlerini hedef ald\u0131\u011f\u0131 iddia edilmi\u015fti.<\/p>\n<h2>&#13;<br \/>\n\tAlmanya&#8217;da sabotaj alarm\u0131<\/h2>\n<p>&#13;<br \/>\n\tS\u00f6z konusu kundaklama giri\u015fimi, Alman makamlar\u0131n\u0131n kritik altyap\u0131 tesislerine y\u00f6nelik sald\u0131r\u0131lara kar\u015f\u0131 y\u00fcksek alarma ge\u00e7ti\u011fi bir d\u00f6nemde ya\u015fand\u0131. Almanya&#8217;daki Leipzig-Halle Havaliman\u0131&#8217;nda 4 A\u011fustos&#8217;ta Ukrayna&#8217;ya ait bir nakliye u\u00e7a\u011f\u0131n\u0131n yak\u0131n\u0131nda patlay\u0131c\u0131 d\u00fczene\u011fi i\u00e7erdi\u011fi de\u011ferlendirilen \u0130HA bulunmu\u015ftu.<\/p>\n<p>&#13;<br \/>\n\tABD istihbarat\u0131, bulunan patlay\u0131c\u0131 y\u00fckl\u00fc \u0130HA&#8217;n\u0131n \u00f6zelliklerinin, Rus askeri istihbarat\u0131na &#8220;\u00f6zg\u00fc&#8221; oldu\u011funu iddia etmi\u015fti.<\/p>\n<p>&#13;<br \/>\n\tAlmanya h\u00fck\u00fcmeti, d\u00fcn, olayla ilgili soru\u015fturmada elde edilen bulgular\u0131n Rusya&#8217;y\u0131 sorumlu g\u00f6sterdi\u011fini belirterek, bir dizi tedbir a\u00e7\u0131klam\u0131\u015ft\u0131.<\/p>\n<\/p><\/div>\n","protected":false},"excerpt":{"rendered":"<p>&#13; G\u00f6rg\u00fc tan\u0131klar\u0131n\u0131n ihbar\u0131yla b\u00f6lgeye intikal eden polis ekipleri, konteynerlerin yak\u0131n\u0131nda \u00e7\u0131kan yang\u0131n\u0131 b\u00fcy\u00fcmeden s\u00f6nd\u00fcrd\u00fc. Olayda yaralanan olmazken, \u015fantiyede patlamam\u0131\u015f bir yan\u0131c\u0131 madde daha ele ge\u00e7irilerek bomba imha uzmanlar\u0131nca etkisiz hale getirildi. &#13; Bavyera polisi, siyasi motivasyon \u015f\u00fcphesiyle kundaklama giri\u015fimine y\u00f6nelik Bavyera Eyalet Kriminal Dairesi (LKA) taraf\u0131ndan soru\u015fturma ba\u015flat\u0131ld\u0131\u011f\u0131n\u0131 a\u00e7\u0131klad\u0131. &#13; Olay\u0131n ard\u0131ndan y\u00fcr\u00fct\u00fclen arama [&hellip;]<\/p>\n","protected":false},"author":1,"featured_media":46433,"comment_status":"open","ping_status":"open","sticky":false,"template":"","format":"standard","meta":{"jnews-multi-image_gallery":[],"jnews_single_post":[],"jnews_primary_category":[],"footnotes":""},"categories":[2],"tags":[],"class_list":["post-46432","post","type-post","status-publish","format-standard","has-post-thumbnail","hentry","category-dunya"],"yoast_head":"<!-- This site is optimized with the Yoast SEO plugin v28.4 - https:\/\/yoast.com\/product\/yoast-seo-wordpress\/ -->\n<title>Almanya&#039;da savunma sanayii \u015firketi \u00f6n\u00fcnde kundaklama giri\u015fimi - Haber Kuzey<\/title>\n<meta name=\"robots\" content=\"index, follow, max-snippet:-1, max-image-preview:large, max-video-preview:-1\" \/>\n<link rel=\"canonical\" href=\"https:\/\/haberkuzey.com\/index.php\/2026\/09\/04\/almanyada-savunma-sanayii-sirketi-onunde-kundaklama-girisimi\/\" \/>\n<meta property=\"og:locale\" content=\"tr_TR\" \/>\n<meta property=\"og:type\" content=\"article\" \/>\n<meta property=\"og:title\" content=\"Almanya&#039;da savunma sanayii \u015firketi \u00f6n\u00fcnde kundaklama giri\u015fimi - Haber Kuzey\" \/>\n<meta property=\"og:description\" content=\"&#013; G\u00f6rg\u00fc tan\u0131klar\u0131n\u0131n ihbar\u0131yla b\u00f6lgeye intikal eden polis ekipleri, konteynerlerin yak\u0131n\u0131nda \u00e7\u0131kan yang\u0131n\u0131 b\u00fcy\u00fcmeden s\u00f6nd\u00fcrd\u00fc. Olayda yaralanan olmazken, \u015fantiyede patlamam\u0131\u015f bir yan\u0131c\u0131 madde daha ele ge\u00e7irilerek bomba imha uzmanlar\u0131nca etkisiz hale getirildi. &#013; Bavyera polisi, siyasi motivasyon \u015f\u00fcphesiyle kundaklama giri\u015fimine y\u00f6nelik Bavyera Eyalet Kriminal Dairesi (LKA) taraf\u0131ndan soru\u015fturma ba\u015flat\u0131ld\u0131\u011f\u0131n\u0131 a\u00e7\u0131klad\u0131. &#013; Olay\u0131n ard\u0131ndan y\u00fcr\u00fct\u00fclen arama [&hellip;]\" \/>\n<meta property=\"og:url\" content=\"https:\/\/haberkuzey.com\/index.php\/2026\/09\/04\/almanyada-savunma-sanayii-sirketi-onunde-kundaklama-girisimi\/\" \/>\n<meta property=\"og:site_name\" content=\"Haber Kuzey\" \/>\n<meta property=\"article:published_time\" content=\"2026-09-04T03:04:03+00:00\" \/>\n<meta property=\"og:image\" content=\"https:\/\/trthaberstatic.cdn.wp.trt.com.tr\/resimler\/2486000\/grmy-re-2486803.jpg\" \/>\n<meta name=\"author\" content=\"haberkuzey\" \/>\n<meta name=\"twitter:card\" content=\"summary_large_image\" \/>\n<meta name=\"twitter:label1\" content=\"Yazan:\" \/>\n\t<meta name=\"twitter:data1\" content=\"haberkuzey\" \/>\n\t<meta name=\"twitter:label2\" content=\"Tahmini okuma s\u00fcresi\" \/>\n\t<meta name=\"twitter:data2\" content=\"1 dakika\" \/>\n<script type=\"application\/ld+json\" class=\"yoast-schema-graph\">{\"@context\":\"https:\\\/\\\/schema.org\",\"@graph\":[{\"@type\":\"Article\",\"@id\":\"https:\\\/\\\/haberkuzey.com\\\/index.php\\\/2026\\\/09\\\/04\\\/almanyada-savunma-sanayii-sirketi-onunde-kundaklama-girisimi\\\/#article\",\"isPartOf\":{\"@id\":\"https:\\\/\\\/haberkuzey.com\\\/index.php\\\/2026\\\/09\\\/04\\\/almanyada-savunma-sanayii-sirketi-onunde-kundaklama-girisimi\\\/\"},\"author\":{\"name\":\"haberkuzey\",\"@id\":\"https:\\\/\\\/haberkuzey.com\\\/#\\\/schema\\\/person\\\/3372109ec735f9333f4fa47ebb9605ca\"},\"headline\":\"Almanya&#8217;da savunma sanayii \u015firketi \u00f6n\u00fcnde kundaklama giri\u015fimi\",\"datePublished\":\"2026-09-04T03:04:03+00:00\",\"mainEntityOfPage\":{\"@id\":\"https:\\\/\\\/haberkuzey.com\\\/index.php\\\/2026\\\/09\\\/04\\\/almanyada-savunma-sanayii-sirketi-onunde-kundaklama-girisimi\\\/\"},\"wordCount\":266,\"commentCount\":0,\"image\":{\"@id\":\"https:\\\/\\\/haberkuzey.com\\\/index.php\\\/2026\\\/09\\\/04\\\/almanyada-savunma-sanayii-sirketi-onunde-kundaklama-girisimi\\\/#primaryimage\"},\"thumbnailUrl\":\"https:\\\/\\\/haberkuzey.com\\\/wp-content\\\/uploads\\\/2026\\\/09\\\/grmy-re-2486803.jpg\",\"articleSection\":[\"D\u00fcnya\"],\"inLanguage\":\"tr\",\"potentialAction\":[{\"@type\":\"CommentAction\",\"name\":\"Comment\",\"target\":[\"https:\\\/\\\/haberkuzey.com\\\/index.php\\\/2026\\\/09\\\/04\\\/almanyada-savunma-sanayii-sirketi-onunde-kundaklama-girisimi\\\/#respond\"]}]},{\"@type\":\"WebPage\",\"@id\":\"https:\\\/\\\/haberkuzey.com\\\/index.php\\\/2026\\\/09\\\/04\\\/almanyada-savunma-sanayii-sirketi-onunde-kundaklama-girisimi\\\/\",\"url\":\"https:\\\/\\\/haberkuzey.com\\\/index.php\\\/2026\\\/09\\\/04\\\/almanyada-savunma-sanayii-sirketi-onunde-kundaklama-girisimi\\\/\",\"name\":\"Almanya'da savunma sanayii \u015firketi \u00f6n\u00fcnde kundaklama giri\u015fimi - Haber Kuzey\",\"isPartOf\":{\"@id\":\"https:\\\/\\\/haberkuzey.com\\\/#website\"},\"primaryImageOfPage\":{\"@id\":\"https:\\\/\\\/haberkuzey.com\\\/index.php\\\/2026\\\/09\\\/04\\\/almanyada-savunma-sanayii-sirketi-onunde-kundaklama-girisimi\\\/#primaryimage\"},\"image\":{\"@id\":\"https:\\\/\\\/haberkuzey.com\\\/index.php\\\/2026\\\/09\\\/04\\\/almanyada-savunma-sanayii-sirketi-onunde-kundaklama-girisimi\\\/#primaryimage\"},\"thumbnailUrl\":\"https:\\\/\\\/haberkuzey.com\\\/wp-content\\\/uploads\\\/2026\\\/09\\\/grmy-re-2486803.jpg\",\"datePublished\":\"2026-09-04T03:04:03+00:00\",\"author\":{\"@id\":\"https:\\\/\\\/haberkuzey.com\\\/#\\\/schema\\\/person\\\/3372109ec735f9333f4fa47ebb9605ca\"},\"breadcrumb\":{\"@id\":\"https:\\\/\\\/haberkuzey.com\\\/index.php\\\/2026\\\/09\\\/04\\\/almanyada-savunma-sanayii-sirketi-onunde-kundaklama-girisimi\\\/#breadcrumb\"},\"inLanguage\":\"tr\",\"potentialAction\":[{\"@type\":\"ReadAction\",\"target\":[\"https:\\\/\\\/haberkuzey.com\\\/index.php\\\/2026\\\/09\\\/04\\\/almanyada-savunma-sanayii-sirketi-onunde-kundaklama-girisimi\\\/\"]}]},{\"@type\":\"ImageObject\",\"inLanguage\":\"tr\",\"@id\":\"https:\\\/\\\/haberkuzey.com\\\/index.php\\\/2026\\\/09\\\/04\\\/almanyada-savunma-sanayii-sirketi-onunde-kundaklama-girisimi\\\/#primaryimage\",\"url\":\"https:\\\/\\\/haberkuzey.com\\\/wp-content\\\/uploads\\\/2026\\\/09\\\/grmy-re-2486803.jpg\",\"contentUrl\":\"https:\\\/\\\/haberkuzey.com\\\/wp-content\\\/uploads\\\/2026\\\/09\\\/grmy-re-2486803.jpg\",\"width\":1280,\"height\":720},{\"@type\":\"BreadcrumbList\",\"@id\":\"https:\\\/\\\/haberkuzey.com\\\/index.php\\\/2026\\\/09\\\/04\\\/almanyada-savunma-sanayii-sirketi-onunde-kundaklama-girisimi\\\/#breadcrumb\",\"itemListElement\":[{\"@type\":\"ListItem\",\"position\":1,\"name\":\"Anasayfa\",\"item\":\"https:\\\/\\\/haberkuzey.com\\\/\"},{\"@type\":\"ListItem\",\"position\":2,\"name\":\"Almanya&#8217;da savunma sanayii \u015firketi \u00f6n\u00fcnde kundaklama giri\u015fimi\"}]},{\"@type\":\"WebSite\",\"@id\":\"https:\\\/\\\/haberkuzey.com\\\/#website\",\"url\":\"https:\\\/\\\/haberkuzey.com\\\/\",\"name\":\"Haber Kuzey\",\"description\":\"Do\u011fru Haberin Adresi\",\"potentialAction\":[{\"@type\":\"SearchAction\",\"target\":{\"@type\":\"EntryPoint\",\"urlTemplate\":\"https:\\\/\\\/haberkuzey.com\\\/?s={search_term_string}\"},\"query-input\":{\"@type\":\"PropertyValueSpecification\",\"valueRequired\":true,\"valueName\":\"search_term_string\"}}],\"inLanguage\":\"tr\"},{\"@type\":\"Person\",\"@id\":\"https:\\\/\\\/haberkuzey.com\\\/#\\\/schema\\\/person\\\/3372109ec735f9333f4fa47ebb9605ca\",\"name\":\"haberkuzey\",\"image\":{\"@type\":\"ImageObject\",\"inLanguage\":\"tr\",\"@id\":\"https:\\\/\\\/secure.gravatar.com\\\/avatar\\\/f5fc875574b1575324358c3b9e6a32b8227aa5b74f3fa22e3cadb63e26fcc39c?s=96&d=mm&r=g\",\"url\":\"https:\\\/\\\/secure.gravatar.com\\\/avatar\\\/f5fc875574b1575324358c3b9e6a32b8227aa5b74f3fa22e3cadb63e26fcc39c?s=96&d=mm&r=g\",\"contentUrl\":\"https:\\\/\\\/secure.gravatar.com\\\/avatar\\\/f5fc875574b1575324358c3b9e6a32b8227aa5b74f3fa22e3cadb63e26fcc39c?s=96&d=mm&r=g\",\"caption\":\"haberkuzey\"},\"sameAs\":[\"https:\\\/\\\/haberkuzey.com\"],\"url\":\"https:\\\/\\\/haberkuzey.com\\\/index.php\\\/author\\\/haberkuzey\\\/\"}]}<\/script>\n<!-- \/ Yoast SEO plugin. -->","yoast_head_json":{"title":"Almanya'da savunma sanayii \u015firketi \u00f6n\u00fcnde kundaklama giri\u015fimi - Haber Kuzey","robots":{"index":"index","follow":"follow","max-snippet":"max-snippet:-1","max-image-preview":"max-image-preview:large","max-video-preview":"max-video-preview:-1"},"canonical":"https:\/\/haberkuzey.com\/index.php\/2026\/09\/04\/almanyada-savunma-sanayii-sirketi-onunde-kundaklama-girisimi\/","og_locale":"tr_TR","og_type":"article","og_title":"Almanya'da savunma sanayii \u015firketi \u00f6n\u00fcnde kundaklama giri\u015fimi - Haber Kuzey","og_description":"&#13; G\u00f6rg\u00fc tan\u0131klar\u0131n\u0131n ihbar\u0131yla b\u00f6lgeye intikal eden polis ekipleri, konteynerlerin yak\u0131n\u0131nda \u00e7\u0131kan yang\u0131n\u0131 b\u00fcy\u00fcmeden s\u00f6nd\u00fcrd\u00fc. Olayda yaralanan olmazken, \u015fantiyede patlamam\u0131\u015f bir yan\u0131c\u0131 madde daha ele ge\u00e7irilerek bomba imha uzmanlar\u0131nca etkisiz hale getirildi. &#13; Bavyera polisi, siyasi motivasyon \u015f\u00fcphesiyle kundaklama giri\u015fimine y\u00f6nelik Bavyera Eyalet Kriminal Dairesi (LKA) taraf\u0131ndan soru\u015fturma ba\u015flat\u0131ld\u0131\u011f\u0131n\u0131 a\u00e7\u0131klad\u0131. &#13; Olay\u0131n ard\u0131ndan y\u00fcr\u00fct\u00fclen arama [&hellip;]","og_url":"https:\/\/haberkuzey.com\/index.php\/2026\/09\/04\/almanyada-savunma-sanayii-sirketi-onunde-kundaklama-girisimi\/","og_site_name":"Haber Kuzey","article_published_time":"2026-09-04T03:04:03+00:00","og_image":[{"url":"https:\/\/trthaberstatic.cdn.wp.trt.com.tr\/resimler\/2486000\/grmy-re-2486803.jpg","type":"","width":"","height":""}],"author":"haberkuzey","twitter_card":"summary_large_image","twitter_misc":{"Yazan:":"haberkuzey","Tahmini okuma s\u00fcresi":"1 dakika"},"schema":{"@context":"https:\/\/schema.org","@graph":[{"@type":"Article","@id":"https:\/\/haberkuzey.com\/index.php\/2026\/09\/04\/almanyada-savunma-sanayii-sirketi-onunde-kundaklama-girisimi\/#article","isPartOf":{"@id":"https:\/\/haberkuzey.com\/index.php\/2026\/09\/04\/almanyada-savunma-sanayii-sirketi-onunde-kundaklama-girisimi\/"},"author":{"name":"haberkuzey","@id":"https:\/\/haberkuzey.com\/#\/schema\/person\/3372109ec735f9333f4fa47ebb9605ca"},"headline":"Almanya&#8217;da savunma sanayii \u015firketi \u00f6n\u00fcnde kundaklama giri\u015fimi","datePublished":"2026-09-04T03:04:03+00:00","mainEntityOfPage":{"@id":"https:\/\/haberkuzey.com\/index.php\/2026\/09\/04\/almanyada-savunma-sanayii-sirketi-onunde-kundaklama-girisimi\/"},"wordCount":266,"commentCount":0,"image":{"@id":"https:\/\/haberkuzey.com\/index.php\/2026\/09\/04\/almanyada-savunma-sanayii-sirketi-onunde-kundaklama-girisimi\/#primaryimage"},"thumbnailUrl":"https:\/\/haberkuzey.com\/wp-content\/uploads\/2026\/09\/grmy-re-2486803.jpg","articleSection":["D\u00fcnya"],"inLanguage":"tr","potentialAction":[{"@type":"CommentAction","name":"Comment","target":["https:\/\/haberkuzey.com\/index.php\/2026\/09\/04\/almanyada-savunma-sanayii-sirketi-onunde-kundaklama-girisimi\/#respond"]}]},{"@type":"WebPage","@id":"https:\/\/haberkuzey.com\/index.php\/2026\/09\/04\/almanyada-savunma-sanayii-sirketi-onunde-kundaklama-girisimi\/","url":"https:\/\/haberkuzey.com\/index.php\/2026\/09\/04\/almanyada-savunma-sanayii-sirketi-onunde-kundaklama-girisimi\/","name":"Almanya'da savunma sanayii \u015firketi \u00f6n\u00fcnde kundaklama giri\u015fimi - Haber Kuzey","isPartOf":{"@id":"https:\/\/haberkuzey.com\/#website"},"primaryImageOfPage":{"@id":"https:\/\/haberkuzey.com\/index.php\/2026\/09\/04\/almanyada-savunma-sanayii-sirketi-onunde-kundaklama-girisimi\/#primaryimage"},"image":{"@id":"https:\/\/haberkuzey.com\/index.php\/2026\/09\/04\/almanyada-savunma-sanayii-sirketi-onunde-kundaklama-girisimi\/#primaryimage"},"thumbnailUrl":"https:\/\/haberkuzey.com\/wp-content\/uploads\/2026\/09\/grmy-re-2486803.jpg","datePublished":"2026-09-04T03:04:03+00:00","author":{"@id":"https:\/\/haberkuzey.com\/#\/schema\/person\/3372109ec735f9333f4fa47ebb9605ca"},"breadcrumb":{"@id":"https:\/\/haberkuzey.com\/index.php\/2026\/09\/04\/almanyada-savunma-sanayii-sirketi-onunde-kundaklama-girisimi\/#breadcrumb"},"inLanguage":"tr","potentialAction":[{"@type":"ReadAction","target":["https:\/\/haberkuzey.com\/index.php\/2026\/09\/04\/almanyada-savunma-sanayii-sirketi-onunde-kundaklama-girisimi\/"]}]},{"@type":"ImageObject","inLanguage":"tr","@id":"https:\/\/haberkuzey.com\/index.php\/2026\/09\/04\/almanyada-savunma-sanayii-sirketi-onunde-kundaklama-girisimi\/#primaryimage","url":"https:\/\/haberkuzey.com\/wp-content\/uploads\/2026\/09\/grmy-re-2486803.jpg","contentUrl":"https:\/\/haberkuzey.com\/wp-content\/uploads\/2026\/09\/grmy-re-2486803.jpg","width":1280,"height":720},{"@type":"BreadcrumbList","@id":"https:\/\/haberkuzey.com\/index.php\/2026\/09\/04\/almanyada-savunma-sanayii-sirketi-onunde-kundaklama-girisimi\/#breadcrumb","itemListElement":[{"@type":"ListItem","position":1,"name":"Anasayfa","item":"https:\/\/haberkuzey.com\/"},{"@type":"ListItem","position":2,"name":"Almanya&#8217;da savunma sanayii \u015firketi \u00f6n\u00fcnde kundaklama giri\u015fimi"}]},{"@type":"WebSite","@id":"https:\/\/haberkuzey.com\/#website","url":"https:\/\/haberkuzey.com\/","name":"Haber Kuzey","description":"Do\u011fru Haberin Adresi","potentialAction":[{"@type":"SearchAction","target":{"@type":"EntryPoint","urlTemplate":"https:\/\/haberkuzey.com\/?s={search_term_string}"},"query-input":{"@type":"PropertyValueSpecification","valueRequired":true,"valueName":"search_term_string"}}],"inLanguage":"tr"},{"@type":"Person","@id":"https:\/\/haberkuzey.com\/#\/schema\/person\/3372109ec735f9333f4fa47ebb9605ca","name":"haberkuzey","image":{"@type":"ImageObject","inLanguage":"tr","@id":"https:\/\/secure.gravatar.com\/avatar\/f5fc875574b1575324358c3b9e6a32b8227aa5b74f3fa22e3cadb63e26fcc39c?s=96&d=mm&r=g","url":"https:\/\/secure.gravatar.com\/avatar\/f5fc875574b1575324358c3b9e6a32b8227aa5b74f3fa22e3cadb63e26fcc39c?s=96&d=mm&r=g","contentUrl":"https:\/\/secure.gravatar.com\/avatar\/f5fc875574b1575324358c3b9e6a32b8227aa5b74f3fa22e3cadb63e26fcc39c?s=96&d=mm&r=g","caption":"haberkuzey"},"sameAs":["https:\/\/haberkuzey.com"],"url":"https:\/\/haberkuzey.com\/index.php\/author\/haberkuzey\/"}]}},"_links":{"self":[{"href":"https:\/\/haberkuzey.com\/index.php\/wp-json\/wp\/v2\/posts\/46432","targetHints":{"allow":["GET"]}}],"collection":[{"href":"https:\/\/haberkuzey.com\/index.php\/wp-json\/wp\/v2\/posts"}],"about":[{"href":"https:\/\/haberkuzey.com\/index.php\/wp-json\/wp\/v2\/types\/post"}],"author":[{"embeddable":true,"href":"https:\/\/haberkuzey.com\/index.php\/wp-json\/wp\/v2\/users\/1"}],"replies":[{"embeddable":true,"href":"https:\/\/haberkuzey.com\/index.php\/wp-json\/wp\/v2\/comments?post=46432"}],"version-history":[{"count":0,"href":"https:\/\/haberkuzey.com\/index.php\/wp-json\/wp\/v2\/posts\/46432\/revisions"}],"wp:featuredmedia":[{"embeddable":true,"href":"https:\/\/haberkuzey.com\/index.php\/wp-json\/wp\/v2\/media\/46433"}],"wp:attachment":[{"href":"https:\/\/haberkuzey.com\/index.php\/wp-json\/wp\/v2\/media?parent=46432"}],"wp:term":[{"taxonomy":"category","embeddable":true,"href":"https:\/\/haberkuzey.com\/index.php\/wp-json\/wp\/v2\/categories?post=46432"},{"taxonomy":"post_tag","embeddable":true,"href":"https:\/\/haberkuzey.com\/index.php\/wp-json\/wp\/v2\/tags?post=46432"}],"curies":[{"name":"wp","href":"https:\/\/api.w.org\/{rel}","templated":true}]}}