{"id":46427,"date":"2026-09-04T03:01:16","date_gmt":"2026-09-04T00:01:16","guid":{"rendered":"https:\/\/haberkuzey.com\/index.php\/2026\/09\/04\/bmden-son-bin-yilin-en-guclu-el-nino-uyarisi-2027-tarihin-en-sicak-yili-olabilir\/"},"modified":"2026-09-04T03:01:16","modified_gmt":"2026-09-04T00:01:16","slug":"bmden-son-bin-yilin-en-guclu-el-nino-uyarisi-2027-tarihin-en-sicak-yili-olabilir","status":"publish","type":"post","link":"https:\/\/haberkuzey.com\/index.php\/2026\/09\/04\/bmden-son-bin-yilin-en-guclu-el-nino-uyarisi-2027-tarihin-en-sicak-yili-olabilir\/","title":{"rendered":"BM&#039;den son bin y\u0131l\u0131n en g\u00fc\u00e7l\u00fc El Nino uyar\u0131s\u0131: 2027 tarihin en s\u0131cak y\u0131l\u0131 olabilir"},"content":{"rendered":"<article>\n<header><\/p>\n<h2>Birle\u015fmi\u015f Milletler, El Nino hava olay\u0131n\u0131n tarihte e\u015fi benzeri g\u00f6r\u00fclmemi\u015f bir h\u0131zla b\u00fcy\u00fcd\u00fc\u011f\u00fcn\u00fc belirterek k\u00fcresel s\u0131cakl\u0131k rekorlar\u0131n\u0131n k\u0131r\u0131laca\u011f\u0131 uyar\u0131s\u0131nda bulundu. Son bin y\u0131l\u0131n en b\u00fcy\u00fc\u011f\u00fc olmas\u0131 beklenen do\u011fa olay\u0131n\u0131n k\u00fcresel \u0131s\u0131nmayla birle\u015fmesi sonucu 2027 y\u0131l\u0131n\u0131n insanl\u0131k tarihinin en s\u0131cak y\u0131l\u0131 olaca\u011f\u0131 tahmin ediliyor.<\/h2>\n<p><time class=\"op-published\" datetime=\"Fri, 04 Sep 2026 00:17:00 +0300\">04\/09\/2026 00:17<\/time><\/header>\n<footer><small>\u00a9 TRT HABER<\/small><\/footer>\n<\/article>\n","protected":false},"excerpt":{"rendered":"<p>Birle\u015fmi\u015f Milletler, El Nino hava olay\u0131n\u0131n tarihte e\u015fi benzeri g\u00f6r\u00fclmemi\u015f bir h\u0131zla b\u00fcy\u00fcd\u00fc\u011f\u00fcn\u00fc belirterek k\u00fcresel s\u0131cakl\u0131k rekorlar\u0131n\u0131n k\u0131r\u0131laca\u011f\u0131 uyar\u0131s\u0131nda bulundu. Son bin y\u0131l\u0131n en b\u00fcy\u00fc\u011f\u00fc olmas\u0131 beklenen do\u011fa olay\u0131n\u0131n k\u00fcresel \u0131s\u0131nmayla birle\u015fmesi sonucu 2027 y\u0131l\u0131n\u0131n insanl\u0131k tarihinin en s\u0131cak y\u0131l\u0131 olaca\u011f\u0131 tahmin ediliyor. 04\/09\/2026 00:17 \u00a9 TRT HABER<\/p>\n","protected":false},"author":1,"featured_media":46428,"comment_status":"open","ping_status":"open","sticky":false,"template":"","format":"standard","meta":{"jnews-multi-image_gallery":[],"jnews_single_post":[],"jnews_primary_category":[],"footnotes":""},"categories":[2],"tags":[],"class_list":["post-46427","post","type-post","status-publish","format-standard","has-post-thumbnail","hentry","category-dunya"],"yoast_head":"<!-- This site is optimized with the Yoast SEO plugin v28.4 - https:\/\/yoast.com\/product\/yoast-seo-wordpress\/ -->\n<title>BM&#039;den son bin y\u0131l\u0131n en g\u00fc\u00e7l\u00fc El Nino uyar\u0131s\u0131: 2027 tarihin en s\u0131cak y\u0131l\u0131 olabilir - Haber Kuzey<\/title>\n<meta name=\"robots\" content=\"index, follow, max-snippet:-1, max-image-preview:large, max-video-preview:-1\" \/>\n<link rel=\"canonical\" href=\"https:\/\/haberkuzey.com\/index.php\/2026\/09\/04\/bmden-son-bin-yilin-en-guclu-el-nino-uyarisi-2027-tarihin-en-sicak-yili-olabilir\/\" \/>\n<meta property=\"og:locale\" content=\"tr_TR\" \/>\n<meta property=\"og:type\" content=\"article\" \/>\n<meta property=\"og:title\" content=\"BM&#039;den son bin y\u0131l\u0131n en g\u00fc\u00e7l\u00fc El Nino uyar\u0131s\u0131: 2027 tarihin en s\u0131cak y\u0131l\u0131 olabilir - Haber Kuzey\" \/>\n<meta property=\"og:description\" content=\"Birle\u015fmi\u015f Milletler, El Nino hava olay\u0131n\u0131n tarihte e\u015fi benzeri g\u00f6r\u00fclmemi\u015f bir h\u0131zla b\u00fcy\u00fcd\u00fc\u011f\u00fcn\u00fc belirterek k\u00fcresel s\u0131cakl\u0131k rekorlar\u0131n\u0131n k\u0131r\u0131laca\u011f\u0131 uyar\u0131s\u0131nda bulundu. Son bin y\u0131l\u0131n en b\u00fcy\u00fc\u011f\u00fc olmas\u0131 beklenen do\u011fa olay\u0131n\u0131n k\u00fcresel \u0131s\u0131nmayla birle\u015fmesi sonucu 2027 y\u0131l\u0131n\u0131n insanl\u0131k tarihinin en s\u0131cak y\u0131l\u0131 olaca\u011f\u0131 tahmin ediliyor. 04\/09\/2026 00:17 \u00a9 TRT HABER\" \/>\n<meta property=\"og:url\" content=\"https:\/\/haberkuzey.com\/index.php\/2026\/09\/04\/bmden-son-bin-yilin-en-guclu-el-nino-uyarisi-2027-tarihin-en-sicak-yili-olabilir\/\" \/>\n<meta property=\"og:site_name\" content=\"Haber Kuzey\" \/>\n<meta property=\"article:published_time\" content=\"2026-09-04T00:01:16+00:00\" \/>\n<meta property=\"og:image\" content=\"https:\/\/trthaberstatic.cdn.wp.trt.com.tr\/resimler\/2238000\/el-nino-2239376.jpg\" \/>\n<meta name=\"author\" content=\"haberkuzey\" \/>\n<meta name=\"twitter:card\" content=\"summary_large_image\" \/>\n<meta name=\"twitter:label1\" content=\"Yazan:\" \/>\n\t<meta name=\"twitter:data1\" content=\"haberkuzey\" \/>\n<script type=\"application\/ld+json\" class=\"yoast-schema-graph\">{\"@context\":\"https:\\\/\\\/schema.org\",\"@graph\":[{\"@type\":\"Article\",\"@id\":\"https:\\\/\\\/haberkuzey.com\\\/index.php\\\/2026\\\/09\\\/04\\\/bmden-son-bin-yilin-en-guclu-el-nino-uyarisi-2027-tarihin-en-sicak-yili-olabilir\\\/#article\",\"isPartOf\":{\"@id\":\"https:\\\/\\\/haberkuzey.com\\\/index.php\\\/2026\\\/09\\\/04\\\/bmden-son-bin-yilin-en-guclu-el-nino-uyarisi-2027-tarihin-en-sicak-yili-olabilir\\\/\"},\"author\":{\"name\":\"haberkuzey\",\"@id\":\"https:\\\/\\\/haberkuzey.com\\\/#\\\/schema\\\/person\\\/3372109ec735f9333f4fa47ebb9605ca\"},\"headline\":\"BM&#039;den son bin y\u0131l\u0131n en g\u00fc\u00e7l\u00fc El Nino uyar\u0131s\u0131: 2027 tarihin en s\u0131cak y\u0131l\u0131 olabilir\",\"datePublished\":\"2026-09-04T00:01:16+00:00\",\"mainEntityOfPage\":{\"@id\":\"https:\\\/\\\/haberkuzey.com\\\/index.php\\\/2026\\\/09\\\/04\\\/bmden-son-bin-yilin-en-guclu-el-nino-uyarisi-2027-tarihin-en-sicak-yili-olabilir\\\/\"},\"wordCount\":99,\"commentCount\":0,\"image\":{\"@id\":\"https:\\\/\\\/haberkuzey.com\\\/index.php\\\/2026\\\/09\\\/04\\\/bmden-son-bin-yilin-en-guclu-el-nino-uyarisi-2027-tarihin-en-sicak-yili-olabilir\\\/#primaryimage\"},\"thumbnailUrl\":\"https:\\\/\\\/haberkuzey.com\\\/wp-content\\\/uploads\\\/2026\\\/09\\\/el-nino-2239376.jpg\",\"articleSection\":[\"D\u00fcnya\"],\"inLanguage\":\"tr\",\"potentialAction\":[{\"@type\":\"CommentAction\",\"name\":\"Comment\",\"target\":[\"https:\\\/\\\/haberkuzey.com\\\/index.php\\\/2026\\\/09\\\/04\\\/bmden-son-bin-yilin-en-guclu-el-nino-uyarisi-2027-tarihin-en-sicak-yili-olabilir\\\/#respond\"]}]},{\"@type\":\"WebPage\",\"@id\":\"https:\\\/\\\/haberkuzey.com\\\/index.php\\\/2026\\\/09\\\/04\\\/bmden-son-bin-yilin-en-guclu-el-nino-uyarisi-2027-tarihin-en-sicak-yili-olabilir\\\/\",\"url\":\"https:\\\/\\\/haberkuzey.com\\\/index.php\\\/2026\\\/09\\\/04\\\/bmden-son-bin-yilin-en-guclu-el-nino-uyarisi-2027-tarihin-en-sicak-yili-olabilir\\\/\",\"name\":\"BM&#039;den son bin y\u0131l\u0131n en g\u00fc\u00e7l\u00fc El Nino uyar\u0131s\u0131: 2027 tarihin en s\u0131cak y\u0131l\u0131 olabilir - Haber Kuzey\",\"isPartOf\":{\"@id\":\"https:\\\/\\\/haberkuzey.com\\\/#website\"},\"primaryImageOfPage\":{\"@id\":\"https:\\\/\\\/haberkuzey.com\\\/index.php\\\/2026\\\/09\\\/04\\\/bmden-son-bin-yilin-en-guclu-el-nino-uyarisi-2027-tarihin-en-sicak-yili-olabilir\\\/#primaryimage\"},\"image\":{\"@id\":\"https:\\\/\\\/haberkuzey.com\\\/index.php\\\/2026\\\/09\\\/04\\\/bmden-son-bin-yilin-en-guclu-el-nino-uyarisi-2027-tarihin-en-sicak-yili-olabilir\\\/#primaryimage\"},\"thumbnailUrl\":\"https:\\\/\\\/haberkuzey.com\\\/wp-content\\\/uploads\\\/2026\\\/09\\\/el-nino-2239376.jpg\",\"datePublished\":\"2026-09-04T00:01:16+00:00\",\"author\":{\"@id\":\"https:\\\/\\\/haberkuzey.com\\\/#\\\/schema\\\/person\\\/3372109ec735f9333f4fa47ebb9605ca\"},\"breadcrumb\":{\"@id\":\"https:\\\/\\\/haberkuzey.com\\\/index.php\\\/2026\\\/09\\\/04\\\/bmden-son-bin-yilin-en-guclu-el-nino-uyarisi-2027-tarihin-en-sicak-yili-olabilir\\\/#breadcrumb\"},\"inLanguage\":\"tr\",\"potentialAction\":[{\"@type\":\"ReadAction\",\"target\":[\"https:\\\/\\\/haberkuzey.com\\\/index.php\\\/2026\\\/09\\\/04\\\/bmden-son-bin-yilin-en-guclu-el-nino-uyarisi-2027-tarihin-en-sicak-yili-olabilir\\\/\"]}]},{\"@type\":\"ImageObject\",\"inLanguage\":\"tr\",\"@id\":\"https:\\\/\\\/haberkuzey.com\\\/index.php\\\/2026\\\/09\\\/04\\\/bmden-son-bin-yilin-en-guclu-el-nino-uyarisi-2027-tarihin-en-sicak-yili-olabilir\\\/#primaryimage\",\"url\":\"https:\\\/\\\/haberkuzey.com\\\/wp-content\\\/uploads\\\/2026\\\/09\\\/el-nino-2239376.jpg\",\"contentUrl\":\"https:\\\/\\\/haberkuzey.com\\\/wp-content\\\/uploads\\\/2026\\\/09\\\/el-nino-2239376.jpg\",\"width\":1280,\"height\":720},{\"@type\":\"BreadcrumbList\",\"@id\":\"https:\\\/\\\/haberkuzey.com\\\/index.php\\\/2026\\\/09\\\/04\\\/bmden-son-bin-yilin-en-guclu-el-nino-uyarisi-2027-tarihin-en-sicak-yili-olabilir\\\/#breadcrumb\",\"itemListElement\":[{\"@type\":\"ListItem\",\"position\":1,\"name\":\"Anasayfa\",\"item\":\"https:\\\/\\\/haberkuzey.com\\\/\"},{\"@type\":\"ListItem\",\"position\":2,\"name\":\"BM&#039;den son bin y\u0131l\u0131n en g\u00fc\u00e7l\u00fc El Nino uyar\u0131s\u0131: 2027 tarihin en s\u0131cak y\u0131l\u0131 olabilir\"}]},{\"@type\":\"WebSite\",\"@id\":\"https:\\\/\\\/haberkuzey.com\\\/#website\",\"url\":\"https:\\\/\\\/haberkuzey.com\\\/\",\"name\":\"Haber Kuzey\",\"description\":\"Do\u011fru Haberin Adresi\",\"potentialAction\":[{\"@type\":\"SearchAction\",\"target\":{\"@type\":\"EntryPoint\",\"urlTemplate\":\"https:\\\/\\\/haberkuzey.com\\\/?s={search_term_string}\"},\"query-input\":{\"@type\":\"PropertyValueSpecification\",\"valueRequired\":true,\"valueName\":\"search_term_string\"}}],\"inLanguage\":\"tr\"},{\"@type\":\"Person\",\"@id\":\"https:\\\/\\\/haberkuzey.com\\\/#\\\/schema\\\/person\\\/3372109ec735f9333f4fa47ebb9605ca\",\"name\":\"haberkuzey\",\"image\":{\"@type\":\"ImageObject\",\"inLanguage\":\"tr\",\"@id\":\"https:\\\/\\\/secure.gravatar.com\\\/avatar\\\/f5fc875574b1575324358c3b9e6a32b8227aa5b74f3fa22e3cadb63e26fcc39c?s=96&d=mm&r=g\",\"url\":\"https:\\\/\\\/secure.gravatar.com\\\/avatar\\\/f5fc875574b1575324358c3b9e6a32b8227aa5b74f3fa22e3cadb63e26fcc39c?s=96&d=mm&r=g\",\"contentUrl\":\"https:\\\/\\\/secure.gravatar.com\\\/avatar\\\/f5fc875574b1575324358c3b9e6a32b8227aa5b74f3fa22e3cadb63e26fcc39c?s=96&d=mm&r=g\",\"caption\":\"haberkuzey\"},\"sameAs\":[\"https:\\\/\\\/haberkuzey.com\"],\"url\":\"https:\\\/\\\/haberkuzey.com\\\/index.php\\\/author\\\/haberkuzey\\\/\"}]}<\/script>\n<!-- \/ Yoast SEO plugin. -->","yoast_head_json":{"title":"BM&#039;den son bin y\u0131l\u0131n en g\u00fc\u00e7l\u00fc El Nino uyar\u0131s\u0131: 2027 tarihin en s\u0131cak y\u0131l\u0131 olabilir - Haber Kuzey","robots":{"index":"index","follow":"follow","max-snippet":"max-snippet:-1","max-image-preview":"max-image-preview:large","max-video-preview":"max-video-preview:-1"},"canonical":"https:\/\/haberkuzey.com\/index.php\/2026\/09\/04\/bmden-son-bin-yilin-en-guclu-el-nino-uyarisi-2027-tarihin-en-sicak-yili-olabilir\/","og_locale":"tr_TR","og_type":"article","og_title":"BM&#039;den son bin y\u0131l\u0131n en g\u00fc\u00e7l\u00fc El Nino uyar\u0131s\u0131: 2027 tarihin en s\u0131cak y\u0131l\u0131 olabilir - Haber Kuzey","og_description":"Birle\u015fmi\u015f Milletler, El Nino hava olay\u0131n\u0131n tarihte e\u015fi benzeri g\u00f6r\u00fclmemi\u015f bir h\u0131zla b\u00fcy\u00fcd\u00fc\u011f\u00fcn\u00fc belirterek k\u00fcresel s\u0131cakl\u0131k rekorlar\u0131n\u0131n k\u0131r\u0131laca\u011f\u0131 uyar\u0131s\u0131nda bulundu. Son bin y\u0131l\u0131n en b\u00fcy\u00fc\u011f\u00fc olmas\u0131 beklenen do\u011fa olay\u0131n\u0131n k\u00fcresel \u0131s\u0131nmayla birle\u015fmesi sonucu 2027 y\u0131l\u0131n\u0131n insanl\u0131k tarihinin en s\u0131cak y\u0131l\u0131 olaca\u011f\u0131 tahmin ediliyor. 04\/09\/2026 00:17 \u00a9 TRT HABER","og_url":"https:\/\/haberkuzey.com\/index.php\/2026\/09\/04\/bmden-son-bin-yilin-en-guclu-el-nino-uyarisi-2027-tarihin-en-sicak-yili-olabilir\/","og_site_name":"Haber Kuzey","article_published_time":"2026-09-04T00:01:16+00:00","og_image":[{"url":"https:\/\/trthaberstatic.cdn.wp.trt.com.tr\/resimler\/2238000\/el-nino-2239376.jpg","type":"","width":"","height":""}],"author":"haberkuzey","twitter_card":"summary_large_image","twitter_misc":{"Yazan:":"haberkuzey"},"schema":{"@context":"https:\/\/schema.org","@graph":[{"@type":"Article","@id":"https:\/\/haberkuzey.com\/index.php\/2026\/09\/04\/bmden-son-bin-yilin-en-guclu-el-nino-uyarisi-2027-tarihin-en-sicak-yili-olabilir\/#article","isPartOf":{"@id":"https:\/\/haberkuzey.com\/index.php\/2026\/09\/04\/bmden-son-bin-yilin-en-guclu-el-nino-uyarisi-2027-tarihin-en-sicak-yili-olabilir\/"},"author":{"name":"haberkuzey","@id":"https:\/\/haberkuzey.com\/#\/schema\/person\/3372109ec735f9333f4fa47ebb9605ca"},"headline":"BM&#039;den son bin y\u0131l\u0131n en g\u00fc\u00e7l\u00fc El Nino uyar\u0131s\u0131: 2027 tarihin en s\u0131cak y\u0131l\u0131 olabilir","datePublished":"2026-09-04T00:01:16+00:00","mainEntityOfPage":{"@id":"https:\/\/haberkuzey.com\/index.php\/2026\/09\/04\/bmden-son-bin-yilin-en-guclu-el-nino-uyarisi-2027-tarihin-en-sicak-yili-olabilir\/"},"wordCount":99,"commentCount":0,"image":{"@id":"https:\/\/haberkuzey.com\/index.php\/2026\/09\/04\/bmden-son-bin-yilin-en-guclu-el-nino-uyarisi-2027-tarihin-en-sicak-yili-olabilir\/#primaryimage"},"thumbnailUrl":"https:\/\/haberkuzey.com\/wp-content\/uploads\/2026\/09\/el-nino-2239376.jpg","articleSection":["D\u00fcnya"],"inLanguage":"tr","potentialAction":[{"@type":"CommentAction","name":"Comment","target":["https:\/\/haberkuzey.com\/index.php\/2026\/09\/04\/bmden-son-bin-yilin-en-guclu-el-nino-uyarisi-2027-tarihin-en-sicak-yili-olabilir\/#respond"]}]},{"@type":"WebPage","@id":"https:\/\/haberkuzey.com\/index.php\/2026\/09\/04\/bmden-son-bin-yilin-en-guclu-el-nino-uyarisi-2027-tarihin-en-sicak-yili-olabilir\/","url":"https:\/\/haberkuzey.com\/index.php\/2026\/09\/04\/bmden-son-bin-yilin-en-guclu-el-nino-uyarisi-2027-tarihin-en-sicak-yili-olabilir\/","name":"BM&#039;den son bin y\u0131l\u0131n en g\u00fc\u00e7l\u00fc El Nino uyar\u0131s\u0131: 2027 tarihin en s\u0131cak y\u0131l\u0131 olabilir - Haber Kuzey","isPartOf":{"@id":"https:\/\/haberkuzey.com\/#website"},"primaryImageOfPage":{"@id":"https:\/\/haberkuzey.com\/index.php\/2026\/09\/04\/bmden-son-bin-yilin-en-guclu-el-nino-uyarisi-2027-tarihin-en-sicak-yili-olabilir\/#primaryimage"},"image":{"@id":"https:\/\/haberkuzey.com\/index.php\/2026\/09\/04\/bmden-son-bin-yilin-en-guclu-el-nino-uyarisi-2027-tarihin-en-sicak-yili-olabilir\/#primaryimage"},"thumbnailUrl":"https:\/\/haberkuzey.com\/wp-content\/uploads\/2026\/09\/el-nino-2239376.jpg","datePublished":"2026-09-04T00:01:16+00:00","author":{"@id":"https:\/\/haberkuzey.com\/#\/schema\/person\/3372109ec735f9333f4fa47ebb9605ca"},"breadcrumb":{"@id":"https:\/\/haberkuzey.com\/index.php\/2026\/09\/04\/bmden-son-bin-yilin-en-guclu-el-nino-uyarisi-2027-tarihin-en-sicak-yili-olabilir\/#breadcrumb"},"inLanguage":"tr","potentialAction":[{"@type":"ReadAction","target":["https:\/\/haberkuzey.com\/index.php\/2026\/09\/04\/bmden-son-bin-yilin-en-guclu-el-nino-uyarisi-2027-tarihin-en-sicak-yili-olabilir\/"]}]},{"@type":"ImageObject","inLanguage":"tr","@id":"https:\/\/haberkuzey.com\/index.php\/2026\/09\/04\/bmden-son-bin-yilin-en-guclu-el-nino-uyarisi-2027-tarihin-en-sicak-yili-olabilir\/#primaryimage","url":"https:\/\/haberkuzey.com\/wp-content\/uploads\/2026\/09\/el-nino-2239376.jpg","contentUrl":"https:\/\/haberkuzey.com\/wp-content\/uploads\/2026\/09\/el-nino-2239376.jpg","width":1280,"height":720},{"@type":"BreadcrumbList","@id":"https:\/\/haberkuzey.com\/index.php\/2026\/09\/04\/bmden-son-bin-yilin-en-guclu-el-nino-uyarisi-2027-tarihin-en-sicak-yili-olabilir\/#breadcrumb","itemListElement":[{"@type":"ListItem","position":1,"name":"Anasayfa","item":"https:\/\/haberkuzey.com\/"},{"@type":"ListItem","position":2,"name":"BM&#039;den son bin y\u0131l\u0131n en g\u00fc\u00e7l\u00fc El Nino uyar\u0131s\u0131: 2027 tarihin en s\u0131cak y\u0131l\u0131 olabilir"}]},{"@type":"WebSite","@id":"https:\/\/haberkuzey.com\/#website","url":"https:\/\/haberkuzey.com\/","name":"Haber Kuzey","description":"Do\u011fru Haberin Adresi","potentialAction":[{"@type":"SearchAction","target":{"@type":"EntryPoint","urlTemplate":"https:\/\/haberkuzey.com\/?s={search_term_string}"},"query-input":{"@type":"PropertyValueSpecification","valueRequired":true,"valueName":"search_term_string"}}],"inLanguage":"tr"},{"@type":"Person","@id":"https:\/\/haberkuzey.com\/#\/schema\/person\/3372109ec735f9333f4fa47ebb9605ca","name":"haberkuzey","image":{"@type":"ImageObject","inLanguage":"tr","@id":"https:\/\/secure.gravatar.com\/avatar\/f5fc875574b1575324358c3b9e6a32b8227aa5b74f3fa22e3cadb63e26fcc39c?s=96&d=mm&r=g","url":"https:\/\/secure.gravatar.com\/avatar\/f5fc875574b1575324358c3b9e6a32b8227aa5b74f3fa22e3cadb63e26fcc39c?s=96&d=mm&r=g","contentUrl":"https:\/\/secure.gravatar.com\/avatar\/f5fc875574b1575324358c3b9e6a32b8227aa5b74f3fa22e3cadb63e26fcc39c?s=96&d=mm&r=g","caption":"haberkuzey"},"sameAs":["https:\/\/haberkuzey.com"],"url":"https:\/\/haberkuzey.com\/index.php\/author\/haberkuzey\/"}]}},"_links":{"self":[{"href":"https:\/\/haberkuzey.com\/index.php\/wp-json\/wp\/v2\/posts\/46427","targetHints":{"allow":["GET"]}}],"collection":[{"href":"https:\/\/haberkuzey.com\/index.php\/wp-json\/wp\/v2\/posts"}],"about":[{"href":"https:\/\/haberkuzey.com\/index.php\/wp-json\/wp\/v2\/types\/post"}],"author":[{"embeddable":true,"href":"https:\/\/haberkuzey.com\/index.php\/wp-json\/wp\/v2\/users\/1"}],"replies":[{"embeddable":true,"href":"https:\/\/haberkuzey.com\/index.php\/wp-json\/wp\/v2\/comments?post=46427"}],"version-history":[{"count":0,"href":"https:\/\/haberkuzey.com\/index.php\/wp-json\/wp\/v2\/posts\/46427\/revisions"}],"wp:featuredmedia":[{"embeddable":true,"href":"https:\/\/haberkuzey.com\/index.php\/wp-json\/wp\/v2\/media\/46428"}],"wp:attachment":[{"href":"https:\/\/haberkuzey.com\/index.php\/wp-json\/wp\/v2\/media?parent=46427"}],"wp:term":[{"taxonomy":"category","embeddable":true,"href":"https:\/\/haberkuzey.com\/index.php\/wp-json\/wp\/v2\/categories?post=46427"},{"taxonomy":"post_tag","embeddable":true,"href":"https:\/\/haberkuzey.com\/index.php\/wp-json\/wp\/v2\/tags?post=46427"}],"curies":[{"name":"wp","href":"https:\/\/api.w.org\/{rel}","templated":true}]}}