{"id":46422,"date":"2026-09-03T23:58:03","date_gmt":"2026-09-03T20:58:03","guid":{"rendered":"https:\/\/haberkuzey.com\/index.php\/2026\/09\/03\/kktc-basbakani-ustel-turkiye-ile-kktc-arasindaki-guclu-bagi-hicbir-guc-koparamaz\/"},"modified":"2026-09-03T23:58:03","modified_gmt":"2026-09-03T20:58:03","slug":"kktc-basbakani-ustel-turkiye-ile-kktc-arasindaki-guclu-bagi-hicbir-guc-koparamaz","status":"publish","type":"post","link":"https:\/\/haberkuzey.com\/index.php\/2026\/09\/03\/kktc-basbakani-ustel-turkiye-ile-kktc-arasindaki-guclu-bagi-hicbir-guc-koparamaz\/","title":{"rendered":"KKTC Ba\u015fbakan\u0131 \u00dcstel: T\u00fcrkiye ile KKTC aras\u0131ndaki g\u00fc\u00e7l\u00fc ba\u011f\u0131 hi\u00e7bir g\u00fc\u00e7 koparamaz"},"content":{"rendered":"<p><\/p>\n<div>\n<p>&#13;<br \/>\n\t\u00dcstel, Cumhurba\u015fkan\u0131 Yard\u0131mc\u0131s\u0131 Cevdet Y\u0131lmaz ile Ercan Havaliman\u0131&#8217;nda d\u00fczenlenen ortak bas\u0131n toplant\u0131s\u0131nda konu\u015ftu.<\/p>\n<p>&#13;<br \/>\n\tMarmara Denizi&#8217;nde meydana gelen gemi kazas\u0131ndan dolay\u0131 ana vatan T\u00fcrkiye&#8217;ye ve T\u00fcrk milletine ge\u00e7mi\u015f olsun dileklerini ileten \u00dcstel, Y\u0131lmaz ile devam eden arama kurtarma \u00e7al\u0131\u015fmalar\u0131 ve y\u00fcr\u00fct\u00fclen s\u00fcre\u00e7leri t\u00fcm ayr\u0131nt\u0131lar\u0131yla ele ald\u0131klar\u0131n\u0131, kay\u0131p yak\u0131nlar\u0131yla bir araya geldiklerini s\u00f6yledi.<\/p>\n<p>&#13;<br \/>\n\t\u00dcstel, Y\u0131lmaz&#8217;\u0131n ziyaretinin K\u0131br\u0131s T\u00fcrk halk\u0131na yaln\u0131z olmad\u0131\u011f\u0131n\u0131 bir kez daha hissettirdi\u011fini belirterek, ana vatan T\u00fcrkiye&#8217;ye ilk andan itibaren ortaya koydu\u011fu g\u00fc\u00e7l\u00fc dayan\u0131\u015fma i\u00e7in te\u015fekk\u00fcr etti.<\/p>\n<p>&#13;<br \/>\n\tBu zorlu g\u00fcnleri de ana vatan T\u00fcrkiye&#8217;nin b\u00fcy\u00fck deste\u011fiyle millet\u00e7e birlik ve beraberlik i\u00e7erisinde a\u015facaklar\u0131na inanc\u0131n\u0131n tam oldu\u011funu dile getiren \u00dcstel, KKTC ve T\u00fcrkiye&#8217;nin yaln\u0131zca &#8220;iyi g\u00fcn dostu&#8221; olmad\u0131\u011f\u0131n\u0131 ve ac\u0131y\u0131 da sevinci de payla\u015ft\u0131\u011f\u0131n\u0131 ifade etti.<\/p>\n<p>&#13;<br \/>\n\t\u00dcstel, kaza ya\u015fand\u0131\u011f\u0131 ilk andan itibaren ana vatan T\u00fcrkiye&#8217;nin KKTC&#8217;nin yan\u0131nda yer ald\u0131\u011f\u0131n\u0131, Cumhurba\u015fkan\u0131 Recep Tayyip Erdo\u011fan ve Cumhurba\u015fkan\u0131 Yard\u0131mc\u0131s\u0131 Cevdet Y\u0131lmaz&#8217;\u0131n KKTC&#8217;li yetkililerle yak\u0131n temas i\u00e7erisinde oldu\u011funu aktard\u0131.<\/p>\n<p>&#13;<br \/>\n\tT\u00fcrkiye taraf\u0131ndan g\u00f6revlendirilen \u00e7ok say\u0131da hava, deniz ve kara unsurunun arama kurtarma \u00e7al\u0131\u015fmalar\u0131na g\u00fc\u00e7l\u00fc destek verdi\u011fini vurgulayan \u00dcstel, bu \u00e7al\u0131\u015fmalar\u0131n 7 g\u00fcn 24 saat esas\u0131na g\u00f6re devam etti\u011fini ve edece\u011fini s\u00f6yledi.<\/p>\n<p>&#13;<br \/>\n\t\u00dcstel, ilk andan itibaren \u00f6nceli\u011fin insanlar\u0131 kurtarmak, kay\u0131plara ula\u015fmak ve bu b\u00fcy\u00fck facian\u0131n b\u00fct\u00fcn y\u00f6nleriyle ayd\u0131nlat\u0131lmas\u0131n\u0131 sa\u011flamak oldu\u011funu belirterek, kazaya an\u0131nda m\u00fcdahale edildi\u011fini ve ard\u0131ndan T\u00fcrkiye&#8217;nin g\u00fc\u00e7l\u00fc deste\u011fiyle \u00e7al\u0131\u015fmalara gece g\u00fcnd\u00fcz devam edildi\u011fini dile getirdi.<\/p>\n<h2>&#13;<br \/>\n\tFacian\u0131n nas\u0131l meydana geldi\u011fi b\u00fct\u00fcn y\u00f6nleriyle ortaya \u00e7\u0131kar\u0131lmal\u0131<\/h2>\n<p>&#13;<br \/>\n\t\u00dcstel, kay\u0131plara ula\u015fman\u0131n yan\u0131 s\u0131ra facian\u0131n nas\u0131l ve neden meydana geldi\u011fini b\u00fct\u00fcn y\u00f6nleriyle ortaya \u00e7\u0131karmak istediklerini vurgulayarak, s\u00f6zlerine \u015f\u00f6yle devam etti:<\/p>\n<p>&#13;<br \/>\n\t&#8220;\u0130lk g\u00fcnden s\u00f6yledim, bug\u00fcn bir kez daha a\u00e7\u0131k\u00e7a s\u00f6yl\u00fcyorum. Kim olursa olsun, hangi makamda veya hangi g\u00f6revde bulunursa bulunsun, bu faciada bir kusuru, ihmali veya sorumlulu\u011fu varsa hukuk \u00f6n\u00fcnde hesab\u0131n\u0131 verecek. Soru\u015fturma \u00e7ok y\u00f6nl\u00fc olarak devam ediyor. \u015eu an itibar\u0131yla olayla ba\u011flant\u0131l\u0131 kaptan ve \u015firket sorumlusu dahil t\u00fcm gemi personeli yarg\u0131lan\u0131yor. Bug\u00fcn bir kez daha hakim \u00f6n\u00fcne \u00e7\u0131kt\u0131lar, bilgi ve belgeler inceleniyor. Teknik de\u011ferlendirmeler yap\u0131l\u0131yor. Biz de h\u00fck\u00fcmet olarak soru\u015fturman\u0131n hi\u00e7bir \u015f\u00fcpheye mahal vermeden, sa\u011fl\u0131kl\u0131 ve g\u00fcvenilir bir \u015fekilde y\u00fcr\u00fct\u00fclmesi i\u00e7in \u00fczerimize d\u00fc\u015feni yap\u0131yoruz.&#8221;<\/p>\n<p>&#13;<br \/>\n\tGer\u00e7e\u011fin ortaya \u00e7\u0131kmas\u0131 ve adaletin tecelli etmesi i\u00e7in ihtiya\u00e7 duyulmas\u0131 halinde gerekli ba\u015fka idari tedbirler al\u0131nmas\u0131ndan hi\u00e7bir zaman \u00e7ekinilmeyece\u011fini vurgulayan \u00dcstel, &#8220;Kimin su\u00e7lu, kimin kusurlu oldu\u011funa karar verecek olan ba\u011f\u0131ms\u0131z yarg\u0131m\u0131zd\u0131r. Bizim g\u00f6revimiz yarg\u0131n\u0131n g\u00f6revini hi\u00e7bir bask\u0131, hi\u00e7bir \u015f\u00fcphe ve hi\u00e7bir engel olmadan yerine getirebilmesinin \u00f6n\u00fcn\u00fc a\u00e7makt\u0131r. Bu konuda K\u0131br\u0131s T\u00fcrk adaletine sonuna kadar g\u00fcveniyorum.&#8221; diye konu\u015ftu.<\/p>\n<p>&#13;<br \/>\n\t\u00dcstel, bu facian\u0131n ortaya koydu\u011fu eksiklikleri de b\u00fcy\u00fck bir titizlik i\u00e7erisinde de\u011ferlendirdiklerine i\u015faret ederek, mevzuatta eksiklik varsa gidereceklerini, uygulamalarda de\u011fi\u015fiklik gerekiyorsa yapacaklar\u0131n\u0131 dile getirdi.<\/p>\n<p>&#13;<br \/>\n\tH\u00fck\u00fcmet olarak yap\u0131c\u0131 ele\u015ftirileri dinlemeye, eksik varsa gidermeye ve yanl\u0131\u015f varsa d\u00fczeltmeye haz\u0131r olduklar\u0131n\u0131 belirten \u00dcstel, &#8220;Ancak bug\u00fcnlerde b\u00f6ylesine b\u00fcy\u00fck bir ac\u0131y\u0131 siyasi hesapla\u015fmalar\u0131n malzemesi haline getirmenin hi\u00e7 kimseye faydas\u0131 yoktur.&#8221; dedi.<\/p>\n<h2>&#13;<br \/>\n\t&#8220;\u0130htiyac\u0131m\u0131z olan \u015fey birlik&#8221;<\/h2>\n<p>&#13;<br \/>\n\tKKTC Ba\u015fbakan\u0131 \u00dcstel, ge\u00e7mi\u015fte oldu\u011fu gibi kriz d\u00f6nemlerini siyasi f\u0131rsata \u00e7evirerek devlet otoritelerini zay\u0131flatmaya, T\u00fcrkiye ile KKTC aras\u0131ndaki ili\u015fkileri tart\u0131\u015fmaya \u00e7al\u0131\u015fanlar\u0131n bunu ba\u015faramayacaklar\u0131n\u0131 vurgulayarak &#8220;Bug\u00fcn ihtiyac\u0131m\u0131z olan \u015fey birliktir. Ac\u0131l\u0131 ailelerimizin yan\u0131nda olmakt\u0131r. Ger\u00e7eklerin ortaya \u00e7\u0131kar\u0131lmas\u0131n\u0131 sa\u011flamakt\u0131r. \u00dclkemize ve devletimize sahip \u00e7\u0131kmakt\u0131r.&#8221; ifadelerini kulland\u0131.<\/p>\n<p>&#13;<br \/>\n\tBu b\u00fcy\u00fck ac\u0131n\u0131n yaralar\u0131n\u0131 birlik ve beraberli\u011fi koruyarak hep birlikte saracaklar\u0131n\u0131 aktaran \u00dcstel, &#8220;Zor g\u00fcnlerde yan\u0131m\u0131zda ger\u00e7ek dostumuzu g\u00f6r\u00fcyoruz. Ger\u00e7ek karde\u015fli\u011fimizi g\u00f6r\u00fcyorsunuz. K\u0131br\u0131s T\u00fcrk halk\u0131, ana vatan T\u00fcrkiye&#8217;nin tarih boyunca yan\u0131nda oldu\u011funu g\u00f6rm\u00fc\u015ft\u00fcr. Bug\u00fcn de g\u00f6rmektedir. Ana vatan T\u00fcrkiye yine yan\u0131m\u0131zdad\u0131r.&#8221; diye konu\u015ftu.<\/p>\n<p>&#13;<br \/>\n\t\u00dcstel, Y\u0131lmaz&#8217;\u0131n ziyaretinin de bu birlikteli\u011fi g\u00f6sterdi\u011fini vurgulayarak &#8220;Bu karde\u015fli\u011fi hi\u00e7 kimse sarsamaz. Bu dayan\u0131\u015fmay\u0131 hi\u00e7 kimse zay\u0131flatamaz. T\u00fcrkiye Cumhuriyeti ile Kuzey K\u0131br\u0131s T\u00fcrk Cumhuriyeti aras\u0131ndaki g\u00fc\u00e7l\u00fc ba\u011f\u0131 hi\u00e7bir g\u00fc\u00e7 koparamaz.&#8221; dedi.<\/p>\n<p>&#13;<br \/>\n\tYa\u015fananlardan gereken b\u00fct\u00fcn dersleri \u00e7\u0131karacaklar\u0131n\u0131 ve KKTC&#8217;yi daha g\u00fc\u00e7l\u00fc yar\u0131nlara ta\u015f\u0131mak i\u00e7in \u00e7al\u0131\u015fmaya devam edeceklerini kaydeden \u00dcstel, arama kurtarma \u00e7al\u0131\u015fmalar\u0131nda g\u00f6rev yapan t\u00fcm personele, kurumlara ve Cumhurba\u015fkan\u0131 Yard\u0131mc\u0131s\u0131 Y\u0131lmaz&#8217;a te\u015fekk\u00fcr etti.<\/p>\n<\/p><\/div>\n","protected":false},"excerpt":{"rendered":"<p>&#13; \u00dcstel, Cumhurba\u015fkan\u0131 Yard\u0131mc\u0131s\u0131 Cevdet Y\u0131lmaz ile Ercan Havaliman\u0131&#8217;nda d\u00fczenlenen ortak bas\u0131n toplant\u0131s\u0131nda konu\u015ftu. &#13; Marmara Denizi&#8217;nde meydana gelen gemi kazas\u0131ndan dolay\u0131 ana vatan T\u00fcrkiye&#8217;ye ve T\u00fcrk milletine ge\u00e7mi\u015f olsun dileklerini ileten \u00dcstel, Y\u0131lmaz ile devam eden arama kurtarma \u00e7al\u0131\u015fmalar\u0131 ve y\u00fcr\u00fct\u00fclen s\u00fcre\u00e7leri t\u00fcm ayr\u0131nt\u0131lar\u0131yla ele ald\u0131klar\u0131n\u0131, kay\u0131p yak\u0131nlar\u0131yla bir araya geldiklerini s\u00f6yledi. &#13; \u00dcstel, [&hellip;]<\/p>\n","protected":false},"author":1,"featured_media":46423,"comment_status":"open","ping_status":"open","sticky":false,"template":"","format":"standard","meta":{"jnews-multi-image_gallery":[],"jnews_single_post":[],"jnews_primary_category":[],"footnotes":""},"categories":[2],"tags":[],"class_list":["post-46422","post","type-post","status-publish","format-standard","has-post-thumbnail","hentry","category-dunya"],"yoast_head":"<!-- This site is optimized with the Yoast SEO plugin v28.4 - https:\/\/yoast.com\/product\/yoast-seo-wordpress\/ -->\n<title>KKTC Ba\u015fbakan\u0131 \u00dcstel: T\u00fcrkiye ile KKTC aras\u0131ndaki g\u00fc\u00e7l\u00fc ba\u011f\u0131 hi\u00e7bir g\u00fc\u00e7 koparamaz - Haber Kuzey<\/title>\n<meta name=\"robots\" content=\"index, follow, max-snippet:-1, max-image-preview:large, max-video-preview:-1\" \/>\n<link rel=\"canonical\" href=\"https:\/\/haberkuzey.com\/index.php\/2026\/09\/03\/kktc-basbakani-ustel-turkiye-ile-kktc-arasindaki-guclu-bagi-hicbir-guc-koparamaz\/\" \/>\n<meta property=\"og:locale\" content=\"tr_TR\" \/>\n<meta property=\"og:type\" content=\"article\" \/>\n<meta property=\"og:title\" content=\"KKTC Ba\u015fbakan\u0131 \u00dcstel: T\u00fcrkiye ile KKTC aras\u0131ndaki g\u00fc\u00e7l\u00fc ba\u011f\u0131 hi\u00e7bir g\u00fc\u00e7 koparamaz - Haber Kuzey\" \/>\n<meta property=\"og:description\" content=\"&#013; \u00dcstel, Cumhurba\u015fkan\u0131 Yard\u0131mc\u0131s\u0131 Cevdet Y\u0131lmaz ile Ercan Havaliman\u0131&#8217;nda d\u00fczenlenen ortak bas\u0131n toplant\u0131s\u0131nda konu\u015ftu. &#013; Marmara Denizi&#8217;nde meydana gelen gemi kazas\u0131ndan dolay\u0131 ana vatan T\u00fcrkiye&#8217;ye ve T\u00fcrk milletine ge\u00e7mi\u015f olsun dileklerini ileten \u00dcstel, Y\u0131lmaz ile devam eden arama kurtarma \u00e7al\u0131\u015fmalar\u0131 ve y\u00fcr\u00fct\u00fclen s\u00fcre\u00e7leri t\u00fcm ayr\u0131nt\u0131lar\u0131yla ele ald\u0131klar\u0131n\u0131, kay\u0131p yak\u0131nlar\u0131yla bir araya geldiklerini s\u00f6yledi. &#013; \u00dcstel, [&hellip;]\" \/>\n<meta property=\"og:url\" content=\"https:\/\/haberkuzey.com\/index.php\/2026\/09\/03\/kktc-basbakani-ustel-turkiye-ile-kktc-arasindaki-guclu-bagi-hicbir-guc-koparamaz\/\" \/>\n<meta property=\"og:site_name\" content=\"Haber Kuzey\" \/>\n<meta property=\"article:published_time\" content=\"2026-09-03T20:58:03+00:00\" \/>\n<meta property=\"og:image\" content=\"https:\/\/trthaberstatic.cdn.wp.trt.com.tr\/resimler\/1524000\/unal-ustel-dha-1524330.jpg\" \/>\n<meta name=\"author\" content=\"haberkuzey\" \/>\n<meta name=\"twitter:card\" content=\"summary_large_image\" \/>\n<meta name=\"twitter:label1\" content=\"Yazan:\" \/>\n\t<meta name=\"twitter:data1\" content=\"haberkuzey\" \/>\n\t<meta name=\"twitter:label2\" content=\"Tahmini okuma s\u00fcresi\" \/>\n\t<meta name=\"twitter:data2\" content=\"5 dakika\" \/>\n<script type=\"application\/ld+json\" class=\"yoast-schema-graph\">{\"@context\":\"https:\\\/\\\/schema.org\",\"@graph\":[{\"@type\":\"Article\",\"@id\":\"https:\\\/\\\/haberkuzey.com\\\/index.php\\\/2026\\\/09\\\/03\\\/kktc-basbakani-ustel-turkiye-ile-kktc-arasindaki-guclu-bagi-hicbir-guc-koparamaz\\\/#article\",\"isPartOf\":{\"@id\":\"https:\\\/\\\/haberkuzey.com\\\/index.php\\\/2026\\\/09\\\/03\\\/kktc-basbakani-ustel-turkiye-ile-kktc-arasindaki-guclu-bagi-hicbir-guc-koparamaz\\\/\"},\"author\":{\"name\":\"haberkuzey\",\"@id\":\"https:\\\/\\\/haberkuzey.com\\\/#\\\/schema\\\/person\\\/3372109ec735f9333f4fa47ebb9605ca\"},\"headline\":\"KKTC Ba\u015fbakan\u0131 \u00dcstel: T\u00fcrkiye ile KKTC aras\u0131ndaki g\u00fc\u00e7l\u00fc ba\u011f\u0131 hi\u00e7bir g\u00fc\u00e7 koparamaz\",\"datePublished\":\"2026-09-03T20:58:03+00:00\",\"mainEntityOfPage\":{\"@id\":\"https:\\\/\\\/haberkuzey.com\\\/index.php\\\/2026\\\/09\\\/03\\\/kktc-basbakani-ustel-turkiye-ile-kktc-arasindaki-guclu-bagi-hicbir-guc-koparamaz\\\/\"},\"wordCount\":946,\"commentCount\":0,\"image\":{\"@id\":\"https:\\\/\\\/haberkuzey.com\\\/index.php\\\/2026\\\/09\\\/03\\\/kktc-basbakani-ustel-turkiye-ile-kktc-arasindaki-guclu-bagi-hicbir-guc-koparamaz\\\/#primaryimage\"},\"thumbnailUrl\":\"https:\\\/\\\/haberkuzey.com\\\/wp-content\\\/uploads\\\/2026\\\/09\\\/unal-ustel-dha-1524330.jpg\",\"articleSection\":[\"D\u00fcnya\"],\"inLanguage\":\"tr\",\"potentialAction\":[{\"@type\":\"CommentAction\",\"name\":\"Comment\",\"target\":[\"https:\\\/\\\/haberkuzey.com\\\/index.php\\\/2026\\\/09\\\/03\\\/kktc-basbakani-ustel-turkiye-ile-kktc-arasindaki-guclu-bagi-hicbir-guc-koparamaz\\\/#respond\"]}]},{\"@type\":\"WebPage\",\"@id\":\"https:\\\/\\\/haberkuzey.com\\\/index.php\\\/2026\\\/09\\\/03\\\/kktc-basbakani-ustel-turkiye-ile-kktc-arasindaki-guclu-bagi-hicbir-guc-koparamaz\\\/\",\"url\":\"https:\\\/\\\/haberkuzey.com\\\/index.php\\\/2026\\\/09\\\/03\\\/kktc-basbakani-ustel-turkiye-ile-kktc-arasindaki-guclu-bagi-hicbir-guc-koparamaz\\\/\",\"name\":\"KKTC Ba\u015fbakan\u0131 \u00dcstel: T\u00fcrkiye ile KKTC aras\u0131ndaki g\u00fc\u00e7l\u00fc ba\u011f\u0131 hi\u00e7bir g\u00fc\u00e7 koparamaz - Haber Kuzey\",\"isPartOf\":{\"@id\":\"https:\\\/\\\/haberkuzey.com\\\/#website\"},\"primaryImageOfPage\":{\"@id\":\"https:\\\/\\\/haberkuzey.com\\\/index.php\\\/2026\\\/09\\\/03\\\/kktc-basbakani-ustel-turkiye-ile-kktc-arasindaki-guclu-bagi-hicbir-guc-koparamaz\\\/#primaryimage\"},\"image\":{\"@id\":\"https:\\\/\\\/haberkuzey.com\\\/index.php\\\/2026\\\/09\\\/03\\\/kktc-basbakani-ustel-turkiye-ile-kktc-arasindaki-guclu-bagi-hicbir-guc-koparamaz\\\/#primaryimage\"},\"thumbnailUrl\":\"https:\\\/\\\/haberkuzey.com\\\/wp-content\\\/uploads\\\/2026\\\/09\\\/unal-ustel-dha-1524330.jpg\",\"datePublished\":\"2026-09-03T20:58:03+00:00\",\"author\":{\"@id\":\"https:\\\/\\\/haberkuzey.com\\\/#\\\/schema\\\/person\\\/3372109ec735f9333f4fa47ebb9605ca\"},\"breadcrumb\":{\"@id\":\"https:\\\/\\\/haberkuzey.com\\\/index.php\\\/2026\\\/09\\\/03\\\/kktc-basbakani-ustel-turkiye-ile-kktc-arasindaki-guclu-bagi-hicbir-guc-koparamaz\\\/#breadcrumb\"},\"inLanguage\":\"tr\",\"potentialAction\":[{\"@type\":\"ReadAction\",\"target\":[\"https:\\\/\\\/haberkuzey.com\\\/index.php\\\/2026\\\/09\\\/03\\\/kktc-basbakani-ustel-turkiye-ile-kktc-arasindaki-guclu-bagi-hicbir-guc-koparamaz\\\/\"]}]},{\"@type\":\"ImageObject\",\"inLanguage\":\"tr\",\"@id\":\"https:\\\/\\\/haberkuzey.com\\\/index.php\\\/2026\\\/09\\\/03\\\/kktc-basbakani-ustel-turkiye-ile-kktc-arasindaki-guclu-bagi-hicbir-guc-koparamaz\\\/#primaryimage\",\"url\":\"https:\\\/\\\/haberkuzey.com\\\/wp-content\\\/uploads\\\/2026\\\/09\\\/unal-ustel-dha-1524330.jpg\",\"contentUrl\":\"https:\\\/\\\/haberkuzey.com\\\/wp-content\\\/uploads\\\/2026\\\/09\\\/unal-ustel-dha-1524330.jpg\",\"width\":1280,\"height\":720},{\"@type\":\"BreadcrumbList\",\"@id\":\"https:\\\/\\\/haberkuzey.com\\\/index.php\\\/2026\\\/09\\\/03\\\/kktc-basbakani-ustel-turkiye-ile-kktc-arasindaki-guclu-bagi-hicbir-guc-koparamaz\\\/#breadcrumb\",\"itemListElement\":[{\"@type\":\"ListItem\",\"position\":1,\"name\":\"Anasayfa\",\"item\":\"https:\\\/\\\/haberkuzey.com\\\/\"},{\"@type\":\"ListItem\",\"position\":2,\"name\":\"KKTC Ba\u015fbakan\u0131 \u00dcstel: T\u00fcrkiye ile KKTC aras\u0131ndaki g\u00fc\u00e7l\u00fc ba\u011f\u0131 hi\u00e7bir g\u00fc\u00e7 koparamaz\"}]},{\"@type\":\"WebSite\",\"@id\":\"https:\\\/\\\/haberkuzey.com\\\/#website\",\"url\":\"https:\\\/\\\/haberkuzey.com\\\/\",\"name\":\"Haber Kuzey\",\"description\":\"Do\u011fru Haberin Adresi\",\"potentialAction\":[{\"@type\":\"SearchAction\",\"target\":{\"@type\":\"EntryPoint\",\"urlTemplate\":\"https:\\\/\\\/haberkuzey.com\\\/?s={search_term_string}\"},\"query-input\":{\"@type\":\"PropertyValueSpecification\",\"valueRequired\":true,\"valueName\":\"search_term_string\"}}],\"inLanguage\":\"tr\"},{\"@type\":\"Person\",\"@id\":\"https:\\\/\\\/haberkuzey.com\\\/#\\\/schema\\\/person\\\/3372109ec735f9333f4fa47ebb9605ca\",\"name\":\"haberkuzey\",\"image\":{\"@type\":\"ImageObject\",\"inLanguage\":\"tr\",\"@id\":\"https:\\\/\\\/secure.gravatar.com\\\/avatar\\\/f5fc875574b1575324358c3b9e6a32b8227aa5b74f3fa22e3cadb63e26fcc39c?s=96&d=mm&r=g\",\"url\":\"https:\\\/\\\/secure.gravatar.com\\\/avatar\\\/f5fc875574b1575324358c3b9e6a32b8227aa5b74f3fa22e3cadb63e26fcc39c?s=96&d=mm&r=g\",\"contentUrl\":\"https:\\\/\\\/secure.gravatar.com\\\/avatar\\\/f5fc875574b1575324358c3b9e6a32b8227aa5b74f3fa22e3cadb63e26fcc39c?s=96&d=mm&r=g\",\"caption\":\"haberkuzey\"},\"sameAs\":[\"https:\\\/\\\/haberkuzey.com\"],\"url\":\"https:\\\/\\\/haberkuzey.com\\\/index.php\\\/author\\\/haberkuzey\\\/\"}]}<\/script>\n<!-- \/ Yoast SEO plugin. -->","yoast_head_json":{"title":"KKTC Ba\u015fbakan\u0131 \u00dcstel: T\u00fcrkiye ile KKTC aras\u0131ndaki g\u00fc\u00e7l\u00fc ba\u011f\u0131 hi\u00e7bir g\u00fc\u00e7 koparamaz - Haber Kuzey","robots":{"index":"index","follow":"follow","max-snippet":"max-snippet:-1","max-image-preview":"max-image-preview:large","max-video-preview":"max-video-preview:-1"},"canonical":"https:\/\/haberkuzey.com\/index.php\/2026\/09\/03\/kktc-basbakani-ustel-turkiye-ile-kktc-arasindaki-guclu-bagi-hicbir-guc-koparamaz\/","og_locale":"tr_TR","og_type":"article","og_title":"KKTC Ba\u015fbakan\u0131 \u00dcstel: T\u00fcrkiye ile KKTC aras\u0131ndaki g\u00fc\u00e7l\u00fc ba\u011f\u0131 hi\u00e7bir g\u00fc\u00e7 koparamaz - Haber Kuzey","og_description":"&#13; \u00dcstel, Cumhurba\u015fkan\u0131 Yard\u0131mc\u0131s\u0131 Cevdet Y\u0131lmaz ile Ercan Havaliman\u0131&#8217;nda d\u00fczenlenen ortak bas\u0131n toplant\u0131s\u0131nda konu\u015ftu. &#13; Marmara Denizi&#8217;nde meydana gelen gemi kazas\u0131ndan dolay\u0131 ana vatan T\u00fcrkiye&#8217;ye ve T\u00fcrk milletine ge\u00e7mi\u015f olsun dileklerini ileten \u00dcstel, Y\u0131lmaz ile devam eden arama kurtarma \u00e7al\u0131\u015fmalar\u0131 ve y\u00fcr\u00fct\u00fclen s\u00fcre\u00e7leri t\u00fcm ayr\u0131nt\u0131lar\u0131yla ele ald\u0131klar\u0131n\u0131, kay\u0131p yak\u0131nlar\u0131yla bir araya geldiklerini s\u00f6yledi. &#13; \u00dcstel, [&hellip;]","og_url":"https:\/\/haberkuzey.com\/index.php\/2026\/09\/03\/kktc-basbakani-ustel-turkiye-ile-kktc-arasindaki-guclu-bagi-hicbir-guc-koparamaz\/","og_site_name":"Haber Kuzey","article_published_time":"2026-09-03T20:58:03+00:00","og_image":[{"url":"https:\/\/trthaberstatic.cdn.wp.trt.com.tr\/resimler\/1524000\/unal-ustel-dha-1524330.jpg","type":"","width":"","height":""}],"author":"haberkuzey","twitter_card":"summary_large_image","twitter_misc":{"Yazan:":"haberkuzey","Tahmini okuma s\u00fcresi":"5 dakika"},"schema":{"@context":"https:\/\/schema.org","@graph":[{"@type":"Article","@id":"https:\/\/haberkuzey.com\/index.php\/2026\/09\/03\/kktc-basbakani-ustel-turkiye-ile-kktc-arasindaki-guclu-bagi-hicbir-guc-koparamaz\/#article","isPartOf":{"@id":"https:\/\/haberkuzey.com\/index.php\/2026\/09\/03\/kktc-basbakani-ustel-turkiye-ile-kktc-arasindaki-guclu-bagi-hicbir-guc-koparamaz\/"},"author":{"name":"haberkuzey","@id":"https:\/\/haberkuzey.com\/#\/schema\/person\/3372109ec735f9333f4fa47ebb9605ca"},"headline":"KKTC Ba\u015fbakan\u0131 \u00dcstel: T\u00fcrkiye ile KKTC aras\u0131ndaki g\u00fc\u00e7l\u00fc ba\u011f\u0131 hi\u00e7bir g\u00fc\u00e7 koparamaz","datePublished":"2026-09-03T20:58:03+00:00","mainEntityOfPage":{"@id":"https:\/\/haberkuzey.com\/index.php\/2026\/09\/03\/kktc-basbakani-ustel-turkiye-ile-kktc-arasindaki-guclu-bagi-hicbir-guc-koparamaz\/"},"wordCount":946,"commentCount":0,"image":{"@id":"https:\/\/haberkuzey.com\/index.php\/2026\/09\/03\/kktc-basbakani-ustel-turkiye-ile-kktc-arasindaki-guclu-bagi-hicbir-guc-koparamaz\/#primaryimage"},"thumbnailUrl":"https:\/\/haberkuzey.com\/wp-content\/uploads\/2026\/09\/unal-ustel-dha-1524330.jpg","articleSection":["D\u00fcnya"],"inLanguage":"tr","potentialAction":[{"@type":"CommentAction","name":"Comment","target":["https:\/\/haberkuzey.com\/index.php\/2026\/09\/03\/kktc-basbakani-ustel-turkiye-ile-kktc-arasindaki-guclu-bagi-hicbir-guc-koparamaz\/#respond"]}]},{"@type":"WebPage","@id":"https:\/\/haberkuzey.com\/index.php\/2026\/09\/03\/kktc-basbakani-ustel-turkiye-ile-kktc-arasindaki-guclu-bagi-hicbir-guc-koparamaz\/","url":"https:\/\/haberkuzey.com\/index.php\/2026\/09\/03\/kktc-basbakani-ustel-turkiye-ile-kktc-arasindaki-guclu-bagi-hicbir-guc-koparamaz\/","name":"KKTC Ba\u015fbakan\u0131 \u00dcstel: T\u00fcrkiye ile KKTC aras\u0131ndaki g\u00fc\u00e7l\u00fc ba\u011f\u0131 hi\u00e7bir g\u00fc\u00e7 koparamaz - Haber Kuzey","isPartOf":{"@id":"https:\/\/haberkuzey.com\/#website"},"primaryImageOfPage":{"@id":"https:\/\/haberkuzey.com\/index.php\/2026\/09\/03\/kktc-basbakani-ustel-turkiye-ile-kktc-arasindaki-guclu-bagi-hicbir-guc-koparamaz\/#primaryimage"},"image":{"@id":"https:\/\/haberkuzey.com\/index.php\/2026\/09\/03\/kktc-basbakani-ustel-turkiye-ile-kktc-arasindaki-guclu-bagi-hicbir-guc-koparamaz\/#primaryimage"},"thumbnailUrl":"https:\/\/haberkuzey.com\/wp-content\/uploads\/2026\/09\/unal-ustel-dha-1524330.jpg","datePublished":"2026-09-03T20:58:03+00:00","author":{"@id":"https:\/\/haberkuzey.com\/#\/schema\/person\/3372109ec735f9333f4fa47ebb9605ca"},"breadcrumb":{"@id":"https:\/\/haberkuzey.com\/index.php\/2026\/09\/03\/kktc-basbakani-ustel-turkiye-ile-kktc-arasindaki-guclu-bagi-hicbir-guc-koparamaz\/#breadcrumb"},"inLanguage":"tr","potentialAction":[{"@type":"ReadAction","target":["https:\/\/haberkuzey.com\/index.php\/2026\/09\/03\/kktc-basbakani-ustel-turkiye-ile-kktc-arasindaki-guclu-bagi-hicbir-guc-koparamaz\/"]}]},{"@type":"ImageObject","inLanguage":"tr","@id":"https:\/\/haberkuzey.com\/index.php\/2026\/09\/03\/kktc-basbakani-ustel-turkiye-ile-kktc-arasindaki-guclu-bagi-hicbir-guc-koparamaz\/#primaryimage","url":"https:\/\/haberkuzey.com\/wp-content\/uploads\/2026\/09\/unal-ustel-dha-1524330.jpg","contentUrl":"https:\/\/haberkuzey.com\/wp-content\/uploads\/2026\/09\/unal-ustel-dha-1524330.jpg","width":1280,"height":720},{"@type":"BreadcrumbList","@id":"https:\/\/haberkuzey.com\/index.php\/2026\/09\/03\/kktc-basbakani-ustel-turkiye-ile-kktc-arasindaki-guclu-bagi-hicbir-guc-koparamaz\/#breadcrumb","itemListElement":[{"@type":"ListItem","position":1,"name":"Anasayfa","item":"https:\/\/haberkuzey.com\/"},{"@type":"ListItem","position":2,"name":"KKTC Ba\u015fbakan\u0131 \u00dcstel: T\u00fcrkiye ile KKTC aras\u0131ndaki g\u00fc\u00e7l\u00fc ba\u011f\u0131 hi\u00e7bir g\u00fc\u00e7 koparamaz"}]},{"@type":"WebSite","@id":"https:\/\/haberkuzey.com\/#website","url":"https:\/\/haberkuzey.com\/","name":"Haber Kuzey","description":"Do\u011fru Haberin Adresi","potentialAction":[{"@type":"SearchAction","target":{"@type":"EntryPoint","urlTemplate":"https:\/\/haberkuzey.com\/?s={search_term_string}"},"query-input":{"@type":"PropertyValueSpecification","valueRequired":true,"valueName":"search_term_string"}}],"inLanguage":"tr"},{"@type":"Person","@id":"https:\/\/haberkuzey.com\/#\/schema\/person\/3372109ec735f9333f4fa47ebb9605ca","name":"haberkuzey","image":{"@type":"ImageObject","inLanguage":"tr","@id":"https:\/\/secure.gravatar.com\/avatar\/f5fc875574b1575324358c3b9e6a32b8227aa5b74f3fa22e3cadb63e26fcc39c?s=96&d=mm&r=g","url":"https:\/\/secure.gravatar.com\/avatar\/f5fc875574b1575324358c3b9e6a32b8227aa5b74f3fa22e3cadb63e26fcc39c?s=96&d=mm&r=g","contentUrl":"https:\/\/secure.gravatar.com\/avatar\/f5fc875574b1575324358c3b9e6a32b8227aa5b74f3fa22e3cadb63e26fcc39c?s=96&d=mm&r=g","caption":"haberkuzey"},"sameAs":["https:\/\/haberkuzey.com"],"url":"https:\/\/haberkuzey.com\/index.php\/author\/haberkuzey\/"}]}},"_links":{"self":[{"href":"https:\/\/haberkuzey.com\/index.php\/wp-json\/wp\/v2\/posts\/46422","targetHints":{"allow":["GET"]}}],"collection":[{"href":"https:\/\/haberkuzey.com\/index.php\/wp-json\/wp\/v2\/posts"}],"about":[{"href":"https:\/\/haberkuzey.com\/index.php\/wp-json\/wp\/v2\/types\/post"}],"author":[{"embeddable":true,"href":"https:\/\/haberkuzey.com\/index.php\/wp-json\/wp\/v2\/users\/1"}],"replies":[{"embeddable":true,"href":"https:\/\/haberkuzey.com\/index.php\/wp-json\/wp\/v2\/comments?post=46422"}],"version-history":[{"count":0,"href":"https:\/\/haberkuzey.com\/index.php\/wp-json\/wp\/v2\/posts\/46422\/revisions"}],"wp:featuredmedia":[{"embeddable":true,"href":"https:\/\/haberkuzey.com\/index.php\/wp-json\/wp\/v2\/media\/46423"}],"wp:attachment":[{"href":"https:\/\/haberkuzey.com\/index.php\/wp-json\/wp\/v2\/media?parent=46422"}],"wp:term":[{"taxonomy":"category","embeddable":true,"href":"https:\/\/haberkuzey.com\/index.php\/wp-json\/wp\/v2\/categories?post=46422"},{"taxonomy":"post_tag","embeddable":true,"href":"https:\/\/haberkuzey.com\/index.php\/wp-json\/wp\/v2\/tags?post=46422"}],"curies":[{"name":"wp","href":"https:\/\/api.w.org\/{rel}","templated":true}]}}