{"id":46421,"date":"2026-09-03T22:57:03","date_gmt":"2026-09-03T19:57:03","guid":{"rendered":"https:\/\/haberkuzey.com\/index.php\/2026\/09\/03\/abdnin-irana-karsi-asker-konuslandirma-suresini-sessizce-uzattigi-ileri-suruldu\/"},"modified":"2026-09-03T22:57:03","modified_gmt":"2026-09-03T19:57:03","slug":"abdnin-irana-karsi-asker-konuslandirma-suresini-sessizce-uzattigi-ileri-suruldu","status":"publish","type":"post","link":"https:\/\/haberkuzey.com\/index.php\/2026\/09\/03\/abdnin-irana-karsi-asker-konuslandirma-suresini-sessizce-uzattigi-ileri-suruldu\/","title":{"rendered":"ABD&#8217;nin, \u0130ran&#8217;a kar\u015f\u0131 asker konu\u015fland\u0131rma s\u00fcresini &#8220;sessizce uzatt\u0131\u011f\u0131&#8221; ileri s\u00fcr\u00fcld\u00fc"},"content":{"rendered":"<p><\/p>\n<div>\n<p>&#13;<br \/>\n\tWall Street Journal&#8217;a (WSJ) konu\u015fan konuya yak\u0131n kaynaklar, Bakan Hegseth&#8217;in, H\u00fcrm\u00fcz Bo\u011faz\u0131 \u00e7evresinde &#8220;asker konu\u015fland\u0131rmalar\u0131n\u0131n s\u00fcresini sessizce uzatt\u0131\u011f\u0131n\u0131&#8221; ileri s\u00fcrd\u00fc.<\/p>\n<p>&#13;<br \/>\n\tKaynaklar, Hegseth&#8217;in bu ad\u0131m\u0131n\u0131n, ABD Ba\u015fkan\u0131 Donald Trump&#8217;\u0131n \u0130ran&#8217;a kar\u015f\u0131 se\u00e7eneklerini \u00e7o\u011faltmak i\u00e7in ortaya koydu\u011fu askeri stratejinin par\u00e7as\u0131 oldu\u011funu ancak bu durumun askerler ve aileleri \u00fczerinde bask\u0131 olu\u015fturdu\u011funu belirtti.<\/p>\n<p>&#13;<br \/>\n\tGazetenin haberinde, &#8220;Konuyla ilgili bilgi sahibi ki\u015filere g\u00f6re, \u00e7at\u0131\u015fma uzad\u0131k\u00e7a Pentagon&#8217;un (Savunma Bakanl\u0131\u011f\u0131) konu\u015fland\u0131rma planlar\u0131 da uzuyor. Sava\u015f gemisi m\u00fcrettebat\u0131, hava savunma birlikleri ve para\u015f\u00fct\u00e7\u00fcler de dahil olmak \u00fczere bir\u00e7ok kuvvetin b\u00f6lgede beklenenden daha uzun s\u00fcre kalmas\u0131 emrediliyor.&#8221; ifadelerine yer verildi.<\/p>\n<p>&#13;<br \/>\n\tHaberde ayr\u0131ca, ABD&#8217;li komutanlar\u0131n asker ailelerine g\u00f6nderdi\u011fi bir mektubun incelendi\u011fi ve Pentagon&#8217;un 82. Hava \u0130ndirme T\u00fcmeninin unsurlar\u0131n\u0131 2027&#8217;ye kadar Orta Do\u011fu&#8217;da tutabilece\u011fi sonucuna var\u0131ld\u0131\u011f\u0131na i\u015faret edildi.<\/p>\n<p>&#13;<br \/>\n\tS\u00f6z konusu kaynaklardan bir di\u011feri ise ABD ordusunun, \u0130ran&#8217;\u0131n f\u00fczelerini ve insans\u0131z hava ara\u00e7lar\u0131n\u0131 p\u00fcsk\u00fcrtmek i\u00e7in &#8220;yo\u011fun bask\u0131 alt\u0131nda \u00e7al\u0131\u015ft\u0131\u011f\u0131n\u0131&#8221; ve ordu hava savunma birliklerinin standart konu\u015flanma s\u00fcrelerinin 9 aydan 12 aya \u00e7\u0131kar\u0131ld\u0131\u011f\u0131n\u0131 \u00f6ne s\u00fcrd\u00fc.<\/p>\n<p>&#13;<br \/>\n\tABD yakla\u015f\u0131k 6 ay \u00f6nce \u0130ran&#8217;a kar\u015f\u0131 sald\u0131r\u0131 ba\u015flatt\u0131\u011f\u0131nda, Savunma Bakan\u0131 Pete Hegseth, uzun s\u00fcrecek bir \u00e7at\u0131\u015fmadan ka\u00e7\u0131nmak i\u00e7in \u0130ran&#8217;a &#8220;h\u0131zl\u0131 ve kararl\u0131 bir darbe indirme&#8221; s\u00f6z\u00fc vermi\u015fti.<\/p>\n<p>&#13;<br \/>\n\tABD bas\u0131n\u0131nda, Pentagon&#8217;un b\u00f6lgede 50 bin ki\u015filik bir varl\u0131\u011f\u0131 s\u00fcrd\u00fcrd\u00fc\u011f\u00fc ve halihaz\u0131rda Orta Do\u011fu&#8217;daki denizlerde, iki u\u00e7ak gemisi ve 13 g\u00fcd\u00fcml\u00fc f\u00fcze destroyeri dahil 19 sava\u015f gemisi bulundurdu\u011fu bilgileri yer al\u0131yor.<\/p>\n<\/p><\/div>\n","protected":false},"excerpt":{"rendered":"<p>&#13; Wall Street Journal&#8217;a (WSJ) konu\u015fan konuya yak\u0131n kaynaklar, Bakan Hegseth&#8217;in, H\u00fcrm\u00fcz Bo\u011faz\u0131 \u00e7evresinde &#8220;asker konu\u015fland\u0131rmalar\u0131n\u0131n s\u00fcresini sessizce uzatt\u0131\u011f\u0131n\u0131&#8221; ileri s\u00fcrd\u00fc. &#13; Kaynaklar, Hegseth&#8217;in bu ad\u0131m\u0131n\u0131n, ABD Ba\u015fkan\u0131 Donald Trump&#8217;\u0131n \u0130ran&#8217;a kar\u015f\u0131 se\u00e7eneklerini \u00e7o\u011faltmak i\u00e7in ortaya koydu\u011fu askeri stratejinin par\u00e7as\u0131 oldu\u011funu ancak bu durumun askerler ve aileleri \u00fczerinde bask\u0131 olu\u015fturdu\u011funu belirtti. &#13; Gazetenin haberinde, &#8220;Konuyla [&hellip;]<\/p>\n","protected":false},"author":1,"featured_media":36840,"comment_status":"open","ping_status":"open","sticky":false,"template":"","format":"standard","meta":{"jnews-multi-image_gallery":[],"jnews_single_post":[],"jnews_primary_category":[],"footnotes":""},"categories":[2],"tags":[],"class_list":["post-46421","post","type-post","status-publish","format-standard","has-post-thumbnail","hentry","category-dunya"],"yoast_head":"<!-- This site is optimized with the Yoast SEO plugin v28.4 - https:\/\/yoast.com\/product\/yoast-seo-wordpress\/ -->\n<title>ABD&#039;nin, \u0130ran&#039;a kar\u015f\u0131 asker konu\u015fland\u0131rma s\u00fcresini &quot;sessizce uzatt\u0131\u011f\u0131&quot; ileri s\u00fcr\u00fcld\u00fc - Haber Kuzey<\/title>\n<meta name=\"robots\" content=\"index, follow, max-snippet:-1, max-image-preview:large, max-video-preview:-1\" \/>\n<link rel=\"canonical\" href=\"https:\/\/haberkuzey.com\/index.php\/2026\/09\/03\/abdnin-irana-karsi-asker-konuslandirma-suresini-sessizce-uzattigi-ileri-suruldu\/\" \/>\n<meta property=\"og:locale\" content=\"tr_TR\" \/>\n<meta property=\"og:type\" content=\"article\" \/>\n<meta property=\"og:title\" content=\"ABD&#039;nin, \u0130ran&#039;a kar\u015f\u0131 asker konu\u015fland\u0131rma s\u00fcresini &quot;sessizce uzatt\u0131\u011f\u0131&quot; ileri s\u00fcr\u00fcld\u00fc - Haber Kuzey\" \/>\n<meta property=\"og:description\" content=\"&#013; Wall Street Journal&#8217;a (WSJ) konu\u015fan konuya yak\u0131n kaynaklar, Bakan Hegseth&#8217;in, H\u00fcrm\u00fcz Bo\u011faz\u0131 \u00e7evresinde &#8220;asker konu\u015fland\u0131rmalar\u0131n\u0131n s\u00fcresini sessizce uzatt\u0131\u011f\u0131n\u0131&#8221; ileri s\u00fcrd\u00fc. &#013; Kaynaklar, Hegseth&#8217;in bu ad\u0131m\u0131n\u0131n, ABD Ba\u015fkan\u0131 Donald Trump&#8217;\u0131n \u0130ran&#8217;a kar\u015f\u0131 se\u00e7eneklerini \u00e7o\u011faltmak i\u00e7in ortaya koydu\u011fu askeri stratejinin par\u00e7as\u0131 oldu\u011funu ancak bu durumun askerler ve aileleri \u00fczerinde bask\u0131 olu\u015fturdu\u011funu belirtti. &#013; Gazetenin haberinde, &#8220;Konuyla [&hellip;]\" \/>\n<meta property=\"og:url\" content=\"https:\/\/haberkuzey.com\/index.php\/2026\/09\/03\/abdnin-irana-karsi-asker-konuslandirma-suresini-sessizce-uzattigi-ileri-suruldu\/\" \/>\n<meta property=\"og:site_name\" content=\"Haber Kuzey\" \/>\n<meta property=\"article:published_time\" content=\"2026-09-03T19:57:03+00:00\" \/>\n<meta property=\"og:image\" content=\"https:\/\/trthaberstatic.cdn.wp.trt.com.tr\/resimler\/2454000\/abd-iran-2454862.jpg\" \/>\n<meta name=\"author\" content=\"haberkuzey\" \/>\n<meta name=\"twitter:card\" content=\"summary_large_image\" \/>\n<meta name=\"twitter:label1\" content=\"Yazan:\" \/>\n\t<meta name=\"twitter:data1\" content=\"haberkuzey\" \/>\n\t<meta name=\"twitter:label2\" content=\"Tahmini okuma s\u00fcresi\" \/>\n\t<meta name=\"twitter:data2\" content=\"1 dakika\" \/>\n<script type=\"application\/ld+json\" class=\"yoast-schema-graph\">{\"@context\":\"https:\\\/\\\/schema.org\",\"@graph\":[{\"@type\":\"Article\",\"@id\":\"https:\\\/\\\/haberkuzey.com\\\/index.php\\\/2026\\\/09\\\/03\\\/abdnin-irana-karsi-asker-konuslandirma-suresini-sessizce-uzattigi-ileri-suruldu\\\/#article\",\"isPartOf\":{\"@id\":\"https:\\\/\\\/haberkuzey.com\\\/index.php\\\/2026\\\/09\\\/03\\\/abdnin-irana-karsi-asker-konuslandirma-suresini-sessizce-uzattigi-ileri-suruldu\\\/\"},\"author\":{\"name\":\"haberkuzey\",\"@id\":\"https:\\\/\\\/haberkuzey.com\\\/#\\\/schema\\\/person\\\/3372109ec735f9333f4fa47ebb9605ca\"},\"headline\":\"ABD&#8217;nin, \u0130ran&#8217;a kar\u015f\u0131 asker konu\u015fland\u0131rma s\u00fcresini &#8220;sessizce uzatt\u0131\u011f\u0131&#8221; ileri s\u00fcr\u00fcld\u00fc\",\"datePublished\":\"2026-09-03T19:57:03+00:00\",\"mainEntityOfPage\":{\"@id\":\"https:\\\/\\\/haberkuzey.com\\\/index.php\\\/2026\\\/09\\\/03\\\/abdnin-irana-karsi-asker-konuslandirma-suresini-sessizce-uzattigi-ileri-suruldu\\\/\"},\"wordCount\":326,\"commentCount\":0,\"image\":{\"@id\":\"https:\\\/\\\/haberkuzey.com\\\/index.php\\\/2026\\\/09\\\/03\\\/abdnin-irana-karsi-asker-konuslandirma-suresini-sessizce-uzattigi-ileri-suruldu\\\/#primaryimage\"},\"thumbnailUrl\":\"https:\\\/\\\/haberkuzey.com\\\/wp-content\\\/uploads\\\/2026\\\/04\\\/abd-iran-2454862.jpg\",\"articleSection\":[\"D\u00fcnya\"],\"inLanguage\":\"tr\",\"potentialAction\":[{\"@type\":\"CommentAction\",\"name\":\"Comment\",\"target\":[\"https:\\\/\\\/haberkuzey.com\\\/index.php\\\/2026\\\/09\\\/03\\\/abdnin-irana-karsi-asker-konuslandirma-suresini-sessizce-uzattigi-ileri-suruldu\\\/#respond\"]}]},{\"@type\":\"WebPage\",\"@id\":\"https:\\\/\\\/haberkuzey.com\\\/index.php\\\/2026\\\/09\\\/03\\\/abdnin-irana-karsi-asker-konuslandirma-suresini-sessizce-uzattigi-ileri-suruldu\\\/\",\"url\":\"https:\\\/\\\/haberkuzey.com\\\/index.php\\\/2026\\\/09\\\/03\\\/abdnin-irana-karsi-asker-konuslandirma-suresini-sessizce-uzattigi-ileri-suruldu\\\/\",\"name\":\"ABD'nin, \u0130ran'a kar\u015f\u0131 asker konu\u015fland\u0131rma s\u00fcresini \\\"sessizce uzatt\u0131\u011f\u0131\\\" ileri s\u00fcr\u00fcld\u00fc - Haber Kuzey\",\"isPartOf\":{\"@id\":\"https:\\\/\\\/haberkuzey.com\\\/#website\"},\"primaryImageOfPage\":{\"@id\":\"https:\\\/\\\/haberkuzey.com\\\/index.php\\\/2026\\\/09\\\/03\\\/abdnin-irana-karsi-asker-konuslandirma-suresini-sessizce-uzattigi-ileri-suruldu\\\/#primaryimage\"},\"image\":{\"@id\":\"https:\\\/\\\/haberkuzey.com\\\/index.php\\\/2026\\\/09\\\/03\\\/abdnin-irana-karsi-asker-konuslandirma-suresini-sessizce-uzattigi-ileri-suruldu\\\/#primaryimage\"},\"thumbnailUrl\":\"https:\\\/\\\/haberkuzey.com\\\/wp-content\\\/uploads\\\/2026\\\/04\\\/abd-iran-2454862.jpg\",\"datePublished\":\"2026-09-03T19:57:03+00:00\",\"author\":{\"@id\":\"https:\\\/\\\/haberkuzey.com\\\/#\\\/schema\\\/person\\\/3372109ec735f9333f4fa47ebb9605ca\"},\"breadcrumb\":{\"@id\":\"https:\\\/\\\/haberkuzey.com\\\/index.php\\\/2026\\\/09\\\/03\\\/abdnin-irana-karsi-asker-konuslandirma-suresini-sessizce-uzattigi-ileri-suruldu\\\/#breadcrumb\"},\"inLanguage\":\"tr\",\"potentialAction\":[{\"@type\":\"ReadAction\",\"target\":[\"https:\\\/\\\/haberkuzey.com\\\/index.php\\\/2026\\\/09\\\/03\\\/abdnin-irana-karsi-asker-konuslandirma-suresini-sessizce-uzattigi-ileri-suruldu\\\/\"]}]},{\"@type\":\"ImageObject\",\"inLanguage\":\"tr\",\"@id\":\"https:\\\/\\\/haberkuzey.com\\\/index.php\\\/2026\\\/09\\\/03\\\/abdnin-irana-karsi-asker-konuslandirma-suresini-sessizce-uzattigi-ileri-suruldu\\\/#primaryimage\",\"url\":\"https:\\\/\\\/haberkuzey.com\\\/wp-content\\\/uploads\\\/2026\\\/04\\\/abd-iran-2454862.jpg\",\"contentUrl\":\"https:\\\/\\\/haberkuzey.com\\\/wp-content\\\/uploads\\\/2026\\\/04\\\/abd-iran-2454862.jpg\",\"width\":1280,\"height\":720},{\"@type\":\"BreadcrumbList\",\"@id\":\"https:\\\/\\\/haberkuzey.com\\\/index.php\\\/2026\\\/09\\\/03\\\/abdnin-irana-karsi-asker-konuslandirma-suresini-sessizce-uzattigi-ileri-suruldu\\\/#breadcrumb\",\"itemListElement\":[{\"@type\":\"ListItem\",\"position\":1,\"name\":\"Anasayfa\",\"item\":\"https:\\\/\\\/haberkuzey.com\\\/\"},{\"@type\":\"ListItem\",\"position\":2,\"name\":\"ABD&#8217;nin, \u0130ran&#8217;a kar\u015f\u0131 asker konu\u015fland\u0131rma s\u00fcresini &#8220;sessizce uzatt\u0131\u011f\u0131&#8221; ileri s\u00fcr\u00fcld\u00fc\"}]},{\"@type\":\"WebSite\",\"@id\":\"https:\\\/\\\/haberkuzey.com\\\/#website\",\"url\":\"https:\\\/\\\/haberkuzey.com\\\/\",\"name\":\"Haber Kuzey\",\"description\":\"Do\u011fru Haberin Adresi\",\"potentialAction\":[{\"@type\":\"SearchAction\",\"target\":{\"@type\":\"EntryPoint\",\"urlTemplate\":\"https:\\\/\\\/haberkuzey.com\\\/?s={search_term_string}\"},\"query-input\":{\"@type\":\"PropertyValueSpecification\",\"valueRequired\":true,\"valueName\":\"search_term_string\"}}],\"inLanguage\":\"tr\"},{\"@type\":\"Person\",\"@id\":\"https:\\\/\\\/haberkuzey.com\\\/#\\\/schema\\\/person\\\/3372109ec735f9333f4fa47ebb9605ca\",\"name\":\"haberkuzey\",\"image\":{\"@type\":\"ImageObject\",\"inLanguage\":\"tr\",\"@id\":\"https:\\\/\\\/secure.gravatar.com\\\/avatar\\\/f5fc875574b1575324358c3b9e6a32b8227aa5b74f3fa22e3cadb63e26fcc39c?s=96&d=mm&r=g\",\"url\":\"https:\\\/\\\/secure.gravatar.com\\\/avatar\\\/f5fc875574b1575324358c3b9e6a32b8227aa5b74f3fa22e3cadb63e26fcc39c?s=96&d=mm&r=g\",\"contentUrl\":\"https:\\\/\\\/secure.gravatar.com\\\/avatar\\\/f5fc875574b1575324358c3b9e6a32b8227aa5b74f3fa22e3cadb63e26fcc39c?s=96&d=mm&r=g\",\"caption\":\"haberkuzey\"},\"sameAs\":[\"https:\\\/\\\/haberkuzey.com\"],\"url\":\"https:\\\/\\\/haberkuzey.com\\\/index.php\\\/author\\\/haberkuzey\\\/\"}]}<\/script>\n<!-- \/ Yoast SEO plugin. -->","yoast_head_json":{"title":"ABD'nin, \u0130ran'a kar\u015f\u0131 asker konu\u015fland\u0131rma s\u00fcresini \"sessizce uzatt\u0131\u011f\u0131\" ileri s\u00fcr\u00fcld\u00fc - Haber Kuzey","robots":{"index":"index","follow":"follow","max-snippet":"max-snippet:-1","max-image-preview":"max-image-preview:large","max-video-preview":"max-video-preview:-1"},"canonical":"https:\/\/haberkuzey.com\/index.php\/2026\/09\/03\/abdnin-irana-karsi-asker-konuslandirma-suresini-sessizce-uzattigi-ileri-suruldu\/","og_locale":"tr_TR","og_type":"article","og_title":"ABD'nin, \u0130ran'a kar\u015f\u0131 asker konu\u015fland\u0131rma s\u00fcresini \"sessizce uzatt\u0131\u011f\u0131\" ileri s\u00fcr\u00fcld\u00fc - Haber Kuzey","og_description":"&#13; Wall Street Journal&#8217;a (WSJ) konu\u015fan konuya yak\u0131n kaynaklar, Bakan Hegseth&#8217;in, H\u00fcrm\u00fcz Bo\u011faz\u0131 \u00e7evresinde &#8220;asker konu\u015fland\u0131rmalar\u0131n\u0131n s\u00fcresini sessizce uzatt\u0131\u011f\u0131n\u0131&#8221; ileri s\u00fcrd\u00fc. &#13; Kaynaklar, Hegseth&#8217;in bu ad\u0131m\u0131n\u0131n, ABD Ba\u015fkan\u0131 Donald Trump&#8217;\u0131n \u0130ran&#8217;a kar\u015f\u0131 se\u00e7eneklerini \u00e7o\u011faltmak i\u00e7in ortaya koydu\u011fu askeri stratejinin par\u00e7as\u0131 oldu\u011funu ancak bu durumun askerler ve aileleri \u00fczerinde bask\u0131 olu\u015fturdu\u011funu belirtti. &#13; Gazetenin haberinde, &#8220;Konuyla [&hellip;]","og_url":"https:\/\/haberkuzey.com\/index.php\/2026\/09\/03\/abdnin-irana-karsi-asker-konuslandirma-suresini-sessizce-uzattigi-ileri-suruldu\/","og_site_name":"Haber Kuzey","article_published_time":"2026-09-03T19:57:03+00:00","og_image":[{"url":"https:\/\/trthaberstatic.cdn.wp.trt.com.tr\/resimler\/2454000\/abd-iran-2454862.jpg","type":"","width":"","height":""}],"author":"haberkuzey","twitter_card":"summary_large_image","twitter_misc":{"Yazan:":"haberkuzey","Tahmini okuma s\u00fcresi":"1 dakika"},"schema":{"@context":"https:\/\/schema.org","@graph":[{"@type":"Article","@id":"https:\/\/haberkuzey.com\/index.php\/2026\/09\/03\/abdnin-irana-karsi-asker-konuslandirma-suresini-sessizce-uzattigi-ileri-suruldu\/#article","isPartOf":{"@id":"https:\/\/haberkuzey.com\/index.php\/2026\/09\/03\/abdnin-irana-karsi-asker-konuslandirma-suresini-sessizce-uzattigi-ileri-suruldu\/"},"author":{"name":"haberkuzey","@id":"https:\/\/haberkuzey.com\/#\/schema\/person\/3372109ec735f9333f4fa47ebb9605ca"},"headline":"ABD&#8217;nin, \u0130ran&#8217;a kar\u015f\u0131 asker konu\u015fland\u0131rma s\u00fcresini &#8220;sessizce uzatt\u0131\u011f\u0131&#8221; ileri s\u00fcr\u00fcld\u00fc","datePublished":"2026-09-03T19:57:03+00:00","mainEntityOfPage":{"@id":"https:\/\/haberkuzey.com\/index.php\/2026\/09\/03\/abdnin-irana-karsi-asker-konuslandirma-suresini-sessizce-uzattigi-ileri-suruldu\/"},"wordCount":326,"commentCount":0,"image":{"@id":"https:\/\/haberkuzey.com\/index.php\/2026\/09\/03\/abdnin-irana-karsi-asker-konuslandirma-suresini-sessizce-uzattigi-ileri-suruldu\/#primaryimage"},"thumbnailUrl":"https:\/\/haberkuzey.com\/wp-content\/uploads\/2026\/04\/abd-iran-2454862.jpg","articleSection":["D\u00fcnya"],"inLanguage":"tr","potentialAction":[{"@type":"CommentAction","name":"Comment","target":["https:\/\/haberkuzey.com\/index.php\/2026\/09\/03\/abdnin-irana-karsi-asker-konuslandirma-suresini-sessizce-uzattigi-ileri-suruldu\/#respond"]}]},{"@type":"WebPage","@id":"https:\/\/haberkuzey.com\/index.php\/2026\/09\/03\/abdnin-irana-karsi-asker-konuslandirma-suresini-sessizce-uzattigi-ileri-suruldu\/","url":"https:\/\/haberkuzey.com\/index.php\/2026\/09\/03\/abdnin-irana-karsi-asker-konuslandirma-suresini-sessizce-uzattigi-ileri-suruldu\/","name":"ABD'nin, \u0130ran'a kar\u015f\u0131 asker konu\u015fland\u0131rma s\u00fcresini \"sessizce uzatt\u0131\u011f\u0131\" ileri s\u00fcr\u00fcld\u00fc - Haber Kuzey","isPartOf":{"@id":"https:\/\/haberkuzey.com\/#website"},"primaryImageOfPage":{"@id":"https:\/\/haberkuzey.com\/index.php\/2026\/09\/03\/abdnin-irana-karsi-asker-konuslandirma-suresini-sessizce-uzattigi-ileri-suruldu\/#primaryimage"},"image":{"@id":"https:\/\/haberkuzey.com\/index.php\/2026\/09\/03\/abdnin-irana-karsi-asker-konuslandirma-suresini-sessizce-uzattigi-ileri-suruldu\/#primaryimage"},"thumbnailUrl":"https:\/\/haberkuzey.com\/wp-content\/uploads\/2026\/04\/abd-iran-2454862.jpg","datePublished":"2026-09-03T19:57:03+00:00","author":{"@id":"https:\/\/haberkuzey.com\/#\/schema\/person\/3372109ec735f9333f4fa47ebb9605ca"},"breadcrumb":{"@id":"https:\/\/haberkuzey.com\/index.php\/2026\/09\/03\/abdnin-irana-karsi-asker-konuslandirma-suresini-sessizce-uzattigi-ileri-suruldu\/#breadcrumb"},"inLanguage":"tr","potentialAction":[{"@type":"ReadAction","target":["https:\/\/haberkuzey.com\/index.php\/2026\/09\/03\/abdnin-irana-karsi-asker-konuslandirma-suresini-sessizce-uzattigi-ileri-suruldu\/"]}]},{"@type":"ImageObject","inLanguage":"tr","@id":"https:\/\/haberkuzey.com\/index.php\/2026\/09\/03\/abdnin-irana-karsi-asker-konuslandirma-suresini-sessizce-uzattigi-ileri-suruldu\/#primaryimage","url":"https:\/\/haberkuzey.com\/wp-content\/uploads\/2026\/04\/abd-iran-2454862.jpg","contentUrl":"https:\/\/haberkuzey.com\/wp-content\/uploads\/2026\/04\/abd-iran-2454862.jpg","width":1280,"height":720},{"@type":"BreadcrumbList","@id":"https:\/\/haberkuzey.com\/index.php\/2026\/09\/03\/abdnin-irana-karsi-asker-konuslandirma-suresini-sessizce-uzattigi-ileri-suruldu\/#breadcrumb","itemListElement":[{"@type":"ListItem","position":1,"name":"Anasayfa","item":"https:\/\/haberkuzey.com\/"},{"@type":"ListItem","position":2,"name":"ABD&#8217;nin, \u0130ran&#8217;a kar\u015f\u0131 asker konu\u015fland\u0131rma s\u00fcresini &#8220;sessizce uzatt\u0131\u011f\u0131&#8221; ileri s\u00fcr\u00fcld\u00fc"}]},{"@type":"WebSite","@id":"https:\/\/haberkuzey.com\/#website","url":"https:\/\/haberkuzey.com\/","name":"Haber Kuzey","description":"Do\u011fru Haberin Adresi","potentialAction":[{"@type":"SearchAction","target":{"@type":"EntryPoint","urlTemplate":"https:\/\/haberkuzey.com\/?s={search_term_string}"},"query-input":{"@type":"PropertyValueSpecification","valueRequired":true,"valueName":"search_term_string"}}],"inLanguage":"tr"},{"@type":"Person","@id":"https:\/\/haberkuzey.com\/#\/schema\/person\/3372109ec735f9333f4fa47ebb9605ca","name":"haberkuzey","image":{"@type":"ImageObject","inLanguage":"tr","@id":"https:\/\/secure.gravatar.com\/avatar\/f5fc875574b1575324358c3b9e6a32b8227aa5b74f3fa22e3cadb63e26fcc39c?s=96&d=mm&r=g","url":"https:\/\/secure.gravatar.com\/avatar\/f5fc875574b1575324358c3b9e6a32b8227aa5b74f3fa22e3cadb63e26fcc39c?s=96&d=mm&r=g","contentUrl":"https:\/\/secure.gravatar.com\/avatar\/f5fc875574b1575324358c3b9e6a32b8227aa5b74f3fa22e3cadb63e26fcc39c?s=96&d=mm&r=g","caption":"haberkuzey"},"sameAs":["https:\/\/haberkuzey.com"],"url":"https:\/\/haberkuzey.com\/index.php\/author\/haberkuzey\/"}]}},"_links":{"self":[{"href":"https:\/\/haberkuzey.com\/index.php\/wp-json\/wp\/v2\/posts\/46421","targetHints":{"allow":["GET"]}}],"collection":[{"href":"https:\/\/haberkuzey.com\/index.php\/wp-json\/wp\/v2\/posts"}],"about":[{"href":"https:\/\/haberkuzey.com\/index.php\/wp-json\/wp\/v2\/types\/post"}],"author":[{"embeddable":true,"href":"https:\/\/haberkuzey.com\/index.php\/wp-json\/wp\/v2\/users\/1"}],"replies":[{"embeddable":true,"href":"https:\/\/haberkuzey.com\/index.php\/wp-json\/wp\/v2\/comments?post=46421"}],"version-history":[{"count":0,"href":"https:\/\/haberkuzey.com\/index.php\/wp-json\/wp\/v2\/posts\/46421\/revisions"}],"wp:featuredmedia":[{"embeddable":true,"href":"https:\/\/haberkuzey.com\/index.php\/wp-json\/wp\/v2\/media\/36840"}],"wp:attachment":[{"href":"https:\/\/haberkuzey.com\/index.php\/wp-json\/wp\/v2\/media?parent=46421"}],"wp:term":[{"taxonomy":"category","embeddable":true,"href":"https:\/\/haberkuzey.com\/index.php\/wp-json\/wp\/v2\/categories?post=46421"},{"taxonomy":"post_tag","embeddable":true,"href":"https:\/\/haberkuzey.com\/index.php\/wp-json\/wp\/v2\/tags?post=46421"}],"curies":[{"name":"wp","href":"https:\/\/api.w.org\/{rel}","templated":true}]}}