{"id":46418,"date":"2026-09-03T20:55:04","date_gmt":"2026-09-03T17:55:04","guid":{"rendered":"https:\/\/haberkuzey.com\/index.php\/2026\/09\/03\/fransa-hava-durumu-kayitlarinin-tutulmaya-baslandigi-1900den-bu-yana-en-sicak-yazini-gecirdi\/"},"modified":"2026-09-03T20:55:04","modified_gmt":"2026-09-03T17:55:04","slug":"fransa-hava-durumu-kayitlarinin-tutulmaya-baslandigi-1900den-bu-yana-en-sicak-yazini-gecirdi","status":"publish","type":"post","link":"https:\/\/haberkuzey.com\/index.php\/2026\/09\/03\/fransa-hava-durumu-kayitlarinin-tutulmaya-baslandigi-1900den-bu-yana-en-sicak-yazini-gecirdi\/","title":{"rendered":"Fransa, hava durumu kay\u0131tlar\u0131n\u0131n tutulmaya ba\u015fland\u0131\u011f\u0131 1900&#8217;den bu yana en s\u0131cak yaz\u0131n\u0131 ge\u00e7irdi"},"content":{"rendered":"<p><\/p>\n<div>\n<p>&#13;<br \/>\n\tBarbut, ba\u015fkent Paris yak\u0131nlar\u0131nda Saint-Mande kentinde Frans\u0131z meteoroloji ajans\u0131 Meteo-France&#8217;\u0131n merkezinde bas\u0131na, yaz aylar\u0131nda etkili olan a\u015f\u0131r\u0131 s\u0131caklar ve orman yang\u0131nlar\u0131na ili\u015fkin a\u00e7\u0131klama yapt\u0131.<\/p>\n<p>&#13;<br \/>\n\tFransa&#8217;da hava durumu kay\u0131tlar\u0131n\u0131n tutulmaya ba\u015fland\u0131\u011f\u0131 1900&#8217;den bu yana kayda ge\u00e7en en s\u0131cak yaz\u0131 ya\u015fad\u0131klar\u0131n\u0131 aktaran Barbut, bu y\u0131lki yaz mevsiminin tarihe ge\u00e7ece\u011fini dile getirdi.<\/p>\n<p>&#13;<br \/>\n\tBarbut, bu yaz s\u0131caklar nedeniyle baz\u0131 okullarda e\u011fitime ara verildi\u011fini hat\u0131rlatarak &#8220;Hastaneler 35 dereceyi a\u015fan s\u0131caklarda hastalar\u0131 a\u011f\u0131rlamak durumunda kald\u0131.&#8221; dedi.<\/p>\n<h2>&#13;<br \/>\n\t&#8220;S\u0131caklar nedeniyle gen\u00e7ler dahil \u00e7ok fazla Frans\u0131z hayat\u0131n\u0131 kaybetti&#8221;<\/h2>\n<p>&#13;<br \/>\n\tOrman yang\u0131nlar\u0131n\u0131n da etkili oldu\u011fu yaz aylar\u0131yla ilgili Barbut, &#8220;Baz\u0131 evler y\u0131k\u0131ld\u0131 ve s\u0131caklar nedeniyle gen\u00e7ler dahil \u00e7ok fazla Frans\u0131z hayat\u0131n\u0131 kaybetti.&#8221; ifadesini kulland\u0131.<\/p>\n<p>&#13;<br \/>\n\tBarbut, iklim de\u011fi\u015fikli\u011fine uyum sa\u011flamak i\u00e7in Fransa&#8217;n\u0131n hayat\u0131n her alan\u0131nda ve ekonomide \u00e7\u00f6z\u00fcm yelpazesine ihtiya\u00e7 duydu\u011funu vurgulayarak, gelecek yaza kadar t\u00fcm okullarda yenileme yapamayacaklar\u0131n\u0131 ancak panjur ve vantilat\u00f6r yerle\u015ftirebileceklerini belirtti.<\/p>\n<p>&#13;<br \/>\n\tFrans\u0131z Bakan &#8220;A\u011fustos sonunda orman yang\u0131nlar\u0131 halihaz\u0131rda son 20 y\u0131l\u0131n ortalamas\u0131ndan 6 kat daha fazla alan\u0131 k\u00fcle \u00e7evirmi\u015fti.&#8221; diye konu\u015ftu.<\/p>\n<\/p><\/div>\n","protected":false},"excerpt":{"rendered":"<p>&#13; Barbut, ba\u015fkent Paris yak\u0131nlar\u0131nda Saint-Mande kentinde Frans\u0131z meteoroloji ajans\u0131 Meteo-France&#8217;\u0131n merkezinde bas\u0131na, yaz aylar\u0131nda etkili olan a\u015f\u0131r\u0131 s\u0131caklar ve orman yang\u0131nlar\u0131na ili\u015fkin a\u00e7\u0131klama yapt\u0131. &#13; Fransa&#8217;da hava durumu kay\u0131tlar\u0131n\u0131n tutulmaya ba\u015fland\u0131\u011f\u0131 1900&#8217;den bu yana kayda ge\u00e7en en s\u0131cak yaz\u0131 ya\u015fad\u0131klar\u0131n\u0131 aktaran Barbut, bu y\u0131lki yaz mevsiminin tarihe ge\u00e7ece\u011fini dile getirdi. &#13; Barbut, bu yaz [&hellip;]<\/p>\n","protected":false},"author":1,"featured_media":44381,"comment_status":"open","ping_status":"open","sticky":false,"template":"","format":"standard","meta":{"jnews-multi-image_gallery":[],"jnews_single_post":[],"jnews_primary_category":[],"footnotes":""},"categories":[2],"tags":[],"class_list":["post-46418","post","type-post","status-publish","format-standard","has-post-thumbnail","hentry","category-dunya"],"yoast_head":"<!-- This site is optimized with the Yoast SEO plugin v28.4 - https:\/\/yoast.com\/product\/yoast-seo-wordpress\/ -->\n<title>Fransa, hava durumu kay\u0131tlar\u0131n\u0131n tutulmaya ba\u015fland\u0131\u011f\u0131 1900&#039;den bu yana en s\u0131cak yaz\u0131n\u0131 ge\u00e7irdi - Haber Kuzey<\/title>\n<meta name=\"robots\" content=\"index, follow, max-snippet:-1, max-image-preview:large, max-video-preview:-1\" \/>\n<link rel=\"canonical\" href=\"https:\/\/haberkuzey.com\/index.php\/2026\/09\/03\/fransa-hava-durumu-kayitlarinin-tutulmaya-baslandigi-1900den-bu-yana-en-sicak-yazini-gecirdi\/\" \/>\n<meta property=\"og:locale\" content=\"tr_TR\" \/>\n<meta property=\"og:type\" content=\"article\" \/>\n<meta property=\"og:title\" content=\"Fransa, hava durumu kay\u0131tlar\u0131n\u0131n tutulmaya ba\u015fland\u0131\u011f\u0131 1900&#039;den bu yana en s\u0131cak yaz\u0131n\u0131 ge\u00e7irdi - Haber Kuzey\" \/>\n<meta property=\"og:description\" content=\"&#013; Barbut, ba\u015fkent Paris yak\u0131nlar\u0131nda Saint-Mande kentinde Frans\u0131z meteoroloji ajans\u0131 Meteo-France&#8217;\u0131n merkezinde bas\u0131na, yaz aylar\u0131nda etkili olan a\u015f\u0131r\u0131 s\u0131caklar ve orman yang\u0131nlar\u0131na ili\u015fkin a\u00e7\u0131klama yapt\u0131. &#013; Fransa&#8217;da hava durumu kay\u0131tlar\u0131n\u0131n tutulmaya ba\u015fland\u0131\u011f\u0131 1900&#8217;den bu yana kayda ge\u00e7en en s\u0131cak yaz\u0131 ya\u015fad\u0131klar\u0131n\u0131 aktaran Barbut, bu y\u0131lki yaz mevsiminin tarihe ge\u00e7ece\u011fini dile getirdi. &#013; Barbut, bu yaz [&hellip;]\" \/>\n<meta property=\"og:url\" content=\"https:\/\/haberkuzey.com\/index.php\/2026\/09\/03\/fransa-hava-durumu-kayitlarinin-tutulmaya-baslandigi-1900den-bu-yana-en-sicak-yazini-gecirdi\/\" \/>\n<meta property=\"og:site_name\" content=\"Haber Kuzey\" \/>\n<meta property=\"article:published_time\" content=\"2026-09-03T17:55:04+00:00\" \/>\n<meta property=\"og:image\" content=\"https:\/\/trthaberstatic.cdn.wp.trt.com.tr\/resimler\/2470000\/tebesir-boyasi-fransa-reu-2471988.jpg\" \/>\n<meta name=\"author\" content=\"haberkuzey\" \/>\n<meta name=\"twitter:card\" content=\"summary_large_image\" \/>\n<meta name=\"twitter:label1\" content=\"Yazan:\" \/>\n\t<meta name=\"twitter:data1\" content=\"haberkuzey\" \/>\n\t<meta name=\"twitter:label2\" content=\"Tahmini okuma s\u00fcresi\" \/>\n\t<meta name=\"twitter:data2\" content=\"1 dakika\" \/>\n<script type=\"application\/ld+json\" class=\"yoast-schema-graph\">{\"@context\":\"https:\\\/\\\/schema.org\",\"@graph\":[{\"@type\":\"Article\",\"@id\":\"https:\\\/\\\/haberkuzey.com\\\/index.php\\\/2026\\\/09\\\/03\\\/fransa-hava-durumu-kayitlarinin-tutulmaya-baslandigi-1900den-bu-yana-en-sicak-yazini-gecirdi\\\/#article\",\"isPartOf\":{\"@id\":\"https:\\\/\\\/haberkuzey.com\\\/index.php\\\/2026\\\/09\\\/03\\\/fransa-hava-durumu-kayitlarinin-tutulmaya-baslandigi-1900den-bu-yana-en-sicak-yazini-gecirdi\\\/\"},\"author\":{\"name\":\"haberkuzey\",\"@id\":\"https:\\\/\\\/haberkuzey.com\\\/#\\\/schema\\\/person\\\/3372109ec735f9333f4fa47ebb9605ca\"},\"headline\":\"Fransa, hava durumu kay\u0131tlar\u0131n\u0131n tutulmaya ba\u015fland\u0131\u011f\u0131 1900&#8217;den bu yana en s\u0131cak yaz\u0131n\u0131 ge\u00e7irdi\",\"datePublished\":\"2026-09-03T17:55:04+00:00\",\"mainEntityOfPage\":{\"@id\":\"https:\\\/\\\/haberkuzey.com\\\/index.php\\\/2026\\\/09\\\/03\\\/fransa-hava-durumu-kayitlarinin-tutulmaya-baslandigi-1900den-bu-yana-en-sicak-yazini-gecirdi\\\/\"},\"wordCount\":243,\"commentCount\":0,\"image\":{\"@id\":\"https:\\\/\\\/haberkuzey.com\\\/index.php\\\/2026\\\/09\\\/03\\\/fransa-hava-durumu-kayitlarinin-tutulmaya-baslandigi-1900den-bu-yana-en-sicak-yazini-gecirdi\\\/#primaryimage\"},\"thumbnailUrl\":\"https:\\\/\\\/haberkuzey.com\\\/wp-content\\\/uploads\\\/2026\\\/06\\\/tebesir-boyasi-fransa-reu-2471988.jpg\",\"articleSection\":[\"D\u00fcnya\"],\"inLanguage\":\"tr\",\"potentialAction\":[{\"@type\":\"CommentAction\",\"name\":\"Comment\",\"target\":[\"https:\\\/\\\/haberkuzey.com\\\/index.php\\\/2026\\\/09\\\/03\\\/fransa-hava-durumu-kayitlarinin-tutulmaya-baslandigi-1900den-bu-yana-en-sicak-yazini-gecirdi\\\/#respond\"]}]},{\"@type\":\"WebPage\",\"@id\":\"https:\\\/\\\/haberkuzey.com\\\/index.php\\\/2026\\\/09\\\/03\\\/fransa-hava-durumu-kayitlarinin-tutulmaya-baslandigi-1900den-bu-yana-en-sicak-yazini-gecirdi\\\/\",\"url\":\"https:\\\/\\\/haberkuzey.com\\\/index.php\\\/2026\\\/09\\\/03\\\/fransa-hava-durumu-kayitlarinin-tutulmaya-baslandigi-1900den-bu-yana-en-sicak-yazini-gecirdi\\\/\",\"name\":\"Fransa, hava durumu kay\u0131tlar\u0131n\u0131n tutulmaya ba\u015fland\u0131\u011f\u0131 1900'den bu yana en s\u0131cak yaz\u0131n\u0131 ge\u00e7irdi - Haber Kuzey\",\"isPartOf\":{\"@id\":\"https:\\\/\\\/haberkuzey.com\\\/#website\"},\"primaryImageOfPage\":{\"@id\":\"https:\\\/\\\/haberkuzey.com\\\/index.php\\\/2026\\\/09\\\/03\\\/fransa-hava-durumu-kayitlarinin-tutulmaya-baslandigi-1900den-bu-yana-en-sicak-yazini-gecirdi\\\/#primaryimage\"},\"image\":{\"@id\":\"https:\\\/\\\/haberkuzey.com\\\/index.php\\\/2026\\\/09\\\/03\\\/fransa-hava-durumu-kayitlarinin-tutulmaya-baslandigi-1900den-bu-yana-en-sicak-yazini-gecirdi\\\/#primaryimage\"},\"thumbnailUrl\":\"https:\\\/\\\/haberkuzey.com\\\/wp-content\\\/uploads\\\/2026\\\/06\\\/tebesir-boyasi-fransa-reu-2471988.jpg\",\"datePublished\":\"2026-09-03T17:55:04+00:00\",\"author\":{\"@id\":\"https:\\\/\\\/haberkuzey.com\\\/#\\\/schema\\\/person\\\/3372109ec735f9333f4fa47ebb9605ca\"},\"breadcrumb\":{\"@id\":\"https:\\\/\\\/haberkuzey.com\\\/index.php\\\/2026\\\/09\\\/03\\\/fransa-hava-durumu-kayitlarinin-tutulmaya-baslandigi-1900den-bu-yana-en-sicak-yazini-gecirdi\\\/#breadcrumb\"},\"inLanguage\":\"tr\",\"potentialAction\":[{\"@type\":\"ReadAction\",\"target\":[\"https:\\\/\\\/haberkuzey.com\\\/index.php\\\/2026\\\/09\\\/03\\\/fransa-hava-durumu-kayitlarinin-tutulmaya-baslandigi-1900den-bu-yana-en-sicak-yazini-gecirdi\\\/\"]}]},{\"@type\":\"ImageObject\",\"inLanguage\":\"tr\",\"@id\":\"https:\\\/\\\/haberkuzey.com\\\/index.php\\\/2026\\\/09\\\/03\\\/fransa-hava-durumu-kayitlarinin-tutulmaya-baslandigi-1900den-bu-yana-en-sicak-yazini-gecirdi\\\/#primaryimage\",\"url\":\"https:\\\/\\\/haberkuzey.com\\\/wp-content\\\/uploads\\\/2026\\\/06\\\/tebesir-boyasi-fransa-reu-2471988.jpg\",\"contentUrl\":\"https:\\\/\\\/haberkuzey.com\\\/wp-content\\\/uploads\\\/2026\\\/06\\\/tebesir-boyasi-fransa-reu-2471988.jpg\",\"width\":1280,\"height\":720},{\"@type\":\"BreadcrumbList\",\"@id\":\"https:\\\/\\\/haberkuzey.com\\\/index.php\\\/2026\\\/09\\\/03\\\/fransa-hava-durumu-kayitlarinin-tutulmaya-baslandigi-1900den-bu-yana-en-sicak-yazini-gecirdi\\\/#breadcrumb\",\"itemListElement\":[{\"@type\":\"ListItem\",\"position\":1,\"name\":\"Anasayfa\",\"item\":\"https:\\\/\\\/haberkuzey.com\\\/\"},{\"@type\":\"ListItem\",\"position\":2,\"name\":\"Fransa, hava durumu kay\u0131tlar\u0131n\u0131n tutulmaya ba\u015fland\u0131\u011f\u0131 1900&#8217;den bu yana en s\u0131cak yaz\u0131n\u0131 ge\u00e7irdi\"}]},{\"@type\":\"WebSite\",\"@id\":\"https:\\\/\\\/haberkuzey.com\\\/#website\",\"url\":\"https:\\\/\\\/haberkuzey.com\\\/\",\"name\":\"Haber Kuzey\",\"description\":\"Do\u011fru Haberin Adresi\",\"potentialAction\":[{\"@type\":\"SearchAction\",\"target\":{\"@type\":\"EntryPoint\",\"urlTemplate\":\"https:\\\/\\\/haberkuzey.com\\\/?s={search_term_string}\"},\"query-input\":{\"@type\":\"PropertyValueSpecification\",\"valueRequired\":true,\"valueName\":\"search_term_string\"}}],\"inLanguage\":\"tr\"},{\"@type\":\"Person\",\"@id\":\"https:\\\/\\\/haberkuzey.com\\\/#\\\/schema\\\/person\\\/3372109ec735f9333f4fa47ebb9605ca\",\"name\":\"haberkuzey\",\"image\":{\"@type\":\"ImageObject\",\"inLanguage\":\"tr\",\"@id\":\"https:\\\/\\\/secure.gravatar.com\\\/avatar\\\/f5fc875574b1575324358c3b9e6a32b8227aa5b74f3fa22e3cadb63e26fcc39c?s=96&d=mm&r=g\",\"url\":\"https:\\\/\\\/secure.gravatar.com\\\/avatar\\\/f5fc875574b1575324358c3b9e6a32b8227aa5b74f3fa22e3cadb63e26fcc39c?s=96&d=mm&r=g\",\"contentUrl\":\"https:\\\/\\\/secure.gravatar.com\\\/avatar\\\/f5fc875574b1575324358c3b9e6a32b8227aa5b74f3fa22e3cadb63e26fcc39c?s=96&d=mm&r=g\",\"caption\":\"haberkuzey\"},\"sameAs\":[\"https:\\\/\\\/haberkuzey.com\"],\"url\":\"https:\\\/\\\/haberkuzey.com\\\/index.php\\\/author\\\/haberkuzey\\\/\"}]}<\/script>\n<!-- \/ Yoast SEO plugin. -->","yoast_head_json":{"title":"Fransa, hava durumu kay\u0131tlar\u0131n\u0131n tutulmaya ba\u015fland\u0131\u011f\u0131 1900'den bu yana en s\u0131cak yaz\u0131n\u0131 ge\u00e7irdi - Haber Kuzey","robots":{"index":"index","follow":"follow","max-snippet":"max-snippet:-1","max-image-preview":"max-image-preview:large","max-video-preview":"max-video-preview:-1"},"canonical":"https:\/\/haberkuzey.com\/index.php\/2026\/09\/03\/fransa-hava-durumu-kayitlarinin-tutulmaya-baslandigi-1900den-bu-yana-en-sicak-yazini-gecirdi\/","og_locale":"tr_TR","og_type":"article","og_title":"Fransa, hava durumu kay\u0131tlar\u0131n\u0131n tutulmaya ba\u015fland\u0131\u011f\u0131 1900'den bu yana en s\u0131cak yaz\u0131n\u0131 ge\u00e7irdi - Haber Kuzey","og_description":"&#13; Barbut, ba\u015fkent Paris yak\u0131nlar\u0131nda Saint-Mande kentinde Frans\u0131z meteoroloji ajans\u0131 Meteo-France&#8217;\u0131n merkezinde bas\u0131na, yaz aylar\u0131nda etkili olan a\u015f\u0131r\u0131 s\u0131caklar ve orman yang\u0131nlar\u0131na ili\u015fkin a\u00e7\u0131klama yapt\u0131. &#13; Fransa&#8217;da hava durumu kay\u0131tlar\u0131n\u0131n tutulmaya ba\u015fland\u0131\u011f\u0131 1900&#8217;den bu yana kayda ge\u00e7en en s\u0131cak yaz\u0131 ya\u015fad\u0131klar\u0131n\u0131 aktaran Barbut, bu y\u0131lki yaz mevsiminin tarihe ge\u00e7ece\u011fini dile getirdi. &#13; Barbut, bu yaz [&hellip;]","og_url":"https:\/\/haberkuzey.com\/index.php\/2026\/09\/03\/fransa-hava-durumu-kayitlarinin-tutulmaya-baslandigi-1900den-bu-yana-en-sicak-yazini-gecirdi\/","og_site_name":"Haber Kuzey","article_published_time":"2026-09-03T17:55:04+00:00","og_image":[{"url":"https:\/\/trthaberstatic.cdn.wp.trt.com.tr\/resimler\/2470000\/tebesir-boyasi-fransa-reu-2471988.jpg","type":"","width":"","height":""}],"author":"haberkuzey","twitter_card":"summary_large_image","twitter_misc":{"Yazan:":"haberkuzey","Tahmini okuma s\u00fcresi":"1 dakika"},"schema":{"@context":"https:\/\/schema.org","@graph":[{"@type":"Article","@id":"https:\/\/haberkuzey.com\/index.php\/2026\/09\/03\/fransa-hava-durumu-kayitlarinin-tutulmaya-baslandigi-1900den-bu-yana-en-sicak-yazini-gecirdi\/#article","isPartOf":{"@id":"https:\/\/haberkuzey.com\/index.php\/2026\/09\/03\/fransa-hava-durumu-kayitlarinin-tutulmaya-baslandigi-1900den-bu-yana-en-sicak-yazini-gecirdi\/"},"author":{"name":"haberkuzey","@id":"https:\/\/haberkuzey.com\/#\/schema\/person\/3372109ec735f9333f4fa47ebb9605ca"},"headline":"Fransa, hava durumu kay\u0131tlar\u0131n\u0131n tutulmaya ba\u015fland\u0131\u011f\u0131 1900&#8217;den bu yana en s\u0131cak yaz\u0131n\u0131 ge\u00e7irdi","datePublished":"2026-09-03T17:55:04+00:00","mainEntityOfPage":{"@id":"https:\/\/haberkuzey.com\/index.php\/2026\/09\/03\/fransa-hava-durumu-kayitlarinin-tutulmaya-baslandigi-1900den-bu-yana-en-sicak-yazini-gecirdi\/"},"wordCount":243,"commentCount":0,"image":{"@id":"https:\/\/haberkuzey.com\/index.php\/2026\/09\/03\/fransa-hava-durumu-kayitlarinin-tutulmaya-baslandigi-1900den-bu-yana-en-sicak-yazini-gecirdi\/#primaryimage"},"thumbnailUrl":"https:\/\/haberkuzey.com\/wp-content\/uploads\/2026\/06\/tebesir-boyasi-fransa-reu-2471988.jpg","articleSection":["D\u00fcnya"],"inLanguage":"tr","potentialAction":[{"@type":"CommentAction","name":"Comment","target":["https:\/\/haberkuzey.com\/index.php\/2026\/09\/03\/fransa-hava-durumu-kayitlarinin-tutulmaya-baslandigi-1900den-bu-yana-en-sicak-yazini-gecirdi\/#respond"]}]},{"@type":"WebPage","@id":"https:\/\/haberkuzey.com\/index.php\/2026\/09\/03\/fransa-hava-durumu-kayitlarinin-tutulmaya-baslandigi-1900den-bu-yana-en-sicak-yazini-gecirdi\/","url":"https:\/\/haberkuzey.com\/index.php\/2026\/09\/03\/fransa-hava-durumu-kayitlarinin-tutulmaya-baslandigi-1900den-bu-yana-en-sicak-yazini-gecirdi\/","name":"Fransa, hava durumu kay\u0131tlar\u0131n\u0131n tutulmaya ba\u015fland\u0131\u011f\u0131 1900'den bu yana en s\u0131cak yaz\u0131n\u0131 ge\u00e7irdi - Haber Kuzey","isPartOf":{"@id":"https:\/\/haberkuzey.com\/#website"},"primaryImageOfPage":{"@id":"https:\/\/haberkuzey.com\/index.php\/2026\/09\/03\/fransa-hava-durumu-kayitlarinin-tutulmaya-baslandigi-1900den-bu-yana-en-sicak-yazini-gecirdi\/#primaryimage"},"image":{"@id":"https:\/\/haberkuzey.com\/index.php\/2026\/09\/03\/fransa-hava-durumu-kayitlarinin-tutulmaya-baslandigi-1900den-bu-yana-en-sicak-yazini-gecirdi\/#primaryimage"},"thumbnailUrl":"https:\/\/haberkuzey.com\/wp-content\/uploads\/2026\/06\/tebesir-boyasi-fransa-reu-2471988.jpg","datePublished":"2026-09-03T17:55:04+00:00","author":{"@id":"https:\/\/haberkuzey.com\/#\/schema\/person\/3372109ec735f9333f4fa47ebb9605ca"},"breadcrumb":{"@id":"https:\/\/haberkuzey.com\/index.php\/2026\/09\/03\/fransa-hava-durumu-kayitlarinin-tutulmaya-baslandigi-1900den-bu-yana-en-sicak-yazini-gecirdi\/#breadcrumb"},"inLanguage":"tr","potentialAction":[{"@type":"ReadAction","target":["https:\/\/haberkuzey.com\/index.php\/2026\/09\/03\/fransa-hava-durumu-kayitlarinin-tutulmaya-baslandigi-1900den-bu-yana-en-sicak-yazini-gecirdi\/"]}]},{"@type":"ImageObject","inLanguage":"tr","@id":"https:\/\/haberkuzey.com\/index.php\/2026\/09\/03\/fransa-hava-durumu-kayitlarinin-tutulmaya-baslandigi-1900den-bu-yana-en-sicak-yazini-gecirdi\/#primaryimage","url":"https:\/\/haberkuzey.com\/wp-content\/uploads\/2026\/06\/tebesir-boyasi-fransa-reu-2471988.jpg","contentUrl":"https:\/\/haberkuzey.com\/wp-content\/uploads\/2026\/06\/tebesir-boyasi-fransa-reu-2471988.jpg","width":1280,"height":720},{"@type":"BreadcrumbList","@id":"https:\/\/haberkuzey.com\/index.php\/2026\/09\/03\/fransa-hava-durumu-kayitlarinin-tutulmaya-baslandigi-1900den-bu-yana-en-sicak-yazini-gecirdi\/#breadcrumb","itemListElement":[{"@type":"ListItem","position":1,"name":"Anasayfa","item":"https:\/\/haberkuzey.com\/"},{"@type":"ListItem","position":2,"name":"Fransa, hava durumu kay\u0131tlar\u0131n\u0131n tutulmaya ba\u015fland\u0131\u011f\u0131 1900&#8217;den bu yana en s\u0131cak yaz\u0131n\u0131 ge\u00e7irdi"}]},{"@type":"WebSite","@id":"https:\/\/haberkuzey.com\/#website","url":"https:\/\/haberkuzey.com\/","name":"Haber Kuzey","description":"Do\u011fru Haberin Adresi","potentialAction":[{"@type":"SearchAction","target":{"@type":"EntryPoint","urlTemplate":"https:\/\/haberkuzey.com\/?s={search_term_string}"},"query-input":{"@type":"PropertyValueSpecification","valueRequired":true,"valueName":"search_term_string"}}],"inLanguage":"tr"},{"@type":"Person","@id":"https:\/\/haberkuzey.com\/#\/schema\/person\/3372109ec735f9333f4fa47ebb9605ca","name":"haberkuzey","image":{"@type":"ImageObject","inLanguage":"tr","@id":"https:\/\/secure.gravatar.com\/avatar\/f5fc875574b1575324358c3b9e6a32b8227aa5b74f3fa22e3cadb63e26fcc39c?s=96&d=mm&r=g","url":"https:\/\/secure.gravatar.com\/avatar\/f5fc875574b1575324358c3b9e6a32b8227aa5b74f3fa22e3cadb63e26fcc39c?s=96&d=mm&r=g","contentUrl":"https:\/\/secure.gravatar.com\/avatar\/f5fc875574b1575324358c3b9e6a32b8227aa5b74f3fa22e3cadb63e26fcc39c?s=96&d=mm&r=g","caption":"haberkuzey"},"sameAs":["https:\/\/haberkuzey.com"],"url":"https:\/\/haberkuzey.com\/index.php\/author\/haberkuzey\/"}]}},"_links":{"self":[{"href":"https:\/\/haberkuzey.com\/index.php\/wp-json\/wp\/v2\/posts\/46418","targetHints":{"allow":["GET"]}}],"collection":[{"href":"https:\/\/haberkuzey.com\/index.php\/wp-json\/wp\/v2\/posts"}],"about":[{"href":"https:\/\/haberkuzey.com\/index.php\/wp-json\/wp\/v2\/types\/post"}],"author":[{"embeddable":true,"href":"https:\/\/haberkuzey.com\/index.php\/wp-json\/wp\/v2\/users\/1"}],"replies":[{"embeddable":true,"href":"https:\/\/haberkuzey.com\/index.php\/wp-json\/wp\/v2\/comments?post=46418"}],"version-history":[{"count":0,"href":"https:\/\/haberkuzey.com\/index.php\/wp-json\/wp\/v2\/posts\/46418\/revisions"}],"wp:featuredmedia":[{"embeddable":true,"href":"https:\/\/haberkuzey.com\/index.php\/wp-json\/wp\/v2\/media\/44381"}],"wp:attachment":[{"href":"https:\/\/haberkuzey.com\/index.php\/wp-json\/wp\/v2\/media?parent=46418"}],"wp:term":[{"taxonomy":"category","embeddable":true,"href":"https:\/\/haberkuzey.com\/index.php\/wp-json\/wp\/v2\/categories?post=46418"},{"taxonomy":"post_tag","embeddable":true,"href":"https:\/\/haberkuzey.com\/index.php\/wp-json\/wp\/v2\/tags?post=46418"}],"curies":[{"name":"wp","href":"https:\/\/api.w.org\/{rel}","templated":true}]}}