{"id":46415,"date":"2026-09-03T17:52:04","date_gmt":"2026-09-03T14:52:04","guid":{"rendered":"https:\/\/haberkuzey.com\/index.php\/2026\/09\/03\/guneydogu-asyada-zehirli-duman-krizi-el-nino-orman-yanginlarini-korukluyor\/"},"modified":"2026-09-03T17:52:04","modified_gmt":"2026-09-03T14:52:04","slug":"guneydogu-asyada-zehirli-duman-krizi-el-nino-orman-yanginlarini-korukluyor","status":"publish","type":"post","link":"https:\/\/haberkuzey.com\/index.php\/2026\/09\/03\/guneydogu-asyada-zehirli-duman-krizi-el-nino-orman-yanginlarini-korukluyor\/","title":{"rendered":"G\u00fcneydo\u011fu Asya&#8217;da zehirli duman krizi: El Nino orman yang\u0131nlar\u0131n\u0131 k\u00f6r\u00fckl\u00fcyor"},"content":{"rendered":"<p><\/p>\n<div>\n<p>&#13;<br \/>\n\tEndonezya&#8217;n\u0131n Sumatra ve Borneo adalar\u0131nda temmuz ortas\u0131ndan bu yana devam eden orman yang\u0131nlar\u0131, b\u00f6lgeyi etkisi alt\u0131na alan &#8220;S\u00fcper El Nino&#8221; hava olay\u0131n\u0131n tetikledi\u011fi kurakl\u0131kla birlikte kontrolden \u00e7\u0131kt\u0131.<\/p>\n<p>&#13;<br \/>\n\tG\u00fcnlerdir s\u00fcren yang\u0131nlar\u0131n olu\u015fturdu\u011fu yo\u011fun sis bulutu yaln\u0131zca Endonezya&#8217;y\u0131 de\u011fil; Malezya, Singapur ve Filipinler&#8217;i de etkisi alt\u0131na alarak hava kalitesini tehlikeli seviyelere d\u00fc\u015f\u00fcrd\u00fc.<\/p>\n<p>&#13;<br \/>\n\tMilyonlarca ki\u015finin sa\u011fl\u0131\u011f\u0131n\u0131 tehdit eden duman tabakas\u0131, baz\u0131 b\u00f6lgelerde D\u00fcnya Sa\u011fl\u0131k \u00d6rg\u00fct\u00fc&#8217;n\u00fcn belirledi\u011fi g\u00fcvenli e\u015fi\u011fin 15 kat \u00fczerine \u00e7\u0131kan zehirli bir kirlili\u011fe yol a\u00e7t\u0131.<\/p>\n<h2>&#13;<br \/>\n\tOn binlerce ki\u015fi solunum yolu enfeksiyonu ge\u00e7iriyor<\/h2>\n<p>&#13;<br \/>\n\tZehirli havan\u0131n yol a\u00e7t\u0131\u011f\u0131 sa\u011fl\u0131k sorunlar\u0131 s\u0131n\u0131r tan\u0131m\u0131yor. Endonezya Sa\u011fl\u0131k Bakanl\u0131\u011f\u0131, yang\u0131nlar\u0131n ba\u015flamas\u0131ndan bu yana 50 binden fazla solunum yolu enfeksiyonu vakas\u0131 kaydetti. Bu hastalar\u0131n 12 binden fazlas\u0131n\u0131 ise 5 ya\u015f\u0131n alt\u0131ndaki \u00e7ocuklar olu\u015fturuyor.<\/p>\n<p>&#13;<br \/>\n\tG\u00fcney Kalimantan gibi yang\u0131nlar\u0131n merkez \u00fcss\u00fc olan b\u00f6lgelerde duman\u0131n s\u0131n\u0131flar\u0131n i\u00e7ine kadar girdi\u011fi, pencereler kapal\u0131 olsa dahi evlerin zehirli havadan korunamad\u0131\u011f\u0131 belirtiliyor.<\/p>\n<p>&#13;<br \/>\n\tYang\u0131n b\u00f6lgelerinden 1300 kilometre uzakl\u0131ktaki Filipinler&#8217;e ba\u011fl\u0131 Palawan adas\u0131nda dahi halk bo\u011faz kurulu\u011fu, g\u00f6z ka\u015f\u0131nt\u0131s\u0131 ve ba\u015f a\u011fr\u0131s\u0131 \u015fikayetleriyle sa\u011fl\u0131k kurulu\u015flar\u0131na ba\u015fvuruyor. Malezya&#8217;da ise s\u0131n\u0131r \u00f6tesinden gelen yo\u011fun duman dalgas\u0131 nedeniyle \u00fclke genelinde ast\u0131m ve konjonktivit vakalar\u0131nda belirgin bir art\u0131\u015f g\u00f6zleniyor.<\/p>\n<h2>&#13;<br \/>\n\tY\u0131llard\u0131r s\u00fcren arazi a\u00e7ma uygulamalar\u0131 yang\u0131nlar\u0131 besliyor<\/h2>\n<p>&#13;<br \/>\n\tB\u00f6lgedeki yang\u0131nlar\u0131n bu denli y\u0131k\u0131c\u0131 olmas\u0131n\u0131n arkas\u0131nda yaln\u0131zca iklim ko\u015fullar\u0131 de\u011fil, onlarca y\u0131ld\u0131r s\u00fcrd\u00fcr\u00fclen yanl\u0131\u015f arazi politikalar\u0131 yat\u0131yor. \u00c7evre \u00f6rg\u00fctleri ve uzmanlar; end\u00fcstriyel plantasyonlar, kereste \u00fcretimi ve palmiye ya\u011f\u0131 tesisleri i\u00e7in arazilerin kas\u0131tl\u0131 olarak yak\u0131ld\u0131\u011f\u0131n\u0131 vurguluyor.<\/p>\n<p>&#13;<br \/>\n\tKurutulan turbal\u0131k alanlar kolayca tutu\u015fabilir hale geldi\u011finden, tar\u0131m veya sanayi arazisi a\u00e7mak i\u00e7in ba\u015flat\u0131lan k\u00fc\u00e7\u00fck ate\u015fler h\u0131zla kontrol edilemeyen felaketlere d\u00f6n\u00fc\u015f\u00fcyor.<\/p>\n<p>&#13;<br \/>\n\tGeleneksel ve topluluk kontrol\u00fcndeki y\u00f6ntemlerin aksine ticari ama\u00e7larla yap\u0131lan bu b\u00fcy\u00fck \u00f6l\u00e7ekli yakma eylemleri, hem yerel ekosistemi t\u00fcketiyor hem de s\u00f6nd\u00fcr\u00fclmesi neredeyse imk\u00e2ns\u0131z boyutlara ula\u015f\u0131yor.<\/p>\n<h2>&#13;<br \/>\n\tTurbal\u0131klar &#8216;karbon bombas\u0131&#8217; tehdidi yarat\u0131yor<\/h2>\n<p>&#13;<br \/>\n\tEndonezya&#8217;daki orman yang\u0131nlar\u0131n\u0131n en korkutucu boyutu ise d\u00fcnyan\u0131n en b\u00fcy\u00fck tropikal turbal\u0131k ekosistemlerini k\u00fcl etmesi. Normal \u015fartlar alt\u0131nda suyu tutarak topra\u011f\u0131n alt\u0131nda binlerce y\u0131ll\u0131k karbonu depolayan bu zengin alanlar, kurutulup alev ald\u0131\u011f\u0131nda devasa birer &#8220;karbon bombas\u0131na&#8221; d\u00f6n\u00fc\u015f\u00fcyor. Turbal\u0131klar\u0131n yanmas\u0131, hapsolmu\u015f muazzam miktardaki sera gaz\u0131n\u0131n do\u011frudan atmosfere sal\u0131nmas\u0131 anlam\u0131na geliyor.<\/p>\n<p>&#13;<br \/>\n\tHava uzmanlar\u0131 ve ara\u015ft\u0131rmac\u0131lar, El Nino etkisinin \u00f6n\u00fcm\u00fczdeki d\u00f6nemde daha da \u015fiddetlenebilece\u011fini ve yang\u0131nlar\u0131n 11 milyon hektarl\u0131k devasa bir alan\u0131 yok edebilece\u011fini \u00f6ng\u00f6r\u00fcyor.<\/p>\n<p>&#13;<br \/>\n\tBu tahmin, Endonezya&#8217;n\u0131n 1997-1998 y\u0131llar\u0131nda ya\u015fad\u0131\u011f\u0131 ve tarihin en y\u0131k\u0131c\u0131 orman yang\u0131n\u0131 felaketlerinden biri olarak kabul edilen d\u00f6neme benzer bir tablonun yeniden ortaya \u00e7\u0131kabilece\u011fini g\u00f6steriyor.<\/p>\n<p>&#13;<br \/>\n\tYetkililer, eyl\u00fcl ay\u0131n\u0131n El Nino&#8217;nun tepe noktas\u0131 olaca\u011f\u0131n\u0131 belirterek alevlerle m\u00fccadelenin en kritik evresine girildi\u011fini ifade ediyor.<\/p>\n<\/p><\/div>\n","protected":false},"excerpt":{"rendered":"<p>&#13; Endonezya&#8217;n\u0131n Sumatra ve Borneo adalar\u0131nda temmuz ortas\u0131ndan bu yana devam eden orman yang\u0131nlar\u0131, b\u00f6lgeyi etkisi alt\u0131na alan &#8220;S\u00fcper El Nino&#8221; hava olay\u0131n\u0131n tetikledi\u011fi kurakl\u0131kla birlikte kontrolden \u00e7\u0131kt\u0131. &#13; G\u00fcnlerdir s\u00fcren yang\u0131nlar\u0131n olu\u015fturdu\u011fu yo\u011fun sis bulutu yaln\u0131zca Endonezya&#8217;y\u0131 de\u011fil; Malezya, Singapur ve Filipinler&#8217;i de etkisi alt\u0131na alarak hava kalitesini tehlikeli seviyelere d\u00fc\u015f\u00fcrd\u00fc. &#13; Milyonlarca ki\u015finin [&hellip;]<\/p>\n","protected":false},"author":1,"featured_media":44583,"comment_status":"open","ping_status":"open","sticky":false,"template":"","format":"standard","meta":{"jnews-multi-image_gallery":[],"jnews_single_post":[],"jnews_primary_category":[],"footnotes":""},"categories":[2],"tags":[],"class_list":["post-46415","post","type-post","status-publish","format-standard","has-post-thumbnail","hentry","category-dunya"],"yoast_head":"<!-- This site is optimized with the Yoast SEO plugin v28.4 - https:\/\/yoast.com\/product\/yoast-seo-wordpress\/ -->\n<title>G\u00fcneydo\u011fu Asya&#039;da zehirli duman krizi: El Nino orman yang\u0131nlar\u0131n\u0131 k\u00f6r\u00fckl\u00fcyor - Haber Kuzey<\/title>\n<meta name=\"robots\" content=\"index, follow, max-snippet:-1, max-image-preview:large, max-video-preview:-1\" \/>\n<link rel=\"canonical\" href=\"https:\/\/haberkuzey.com\/index.php\/2026\/09\/03\/guneydogu-asyada-zehirli-duman-krizi-el-nino-orman-yanginlarini-korukluyor\/\" \/>\n<meta property=\"og:locale\" content=\"tr_TR\" \/>\n<meta property=\"og:type\" content=\"article\" \/>\n<meta property=\"og:title\" content=\"G\u00fcneydo\u011fu Asya&#039;da zehirli duman krizi: El Nino orman yang\u0131nlar\u0131n\u0131 k\u00f6r\u00fckl\u00fcyor - Haber Kuzey\" \/>\n<meta property=\"og:description\" content=\"&#013; Endonezya&#8217;n\u0131n Sumatra ve Borneo adalar\u0131nda temmuz ortas\u0131ndan bu yana devam eden orman yang\u0131nlar\u0131, b\u00f6lgeyi etkisi alt\u0131na alan &#8220;S\u00fcper El Nino&#8221; hava olay\u0131n\u0131n tetikledi\u011fi kurakl\u0131kla birlikte kontrolden \u00e7\u0131kt\u0131. &#013; G\u00fcnlerdir s\u00fcren yang\u0131nlar\u0131n olu\u015fturdu\u011fu yo\u011fun sis bulutu yaln\u0131zca Endonezya&#8217;y\u0131 de\u011fil; Malezya, Singapur ve Filipinler&#8217;i de etkisi alt\u0131na alarak hava kalitesini tehlikeli seviyelere d\u00fc\u015f\u00fcrd\u00fc. &#013; Milyonlarca ki\u015finin [&hellip;]\" \/>\n<meta property=\"og:url\" content=\"https:\/\/haberkuzey.com\/index.php\/2026\/09\/03\/guneydogu-asyada-zehirli-duman-krizi-el-nino-orman-yanginlarini-korukluyor\/\" \/>\n<meta property=\"og:site_name\" content=\"Haber Kuzey\" \/>\n<meta property=\"article:published_time\" content=\"2026-09-03T14:52:04+00:00\" \/>\n<meta property=\"og:image\" content=\"https:\/\/trthaberstatic.cdn.wp.trt.com.tr\/resimler\/2432000\/sili-orman-yangini-aa-2433112.jpg\" \/>\n<meta name=\"author\" content=\"haberkuzey\" \/>\n<meta name=\"twitter:card\" content=\"summary_large_image\" \/>\n<meta name=\"twitter:label1\" content=\"Yazan:\" \/>\n\t<meta name=\"twitter:data1\" content=\"haberkuzey\" \/>\n\t<meta name=\"twitter:label2\" content=\"Tahmini okuma s\u00fcresi\" \/>\n\t<meta name=\"twitter:data2\" content=\"3 dakika\" \/>\n<script type=\"application\/ld+json\" class=\"yoast-schema-graph\">{\"@context\":\"https:\\\/\\\/schema.org\",\"@graph\":[{\"@type\":\"Article\",\"@id\":\"https:\\\/\\\/haberkuzey.com\\\/index.php\\\/2026\\\/09\\\/03\\\/guneydogu-asyada-zehirli-duman-krizi-el-nino-orman-yanginlarini-korukluyor\\\/#article\",\"isPartOf\":{\"@id\":\"https:\\\/\\\/haberkuzey.com\\\/index.php\\\/2026\\\/09\\\/03\\\/guneydogu-asyada-zehirli-duman-krizi-el-nino-orman-yanginlarini-korukluyor\\\/\"},\"author\":{\"name\":\"haberkuzey\",\"@id\":\"https:\\\/\\\/haberkuzey.com\\\/#\\\/schema\\\/person\\\/3372109ec735f9333f4fa47ebb9605ca\"},\"headline\":\"G\u00fcneydo\u011fu Asya&#8217;da zehirli duman krizi: El Nino orman yang\u0131nlar\u0131n\u0131 k\u00f6r\u00fckl\u00fcyor\",\"datePublished\":\"2026-09-03T14:52:04+00:00\",\"mainEntityOfPage\":{\"@id\":\"https:\\\/\\\/haberkuzey.com\\\/index.php\\\/2026\\\/09\\\/03\\\/guneydogu-asyada-zehirli-duman-krizi-el-nino-orman-yanginlarini-korukluyor\\\/\"},\"wordCount\":609,\"commentCount\":0,\"image\":{\"@id\":\"https:\\\/\\\/haberkuzey.com\\\/index.php\\\/2026\\\/09\\\/03\\\/guneydogu-asyada-zehirli-duman-krizi-el-nino-orman-yanginlarini-korukluyor\\\/#primaryimage\"},\"thumbnailUrl\":\"https:\\\/\\\/haberkuzey.com\\\/wp-content\\\/uploads\\\/2026\\\/07\\\/sili-orman-yangini-aa-2433112.jpg\",\"articleSection\":[\"D\u00fcnya\"],\"inLanguage\":\"tr\",\"potentialAction\":[{\"@type\":\"CommentAction\",\"name\":\"Comment\",\"target\":[\"https:\\\/\\\/haberkuzey.com\\\/index.php\\\/2026\\\/09\\\/03\\\/guneydogu-asyada-zehirli-duman-krizi-el-nino-orman-yanginlarini-korukluyor\\\/#respond\"]}]},{\"@type\":\"WebPage\",\"@id\":\"https:\\\/\\\/haberkuzey.com\\\/index.php\\\/2026\\\/09\\\/03\\\/guneydogu-asyada-zehirli-duman-krizi-el-nino-orman-yanginlarini-korukluyor\\\/\",\"url\":\"https:\\\/\\\/haberkuzey.com\\\/index.php\\\/2026\\\/09\\\/03\\\/guneydogu-asyada-zehirli-duman-krizi-el-nino-orman-yanginlarini-korukluyor\\\/\",\"name\":\"G\u00fcneydo\u011fu Asya'da zehirli duman krizi: El Nino orman yang\u0131nlar\u0131n\u0131 k\u00f6r\u00fckl\u00fcyor - Haber Kuzey\",\"isPartOf\":{\"@id\":\"https:\\\/\\\/haberkuzey.com\\\/#website\"},\"primaryImageOfPage\":{\"@id\":\"https:\\\/\\\/haberkuzey.com\\\/index.php\\\/2026\\\/09\\\/03\\\/guneydogu-asyada-zehirli-duman-krizi-el-nino-orman-yanginlarini-korukluyor\\\/#primaryimage\"},\"image\":{\"@id\":\"https:\\\/\\\/haberkuzey.com\\\/index.php\\\/2026\\\/09\\\/03\\\/guneydogu-asyada-zehirli-duman-krizi-el-nino-orman-yanginlarini-korukluyor\\\/#primaryimage\"},\"thumbnailUrl\":\"https:\\\/\\\/haberkuzey.com\\\/wp-content\\\/uploads\\\/2026\\\/07\\\/sili-orman-yangini-aa-2433112.jpg\",\"datePublished\":\"2026-09-03T14:52:04+00:00\",\"author\":{\"@id\":\"https:\\\/\\\/haberkuzey.com\\\/#\\\/schema\\\/person\\\/3372109ec735f9333f4fa47ebb9605ca\"},\"breadcrumb\":{\"@id\":\"https:\\\/\\\/haberkuzey.com\\\/index.php\\\/2026\\\/09\\\/03\\\/guneydogu-asyada-zehirli-duman-krizi-el-nino-orman-yanginlarini-korukluyor\\\/#breadcrumb\"},\"inLanguage\":\"tr\",\"potentialAction\":[{\"@type\":\"ReadAction\",\"target\":[\"https:\\\/\\\/haberkuzey.com\\\/index.php\\\/2026\\\/09\\\/03\\\/guneydogu-asyada-zehirli-duman-krizi-el-nino-orman-yanginlarini-korukluyor\\\/\"]}]},{\"@type\":\"ImageObject\",\"inLanguage\":\"tr\",\"@id\":\"https:\\\/\\\/haberkuzey.com\\\/index.php\\\/2026\\\/09\\\/03\\\/guneydogu-asyada-zehirli-duman-krizi-el-nino-orman-yanginlarini-korukluyor\\\/#primaryimage\",\"url\":\"https:\\\/\\\/haberkuzey.com\\\/wp-content\\\/uploads\\\/2026\\\/07\\\/sili-orman-yangini-aa-2433112.jpg\",\"contentUrl\":\"https:\\\/\\\/haberkuzey.com\\\/wp-content\\\/uploads\\\/2026\\\/07\\\/sili-orman-yangini-aa-2433112.jpg\",\"width\":1280,\"height\":720},{\"@type\":\"BreadcrumbList\",\"@id\":\"https:\\\/\\\/haberkuzey.com\\\/index.php\\\/2026\\\/09\\\/03\\\/guneydogu-asyada-zehirli-duman-krizi-el-nino-orman-yanginlarini-korukluyor\\\/#breadcrumb\",\"itemListElement\":[{\"@type\":\"ListItem\",\"position\":1,\"name\":\"Anasayfa\",\"item\":\"https:\\\/\\\/haberkuzey.com\\\/\"},{\"@type\":\"ListItem\",\"position\":2,\"name\":\"G\u00fcneydo\u011fu Asya&#8217;da zehirli duman krizi: El Nino orman yang\u0131nlar\u0131n\u0131 k\u00f6r\u00fckl\u00fcyor\"}]},{\"@type\":\"WebSite\",\"@id\":\"https:\\\/\\\/haberkuzey.com\\\/#website\",\"url\":\"https:\\\/\\\/haberkuzey.com\\\/\",\"name\":\"Haber Kuzey\",\"description\":\"Do\u011fru Haberin Adresi\",\"potentialAction\":[{\"@type\":\"SearchAction\",\"target\":{\"@type\":\"EntryPoint\",\"urlTemplate\":\"https:\\\/\\\/haberkuzey.com\\\/?s={search_term_string}\"},\"query-input\":{\"@type\":\"PropertyValueSpecification\",\"valueRequired\":true,\"valueName\":\"search_term_string\"}}],\"inLanguage\":\"tr\"},{\"@type\":\"Person\",\"@id\":\"https:\\\/\\\/haberkuzey.com\\\/#\\\/schema\\\/person\\\/3372109ec735f9333f4fa47ebb9605ca\",\"name\":\"haberkuzey\",\"image\":{\"@type\":\"ImageObject\",\"inLanguage\":\"tr\",\"@id\":\"https:\\\/\\\/secure.gravatar.com\\\/avatar\\\/f5fc875574b1575324358c3b9e6a32b8227aa5b74f3fa22e3cadb63e26fcc39c?s=96&d=mm&r=g\",\"url\":\"https:\\\/\\\/secure.gravatar.com\\\/avatar\\\/f5fc875574b1575324358c3b9e6a32b8227aa5b74f3fa22e3cadb63e26fcc39c?s=96&d=mm&r=g\",\"contentUrl\":\"https:\\\/\\\/secure.gravatar.com\\\/avatar\\\/f5fc875574b1575324358c3b9e6a32b8227aa5b74f3fa22e3cadb63e26fcc39c?s=96&d=mm&r=g\",\"caption\":\"haberkuzey\"},\"sameAs\":[\"https:\\\/\\\/haberkuzey.com\"],\"url\":\"https:\\\/\\\/haberkuzey.com\\\/index.php\\\/author\\\/haberkuzey\\\/\"}]}<\/script>\n<!-- \/ Yoast SEO plugin. -->","yoast_head_json":{"title":"G\u00fcneydo\u011fu Asya'da zehirli duman krizi: El Nino orman yang\u0131nlar\u0131n\u0131 k\u00f6r\u00fckl\u00fcyor - Haber Kuzey","robots":{"index":"index","follow":"follow","max-snippet":"max-snippet:-1","max-image-preview":"max-image-preview:large","max-video-preview":"max-video-preview:-1"},"canonical":"https:\/\/haberkuzey.com\/index.php\/2026\/09\/03\/guneydogu-asyada-zehirli-duman-krizi-el-nino-orman-yanginlarini-korukluyor\/","og_locale":"tr_TR","og_type":"article","og_title":"G\u00fcneydo\u011fu Asya'da zehirli duman krizi: El Nino orman yang\u0131nlar\u0131n\u0131 k\u00f6r\u00fckl\u00fcyor - Haber Kuzey","og_description":"&#13; Endonezya&#8217;n\u0131n Sumatra ve Borneo adalar\u0131nda temmuz ortas\u0131ndan bu yana devam eden orman yang\u0131nlar\u0131, b\u00f6lgeyi etkisi alt\u0131na alan &#8220;S\u00fcper El Nino&#8221; hava olay\u0131n\u0131n tetikledi\u011fi kurakl\u0131kla birlikte kontrolden \u00e7\u0131kt\u0131. &#13; G\u00fcnlerdir s\u00fcren yang\u0131nlar\u0131n olu\u015fturdu\u011fu yo\u011fun sis bulutu yaln\u0131zca Endonezya&#8217;y\u0131 de\u011fil; Malezya, Singapur ve Filipinler&#8217;i de etkisi alt\u0131na alarak hava kalitesini tehlikeli seviyelere d\u00fc\u015f\u00fcrd\u00fc. &#13; Milyonlarca ki\u015finin [&hellip;]","og_url":"https:\/\/haberkuzey.com\/index.php\/2026\/09\/03\/guneydogu-asyada-zehirli-duman-krizi-el-nino-orman-yanginlarini-korukluyor\/","og_site_name":"Haber Kuzey","article_published_time":"2026-09-03T14:52:04+00:00","og_image":[{"url":"https:\/\/trthaberstatic.cdn.wp.trt.com.tr\/resimler\/2432000\/sili-orman-yangini-aa-2433112.jpg","type":"","width":"","height":""}],"author":"haberkuzey","twitter_card":"summary_large_image","twitter_misc":{"Yazan:":"haberkuzey","Tahmini okuma s\u00fcresi":"3 dakika"},"schema":{"@context":"https:\/\/schema.org","@graph":[{"@type":"Article","@id":"https:\/\/haberkuzey.com\/index.php\/2026\/09\/03\/guneydogu-asyada-zehirli-duman-krizi-el-nino-orman-yanginlarini-korukluyor\/#article","isPartOf":{"@id":"https:\/\/haberkuzey.com\/index.php\/2026\/09\/03\/guneydogu-asyada-zehirli-duman-krizi-el-nino-orman-yanginlarini-korukluyor\/"},"author":{"name":"haberkuzey","@id":"https:\/\/haberkuzey.com\/#\/schema\/person\/3372109ec735f9333f4fa47ebb9605ca"},"headline":"G\u00fcneydo\u011fu Asya&#8217;da zehirli duman krizi: El Nino orman yang\u0131nlar\u0131n\u0131 k\u00f6r\u00fckl\u00fcyor","datePublished":"2026-09-03T14:52:04+00:00","mainEntityOfPage":{"@id":"https:\/\/haberkuzey.com\/index.php\/2026\/09\/03\/guneydogu-asyada-zehirli-duman-krizi-el-nino-orman-yanginlarini-korukluyor\/"},"wordCount":609,"commentCount":0,"image":{"@id":"https:\/\/haberkuzey.com\/index.php\/2026\/09\/03\/guneydogu-asyada-zehirli-duman-krizi-el-nino-orman-yanginlarini-korukluyor\/#primaryimage"},"thumbnailUrl":"https:\/\/haberkuzey.com\/wp-content\/uploads\/2026\/07\/sili-orman-yangini-aa-2433112.jpg","articleSection":["D\u00fcnya"],"inLanguage":"tr","potentialAction":[{"@type":"CommentAction","name":"Comment","target":["https:\/\/haberkuzey.com\/index.php\/2026\/09\/03\/guneydogu-asyada-zehirli-duman-krizi-el-nino-orman-yanginlarini-korukluyor\/#respond"]}]},{"@type":"WebPage","@id":"https:\/\/haberkuzey.com\/index.php\/2026\/09\/03\/guneydogu-asyada-zehirli-duman-krizi-el-nino-orman-yanginlarini-korukluyor\/","url":"https:\/\/haberkuzey.com\/index.php\/2026\/09\/03\/guneydogu-asyada-zehirli-duman-krizi-el-nino-orman-yanginlarini-korukluyor\/","name":"G\u00fcneydo\u011fu Asya'da zehirli duman krizi: El Nino orman yang\u0131nlar\u0131n\u0131 k\u00f6r\u00fckl\u00fcyor - Haber Kuzey","isPartOf":{"@id":"https:\/\/haberkuzey.com\/#website"},"primaryImageOfPage":{"@id":"https:\/\/haberkuzey.com\/index.php\/2026\/09\/03\/guneydogu-asyada-zehirli-duman-krizi-el-nino-orman-yanginlarini-korukluyor\/#primaryimage"},"image":{"@id":"https:\/\/haberkuzey.com\/index.php\/2026\/09\/03\/guneydogu-asyada-zehirli-duman-krizi-el-nino-orman-yanginlarini-korukluyor\/#primaryimage"},"thumbnailUrl":"https:\/\/haberkuzey.com\/wp-content\/uploads\/2026\/07\/sili-orman-yangini-aa-2433112.jpg","datePublished":"2026-09-03T14:52:04+00:00","author":{"@id":"https:\/\/haberkuzey.com\/#\/schema\/person\/3372109ec735f9333f4fa47ebb9605ca"},"breadcrumb":{"@id":"https:\/\/haberkuzey.com\/index.php\/2026\/09\/03\/guneydogu-asyada-zehirli-duman-krizi-el-nino-orman-yanginlarini-korukluyor\/#breadcrumb"},"inLanguage":"tr","potentialAction":[{"@type":"ReadAction","target":["https:\/\/haberkuzey.com\/index.php\/2026\/09\/03\/guneydogu-asyada-zehirli-duman-krizi-el-nino-orman-yanginlarini-korukluyor\/"]}]},{"@type":"ImageObject","inLanguage":"tr","@id":"https:\/\/haberkuzey.com\/index.php\/2026\/09\/03\/guneydogu-asyada-zehirli-duman-krizi-el-nino-orman-yanginlarini-korukluyor\/#primaryimage","url":"https:\/\/haberkuzey.com\/wp-content\/uploads\/2026\/07\/sili-orman-yangini-aa-2433112.jpg","contentUrl":"https:\/\/haberkuzey.com\/wp-content\/uploads\/2026\/07\/sili-orman-yangini-aa-2433112.jpg","width":1280,"height":720},{"@type":"BreadcrumbList","@id":"https:\/\/haberkuzey.com\/index.php\/2026\/09\/03\/guneydogu-asyada-zehirli-duman-krizi-el-nino-orman-yanginlarini-korukluyor\/#breadcrumb","itemListElement":[{"@type":"ListItem","position":1,"name":"Anasayfa","item":"https:\/\/haberkuzey.com\/"},{"@type":"ListItem","position":2,"name":"G\u00fcneydo\u011fu Asya&#8217;da zehirli duman krizi: El Nino orman yang\u0131nlar\u0131n\u0131 k\u00f6r\u00fckl\u00fcyor"}]},{"@type":"WebSite","@id":"https:\/\/haberkuzey.com\/#website","url":"https:\/\/haberkuzey.com\/","name":"Haber Kuzey","description":"Do\u011fru Haberin Adresi","potentialAction":[{"@type":"SearchAction","target":{"@type":"EntryPoint","urlTemplate":"https:\/\/haberkuzey.com\/?s={search_term_string}"},"query-input":{"@type":"PropertyValueSpecification","valueRequired":true,"valueName":"search_term_string"}}],"inLanguage":"tr"},{"@type":"Person","@id":"https:\/\/haberkuzey.com\/#\/schema\/person\/3372109ec735f9333f4fa47ebb9605ca","name":"haberkuzey","image":{"@type":"ImageObject","inLanguage":"tr","@id":"https:\/\/secure.gravatar.com\/avatar\/f5fc875574b1575324358c3b9e6a32b8227aa5b74f3fa22e3cadb63e26fcc39c?s=96&d=mm&r=g","url":"https:\/\/secure.gravatar.com\/avatar\/f5fc875574b1575324358c3b9e6a32b8227aa5b74f3fa22e3cadb63e26fcc39c?s=96&d=mm&r=g","contentUrl":"https:\/\/secure.gravatar.com\/avatar\/f5fc875574b1575324358c3b9e6a32b8227aa5b74f3fa22e3cadb63e26fcc39c?s=96&d=mm&r=g","caption":"haberkuzey"},"sameAs":["https:\/\/haberkuzey.com"],"url":"https:\/\/haberkuzey.com\/index.php\/author\/haberkuzey\/"}]}},"_links":{"self":[{"href":"https:\/\/haberkuzey.com\/index.php\/wp-json\/wp\/v2\/posts\/46415","targetHints":{"allow":["GET"]}}],"collection":[{"href":"https:\/\/haberkuzey.com\/index.php\/wp-json\/wp\/v2\/posts"}],"about":[{"href":"https:\/\/haberkuzey.com\/index.php\/wp-json\/wp\/v2\/types\/post"}],"author":[{"embeddable":true,"href":"https:\/\/haberkuzey.com\/index.php\/wp-json\/wp\/v2\/users\/1"}],"replies":[{"embeddable":true,"href":"https:\/\/haberkuzey.com\/index.php\/wp-json\/wp\/v2\/comments?post=46415"}],"version-history":[{"count":0,"href":"https:\/\/haberkuzey.com\/index.php\/wp-json\/wp\/v2\/posts\/46415\/revisions"}],"wp:featuredmedia":[{"embeddable":true,"href":"https:\/\/haberkuzey.com\/index.php\/wp-json\/wp\/v2\/media\/44583"}],"wp:attachment":[{"href":"https:\/\/haberkuzey.com\/index.php\/wp-json\/wp\/v2\/media?parent=46415"}],"wp:term":[{"taxonomy":"category","embeddable":true,"href":"https:\/\/haberkuzey.com\/index.php\/wp-json\/wp\/v2\/categories?post=46415"},{"taxonomy":"post_tag","embeddable":true,"href":"https:\/\/haberkuzey.com\/index.php\/wp-json\/wp\/v2\/tags?post=46415"}],"curies":[{"name":"wp","href":"https:\/\/api.w.org\/{rel}","templated":true}]}}