{"id":46414,"date":"2026-09-03T16:51:03","date_gmt":"2026-09-03T13:51:03","guid":{"rendered":"https:\/\/haberkuzey.com\/index.php\/2026\/09\/03\/putin-rusya-ile-ukrayna-arasinda-anlasmaya-varilmasi-icin-sans-oldugunu-soyledi\/"},"modified":"2026-09-03T16:51:03","modified_gmt":"2026-09-03T13:51:03","slug":"putin-rusya-ile-ukrayna-arasinda-anlasmaya-varilmasi-icin-sans-oldugunu-soyledi","status":"publish","type":"post","link":"https:\/\/haberkuzey.com\/index.php\/2026\/09\/03\/putin-rusya-ile-ukrayna-arasinda-anlasmaya-varilmasi-icin-sans-oldugunu-soyledi\/","title":{"rendered":"Putin, Rusya ile Ukrayna aras\u0131nda anla\u015fmaya var\u0131lmas\u0131 i\u00e7in \u015fans oldu\u011funu s\u00f6yledi"},"content":{"rendered":"<p><\/p>\n<div>\n<p>&#13;<br \/>\n\tPutin, Vladivostok kentinde d\u00fczenlenen 11. Do\u011fu Ekonomi Forumu&#8217;nun genel oturumuna kat\u0131ld\u0131.<\/p>\n<p>&#13;<br \/>\n\tOturumda, Endonezya Cumhurba\u015fkan\u0131 Prabowo Subianto&#8217;nun yan\u0131 s\u0131ra Mo\u011folistan Ba\u015fbakan\u0131 Nyam-Osoryn Uchral, Myanmar Devlet Ba\u015fkan\u0131 Yard\u0131mc\u0131s\u0131 Nyo Saw, \u00c7in Ba\u015fbakan Yard\u0131mc\u0131s\u0131 Ding \u015e\u00fce\u015fiang da yer ald\u0131.<\/p>\n<p>&#13;<br \/>\n\tForumda konu\u015fan Putin, ABD&#8217;nin, Ukrayna krizinin \u00e7\u00f6z\u00fclmesinin ard\u0131ndan Rusya ile ili\u015fkilere odaklanaca\u011f\u0131na dikkati \u00e7ekerek, \u015funlar\u0131 kaydetti:<\/p>\n<p>&#13;<br \/>\n\t&#8220;Rusya ve Ukrayna\u2019n\u0131n kendi aralar\u0131nda anla\u015fmaya varmas\u0131 gerekiyor. ABD ve \u00c7in dahil di\u011fer \u00fclkeler ise bu s\u00fcreci desteklemeye haz\u0131r. Nihayetinde sorun, \u00e7at\u0131\u015fman\u0131n taraflar\u0131 aras\u0131nda \u00e7\u00f6z\u00fclmeli. Bunlar da Rusya ve Ukrayna\u2019d\u0131r. Bunun do\u011fru bir yakla\u015f\u0131m oldu\u011funa inan\u0131yoruz. Meselenin \u00e7\u00f6z\u00fcm\u00fcne katk\u0131 sa\u011flamaya \u00e7al\u0131\u015fan herkese te\u015fekk\u00fcr ediyoruz. Peki, \u00e7\u00f6z\u00fcm i\u00e7in bir \u015fans var m\u0131? Bence var.&#8221;<\/p>\n<p>&#13;<br \/>\n\tPutin, Ukrayna Devlet Ba\u015fkan\u0131 Volodimir Zelenski&#8217;nin Rus sivil havac\u0131l\u0131\u011f\u0131na y\u00f6nelik tehditte bulundu\u011funa i\u015faret ederek, &#8220;Bu, devlet ter\u00f6r\u00fcn\u00fcn tezah\u00fcr\u00fc. Bu, bar\u0131\u015f g\u00f6r\u00fc\u015fmelerinin y\u00fcr\u00fct\u00fclmesi imkanlar\u0131n\u0131 zorla\u015ft\u0131r\u0131yor. Buna sessiz kalan Ukrayna\u2019n\u0131n Bat\u0131l\u0131 m\u00fcttefikleri, uluslararas\u0131 ter\u00f6rizmin su\u00e7 ortaklar\u0131 oluyor.&#8221; de\u011ferlendirmesinde bulundu.<\/p>\n<p>&#13;<br \/>\n\tABD taraf\u0131yla temaslar\u0131n s\u00fcrd\u00fc\u011f\u00fcn\u00fc dile getiren Putin, &#8220;Bu temaslar\u0131n s\u00fcrece\u011fini umuyorum. ABD ile tam formatl\u0131 ili\u015fkilerin yeniden tesis edilmesinden yanay\u0131z ancak bu, sadece bize de\u011fil, Amerikan taraf\u0131na da ba\u011fl\u0131. Trump, bu konuda ilgili. Bunun olumlu sonu\u00e7lara yol a\u00e7aca\u011f\u0131n\u0131 umuyorum.&#8221; ifadelerini kulland\u0131.<\/p>\n<p>&#13;<br \/>\n\tVladimir Putin, Ukrayna taraf\u0131yla da istihbarat servisleri \u00fczerinden temaslar\u0131n s\u00fcrd\u00fcr\u00fcld\u00fc\u011f\u00fcn\u00fc kaydetti.<\/p>\n<h2>&#13;<br \/>\n\t&#8220;Seferberlik gerektirecek herhangi bir senaryo s\u00f6z konusu de\u011fil&#8221;<\/h2>\n<p>&#13;<br \/>\n\tUkrayna ordusunun, Rusya&#8217;daki sivil altyap\u0131ya y\u00f6nelik sald\u0131r\u0131lar d\u00fczenledi\u011fini dile getiren Putin, buna kar\u015f\u0131l\u0131k verdiklerini belirterek, &#8220;Bu, Pandora&#8217;n\u0131n kutusunu a\u00e7anlar a\u00e7\u0131s\u0131ndan olduk\u00e7a \u00f6nemli bir sonu\u00e7 ortaya \u00e7\u0131kard\u0131.&#8221; dedi.<\/p>\n<p>&#13;<br \/>\n\t\u00dclkesinde vurulan petrol rafinerilerinin onar\u0131lmas\u0131na y\u00f6nelik \u00e7al\u0131\u015fmalar\u0131n s\u00fcrd\u00fc\u011f\u00fc bilgisini payla\u015fan Putin, onar\u0131m \u00e7al\u0131\u015fmalar\u0131n\u0131n y\u00fczde 10\u2019luk k\u0131sm\u0131n\u0131n kald\u0131\u011f\u0131n\u0131 kaydetti.<\/p>\n<p>&#13;<br \/>\n\tPutin, Rusya&#8217;daki yak\u0131t sorunuyla ilgili ise &#8220;Her \u015feye haz\u0131r olmal\u0131y\u0131z.&#8221; ifadesini kulland\u0131.<\/p>\n<p>&#13;<br \/>\n\tRusya&#8217;da yeni bir seferberlik dalgas\u0131 ba\u015flat\u0131laca\u011f\u0131 y\u00f6n\u00fcndeki iddialar\u0131 yalanlayan Putin, bunun Rus parlamentosunun alt kanad\u0131 Devlet Dumas\u0131 milletvekili se\u00e7imleri \u00f6ncesi &#8220;bilgi sald\u0131r\u0131s\u0131&#8221; oldu\u011funu vurgulad\u0131.<\/p>\n<p>&#13;<br \/>\n\tPutin, &#8220;Seferberlik gerektirecek herhangi bir senaryo s\u00f6z konusu de\u011fil. Askeri personel say\u0131m\u0131z a\u00e7\u0131s\u0131ndan herhangi bir s\u0131k\u0131nt\u0131m\u0131z yok.&#8221; \u015feklinde konu\u015ftu.<\/p>\n<p>&#13;<br \/>\n\tAlmanya\u2019n\u0131n Leipzig-Halle Havaliman\u0131&#8217;nda patlay\u0131c\u0131 y\u00fckl\u00fc \u0130HA bulundu\u011fu gerek\u00e7esiyle Rusya\u2019n\u0131n Bonn Ba\u015fkonsoloslu\u011funu kapatma karar\u0131 ald\u0131\u011f\u0131n\u0131 an\u0131msatan Putin, &#8220;Almanya, fobileri nedeniyle Rus ve Alman vatanda\u015flar\u0131n\u0131, konsolosluk ve k\u00fclt\u00fcr hizmetlerine eri\u015fimden mahrum b\u0131rakt\u0131. Berlin B\u00fcy\u00fckel\u00e7ili\u011fimiz, vize, pasaport ve noter i\u015flemleri konusunda g\u00f6rev \u00fcstlenecek.&#8221; dedi.<\/p>\n<\/p><\/div>\n","protected":false},"excerpt":{"rendered":"<p>&#13; Putin, Vladivostok kentinde d\u00fczenlenen 11. Do\u011fu Ekonomi Forumu&#8217;nun genel oturumuna kat\u0131ld\u0131. &#13; Oturumda, Endonezya Cumhurba\u015fkan\u0131 Prabowo Subianto&#8217;nun yan\u0131 s\u0131ra Mo\u011folistan Ba\u015fbakan\u0131 Nyam-Osoryn Uchral, Myanmar Devlet Ba\u015fkan\u0131 Yard\u0131mc\u0131s\u0131 Nyo Saw, \u00c7in Ba\u015fbakan Yard\u0131mc\u0131s\u0131 Ding \u015e\u00fce\u015fiang da yer ald\u0131. &#13; Forumda konu\u015fan Putin, ABD&#8217;nin, Ukrayna krizinin \u00e7\u00f6z\u00fclmesinin ard\u0131ndan Rusya ile ili\u015fkilere odaklanaca\u011f\u0131na dikkati \u00e7ekerek, \u015funlar\u0131 kaydetti: [&hellip;]<\/p>\n","protected":false},"author":1,"featured_media":45332,"comment_status":"open","ping_status":"open","sticky":false,"template":"","format":"standard","meta":{"jnews-multi-image_gallery":[],"jnews_single_post":[],"jnews_primary_category":[],"footnotes":""},"categories":[2],"tags":[],"class_list":["post-46414","post","type-post","status-publish","format-standard","has-post-thumbnail","hentry","category-dunya"],"yoast_head":"<!-- This site is optimized with the Yoast SEO plugin v28.4 - https:\/\/yoast.com\/product\/yoast-seo-wordpress\/ -->\n<title>Putin, Rusya ile Ukrayna aras\u0131nda anla\u015fmaya var\u0131lmas\u0131 i\u00e7in \u015fans oldu\u011funu s\u00f6yledi - Haber Kuzey<\/title>\n<meta name=\"robots\" content=\"index, follow, max-snippet:-1, max-image-preview:large, max-video-preview:-1\" \/>\n<link rel=\"canonical\" href=\"https:\/\/haberkuzey.com\/index.php\/2026\/09\/03\/putin-rusya-ile-ukrayna-arasinda-anlasmaya-varilmasi-icin-sans-oldugunu-soyledi\/\" \/>\n<meta property=\"og:locale\" content=\"tr_TR\" \/>\n<meta property=\"og:type\" content=\"article\" \/>\n<meta property=\"og:title\" content=\"Putin, Rusya ile Ukrayna aras\u0131nda anla\u015fmaya var\u0131lmas\u0131 i\u00e7in \u015fans oldu\u011funu s\u00f6yledi - Haber Kuzey\" \/>\n<meta property=\"og:description\" content=\"&#013; Putin, Vladivostok kentinde d\u00fczenlenen 11. Do\u011fu Ekonomi Forumu&#8217;nun genel oturumuna kat\u0131ld\u0131. &#013; Oturumda, Endonezya Cumhurba\u015fkan\u0131 Prabowo Subianto&#8217;nun yan\u0131 s\u0131ra Mo\u011folistan Ba\u015fbakan\u0131 Nyam-Osoryn Uchral, Myanmar Devlet Ba\u015fkan\u0131 Yard\u0131mc\u0131s\u0131 Nyo Saw, \u00c7in Ba\u015fbakan Yard\u0131mc\u0131s\u0131 Ding \u015e\u00fce\u015fiang da yer ald\u0131. &#013; Forumda konu\u015fan Putin, ABD&#8217;nin, Ukrayna krizinin \u00e7\u00f6z\u00fclmesinin ard\u0131ndan Rusya ile ili\u015fkilere odaklanaca\u011f\u0131na dikkati \u00e7ekerek, \u015funlar\u0131 kaydetti: [&hellip;]\" \/>\n<meta property=\"og:url\" content=\"https:\/\/haberkuzey.com\/index.php\/2026\/09\/03\/putin-rusya-ile-ukrayna-arasinda-anlasmaya-varilmasi-icin-sans-oldugunu-soyledi\/\" \/>\n<meta property=\"og:site_name\" content=\"Haber Kuzey\" \/>\n<meta property=\"article:published_time\" content=\"2026-09-03T13:51:03+00:00\" \/>\n<meta property=\"og:image\" content=\"https:\/\/trthaberstatic.cdn.wp.trt.com.tr\/resimler\/2478000\/putinaa-2478317.jpg\" \/>\n<meta name=\"author\" content=\"haberkuzey\" \/>\n<meta name=\"twitter:card\" content=\"summary_large_image\" \/>\n<meta name=\"twitter:label1\" content=\"Yazan:\" \/>\n\t<meta name=\"twitter:data1\" content=\"haberkuzey\" \/>\n\t<meta name=\"twitter:label2\" content=\"Tahmini okuma s\u00fcresi\" \/>\n\t<meta name=\"twitter:data2\" content=\"3 dakika\" \/>\n<script type=\"application\/ld+json\" class=\"yoast-schema-graph\">{\"@context\":\"https:\\\/\\\/schema.org\",\"@graph\":[{\"@type\":\"Article\",\"@id\":\"https:\\\/\\\/haberkuzey.com\\\/index.php\\\/2026\\\/09\\\/03\\\/putin-rusya-ile-ukrayna-arasinda-anlasmaya-varilmasi-icin-sans-oldugunu-soyledi\\\/#article\",\"isPartOf\":{\"@id\":\"https:\\\/\\\/haberkuzey.com\\\/index.php\\\/2026\\\/09\\\/03\\\/putin-rusya-ile-ukrayna-arasinda-anlasmaya-varilmasi-icin-sans-oldugunu-soyledi\\\/\"},\"author\":{\"name\":\"haberkuzey\",\"@id\":\"https:\\\/\\\/haberkuzey.com\\\/#\\\/schema\\\/person\\\/3372109ec735f9333f4fa47ebb9605ca\"},\"headline\":\"Putin, Rusya ile Ukrayna aras\u0131nda anla\u015fmaya var\u0131lmas\u0131 i\u00e7in \u015fans oldu\u011funu s\u00f6yledi\",\"datePublished\":\"2026-09-03T13:51:03+00:00\",\"mainEntityOfPage\":{\"@id\":\"https:\\\/\\\/haberkuzey.com\\\/index.php\\\/2026\\\/09\\\/03\\\/putin-rusya-ile-ukrayna-arasinda-anlasmaya-varilmasi-icin-sans-oldugunu-soyledi\\\/\"},\"wordCount\":536,\"commentCount\":0,\"image\":{\"@id\":\"https:\\\/\\\/haberkuzey.com\\\/index.php\\\/2026\\\/09\\\/03\\\/putin-rusya-ile-ukrayna-arasinda-anlasmaya-varilmasi-icin-sans-oldugunu-soyledi\\\/#primaryimage\"},\"thumbnailUrl\":\"https:\\\/\\\/haberkuzey.com\\\/wp-content\\\/uploads\\\/2026\\\/07\\\/putinaa-2478317.jpg\",\"articleSection\":[\"D\u00fcnya\"],\"inLanguage\":\"tr\",\"potentialAction\":[{\"@type\":\"CommentAction\",\"name\":\"Comment\",\"target\":[\"https:\\\/\\\/haberkuzey.com\\\/index.php\\\/2026\\\/09\\\/03\\\/putin-rusya-ile-ukrayna-arasinda-anlasmaya-varilmasi-icin-sans-oldugunu-soyledi\\\/#respond\"]}]},{\"@type\":\"WebPage\",\"@id\":\"https:\\\/\\\/haberkuzey.com\\\/index.php\\\/2026\\\/09\\\/03\\\/putin-rusya-ile-ukrayna-arasinda-anlasmaya-varilmasi-icin-sans-oldugunu-soyledi\\\/\",\"url\":\"https:\\\/\\\/haberkuzey.com\\\/index.php\\\/2026\\\/09\\\/03\\\/putin-rusya-ile-ukrayna-arasinda-anlasmaya-varilmasi-icin-sans-oldugunu-soyledi\\\/\",\"name\":\"Putin, Rusya ile Ukrayna aras\u0131nda anla\u015fmaya var\u0131lmas\u0131 i\u00e7in \u015fans oldu\u011funu s\u00f6yledi - Haber Kuzey\",\"isPartOf\":{\"@id\":\"https:\\\/\\\/haberkuzey.com\\\/#website\"},\"primaryImageOfPage\":{\"@id\":\"https:\\\/\\\/haberkuzey.com\\\/index.php\\\/2026\\\/09\\\/03\\\/putin-rusya-ile-ukrayna-arasinda-anlasmaya-varilmasi-icin-sans-oldugunu-soyledi\\\/#primaryimage\"},\"image\":{\"@id\":\"https:\\\/\\\/haberkuzey.com\\\/index.php\\\/2026\\\/09\\\/03\\\/putin-rusya-ile-ukrayna-arasinda-anlasmaya-varilmasi-icin-sans-oldugunu-soyledi\\\/#primaryimage\"},\"thumbnailUrl\":\"https:\\\/\\\/haberkuzey.com\\\/wp-content\\\/uploads\\\/2026\\\/07\\\/putinaa-2478317.jpg\",\"datePublished\":\"2026-09-03T13:51:03+00:00\",\"author\":{\"@id\":\"https:\\\/\\\/haberkuzey.com\\\/#\\\/schema\\\/person\\\/3372109ec735f9333f4fa47ebb9605ca\"},\"breadcrumb\":{\"@id\":\"https:\\\/\\\/haberkuzey.com\\\/index.php\\\/2026\\\/09\\\/03\\\/putin-rusya-ile-ukrayna-arasinda-anlasmaya-varilmasi-icin-sans-oldugunu-soyledi\\\/#breadcrumb\"},\"inLanguage\":\"tr\",\"potentialAction\":[{\"@type\":\"ReadAction\",\"target\":[\"https:\\\/\\\/haberkuzey.com\\\/index.php\\\/2026\\\/09\\\/03\\\/putin-rusya-ile-ukrayna-arasinda-anlasmaya-varilmasi-icin-sans-oldugunu-soyledi\\\/\"]}]},{\"@type\":\"ImageObject\",\"inLanguage\":\"tr\",\"@id\":\"https:\\\/\\\/haberkuzey.com\\\/index.php\\\/2026\\\/09\\\/03\\\/putin-rusya-ile-ukrayna-arasinda-anlasmaya-varilmasi-icin-sans-oldugunu-soyledi\\\/#primaryimage\",\"url\":\"https:\\\/\\\/haberkuzey.com\\\/wp-content\\\/uploads\\\/2026\\\/07\\\/putinaa-2478317.jpg\",\"contentUrl\":\"https:\\\/\\\/haberkuzey.com\\\/wp-content\\\/uploads\\\/2026\\\/07\\\/putinaa-2478317.jpg\",\"width\":1280,\"height\":720},{\"@type\":\"BreadcrumbList\",\"@id\":\"https:\\\/\\\/haberkuzey.com\\\/index.php\\\/2026\\\/09\\\/03\\\/putin-rusya-ile-ukrayna-arasinda-anlasmaya-varilmasi-icin-sans-oldugunu-soyledi\\\/#breadcrumb\",\"itemListElement\":[{\"@type\":\"ListItem\",\"position\":1,\"name\":\"Anasayfa\",\"item\":\"https:\\\/\\\/haberkuzey.com\\\/\"},{\"@type\":\"ListItem\",\"position\":2,\"name\":\"Putin, Rusya ile Ukrayna aras\u0131nda anla\u015fmaya var\u0131lmas\u0131 i\u00e7in \u015fans oldu\u011funu s\u00f6yledi\"}]},{\"@type\":\"WebSite\",\"@id\":\"https:\\\/\\\/haberkuzey.com\\\/#website\",\"url\":\"https:\\\/\\\/haberkuzey.com\\\/\",\"name\":\"Haber Kuzey\",\"description\":\"Do\u011fru Haberin Adresi\",\"potentialAction\":[{\"@type\":\"SearchAction\",\"target\":{\"@type\":\"EntryPoint\",\"urlTemplate\":\"https:\\\/\\\/haberkuzey.com\\\/?s={search_term_string}\"},\"query-input\":{\"@type\":\"PropertyValueSpecification\",\"valueRequired\":true,\"valueName\":\"search_term_string\"}}],\"inLanguage\":\"tr\"},{\"@type\":\"Person\",\"@id\":\"https:\\\/\\\/haberkuzey.com\\\/#\\\/schema\\\/person\\\/3372109ec735f9333f4fa47ebb9605ca\",\"name\":\"haberkuzey\",\"image\":{\"@type\":\"ImageObject\",\"inLanguage\":\"tr\",\"@id\":\"https:\\\/\\\/secure.gravatar.com\\\/avatar\\\/f5fc875574b1575324358c3b9e6a32b8227aa5b74f3fa22e3cadb63e26fcc39c?s=96&d=mm&r=g\",\"url\":\"https:\\\/\\\/secure.gravatar.com\\\/avatar\\\/f5fc875574b1575324358c3b9e6a32b8227aa5b74f3fa22e3cadb63e26fcc39c?s=96&d=mm&r=g\",\"contentUrl\":\"https:\\\/\\\/secure.gravatar.com\\\/avatar\\\/f5fc875574b1575324358c3b9e6a32b8227aa5b74f3fa22e3cadb63e26fcc39c?s=96&d=mm&r=g\",\"caption\":\"haberkuzey\"},\"sameAs\":[\"https:\\\/\\\/haberkuzey.com\"],\"url\":\"https:\\\/\\\/haberkuzey.com\\\/index.php\\\/author\\\/haberkuzey\\\/\"}]}<\/script>\n<!-- \/ Yoast SEO plugin. -->","yoast_head_json":{"title":"Putin, Rusya ile Ukrayna aras\u0131nda anla\u015fmaya var\u0131lmas\u0131 i\u00e7in \u015fans oldu\u011funu s\u00f6yledi - Haber Kuzey","robots":{"index":"index","follow":"follow","max-snippet":"max-snippet:-1","max-image-preview":"max-image-preview:large","max-video-preview":"max-video-preview:-1"},"canonical":"https:\/\/haberkuzey.com\/index.php\/2026\/09\/03\/putin-rusya-ile-ukrayna-arasinda-anlasmaya-varilmasi-icin-sans-oldugunu-soyledi\/","og_locale":"tr_TR","og_type":"article","og_title":"Putin, Rusya ile Ukrayna aras\u0131nda anla\u015fmaya var\u0131lmas\u0131 i\u00e7in \u015fans oldu\u011funu s\u00f6yledi - Haber Kuzey","og_description":"&#13; Putin, Vladivostok kentinde d\u00fczenlenen 11. Do\u011fu Ekonomi Forumu&#8217;nun genel oturumuna kat\u0131ld\u0131. &#13; Oturumda, Endonezya Cumhurba\u015fkan\u0131 Prabowo Subianto&#8217;nun yan\u0131 s\u0131ra Mo\u011folistan Ba\u015fbakan\u0131 Nyam-Osoryn Uchral, Myanmar Devlet Ba\u015fkan\u0131 Yard\u0131mc\u0131s\u0131 Nyo Saw, \u00c7in Ba\u015fbakan Yard\u0131mc\u0131s\u0131 Ding \u015e\u00fce\u015fiang da yer ald\u0131. &#13; Forumda konu\u015fan Putin, ABD&#8217;nin, Ukrayna krizinin \u00e7\u00f6z\u00fclmesinin ard\u0131ndan Rusya ile ili\u015fkilere odaklanaca\u011f\u0131na dikkati \u00e7ekerek, \u015funlar\u0131 kaydetti: [&hellip;]","og_url":"https:\/\/haberkuzey.com\/index.php\/2026\/09\/03\/putin-rusya-ile-ukrayna-arasinda-anlasmaya-varilmasi-icin-sans-oldugunu-soyledi\/","og_site_name":"Haber Kuzey","article_published_time":"2026-09-03T13:51:03+00:00","og_image":[{"url":"https:\/\/trthaberstatic.cdn.wp.trt.com.tr\/resimler\/2478000\/putinaa-2478317.jpg","type":"","width":"","height":""}],"author":"haberkuzey","twitter_card":"summary_large_image","twitter_misc":{"Yazan:":"haberkuzey","Tahmini okuma s\u00fcresi":"3 dakika"},"schema":{"@context":"https:\/\/schema.org","@graph":[{"@type":"Article","@id":"https:\/\/haberkuzey.com\/index.php\/2026\/09\/03\/putin-rusya-ile-ukrayna-arasinda-anlasmaya-varilmasi-icin-sans-oldugunu-soyledi\/#article","isPartOf":{"@id":"https:\/\/haberkuzey.com\/index.php\/2026\/09\/03\/putin-rusya-ile-ukrayna-arasinda-anlasmaya-varilmasi-icin-sans-oldugunu-soyledi\/"},"author":{"name":"haberkuzey","@id":"https:\/\/haberkuzey.com\/#\/schema\/person\/3372109ec735f9333f4fa47ebb9605ca"},"headline":"Putin, Rusya ile Ukrayna aras\u0131nda anla\u015fmaya var\u0131lmas\u0131 i\u00e7in \u015fans oldu\u011funu s\u00f6yledi","datePublished":"2026-09-03T13:51:03+00:00","mainEntityOfPage":{"@id":"https:\/\/haberkuzey.com\/index.php\/2026\/09\/03\/putin-rusya-ile-ukrayna-arasinda-anlasmaya-varilmasi-icin-sans-oldugunu-soyledi\/"},"wordCount":536,"commentCount":0,"image":{"@id":"https:\/\/haberkuzey.com\/index.php\/2026\/09\/03\/putin-rusya-ile-ukrayna-arasinda-anlasmaya-varilmasi-icin-sans-oldugunu-soyledi\/#primaryimage"},"thumbnailUrl":"https:\/\/haberkuzey.com\/wp-content\/uploads\/2026\/07\/putinaa-2478317.jpg","articleSection":["D\u00fcnya"],"inLanguage":"tr","potentialAction":[{"@type":"CommentAction","name":"Comment","target":["https:\/\/haberkuzey.com\/index.php\/2026\/09\/03\/putin-rusya-ile-ukrayna-arasinda-anlasmaya-varilmasi-icin-sans-oldugunu-soyledi\/#respond"]}]},{"@type":"WebPage","@id":"https:\/\/haberkuzey.com\/index.php\/2026\/09\/03\/putin-rusya-ile-ukrayna-arasinda-anlasmaya-varilmasi-icin-sans-oldugunu-soyledi\/","url":"https:\/\/haberkuzey.com\/index.php\/2026\/09\/03\/putin-rusya-ile-ukrayna-arasinda-anlasmaya-varilmasi-icin-sans-oldugunu-soyledi\/","name":"Putin, Rusya ile Ukrayna aras\u0131nda anla\u015fmaya var\u0131lmas\u0131 i\u00e7in \u015fans oldu\u011funu s\u00f6yledi - Haber Kuzey","isPartOf":{"@id":"https:\/\/haberkuzey.com\/#website"},"primaryImageOfPage":{"@id":"https:\/\/haberkuzey.com\/index.php\/2026\/09\/03\/putin-rusya-ile-ukrayna-arasinda-anlasmaya-varilmasi-icin-sans-oldugunu-soyledi\/#primaryimage"},"image":{"@id":"https:\/\/haberkuzey.com\/index.php\/2026\/09\/03\/putin-rusya-ile-ukrayna-arasinda-anlasmaya-varilmasi-icin-sans-oldugunu-soyledi\/#primaryimage"},"thumbnailUrl":"https:\/\/haberkuzey.com\/wp-content\/uploads\/2026\/07\/putinaa-2478317.jpg","datePublished":"2026-09-03T13:51:03+00:00","author":{"@id":"https:\/\/haberkuzey.com\/#\/schema\/person\/3372109ec735f9333f4fa47ebb9605ca"},"breadcrumb":{"@id":"https:\/\/haberkuzey.com\/index.php\/2026\/09\/03\/putin-rusya-ile-ukrayna-arasinda-anlasmaya-varilmasi-icin-sans-oldugunu-soyledi\/#breadcrumb"},"inLanguage":"tr","potentialAction":[{"@type":"ReadAction","target":["https:\/\/haberkuzey.com\/index.php\/2026\/09\/03\/putin-rusya-ile-ukrayna-arasinda-anlasmaya-varilmasi-icin-sans-oldugunu-soyledi\/"]}]},{"@type":"ImageObject","inLanguage":"tr","@id":"https:\/\/haberkuzey.com\/index.php\/2026\/09\/03\/putin-rusya-ile-ukrayna-arasinda-anlasmaya-varilmasi-icin-sans-oldugunu-soyledi\/#primaryimage","url":"https:\/\/haberkuzey.com\/wp-content\/uploads\/2026\/07\/putinaa-2478317.jpg","contentUrl":"https:\/\/haberkuzey.com\/wp-content\/uploads\/2026\/07\/putinaa-2478317.jpg","width":1280,"height":720},{"@type":"BreadcrumbList","@id":"https:\/\/haberkuzey.com\/index.php\/2026\/09\/03\/putin-rusya-ile-ukrayna-arasinda-anlasmaya-varilmasi-icin-sans-oldugunu-soyledi\/#breadcrumb","itemListElement":[{"@type":"ListItem","position":1,"name":"Anasayfa","item":"https:\/\/haberkuzey.com\/"},{"@type":"ListItem","position":2,"name":"Putin, Rusya ile Ukrayna aras\u0131nda anla\u015fmaya var\u0131lmas\u0131 i\u00e7in \u015fans oldu\u011funu s\u00f6yledi"}]},{"@type":"WebSite","@id":"https:\/\/haberkuzey.com\/#website","url":"https:\/\/haberkuzey.com\/","name":"Haber Kuzey","description":"Do\u011fru Haberin Adresi","potentialAction":[{"@type":"SearchAction","target":{"@type":"EntryPoint","urlTemplate":"https:\/\/haberkuzey.com\/?s={search_term_string}"},"query-input":{"@type":"PropertyValueSpecification","valueRequired":true,"valueName":"search_term_string"}}],"inLanguage":"tr"},{"@type":"Person","@id":"https:\/\/haberkuzey.com\/#\/schema\/person\/3372109ec735f9333f4fa47ebb9605ca","name":"haberkuzey","image":{"@type":"ImageObject","inLanguage":"tr","@id":"https:\/\/secure.gravatar.com\/avatar\/f5fc875574b1575324358c3b9e6a32b8227aa5b74f3fa22e3cadb63e26fcc39c?s=96&d=mm&r=g","url":"https:\/\/secure.gravatar.com\/avatar\/f5fc875574b1575324358c3b9e6a32b8227aa5b74f3fa22e3cadb63e26fcc39c?s=96&d=mm&r=g","contentUrl":"https:\/\/secure.gravatar.com\/avatar\/f5fc875574b1575324358c3b9e6a32b8227aa5b74f3fa22e3cadb63e26fcc39c?s=96&d=mm&r=g","caption":"haberkuzey"},"sameAs":["https:\/\/haberkuzey.com"],"url":"https:\/\/haberkuzey.com\/index.php\/author\/haberkuzey\/"}]}},"_links":{"self":[{"href":"https:\/\/haberkuzey.com\/index.php\/wp-json\/wp\/v2\/posts\/46414","targetHints":{"allow":["GET"]}}],"collection":[{"href":"https:\/\/haberkuzey.com\/index.php\/wp-json\/wp\/v2\/posts"}],"about":[{"href":"https:\/\/haberkuzey.com\/index.php\/wp-json\/wp\/v2\/types\/post"}],"author":[{"embeddable":true,"href":"https:\/\/haberkuzey.com\/index.php\/wp-json\/wp\/v2\/users\/1"}],"replies":[{"embeddable":true,"href":"https:\/\/haberkuzey.com\/index.php\/wp-json\/wp\/v2\/comments?post=46414"}],"version-history":[{"count":0,"href":"https:\/\/haberkuzey.com\/index.php\/wp-json\/wp\/v2\/posts\/46414\/revisions"}],"wp:featuredmedia":[{"embeddable":true,"href":"https:\/\/haberkuzey.com\/index.php\/wp-json\/wp\/v2\/media\/45332"}],"wp:attachment":[{"href":"https:\/\/haberkuzey.com\/index.php\/wp-json\/wp\/v2\/media?parent=46414"}],"wp:term":[{"taxonomy":"category","embeddable":true,"href":"https:\/\/haberkuzey.com\/index.php\/wp-json\/wp\/v2\/categories?post=46414"},{"taxonomy":"post_tag","embeddable":true,"href":"https:\/\/haberkuzey.com\/index.php\/wp-json\/wp\/v2\/tags?post=46414"}],"curies":[{"name":"wp","href":"https:\/\/api.w.org\/{rel}","templated":true}]}}