{"id":46411,"date":"2026-09-03T14:49:03","date_gmt":"2026-09-03T11:49:03","guid":{"rendered":"https:\/\/haberkuzey.com\/index.php\/2026\/09\/03\/yunan-basini-mekke-anlasmasini-yazdi-ankara-jeopolitik-gucunu-artiriyor\/"},"modified":"2026-09-03T14:49:03","modified_gmt":"2026-09-03T11:49:03","slug":"yunan-basini-mekke-anlasmasini-yazdi-ankara-jeopolitik-gucunu-artiriyor","status":"publish","type":"post","link":"https:\/\/haberkuzey.com\/index.php\/2026\/09\/03\/yunan-basini-mekke-anlasmasini-yazdi-ankara-jeopolitik-gucunu-artiriyor\/","title":{"rendered":"Yunan bas\u0131n\u0131 Mekke Anla\u015fmas\u0131&#8217;n\u0131 yazd\u0131: Ankara jeopolitik g\u00fcc\u00fcn\u00fc art\u0131r\u0131yor"},"content":{"rendered":"<p><\/p>\n<div>\n<p>&#13;<br \/>\n\tMekke Ortak Savunma Anla\u015fmas\u0131 kapsam\u0131nda kurulan Stratejik Siyasi ve Savunma Komitesinin ilk toplant\u0131s\u0131 \u0130stanbul\u2019da yap\u0131ld\u0131. Toplant\u0131 sonras\u0131 al\u0131nan kararlar Atina\u2019da g\u00fcndem oldu. Yunan bas\u0131n\u0131, toplant\u0131ya geni\u015f yer ay\u0131rd\u0131. Yap\u0131lan haberlerde T\u00fcrkiye\u2019nin kurucu ve merkez \u00fclke oldu\u011fu ifade edildi.<\/p>\n<p>&#13;<br \/>\n\tEski Yunanistan Genelkurmay Ba\u015fkan\u0131 Konstantinos Ziazias, verdi\u011fi r\u00f6portajda, Ankara\u2019n\u0131n jeopolitik g\u00fcc\u00fcn\u00fc ve b\u00f6lgesel a\u011f\u0131rl\u0131\u011f\u0131n\u0131 art\u0131rd\u0131\u011f\u0131n\u0131 belirtti. Atina\u2019n\u0131n, T\u00fcrkiye\u2019nin \u015fekillendirdi\u011fi yeni dengeleri dikkate almak zorunda oldu\u011funu s\u00f6yledi.<\/p>\n<h2>&#13;<br \/>\n\t\u201c\u0130stanbul\u2019daki toplant\u0131 ile Mekke Savunma \u0130ttifak\u0131 ivme kazand\u0131\u201d<\/h2>\n<p>&#13;<br \/>\n\tPentapostagma gazetesi, Mekke Anla\u015fmas\u0131\u2019n\u0131n \u0130stanbul\u2019daki toplant\u0131 ile b\u00fcy\u00fck ivme kazand\u0131\u011f\u0131n\u0131 ve somutla\u015ft\u0131\u011f\u0131n\u0131 yazd\u0131. \u00dc\u00e7 \u00fclkenin savunma sanayii alan\u0131nda i\u015f birli\u011fi i\u00e7inde oldu\u011fu belirtildi. Bu sayede ortak teknoloji geli\u015ftirme ve \u00fcretimi de dahil olmak \u00fczere savunma kapasitelerini ve askeri uyumlar\u0131n\u0131 g\u00fc\u00e7lendirecekleri yorumu yap\u0131ld\u0131.<\/p>\n<p>&#13;<br \/>\n\tKathimerini gazetesi ise D\u0131\u015fi\u015fleri Bakan\u0131 Hakan Fidan&#8217;\u0131n anla\u015fmayla ilgili a\u00e7\u0131klamalar\u0131na yer verdi. Anla\u015fmaya di\u011fer \u00fclkelerin de dahil edilmesiyle ilgili yol haritas\u0131ndan bahsetti.<\/p>\n<p>&#13;<br \/>\n\tSLPress haber analiz sitesi, \u201cBu \u00fc\u00e7l\u00fcye kimler eklenecek?\u201d diye sordu. Bu anla\u015fmayla beraber, e\u011fer T\u00fcrkiye ile Yunanistan aras\u0131nda bir gerilim ya\u015fan\u0131rsa, Yunanistan\u2019\u0131n anla\u015fma orta\u011f\u0131 di\u011fer \u00fclkeleri de kar\u015f\u0131s\u0131nda bulaca\u011f\u0131n\u0131n alt\u0131n\u0131 \u00e7izdi.<\/p>\n<\/p><\/div>\n","protected":false},"excerpt":{"rendered":"<p>&#13; Mekke Ortak Savunma Anla\u015fmas\u0131 kapsam\u0131nda kurulan Stratejik Siyasi ve Savunma Komitesinin ilk toplant\u0131s\u0131 \u0130stanbul\u2019da yap\u0131ld\u0131. Toplant\u0131 sonras\u0131 al\u0131nan kararlar Atina\u2019da g\u00fcndem oldu. Yunan bas\u0131n\u0131, toplant\u0131ya geni\u015f yer ay\u0131rd\u0131. Yap\u0131lan haberlerde T\u00fcrkiye\u2019nin kurucu ve merkez \u00fclke oldu\u011fu ifade edildi. &#13; Eski Yunanistan Genelkurmay Ba\u015fkan\u0131 Konstantinos Ziazias, verdi\u011fi r\u00f6portajda, Ankara\u2019n\u0131n jeopolitik g\u00fcc\u00fcn\u00fc ve b\u00f6lgesel a\u011f\u0131rl\u0131\u011f\u0131n\u0131 art\u0131rd\u0131\u011f\u0131n\u0131 [&hellip;]<\/p>\n","protected":false},"author":1,"featured_media":46412,"comment_status":"open","ping_status":"open","sticky":false,"template":"","format":"standard","meta":{"jnews-multi-image_gallery":[],"jnews_single_post":[],"jnews_primary_category":[],"footnotes":""},"categories":[2],"tags":[],"class_list":["post-46411","post","type-post","status-publish","format-standard","has-post-thumbnail","hentry","category-dunya"],"yoast_head":"<!-- This site is optimized with the Yoast SEO plugin v28.4 - https:\/\/yoast.com\/product\/yoast-seo-wordpress\/ -->\n<title>Yunan bas\u0131n\u0131 Mekke Anla\u015fmas\u0131&#039;n\u0131 yazd\u0131: Ankara jeopolitik g\u00fcc\u00fcn\u00fc art\u0131r\u0131yor - Haber Kuzey<\/title>\n<meta name=\"robots\" content=\"index, follow, max-snippet:-1, max-image-preview:large, max-video-preview:-1\" \/>\n<link rel=\"canonical\" href=\"https:\/\/haberkuzey.com\/index.php\/2026\/09\/03\/yunan-basini-mekke-anlasmasini-yazdi-ankara-jeopolitik-gucunu-artiriyor\/\" \/>\n<meta property=\"og:locale\" content=\"tr_TR\" \/>\n<meta property=\"og:type\" content=\"article\" \/>\n<meta property=\"og:title\" content=\"Yunan bas\u0131n\u0131 Mekke Anla\u015fmas\u0131&#039;n\u0131 yazd\u0131: Ankara jeopolitik g\u00fcc\u00fcn\u00fc art\u0131r\u0131yor - Haber Kuzey\" \/>\n<meta property=\"og:description\" content=\"&#013; Mekke Ortak Savunma Anla\u015fmas\u0131 kapsam\u0131nda kurulan Stratejik Siyasi ve Savunma Komitesinin ilk toplant\u0131s\u0131 \u0130stanbul\u2019da yap\u0131ld\u0131. Toplant\u0131 sonras\u0131 al\u0131nan kararlar Atina\u2019da g\u00fcndem oldu. Yunan bas\u0131n\u0131, toplant\u0131ya geni\u015f yer ay\u0131rd\u0131. Yap\u0131lan haberlerde T\u00fcrkiye\u2019nin kurucu ve merkez \u00fclke oldu\u011fu ifade edildi. &#013; Eski Yunanistan Genelkurmay Ba\u015fkan\u0131 Konstantinos Ziazias, verdi\u011fi r\u00f6portajda, Ankara\u2019n\u0131n jeopolitik g\u00fcc\u00fcn\u00fc ve b\u00f6lgesel a\u011f\u0131rl\u0131\u011f\u0131n\u0131 art\u0131rd\u0131\u011f\u0131n\u0131 [&hellip;]\" \/>\n<meta property=\"og:url\" content=\"https:\/\/haberkuzey.com\/index.php\/2026\/09\/03\/yunan-basini-mekke-anlasmasini-yazdi-ankara-jeopolitik-gucunu-artiriyor\/\" \/>\n<meta property=\"og:site_name\" content=\"Haber Kuzey\" \/>\n<meta property=\"article:published_time\" content=\"2026-09-03T11:49:03+00:00\" \/>\n<meta property=\"og:image\" content=\"https:\/\/trthaberstatic.cdn.wp.trt.com.tr\/resimler\/2486000\/mekke-anlasmasi-2486731.jpg\" \/>\n<meta name=\"author\" content=\"haberkuzey\" \/>\n<meta name=\"twitter:card\" content=\"summary_large_image\" \/>\n<meta name=\"twitter:label1\" content=\"Yazan:\" \/>\n\t<meta name=\"twitter:data1\" content=\"haberkuzey\" \/>\n\t<meta name=\"twitter:label2\" content=\"Tahmini okuma s\u00fcresi\" \/>\n\t<meta name=\"twitter:data2\" content=\"1 dakika\" \/>\n<script type=\"application\/ld+json\" class=\"yoast-schema-graph\">{\"@context\":\"https:\\\/\\\/schema.org\",\"@graph\":[{\"@type\":\"Article\",\"@id\":\"https:\\\/\\\/haberkuzey.com\\\/index.php\\\/2026\\\/09\\\/03\\\/yunan-basini-mekke-anlasmasini-yazdi-ankara-jeopolitik-gucunu-artiriyor\\\/#article\",\"isPartOf\":{\"@id\":\"https:\\\/\\\/haberkuzey.com\\\/index.php\\\/2026\\\/09\\\/03\\\/yunan-basini-mekke-anlasmasini-yazdi-ankara-jeopolitik-gucunu-artiriyor\\\/\"},\"author\":{\"name\":\"haberkuzey\",\"@id\":\"https:\\\/\\\/haberkuzey.com\\\/#\\\/schema\\\/person\\\/3372109ec735f9333f4fa47ebb9605ca\"},\"headline\":\"Yunan bas\u0131n\u0131 Mekke Anla\u015fmas\u0131&#8217;n\u0131 yazd\u0131: Ankara jeopolitik g\u00fcc\u00fcn\u00fc art\u0131r\u0131yor\",\"datePublished\":\"2026-09-03T11:49:03+00:00\",\"mainEntityOfPage\":{\"@id\":\"https:\\\/\\\/haberkuzey.com\\\/index.php\\\/2026\\\/09\\\/03\\\/yunan-basini-mekke-anlasmasini-yazdi-ankara-jeopolitik-gucunu-artiriyor\\\/\"},\"wordCount\":258,\"commentCount\":0,\"image\":{\"@id\":\"https:\\\/\\\/haberkuzey.com\\\/index.php\\\/2026\\\/09\\\/03\\\/yunan-basini-mekke-anlasmasini-yazdi-ankara-jeopolitik-gucunu-artiriyor\\\/#primaryimage\"},\"thumbnailUrl\":\"https:\\\/\\\/haberkuzey.com\\\/wp-content\\\/uploads\\\/2026\\\/09\\\/mekke-anlasmasi-2486731.jpg\",\"articleSection\":[\"D\u00fcnya\"],\"inLanguage\":\"tr\",\"potentialAction\":[{\"@type\":\"CommentAction\",\"name\":\"Comment\",\"target\":[\"https:\\\/\\\/haberkuzey.com\\\/index.php\\\/2026\\\/09\\\/03\\\/yunan-basini-mekke-anlasmasini-yazdi-ankara-jeopolitik-gucunu-artiriyor\\\/#respond\"]}]},{\"@type\":\"WebPage\",\"@id\":\"https:\\\/\\\/haberkuzey.com\\\/index.php\\\/2026\\\/09\\\/03\\\/yunan-basini-mekke-anlasmasini-yazdi-ankara-jeopolitik-gucunu-artiriyor\\\/\",\"url\":\"https:\\\/\\\/haberkuzey.com\\\/index.php\\\/2026\\\/09\\\/03\\\/yunan-basini-mekke-anlasmasini-yazdi-ankara-jeopolitik-gucunu-artiriyor\\\/\",\"name\":\"Yunan bas\u0131n\u0131 Mekke Anla\u015fmas\u0131'n\u0131 yazd\u0131: Ankara jeopolitik g\u00fcc\u00fcn\u00fc art\u0131r\u0131yor - Haber Kuzey\",\"isPartOf\":{\"@id\":\"https:\\\/\\\/haberkuzey.com\\\/#website\"},\"primaryImageOfPage\":{\"@id\":\"https:\\\/\\\/haberkuzey.com\\\/index.php\\\/2026\\\/09\\\/03\\\/yunan-basini-mekke-anlasmasini-yazdi-ankara-jeopolitik-gucunu-artiriyor\\\/#primaryimage\"},\"image\":{\"@id\":\"https:\\\/\\\/haberkuzey.com\\\/index.php\\\/2026\\\/09\\\/03\\\/yunan-basini-mekke-anlasmasini-yazdi-ankara-jeopolitik-gucunu-artiriyor\\\/#primaryimage\"},\"thumbnailUrl\":\"https:\\\/\\\/haberkuzey.com\\\/wp-content\\\/uploads\\\/2026\\\/09\\\/mekke-anlasmasi-2486731.jpg\",\"datePublished\":\"2026-09-03T11:49:03+00:00\",\"author\":{\"@id\":\"https:\\\/\\\/haberkuzey.com\\\/#\\\/schema\\\/person\\\/3372109ec735f9333f4fa47ebb9605ca\"},\"breadcrumb\":{\"@id\":\"https:\\\/\\\/haberkuzey.com\\\/index.php\\\/2026\\\/09\\\/03\\\/yunan-basini-mekke-anlasmasini-yazdi-ankara-jeopolitik-gucunu-artiriyor\\\/#breadcrumb\"},\"inLanguage\":\"tr\",\"potentialAction\":[{\"@type\":\"ReadAction\",\"target\":[\"https:\\\/\\\/haberkuzey.com\\\/index.php\\\/2026\\\/09\\\/03\\\/yunan-basini-mekke-anlasmasini-yazdi-ankara-jeopolitik-gucunu-artiriyor\\\/\"]}]},{\"@type\":\"ImageObject\",\"inLanguage\":\"tr\",\"@id\":\"https:\\\/\\\/haberkuzey.com\\\/index.php\\\/2026\\\/09\\\/03\\\/yunan-basini-mekke-anlasmasini-yazdi-ankara-jeopolitik-gucunu-artiriyor\\\/#primaryimage\",\"url\":\"https:\\\/\\\/haberkuzey.com\\\/wp-content\\\/uploads\\\/2026\\\/09\\\/mekke-anlasmasi-2486731.jpg\",\"contentUrl\":\"https:\\\/\\\/haberkuzey.com\\\/wp-content\\\/uploads\\\/2026\\\/09\\\/mekke-anlasmasi-2486731.jpg\",\"width\":1280,\"height\":720},{\"@type\":\"BreadcrumbList\",\"@id\":\"https:\\\/\\\/haberkuzey.com\\\/index.php\\\/2026\\\/09\\\/03\\\/yunan-basini-mekke-anlasmasini-yazdi-ankara-jeopolitik-gucunu-artiriyor\\\/#breadcrumb\",\"itemListElement\":[{\"@type\":\"ListItem\",\"position\":1,\"name\":\"Anasayfa\",\"item\":\"https:\\\/\\\/haberkuzey.com\\\/\"},{\"@type\":\"ListItem\",\"position\":2,\"name\":\"Yunan bas\u0131n\u0131 Mekke Anla\u015fmas\u0131&#8217;n\u0131 yazd\u0131: Ankara jeopolitik g\u00fcc\u00fcn\u00fc art\u0131r\u0131yor\"}]},{\"@type\":\"WebSite\",\"@id\":\"https:\\\/\\\/haberkuzey.com\\\/#website\",\"url\":\"https:\\\/\\\/haberkuzey.com\\\/\",\"name\":\"Haber Kuzey\",\"description\":\"Do\u011fru Haberin Adresi\",\"potentialAction\":[{\"@type\":\"SearchAction\",\"target\":{\"@type\":\"EntryPoint\",\"urlTemplate\":\"https:\\\/\\\/haberkuzey.com\\\/?s={search_term_string}\"},\"query-input\":{\"@type\":\"PropertyValueSpecification\",\"valueRequired\":true,\"valueName\":\"search_term_string\"}}],\"inLanguage\":\"tr\"},{\"@type\":\"Person\",\"@id\":\"https:\\\/\\\/haberkuzey.com\\\/#\\\/schema\\\/person\\\/3372109ec735f9333f4fa47ebb9605ca\",\"name\":\"haberkuzey\",\"image\":{\"@type\":\"ImageObject\",\"inLanguage\":\"tr\",\"@id\":\"https:\\\/\\\/secure.gravatar.com\\\/avatar\\\/f5fc875574b1575324358c3b9e6a32b8227aa5b74f3fa22e3cadb63e26fcc39c?s=96&d=mm&r=g\",\"url\":\"https:\\\/\\\/secure.gravatar.com\\\/avatar\\\/f5fc875574b1575324358c3b9e6a32b8227aa5b74f3fa22e3cadb63e26fcc39c?s=96&d=mm&r=g\",\"contentUrl\":\"https:\\\/\\\/secure.gravatar.com\\\/avatar\\\/f5fc875574b1575324358c3b9e6a32b8227aa5b74f3fa22e3cadb63e26fcc39c?s=96&d=mm&r=g\",\"caption\":\"haberkuzey\"},\"sameAs\":[\"https:\\\/\\\/haberkuzey.com\"],\"url\":\"https:\\\/\\\/haberkuzey.com\\\/index.php\\\/author\\\/haberkuzey\\\/\"}]}<\/script>\n<!-- \/ Yoast SEO plugin. -->","yoast_head_json":{"title":"Yunan bas\u0131n\u0131 Mekke Anla\u015fmas\u0131'n\u0131 yazd\u0131: Ankara jeopolitik g\u00fcc\u00fcn\u00fc art\u0131r\u0131yor - Haber Kuzey","robots":{"index":"index","follow":"follow","max-snippet":"max-snippet:-1","max-image-preview":"max-image-preview:large","max-video-preview":"max-video-preview:-1"},"canonical":"https:\/\/haberkuzey.com\/index.php\/2026\/09\/03\/yunan-basini-mekke-anlasmasini-yazdi-ankara-jeopolitik-gucunu-artiriyor\/","og_locale":"tr_TR","og_type":"article","og_title":"Yunan bas\u0131n\u0131 Mekke Anla\u015fmas\u0131'n\u0131 yazd\u0131: Ankara jeopolitik g\u00fcc\u00fcn\u00fc art\u0131r\u0131yor - Haber Kuzey","og_description":"&#13; Mekke Ortak Savunma Anla\u015fmas\u0131 kapsam\u0131nda kurulan Stratejik Siyasi ve Savunma Komitesinin ilk toplant\u0131s\u0131 \u0130stanbul\u2019da yap\u0131ld\u0131. Toplant\u0131 sonras\u0131 al\u0131nan kararlar Atina\u2019da g\u00fcndem oldu. Yunan bas\u0131n\u0131, toplant\u0131ya geni\u015f yer ay\u0131rd\u0131. Yap\u0131lan haberlerde T\u00fcrkiye\u2019nin kurucu ve merkez \u00fclke oldu\u011fu ifade edildi. &#13; Eski Yunanistan Genelkurmay Ba\u015fkan\u0131 Konstantinos Ziazias, verdi\u011fi r\u00f6portajda, Ankara\u2019n\u0131n jeopolitik g\u00fcc\u00fcn\u00fc ve b\u00f6lgesel a\u011f\u0131rl\u0131\u011f\u0131n\u0131 art\u0131rd\u0131\u011f\u0131n\u0131 [&hellip;]","og_url":"https:\/\/haberkuzey.com\/index.php\/2026\/09\/03\/yunan-basini-mekke-anlasmasini-yazdi-ankara-jeopolitik-gucunu-artiriyor\/","og_site_name":"Haber Kuzey","article_published_time":"2026-09-03T11:49:03+00:00","og_image":[{"url":"https:\/\/trthaberstatic.cdn.wp.trt.com.tr\/resimler\/2486000\/mekke-anlasmasi-2486731.jpg","type":"","width":"","height":""}],"author":"haberkuzey","twitter_card":"summary_large_image","twitter_misc":{"Yazan:":"haberkuzey","Tahmini okuma s\u00fcresi":"1 dakika"},"schema":{"@context":"https:\/\/schema.org","@graph":[{"@type":"Article","@id":"https:\/\/haberkuzey.com\/index.php\/2026\/09\/03\/yunan-basini-mekke-anlasmasini-yazdi-ankara-jeopolitik-gucunu-artiriyor\/#article","isPartOf":{"@id":"https:\/\/haberkuzey.com\/index.php\/2026\/09\/03\/yunan-basini-mekke-anlasmasini-yazdi-ankara-jeopolitik-gucunu-artiriyor\/"},"author":{"name":"haberkuzey","@id":"https:\/\/haberkuzey.com\/#\/schema\/person\/3372109ec735f9333f4fa47ebb9605ca"},"headline":"Yunan bas\u0131n\u0131 Mekke Anla\u015fmas\u0131&#8217;n\u0131 yazd\u0131: Ankara jeopolitik g\u00fcc\u00fcn\u00fc art\u0131r\u0131yor","datePublished":"2026-09-03T11:49:03+00:00","mainEntityOfPage":{"@id":"https:\/\/haberkuzey.com\/index.php\/2026\/09\/03\/yunan-basini-mekke-anlasmasini-yazdi-ankara-jeopolitik-gucunu-artiriyor\/"},"wordCount":258,"commentCount":0,"image":{"@id":"https:\/\/haberkuzey.com\/index.php\/2026\/09\/03\/yunan-basini-mekke-anlasmasini-yazdi-ankara-jeopolitik-gucunu-artiriyor\/#primaryimage"},"thumbnailUrl":"https:\/\/haberkuzey.com\/wp-content\/uploads\/2026\/09\/mekke-anlasmasi-2486731.jpg","articleSection":["D\u00fcnya"],"inLanguage":"tr","potentialAction":[{"@type":"CommentAction","name":"Comment","target":["https:\/\/haberkuzey.com\/index.php\/2026\/09\/03\/yunan-basini-mekke-anlasmasini-yazdi-ankara-jeopolitik-gucunu-artiriyor\/#respond"]}]},{"@type":"WebPage","@id":"https:\/\/haberkuzey.com\/index.php\/2026\/09\/03\/yunan-basini-mekke-anlasmasini-yazdi-ankara-jeopolitik-gucunu-artiriyor\/","url":"https:\/\/haberkuzey.com\/index.php\/2026\/09\/03\/yunan-basini-mekke-anlasmasini-yazdi-ankara-jeopolitik-gucunu-artiriyor\/","name":"Yunan bas\u0131n\u0131 Mekke Anla\u015fmas\u0131'n\u0131 yazd\u0131: Ankara jeopolitik g\u00fcc\u00fcn\u00fc art\u0131r\u0131yor - Haber Kuzey","isPartOf":{"@id":"https:\/\/haberkuzey.com\/#website"},"primaryImageOfPage":{"@id":"https:\/\/haberkuzey.com\/index.php\/2026\/09\/03\/yunan-basini-mekke-anlasmasini-yazdi-ankara-jeopolitik-gucunu-artiriyor\/#primaryimage"},"image":{"@id":"https:\/\/haberkuzey.com\/index.php\/2026\/09\/03\/yunan-basini-mekke-anlasmasini-yazdi-ankara-jeopolitik-gucunu-artiriyor\/#primaryimage"},"thumbnailUrl":"https:\/\/haberkuzey.com\/wp-content\/uploads\/2026\/09\/mekke-anlasmasi-2486731.jpg","datePublished":"2026-09-03T11:49:03+00:00","author":{"@id":"https:\/\/haberkuzey.com\/#\/schema\/person\/3372109ec735f9333f4fa47ebb9605ca"},"breadcrumb":{"@id":"https:\/\/haberkuzey.com\/index.php\/2026\/09\/03\/yunan-basini-mekke-anlasmasini-yazdi-ankara-jeopolitik-gucunu-artiriyor\/#breadcrumb"},"inLanguage":"tr","potentialAction":[{"@type":"ReadAction","target":["https:\/\/haberkuzey.com\/index.php\/2026\/09\/03\/yunan-basini-mekke-anlasmasini-yazdi-ankara-jeopolitik-gucunu-artiriyor\/"]}]},{"@type":"ImageObject","inLanguage":"tr","@id":"https:\/\/haberkuzey.com\/index.php\/2026\/09\/03\/yunan-basini-mekke-anlasmasini-yazdi-ankara-jeopolitik-gucunu-artiriyor\/#primaryimage","url":"https:\/\/haberkuzey.com\/wp-content\/uploads\/2026\/09\/mekke-anlasmasi-2486731.jpg","contentUrl":"https:\/\/haberkuzey.com\/wp-content\/uploads\/2026\/09\/mekke-anlasmasi-2486731.jpg","width":1280,"height":720},{"@type":"BreadcrumbList","@id":"https:\/\/haberkuzey.com\/index.php\/2026\/09\/03\/yunan-basini-mekke-anlasmasini-yazdi-ankara-jeopolitik-gucunu-artiriyor\/#breadcrumb","itemListElement":[{"@type":"ListItem","position":1,"name":"Anasayfa","item":"https:\/\/haberkuzey.com\/"},{"@type":"ListItem","position":2,"name":"Yunan bas\u0131n\u0131 Mekke Anla\u015fmas\u0131&#8217;n\u0131 yazd\u0131: Ankara jeopolitik g\u00fcc\u00fcn\u00fc art\u0131r\u0131yor"}]},{"@type":"WebSite","@id":"https:\/\/haberkuzey.com\/#website","url":"https:\/\/haberkuzey.com\/","name":"Haber Kuzey","description":"Do\u011fru Haberin Adresi","potentialAction":[{"@type":"SearchAction","target":{"@type":"EntryPoint","urlTemplate":"https:\/\/haberkuzey.com\/?s={search_term_string}"},"query-input":{"@type":"PropertyValueSpecification","valueRequired":true,"valueName":"search_term_string"}}],"inLanguage":"tr"},{"@type":"Person","@id":"https:\/\/haberkuzey.com\/#\/schema\/person\/3372109ec735f9333f4fa47ebb9605ca","name":"haberkuzey","image":{"@type":"ImageObject","inLanguage":"tr","@id":"https:\/\/secure.gravatar.com\/avatar\/f5fc875574b1575324358c3b9e6a32b8227aa5b74f3fa22e3cadb63e26fcc39c?s=96&d=mm&r=g","url":"https:\/\/secure.gravatar.com\/avatar\/f5fc875574b1575324358c3b9e6a32b8227aa5b74f3fa22e3cadb63e26fcc39c?s=96&d=mm&r=g","contentUrl":"https:\/\/secure.gravatar.com\/avatar\/f5fc875574b1575324358c3b9e6a32b8227aa5b74f3fa22e3cadb63e26fcc39c?s=96&d=mm&r=g","caption":"haberkuzey"},"sameAs":["https:\/\/haberkuzey.com"],"url":"https:\/\/haberkuzey.com\/index.php\/author\/haberkuzey\/"}]}},"_links":{"self":[{"href":"https:\/\/haberkuzey.com\/index.php\/wp-json\/wp\/v2\/posts\/46411","targetHints":{"allow":["GET"]}}],"collection":[{"href":"https:\/\/haberkuzey.com\/index.php\/wp-json\/wp\/v2\/posts"}],"about":[{"href":"https:\/\/haberkuzey.com\/index.php\/wp-json\/wp\/v2\/types\/post"}],"author":[{"embeddable":true,"href":"https:\/\/haberkuzey.com\/index.php\/wp-json\/wp\/v2\/users\/1"}],"replies":[{"embeddable":true,"href":"https:\/\/haberkuzey.com\/index.php\/wp-json\/wp\/v2\/comments?post=46411"}],"version-history":[{"count":0,"href":"https:\/\/haberkuzey.com\/index.php\/wp-json\/wp\/v2\/posts\/46411\/revisions"}],"wp:featuredmedia":[{"embeddable":true,"href":"https:\/\/haberkuzey.com\/index.php\/wp-json\/wp\/v2\/media\/46412"}],"wp:attachment":[{"href":"https:\/\/haberkuzey.com\/index.php\/wp-json\/wp\/v2\/media?parent=46411"}],"wp:term":[{"taxonomy":"category","embeddable":true,"href":"https:\/\/haberkuzey.com\/index.php\/wp-json\/wp\/v2\/categories?post=46411"},{"taxonomy":"post_tag","embeddable":true,"href":"https:\/\/haberkuzey.com\/index.php\/wp-json\/wp\/v2\/tags?post=46411"}],"curies":[{"name":"wp","href":"https:\/\/api.w.org\/{rel}","templated":true}]}}