{"id":46403,"date":"2026-09-03T08:43:03","date_gmt":"2026-09-03T05:43:03","guid":{"rendered":"https:\/\/haberkuzey.com\/index.php\/2026\/09\/03\/iranli-yetkili-abd-ordusunun-sivilleri-asla-hedef-almayiz-iddiasini-reddetti\/"},"modified":"2026-09-03T08:43:03","modified_gmt":"2026-09-03T05:43:03","slug":"iranli-yetkili-abd-ordusunun-sivilleri-asla-hedef-almayiz-iddiasini-reddetti","status":"publish","type":"post","link":"https:\/\/haberkuzey.com\/index.php\/2026\/09\/03\/iranli-yetkili-abd-ordusunun-sivilleri-asla-hedef-almayiz-iddiasini-reddetti\/","title":{"rendered":"\u0130ranl\u0131 yetkili, ABD ordusunun &#8220;sivilleri asla hedef almay\u0131z&#8221; iddias\u0131n\u0131 reddetti"},"content":{"rendered":"<p><\/p>\n<div>\n<p>&#13;<br \/>\n\tBekayi, sosyal medya hesab\u0131ndan payla\u015ft\u0131\u011f\u0131 mesaj\u0131nda, ABD Merkez Kuvvetler Komutanl\u0131\u011f\u0131 (CENTCOM) S\u00f6zc\u00fcs\u00fc Tim Hawkins&#8217;in &#8220;ABD ordusu sivilleri hedef almaz&#8221; \u015feklindeki a\u00e7\u0131klamas\u0131na yan\u0131t verdi.<\/p>\n<p>&#13;<br \/>\n\tABD&#8217;nin 2002&#8217;de Afganistan&#8217;\u0131n Kakarak, 2004&#8217;te Irak\u2019\u0131n Mukaradeeb ve 2008&#8217;de Afganistan&#8217;\u0131n Deh Bala ile Wech Baghtu b\u00f6lgelerinde d\u00fc\u011f\u00fcn merasimlerine y\u00f6nelik sald\u0131r\u0131lar\u0131n\u0131 hat\u0131rlatan Bekayi, \u00f6d\u00fcll\u00fc Amerikan dizisi Homeland&#8217;de ABD g\u00fc\u00e7lerinin Pakistan&#8217;da bir d\u00fc\u011f\u00fcne sald\u0131r\u0131s\u0131n\u0131 tasvir etti\u011fine de dikkati \u00e7ekti.<\/p>\n<p>&#13;<br \/>\n\tBekayi, &#8220;Ger\u00e7ek o kadar korkun\u00e7 ki Amerikan propagandas\u0131 bile bug\u00fcn Hawkins&#8217;in yapt\u0131\u011f\u0131 iddiaya hi\u00e7 cesaret edemedi. Sirik bir hikaye de\u011fil. Siviller ger\u00e7ek. Kurbanlar ger\u00e7ek.&#8221; ifadelerini kulland\u0131.<\/p>\n<p>&#13;<br \/>\n\t\u0130ran, ABD&#8217;nin d\u00fcnk\u00fc sald\u0131r\u0131s\u0131nda H\u00fcrm\u00fczgan eyaletine ba\u011fl\u0131 Sirik kentinin Kuhestek b\u00f6lgesinde bir d\u00fc\u011f\u00fcn evini hedef ald\u0131\u011f\u0131n\u0131, sald\u0131r\u0131da 4 ya\u015f\u0131ndaki bir \u00e7ocuk dahil en az 4 ki\u015finin hayat\u0131n\u0131 kaybetti\u011fini, 68 ki\u015finin yaraland\u0131\u011f\u0131n\u0131 duyurmu\u015ftu.<\/p>\n<p>&#13;<br \/>\n\tCENTCOM S\u00f6zc\u00fcs\u00fc Hawkins, sald\u0131r\u0131ya ili\u015fkin a\u00e7\u0131klamas\u0131nda, &#8220;ABD ordusu sivilleri asla hedef almaz&#8221; ifadelerini kullan\u0131rken, \u0130ran, sald\u0131r\u0131y\u0131 &#8220;sava\u015f su\u00e7u&#8221; olarak nitelendirmi\u015fti.<\/p>\n<p>&#13;<br \/>\n\tABD ordusu, 28 \u015eubat&#8217;ta da H\u00fcrm\u00fczgan eyaletine ba\u011fl\u0131 Minab kentinde bir ilkokulu vurmu\u015f ve sald\u0131r\u0131da 168 ki\u015finin hayat\u0131n\u0131 kaybetti\u011fi a\u00e7\u0131klanm\u0131\u015ft\u0131.<\/p>\n<\/p><\/div>\n","protected":false},"excerpt":{"rendered":"<p>&#13; Bekayi, sosyal medya hesab\u0131ndan payla\u015ft\u0131\u011f\u0131 mesaj\u0131nda, ABD Merkez Kuvvetler Komutanl\u0131\u011f\u0131 (CENTCOM) S\u00f6zc\u00fcs\u00fc Tim Hawkins&#8217;in &#8220;ABD ordusu sivilleri hedef almaz&#8221; \u015feklindeki a\u00e7\u0131klamas\u0131na yan\u0131t verdi. &#13; ABD&#8217;nin 2002&#8217;de Afganistan&#8217;\u0131n Kakarak, 2004&#8217;te Irak\u2019\u0131n Mukaradeeb ve 2008&#8217;de Afganistan&#8217;\u0131n Deh Bala ile Wech Baghtu b\u00f6lgelerinde d\u00fc\u011f\u00fcn merasimlerine y\u00f6nelik sald\u0131r\u0131lar\u0131n\u0131 hat\u0131rlatan Bekayi, \u00f6d\u00fcll\u00fc Amerikan dizisi Homeland&#8217;de ABD g\u00fc\u00e7lerinin Pakistan&#8217;da bir [&hellip;]<\/p>\n","protected":false},"author":1,"featured_media":44888,"comment_status":"open","ping_status":"open","sticky":false,"template":"","format":"standard","meta":{"jnews-multi-image_gallery":[],"jnews_single_post":[],"jnews_primary_category":[],"footnotes":""},"categories":[2],"tags":[],"class_list":["post-46403","post","type-post","status-publish","format-standard","has-post-thumbnail","hentry","category-dunya"],"yoast_head":"<!-- This site is optimized with the Yoast SEO plugin v28.4 - https:\/\/yoast.com\/product\/yoast-seo-wordpress\/ -->\n<title>\u0130ranl\u0131 yetkili, ABD ordusunun &quot;sivilleri asla hedef almay\u0131z&quot; iddias\u0131n\u0131 reddetti - Haber Kuzey<\/title>\n<meta name=\"robots\" content=\"index, follow, max-snippet:-1, max-image-preview:large, max-video-preview:-1\" \/>\n<link rel=\"canonical\" href=\"https:\/\/haberkuzey.com\/index.php\/2026\/09\/03\/iranli-yetkili-abd-ordusunun-sivilleri-asla-hedef-almayiz-iddiasini-reddetti\/\" \/>\n<meta property=\"og:locale\" content=\"tr_TR\" \/>\n<meta property=\"og:type\" content=\"article\" \/>\n<meta property=\"og:title\" content=\"\u0130ranl\u0131 yetkili, ABD ordusunun &quot;sivilleri asla hedef almay\u0131z&quot; iddias\u0131n\u0131 reddetti - Haber Kuzey\" \/>\n<meta property=\"og:description\" content=\"&#013; Bekayi, sosyal medya hesab\u0131ndan payla\u015ft\u0131\u011f\u0131 mesaj\u0131nda, ABD Merkez Kuvvetler Komutanl\u0131\u011f\u0131 (CENTCOM) S\u00f6zc\u00fcs\u00fc Tim Hawkins&#8217;in &#8220;ABD ordusu sivilleri hedef almaz&#8221; \u015feklindeki a\u00e7\u0131klamas\u0131na yan\u0131t verdi. &#013; ABD&#8217;nin 2002&#8217;de Afganistan&#8217;\u0131n Kakarak, 2004&#8217;te Irak\u2019\u0131n Mukaradeeb ve 2008&#8217;de Afganistan&#8217;\u0131n Deh Bala ile Wech Baghtu b\u00f6lgelerinde d\u00fc\u011f\u00fcn merasimlerine y\u00f6nelik sald\u0131r\u0131lar\u0131n\u0131 hat\u0131rlatan Bekayi, \u00f6d\u00fcll\u00fc Amerikan dizisi Homeland&#8217;de ABD g\u00fc\u00e7lerinin Pakistan&#8217;da bir [&hellip;]\" \/>\n<meta property=\"og:url\" content=\"https:\/\/haberkuzey.com\/index.php\/2026\/09\/03\/iranli-yetkili-abd-ordusunun-sivilleri-asla-hedef-almayiz-iddiasini-reddetti\/\" \/>\n<meta property=\"og:site_name\" content=\"Haber Kuzey\" \/>\n<meta property=\"article:published_time\" content=\"2026-09-03T05:43:03+00:00\" \/>\n<meta property=\"og:image\" content=\"https:\/\/trthaberstatic.cdn.wp.trt.com.tr\/resimler\/2454000\/bekayi-2454642.jpg\" \/>\n<meta name=\"author\" content=\"haberkuzey\" \/>\n<meta name=\"twitter:card\" content=\"summary_large_image\" \/>\n<meta name=\"twitter:label1\" content=\"Yazan:\" \/>\n\t<meta name=\"twitter:data1\" content=\"haberkuzey\" \/>\n\t<meta name=\"twitter:label2\" content=\"Tahmini okuma s\u00fcresi\" \/>\n\t<meta name=\"twitter:data2\" content=\"1 dakika\" \/>\n<script type=\"application\/ld+json\" class=\"yoast-schema-graph\">{\"@context\":\"https:\\\/\\\/schema.org\",\"@graph\":[{\"@type\":\"Article\",\"@id\":\"https:\\\/\\\/haberkuzey.com\\\/index.php\\\/2026\\\/09\\\/03\\\/iranli-yetkili-abd-ordusunun-sivilleri-asla-hedef-almayiz-iddiasini-reddetti\\\/#article\",\"isPartOf\":{\"@id\":\"https:\\\/\\\/haberkuzey.com\\\/index.php\\\/2026\\\/09\\\/03\\\/iranli-yetkili-abd-ordusunun-sivilleri-asla-hedef-almayiz-iddiasini-reddetti\\\/\"},\"author\":{\"name\":\"haberkuzey\",\"@id\":\"https:\\\/\\\/haberkuzey.com\\\/#\\\/schema\\\/person\\\/3372109ec735f9333f4fa47ebb9605ca\"},\"headline\":\"\u0130ranl\u0131 yetkili, ABD ordusunun &#8220;sivilleri asla hedef almay\u0131z&#8221; iddias\u0131n\u0131 reddetti\",\"datePublished\":\"2026-09-03T05:43:03+00:00\",\"mainEntityOfPage\":{\"@id\":\"https:\\\/\\\/haberkuzey.com\\\/index.php\\\/2026\\\/09\\\/03\\\/iranli-yetkili-abd-ordusunun-sivilleri-asla-hedef-almayiz-iddiasini-reddetti\\\/\"},\"wordCount\":243,\"commentCount\":0,\"image\":{\"@id\":\"https:\\\/\\\/haberkuzey.com\\\/index.php\\\/2026\\\/09\\\/03\\\/iranli-yetkili-abd-ordusunun-sivilleri-asla-hedef-almayiz-iddiasini-reddetti\\\/#primaryimage\"},\"thumbnailUrl\":\"https:\\\/\\\/haberkuzey.com\\\/wp-content\\\/uploads\\\/2026\\\/07\\\/bekayi-2454642.jpg\",\"articleSection\":[\"D\u00fcnya\"],\"inLanguage\":\"tr\",\"potentialAction\":[{\"@type\":\"CommentAction\",\"name\":\"Comment\",\"target\":[\"https:\\\/\\\/haberkuzey.com\\\/index.php\\\/2026\\\/09\\\/03\\\/iranli-yetkili-abd-ordusunun-sivilleri-asla-hedef-almayiz-iddiasini-reddetti\\\/#respond\"]}]},{\"@type\":\"WebPage\",\"@id\":\"https:\\\/\\\/haberkuzey.com\\\/index.php\\\/2026\\\/09\\\/03\\\/iranli-yetkili-abd-ordusunun-sivilleri-asla-hedef-almayiz-iddiasini-reddetti\\\/\",\"url\":\"https:\\\/\\\/haberkuzey.com\\\/index.php\\\/2026\\\/09\\\/03\\\/iranli-yetkili-abd-ordusunun-sivilleri-asla-hedef-almayiz-iddiasini-reddetti\\\/\",\"name\":\"\u0130ranl\u0131 yetkili, ABD ordusunun \\\"sivilleri asla hedef almay\u0131z\\\" iddias\u0131n\u0131 reddetti - Haber Kuzey\",\"isPartOf\":{\"@id\":\"https:\\\/\\\/haberkuzey.com\\\/#website\"},\"primaryImageOfPage\":{\"@id\":\"https:\\\/\\\/haberkuzey.com\\\/index.php\\\/2026\\\/09\\\/03\\\/iranli-yetkili-abd-ordusunun-sivilleri-asla-hedef-almayiz-iddiasini-reddetti\\\/#primaryimage\"},\"image\":{\"@id\":\"https:\\\/\\\/haberkuzey.com\\\/index.php\\\/2026\\\/09\\\/03\\\/iranli-yetkili-abd-ordusunun-sivilleri-asla-hedef-almayiz-iddiasini-reddetti\\\/#primaryimage\"},\"thumbnailUrl\":\"https:\\\/\\\/haberkuzey.com\\\/wp-content\\\/uploads\\\/2026\\\/07\\\/bekayi-2454642.jpg\",\"datePublished\":\"2026-09-03T05:43:03+00:00\",\"author\":{\"@id\":\"https:\\\/\\\/haberkuzey.com\\\/#\\\/schema\\\/person\\\/3372109ec735f9333f4fa47ebb9605ca\"},\"breadcrumb\":{\"@id\":\"https:\\\/\\\/haberkuzey.com\\\/index.php\\\/2026\\\/09\\\/03\\\/iranli-yetkili-abd-ordusunun-sivilleri-asla-hedef-almayiz-iddiasini-reddetti\\\/#breadcrumb\"},\"inLanguage\":\"tr\",\"potentialAction\":[{\"@type\":\"ReadAction\",\"target\":[\"https:\\\/\\\/haberkuzey.com\\\/index.php\\\/2026\\\/09\\\/03\\\/iranli-yetkili-abd-ordusunun-sivilleri-asla-hedef-almayiz-iddiasini-reddetti\\\/\"]}]},{\"@type\":\"ImageObject\",\"inLanguage\":\"tr\",\"@id\":\"https:\\\/\\\/haberkuzey.com\\\/index.php\\\/2026\\\/09\\\/03\\\/iranli-yetkili-abd-ordusunun-sivilleri-asla-hedef-almayiz-iddiasini-reddetti\\\/#primaryimage\",\"url\":\"https:\\\/\\\/haberkuzey.com\\\/wp-content\\\/uploads\\\/2026\\\/07\\\/bekayi-2454642.jpg\",\"contentUrl\":\"https:\\\/\\\/haberkuzey.com\\\/wp-content\\\/uploads\\\/2026\\\/07\\\/bekayi-2454642.jpg\",\"width\":1280,\"height\":720},{\"@type\":\"BreadcrumbList\",\"@id\":\"https:\\\/\\\/haberkuzey.com\\\/index.php\\\/2026\\\/09\\\/03\\\/iranli-yetkili-abd-ordusunun-sivilleri-asla-hedef-almayiz-iddiasini-reddetti\\\/#breadcrumb\",\"itemListElement\":[{\"@type\":\"ListItem\",\"position\":1,\"name\":\"Anasayfa\",\"item\":\"https:\\\/\\\/haberkuzey.com\\\/\"},{\"@type\":\"ListItem\",\"position\":2,\"name\":\"\u0130ranl\u0131 yetkili, ABD ordusunun &#8220;sivilleri asla hedef almay\u0131z&#8221; iddias\u0131n\u0131 reddetti\"}]},{\"@type\":\"WebSite\",\"@id\":\"https:\\\/\\\/haberkuzey.com\\\/#website\",\"url\":\"https:\\\/\\\/haberkuzey.com\\\/\",\"name\":\"Haber Kuzey\",\"description\":\"Do\u011fru Haberin Adresi\",\"potentialAction\":[{\"@type\":\"SearchAction\",\"target\":{\"@type\":\"EntryPoint\",\"urlTemplate\":\"https:\\\/\\\/haberkuzey.com\\\/?s={search_term_string}\"},\"query-input\":{\"@type\":\"PropertyValueSpecification\",\"valueRequired\":true,\"valueName\":\"search_term_string\"}}],\"inLanguage\":\"tr\"},{\"@type\":\"Person\",\"@id\":\"https:\\\/\\\/haberkuzey.com\\\/#\\\/schema\\\/person\\\/3372109ec735f9333f4fa47ebb9605ca\",\"name\":\"haberkuzey\",\"image\":{\"@type\":\"ImageObject\",\"inLanguage\":\"tr\",\"@id\":\"https:\\\/\\\/secure.gravatar.com\\\/avatar\\\/f5fc875574b1575324358c3b9e6a32b8227aa5b74f3fa22e3cadb63e26fcc39c?s=96&d=mm&r=g\",\"url\":\"https:\\\/\\\/secure.gravatar.com\\\/avatar\\\/f5fc875574b1575324358c3b9e6a32b8227aa5b74f3fa22e3cadb63e26fcc39c?s=96&d=mm&r=g\",\"contentUrl\":\"https:\\\/\\\/secure.gravatar.com\\\/avatar\\\/f5fc875574b1575324358c3b9e6a32b8227aa5b74f3fa22e3cadb63e26fcc39c?s=96&d=mm&r=g\",\"caption\":\"haberkuzey\"},\"sameAs\":[\"https:\\\/\\\/haberkuzey.com\"],\"url\":\"https:\\\/\\\/haberkuzey.com\\\/index.php\\\/author\\\/haberkuzey\\\/\"}]}<\/script>\n<!-- \/ Yoast SEO plugin. -->","yoast_head_json":{"title":"\u0130ranl\u0131 yetkili, ABD ordusunun \"sivilleri asla hedef almay\u0131z\" iddias\u0131n\u0131 reddetti - Haber Kuzey","robots":{"index":"index","follow":"follow","max-snippet":"max-snippet:-1","max-image-preview":"max-image-preview:large","max-video-preview":"max-video-preview:-1"},"canonical":"https:\/\/haberkuzey.com\/index.php\/2026\/09\/03\/iranli-yetkili-abd-ordusunun-sivilleri-asla-hedef-almayiz-iddiasini-reddetti\/","og_locale":"tr_TR","og_type":"article","og_title":"\u0130ranl\u0131 yetkili, ABD ordusunun \"sivilleri asla hedef almay\u0131z\" iddias\u0131n\u0131 reddetti - Haber Kuzey","og_description":"&#13; Bekayi, sosyal medya hesab\u0131ndan payla\u015ft\u0131\u011f\u0131 mesaj\u0131nda, ABD Merkez Kuvvetler Komutanl\u0131\u011f\u0131 (CENTCOM) S\u00f6zc\u00fcs\u00fc Tim Hawkins&#8217;in &#8220;ABD ordusu sivilleri hedef almaz&#8221; \u015feklindeki a\u00e7\u0131klamas\u0131na yan\u0131t verdi. &#13; ABD&#8217;nin 2002&#8217;de Afganistan&#8217;\u0131n Kakarak, 2004&#8217;te Irak\u2019\u0131n Mukaradeeb ve 2008&#8217;de Afganistan&#8217;\u0131n Deh Bala ile Wech Baghtu b\u00f6lgelerinde d\u00fc\u011f\u00fcn merasimlerine y\u00f6nelik sald\u0131r\u0131lar\u0131n\u0131 hat\u0131rlatan Bekayi, \u00f6d\u00fcll\u00fc Amerikan dizisi Homeland&#8217;de ABD g\u00fc\u00e7lerinin Pakistan&#8217;da bir [&hellip;]","og_url":"https:\/\/haberkuzey.com\/index.php\/2026\/09\/03\/iranli-yetkili-abd-ordusunun-sivilleri-asla-hedef-almayiz-iddiasini-reddetti\/","og_site_name":"Haber Kuzey","article_published_time":"2026-09-03T05:43:03+00:00","og_image":[{"url":"https:\/\/trthaberstatic.cdn.wp.trt.com.tr\/resimler\/2454000\/bekayi-2454642.jpg","type":"","width":"","height":""}],"author":"haberkuzey","twitter_card":"summary_large_image","twitter_misc":{"Yazan:":"haberkuzey","Tahmini okuma s\u00fcresi":"1 dakika"},"schema":{"@context":"https:\/\/schema.org","@graph":[{"@type":"Article","@id":"https:\/\/haberkuzey.com\/index.php\/2026\/09\/03\/iranli-yetkili-abd-ordusunun-sivilleri-asla-hedef-almayiz-iddiasini-reddetti\/#article","isPartOf":{"@id":"https:\/\/haberkuzey.com\/index.php\/2026\/09\/03\/iranli-yetkili-abd-ordusunun-sivilleri-asla-hedef-almayiz-iddiasini-reddetti\/"},"author":{"name":"haberkuzey","@id":"https:\/\/haberkuzey.com\/#\/schema\/person\/3372109ec735f9333f4fa47ebb9605ca"},"headline":"\u0130ranl\u0131 yetkili, ABD ordusunun &#8220;sivilleri asla hedef almay\u0131z&#8221; iddias\u0131n\u0131 reddetti","datePublished":"2026-09-03T05:43:03+00:00","mainEntityOfPage":{"@id":"https:\/\/haberkuzey.com\/index.php\/2026\/09\/03\/iranli-yetkili-abd-ordusunun-sivilleri-asla-hedef-almayiz-iddiasini-reddetti\/"},"wordCount":243,"commentCount":0,"image":{"@id":"https:\/\/haberkuzey.com\/index.php\/2026\/09\/03\/iranli-yetkili-abd-ordusunun-sivilleri-asla-hedef-almayiz-iddiasini-reddetti\/#primaryimage"},"thumbnailUrl":"https:\/\/haberkuzey.com\/wp-content\/uploads\/2026\/07\/bekayi-2454642.jpg","articleSection":["D\u00fcnya"],"inLanguage":"tr","potentialAction":[{"@type":"CommentAction","name":"Comment","target":["https:\/\/haberkuzey.com\/index.php\/2026\/09\/03\/iranli-yetkili-abd-ordusunun-sivilleri-asla-hedef-almayiz-iddiasini-reddetti\/#respond"]}]},{"@type":"WebPage","@id":"https:\/\/haberkuzey.com\/index.php\/2026\/09\/03\/iranli-yetkili-abd-ordusunun-sivilleri-asla-hedef-almayiz-iddiasini-reddetti\/","url":"https:\/\/haberkuzey.com\/index.php\/2026\/09\/03\/iranli-yetkili-abd-ordusunun-sivilleri-asla-hedef-almayiz-iddiasini-reddetti\/","name":"\u0130ranl\u0131 yetkili, ABD ordusunun \"sivilleri asla hedef almay\u0131z\" iddias\u0131n\u0131 reddetti - Haber Kuzey","isPartOf":{"@id":"https:\/\/haberkuzey.com\/#website"},"primaryImageOfPage":{"@id":"https:\/\/haberkuzey.com\/index.php\/2026\/09\/03\/iranli-yetkili-abd-ordusunun-sivilleri-asla-hedef-almayiz-iddiasini-reddetti\/#primaryimage"},"image":{"@id":"https:\/\/haberkuzey.com\/index.php\/2026\/09\/03\/iranli-yetkili-abd-ordusunun-sivilleri-asla-hedef-almayiz-iddiasini-reddetti\/#primaryimage"},"thumbnailUrl":"https:\/\/haberkuzey.com\/wp-content\/uploads\/2026\/07\/bekayi-2454642.jpg","datePublished":"2026-09-03T05:43:03+00:00","author":{"@id":"https:\/\/haberkuzey.com\/#\/schema\/person\/3372109ec735f9333f4fa47ebb9605ca"},"breadcrumb":{"@id":"https:\/\/haberkuzey.com\/index.php\/2026\/09\/03\/iranli-yetkili-abd-ordusunun-sivilleri-asla-hedef-almayiz-iddiasini-reddetti\/#breadcrumb"},"inLanguage":"tr","potentialAction":[{"@type":"ReadAction","target":["https:\/\/haberkuzey.com\/index.php\/2026\/09\/03\/iranli-yetkili-abd-ordusunun-sivilleri-asla-hedef-almayiz-iddiasini-reddetti\/"]}]},{"@type":"ImageObject","inLanguage":"tr","@id":"https:\/\/haberkuzey.com\/index.php\/2026\/09\/03\/iranli-yetkili-abd-ordusunun-sivilleri-asla-hedef-almayiz-iddiasini-reddetti\/#primaryimage","url":"https:\/\/haberkuzey.com\/wp-content\/uploads\/2026\/07\/bekayi-2454642.jpg","contentUrl":"https:\/\/haberkuzey.com\/wp-content\/uploads\/2026\/07\/bekayi-2454642.jpg","width":1280,"height":720},{"@type":"BreadcrumbList","@id":"https:\/\/haberkuzey.com\/index.php\/2026\/09\/03\/iranli-yetkili-abd-ordusunun-sivilleri-asla-hedef-almayiz-iddiasini-reddetti\/#breadcrumb","itemListElement":[{"@type":"ListItem","position":1,"name":"Anasayfa","item":"https:\/\/haberkuzey.com\/"},{"@type":"ListItem","position":2,"name":"\u0130ranl\u0131 yetkili, ABD ordusunun &#8220;sivilleri asla hedef almay\u0131z&#8221; iddias\u0131n\u0131 reddetti"}]},{"@type":"WebSite","@id":"https:\/\/haberkuzey.com\/#website","url":"https:\/\/haberkuzey.com\/","name":"Haber Kuzey","description":"Do\u011fru Haberin Adresi","potentialAction":[{"@type":"SearchAction","target":{"@type":"EntryPoint","urlTemplate":"https:\/\/haberkuzey.com\/?s={search_term_string}"},"query-input":{"@type":"PropertyValueSpecification","valueRequired":true,"valueName":"search_term_string"}}],"inLanguage":"tr"},{"@type":"Person","@id":"https:\/\/haberkuzey.com\/#\/schema\/person\/3372109ec735f9333f4fa47ebb9605ca","name":"haberkuzey","image":{"@type":"ImageObject","inLanguage":"tr","@id":"https:\/\/secure.gravatar.com\/avatar\/f5fc875574b1575324358c3b9e6a32b8227aa5b74f3fa22e3cadb63e26fcc39c?s=96&d=mm&r=g","url":"https:\/\/secure.gravatar.com\/avatar\/f5fc875574b1575324358c3b9e6a32b8227aa5b74f3fa22e3cadb63e26fcc39c?s=96&d=mm&r=g","contentUrl":"https:\/\/secure.gravatar.com\/avatar\/f5fc875574b1575324358c3b9e6a32b8227aa5b74f3fa22e3cadb63e26fcc39c?s=96&d=mm&r=g","caption":"haberkuzey"},"sameAs":["https:\/\/haberkuzey.com"],"url":"https:\/\/haberkuzey.com\/index.php\/author\/haberkuzey\/"}]}},"_links":{"self":[{"href":"https:\/\/haberkuzey.com\/index.php\/wp-json\/wp\/v2\/posts\/46403","targetHints":{"allow":["GET"]}}],"collection":[{"href":"https:\/\/haberkuzey.com\/index.php\/wp-json\/wp\/v2\/posts"}],"about":[{"href":"https:\/\/haberkuzey.com\/index.php\/wp-json\/wp\/v2\/types\/post"}],"author":[{"embeddable":true,"href":"https:\/\/haberkuzey.com\/index.php\/wp-json\/wp\/v2\/users\/1"}],"replies":[{"embeddable":true,"href":"https:\/\/haberkuzey.com\/index.php\/wp-json\/wp\/v2\/comments?post=46403"}],"version-history":[{"count":0,"href":"https:\/\/haberkuzey.com\/index.php\/wp-json\/wp\/v2\/posts\/46403\/revisions"}],"wp:featuredmedia":[{"embeddable":true,"href":"https:\/\/haberkuzey.com\/index.php\/wp-json\/wp\/v2\/media\/44888"}],"wp:attachment":[{"href":"https:\/\/haberkuzey.com\/index.php\/wp-json\/wp\/v2\/media?parent=46403"}],"wp:term":[{"taxonomy":"category","embeddable":true,"href":"https:\/\/haberkuzey.com\/index.php\/wp-json\/wp\/v2\/categories?post=46403"},{"taxonomy":"post_tag","embeddable":true,"href":"https:\/\/haberkuzey.com\/index.php\/wp-json\/wp\/v2\/tags?post=46403"}],"curies":[{"name":"wp","href":"https:\/\/api.w.org\/{rel}","templated":true}]}}