{"id":46394,"date":"2026-09-03T01:36:04","date_gmt":"2026-09-02T22:36:04","guid":{"rendered":"https:\/\/haberkuzey.com\/index.php\/2026\/09\/03\/appleda-tarihi-bayrak-degisimi-tim-cook-koltugu-devretti\/"},"modified":"2026-09-03T01:36:04","modified_gmt":"2026-09-02T22:36:04","slug":"appleda-tarihi-bayrak-degisimi-tim-cook-koltugu-devretti","status":"publish","type":"post","link":"https:\/\/haberkuzey.com\/index.php\/2026\/09\/03\/appleda-tarihi-bayrak-degisimi-tim-cook-koltugu-devretti\/","title":{"rendered":"Apple\u2019da tarihi bayrak de\u011fi\u015fimi: Tim Cook koltu\u011fu devretti"},"content":{"rendered":"<p><\/p>\n<div>\n<p>&#13;<br \/>\n\tD\u00fcnyan\u0131n en de\u011ferli teknoloji \u015firketi unvan\u0131n\u0131 ta\u015f\u0131yan 4,7 trilyon dolarl\u0131k Apple&#8217;da yeni bir d\u00f6nem ba\u015flad\u0131. \u015eirketi 2011 y\u0131l\u0131ndan bu yana y\u00f6neten Tim Cook, genel m\u00fcd\u00fcrl\u00fck koltu\u011funu \u015firketin donan\u0131m mimarlar\u0131ndan John Ternus&#8217;a devretti.<\/p>\n<p>&#13;<br \/>\n\tCook, yeni unvan\u0131 olan icra kurulu ba\u015fkanl\u0131\u011f\u0131 kapsam\u0131nda 2 milyon dolar taban maa\u015f ve 45 milyon dolarl\u0131k hisse senedinden olu\u015fan 47 milyon dolarl\u0131k bir paket alacak.<\/p>\n<p>&#13;<br \/>\n\tG\u00f6revi devralan Ternus ise 3 milyon dolar taban maa\u015f ve performansa dayal\u0131 55 milyon dolarl\u0131k hisse \u00f6d\u00fcl\u00fcyle toplam 58 milyon dolarl\u0131k bir hak edi\u015fe sahip olacak.<\/p>\n<h2>&#13;<br \/>\n\tTarihi b\u00fcy\u00fcmenin ard\u0131ndan yeni g\u00f6rev tan\u0131m\u0131<\/h2>\n<p>&#13;<br \/>\n\tSteve Jobs&#8217;\u0131n ard\u0131ndan g\u00f6reve geldi\u011fi g\u00fcnden bu yana \u015firket hisselerinin y\u00fczde 2 bin 200 de\u011fer kazanmas\u0131n\u0131 sa\u011flayan Cook, Apple&#8217;\u0131n piyasa de\u011ferini 350 milyar dolardan 4,7 trilyon dolara ta\u015f\u0131yan devrim niteli\u011findeki tedarik zincirini kurdu.<\/p>\n<p>&#13;<br \/>\n\tCook, yeni rol\u00fcnde k\u00fcresel politika yap\u0131c\u0131larla ili\u015fkileri y\u00f6netecek, \u015firketin kritik \u00fcretim merkezi olan \u00c7in ile diplomatik temaslar\u0131n\u0131 s\u00fcrd\u00fcrecek ve Washington y\u00f6netimiyle dengeleri g\u00f6zetecek. \u00c7al\u0131\u015fanlar\u0131na hitaben yay\u0131mlad\u0131\u011f\u0131 veda notunda Cook, \u015firketin gelece\u011fini emin ellere teslim etti\u011fini ve Ternus&#8217;un d\u00fcnyay\u0131 de\u011fi\u015ftiren \u00fcr\u00fcnler \u00fcretme konusundaki yetkinli\u011fine tam g\u00fcven duydu\u011funu vurgulad\u0131.<\/p>\n<h2>&#13;<br \/>\n\tYeni genel m\u00fcd\u00fcr\u00fcn ilk s\u0131nav\u0131 eyl\u00fclde<\/h2>\n<p>&#13;<br \/>\n\tApple&#8217;\u0131n donan\u0131m m\u00fchendisli\u011finden sorumlu k\u0131demli ba\u015fkan yard\u0131mc\u0131l\u0131\u011f\u0131 g\u00f6revinden genel m\u00fcd\u00fcrl\u00fc\u011fe y\u00fckselen 51 ya\u015f\u0131ndaki Ternus, bug\u00fcne kadar iPhone ba\u015fta olmak \u00fczere \u015firketin temel donan\u0131m s\u00fcre\u00e7lerini y\u00f6netti.<\/p>\n<p>&#13;<br \/>\n\tAnalistler, yeni d\u00f6nemde donan\u0131m ile yapay zekan\u0131n \u00e7ok daha derin bir \u015fekilde entegre edilmesini bekliyor. Ternus&#8217;un \u015firketin lideri olarak ilk kez sahneye \u00e7\u0131kaca\u011f\u0131 9 Eyl\u00fcl tarihindeki y\u0131ll\u0131k tan\u0131t\u0131m etkinli\u011finde, katlanabilir yeni telefon modelini tan\u0131tmas\u0131 bekleniyor.<\/p>\n<\/p><\/div>\n","protected":false},"excerpt":{"rendered":"<p>&#13; D\u00fcnyan\u0131n en de\u011ferli teknoloji \u015firketi unvan\u0131n\u0131 ta\u015f\u0131yan 4,7 trilyon dolarl\u0131k Apple&#8217;da yeni bir d\u00f6nem ba\u015flad\u0131. \u015eirketi 2011 y\u0131l\u0131ndan bu yana y\u00f6neten Tim Cook, genel m\u00fcd\u00fcrl\u00fck koltu\u011funu \u015firketin donan\u0131m mimarlar\u0131ndan John Ternus&#8217;a devretti. &#13; Cook, yeni unvan\u0131 olan icra kurulu ba\u015fkanl\u0131\u011f\u0131 kapsam\u0131nda 2 milyon dolar taban maa\u015f ve 45 milyon dolarl\u0131k hisse senedinden olu\u015fan 47 [&hellip;]<\/p>\n","protected":false},"author":1,"featured_media":31827,"comment_status":"open","ping_status":"open","sticky":false,"template":"","format":"standard","meta":{"jnews-multi-image_gallery":[],"jnews_single_post":[],"jnews_primary_category":[],"footnotes":""},"categories":[2],"tags":[],"class_list":["post-46394","post","type-post","status-publish","format-standard","has-post-thumbnail","hentry","category-dunya"],"yoast_head":"<!-- This site is optimized with the Yoast SEO plugin v28.4 - https:\/\/yoast.com\/product\/yoast-seo-wordpress\/ -->\n<title>Apple\u2019da tarihi bayrak de\u011fi\u015fimi: Tim Cook koltu\u011fu devretti - Haber Kuzey<\/title>\n<meta name=\"robots\" content=\"index, follow, max-snippet:-1, max-image-preview:large, max-video-preview:-1\" \/>\n<link rel=\"canonical\" href=\"https:\/\/haberkuzey.com\/index.php\/2026\/09\/03\/appleda-tarihi-bayrak-degisimi-tim-cook-koltugu-devretti\/\" \/>\n<meta property=\"og:locale\" content=\"tr_TR\" \/>\n<meta property=\"og:type\" content=\"article\" \/>\n<meta property=\"og:title\" content=\"Apple\u2019da tarihi bayrak de\u011fi\u015fimi: Tim Cook koltu\u011fu devretti - Haber Kuzey\" \/>\n<meta property=\"og:description\" content=\"&#013; D\u00fcnyan\u0131n en de\u011ferli teknoloji \u015firketi unvan\u0131n\u0131 ta\u015f\u0131yan 4,7 trilyon dolarl\u0131k Apple&#8217;da yeni bir d\u00f6nem ba\u015flad\u0131. \u015eirketi 2011 y\u0131l\u0131ndan bu yana y\u00f6neten Tim Cook, genel m\u00fcd\u00fcrl\u00fck koltu\u011funu \u015firketin donan\u0131m mimarlar\u0131ndan John Ternus&#8217;a devretti. &#013; Cook, yeni unvan\u0131 olan icra kurulu ba\u015fkanl\u0131\u011f\u0131 kapsam\u0131nda 2 milyon dolar taban maa\u015f ve 45 milyon dolarl\u0131k hisse senedinden olu\u015fan 47 [&hellip;]\" \/>\n<meta property=\"og:url\" content=\"https:\/\/haberkuzey.com\/index.php\/2026\/09\/03\/appleda-tarihi-bayrak-degisimi-tim-cook-koltugu-devretti\/\" \/>\n<meta property=\"og:site_name\" content=\"Haber Kuzey\" \/>\n<meta property=\"article:published_time\" content=\"2026-09-02T22:36:04+00:00\" \/>\n<meta property=\"og:image\" content=\"https:\/\/trthaberstatic.cdn.wp.trt.com.tr\/resimler\/1772000\/apple-tim-cook-reu-1772313.jpg\" \/>\n<meta name=\"author\" content=\"haberkuzey\" \/>\n<meta name=\"twitter:card\" content=\"summary_large_image\" \/>\n<meta name=\"twitter:label1\" content=\"Yazan:\" \/>\n\t<meta name=\"twitter:data1\" content=\"haberkuzey\" \/>\n\t<meta name=\"twitter:label2\" content=\"Tahmini okuma s\u00fcresi\" \/>\n\t<meta name=\"twitter:data2\" content=\"2 dakika\" \/>\n<script type=\"application\/ld+json\" class=\"yoast-schema-graph\">{\"@context\":\"https:\\\/\\\/schema.org\",\"@graph\":[{\"@type\":\"Article\",\"@id\":\"https:\\\/\\\/haberkuzey.com\\\/index.php\\\/2026\\\/09\\\/03\\\/appleda-tarihi-bayrak-degisimi-tim-cook-koltugu-devretti\\\/#article\",\"isPartOf\":{\"@id\":\"https:\\\/\\\/haberkuzey.com\\\/index.php\\\/2026\\\/09\\\/03\\\/appleda-tarihi-bayrak-degisimi-tim-cook-koltugu-devretti\\\/\"},\"author\":{\"name\":\"haberkuzey\",\"@id\":\"https:\\\/\\\/haberkuzey.com\\\/#\\\/schema\\\/person\\\/3372109ec735f9333f4fa47ebb9605ca\"},\"headline\":\"Apple\u2019da tarihi bayrak de\u011fi\u015fimi: Tim Cook koltu\u011fu devretti\",\"datePublished\":\"2026-09-02T22:36:04+00:00\",\"mainEntityOfPage\":{\"@id\":\"https:\\\/\\\/haberkuzey.com\\\/index.php\\\/2026\\\/09\\\/03\\\/appleda-tarihi-bayrak-degisimi-tim-cook-koltugu-devretti\\\/\"},\"wordCount\":342,\"commentCount\":0,\"image\":{\"@id\":\"https:\\\/\\\/haberkuzey.com\\\/index.php\\\/2026\\\/09\\\/03\\\/appleda-tarihi-bayrak-degisimi-tim-cook-koltugu-devretti\\\/#primaryimage\"},\"thumbnailUrl\":\"https:\\\/\\\/haberkuzey.com\\\/wp-content\\\/uploads\\\/2025\\\/11\\\/apple-tim-cook-reu-1772313.jpg\",\"articleSection\":[\"D\u00fcnya\"],\"inLanguage\":\"tr\",\"potentialAction\":[{\"@type\":\"CommentAction\",\"name\":\"Comment\",\"target\":[\"https:\\\/\\\/haberkuzey.com\\\/index.php\\\/2026\\\/09\\\/03\\\/appleda-tarihi-bayrak-degisimi-tim-cook-koltugu-devretti\\\/#respond\"]}]},{\"@type\":\"WebPage\",\"@id\":\"https:\\\/\\\/haberkuzey.com\\\/index.php\\\/2026\\\/09\\\/03\\\/appleda-tarihi-bayrak-degisimi-tim-cook-koltugu-devretti\\\/\",\"url\":\"https:\\\/\\\/haberkuzey.com\\\/index.php\\\/2026\\\/09\\\/03\\\/appleda-tarihi-bayrak-degisimi-tim-cook-koltugu-devretti\\\/\",\"name\":\"Apple\u2019da tarihi bayrak de\u011fi\u015fimi: Tim Cook koltu\u011fu devretti - Haber Kuzey\",\"isPartOf\":{\"@id\":\"https:\\\/\\\/haberkuzey.com\\\/#website\"},\"primaryImageOfPage\":{\"@id\":\"https:\\\/\\\/haberkuzey.com\\\/index.php\\\/2026\\\/09\\\/03\\\/appleda-tarihi-bayrak-degisimi-tim-cook-koltugu-devretti\\\/#primaryimage\"},\"image\":{\"@id\":\"https:\\\/\\\/haberkuzey.com\\\/index.php\\\/2026\\\/09\\\/03\\\/appleda-tarihi-bayrak-degisimi-tim-cook-koltugu-devretti\\\/#primaryimage\"},\"thumbnailUrl\":\"https:\\\/\\\/haberkuzey.com\\\/wp-content\\\/uploads\\\/2025\\\/11\\\/apple-tim-cook-reu-1772313.jpg\",\"datePublished\":\"2026-09-02T22:36:04+00:00\",\"author\":{\"@id\":\"https:\\\/\\\/haberkuzey.com\\\/#\\\/schema\\\/person\\\/3372109ec735f9333f4fa47ebb9605ca\"},\"breadcrumb\":{\"@id\":\"https:\\\/\\\/haberkuzey.com\\\/index.php\\\/2026\\\/09\\\/03\\\/appleda-tarihi-bayrak-degisimi-tim-cook-koltugu-devretti\\\/#breadcrumb\"},\"inLanguage\":\"tr\",\"potentialAction\":[{\"@type\":\"ReadAction\",\"target\":[\"https:\\\/\\\/haberkuzey.com\\\/index.php\\\/2026\\\/09\\\/03\\\/appleda-tarihi-bayrak-degisimi-tim-cook-koltugu-devretti\\\/\"]}]},{\"@type\":\"ImageObject\",\"inLanguage\":\"tr\",\"@id\":\"https:\\\/\\\/haberkuzey.com\\\/index.php\\\/2026\\\/09\\\/03\\\/appleda-tarihi-bayrak-degisimi-tim-cook-koltugu-devretti\\\/#primaryimage\",\"url\":\"https:\\\/\\\/haberkuzey.com\\\/wp-content\\\/uploads\\\/2025\\\/11\\\/apple-tim-cook-reu-1772313.jpg\",\"contentUrl\":\"https:\\\/\\\/haberkuzey.com\\\/wp-content\\\/uploads\\\/2025\\\/11\\\/apple-tim-cook-reu-1772313.jpg\",\"width\":1280,\"height\":720},{\"@type\":\"BreadcrumbList\",\"@id\":\"https:\\\/\\\/haberkuzey.com\\\/index.php\\\/2026\\\/09\\\/03\\\/appleda-tarihi-bayrak-degisimi-tim-cook-koltugu-devretti\\\/#breadcrumb\",\"itemListElement\":[{\"@type\":\"ListItem\",\"position\":1,\"name\":\"Anasayfa\",\"item\":\"https:\\\/\\\/haberkuzey.com\\\/\"},{\"@type\":\"ListItem\",\"position\":2,\"name\":\"Apple\u2019da tarihi bayrak de\u011fi\u015fimi: Tim Cook koltu\u011fu devretti\"}]},{\"@type\":\"WebSite\",\"@id\":\"https:\\\/\\\/haberkuzey.com\\\/#website\",\"url\":\"https:\\\/\\\/haberkuzey.com\\\/\",\"name\":\"Haber Kuzey\",\"description\":\"Do\u011fru Haberin Adresi\",\"potentialAction\":[{\"@type\":\"SearchAction\",\"target\":{\"@type\":\"EntryPoint\",\"urlTemplate\":\"https:\\\/\\\/haberkuzey.com\\\/?s={search_term_string}\"},\"query-input\":{\"@type\":\"PropertyValueSpecification\",\"valueRequired\":true,\"valueName\":\"search_term_string\"}}],\"inLanguage\":\"tr\"},{\"@type\":\"Person\",\"@id\":\"https:\\\/\\\/haberkuzey.com\\\/#\\\/schema\\\/person\\\/3372109ec735f9333f4fa47ebb9605ca\",\"name\":\"haberkuzey\",\"image\":{\"@type\":\"ImageObject\",\"inLanguage\":\"tr\",\"@id\":\"https:\\\/\\\/secure.gravatar.com\\\/avatar\\\/f5fc875574b1575324358c3b9e6a32b8227aa5b74f3fa22e3cadb63e26fcc39c?s=96&d=mm&r=g\",\"url\":\"https:\\\/\\\/secure.gravatar.com\\\/avatar\\\/f5fc875574b1575324358c3b9e6a32b8227aa5b74f3fa22e3cadb63e26fcc39c?s=96&d=mm&r=g\",\"contentUrl\":\"https:\\\/\\\/secure.gravatar.com\\\/avatar\\\/f5fc875574b1575324358c3b9e6a32b8227aa5b74f3fa22e3cadb63e26fcc39c?s=96&d=mm&r=g\",\"caption\":\"haberkuzey\"},\"sameAs\":[\"https:\\\/\\\/haberkuzey.com\"],\"url\":\"https:\\\/\\\/haberkuzey.com\\\/index.php\\\/author\\\/haberkuzey\\\/\"}]}<\/script>\n<!-- \/ Yoast SEO plugin. -->","yoast_head_json":{"title":"Apple\u2019da tarihi bayrak de\u011fi\u015fimi: Tim Cook koltu\u011fu devretti - Haber Kuzey","robots":{"index":"index","follow":"follow","max-snippet":"max-snippet:-1","max-image-preview":"max-image-preview:large","max-video-preview":"max-video-preview:-1"},"canonical":"https:\/\/haberkuzey.com\/index.php\/2026\/09\/03\/appleda-tarihi-bayrak-degisimi-tim-cook-koltugu-devretti\/","og_locale":"tr_TR","og_type":"article","og_title":"Apple\u2019da tarihi bayrak de\u011fi\u015fimi: Tim Cook koltu\u011fu devretti - Haber Kuzey","og_description":"&#13; D\u00fcnyan\u0131n en de\u011ferli teknoloji \u015firketi unvan\u0131n\u0131 ta\u015f\u0131yan 4,7 trilyon dolarl\u0131k Apple&#8217;da yeni bir d\u00f6nem ba\u015flad\u0131. \u015eirketi 2011 y\u0131l\u0131ndan bu yana y\u00f6neten Tim Cook, genel m\u00fcd\u00fcrl\u00fck koltu\u011funu \u015firketin donan\u0131m mimarlar\u0131ndan John Ternus&#8217;a devretti. &#13; Cook, yeni unvan\u0131 olan icra kurulu ba\u015fkanl\u0131\u011f\u0131 kapsam\u0131nda 2 milyon dolar taban maa\u015f ve 45 milyon dolarl\u0131k hisse senedinden olu\u015fan 47 [&hellip;]","og_url":"https:\/\/haberkuzey.com\/index.php\/2026\/09\/03\/appleda-tarihi-bayrak-degisimi-tim-cook-koltugu-devretti\/","og_site_name":"Haber Kuzey","article_published_time":"2026-09-02T22:36:04+00:00","og_image":[{"url":"https:\/\/trthaberstatic.cdn.wp.trt.com.tr\/resimler\/1772000\/apple-tim-cook-reu-1772313.jpg","type":"","width":"","height":""}],"author":"haberkuzey","twitter_card":"summary_large_image","twitter_misc":{"Yazan:":"haberkuzey","Tahmini okuma s\u00fcresi":"2 dakika"},"schema":{"@context":"https:\/\/schema.org","@graph":[{"@type":"Article","@id":"https:\/\/haberkuzey.com\/index.php\/2026\/09\/03\/appleda-tarihi-bayrak-degisimi-tim-cook-koltugu-devretti\/#article","isPartOf":{"@id":"https:\/\/haberkuzey.com\/index.php\/2026\/09\/03\/appleda-tarihi-bayrak-degisimi-tim-cook-koltugu-devretti\/"},"author":{"name":"haberkuzey","@id":"https:\/\/haberkuzey.com\/#\/schema\/person\/3372109ec735f9333f4fa47ebb9605ca"},"headline":"Apple\u2019da tarihi bayrak de\u011fi\u015fimi: Tim Cook koltu\u011fu devretti","datePublished":"2026-09-02T22:36:04+00:00","mainEntityOfPage":{"@id":"https:\/\/haberkuzey.com\/index.php\/2026\/09\/03\/appleda-tarihi-bayrak-degisimi-tim-cook-koltugu-devretti\/"},"wordCount":342,"commentCount":0,"image":{"@id":"https:\/\/haberkuzey.com\/index.php\/2026\/09\/03\/appleda-tarihi-bayrak-degisimi-tim-cook-koltugu-devretti\/#primaryimage"},"thumbnailUrl":"https:\/\/haberkuzey.com\/wp-content\/uploads\/2025\/11\/apple-tim-cook-reu-1772313.jpg","articleSection":["D\u00fcnya"],"inLanguage":"tr","potentialAction":[{"@type":"CommentAction","name":"Comment","target":["https:\/\/haberkuzey.com\/index.php\/2026\/09\/03\/appleda-tarihi-bayrak-degisimi-tim-cook-koltugu-devretti\/#respond"]}]},{"@type":"WebPage","@id":"https:\/\/haberkuzey.com\/index.php\/2026\/09\/03\/appleda-tarihi-bayrak-degisimi-tim-cook-koltugu-devretti\/","url":"https:\/\/haberkuzey.com\/index.php\/2026\/09\/03\/appleda-tarihi-bayrak-degisimi-tim-cook-koltugu-devretti\/","name":"Apple\u2019da tarihi bayrak de\u011fi\u015fimi: Tim Cook koltu\u011fu devretti - Haber Kuzey","isPartOf":{"@id":"https:\/\/haberkuzey.com\/#website"},"primaryImageOfPage":{"@id":"https:\/\/haberkuzey.com\/index.php\/2026\/09\/03\/appleda-tarihi-bayrak-degisimi-tim-cook-koltugu-devretti\/#primaryimage"},"image":{"@id":"https:\/\/haberkuzey.com\/index.php\/2026\/09\/03\/appleda-tarihi-bayrak-degisimi-tim-cook-koltugu-devretti\/#primaryimage"},"thumbnailUrl":"https:\/\/haberkuzey.com\/wp-content\/uploads\/2025\/11\/apple-tim-cook-reu-1772313.jpg","datePublished":"2026-09-02T22:36:04+00:00","author":{"@id":"https:\/\/haberkuzey.com\/#\/schema\/person\/3372109ec735f9333f4fa47ebb9605ca"},"breadcrumb":{"@id":"https:\/\/haberkuzey.com\/index.php\/2026\/09\/03\/appleda-tarihi-bayrak-degisimi-tim-cook-koltugu-devretti\/#breadcrumb"},"inLanguage":"tr","potentialAction":[{"@type":"ReadAction","target":["https:\/\/haberkuzey.com\/index.php\/2026\/09\/03\/appleda-tarihi-bayrak-degisimi-tim-cook-koltugu-devretti\/"]}]},{"@type":"ImageObject","inLanguage":"tr","@id":"https:\/\/haberkuzey.com\/index.php\/2026\/09\/03\/appleda-tarihi-bayrak-degisimi-tim-cook-koltugu-devretti\/#primaryimage","url":"https:\/\/haberkuzey.com\/wp-content\/uploads\/2025\/11\/apple-tim-cook-reu-1772313.jpg","contentUrl":"https:\/\/haberkuzey.com\/wp-content\/uploads\/2025\/11\/apple-tim-cook-reu-1772313.jpg","width":1280,"height":720},{"@type":"BreadcrumbList","@id":"https:\/\/haberkuzey.com\/index.php\/2026\/09\/03\/appleda-tarihi-bayrak-degisimi-tim-cook-koltugu-devretti\/#breadcrumb","itemListElement":[{"@type":"ListItem","position":1,"name":"Anasayfa","item":"https:\/\/haberkuzey.com\/"},{"@type":"ListItem","position":2,"name":"Apple\u2019da tarihi bayrak de\u011fi\u015fimi: Tim Cook koltu\u011fu devretti"}]},{"@type":"WebSite","@id":"https:\/\/haberkuzey.com\/#website","url":"https:\/\/haberkuzey.com\/","name":"Haber Kuzey","description":"Do\u011fru Haberin Adresi","potentialAction":[{"@type":"SearchAction","target":{"@type":"EntryPoint","urlTemplate":"https:\/\/haberkuzey.com\/?s={search_term_string}"},"query-input":{"@type":"PropertyValueSpecification","valueRequired":true,"valueName":"search_term_string"}}],"inLanguage":"tr"},{"@type":"Person","@id":"https:\/\/haberkuzey.com\/#\/schema\/person\/3372109ec735f9333f4fa47ebb9605ca","name":"haberkuzey","image":{"@type":"ImageObject","inLanguage":"tr","@id":"https:\/\/secure.gravatar.com\/avatar\/f5fc875574b1575324358c3b9e6a32b8227aa5b74f3fa22e3cadb63e26fcc39c?s=96&d=mm&r=g","url":"https:\/\/secure.gravatar.com\/avatar\/f5fc875574b1575324358c3b9e6a32b8227aa5b74f3fa22e3cadb63e26fcc39c?s=96&d=mm&r=g","contentUrl":"https:\/\/secure.gravatar.com\/avatar\/f5fc875574b1575324358c3b9e6a32b8227aa5b74f3fa22e3cadb63e26fcc39c?s=96&d=mm&r=g","caption":"haberkuzey"},"sameAs":["https:\/\/haberkuzey.com"],"url":"https:\/\/haberkuzey.com\/index.php\/author\/haberkuzey\/"}]}},"_links":{"self":[{"href":"https:\/\/haberkuzey.com\/index.php\/wp-json\/wp\/v2\/posts\/46394","targetHints":{"allow":["GET"]}}],"collection":[{"href":"https:\/\/haberkuzey.com\/index.php\/wp-json\/wp\/v2\/posts"}],"about":[{"href":"https:\/\/haberkuzey.com\/index.php\/wp-json\/wp\/v2\/types\/post"}],"author":[{"embeddable":true,"href":"https:\/\/haberkuzey.com\/index.php\/wp-json\/wp\/v2\/users\/1"}],"replies":[{"embeddable":true,"href":"https:\/\/haberkuzey.com\/index.php\/wp-json\/wp\/v2\/comments?post=46394"}],"version-history":[{"count":0,"href":"https:\/\/haberkuzey.com\/index.php\/wp-json\/wp\/v2\/posts\/46394\/revisions"}],"wp:featuredmedia":[{"embeddable":true,"href":"https:\/\/haberkuzey.com\/index.php\/wp-json\/wp\/v2\/media\/31827"}],"wp:attachment":[{"href":"https:\/\/haberkuzey.com\/index.php\/wp-json\/wp\/v2\/media?parent=46394"}],"wp:term":[{"taxonomy":"category","embeddable":true,"href":"https:\/\/haberkuzey.com\/index.php\/wp-json\/wp\/v2\/categories?post=46394"},{"taxonomy":"post_tag","embeddable":true,"href":"https:\/\/haberkuzey.com\/index.php\/wp-json\/wp\/v2\/tags?post=46394"}],"curies":[{"name":"wp","href":"https:\/\/api.w.org\/{rel}","templated":true}]}}