{"id":46391,"date":"2026-09-02T23:34:05","date_gmt":"2026-09-02T20:34:05","guid":{"rendered":"https:\/\/haberkuzey.com\/index.php\/2026\/09\/02\/trump-istedikleri-zaman-irana-yeniden-saldirmaya-hazir-olduklarini-soyledi\/"},"modified":"2026-09-02T23:34:05","modified_gmt":"2026-09-02T20:34:05","slug":"trump-istedikleri-zaman-irana-yeniden-saldirmaya-hazir-olduklarini-soyledi","status":"publish","type":"post","link":"https:\/\/haberkuzey.com\/index.php\/2026\/09\/02\/trump-istedikleri-zaman-irana-yeniden-saldirmaya-hazir-olduklarini-soyledi\/","title":{"rendered":"Trump, &#8220;istedikleri zaman&#8221; \u0130ran&#8217;a yeniden sald\u0131rmaya haz\u0131r olduklar\u0131n\u0131 s\u00f6yledi"},"content":{"rendered":"<p><\/p>\n<div>\n<p>&#13;<br \/>\n\tABD Ba\u015fkan\u0131 Trump, Oval Ofis&#8217;te bas\u0131n mensuplar\u0131n\u0131n \u0130ran g\u00fcndemine ili\u015fkin sorular\u0131n\u0131 yan\u0131tlad\u0131.<\/p>\n<p>&#13;<br \/>\n\tTrump, \u0130ran&#8217;a y\u00f6nelik son &#8220;tehditlerini&#8221; yineleyerek, \u0130ran&#8217;a &#8220;istedikleri zaman&#8221; yeniden sald\u0131rmaya haz\u0131r olduklar\u0131n\u0131 ifade etti.<\/p>\n<p>&#13;<br \/>\n\tD\u00fcn ABD ordusunun H\u00fcrm\u00fcz Bo\u011faz\u0131 b\u00f6lgesindeki \u0130ran hedeflerine y\u00f6nelik sald\u0131r\u0131lar\u0131n\u0131n &#8220;\u00e7ok ba\u015far\u0131l\u0131&#8221; oldu\u011funu savunan Trump, &#8220;D\u00fcn gece onlar\u0131 \u00e7ok sert vurduk. Onlar ise hafif bir kar\u015f\u0131l\u0131k verdiler ama d\u00fcn gece onlara \u00e7ok sert vurdum.&#8221; dedi.<\/p>\n<p>&#13;<br \/>\n\tTrump, H\u00fcrm\u00fcz Bo\u011faz\u0131&#8217;n\u0131n tamamen ABD&#8217;nin kontrol\u00fcnde oldu\u011funu savundu.<\/p>\n<h2>&#13;<br \/>\n\t&#8220;Bo\u011fazdaki kontrol\u00fcm\u00fcz \u00e7ok net&#8221;<\/h2>\n<p>&#13;<br \/>\n\t\u00c7ok say\u0131da petrol tankerinin g\u00fcnl\u00fck olarak bo\u011fazdan ge\u00e7meye devam etti\u011fini s\u00f6yleyen Trump, &#8220;Bunu b\u00fcy\u00fck \u00f6l\u00e7\u00fcde sorunsuz bir \u015fekilde yap\u0131yoruz. Arada bir insans\u0131z hava arac\u0131n\u0131 vurup d\u00fc\u015f\u00fcr\u00fcyorlar ancak bo\u011fazdaki kontrol\u00fcm\u00fcz \u00e7ok net.&#8221; de\u011ferlendirmesini yapt\u0131.<\/p>\n<p>&#13;<br \/>\n\tABD Ba\u015fkan\u0131 ayr\u0131ca H\u00fcrm\u00fcz Bo\u011faz\u0131&#8217;n\u0131n ad\u0131n\u0131 &#8220;Trump Bo\u011faz\u0131&#8221; olarak de\u011fi\u015ftirme y\u00f6n\u00fcndeki son a\u00e7\u0131klamas\u0131n\u0131n sorulmas\u0131 \u00fczerine, &#8220;Sadece \u00f6yle bir fikir ortaya att\u0131m.&#8221; ifadesini kulland\u0131.<\/p>\n<p>&#13;<br \/>\n\tTrump, &#8220;\u0130ran n\u00fckleer silaha sahip olamayacak. Bu i\u015fin \u00e7ok uzun s\u00fcrmeyece\u011fini d\u00fc\u015f\u00fcn\u00fcyorum, daha ne kadar dayanabileceklerini bilmiyorum.&#8221; diye konu\u015ftu.<\/p>\n<\/p><\/div>\n","protected":false},"excerpt":{"rendered":"<p>&#13; ABD Ba\u015fkan\u0131 Trump, Oval Ofis&#8217;te bas\u0131n mensuplar\u0131n\u0131n \u0130ran g\u00fcndemine ili\u015fkin sorular\u0131n\u0131 yan\u0131tlad\u0131. &#13; Trump, \u0130ran&#8217;a y\u00f6nelik son &#8220;tehditlerini&#8221; yineleyerek, \u0130ran&#8217;a &#8220;istedikleri zaman&#8221; yeniden sald\u0131rmaya haz\u0131r olduklar\u0131n\u0131 ifade etti. &#13; D\u00fcn ABD ordusunun H\u00fcrm\u00fcz Bo\u011faz\u0131 b\u00f6lgesindeki \u0130ran hedeflerine y\u00f6nelik sald\u0131r\u0131lar\u0131n\u0131n &#8220;\u00e7ok ba\u015far\u0131l\u0131&#8221; oldu\u011funu savunan Trump, &#8220;D\u00fcn gece onlar\u0131 \u00e7ok sert vurduk. Onlar ise hafif bir [&hellip;]<\/p>\n","protected":false},"author":1,"featured_media":40967,"comment_status":"open","ping_status":"open","sticky":false,"template":"","format":"standard","meta":{"jnews-multi-image_gallery":[],"jnews_single_post":[],"jnews_primary_category":[],"footnotes":""},"categories":[2],"tags":[],"class_list":["post-46391","post","type-post","status-publish","format-standard","has-post-thumbnail","hentry","category-dunya"],"yoast_head":"<!-- This site is optimized with the Yoast SEO plugin v28.4 - https:\/\/yoast.com\/product\/yoast-seo-wordpress\/ -->\n<title>Trump, &quot;istedikleri zaman&quot; \u0130ran&#039;a yeniden sald\u0131rmaya haz\u0131r olduklar\u0131n\u0131 s\u00f6yledi - Haber Kuzey<\/title>\n<meta name=\"robots\" content=\"index, follow, max-snippet:-1, max-image-preview:large, max-video-preview:-1\" \/>\n<link rel=\"canonical\" href=\"https:\/\/haberkuzey.com\/index.php\/2026\/09\/02\/trump-istedikleri-zaman-irana-yeniden-saldirmaya-hazir-olduklarini-soyledi\/\" \/>\n<meta property=\"og:locale\" content=\"tr_TR\" \/>\n<meta property=\"og:type\" content=\"article\" \/>\n<meta property=\"og:title\" content=\"Trump, &quot;istedikleri zaman&quot; \u0130ran&#039;a yeniden sald\u0131rmaya haz\u0131r olduklar\u0131n\u0131 s\u00f6yledi - Haber Kuzey\" \/>\n<meta property=\"og:description\" content=\"&#013; ABD Ba\u015fkan\u0131 Trump, Oval Ofis&#8217;te bas\u0131n mensuplar\u0131n\u0131n \u0130ran g\u00fcndemine ili\u015fkin sorular\u0131n\u0131 yan\u0131tlad\u0131. &#013; Trump, \u0130ran&#8217;a y\u00f6nelik son &#8220;tehditlerini&#8221; yineleyerek, \u0130ran&#8217;a &#8220;istedikleri zaman&#8221; yeniden sald\u0131rmaya haz\u0131r olduklar\u0131n\u0131 ifade etti. &#013; D\u00fcn ABD ordusunun H\u00fcrm\u00fcz Bo\u011faz\u0131 b\u00f6lgesindeki \u0130ran hedeflerine y\u00f6nelik sald\u0131r\u0131lar\u0131n\u0131n &#8220;\u00e7ok ba\u015far\u0131l\u0131&#8221; oldu\u011funu savunan Trump, &#8220;D\u00fcn gece onlar\u0131 \u00e7ok sert vurduk. Onlar ise hafif bir [&hellip;]\" \/>\n<meta property=\"og:url\" content=\"https:\/\/haberkuzey.com\/index.php\/2026\/09\/02\/trump-istedikleri-zaman-irana-yeniden-saldirmaya-hazir-olduklarini-soyledi\/\" \/>\n<meta property=\"og:site_name\" content=\"Haber Kuzey\" \/>\n<meta property=\"article:published_time\" content=\"2026-09-02T20:34:05+00:00\" \/>\n<meta property=\"og:image\" content=\"https:\/\/trthaberstatic.cdn.wp.trt.com.tr\/resimler\/2464000\/iran-2465060.jpg\" \/>\n<meta name=\"author\" content=\"haberkuzey\" \/>\n<meta name=\"twitter:card\" content=\"summary_large_image\" \/>\n<meta name=\"twitter:label1\" content=\"Yazan:\" \/>\n\t<meta name=\"twitter:data1\" content=\"haberkuzey\" \/>\n\t<meta name=\"twitter:label2\" content=\"Tahmini okuma s\u00fcresi\" \/>\n\t<meta name=\"twitter:data2\" content=\"1 dakika\" \/>\n<script type=\"application\/ld+json\" class=\"yoast-schema-graph\">{\"@context\":\"https:\\\/\\\/schema.org\",\"@graph\":[{\"@type\":\"Article\",\"@id\":\"https:\\\/\\\/haberkuzey.com\\\/index.php\\\/2026\\\/09\\\/02\\\/trump-istedikleri-zaman-irana-yeniden-saldirmaya-hazir-olduklarini-soyledi\\\/#article\",\"isPartOf\":{\"@id\":\"https:\\\/\\\/haberkuzey.com\\\/index.php\\\/2026\\\/09\\\/02\\\/trump-istedikleri-zaman-irana-yeniden-saldirmaya-hazir-olduklarini-soyledi\\\/\"},\"author\":{\"name\":\"haberkuzey\",\"@id\":\"https:\\\/\\\/haberkuzey.com\\\/#\\\/schema\\\/person\\\/3372109ec735f9333f4fa47ebb9605ca\"},\"headline\":\"Trump, &#8220;istedikleri zaman&#8221; \u0130ran&#8217;a yeniden sald\u0131rmaya haz\u0131r olduklar\u0131n\u0131 s\u00f6yledi\",\"datePublished\":\"2026-09-02T20:34:05+00:00\",\"mainEntityOfPage\":{\"@id\":\"https:\\\/\\\/haberkuzey.com\\\/index.php\\\/2026\\\/09\\\/02\\\/trump-istedikleri-zaman-irana-yeniden-saldirmaya-hazir-olduklarini-soyledi\\\/\"},\"wordCount\":249,\"commentCount\":0,\"image\":{\"@id\":\"https:\\\/\\\/haberkuzey.com\\\/index.php\\\/2026\\\/09\\\/02\\\/trump-istedikleri-zaman-irana-yeniden-saldirmaya-hazir-olduklarini-soyledi\\\/#primaryimage\"},\"thumbnailUrl\":\"https:\\\/\\\/haberkuzey.com\\\/wp-content\\\/uploads\\\/2026\\\/06\\\/iran-2465060.jpg\",\"articleSection\":[\"D\u00fcnya\"],\"inLanguage\":\"tr\",\"potentialAction\":[{\"@type\":\"CommentAction\",\"name\":\"Comment\",\"target\":[\"https:\\\/\\\/haberkuzey.com\\\/index.php\\\/2026\\\/09\\\/02\\\/trump-istedikleri-zaman-irana-yeniden-saldirmaya-hazir-olduklarini-soyledi\\\/#respond\"]}]},{\"@type\":\"WebPage\",\"@id\":\"https:\\\/\\\/haberkuzey.com\\\/index.php\\\/2026\\\/09\\\/02\\\/trump-istedikleri-zaman-irana-yeniden-saldirmaya-hazir-olduklarini-soyledi\\\/\",\"url\":\"https:\\\/\\\/haberkuzey.com\\\/index.php\\\/2026\\\/09\\\/02\\\/trump-istedikleri-zaman-irana-yeniden-saldirmaya-hazir-olduklarini-soyledi\\\/\",\"name\":\"Trump, \\\"istedikleri zaman\\\" \u0130ran'a yeniden sald\u0131rmaya haz\u0131r olduklar\u0131n\u0131 s\u00f6yledi - Haber Kuzey\",\"isPartOf\":{\"@id\":\"https:\\\/\\\/haberkuzey.com\\\/#website\"},\"primaryImageOfPage\":{\"@id\":\"https:\\\/\\\/haberkuzey.com\\\/index.php\\\/2026\\\/09\\\/02\\\/trump-istedikleri-zaman-irana-yeniden-saldirmaya-hazir-olduklarini-soyledi\\\/#primaryimage\"},\"image\":{\"@id\":\"https:\\\/\\\/haberkuzey.com\\\/index.php\\\/2026\\\/09\\\/02\\\/trump-istedikleri-zaman-irana-yeniden-saldirmaya-hazir-olduklarini-soyledi\\\/#primaryimage\"},\"thumbnailUrl\":\"https:\\\/\\\/haberkuzey.com\\\/wp-content\\\/uploads\\\/2026\\\/06\\\/iran-2465060.jpg\",\"datePublished\":\"2026-09-02T20:34:05+00:00\",\"author\":{\"@id\":\"https:\\\/\\\/haberkuzey.com\\\/#\\\/schema\\\/person\\\/3372109ec735f9333f4fa47ebb9605ca\"},\"breadcrumb\":{\"@id\":\"https:\\\/\\\/haberkuzey.com\\\/index.php\\\/2026\\\/09\\\/02\\\/trump-istedikleri-zaman-irana-yeniden-saldirmaya-hazir-olduklarini-soyledi\\\/#breadcrumb\"},\"inLanguage\":\"tr\",\"potentialAction\":[{\"@type\":\"ReadAction\",\"target\":[\"https:\\\/\\\/haberkuzey.com\\\/index.php\\\/2026\\\/09\\\/02\\\/trump-istedikleri-zaman-irana-yeniden-saldirmaya-hazir-olduklarini-soyledi\\\/\"]}]},{\"@type\":\"ImageObject\",\"inLanguage\":\"tr\",\"@id\":\"https:\\\/\\\/haberkuzey.com\\\/index.php\\\/2026\\\/09\\\/02\\\/trump-istedikleri-zaman-irana-yeniden-saldirmaya-hazir-olduklarini-soyledi\\\/#primaryimage\",\"url\":\"https:\\\/\\\/haberkuzey.com\\\/wp-content\\\/uploads\\\/2026\\\/06\\\/iran-2465060.jpg\",\"contentUrl\":\"https:\\\/\\\/haberkuzey.com\\\/wp-content\\\/uploads\\\/2026\\\/06\\\/iran-2465060.jpg\",\"width\":1280,\"height\":720},{\"@type\":\"BreadcrumbList\",\"@id\":\"https:\\\/\\\/haberkuzey.com\\\/index.php\\\/2026\\\/09\\\/02\\\/trump-istedikleri-zaman-irana-yeniden-saldirmaya-hazir-olduklarini-soyledi\\\/#breadcrumb\",\"itemListElement\":[{\"@type\":\"ListItem\",\"position\":1,\"name\":\"Anasayfa\",\"item\":\"https:\\\/\\\/haberkuzey.com\\\/\"},{\"@type\":\"ListItem\",\"position\":2,\"name\":\"Trump, &#8220;istedikleri zaman&#8221; \u0130ran&#8217;a yeniden sald\u0131rmaya haz\u0131r olduklar\u0131n\u0131 s\u00f6yledi\"}]},{\"@type\":\"WebSite\",\"@id\":\"https:\\\/\\\/haberkuzey.com\\\/#website\",\"url\":\"https:\\\/\\\/haberkuzey.com\\\/\",\"name\":\"Haber Kuzey\",\"description\":\"Do\u011fru Haberin Adresi\",\"potentialAction\":[{\"@type\":\"SearchAction\",\"target\":{\"@type\":\"EntryPoint\",\"urlTemplate\":\"https:\\\/\\\/haberkuzey.com\\\/?s={search_term_string}\"},\"query-input\":{\"@type\":\"PropertyValueSpecification\",\"valueRequired\":true,\"valueName\":\"search_term_string\"}}],\"inLanguage\":\"tr\"},{\"@type\":\"Person\",\"@id\":\"https:\\\/\\\/haberkuzey.com\\\/#\\\/schema\\\/person\\\/3372109ec735f9333f4fa47ebb9605ca\",\"name\":\"haberkuzey\",\"image\":{\"@type\":\"ImageObject\",\"inLanguage\":\"tr\",\"@id\":\"https:\\\/\\\/secure.gravatar.com\\\/avatar\\\/f5fc875574b1575324358c3b9e6a32b8227aa5b74f3fa22e3cadb63e26fcc39c?s=96&d=mm&r=g\",\"url\":\"https:\\\/\\\/secure.gravatar.com\\\/avatar\\\/f5fc875574b1575324358c3b9e6a32b8227aa5b74f3fa22e3cadb63e26fcc39c?s=96&d=mm&r=g\",\"contentUrl\":\"https:\\\/\\\/secure.gravatar.com\\\/avatar\\\/f5fc875574b1575324358c3b9e6a32b8227aa5b74f3fa22e3cadb63e26fcc39c?s=96&d=mm&r=g\",\"caption\":\"haberkuzey\"},\"sameAs\":[\"https:\\\/\\\/haberkuzey.com\"],\"url\":\"https:\\\/\\\/haberkuzey.com\\\/index.php\\\/author\\\/haberkuzey\\\/\"}]}<\/script>\n<!-- \/ Yoast SEO plugin. -->","yoast_head_json":{"title":"Trump, \"istedikleri zaman\" \u0130ran'a yeniden sald\u0131rmaya haz\u0131r olduklar\u0131n\u0131 s\u00f6yledi - Haber Kuzey","robots":{"index":"index","follow":"follow","max-snippet":"max-snippet:-1","max-image-preview":"max-image-preview:large","max-video-preview":"max-video-preview:-1"},"canonical":"https:\/\/haberkuzey.com\/index.php\/2026\/09\/02\/trump-istedikleri-zaman-irana-yeniden-saldirmaya-hazir-olduklarini-soyledi\/","og_locale":"tr_TR","og_type":"article","og_title":"Trump, \"istedikleri zaman\" \u0130ran'a yeniden sald\u0131rmaya haz\u0131r olduklar\u0131n\u0131 s\u00f6yledi - Haber Kuzey","og_description":"&#13; ABD Ba\u015fkan\u0131 Trump, Oval Ofis&#8217;te bas\u0131n mensuplar\u0131n\u0131n \u0130ran g\u00fcndemine ili\u015fkin sorular\u0131n\u0131 yan\u0131tlad\u0131. &#13; Trump, \u0130ran&#8217;a y\u00f6nelik son &#8220;tehditlerini&#8221; yineleyerek, \u0130ran&#8217;a &#8220;istedikleri zaman&#8221; yeniden sald\u0131rmaya haz\u0131r olduklar\u0131n\u0131 ifade etti. &#13; D\u00fcn ABD ordusunun H\u00fcrm\u00fcz Bo\u011faz\u0131 b\u00f6lgesindeki \u0130ran hedeflerine y\u00f6nelik sald\u0131r\u0131lar\u0131n\u0131n &#8220;\u00e7ok ba\u015far\u0131l\u0131&#8221; oldu\u011funu savunan Trump, &#8220;D\u00fcn gece onlar\u0131 \u00e7ok sert vurduk. Onlar ise hafif bir [&hellip;]","og_url":"https:\/\/haberkuzey.com\/index.php\/2026\/09\/02\/trump-istedikleri-zaman-irana-yeniden-saldirmaya-hazir-olduklarini-soyledi\/","og_site_name":"Haber Kuzey","article_published_time":"2026-09-02T20:34:05+00:00","og_image":[{"url":"https:\/\/trthaberstatic.cdn.wp.trt.com.tr\/resimler\/2464000\/iran-2465060.jpg","type":"","width":"","height":""}],"author":"haberkuzey","twitter_card":"summary_large_image","twitter_misc":{"Yazan:":"haberkuzey","Tahmini okuma s\u00fcresi":"1 dakika"},"schema":{"@context":"https:\/\/schema.org","@graph":[{"@type":"Article","@id":"https:\/\/haberkuzey.com\/index.php\/2026\/09\/02\/trump-istedikleri-zaman-irana-yeniden-saldirmaya-hazir-olduklarini-soyledi\/#article","isPartOf":{"@id":"https:\/\/haberkuzey.com\/index.php\/2026\/09\/02\/trump-istedikleri-zaman-irana-yeniden-saldirmaya-hazir-olduklarini-soyledi\/"},"author":{"name":"haberkuzey","@id":"https:\/\/haberkuzey.com\/#\/schema\/person\/3372109ec735f9333f4fa47ebb9605ca"},"headline":"Trump, &#8220;istedikleri zaman&#8221; \u0130ran&#8217;a yeniden sald\u0131rmaya haz\u0131r olduklar\u0131n\u0131 s\u00f6yledi","datePublished":"2026-09-02T20:34:05+00:00","mainEntityOfPage":{"@id":"https:\/\/haberkuzey.com\/index.php\/2026\/09\/02\/trump-istedikleri-zaman-irana-yeniden-saldirmaya-hazir-olduklarini-soyledi\/"},"wordCount":249,"commentCount":0,"image":{"@id":"https:\/\/haberkuzey.com\/index.php\/2026\/09\/02\/trump-istedikleri-zaman-irana-yeniden-saldirmaya-hazir-olduklarini-soyledi\/#primaryimage"},"thumbnailUrl":"https:\/\/haberkuzey.com\/wp-content\/uploads\/2026\/06\/iran-2465060.jpg","articleSection":["D\u00fcnya"],"inLanguage":"tr","potentialAction":[{"@type":"CommentAction","name":"Comment","target":["https:\/\/haberkuzey.com\/index.php\/2026\/09\/02\/trump-istedikleri-zaman-irana-yeniden-saldirmaya-hazir-olduklarini-soyledi\/#respond"]}]},{"@type":"WebPage","@id":"https:\/\/haberkuzey.com\/index.php\/2026\/09\/02\/trump-istedikleri-zaman-irana-yeniden-saldirmaya-hazir-olduklarini-soyledi\/","url":"https:\/\/haberkuzey.com\/index.php\/2026\/09\/02\/trump-istedikleri-zaman-irana-yeniden-saldirmaya-hazir-olduklarini-soyledi\/","name":"Trump, \"istedikleri zaman\" \u0130ran'a yeniden sald\u0131rmaya haz\u0131r olduklar\u0131n\u0131 s\u00f6yledi - Haber Kuzey","isPartOf":{"@id":"https:\/\/haberkuzey.com\/#website"},"primaryImageOfPage":{"@id":"https:\/\/haberkuzey.com\/index.php\/2026\/09\/02\/trump-istedikleri-zaman-irana-yeniden-saldirmaya-hazir-olduklarini-soyledi\/#primaryimage"},"image":{"@id":"https:\/\/haberkuzey.com\/index.php\/2026\/09\/02\/trump-istedikleri-zaman-irana-yeniden-saldirmaya-hazir-olduklarini-soyledi\/#primaryimage"},"thumbnailUrl":"https:\/\/haberkuzey.com\/wp-content\/uploads\/2026\/06\/iran-2465060.jpg","datePublished":"2026-09-02T20:34:05+00:00","author":{"@id":"https:\/\/haberkuzey.com\/#\/schema\/person\/3372109ec735f9333f4fa47ebb9605ca"},"breadcrumb":{"@id":"https:\/\/haberkuzey.com\/index.php\/2026\/09\/02\/trump-istedikleri-zaman-irana-yeniden-saldirmaya-hazir-olduklarini-soyledi\/#breadcrumb"},"inLanguage":"tr","potentialAction":[{"@type":"ReadAction","target":["https:\/\/haberkuzey.com\/index.php\/2026\/09\/02\/trump-istedikleri-zaman-irana-yeniden-saldirmaya-hazir-olduklarini-soyledi\/"]}]},{"@type":"ImageObject","inLanguage":"tr","@id":"https:\/\/haberkuzey.com\/index.php\/2026\/09\/02\/trump-istedikleri-zaman-irana-yeniden-saldirmaya-hazir-olduklarini-soyledi\/#primaryimage","url":"https:\/\/haberkuzey.com\/wp-content\/uploads\/2026\/06\/iran-2465060.jpg","contentUrl":"https:\/\/haberkuzey.com\/wp-content\/uploads\/2026\/06\/iran-2465060.jpg","width":1280,"height":720},{"@type":"BreadcrumbList","@id":"https:\/\/haberkuzey.com\/index.php\/2026\/09\/02\/trump-istedikleri-zaman-irana-yeniden-saldirmaya-hazir-olduklarini-soyledi\/#breadcrumb","itemListElement":[{"@type":"ListItem","position":1,"name":"Anasayfa","item":"https:\/\/haberkuzey.com\/"},{"@type":"ListItem","position":2,"name":"Trump, &#8220;istedikleri zaman&#8221; \u0130ran&#8217;a yeniden sald\u0131rmaya haz\u0131r olduklar\u0131n\u0131 s\u00f6yledi"}]},{"@type":"WebSite","@id":"https:\/\/haberkuzey.com\/#website","url":"https:\/\/haberkuzey.com\/","name":"Haber Kuzey","description":"Do\u011fru Haberin Adresi","potentialAction":[{"@type":"SearchAction","target":{"@type":"EntryPoint","urlTemplate":"https:\/\/haberkuzey.com\/?s={search_term_string}"},"query-input":{"@type":"PropertyValueSpecification","valueRequired":true,"valueName":"search_term_string"}}],"inLanguage":"tr"},{"@type":"Person","@id":"https:\/\/haberkuzey.com\/#\/schema\/person\/3372109ec735f9333f4fa47ebb9605ca","name":"haberkuzey","image":{"@type":"ImageObject","inLanguage":"tr","@id":"https:\/\/secure.gravatar.com\/avatar\/f5fc875574b1575324358c3b9e6a32b8227aa5b74f3fa22e3cadb63e26fcc39c?s=96&d=mm&r=g","url":"https:\/\/secure.gravatar.com\/avatar\/f5fc875574b1575324358c3b9e6a32b8227aa5b74f3fa22e3cadb63e26fcc39c?s=96&d=mm&r=g","contentUrl":"https:\/\/secure.gravatar.com\/avatar\/f5fc875574b1575324358c3b9e6a32b8227aa5b74f3fa22e3cadb63e26fcc39c?s=96&d=mm&r=g","caption":"haberkuzey"},"sameAs":["https:\/\/haberkuzey.com"],"url":"https:\/\/haberkuzey.com\/index.php\/author\/haberkuzey\/"}]}},"_links":{"self":[{"href":"https:\/\/haberkuzey.com\/index.php\/wp-json\/wp\/v2\/posts\/46391","targetHints":{"allow":["GET"]}}],"collection":[{"href":"https:\/\/haberkuzey.com\/index.php\/wp-json\/wp\/v2\/posts"}],"about":[{"href":"https:\/\/haberkuzey.com\/index.php\/wp-json\/wp\/v2\/types\/post"}],"author":[{"embeddable":true,"href":"https:\/\/haberkuzey.com\/index.php\/wp-json\/wp\/v2\/users\/1"}],"replies":[{"embeddable":true,"href":"https:\/\/haberkuzey.com\/index.php\/wp-json\/wp\/v2\/comments?post=46391"}],"version-history":[{"count":0,"href":"https:\/\/haberkuzey.com\/index.php\/wp-json\/wp\/v2\/posts\/46391\/revisions"}],"wp:featuredmedia":[{"embeddable":true,"href":"https:\/\/haberkuzey.com\/index.php\/wp-json\/wp\/v2\/media\/40967"}],"wp:attachment":[{"href":"https:\/\/haberkuzey.com\/index.php\/wp-json\/wp\/v2\/media?parent=46391"}],"wp:term":[{"taxonomy":"category","embeddable":true,"href":"https:\/\/haberkuzey.com\/index.php\/wp-json\/wp\/v2\/categories?post=46391"},{"taxonomy":"post_tag","embeddable":true,"href":"https:\/\/haberkuzey.com\/index.php\/wp-json\/wp\/v2\/tags?post=46391"}],"curies":[{"name":"wp","href":"https:\/\/api.w.org\/{rel}","templated":true}]}}