{"id":46378,"date":"2026-09-02T14:25:05","date_gmt":"2026-09-02T11:25:05","guid":{"rendered":"https:\/\/haberkuzey.com\/index.php\/2026\/09\/02\/alman-savunma-uzmani-vad-avrupa-guvenligi-icin-turkiyeye-ihtiyac-var\/"},"modified":"2026-09-02T14:25:05","modified_gmt":"2026-09-02T11:25:05","slug":"alman-savunma-uzmani-vad-avrupa-guvenligi-icin-turkiyeye-ihtiyac-var","status":"publish","type":"post","link":"https:\/\/haberkuzey.com\/index.php\/2026\/09\/02\/alman-savunma-uzmani-vad-avrupa-guvenligi-icin-turkiyeye-ihtiyac-var\/","title":{"rendered":"Alman savunma uzman\u0131 Vad: Avrupa g\u00fcvenli\u011fi i\u00e7in T\u00fcrkiye\u2019ye ihtiya\u00e7 var"},"content":{"rendered":"<div>\n<p>&#13;<br \/>\n\tT\u00fcrkiye\u2019nin hem Ukrayna hem de Rusya ile diyalog kanallar\u0131n\u0131 a\u00e7\u0131k tuttu\u011funu belirten Vad, Ankara\u2019n\u0131n bu dengeli konumu nedeniyle gelecekte yap\u0131labilecek bar\u0131\u015f g\u00f6r\u00fc\u015fmelerinde \u00f6nemli bir rol \u00fcstlenebilece\u011fini s\u00f6yledi.<\/p>\n<h2>&#13;<br \/>\n\t\u201cT\u00fcrkiye bar\u0131\u015f g\u00f6r\u00fc\u015fmelerinde \u00f6nemli rol oynayacak\u201d<\/h2>\n<p>&#13;<br \/>\n\tUkrayna sava\u015f\u0131n\u0131n ba\u015flang\u0131c\u0131nda Rusya ve Ukrayna heyetleri aras\u0131nda \u0130stanbul\u2019da ger\u00e7ekle\u015ftirilen g\u00f6r\u00fc\u015fmeleri hat\u0131rlatan Vad, T\u00fcrkiye\u2019nin \u00e7at\u0131\u015fman\u0131n ilk d\u00f6neminden itibaren yap\u0131c\u0131 bir politika izledi\u011fini ifade etti.<\/p>\n<p>&#13;<br \/>\n\tT\u00fcrkiye\u2019nin bir taraftan Ukrayna\u2019ya asker\u00ee yard\u0131m sa\u011flarken di\u011fer taraftan Moskova ile temaslar\u0131n\u0131 s\u00fcrd\u00fcrd\u00fc\u011f\u00fcne dikkati \u00e7eken Vad, \u015f\u00f6yle konu\u015ftu: &#8220;T\u00fcrkiye bu \u00e7at\u0131\u015fmada \u00e7ok g\u00fc\u00e7l\u00fc bir konumda. Bir yandan Ukrayna\u2019ya modern T\u00fcrk insans\u0131z hava ara\u00e7lar\u0131 gibi asker\u00ee ara\u00e7lar ihra\u00e7 ediyor, di\u011fer yandan Moskova ile diyalog kanallar\u0131n\u0131 a\u00e7\u0131k tutuyor. T\u00fcrkiye\u2019nin gelecekteki bar\u0131\u015f g\u00f6r\u00fc\u015fmelerinde \u00e7ok \u00f6nemli bir rol oynayaca\u011f\u0131ndan eminim.\u201d<\/p>\n<p>&#13;<br \/>\n\tABD\u2019nin Ukrayna sava\u015f\u0131na ili\u015fkin izleyece\u011fi politikan\u0131n bundan sonraki s\u00fcre\u00e7te belirleyici olabilece\u011fini dile getiren Vad, Washington ile Moskova aras\u0131ndaki temaslar\u0131n yeniden m\u00fczakere zemini olu\u015fturabilece\u011fini s\u00f6yledi.<\/p>\n<p><\/p>\n<h2>&#13;<br \/>\n\t\u201cT\u00fcrkiye, NATO i\u00e7in son derece \u00f6nemli\u201d<\/h2>\n<p>&#13;<br \/>\n\tT\u00fcrkiye\u2019nin NATO\u2019nun ikinci b\u00fcy\u00fck ordusuna sahip oldu\u011funa ve Karadeniz\u2019e ge\u00e7i\u015fi kontrol etti\u011fine dikkati \u00e7eken Vad, Ankara\u2019n\u0131n ittifak a\u00e7\u0131s\u0131ndan stratejik \u00f6neminin son y\u0131llarda daha da artt\u0131\u011f\u0131n\u0131 vurgulad\u0131.<\/p>\n<p>&#13;<br \/>\n\tT\u00fcrkiye\u2019nin Rusya, Orta Asya ve Orta Do\u011fu aras\u0131ndaki jeopolitik konumunun Bat\u0131 a\u00e7\u0131s\u0131ndan vazge\u00e7ilmez oldu\u011funu belirten Vad, \u015funlar\u0131 s\u00f6yledi: \u201cT\u00fcrkiye, NATO a\u00e7\u0131s\u0131ndan son derece \u00f6nemli bir stratejik konuma sahip. Bu ger\u00e7ek g\u00f6rmezden gelinemez. T\u00fcrkiye, NATO\u2019nun en g\u00fc\u00e7l\u00fc ikinci ordusuna sahip. Jeopolitik a\u00e7\u0131dan Rusya, Orta Asya ve Orta Do\u011fu bak\u0131m\u0131ndan Bat\u0131\u2019n\u0131n \u00e7ok \u00f6nemli bir k\u00f6pr\u00fcba\u015f\u0131d\u0131r.\u201d<\/p>\n<p>&#13;<br \/>\n\tOrta Asya\u2019da Rusya ile \u00c7in aras\u0131nda ya\u015fanan n\u00fcfuz m\u00fccadelesine de i\u015faret eden Vad, T\u00fcrkiye\u2019nin \u0130pek Yolu g\u00fczerg\u00e2h\u0131 ve T\u00fcrk devletleriyle geli\u015ftirdi\u011fi ili\u015fkiler sayesinde bu b\u00f6lgede giderek daha \u00f6nemli bir akt\u00f6r h\u00e2line geldi\u011fini s\u00f6yledi.<\/p>\n<h2>&#13;<br \/>\n\t\u201cT\u00fcrkiye\u2019nin stratejik \u00f6nemi Almanya\u2019da k\u00fc\u00e7\u00fcmseniyor\u201d<\/h2>\n<p>&#13;<br \/>\n\tT\u00fcrkiye\u2019nin d\u0131\u015f politika ve g\u00fcvenlik alan\u0131ndaki \u00f6neminin Alman kamuoyunda yeterince anla\u015f\u0131lmad\u0131\u011f\u0131n\u0131 savunan Vad, \u201cT\u00fcrkiye\u2019nin d\u0131\u015f politika ve jeostrateji bak\u0131m\u0131ndan \u00f6nemi \u00e7ok b\u00fcy\u00fck. Bu durum Alman kamuoyunda fazlas\u0131yla k\u00fc\u00e7\u00fcmseniyor. Stratejik meseleler, Almanya ile T\u00fcrkiye aras\u0131ndaki ili\u015fkiler a\u00e7\u0131s\u0131ndan son derece \u00f6nemlidir\u201d diye konu\u015ftu.<\/p>\n<h2>&#13;<br \/>\n\tAvrupa\u2019ya T\u00fcrkiye ile yak\u0131n i\u015f birli\u011fi \u00e7a\u011fr\u0131s\u0131<\/h2>\n<p>&#13;<br \/>\n\tABD\u2019nin k\u00fcresel g\u00fcvenlik politikas\u0131ndaki \u00f6nceliklerini Hint-Pasifik b\u00f6lgesine kayd\u0131rd\u0131\u011f\u0131n\u0131 belirten Vad, Avrupa \u00fclkelerinin bundan sonraki d\u00f6nemde kendi g\u00fcvenlikleri i\u00e7in daha fazla sorumluluk \u00fcstlenmek zorunda kalaca\u011f\u0131n\u0131 s\u00f6yledi.<\/p>\n<p>&#13;<br \/>\n\tNATO i\u00e7inde bir \u201cAvrupal\u0131la\u015fma\u201d s\u00fcrecinin ya\u015fanabilece\u011fine dikkati \u00e7eken Vad, b\u00f6yle bir senaryoda T\u00fcrkiye\u2019nin Avrupa g\u00fcvenli\u011findeki rol\u00fcn\u00fcn daha da artaca\u011f\u0131n\u0131 ifade etti.<\/p>\n<p>&#13;<br \/>\n\t\u201cAvrupa stratejik a\u00e7\u0131dan daha \u00f6zerk olmaya karar verirse T\u00fcrkiye ile yak\u0131n i\u015f birli\u011fi yapmak zorunda kalacakt\u0131r\u201d diyen Vad, T\u00fcrkiye\u2019nin de Avrupa ile birlikte b\u00f6lgesel g\u00fcvenli\u011fin \u015fekillendirilmesine katk\u0131 sa\u011flayabilece\u011fini belirtti.<\/p>\n<h2>&#13;<br \/>\n\t\u201cT\u00fcrkiye, Avrupa i\u00e7in en az Ukrayna kadar \u00f6nemli\u201d<\/h2>\n<p>&#13;<br \/>\n\tAvrupa Birli\u011fi\u2019nin T\u00fcrkiye\u2019ye kar\u015f\u0131 daha a\u00e7\u0131k ve ger\u00e7ek\u00e7i bir politika izlemesi gerekti\u011fini belirten Vad, T\u00fcrkiye\u2019nin Avrupa a\u00e7\u0131s\u0131ndan ta\u015f\u0131d\u0131\u011f\u0131 \u00f6nemin Ukrayna ile k\u0131yasland\u0131\u011f\u0131nda g\u00f6z ard\u0131 edilemeyece\u011fini s\u00f6yledi.<\/p>\n<p>&#13;<br \/>\n\tVad, buna kar\u015f\u0131n Ukrayna\u2019n\u0131n \u00fcyeli\u011fi konusunda sergilenen yakla\u015f\u0131m\u0131n T\u00fcrkiye\u2019ye y\u00f6nelik politikayla kar\u015f\u0131la\u015ft\u0131r\u0131lmas\u0131 gerekti\u011fini ifade etti.<\/p>\n<p>&#13;<br \/>\n\tVad, \u201cT\u00fcrkiye, Avrupa a\u00e7\u0131s\u0131ndan en az Ukrayna kadar \u00f6nemli, hatta belki Ukrayna\u2019dan daha \u00f6nemli bir ortakt\u0131r. G\u00fcvenlik politikas\u0131 alan\u0131 da d\u00e2hil olmak \u00fczere T\u00fcrkiye ile yak\u0131n bir i\u015f birli\u011fi kurulmal\u0131d\u0131r\u201d dedi.<\/p>\n<h2>&#13;<br \/>\n\tAlmanya-ABD ili\u015fkileri \u201cideal d\u00fczeyin alt\u0131nda\u201d<\/h2>\n<p>&#13;<br \/>\n\tVad, Almanya ile ABD aras\u0131ndaki ili\u015fkilerin de mevcut durumda olmas\u0131 gereken seviyede bulunmad\u0131\u011f\u0131n\u0131 s\u00f6yledi.<\/p>\n<p>&#13;<br \/>\n\tBerlin\u2019in hem Washington hem de Moskova ile sa\u011fl\u0131kl\u0131 ileti\u015fim kanallar\u0131na ihtiya\u00e7 duydu\u011funu belirten Vad, Almanya\u2019n\u0131n Rusya ile diyalo\u011fu tamamen kesmesini ele\u015ftirdi.<\/p>\n<p>&#13;<br \/>\n\tABD ve Rusya\u2019n\u0131n istihbarat te\u015fkilatlar\u0131 ile asker\u00ee makamlar\u0131 aras\u0131nda ileti\u015fimin s\u00fcrd\u00fc\u011f\u00fcn\u00fc hat\u0131rlatan Vad, Avrupa \u00fclkelerinin Moskova ile konu\u015fmay\u0131 reddetmesinin do\u011fru bir yakla\u015f\u0131m olmad\u0131\u011f\u0131n\u0131 savundu.<\/p>\n<p>&#13;<br \/>\n\tUkrayna sava\u015f\u0131n\u0131n asker\u00ee y\u00f6ntemlerle sona erdirilemeyece\u011fini belirten Vad, \u201cEr ya da ge\u00e7 m\u00fczakere etmek zorunda kalaca\u011f\u0131z. Aksi h\u00e2lde gerilimi daha da t\u0131rmand\u0131r\u0131r ve sonunda Avrupa\u2019da daha b\u00fcy\u00fck bir sava\u015fa s\u00fcr\u00fckleniriz\u201d ifadelerini kulland\u0131.<\/p>\n<h2>&#13;<br \/>\n\t\u201cT\u00fcrkiye\u2019nin dengeli politikas\u0131ndan ders \u00e7\u0131kar\u0131lmal\u0131\u201d<\/h2>\n<p>&#13;<br \/>\n\tT\u00fcrkiye\u2019nin Ukrayna ve Rusya ile ileti\u015fimini s\u00fcrd\u00fcrmesini do\u011fru buldu\u011funu belirten Vad, Almanya\u2019n\u0131n da benzer \u015fekilde daha dengeli bir politika izleyebilece\u011fini s\u00f6yledi.<\/p>\n<p>&#13;<br \/>\n\tYapt\u0131r\u0131mlar ve asker\u00ee bask\u0131 yoluyla Rusya\u2019n\u0131n politika de\u011fi\u015ftirmeye zorlanmas\u0131n\u0131n beklenen sonucu vermedi\u011fini savunan Vad, ileti\u015fim kanallar\u0131n\u0131n kapat\u0131lmas\u0131n\u0131n gerilimi daha da art\u0131rabilece\u011fi uyar\u0131s\u0131nda bulundu.<\/p>\n<p>&#13;<br \/>\n\tAnkara ile Moskova aras\u0131ndaki temaslar\u0131n Avrupa g\u00fcvenli\u011fi a\u00e7\u0131s\u0131ndan da kullan\u0131labilece\u011fini s\u00f6yleyen Vad, T\u00fcrkiye\u2019nin olas\u0131 bir t\u0131rmanman\u0131n \u00f6nlenmesine katk\u0131 sa\u011flayabilecek \u00fclkelerden biri oldu\u011funu ifade etti.<\/p>\n<h2>&#13;<br \/>\n\tT\u00fcrk d\u0131\u015f politikas\u0131na \u00f6vg\u00fc<\/h2>\n<p>&#13;<br \/>\n\tT\u00fcrk d\u0131\u015f politikas\u0131n\u0131n ulusal \u00e7\u0131karlar do\u011frultusunda \u015fekillendirildi\u011fini belirten Vad, bu yakla\u015f\u0131m\u0131n ger\u00e7ek\u00e7i ve ak\u0131lc\u0131 oldu\u011funu s\u00f6yledi.<\/p>\n<p>&#13;<br \/>\n\tAlman d\u0131\u015f politikas\u0131n\u0131n ise daha ger\u00e7ek\u00e7i bir \u00e7izgiye ihtiya\u00e7 duydu\u011funu savunan Vad, Berlin\u2019in yaln\u0131zca ba\u015fka \u00fclkelerin beklentilerine g\u00f6re de\u011fil, Almanya ve Avrupa\u2019n\u0131n \u00e7\u0131karlar\u0131n\u0131 merkeze alarak hareket etmesi gerekti\u011fini dile getirdi. Vad, \u201cT\u00fcrk d\u0131\u015f politikas\u0131 pragmatik ve reel politikaya dayal\u0131d\u0131r. Almanya bu konuda T\u00fcrkiye\u2019den \u00e7ok \u015fey \u00f6\u011frenebilir\u201d de\u011ferlendirmesinde bulundu.<\/p>\n<p>&#13;<br \/>\n\tRusya ile konu\u015fman\u0131n ahlaki bir sorun gibi g\u00f6sterilmesini ele\u015ftiren Vad, uluslararas\u0131 ili\u015fkilerde sonu\u00e7 al\u0131nabilmesi i\u00e7in farkl\u0131 taraflarla diyalog kurulmas\u0131n\u0131n zorunlu oldu\u011funu s\u00f6yledi.<\/p>\n<h2>&#13;<br \/>\n\t\u201cT\u00fcrk savunma sanayii Avrupa\u2019ya \u00f6rnek\u201d<\/h2>\n<p>&#13;<br \/>\n\tT\u00fcrkiye\u2019nin son y\u0131llarda savunma sanayiinde g\u00f6sterdi\u011fi ilerlemeyi de de\u011ferlendiren Vad, T\u00fcrk savunma sanayiinin ula\u015ft\u0131\u011f\u0131 seviyenin Avrupa i\u00e7in \u00f6rnek olu\u015fturdu\u011funu ifade etti.<\/p>\n<p>&#13;<br \/>\n\tT\u00fcrkiye\u2019nin modern silah sistemleri geli\u015ftirdi\u011fini, d\u00fcnyan\u0131n farkl\u0131 b\u00f6lgelerinde savunma ortakl\u0131klar\u0131 kurdu\u011funu ve yeni nesil sava\u015f u\u00e7a\u011f\u0131 projesini ilerletti\u011fini belirten Vad, \u015funlar\u0131 kaydetti: \u201cT\u00fcrkiye, savunma sanayii alan\u0131nda Avrupa i\u00e7in \u00f6rnek te\u015fkil ediyor. En modern silah sistemlerine sahip. D\u00fcnyan\u0131n her yerinde i\u015f birli\u011fi ortaklar\u0131 var ve geli\u015ftirip \u00fcretti\u011fi teknolojiler son derece ileri d\u00fczeyde. Almanya\u2019n\u0131n bu seviyenin \u00e7ok gerisinde oldu\u011funu s\u00f6ylemeliyim.\u201d<\/p>\n<p>&#13;<br \/>\n\tVad, Almanya\u2019n\u0131n Avrupa\u2019n\u0131n en g\u00fc\u00e7l\u00fc ordusunu kurma hedefinin ger\u00e7ekle\u015ftirilebilmesi i\u00e7in Berlin y\u00f6netiminin savunma sanayii ve asker\u00ee kapasite alan\u0131nda daha fazla \u00e7al\u0131\u015fma yapmas\u0131 gerekti\u011fini s\u00f6zlerine ekledi.<\/p>\n<\/p><\/div>\n","protected":false},"excerpt":{"rendered":"<p>&#13; T\u00fcrkiye\u2019nin hem Ukrayna hem de Rusya ile diyalog kanallar\u0131n\u0131 a\u00e7\u0131k tuttu\u011funu belirten Vad, Ankara\u2019n\u0131n bu dengeli konumu nedeniyle gelecekte yap\u0131labilecek bar\u0131\u015f g\u00f6r\u00fc\u015fmelerinde \u00f6nemli bir rol \u00fcstlenebilece\u011fini s\u00f6yledi. &#13; \u201cT\u00fcrkiye bar\u0131\u015f g\u00f6r\u00fc\u015fmelerinde \u00f6nemli rol oynayacak\u201d &#13; Ukrayna sava\u015f\u0131n\u0131n ba\u015flang\u0131c\u0131nda Rusya ve Ukrayna heyetleri aras\u0131nda \u0130stanbul\u2019da ger\u00e7ekle\u015ftirilen g\u00f6r\u00fc\u015fmeleri hat\u0131rlatan Vad, T\u00fcrkiye\u2019nin \u00e7at\u0131\u015fman\u0131n ilk d\u00f6neminden itibaren yap\u0131c\u0131 [&hellip;]<\/p>\n","protected":false},"author":1,"featured_media":46379,"comment_status":"open","ping_status":"open","sticky":false,"template":"","format":"standard","meta":{"jnews-multi-image_gallery":[],"jnews_single_post":[],"jnews_primary_category":[],"footnotes":""},"categories":[2],"tags":[],"class_list":["post-46378","post","type-post","status-publish","format-standard","has-post-thumbnail","hentry","category-dunya"],"yoast_head":"<!-- This site is optimized with the Yoast SEO plugin v28.4 - https:\/\/yoast.com\/product\/yoast-seo-wordpress\/ -->\n<title>Alman savunma uzman\u0131 Vad: Avrupa g\u00fcvenli\u011fi i\u00e7in T\u00fcrkiye\u2019ye ihtiya\u00e7 var - Haber Kuzey<\/title>\n<meta name=\"robots\" content=\"index, follow, max-snippet:-1, max-image-preview:large, max-video-preview:-1\" \/>\n<link rel=\"canonical\" href=\"https:\/\/haberkuzey.com\/index.php\/2026\/09\/02\/alman-savunma-uzmani-vad-avrupa-guvenligi-icin-turkiyeye-ihtiyac-var\/\" \/>\n<meta property=\"og:locale\" content=\"tr_TR\" \/>\n<meta property=\"og:type\" content=\"article\" \/>\n<meta property=\"og:title\" content=\"Alman savunma uzman\u0131 Vad: Avrupa g\u00fcvenli\u011fi i\u00e7in T\u00fcrkiye\u2019ye ihtiya\u00e7 var - Haber Kuzey\" \/>\n<meta property=\"og:description\" content=\"&#013; T\u00fcrkiye\u2019nin hem Ukrayna hem de Rusya ile diyalog kanallar\u0131n\u0131 a\u00e7\u0131k tuttu\u011funu belirten Vad, Ankara\u2019n\u0131n bu dengeli konumu nedeniyle gelecekte yap\u0131labilecek bar\u0131\u015f g\u00f6r\u00fc\u015fmelerinde \u00f6nemli bir rol \u00fcstlenebilece\u011fini s\u00f6yledi. &#013; \u201cT\u00fcrkiye bar\u0131\u015f g\u00f6r\u00fc\u015fmelerinde \u00f6nemli rol oynayacak\u201d &#013; Ukrayna sava\u015f\u0131n\u0131n ba\u015flang\u0131c\u0131nda Rusya ve Ukrayna heyetleri aras\u0131nda \u0130stanbul\u2019da ger\u00e7ekle\u015ftirilen g\u00f6r\u00fc\u015fmeleri hat\u0131rlatan Vad, T\u00fcrkiye\u2019nin \u00e7at\u0131\u015fman\u0131n ilk d\u00f6neminden itibaren yap\u0131c\u0131 [&hellip;]\" \/>\n<meta property=\"og:url\" content=\"https:\/\/haberkuzey.com\/index.php\/2026\/09\/02\/alman-savunma-uzmani-vad-avrupa-guvenligi-icin-turkiyeye-ihtiyac-var\/\" \/>\n<meta property=\"og:site_name\" content=\"Haber Kuzey\" \/>\n<meta property=\"article:published_time\" content=\"2026-09-02T11:25:05+00:00\" \/>\n<meta name=\"author\" content=\"haberkuzey\" \/>\n<meta name=\"twitter:card\" content=\"summary_large_image\" \/>\n<meta name=\"twitter:label1\" content=\"Yazan:\" \/>\n\t<meta name=\"twitter:data1\" content=\"haberkuzey\" \/>\n\t<meta name=\"twitter:label2\" content=\"Tahmini okuma s\u00fcresi\" \/>\n\t<meta name=\"twitter:data2\" content=\"6 dakika\" \/>\n<script type=\"application\/ld+json\" class=\"yoast-schema-graph\">{\"@context\":\"https:\\\/\\\/schema.org\",\"@graph\":[{\"@type\":\"Article\",\"@id\":\"https:\\\/\\\/haberkuzey.com\\\/index.php\\\/2026\\\/09\\\/02\\\/alman-savunma-uzmani-vad-avrupa-guvenligi-icin-turkiyeye-ihtiyac-var\\\/#article\",\"isPartOf\":{\"@id\":\"https:\\\/\\\/haberkuzey.com\\\/index.php\\\/2026\\\/09\\\/02\\\/alman-savunma-uzmani-vad-avrupa-guvenligi-icin-turkiyeye-ihtiyac-var\\\/\"},\"author\":{\"name\":\"haberkuzey\",\"@id\":\"https:\\\/\\\/haberkuzey.com\\\/#\\\/schema\\\/person\\\/3372109ec735f9333f4fa47ebb9605ca\"},\"headline\":\"Alman savunma uzman\u0131 Vad: Avrupa g\u00fcvenli\u011fi i\u00e7in T\u00fcrkiye\u2019ye ihtiya\u00e7 var\",\"datePublished\":\"2026-09-02T11:25:05+00:00\",\"mainEntityOfPage\":{\"@id\":\"https:\\\/\\\/haberkuzey.com\\\/index.php\\\/2026\\\/09\\\/02\\\/alman-savunma-uzmani-vad-avrupa-guvenligi-icin-turkiyeye-ihtiyac-var\\\/\"},\"wordCount\":1289,\"commentCount\":0,\"image\":{\"@id\":\"https:\\\/\\\/haberkuzey.com\\\/index.php\\\/2026\\\/09\\\/02\\\/alman-savunma-uzmani-vad-avrupa-guvenligi-icin-turkiyeye-ihtiyac-var\\\/#primaryimage\"},\"thumbnailUrl\":\"https:\\\/\\\/haberkuzey.com\\\/wp-content\\\/uploads\\\/2026\\\/09\\\/vad-trthbr-2486455.jpg\",\"articleSection\":[\"D\u00fcnya\"],\"inLanguage\":\"tr\",\"potentialAction\":[{\"@type\":\"CommentAction\",\"name\":\"Comment\",\"target\":[\"https:\\\/\\\/haberkuzey.com\\\/index.php\\\/2026\\\/09\\\/02\\\/alman-savunma-uzmani-vad-avrupa-guvenligi-icin-turkiyeye-ihtiyac-var\\\/#respond\"]}]},{\"@type\":\"WebPage\",\"@id\":\"https:\\\/\\\/haberkuzey.com\\\/index.php\\\/2026\\\/09\\\/02\\\/alman-savunma-uzmani-vad-avrupa-guvenligi-icin-turkiyeye-ihtiyac-var\\\/\",\"url\":\"https:\\\/\\\/haberkuzey.com\\\/index.php\\\/2026\\\/09\\\/02\\\/alman-savunma-uzmani-vad-avrupa-guvenligi-icin-turkiyeye-ihtiyac-var\\\/\",\"name\":\"Alman savunma uzman\u0131 Vad: Avrupa g\u00fcvenli\u011fi i\u00e7in T\u00fcrkiye\u2019ye ihtiya\u00e7 var - Haber Kuzey\",\"isPartOf\":{\"@id\":\"https:\\\/\\\/haberkuzey.com\\\/#website\"},\"primaryImageOfPage\":{\"@id\":\"https:\\\/\\\/haberkuzey.com\\\/index.php\\\/2026\\\/09\\\/02\\\/alman-savunma-uzmani-vad-avrupa-guvenligi-icin-turkiyeye-ihtiyac-var\\\/#primaryimage\"},\"image\":{\"@id\":\"https:\\\/\\\/haberkuzey.com\\\/index.php\\\/2026\\\/09\\\/02\\\/alman-savunma-uzmani-vad-avrupa-guvenligi-icin-turkiyeye-ihtiyac-var\\\/#primaryimage\"},\"thumbnailUrl\":\"https:\\\/\\\/haberkuzey.com\\\/wp-content\\\/uploads\\\/2026\\\/09\\\/vad-trthbr-2486455.jpg\",\"datePublished\":\"2026-09-02T11:25:05+00:00\",\"author\":{\"@id\":\"https:\\\/\\\/haberkuzey.com\\\/#\\\/schema\\\/person\\\/3372109ec735f9333f4fa47ebb9605ca\"},\"breadcrumb\":{\"@id\":\"https:\\\/\\\/haberkuzey.com\\\/index.php\\\/2026\\\/09\\\/02\\\/alman-savunma-uzmani-vad-avrupa-guvenligi-icin-turkiyeye-ihtiyac-var\\\/#breadcrumb\"},\"inLanguage\":\"tr\",\"potentialAction\":[{\"@type\":\"ReadAction\",\"target\":[\"https:\\\/\\\/haberkuzey.com\\\/index.php\\\/2026\\\/09\\\/02\\\/alman-savunma-uzmani-vad-avrupa-guvenligi-icin-turkiyeye-ihtiyac-var\\\/\"]}]},{\"@type\":\"ImageObject\",\"inLanguage\":\"tr\",\"@id\":\"https:\\\/\\\/haberkuzey.com\\\/index.php\\\/2026\\\/09\\\/02\\\/alman-savunma-uzmani-vad-avrupa-guvenligi-icin-turkiyeye-ihtiyac-var\\\/#primaryimage\",\"url\":\"https:\\\/\\\/haberkuzey.com\\\/wp-content\\\/uploads\\\/2026\\\/09\\\/vad-trthbr-2486455.jpg\",\"contentUrl\":\"https:\\\/\\\/haberkuzey.com\\\/wp-content\\\/uploads\\\/2026\\\/09\\\/vad-trthbr-2486455.jpg\",\"width\":1280,\"height\":720},{\"@type\":\"BreadcrumbList\",\"@id\":\"https:\\\/\\\/haberkuzey.com\\\/index.php\\\/2026\\\/09\\\/02\\\/alman-savunma-uzmani-vad-avrupa-guvenligi-icin-turkiyeye-ihtiyac-var\\\/#breadcrumb\",\"itemListElement\":[{\"@type\":\"ListItem\",\"position\":1,\"name\":\"Anasayfa\",\"item\":\"https:\\\/\\\/haberkuzey.com\\\/\"},{\"@type\":\"ListItem\",\"position\":2,\"name\":\"Alman savunma uzman\u0131 Vad: Avrupa g\u00fcvenli\u011fi i\u00e7in T\u00fcrkiye\u2019ye ihtiya\u00e7 var\"}]},{\"@type\":\"WebSite\",\"@id\":\"https:\\\/\\\/haberkuzey.com\\\/#website\",\"url\":\"https:\\\/\\\/haberkuzey.com\\\/\",\"name\":\"Haber Kuzey\",\"description\":\"Do\u011fru Haberin Adresi\",\"potentialAction\":[{\"@type\":\"SearchAction\",\"target\":{\"@type\":\"EntryPoint\",\"urlTemplate\":\"https:\\\/\\\/haberkuzey.com\\\/?s={search_term_string}\"},\"query-input\":{\"@type\":\"PropertyValueSpecification\",\"valueRequired\":true,\"valueName\":\"search_term_string\"}}],\"inLanguage\":\"tr\"},{\"@type\":\"Person\",\"@id\":\"https:\\\/\\\/haberkuzey.com\\\/#\\\/schema\\\/person\\\/3372109ec735f9333f4fa47ebb9605ca\",\"name\":\"haberkuzey\",\"image\":{\"@type\":\"ImageObject\",\"inLanguage\":\"tr\",\"@id\":\"https:\\\/\\\/secure.gravatar.com\\\/avatar\\\/f5fc875574b1575324358c3b9e6a32b8227aa5b74f3fa22e3cadb63e26fcc39c?s=96&d=mm&r=g\",\"url\":\"https:\\\/\\\/secure.gravatar.com\\\/avatar\\\/f5fc875574b1575324358c3b9e6a32b8227aa5b74f3fa22e3cadb63e26fcc39c?s=96&d=mm&r=g\",\"contentUrl\":\"https:\\\/\\\/secure.gravatar.com\\\/avatar\\\/f5fc875574b1575324358c3b9e6a32b8227aa5b74f3fa22e3cadb63e26fcc39c?s=96&d=mm&r=g\",\"caption\":\"haberkuzey\"},\"sameAs\":[\"https:\\\/\\\/haberkuzey.com\"],\"url\":\"https:\\\/\\\/haberkuzey.com\\\/index.php\\\/author\\\/haberkuzey\\\/\"}]}<\/script>\n<!-- \/ Yoast SEO plugin. -->","yoast_head_json":{"title":"Alman savunma uzman\u0131 Vad: Avrupa g\u00fcvenli\u011fi i\u00e7in T\u00fcrkiye\u2019ye ihtiya\u00e7 var - Haber Kuzey","robots":{"index":"index","follow":"follow","max-snippet":"max-snippet:-1","max-image-preview":"max-image-preview:large","max-video-preview":"max-video-preview:-1"},"canonical":"https:\/\/haberkuzey.com\/index.php\/2026\/09\/02\/alman-savunma-uzmani-vad-avrupa-guvenligi-icin-turkiyeye-ihtiyac-var\/","og_locale":"tr_TR","og_type":"article","og_title":"Alman savunma uzman\u0131 Vad: Avrupa g\u00fcvenli\u011fi i\u00e7in T\u00fcrkiye\u2019ye ihtiya\u00e7 var - Haber Kuzey","og_description":"&#13; T\u00fcrkiye\u2019nin hem Ukrayna hem de Rusya ile diyalog kanallar\u0131n\u0131 a\u00e7\u0131k tuttu\u011funu belirten Vad, Ankara\u2019n\u0131n bu dengeli konumu nedeniyle gelecekte yap\u0131labilecek bar\u0131\u015f g\u00f6r\u00fc\u015fmelerinde \u00f6nemli bir rol \u00fcstlenebilece\u011fini s\u00f6yledi. &#13; \u201cT\u00fcrkiye bar\u0131\u015f g\u00f6r\u00fc\u015fmelerinde \u00f6nemli rol oynayacak\u201d &#13; Ukrayna sava\u015f\u0131n\u0131n ba\u015flang\u0131c\u0131nda Rusya ve Ukrayna heyetleri aras\u0131nda \u0130stanbul\u2019da ger\u00e7ekle\u015ftirilen g\u00f6r\u00fc\u015fmeleri hat\u0131rlatan Vad, T\u00fcrkiye\u2019nin \u00e7at\u0131\u015fman\u0131n ilk d\u00f6neminden itibaren yap\u0131c\u0131 [&hellip;]","og_url":"https:\/\/haberkuzey.com\/index.php\/2026\/09\/02\/alman-savunma-uzmani-vad-avrupa-guvenligi-icin-turkiyeye-ihtiyac-var\/","og_site_name":"Haber Kuzey","article_published_time":"2026-09-02T11:25:05+00:00","author":"haberkuzey","twitter_card":"summary_large_image","twitter_misc":{"Yazan:":"haberkuzey","Tahmini okuma s\u00fcresi":"6 dakika"},"schema":{"@context":"https:\/\/schema.org","@graph":[{"@type":"Article","@id":"https:\/\/haberkuzey.com\/index.php\/2026\/09\/02\/alman-savunma-uzmani-vad-avrupa-guvenligi-icin-turkiyeye-ihtiyac-var\/#article","isPartOf":{"@id":"https:\/\/haberkuzey.com\/index.php\/2026\/09\/02\/alman-savunma-uzmani-vad-avrupa-guvenligi-icin-turkiyeye-ihtiyac-var\/"},"author":{"name":"haberkuzey","@id":"https:\/\/haberkuzey.com\/#\/schema\/person\/3372109ec735f9333f4fa47ebb9605ca"},"headline":"Alman savunma uzman\u0131 Vad: Avrupa g\u00fcvenli\u011fi i\u00e7in T\u00fcrkiye\u2019ye ihtiya\u00e7 var","datePublished":"2026-09-02T11:25:05+00:00","mainEntityOfPage":{"@id":"https:\/\/haberkuzey.com\/index.php\/2026\/09\/02\/alman-savunma-uzmani-vad-avrupa-guvenligi-icin-turkiyeye-ihtiyac-var\/"},"wordCount":1289,"commentCount":0,"image":{"@id":"https:\/\/haberkuzey.com\/index.php\/2026\/09\/02\/alman-savunma-uzmani-vad-avrupa-guvenligi-icin-turkiyeye-ihtiyac-var\/#primaryimage"},"thumbnailUrl":"https:\/\/haberkuzey.com\/wp-content\/uploads\/2026\/09\/vad-trthbr-2486455.jpg","articleSection":["D\u00fcnya"],"inLanguage":"tr","potentialAction":[{"@type":"CommentAction","name":"Comment","target":["https:\/\/haberkuzey.com\/index.php\/2026\/09\/02\/alman-savunma-uzmani-vad-avrupa-guvenligi-icin-turkiyeye-ihtiyac-var\/#respond"]}]},{"@type":"WebPage","@id":"https:\/\/haberkuzey.com\/index.php\/2026\/09\/02\/alman-savunma-uzmani-vad-avrupa-guvenligi-icin-turkiyeye-ihtiyac-var\/","url":"https:\/\/haberkuzey.com\/index.php\/2026\/09\/02\/alman-savunma-uzmani-vad-avrupa-guvenligi-icin-turkiyeye-ihtiyac-var\/","name":"Alman savunma uzman\u0131 Vad: Avrupa g\u00fcvenli\u011fi i\u00e7in T\u00fcrkiye\u2019ye ihtiya\u00e7 var - Haber Kuzey","isPartOf":{"@id":"https:\/\/haberkuzey.com\/#website"},"primaryImageOfPage":{"@id":"https:\/\/haberkuzey.com\/index.php\/2026\/09\/02\/alman-savunma-uzmani-vad-avrupa-guvenligi-icin-turkiyeye-ihtiyac-var\/#primaryimage"},"image":{"@id":"https:\/\/haberkuzey.com\/index.php\/2026\/09\/02\/alman-savunma-uzmani-vad-avrupa-guvenligi-icin-turkiyeye-ihtiyac-var\/#primaryimage"},"thumbnailUrl":"https:\/\/haberkuzey.com\/wp-content\/uploads\/2026\/09\/vad-trthbr-2486455.jpg","datePublished":"2026-09-02T11:25:05+00:00","author":{"@id":"https:\/\/haberkuzey.com\/#\/schema\/person\/3372109ec735f9333f4fa47ebb9605ca"},"breadcrumb":{"@id":"https:\/\/haberkuzey.com\/index.php\/2026\/09\/02\/alman-savunma-uzmani-vad-avrupa-guvenligi-icin-turkiyeye-ihtiyac-var\/#breadcrumb"},"inLanguage":"tr","potentialAction":[{"@type":"ReadAction","target":["https:\/\/haberkuzey.com\/index.php\/2026\/09\/02\/alman-savunma-uzmani-vad-avrupa-guvenligi-icin-turkiyeye-ihtiyac-var\/"]}]},{"@type":"ImageObject","inLanguage":"tr","@id":"https:\/\/haberkuzey.com\/index.php\/2026\/09\/02\/alman-savunma-uzmani-vad-avrupa-guvenligi-icin-turkiyeye-ihtiyac-var\/#primaryimage","url":"https:\/\/haberkuzey.com\/wp-content\/uploads\/2026\/09\/vad-trthbr-2486455.jpg","contentUrl":"https:\/\/haberkuzey.com\/wp-content\/uploads\/2026\/09\/vad-trthbr-2486455.jpg","width":1280,"height":720},{"@type":"BreadcrumbList","@id":"https:\/\/haberkuzey.com\/index.php\/2026\/09\/02\/alman-savunma-uzmani-vad-avrupa-guvenligi-icin-turkiyeye-ihtiyac-var\/#breadcrumb","itemListElement":[{"@type":"ListItem","position":1,"name":"Anasayfa","item":"https:\/\/haberkuzey.com\/"},{"@type":"ListItem","position":2,"name":"Alman savunma uzman\u0131 Vad: Avrupa g\u00fcvenli\u011fi i\u00e7in T\u00fcrkiye\u2019ye ihtiya\u00e7 var"}]},{"@type":"WebSite","@id":"https:\/\/haberkuzey.com\/#website","url":"https:\/\/haberkuzey.com\/","name":"Haber Kuzey","description":"Do\u011fru Haberin Adresi","potentialAction":[{"@type":"SearchAction","target":{"@type":"EntryPoint","urlTemplate":"https:\/\/haberkuzey.com\/?s={search_term_string}"},"query-input":{"@type":"PropertyValueSpecification","valueRequired":true,"valueName":"search_term_string"}}],"inLanguage":"tr"},{"@type":"Person","@id":"https:\/\/haberkuzey.com\/#\/schema\/person\/3372109ec735f9333f4fa47ebb9605ca","name":"haberkuzey","image":{"@type":"ImageObject","inLanguage":"tr","@id":"https:\/\/secure.gravatar.com\/avatar\/f5fc875574b1575324358c3b9e6a32b8227aa5b74f3fa22e3cadb63e26fcc39c?s=96&d=mm&r=g","url":"https:\/\/secure.gravatar.com\/avatar\/f5fc875574b1575324358c3b9e6a32b8227aa5b74f3fa22e3cadb63e26fcc39c?s=96&d=mm&r=g","contentUrl":"https:\/\/secure.gravatar.com\/avatar\/f5fc875574b1575324358c3b9e6a32b8227aa5b74f3fa22e3cadb63e26fcc39c?s=96&d=mm&r=g","caption":"haberkuzey"},"sameAs":["https:\/\/haberkuzey.com"],"url":"https:\/\/haberkuzey.com\/index.php\/author\/haberkuzey\/"}]}},"_links":{"self":[{"href":"https:\/\/haberkuzey.com\/index.php\/wp-json\/wp\/v2\/posts\/46378","targetHints":{"allow":["GET"]}}],"collection":[{"href":"https:\/\/haberkuzey.com\/index.php\/wp-json\/wp\/v2\/posts"}],"about":[{"href":"https:\/\/haberkuzey.com\/index.php\/wp-json\/wp\/v2\/types\/post"}],"author":[{"embeddable":true,"href":"https:\/\/haberkuzey.com\/index.php\/wp-json\/wp\/v2\/users\/1"}],"replies":[{"embeddable":true,"href":"https:\/\/haberkuzey.com\/index.php\/wp-json\/wp\/v2\/comments?post=46378"}],"version-history":[{"count":0,"href":"https:\/\/haberkuzey.com\/index.php\/wp-json\/wp\/v2\/posts\/46378\/revisions"}],"wp:featuredmedia":[{"embeddable":true,"href":"https:\/\/haberkuzey.com\/index.php\/wp-json\/wp\/v2\/media\/46379"}],"wp:attachment":[{"href":"https:\/\/haberkuzey.com\/index.php\/wp-json\/wp\/v2\/media?parent=46378"}],"wp:term":[{"taxonomy":"category","embeddable":true,"href":"https:\/\/haberkuzey.com\/index.php\/wp-json\/wp\/v2\/categories?post=46378"},{"taxonomy":"post_tag","embeddable":true,"href":"https:\/\/haberkuzey.com\/index.php\/wp-json\/wp\/v2\/tags?post=46378"}],"curies":[{"name":"wp","href":"https:\/\/api.w.org\/{rel}","templated":true}]}}